{"id":17225,"date":"2015-02-24T10:50:13","date_gmt":"2015-02-24T09:50:13","guid":{"rendered":"http:\/\/www.tomajazz.com\/web\/?p=17225"},"modified":"2021-07-18T13:57:41","modified_gmt":"2021-07-18T11:57:41","slug":"ii-ciclo-de-autores-de-flamenco-jazz-off-de-la-latina-madrid-noticias","status":"publish","type":"post","link":"https:\/\/tomajazz.com\/web\/ii-ciclo-de-autores-de-flamenco-jazz-off-de-la-latina-madrid-noticias\/","title":{"rendered":"II Ciclo de Autores de Flamenco Jazz (Off de la Latina, Madrid) [Noticias]"},"content":{"rendered":"<p><center><img loading=\"lazy\" decoding=\"async\" class=\"wp-image-17226 size-full aligncenter\" src=\"http:\/\/www.tomajazz.com\/web\/wp-content\/uploads\/2015\/02\/II-Ciclo-de-Autores-de-Flamenco-Jazz-Off-de-la-Latina.jpg\" alt=\"II Ciclo de Autores de Flamenco Jazz Off de la Latina\" width=\"400\" height=\"566\" title=\"\" srcset=\"https:\/\/tomajazz.com\/web\/wp-content\/uploads\/2015\/02\/II-Ciclo-de-Autores-de-Flamenco-Jazz-Off-de-la-Latina.jpg 400w, https:\/\/tomajazz.com\/web\/wp-content\/uploads\/2015\/02\/II-Ciclo-de-Autores-de-Flamenco-Jazz-Off-de-la-Latina-106x150.jpg 106w, https:\/\/tomajazz.com\/web\/wp-content\/uploads\/2015\/02\/II-Ciclo-de-Autores-de-Flamenco-Jazz-Off-de-la-Latina-200x283.jpg 200w, https:\/\/tomajazz.com\/web\/wp-content\/uploads\/2015\/02\/II-Ciclo-de-Autores-de-Flamenco-Jazz-Off-de-la-Latina-39x55.jpg 39w\" sizes=\"auto, (max-width: 400px) 100vw, 400px\" \/><\/center><\/p>\n<p style=\"text-align: justify;\">Durante los jueves del pr\u00f3ximo mes de marzo de 2015 tendr\u00e1 lugar en <strong>Off de la Latina<\/strong> el <strong>II Ciclo de Autores de Flamenco Jazz<\/strong>. <strong>Hanne Tveter<\/strong> presentar\u00e1 su nuevo proyecto discogr\u00e1fico <em>Oslo &#8211; Madrid<\/em> (Nordic Records, 2015) el 5 de marzo. <strong>Antonio Lizana<\/strong> presentar\u00e1 su trabajo <em>De viento<\/em> en un concierto el 12 de marzo, dentro de su participaci\u00f3n en GPS (Girando Por Salas). El cantaor <strong>David Carpio<\/strong> actuar\u00e1 el d\u00eda 19 con el proyecto <em>Solos<\/em>. Finalmente, el jueves 26 actuar\u00e1 el grupo <strong>Sinouj<\/strong> acompa\u00f1ado por el cantaor <strong>El Guadiana<\/strong> con la participaci\u00f3n especial de la violinista <strong>Ana Hern\u00e1ndez<\/strong>. Toda la informaci\u00f3n en: <a href=\"http:\/\/offdelalatina.com\/jazz-y-flamenco\/\" target=\"_blank\" rel=\"noopener\">http:\/\/offdelalatina.com\/jazz-y-flamenco\/<\/a><\/p>\n","protected":false},"excerpt":{"rendered":"<p>Durante los jueves del pr\u00f3ximo mes de marzo de 2015 tendr\u00e1 lugar en Off de la Latina el II Ciclo de Autores de Flamenco Jazz. Hanne Tveter presentar\u00e1 su nuevo proyecto discogr\u00e1fico Oslo &#8211; Madrid (Nordic Records, 2015) el 5 de marzo. Antonio Lizana presentar\u00e1 su trabajo De viento en<span class=\"more-link\"><a href=\"https:\/\/tomajazz.com\/web\/ii-ciclo-de-autores-de-flamenco-jazz-off-de-la-latina-madrid-noticias\/\">Contin\u00faa leyendo<\/a><\/span><\/p>\n","protected":false},"author":1,"featured_media":17226,"comment_status":"open","ping_status":"closed","sticky":false,"template":"","format":"standard","meta":{"jetpack_post_was_ever_published":false,"_jetpack_newsletter_access":"","_jetpack_dont_email_post_to_subs":true,"_jetpack_newsletter_tier_id":0,"_jetpack_memberships_contains_paywalled_content":false,"_jetpack_memberships_contains_paid_content":false,"footnotes":""},"categories":[17858,15795,1038],"tags":[12248,9973,12246,12247,12249,12245,186,11856,15296,9289,9823,16099,16100],"class_list":["entry","author-pachi","post-17225","post","type-post","status-publish","format-standard","has-post-thumbnail","category-redaccion","category-noticias-2","category-contenidos","tag-ana-hernandez","tag-antonio-lizana","tag-david-carpio","tag-el-guadiana","tag-hanne-tveter","tag-ii-ciclo-de-autores-de-flamenco-jazz","tag-madrid","tag-noticias","tag-noticias-de-jazz","tag-off-de-la-latina","tag-sinouj","tag-toma-jazz","tag-tomajazz-toma-jazz"],"jetpack_featured_media_url":"https:\/\/tomajazz.com\/web\/wp-content\/uploads\/2015\/02\/II-Ciclo-de-Autores-de-Flamenco-Jazz-Off-de-la-Latina.jpg","jetpack_likes_enabled":true,"jetpack_sharing_enabled":true,"jetpack-related-posts":[{"id":105099,"url":"https:\/\/tomajazz.com\/web\/la-macanita-flamenc-on-2026\/","url_meta":{"origin":17225,"position":0},"title":"La Macanita (Flamenc-ON 2026 \/ Teatre Sagarra, 2026-03-14 \/ Santa Coloma de Gramanet -Barcelona-) [y II] Por Joan Cort\u00e8s [Flamencuras AKA INSTANTZZ AKA Galer\u00eda fotogr\u00e1fica AKA Fotoblog de jazz, impro\u2026 y algo m\u00e1s]","author":"Tomajazz","date":"28 abril, 2026","format":false,"excerpt":"La Macanita actu\u00f3 en Flamenc-ON 2026, en Santa Coloma de Gramanet -Barcelona-, el 14 de marzo de 2026. Joan Cort\u00e8s lo retrata en las Flamencuras de INSTANTZZ. Actuaron La Macanita, Jos\u00e9 Valencia, Chicharito de J\u00e9rez, Manuel Macano","rel":"","context":"En \u00abFlamencuras\u00bb","block_context":{"text":"Flamencuras","link":"https:\/\/tomajazz.com\/web\/category\/contenidos\/imagenes\/photoblogs\/flamencuras\/"},"img":{"alt_text":"La Macanita (Flamenc-ON 2026 \/ Teatre Sagarra, 2026-03-14 \/ Santa Coloma de Gramanet -Barcelona-) [y II] Por Joan Cort\u00e8s [Flamencuras AKA INSTANTZZ AKA Galer\u00eda fotogr\u00e1fica AKA Fotoblog de jazz, impro\u2026 y algo m\u00e1s] - Tomajazz - La Macanita actu\u00f3 en Flamenc-ON 2026, en Santa Coloma de Gramanet -Barcelona-, el 14 de marzo de 2026. Joan Cort\u00e8s lo retrata en las Flamencuras de INSTANTZZ. Actuaron La Macanita, Jos\u00e9 Valencia, Chicharito de J\u00e9rez, Manuel Macano\n","src":"https:\/\/i0.wp.com\/tomajazz.com\/web\/wp-content\/uploads\/2026\/04\/destacado-09-L-Mcnt-Photo-by-Joan-Cortes-14mrc26-Flmnc-n-TS-SCGr.jpg?resize=350%2C200&ssl=1","width":350,"height":200,"srcset":"https:\/\/i0.wp.com\/tomajazz.com\/web\/wp-content\/uploads\/2026\/04\/destacado-09-L-Mcnt-Photo-by-Joan-Cortes-14mrc26-Flmnc-n-TS-SCGr.jpg?resize=350%2C200&ssl=1 1x, https:\/\/i0.wp.com\/tomajazz.com\/web\/wp-content\/uploads\/2026\/04\/destacado-09-L-Mcnt-Photo-by-Joan-Cortes-14mrc26-Flmnc-n-TS-SCGr.jpg?resize=525%2C300&ssl=1 1.5x"},"classes":[]},{"id":14409,"url":"https:\/\/tomajazz.com\/web\/los-sorteos-de-tomajazz-enrique-rodriguez-enriquito-autores-de-flamenco-jazz-off-de-la-latina-madrid\/","url_meta":{"origin":17225,"position":1},"title":"Los sorteos de Tomajazz: Enrique Rodr\u00edguez \u201cEnriquito\u201d. Autores de Flamenco Jazz. Off de la Latina. Madrid","author":"Tomajazz","date":"6 octubre, 2014","format":false,"excerpt":"Cortes\u00eda de Off de La Latina, en Tomajazz sorteamos dos entradas dobles para el concierto de Enrique Rodr\u00edguez \"Enriquito\" del pr\u00f3ximo 9 de octubre de 2014 dentro de la programaci\u00f3n del I Ciclo Autores de Flamenco Jazz. Para participar hay que enviar un correo electr\u00f3nico a tomajazz@gmail.com. En el asunto\u2026","rel":"","context":"En \u00ab*_Redacci\u00f3n\u00bb","block_context":{"text":"*_Redacci\u00f3n","link":"https:\/\/tomajazz.com\/web\/category\/redaccion\/"},"img":{"alt_text":"Autores-flamenco-jazz_OFF-de-La-Latina-2014-212x300","src":"https:\/\/i0.wp.com\/www.tomajazz.com\/web\/wp-content\/uploads\/2014\/09\/Autores-flamenco-jazz_OFF-de-La-Latina-2014-212x300-200x283.jpg?resize=350%2C200","width":350,"height":200},"classes":[]},{"id":14039,"url":"https:\/\/tomajazz.com\/web\/los-sorteos-de-tomajazz-guillermo-mcgill-cuarteto-sur-autores-de-flamenco-jazz-madrid\/","url_meta":{"origin":17225,"position":2},"title":"Los sorteos de Tomajazz: Guillermo McGill. Cuarteto Sur. Autores de Flamenco Jazz. Madrid","author":"Tomajazz","date":"18 septiembre, 2014","format":false,"excerpt":"Gracias a Off de La Latina en Tomajazz sorteamos dos entradas dobles para el concierto de Guillermo McGill. Cuarteto Sur el jueves 25 de septiembre de 2014 en\u00a0el I Ciclo Autores de Flamenco Jazz. Para participar hay que enviar un correo electr\u00f3nico a tomajazz @ gmail . com. En el\u2026","rel":"","context":"En \u00ab*_Redacci\u00f3n\u00bb","block_context":{"text":"*_Redacci\u00f3n","link":"https:\/\/tomajazz.com\/web\/category\/redaccion\/"},"img":{"alt_text":"Autores-flamenco-jazz_OFF-de-La-Latina-2014-212x300","src":"https:\/\/i0.wp.com\/www.tomajazz.com\/web\/wp-content\/uploads\/2014\/09\/Autores-flamenco-jazz_OFF-de-La-Latina-2014-212x300.jpg?resize=350%2C200","width":350,"height":200},"classes":[]},{"id":15311,"url":"https:\/\/tomajazz.com\/web\/los-sorteos-de-tomajazz-josemi-carmona-y-javier-colina-autores-de-flamenco-jazz-off-de-la-latina-madrid\/","url_meta":{"origin":17225,"position":3},"title":"Los sorteos de Tomajazz: Josemi Carmona y Javier Colina. Autores de Flamenco Jazz. Off de la Latina. Madrid","author":"Tomajazz","date":"10 noviembre, 2014","format":false,"excerpt":"Off de la Latina regala dos entradas dobles entre los lectores de Tomajazz para el concierto del jueves 13 de noviembre de 2014 que protagonizar\u00e1n Josemi Carmona y Javier Colina dentro de la programaci\u00f3n del ciclo Autores de Flamenco Jazz. Para participar hay que enviar un correo electr\u00f3nico a tomajazz@gmail.com.\u2026","rel":"","context":"En \u00ab*_Redacci\u00f3n\u00bb","block_context":{"text":"*_Redacci\u00f3n","link":"https:\/\/tomajazz.com\/web\/category\/redaccion\/"},"img":{"alt_text":"Autores-flamenco-jazz_OFF-de-La-Latina-2014-212x300","src":"https:\/\/i0.wp.com\/www.tomajazz.com\/web\/wp-content\/uploads\/2014\/09\/Autores-flamenco-jazz_OFF-de-La-Latina-2014-212x300-200x283.jpg?resize=350%2C200","width":350,"height":200},"classes":[]},{"id":15782,"url":"https:\/\/tomajazz.com\/web\/los-sorteos-de-tomajazz-alain-perez-y-nino-de-los-reyes-autores-de-flamenco-jazz-off-de-la-latina-madrid\/","url_meta":{"origin":17225,"position":4},"title":"Los sorteos de Tomajazz: Alain P\u00e9rez y Nino de los Reyes. Autores de Flamenco Jazz. Off de la Latina. Madrid","author":"Tomajazz","date":"1 diciembre, 2014","format":false,"excerpt":"Off de la Latina regala dos entradas dobles entre los lectores de Tomajazz para el concierto del jueves 4 de diciembre de 2014 que protagonizar\u00e1 el bajista Alain P\u00e9rez y el bailaor Nino de los Reyes dentro de la programaci\u00f3n del ciclo Autores de Flamenco Jazz. Para participar hay que\u2026","rel":"","context":"En \u00ab*_Redacci\u00f3n\u00bb","block_context":{"text":"*_Redacci\u00f3n","link":"https:\/\/tomajazz.com\/web\/category\/redaccion\/"},"img":{"alt_text":"Autores-flamenco-jazz_OFF-de-La-Latina-2014-212x300","src":"https:\/\/i0.wp.com\/www.tomajazz.com\/web\/wp-content\/uploads\/2014\/09\/Autores-flamenco-jazz_OFF-de-La-Latina-2014-212x300-200x283.jpg?resize=350%2C200","width":350,"height":200},"classes":[]},{"id":14212,"url":"https:\/\/tomajazz.com\/web\/los-sorteos-de-tomajazz-pablo-ruben-maldonado-autores-de-flamenco-jazz-madrid\/","url_meta":{"origin":17225,"position":5},"title":"Los sorteos de Tomajazz: Pablo Rub\u00e9n Maldonado. Autores de Flamenco Jazz. Madrid","author":"Tomajazz","date":"29 septiembre, 2014","format":false,"excerpt":"Gracias a Off de La Latina en Tomajazz sorteamos dos entradas dobles para el concierto de Pablo Rub\u00e9n Maldonado el jueves 2 de octubre de 2014 en el I Ciclo Autores de Flamenco Jazz. Para participar hay que enviar un correo electr\u00f3nico a tomajazz @ gmail . com. En el\u2026","rel":"","context":"En \u00ab*_Redacci\u00f3n\u00bb","block_context":{"text":"*_Redacci\u00f3n","link":"https:\/\/tomajazz.com\/web\/category\/redaccion\/"},"img":{"alt_text":"Autores-flamenco-jazz_OFF-de-La-Latina-2014-212x300","src":"https:\/\/i0.wp.com\/www.tomajazz.com\/web\/wp-content\/uploads\/2014\/09\/Autores-flamenco-jazz_OFF-de-La-Latina-2014-212x300-200x283.jpg?resize=350%2C200","width":350,"height":200},"classes":[]}],"_links":{"self":[{"href":"https:\/\/tomajazz.com\/web\/wp-json\/wp\/v2\/posts\/17225","targetHints":{"allow":["GET"]}}],"collection":[{"href":"https:\/\/tomajazz.com\/web\/wp-json\/wp\/v2\/posts"}],"about":[{"href":"https:\/\/tomajazz.com\/web\/wp-json\/wp\/v2\/types\/post"}],"author":[{"embeddable":true,"href":"https:\/\/tomajazz.com\/web\/wp-json\/wp\/v2\/users\/1"}],"replies":[{"embeddable":true,"href":"https:\/\/tomajazz.com\/web\/wp-json\/wp\/v2\/comments?post=17225"}],"version-history":[{"count":4,"href":"https:\/\/tomajazz.com\/web\/wp-json\/wp\/v2\/posts\/17225\/revisions"}],"predecessor-version":[{"id":55553,"href":"https:\/\/tomajazz.com\/web\/wp-json\/wp\/v2\/posts\/17225\/revisions\/55553"}],"wp:featuredmedia":[{"embeddable":true,"href":"https:\/\/tomajazz.com\/web\/wp-json\/wp\/v2\/media\/17226"}],"wp:attachment":[{"href":"https:\/\/tomajazz.com\/web\/wp-json\/wp\/v2\/media?parent=17225"}],"wp:term":[{"taxonomy":"category","embeddable":true,"href":"https:\/\/tomajazz.com\/web\/wp-json\/wp\/v2\/categories?post=17225"},{"taxonomy":"post_tag","embeddable":true,"href":"https:\/\/tomajazz.com\/web\/wp-json\/wp\/v2\/tags?post=17225"}],"curies":[{"name":"wp","href":"https:\/\/api.w.org\/{rel}","templated":true}]}}