{"id":17333,"date":"2015-03-02T17:15:01","date_gmt":"2015-03-02T16:15:01","guid":{"rendered":"http:\/\/www.tomajazz.com\/web\/?p=17333"},"modified":"2016-11-13T17:33:05","modified_gmt":"2016-11-13T16:33:05","slug":"instantzz-paul-stouthamer-ferran-besalduch-magia-roja-barcelona-2015-02-12","status":"publish","type":"post","link":"https:\/\/tomajazz.com\/web\/instantzz-paul-stouthamer-ferran-besalduch-magia-roja-barcelona-2015-02-12\/","title":{"rendered":"INSTANTZZ: Paul Stouthamer, Ferran Besalduch (M\u00e0gia Roja, Barcelona. 2015-02-12)"},"content":{"rendered":"<ul>\n<li>Lugar: M\u00e0gia Roja, Barcelona<\/li>\n<li>Fecha: 12 Febrero 2015<\/li>\n<li>Componentes:<br \/>\nPaul Stouthamer: violonchelo<br \/>\nFerran Besalduch: saxo bajo y sopranino<\/li>\n<\/ul>\n<p style=\"text-align: center;\"><img loading=\"lazy\" decoding=\"async\" class=\"aligncenter size-large wp-image-17334\" src=\"http:\/\/www.tomajazz.com\/web\/wp-content\/uploads\/2015\/03\/01-150212_PAUL-STOUTHAMER-FERRAN-BESALDUCH-M-\u00c7GIA-ROJA_039-400x600.jpg\" alt=\"01-150212_PAUL STOUTHAMER-FERRAN BESALDUCH-M+\u00c7GIA ROJA_039\" width=\"400\" height=\"600\" title=\"\" srcset=\"https:\/\/tomajazz.com\/web\/wp-content\/uploads\/2015\/03\/01-150212_PAUL-STOUTHAMER-FERRAN-BESALDUCH-M-\u00c7GIA-ROJA_039.jpg 400w, https:\/\/tomajazz.com\/web\/wp-content\/uploads\/2015\/03\/01-150212_PAUL-STOUTHAMER-FERRAN-BESALDUCH-M-\u00c7GIA-ROJA_039-100x150.jpg 100w, https:\/\/tomajazz.com\/web\/wp-content\/uploads\/2015\/03\/01-150212_PAUL-STOUTHAMER-FERRAN-BESALDUCH-M-\u00c7GIA-ROJA_039-200x300.jpg 200w, https:\/\/tomajazz.com\/web\/wp-content\/uploads\/2015\/03\/01-150212_PAUL-STOUTHAMER-FERRAN-BESALDUCH-M-\u00c7GIA-ROJA_039-37x55.jpg 37w\" sizes=\"auto, (max-width: 400px) 100vw, 400px\" \/><\/p>\n<p style=\"text-align: center;\"><img loading=\"lazy\" decoding=\"async\" class=\"aligncenter size-large wp-image-17335\" src=\"http:\/\/www.tomajazz.com\/web\/wp-content\/uploads\/2015\/03\/02-150212_PAUL-STOUTHAMER-FERRAN-BESALDUCH-M-\u00c7GIA-ROJA_006-400x600.jpg\" alt=\"02-150212_PAUL STOUTHAMER-FERRAN BESALDUCH-M+\u00c7GIA ROJA_006\" width=\"400\" height=\"600\" title=\"\" srcset=\"https:\/\/tomajazz.com\/web\/wp-content\/uploads\/2015\/03\/02-150212_PAUL-STOUTHAMER-FERRAN-BESALDUCH-M-\u00c7GIA-ROJA_006.jpg 400w, https:\/\/tomajazz.com\/web\/wp-content\/uploads\/2015\/03\/02-150212_PAUL-STOUTHAMER-FERRAN-BESALDUCH-M-\u00c7GIA-ROJA_006-100x150.jpg 100w, https:\/\/tomajazz.com\/web\/wp-content\/uploads\/2015\/03\/02-150212_PAUL-STOUTHAMER-FERRAN-BESALDUCH-M-\u00c7GIA-ROJA_006-200x300.jpg 200w, https:\/\/tomajazz.com\/web\/wp-content\/uploads\/2015\/03\/02-150212_PAUL-STOUTHAMER-FERRAN-BESALDUCH-M-\u00c7GIA-ROJA_006-37x55.jpg 37w\" sizes=\"auto, (max-width: 400px) 100vw, 400px\" \/><\/p>\n<p style=\"text-align: center;\"><img loading=\"lazy\" decoding=\"async\" class=\"aligncenter size-large wp-image-17336\" src=\"http:\/\/www.tomajazz.com\/web\/wp-content\/uploads\/2015\/03\/03-150212_PAUL-STOUTHAMER-FERRAN-BESALDUCH-M-\u00c7GIA-ROJA_014-600x400.jpg\" alt=\"03-150212_PAUL STOUTHAMER-FERRAN BESALDUCH-M+\u00c7GIA ROJA_014\" width=\"600\" height=\"400\" title=\"\" srcset=\"https:\/\/tomajazz.com\/web\/wp-content\/uploads\/2015\/03\/03-150212_PAUL-STOUTHAMER-FERRAN-BESALDUCH-M-\u00c7GIA-ROJA_014.jpg 600w, https:\/\/tomajazz.com\/web\/wp-content\/uploads\/2015\/03\/03-150212_PAUL-STOUTHAMER-FERRAN-BESALDUCH-M-\u00c7GIA-ROJA_014-150x100.jpg 150w, https:\/\/tomajazz.com\/web\/wp-content\/uploads\/2015\/03\/03-150212_PAUL-STOUTHAMER-FERRAN-BESALDUCH-M-\u00c7GIA-ROJA_014-200x133.jpg 200w, https:\/\/tomajazz.com\/web\/wp-content\/uploads\/2015\/03\/03-150212_PAUL-STOUTHAMER-FERRAN-BESALDUCH-M-\u00c7GIA-ROJA_014-83x55.jpg 83w, https:\/\/tomajazz.com\/web\/wp-content\/uploads\/2015\/03\/03-150212_PAUL-STOUTHAMER-FERRAN-BESALDUCH-M-\u00c7GIA-ROJA_014-60x40.jpg 60w, https:\/\/tomajazz.com\/web\/wp-content\/uploads\/2015\/03\/03-150212_PAUL-STOUTHAMER-FERRAN-BESALDUCH-M-\u00c7GIA-ROJA_014-120x80.jpg 120w\" sizes=\"auto, (max-width: 600px) 100vw, 600px\" \/><\/p>\n<p style=\"text-align: center;\"><img loading=\"lazy\" decoding=\"async\" class=\"aligncenter size-large wp-image-17337\" src=\"http:\/\/www.tomajazz.com\/web\/wp-content\/uploads\/2015\/03\/04-150212_PAUL-STOUTHAMER-FERRAN-BESALDUCH-M-\u00c7GIA-ROJA_035-400x600.jpg\" alt=\"04-150212_PAUL STOUTHAMER-FERRAN BESALDUCH-M+\u00c7GIA ROJA_035\" width=\"400\" height=\"600\" title=\"\" srcset=\"https:\/\/tomajazz.com\/web\/wp-content\/uploads\/2015\/03\/04-150212_PAUL-STOUTHAMER-FERRAN-BESALDUCH-M-\u00c7GIA-ROJA_035.jpg 400w, https:\/\/tomajazz.com\/web\/wp-content\/uploads\/2015\/03\/04-150212_PAUL-STOUTHAMER-FERRAN-BESALDUCH-M-\u00c7GIA-ROJA_035-100x150.jpg 100w, https:\/\/tomajazz.com\/web\/wp-content\/uploads\/2015\/03\/04-150212_PAUL-STOUTHAMER-FERRAN-BESALDUCH-M-\u00c7GIA-ROJA_035-200x300.jpg 200w, https:\/\/tomajazz.com\/web\/wp-content\/uploads\/2015\/03\/04-150212_PAUL-STOUTHAMER-FERRAN-BESALDUCH-M-\u00c7GIA-ROJA_035-37x55.jpg 37w\" sizes=\"auto, (max-width: 400px) 100vw, 400px\" \/><\/p>\n<p style=\"text-align: center;\"><img loading=\"lazy\" decoding=\"async\" class=\"aligncenter size-large wp-image-17338\" src=\"http:\/\/www.tomajazz.com\/web\/wp-content\/uploads\/2015\/03\/05-150212_PAUL-STOUTHAMER-FERRAN-BESALDUCH-M-\u00c7GIA-ROJA_017-600x400.jpg\" alt=\"05-150212_PAUL STOUTHAMER-FERRAN BESALDUCH-M+\u00c7GIA ROJA_017\" width=\"600\" height=\"400\" title=\"\" srcset=\"https:\/\/tomajazz.com\/web\/wp-content\/uploads\/2015\/03\/05-150212_PAUL-STOUTHAMER-FERRAN-BESALDUCH-M-\u00c7GIA-ROJA_017.jpg 600w, https:\/\/tomajazz.com\/web\/wp-content\/uploads\/2015\/03\/05-150212_PAUL-STOUTHAMER-FERRAN-BESALDUCH-M-\u00c7GIA-ROJA_017-150x100.jpg 150w, https:\/\/tomajazz.com\/web\/wp-content\/uploads\/2015\/03\/05-150212_PAUL-STOUTHAMER-FERRAN-BESALDUCH-M-\u00c7GIA-ROJA_017-200x133.jpg 200w, https:\/\/tomajazz.com\/web\/wp-content\/uploads\/2015\/03\/05-150212_PAUL-STOUTHAMER-FERRAN-BESALDUCH-M-\u00c7GIA-ROJA_017-83x55.jpg 83w, https:\/\/tomajazz.com\/web\/wp-content\/uploads\/2015\/03\/05-150212_PAUL-STOUTHAMER-FERRAN-BESALDUCH-M-\u00c7GIA-ROJA_017-60x40.jpg 60w, https:\/\/tomajazz.com\/web\/wp-content\/uploads\/2015\/03\/05-150212_PAUL-STOUTHAMER-FERRAN-BESALDUCH-M-\u00c7GIA-ROJA_017-120x80.jpg 120w\" sizes=\"auto, (max-width: 600px) 100vw, 600px\" \/><\/p>\n<p style=\"text-align: center;\"><img loading=\"lazy\" decoding=\"async\" class=\"aligncenter size-large wp-image-17339\" src=\"http:\/\/www.tomajazz.com\/web\/wp-content\/uploads\/2015\/03\/06-150212_PAUL-STOUTHAMER-FERRAN-BESALDUCH-M-\u00c7GIA-ROJA_023-600x400.jpg\" alt=\"06-150212_PAUL STOUTHAMER-FERRAN BESALDUCH-M+\u00c7GIA ROJA_023\" width=\"600\" height=\"400\" title=\"\" srcset=\"https:\/\/tomajazz.com\/web\/wp-content\/uploads\/2015\/03\/06-150212_PAUL-STOUTHAMER-FERRAN-BESALDUCH-M-\u00c7GIA-ROJA_023.jpg 600w, https:\/\/tomajazz.com\/web\/wp-content\/uploads\/2015\/03\/06-150212_PAUL-STOUTHAMER-FERRAN-BESALDUCH-M-\u00c7GIA-ROJA_023-150x100.jpg 150w, https:\/\/tomajazz.com\/web\/wp-content\/uploads\/2015\/03\/06-150212_PAUL-STOUTHAMER-FERRAN-BESALDUCH-M-\u00c7GIA-ROJA_023-200x133.jpg 200w, https:\/\/tomajazz.com\/web\/wp-content\/uploads\/2015\/03\/06-150212_PAUL-STOUTHAMER-FERRAN-BESALDUCH-M-\u00c7GIA-ROJA_023-83x55.jpg 83w, https:\/\/tomajazz.com\/web\/wp-content\/uploads\/2015\/03\/06-150212_PAUL-STOUTHAMER-FERRAN-BESALDUCH-M-\u00c7GIA-ROJA_023-60x40.jpg 60w, https:\/\/tomajazz.com\/web\/wp-content\/uploads\/2015\/03\/06-150212_PAUL-STOUTHAMER-FERRAN-BESALDUCH-M-\u00c7GIA-ROJA_023-120x80.jpg 120w\" sizes=\"auto, (max-width: 600px) 100vw, 600px\" \/><\/p>\n<p style=\"text-align: center;\"><img loading=\"lazy\" decoding=\"async\" class=\"aligncenter size-large wp-image-17340\" src=\"http:\/\/www.tomajazz.com\/web\/wp-content\/uploads\/2015\/03\/07-150212_PAUL-STOUTHAMER-FERRAN-BESALDUCH-M-\u00c7GIA-ROJA_025-600x400.jpg\" alt=\"07-150212_PAUL STOUTHAMER-FERRAN BESALDUCH-M+\u00c7GIA ROJA_025\" width=\"600\" height=\"400\" title=\"\" srcset=\"https:\/\/tomajazz.com\/web\/wp-content\/uploads\/2015\/03\/07-150212_PAUL-STOUTHAMER-FERRAN-BESALDUCH-M-\u00c7GIA-ROJA_025.jpg 600w, https:\/\/tomajazz.com\/web\/wp-content\/uploads\/2015\/03\/07-150212_PAUL-STOUTHAMER-FERRAN-BESALDUCH-M-\u00c7GIA-ROJA_025-150x100.jpg 150w, https:\/\/tomajazz.com\/web\/wp-content\/uploads\/2015\/03\/07-150212_PAUL-STOUTHAMER-FERRAN-BESALDUCH-M-\u00c7GIA-ROJA_025-200x133.jpg 200w, https:\/\/tomajazz.com\/web\/wp-content\/uploads\/2015\/03\/07-150212_PAUL-STOUTHAMER-FERRAN-BESALDUCH-M-\u00c7GIA-ROJA_025-83x55.jpg 83w, https:\/\/tomajazz.com\/web\/wp-content\/uploads\/2015\/03\/07-150212_PAUL-STOUTHAMER-FERRAN-BESALDUCH-M-\u00c7GIA-ROJA_025-60x40.jpg 60w, https:\/\/tomajazz.com\/web\/wp-content\/uploads\/2015\/03\/07-150212_PAUL-STOUTHAMER-FERRAN-BESALDUCH-M-\u00c7GIA-ROJA_025-120x80.jpg 120w\" sizes=\"auto, (max-width: 600px) 100vw, 600px\" \/><\/p>\n<p style=\"text-align: right;\">Fotograf\u00edas: \u00a9 <a href=\"http:\/\/elenamarquezphoto.wordpress.com\/\" target=\"_blank\" rel=\"noopener\">Elena M\u00e1rquez<\/a>, 2015<\/p>\n","protected":false},"excerpt":{"rendered":"<p>Lugar: M\u00e0gia Roja, Barcelona Fecha: 12 Febrero 2015 Componentes: Paul Stouthamer: violonchelo Ferran Besalduch: saxo bajo y sopranino Fotograf\u00edas: \u00a9 Elena M\u00e1rquez, 2015<span class=\"more-link\"><a href=\"https:\/\/tomajazz.com\/web\/instantzz-paul-stouthamer-ferran-besalduch-magia-roja-barcelona-2015-02-12\/\">Contin\u00faa leyendo<\/a><\/span><\/p>\n","protected":false},"author":1,"featured_media":17334,"comment_status":"open","ping_status":"closed","sticky":false,"template":"","format":"standard","meta":{"jetpack_post_was_ever_published":false,"_jetpack_newsletter_access":"","_jetpack_dont_email_post_to_subs":true,"_jetpack_newsletter_tier_id":0,"_jetpack_memberships_contains_paywalled_content":false,"_jetpack_memberships_contains_paid_content":false,"footnotes":""},"categories":[17855,11262,15516,11261,1038],"tags":[1125,11601,1134,12656,15275,13,12301,12302,12657,16099,77,16100],"class_list":["entry","author-pachi","post-17333","post","type-post","status-publish","format-standard","has-post-thumbnail","category-elena-marquez","category-photoblogs","category-imagenes","category-instantzz","category-contenidos","tag-barcelona","tag-elena-marquez","tag-ferran-besalduch","tag-fotoblog","tag-galeria-fotografica","tag-jazz","tag-magia-roja","tag-paul-stouthamer","tag-photoblog","tag-toma-jazz","tag-tomajazz","tag-tomajazz-toma-jazz"],"jetpack_featured_media_url":"https:\/\/tomajazz.com\/web\/wp-content\/uploads\/2015\/03\/01-150212_PAUL-STOUTHAMER-FERRAN-BESALDUCH-M-\u00c7GIA-ROJA_039.jpg","jetpack_likes_enabled":true,"jetpack_sharing_enabled":true,"jetpack-related-posts":[{"id":104231,"url":"https:\/\/tomajazz.com\/web\/johannes-nastesjo-ferran-besalduch-cimic-2026\/","url_meta":{"origin":17333,"position":0},"title":"Johannes N\u00e4stesj\u00f6 &#038; Ferran Besalduch (CIMIC-2026 \/ Can Batet, 2026-01-17 \/ Olot -Girona-) [I] Por Joan Cort\u00e8s [INSTANTZZ AKA Galer\u00eda fotogr\u00e1fica AKA Fotoblog de jazz, impro\u2026 y algo m\u00e1s]","author":"Tomajazz","date":"28 febrero, 2026","format":false,"excerpt":"Johannes N\u00e4stesj\u00f6 & Ferran Besalduch actuaron en CIMIC-2026 en Can Batet en Olot, Girona, el 17 de enero de 2026. Joan Cort\u00e8s lo retrata en INSTANTZZ","rel":"","context":"En \u00abCIMIC 2026\u00bb","block_context":{"text":"CIMIC 2026","link":"https:\/\/tomajazz.com\/web\/category\/contenidos\/especial-contenidos\/cimic-2026\/"},"img":{"alt_text":"Johannes N\u00e4stesj\u00f6 & Ferran Besalduch (CIMIC-2026 \/ Can Batet, 2026-01-17 \/ Olot -Girona-) [I] Por Joan Cort\u00e8s [INSTANTZZ AKA Galer\u00eda fotogr\u00e1fica AKA Fotoblog de jazz, impro\u2026 y algo m\u00e1s] - Tomajazz - Johannes N\u00e4stesj\u00f6 & Ferran Besalduch actuaron en CIMIC-2026 en Can Batet en Olot, Girona, el 12026-01-17 \/ Olot -Girona-) [I] Por Joan Cort\u00e8s [INSTANTZZ","src":"https:\/\/i0.wp.com\/tomajazz.com\/web\/wp-content\/uploads\/2026\/02\/04-Jhnns-Nstsj-Frrn-Bsldch-%C2%A9Joan-Cortes-17gnr26-CMC-Cn-Btt-lt-bn.jpg?resize=350%2C200&ssl=1","width":350,"height":200,"srcset":"https:\/\/i0.wp.com\/tomajazz.com\/web\/wp-content\/uploads\/2026\/02\/04-Jhnns-Nstsj-Frrn-Bsldch-%C2%A9Joan-Cortes-17gnr26-CMC-Cn-Btt-lt-bn.jpg?resize=350%2C200&ssl=1 1x, https:\/\/i0.wp.com\/tomajazz.com\/web\/wp-content\/uploads\/2026\/02\/04-Jhnns-Nstsj-Frrn-Bsldch-%C2%A9Joan-Cortes-17gnr26-CMC-Cn-Btt-lt-bn.jpg?resize=525%2C300&ssl=1 1.5x"},"classes":[]},{"id":21657,"url":"https:\/\/tomajazz.com\/web\/instantzz-freenetics-18-con-agusti-fernandez-studium-barcelona-2015-12-13\/","url_meta":{"origin":17333,"position":1},"title":"INSTANTZZ: Freen\u00e8tics #18 con Agust\u00ed Fern\u00e1ndez (Studium, Badalona. 2015-12-13)","author":"Tomajazz","date":"4 enero, 2016","format":"image","excerpt":"Fecha: 13 de diciembre de 2015 Lugar: Studium (Badalona) Componentes: Freen\u00e8tics Joan Antoni Pich: cello Ferran Besalduch: saxo bajo y sopranino Pep Mula: bater\u00eda. Invitado: Agust\u00ed Fern\u00e1ndez: piano Fotograf\u00edas: \u00a9 Elena M\u00e1rquez, 2015","rel":"","context":"En \u00ab*_Elena M\u00e1rquez\u00bb","block_context":{"text":"*_Elena M\u00e1rquez","link":"https:\/\/tomajazz.com\/web\/category\/elena-marquez\/"},"img":{"alt_text":"","src":"https:\/\/i0.wp.com\/tomajazz.com\/web\/wp-content\/uploads\/2016\/01\/151213_Freen%C2%BFtics-Agust%C2%A1_0121.jpg?resize=350%2C200&ssl=1","width":350,"height":200,"srcset":"https:\/\/i0.wp.com\/tomajazz.com\/web\/wp-content\/uploads\/2016\/01\/151213_Freen%C2%BFtics-Agust%C2%A1_0121.jpg?resize=350%2C200&ssl=1 1x, https:\/\/i0.wp.com\/tomajazz.com\/web\/wp-content\/uploads\/2016\/01\/151213_Freen%C2%BFtics-Agust%C2%A1_0121.jpg?resize=525%2C300&ssl=1 1.5x"},"classes":[]},{"id":17010,"url":"https:\/\/tomajazz.com\/web\/instantzz-freenetics5-pichchantbesalduchmula\/","url_meta":{"origin":17333,"position":2},"title":"INSTANTZZ: Freen\u00e8tics#5: Pich\/Chant\/Besalduch\/Mula","author":"Tomajazz","date":"16 febrero, 2015","format":false,"excerpt":"\u00a0\u00a0\u00a0 Fecha: domingo 18 de enero de 2015 \u00a0\u00a0\u00a0 Lugar: Studium (Badalona) \u00a0\u00a0\u00a0 Componentes: Pich\/Chant\/Besalduch\/Mula Joan Antoni Pich: violonchelo Tom Chant: saxos alto y soprano Ferran Besalduch: saxos bajo y sopranino Pep Mula: bater\u00eda \u00a0 Fotograf\u00edas: \u00a9 Elena M\u00e1rquez, 2015","rel":"","context":"En \u00ab*_Elena M\u00e1rquez\u00bb","block_context":{"text":"*_Elena M\u00e1rquez","link":"https:\/\/tomajazz.com\/web\/category\/elena-marquez\/"},"img":{"alt_text":"","src":"https:\/\/i0.wp.com\/tomajazz.com\/web\/wp-content\/uploads\/2015\/02\/150118_FREEN%C3%88TICS5-PICH-CHANT-BESALDUCH-MULA_0024.jpg?resize=350%2C200&ssl=1","width":350,"height":200,"srcset":"https:\/\/i0.wp.com\/tomajazz.com\/web\/wp-content\/uploads\/2015\/02\/150118_FREEN%C3%88TICS5-PICH-CHANT-BESALDUCH-MULA_0024.jpg?resize=350%2C200&ssl=1 1x, https:\/\/i0.wp.com\/tomajazz.com\/web\/wp-content\/uploads\/2015\/02\/150118_FREEN%C3%88TICS5-PICH-CHANT-BESALDUCH-MULA_0024.jpg?resize=525%2C300&ssl=1 1.5x"},"classes":[]},{"id":104270,"url":"https:\/\/tomajazz.com\/web\/anna-ferrer-pa-lauditori-barcelona-2026\/","url_meta":{"origin":17333,"position":3},"title":"Anna Ferrer \u201cPa\u201d (L\u2019Auditori S2\u2022OM, 2026-01-17 \/ Barcelona) Por Joan Cort\u00e8s [INSTANTZZ AKA Galer\u00eda fotogr\u00e1fica AKA Fotoblog de jazz, impro\u2026 y algo m\u00e1s]","author":"Tomajazz","date":"3 marzo, 2026","format":false,"excerpt":"Anna Ferrer \u201cPa\u201d actu\u00f3 en L\u2019Auditori S2\u2022OM de Barcelona el 17 de enero de 2026. Joan Cort\u00e8s lo retrata en INSTANTZZ","rel":"","context":"En \u00ab*_Joan Cort\u00e8s\u00bb","block_context":{"text":"*_Joan Cort\u00e8s","link":"https:\/\/tomajazz.com\/web\/category\/joan-cortes\/"},"img":{"alt_text":"Anna Ferrer \u201cPa\u201d (L\u2019Auditori S2\u2022OM, 2026-01-17 \/ Barcelona) Por Joan Cort\u00e8s [INSTANTZZ AKA Galer\u00eda fotogr\u00e1fica AKA Fotoblog de jazz, impro\u2026 y algo m\u00e1s] - Tomajazz - Anna Ferrer \u201cPa\u201d actu\u00f3 en L\u2019Auditori S2\u2022OM de Barcelona el 17 de enero de 2026. Joan Cort\u00e8s lo retrata en INSTANTZZ","src":"https:\/\/i0.wp.com\/tomajazz.com\/web\/wp-content\/uploads\/2026\/03\/destacada-02-nn-Frrr-Photo-By-Joan-Cortes-17gnr26-L-dtr-Bcn.jpg?resize=350%2C200&ssl=1","width":350,"height":200,"srcset":"https:\/\/i0.wp.com\/tomajazz.com\/web\/wp-content\/uploads\/2026\/03\/destacada-02-nn-Frrr-Photo-By-Joan-Cortes-17gnr26-L-dtr-Bcn.jpg?resize=350%2C200&ssl=1 1x, https:\/\/i0.wp.com\/tomajazz.com\/web\/wp-content\/uploads\/2026\/03\/destacada-02-nn-Frrr-Photo-By-Joan-Cortes-17gnr26-L-dtr-Bcn.jpg?resize=525%2C300&ssl=1 1.5x"},"classes":[]},{"id":20738,"url":"https:\/\/tomajazz.com\/web\/instantzz-fiesta-20o-aniversari-arco-y-flecha\/","url_meta":{"origin":17333,"position":4},"title":"INSTANTZZ: Fiesta 20\u00ba Aniversari Arco y Flecha","author":"Tomajazz","date":"11 noviembre, 2015","format":"image","excerpt":"Fecha: s\u00e1bado 7 de noviembre de 2015 Lugar: Ateneu de Nou Barris, Barcelona Grupos: Digital Primitives: Cooper-Moore: diddley-bo, percusi\u00f3n, flauta, ashimba, mouth bow, hoe-handle harp. Assif Tsahar: saxo tenor, clarinete bajo. Chad Taylor: bater\u00eda. Discordian Community Ensemble: Ilona Scheider: voz El Pricto: conducci\u00f3n y saxo alto Iv\u00e1n Gonz\u00e1lez: trompeta Luiz\u2026","rel":"","context":"En \u00ab*_Elena M\u00e1rquez\u00bb","block_context":{"text":"*_Elena M\u00e1rquez","link":"https:\/\/tomajazz.com\/web\/category\/elena-marquez\/"},"img":{"alt_text":"","src":"https:\/\/i0.wp.com\/tomajazz.com\/web\/wp-content\/uploads\/2015\/11\/151108_20AniversarioAyF_0217.jpg?resize=350%2C200&ssl=1","width":350,"height":200,"srcset":"https:\/\/i0.wp.com\/tomajazz.com\/web\/wp-content\/uploads\/2015\/11\/151108_20AniversarioAyF_0217.jpg?resize=350%2C200&ssl=1 1x, https:\/\/i0.wp.com\/tomajazz.com\/web\/wp-content\/uploads\/2015\/11\/151108_20AniversarioAyF_0217.jpg?resize=525%2C300&ssl=1 1.5x"},"classes":[]},{"id":103144,"url":"https:\/\/tomajazz.com\/web\/paul-cornish-trio-barcelona-2025\/","url_meta":{"origin":17333,"position":5},"title":"Paul Cornish Trio \u201cYou\u2019re Exaggerating!\u201d (57\u00e8 Festival de Jazz de Barcelona \/ Jamboree, 2025-11-24 \/ Barcelona) [04] Por Joan Cort\u00e8s [INSTANTZZ AKA Galer\u00eda fotogr\u00e1fica AKA Fotoblog de jazz, impro\u2026 y algo m\u00e1s]","author":"Tomajazz","date":"1 enero, 2026","format":false,"excerpt":"Paul Cornish Trio \u201cYou\u2019re Exaggerating!\u201d actu\u00f3 en el 57\u00e8 Festival de Jazz de Barcelona, en Jamboree, el 24 de noviembre de 2025. Joan Cort\u00e8s lo retrata en INSTANTZZ. Actuaron Paul Cornish, Jermaine Paul, Jonathan Pinson","rel":"","context":"En \u00ab57 Festival de Jazz de Barcelona 2025\u00bb","block_context":{"text":"57 Festival de Jazz de Barcelona 2025","link":"https:\/\/tomajazz.com\/web\/category\/contenidos\/especial-contenidos\/57-festival-de-jazz-de-barcelona-2025\/"},"img":{"alt_text":"Paul Cornish Trio \u201cYou\u2019re Exaggerating!\u201d (57\u00e8 Festival de Jazz de Barcelona \/ Jamboree, 2025-11-24 \/ Barcelona) [04] Por Joan Cort\u00e8s [INSTANTZZ AKA Galer\u00eda fotogr\u00e1fica AKA Fotoblog de jazz, impro\u2026 y algo m\u00e1s] - Tomajazz - Paul Cornish Trio \u201cYou\u2019re Exaggerating!\u201d actu\u00f3 en el 57\u00e8 Festival de Jazz de Barcelona, en Jamboree, el 24 de noviembre de 2025. Joan Cort\u00e8s lo retrata en INSTANTZZ. Actuaron Paul Cornish, Jermaine Paul, Jonathan Pinson\n","src":"https:\/\/i0.wp.com\/tomajazz.com\/web\/wp-content\/uploads\/2025\/12\/destacada-08-Pl-Crnsh-Tr-Photo-By-Joan-Cortes-24nvm25-CdL-59FJBcn.jpg?resize=350%2C200&ssl=1","width":350,"height":200,"srcset":"https:\/\/i0.wp.com\/tomajazz.com\/web\/wp-content\/uploads\/2025\/12\/destacada-08-Pl-Crnsh-Tr-Photo-By-Joan-Cortes-24nvm25-CdL-59FJBcn.jpg?resize=350%2C200&ssl=1 1x, https:\/\/i0.wp.com\/tomajazz.com\/web\/wp-content\/uploads\/2025\/12\/destacada-08-Pl-Crnsh-Tr-Photo-By-Joan-Cortes-24nvm25-CdL-59FJBcn.jpg?resize=525%2C300&ssl=1 1.5x"},"classes":[]}],"_links":{"self":[{"href":"https:\/\/tomajazz.com\/web\/wp-json\/wp\/v2\/posts\/17333","targetHints":{"allow":["GET"]}}],"collection":[{"href":"https:\/\/tomajazz.com\/web\/wp-json\/wp\/v2\/posts"}],"about":[{"href":"https:\/\/tomajazz.com\/web\/wp-json\/wp\/v2\/types\/post"}],"author":[{"embeddable":true,"href":"https:\/\/tomajazz.com\/web\/wp-json\/wp\/v2\/users\/1"}],"replies":[{"embeddable":true,"href":"https:\/\/tomajazz.com\/web\/wp-json\/wp\/v2\/comments?post=17333"}],"version-history":[{"count":1,"href":"https:\/\/tomajazz.com\/web\/wp-json\/wp\/v2\/posts\/17333\/revisions"}],"predecessor-version":[{"id":17341,"href":"https:\/\/tomajazz.com\/web\/wp-json\/wp\/v2\/posts\/17333\/revisions\/17341"}],"wp:featuredmedia":[{"embeddable":true,"href":"https:\/\/tomajazz.com\/web\/wp-json\/wp\/v2\/media\/17334"}],"wp:attachment":[{"href":"https:\/\/tomajazz.com\/web\/wp-json\/wp\/v2\/media?parent=17333"}],"wp:term":[{"taxonomy":"category","embeddable":true,"href":"https:\/\/tomajazz.com\/web\/wp-json\/wp\/v2\/categories?post=17333"},{"taxonomy":"post_tag","embeddable":true,"href":"https:\/\/tomajazz.com\/web\/wp-json\/wp\/v2\/tags?post=17333"}],"curies":[{"name":"wp","href":"https:\/\/api.w.org\/{rel}","templated":true}]}}