{"id":17351,"date":"2015-03-03T11:00:59","date_gmt":"2015-03-03T10:00:59","guid":{"rendered":"http:\/\/www.tomajazz.com\/web\/?p=17351"},"modified":"2016-11-13T16:30:33","modified_gmt":"2016-11-13T15:30:33","slug":"instantzz-stephane-belmondo-trio-jamboree-barcelona-2015-02-18","status":"publish","type":"post","link":"https:\/\/tomajazz.com\/web\/instantzz-stephane-belmondo-trio-jamboree-barcelona-2015-02-18\/","title":{"rendered":"INSTANTZZ: St\u00e9phane Belmondo Trio (Jamboree, Barcelona. 2015-02-18)"},"content":{"rendered":"<ul>\n<li>Fecha: Mi\u00e9rcoles, 18 de febrero de 2015<\/li>\n<li>Lugar: Jamboree (Barcelona)<\/li>\n<li>Componentes:<br \/>\nSt\u00e9phane Belmondo Trio<br \/>\nSt\u00e9phane Belmondo, trompeta y fiscorno<br \/>\nThomas Bramerie, contrabajo<br \/>\nJesse Van Ruller, guitarra<\/li>\n<\/ul>\n<p style=\"text-align: center;\">\u00a0<img loading=\"lazy\" decoding=\"async\" class=\"aligncenter size-large wp-image-17353\" src=\"http:\/\/www.tomajazz.com\/web\/wp-content\/uploads\/2015\/03\/01_SBT-u00A9Joan-Cortu00E8s_18feb15_Jmbr_Bcn-600x399.jpg\" alt=\"01_SBT (u00A9Joan Cortu00E8s)_18feb15_Jmbr_Bcn\" width=\"600\" height=\"399\" title=\"\" srcset=\"https:\/\/tomajazz.com\/web\/wp-content\/uploads\/2015\/03\/01_SBT-u00A9Joan-Cortu00E8s_18feb15_Jmbr_Bcn.jpg 600w, https:\/\/tomajazz.com\/web\/wp-content\/uploads\/2015\/03\/01_SBT-u00A9Joan-Cortu00E8s_18feb15_Jmbr_Bcn-150x100.jpg 150w, https:\/\/tomajazz.com\/web\/wp-content\/uploads\/2015\/03\/01_SBT-u00A9Joan-Cortu00E8s_18feb15_Jmbr_Bcn-200x133.jpg 200w, https:\/\/tomajazz.com\/web\/wp-content\/uploads\/2015\/03\/01_SBT-u00A9Joan-Cortu00E8s_18feb15_Jmbr_Bcn-83x55.jpg 83w, https:\/\/tomajazz.com\/web\/wp-content\/uploads\/2015\/03\/01_SBT-u00A9Joan-Cortu00E8s_18feb15_Jmbr_Bcn-60x40.jpg 60w, https:\/\/tomajazz.com\/web\/wp-content\/uploads\/2015\/03\/01_SBT-u00A9Joan-Cortu00E8s_18feb15_Jmbr_Bcn-120x80.jpg 120w\" sizes=\"auto, (max-width: 600px) 100vw, 600px\" \/><\/p>\n<p style=\"text-align: center;\"><img loading=\"lazy\" decoding=\"async\" class=\"aligncenter size-large wp-image-17354\" src=\"http:\/\/www.tomajazz.com\/web\/wp-content\/uploads\/2015\/03\/02_SBT-u00A9Joan-Cortu00E8s_18feb15_Jmbr_Bcn-600x399.jpg\" alt=\"02_SBT (u00A9Joan Cortu00E8s)_18feb15_Jmbr_Bcn\" width=\"600\" height=\"399\" title=\"\" srcset=\"https:\/\/tomajazz.com\/web\/wp-content\/uploads\/2015\/03\/02_SBT-u00A9Joan-Cortu00E8s_18feb15_Jmbr_Bcn.jpg 600w, https:\/\/tomajazz.com\/web\/wp-content\/uploads\/2015\/03\/02_SBT-u00A9Joan-Cortu00E8s_18feb15_Jmbr_Bcn-150x100.jpg 150w, https:\/\/tomajazz.com\/web\/wp-content\/uploads\/2015\/03\/02_SBT-u00A9Joan-Cortu00E8s_18feb15_Jmbr_Bcn-200x133.jpg 200w, https:\/\/tomajazz.com\/web\/wp-content\/uploads\/2015\/03\/02_SBT-u00A9Joan-Cortu00E8s_18feb15_Jmbr_Bcn-83x55.jpg 83w, https:\/\/tomajazz.com\/web\/wp-content\/uploads\/2015\/03\/02_SBT-u00A9Joan-Cortu00E8s_18feb15_Jmbr_Bcn-60x40.jpg 60w, https:\/\/tomajazz.com\/web\/wp-content\/uploads\/2015\/03\/02_SBT-u00A9Joan-Cortu00E8s_18feb15_Jmbr_Bcn-120x80.jpg 120w\" sizes=\"auto, (max-width: 600px) 100vw, 600px\" \/><\/p>\n<p style=\"text-align: center;\"><img loading=\"lazy\" decoding=\"async\" class=\"aligncenter size-large wp-image-17355\" src=\"http:\/\/www.tomajazz.com\/web\/wp-content\/uploads\/2015\/03\/03_SBT-u00A9Joan-Cortu00E8s_18feb15_Jmbr_Bcn-399x600.jpg\" alt=\"03_SBT (u00A9Joan Cortu00E8s)_18feb15_Jmbr_Bcn\" width=\"399\" height=\"600\" title=\"\" srcset=\"https:\/\/tomajazz.com\/web\/wp-content\/uploads\/2015\/03\/03_SBT-u00A9Joan-Cortu00E8s_18feb15_Jmbr_Bcn.jpg 399w, https:\/\/tomajazz.com\/web\/wp-content\/uploads\/2015\/03\/03_SBT-u00A9Joan-Cortu00E8s_18feb15_Jmbr_Bcn-100x150.jpg 100w, https:\/\/tomajazz.com\/web\/wp-content\/uploads\/2015\/03\/03_SBT-u00A9Joan-Cortu00E8s_18feb15_Jmbr_Bcn-200x300.jpg 200w, https:\/\/tomajazz.com\/web\/wp-content\/uploads\/2015\/03\/03_SBT-u00A9Joan-Cortu00E8s_18feb15_Jmbr_Bcn-37x55.jpg 37w\" sizes=\"auto, (max-width: 399px) 100vw, 399px\" \/><\/p>\n<p style=\"text-align: center;\"><img loading=\"lazy\" decoding=\"async\" class=\"aligncenter size-large wp-image-17356\" src=\"http:\/\/www.tomajazz.com\/web\/wp-content\/uploads\/2015\/03\/04_SBT-u00A9Joan-Cortu00E8s_18feb15_Jmbr_Bcn-600x399.jpg\" alt=\"04_SBT (u00A9Joan Cortu00E8s)_18feb15_Jmbr_Bcn\" width=\"600\" height=\"399\" title=\"\" srcset=\"https:\/\/tomajazz.com\/web\/wp-content\/uploads\/2015\/03\/04_SBT-u00A9Joan-Cortu00E8s_18feb15_Jmbr_Bcn.jpg 600w, https:\/\/tomajazz.com\/web\/wp-content\/uploads\/2015\/03\/04_SBT-u00A9Joan-Cortu00E8s_18feb15_Jmbr_Bcn-150x100.jpg 150w, https:\/\/tomajazz.com\/web\/wp-content\/uploads\/2015\/03\/04_SBT-u00A9Joan-Cortu00E8s_18feb15_Jmbr_Bcn-200x133.jpg 200w, https:\/\/tomajazz.com\/web\/wp-content\/uploads\/2015\/03\/04_SBT-u00A9Joan-Cortu00E8s_18feb15_Jmbr_Bcn-83x55.jpg 83w, https:\/\/tomajazz.com\/web\/wp-content\/uploads\/2015\/03\/04_SBT-u00A9Joan-Cortu00E8s_18feb15_Jmbr_Bcn-60x40.jpg 60w, https:\/\/tomajazz.com\/web\/wp-content\/uploads\/2015\/03\/04_SBT-u00A9Joan-Cortu00E8s_18feb15_Jmbr_Bcn-120x80.jpg 120w\" sizes=\"auto, (max-width: 600px) 100vw, 600px\" \/><\/p>\n<p style=\"text-align: center;\"><img loading=\"lazy\" decoding=\"async\" class=\"aligncenter size-large wp-image-17357\" src=\"http:\/\/www.tomajazz.com\/web\/wp-content\/uploads\/2015\/03\/05_SBT-u00A9Joan-Cortu00E8s_18feb15_Jmbr_Bcn-600x399.jpg\" alt=\"05_SBT (u00A9Joan Cortu00E8s)_18feb15_Jmbr_Bcn\" width=\"600\" height=\"399\" title=\"\" srcset=\"https:\/\/tomajazz.com\/web\/wp-content\/uploads\/2015\/03\/05_SBT-u00A9Joan-Cortu00E8s_18feb15_Jmbr_Bcn.jpg 600w, https:\/\/tomajazz.com\/web\/wp-content\/uploads\/2015\/03\/05_SBT-u00A9Joan-Cortu00E8s_18feb15_Jmbr_Bcn-150x100.jpg 150w, https:\/\/tomajazz.com\/web\/wp-content\/uploads\/2015\/03\/05_SBT-u00A9Joan-Cortu00E8s_18feb15_Jmbr_Bcn-200x133.jpg 200w, https:\/\/tomajazz.com\/web\/wp-content\/uploads\/2015\/03\/05_SBT-u00A9Joan-Cortu00E8s_18feb15_Jmbr_Bcn-83x55.jpg 83w, https:\/\/tomajazz.com\/web\/wp-content\/uploads\/2015\/03\/05_SBT-u00A9Joan-Cortu00E8s_18feb15_Jmbr_Bcn-60x40.jpg 60w, https:\/\/tomajazz.com\/web\/wp-content\/uploads\/2015\/03\/05_SBT-u00A9Joan-Cortu00E8s_18feb15_Jmbr_Bcn-120x80.jpg 120w\" sizes=\"auto, (max-width: 600px) 100vw, 600px\" \/><\/p>\n<p style=\"text-align: center;\"><img loading=\"lazy\" decoding=\"async\" class=\"aligncenter size-large wp-image-17358\" src=\"http:\/\/www.tomajazz.com\/web\/wp-content\/uploads\/2015\/03\/06_SBT-u00A9Joan-Cortu00E8s_18feb15_Jmbr_Bcn-600x399.jpg\" alt=\"06_SBT (u00A9Joan Cortu00E8s)_18feb15_Jmbr_Bcn\" width=\"600\" height=\"399\" title=\"\" srcset=\"https:\/\/tomajazz.com\/web\/wp-content\/uploads\/2015\/03\/06_SBT-u00A9Joan-Cortu00E8s_18feb15_Jmbr_Bcn.jpg 600w, https:\/\/tomajazz.com\/web\/wp-content\/uploads\/2015\/03\/06_SBT-u00A9Joan-Cortu00E8s_18feb15_Jmbr_Bcn-150x100.jpg 150w, https:\/\/tomajazz.com\/web\/wp-content\/uploads\/2015\/03\/06_SBT-u00A9Joan-Cortu00E8s_18feb15_Jmbr_Bcn-200x133.jpg 200w, https:\/\/tomajazz.com\/web\/wp-content\/uploads\/2015\/03\/06_SBT-u00A9Joan-Cortu00E8s_18feb15_Jmbr_Bcn-83x55.jpg 83w, https:\/\/tomajazz.com\/web\/wp-content\/uploads\/2015\/03\/06_SBT-u00A9Joan-Cortu00E8s_18feb15_Jmbr_Bcn-60x40.jpg 60w, https:\/\/tomajazz.com\/web\/wp-content\/uploads\/2015\/03\/06_SBT-u00A9Joan-Cortu00E8s_18feb15_Jmbr_Bcn-120x80.jpg 120w\" sizes=\"auto, (max-width: 600px) 100vw, 600px\" \/><\/p>\n<p style=\"text-align: center;\"><img loading=\"lazy\" decoding=\"async\" class=\"aligncenter size-large wp-image-17359\" src=\"http:\/\/www.tomajazz.com\/web\/wp-content\/uploads\/2015\/03\/07_SBT-u00A9Joan-Cortu00E8s_18feb15_Jmbr_Bcn-399x600.jpg\" alt=\"07_SBT (u00A9Joan Cortu00E8s)_18feb15_Jmbr_Bcn\" width=\"399\" height=\"600\" title=\"\" srcset=\"https:\/\/tomajazz.com\/web\/wp-content\/uploads\/2015\/03\/07_SBT-u00A9Joan-Cortu00E8s_18feb15_Jmbr_Bcn.jpg 399w, https:\/\/tomajazz.com\/web\/wp-content\/uploads\/2015\/03\/07_SBT-u00A9Joan-Cortu00E8s_18feb15_Jmbr_Bcn-100x150.jpg 100w, https:\/\/tomajazz.com\/web\/wp-content\/uploads\/2015\/03\/07_SBT-u00A9Joan-Cortu00E8s_18feb15_Jmbr_Bcn-200x300.jpg 200w, https:\/\/tomajazz.com\/web\/wp-content\/uploads\/2015\/03\/07_SBT-u00A9Joan-Cortu00E8s_18feb15_Jmbr_Bcn-37x55.jpg 37w\" sizes=\"auto, (max-width: 399px) 100vw, 399px\" \/><\/p>\n<p style=\"text-align: center;\"><img loading=\"lazy\" decoding=\"async\" class=\"aligncenter size-large wp-image-17360\" src=\"http:\/\/www.tomajazz.com\/web\/wp-content\/uploads\/2015\/03\/08_SBT-u00A9Joan-Cortu00E8s_18feb15_Jmbr_Bcn-600x399.jpg\" alt=\"08_SBT (u00A9Joan Cortu00E8s)_18feb15_Jmbr_Bcn\" width=\"600\" height=\"399\" title=\"\" srcset=\"https:\/\/tomajazz.com\/web\/wp-content\/uploads\/2015\/03\/08_SBT-u00A9Joan-Cortu00E8s_18feb15_Jmbr_Bcn.jpg 600w, https:\/\/tomajazz.com\/web\/wp-content\/uploads\/2015\/03\/08_SBT-u00A9Joan-Cortu00E8s_18feb15_Jmbr_Bcn-150x100.jpg 150w, https:\/\/tomajazz.com\/web\/wp-content\/uploads\/2015\/03\/08_SBT-u00A9Joan-Cortu00E8s_18feb15_Jmbr_Bcn-200x133.jpg 200w, https:\/\/tomajazz.com\/web\/wp-content\/uploads\/2015\/03\/08_SBT-u00A9Joan-Cortu00E8s_18feb15_Jmbr_Bcn-83x55.jpg 83w, https:\/\/tomajazz.com\/web\/wp-content\/uploads\/2015\/03\/08_SBT-u00A9Joan-Cortu00E8s_18feb15_Jmbr_Bcn-60x40.jpg 60w, https:\/\/tomajazz.com\/web\/wp-content\/uploads\/2015\/03\/08_SBT-u00A9Joan-Cortu00E8s_18feb15_Jmbr_Bcn-120x80.jpg 120w\" sizes=\"auto, (max-width: 600px) 100vw, 600px\" \/><\/p>\n<p>&nbsp;<\/p>\n<p style=\"text-align: right;\">\u00a9 Joan Cort\u00e8s, 2015<\/p>\n<p>&nbsp;<\/p>\n","protected":false},"excerpt":{"rendered":"<p>Fecha: Mi\u00e9rcoles, 18 de febrero de 2015 Lugar: Jamboree (Barcelona) Componentes: St\u00e9phane Belmondo Trio St\u00e9phane Belmondo, trompeta y fiscorno Thomas Bramerie, contrabajo Jesse Van Ruller, guitarra \u00a0 &nbsp; \u00a9 Joan Cort\u00e8s, 2015 &nbsp;<span class=\"more-link\"><a href=\"https:\/\/tomajazz.com\/web\/instantzz-stephane-belmondo-trio-jamboree-barcelona-2015-02-18\/\">Contin\u00faa leyendo<\/a><\/span><\/p>\n","protected":false},"author":1,"featured_media":17356,"comment_status":"open","ping_status":"closed","sticky":false,"template":"","format":"standard","meta":{"jetpack_post_was_ever_published":false,"_jetpack_newsletter_access":"","_jetpack_dont_email_post_to_subs":true,"_jetpack_newsletter_tier_id":0,"_jetpack_memberships_contains_paywalled_content":false,"_jetpack_memberships_contains_paid_content":false,"footnotes":""},"categories":[17853,11262,15516,11261,1038],"tags":[1125,12656,15275,11263,1046,13,12305,1041,12657,9508,12304,11612,16099,77,16100],"class_list":["entry","author-pachi","post-17351","post","type-post","status-publish","format-standard","has-post-thumbnail","category-joan-cortes","category-photoblogs","category-imagenes","category-instantzz","category-contenidos","tag-barcelona","tag-fotoblog","tag-galeria-fotografica","tag-instantzz-2","tag-jamboree","tag-jazz","tag-jesse-van-ruller","tag-joan-cortes","tag-photoblog","tag-stephane-belmondo","tag-stephane-belmondo-trio","tag-thomas-bramerie","tag-toma-jazz","tag-tomajazz","tag-tomajazz-toma-jazz"],"jetpack_featured_media_url":"https:\/\/tomajazz.com\/web\/wp-content\/uploads\/2015\/03\/04_SBT-u00A9Joan-Cortu00E8s_18feb15_Jmbr_Bcn.jpg","jetpack_likes_enabled":true,"jetpack_sharing_enabled":true,"jetpack-related-posts":[{"id":15678,"url":"https:\/\/tomajazz.com\/web\/instantzz-jacky-terrasson-stephane-belmondo-46-voll-damm-festival-internacional-de-jazz-de-barcelona-institut-francais-barcelona-2014-11-17\/","url_meta":{"origin":17351,"position":0},"title":"INSTANTZZ: Jacky Terrasson-St\u00e9phane Belmondo (46 Voll-Damm Festival Internacional de Jazz de Barcelona, Institut Fran\u00e7ais, Barcelona. 2014-11-17)","author":"Tomajazz","date":"26 noviembre, 2014","format":false,"excerpt":"46 Voll-Damm Festival Internacional de Jazz de Barcelona Jacky Terrasson-St\u00e9phane Belmondo Fecha: Lunes, 17 de noviembre de 2014 Lugar: Institut Fran\u00e7ais Componentes: Jacky Terrasson, piano St\u00e8phane Belmondo, trompeta y fiscorno Fotograf\u00edas: \u00a9 Joan Cort\u00e8s, 2014","rel":"","context":"En \u00ab*_Joan Cort\u00e8s\u00bb","block_context":{"text":"*_Joan Cort\u00e8s","link":"https:\/\/tomajazz.com\/web\/category\/joan-cortes\/"},"img":{"alt_text":"","src":"https:\/\/i0.wp.com\/tomajazz.com\/web\/wp-content\/uploads\/2014\/11\/07_JTSB-u00A9Joan-Cortu00E8s_17nov14_46WDFIJazz_Bcn.jpg?resize=350%2C200&ssl=1","width":350,"height":200,"srcset":"https:\/\/i0.wp.com\/tomajazz.com\/web\/wp-content\/uploads\/2014\/11\/07_JTSB-u00A9Joan-Cortu00E8s_17nov14_46WDFIJazz_Bcn.jpg?resize=350%2C200&ssl=1 1x, https:\/\/i0.wp.com\/tomajazz.com\/web\/wp-content\/uploads\/2014\/11\/07_JTSB-u00A9Joan-Cortu00E8s_17nov14_46WDFIJazz_Bcn.jpg?resize=525%2C300&ssl=1 1.5x"},"classes":[]},{"id":47580,"url":"https:\/\/tomajazz.com\/web\/instantzz-stephane-belmondo-gonzalo-del-val-manel-fortia-jazz-tardor-cafe-del-teatre-lleida-2019-11-09-galeria-fotografica\/","url_meta":{"origin":17351,"position":1},"title":"INSTANTZZ: St\u00e9phane Belmondo, Gonzalo Del Val &#038; Manel Forti\u00e0 (Jazz Tardor \u2013 Caf\u00e9 del Teatre, Lleida. 2019-11-09) [Galer\u00eda fotogr\u00e1fica]","author":"Sergio Cabanillas","date":"1 diciembre, 2019","format":false,"excerpt":"Sergio Cabanillas nos trae una galer\u00eda fotogr\u00e1fica - INSTANTZZ con la actuaci\u00f3n de St\u00e9phane Belmondo, Gonzalo Del Val & Manel Forti\u00e0 dentro de la programaci\u00f3n del Jazz Tardor de Lleida, en Caf\u00e9 del Teatre, el pasado 22 de noviembre de 2019.","rel":"","context":"En \u00abFotoblog - Galer\u00eda fotogr\u00e1fica\u00bb","block_context":{"text":"Fotoblog - Galer\u00eda fotogr\u00e1fica","link":"https:\/\/tomajazz.com\/web\/category\/contenidos\/imagenes\/photoblogs\/"},"img":{"alt_text":"Del Val, Forti\u00e0 & Belmondo \u00a9 Sergio Cabanillas, 2019","src":"https:\/\/i0.wp.com\/tomajazz.com\/web\/wp-content\/uploads\/2019\/11\/06_DEL_VAL_FORTIA_BELMONDO_2062_CABANIJAZZ.jpg?resize=350%2C200&ssl=1","width":350,"height":200,"srcset":"https:\/\/i0.wp.com\/tomajazz.com\/web\/wp-content\/uploads\/2019\/11\/06_DEL_VAL_FORTIA_BELMONDO_2062_CABANIJAZZ.jpg?resize=350%2C200&ssl=1 1x, https:\/\/i0.wp.com\/tomajazz.com\/web\/wp-content\/uploads\/2019\/11\/06_DEL_VAL_FORTIA_BELMONDO_2062_CABANIJAZZ.jpg?resize=525%2C300&ssl=1 1.5x"},"classes":[]},{"id":104557,"url":"https:\/\/tomajazz.com\/web\/russ-lossing-mood-trio-jamboree-2026\/","url_meta":{"origin":17351,"position":2},"title":"Russ Lossing Mood Trio (Jamboree-01, 2026-02-18 \/ Barcelona) Por Joan Cort\u00e8s [INSTANTZZ AKA Galer\u00eda fotogr\u00e1fica AKA Fotoblog de jazz, impro\u2026 y algo m\u00e1s]","author":"Tomajazz","date":"24 marzo, 2026","format":false,"excerpt":"Russ Lossing Mood Trio actu\u00f3 en Jamboree el 18 de febrero de 2025. Joan Cort\u00e8s lo retrata en INSTANTZZ. Russ Lossing Mood Trio son Russ Lossing, Masa Kamaguchi, Dayeon Seok","rel":"","context":"En \u00abINSTANTZZ\u00bb","block_context":{"text":"INSTANTZZ","link":"https:\/\/tomajazz.com\/web\/category\/contenidos\/imagenes\/photoblogs\/instantzz\/"},"img":{"alt_text":"Russ Lossing Mood Trio (Jamboree-01, 2026-02-18 \/ Barcelona) Por Joan Cort\u00e8s [INSTANTZZ AKA Galer\u00eda fotogr\u00e1fica AKA Fotoblog de jazz, impro\u2026 y algo m\u00e1s] - Tomajazz - Russ Lossing Mood Trio actu\u00f3 en Jamboree el 18 de febrero de 2025. Joan Cort\u00e8s lo retrata en INSTANTZZ. Russ Lossing Mood Trio son \nRuss Lossing, Masa Kamaguchi, Dayeon Seok","src":"https:\/\/i0.wp.com\/tomajazz.com\/web\/wp-content\/uploads\/2026\/03\/destacado-07-Rss-Lssng-Photo-by-Joan-Cortes-18fbr26-Jmbr-Bcn.jpg?resize=350%2C200&ssl=1","width":350,"height":200,"srcset":"https:\/\/i0.wp.com\/tomajazz.com\/web\/wp-content\/uploads\/2026\/03\/destacado-07-Rss-Lssng-Photo-by-Joan-Cortes-18fbr26-Jmbr-Bcn.jpg?resize=350%2C200&ssl=1 1x, https:\/\/i0.wp.com\/tomajazz.com\/web\/wp-content\/uploads\/2026\/03\/destacado-07-Rss-Lssng-Photo-by-Joan-Cortes-18fbr26-Jmbr-Bcn.jpg?resize=525%2C300&ssl=1 1.5x"},"classes":[]},{"id":103216,"url":"https:\/\/tomajazz.com\/web\/manon-mullener-trio-jamboree-2025\/","url_meta":{"origin":17351,"position":3},"title":"Manon Mullener Trio (Jamboree, 2025-11-26 \/ Barcelona) Por Joan Cort\u00e8s [INSTANTZZ AKA Galer\u00eda fotogr\u00e1fica AKA Fotoblog de jazz, impro\u2026 y algo m\u00e1s]","author":"Tomajazz","date":"8 enero, 2026","format":false,"excerpt":"Manon Mullener Trio actu\u00f3 en Jamboree, Barcelona, el 26 de noviembre de 2025. Joan Cort\u00e8s lo retrata en INSTANTZZ. Actuaron Manon Mullener, Rodrigo Aravena, Lucien Mullener, Yuri Hern\u00e1ndez","rel":"","context":"En \u00ab*_Joan Cort\u00e8s\u00bb","block_context":{"text":"*_Joan Cort\u00e8s","link":"https:\/\/tomajazz.com\/web\/category\/joan-cortes\/"},"img":{"alt_text":"Manon Mullener Trio (Jamboree, 2025-11-26 \/ Barcelona) Por Joan Cort\u00e8s [INSTANTZZ AKA Galer\u00eda fotogr\u00e1fica AKA Fotoblog de jazz, impro\u2026 y algo m\u00e1s] - Tomajazz - Manon Mullener Trio actu\u00f3 en Jamboree, Barcelona, el 26 de noviembre de 2025. Joan Cort\u00e8s lo retrata en INSTANTZZ. Actuaron Manon Mullener, Rodrigo Aravena, Lucien Mullener, Yuri Hern\u00e1ndez\n","src":"https:\/\/i0.wp.com\/tomajazz.com\/web\/wp-content\/uploads\/2026\/01\/destacado-08-Mnn-Mllnr-Photo-by-Joan-Cortes-26nvm25-Jmbrr-Bcn.jpg?resize=350%2C200&ssl=1","width":350,"height":200,"srcset":"https:\/\/i0.wp.com\/tomajazz.com\/web\/wp-content\/uploads\/2026\/01\/destacado-08-Mnn-Mllnr-Photo-by-Joan-Cortes-26nvm25-Jmbrr-Bcn.jpg?resize=350%2C200&ssl=1 1x, https:\/\/i0.wp.com\/tomajazz.com\/web\/wp-content\/uploads\/2026\/01\/destacado-08-Mnn-Mllnr-Photo-by-Joan-Cortes-26nvm25-Jmbrr-Bcn.jpg?resize=525%2C300&ssl=1 1.5x"},"classes":[]},{"id":104948,"url":"https:\/\/tomajazz.com\/web\/rale-micic-trio-jamboree-2026\/","url_meta":{"origin":17351,"position":4},"title":"Rale Micic Trio (Jamboree-01, 2026-03-03 \/ Barcelona) Por Joan Cort\u00e8s [INSTANTZZ AKA Galer\u00eda fotogr\u00e1fica AKA Fotoblog de jazz, impro\u2026 y algo m\u00e1s]","author":"Tomajazz","date":"18 abril, 2026","format":false,"excerpt":"Rale Micic Trio actu\u00f3 en Jamboree, Barceloa, el 3 de marzo de 2026. Joan Cort\u00e8s lo retrata en INSTANTZZ. Rale Micic Trio son Rale Micic, Ugonna Okegwo, E.J. Strickland","rel":"","context":"En \u00ab*_Joan Cort\u00e8s\u00bb","block_context":{"text":"*_Joan Cort\u00e8s","link":"https:\/\/tomajazz.com\/web\/category\/joan-cortes\/"},"img":{"alt_text":"Rale Micic Trio (Jamboree-01, 2026-03-03 \/ Barcelona) Por Joan Cort\u00e8s [INSTANTZZ AKA Galer\u00eda fotogr\u00e1fica AKA Fotoblog de jazz, impro\u2026 y algo m\u00e1s] - Tomajazz - Rale Micic Trio actu\u00f3 en Jamboree, Barceloa, el 3 de marzo de 2026. Joan Cort\u00e8s lo retrata en INSTANTZZ. Rale Micic Trio son Rale Micic, Ugonna Okegwo, E.J. Strickland\n","src":"https:\/\/i0.wp.com\/tomajazz.com\/web\/wp-content\/uploads\/2026\/04\/destacada-10-Rl-Mcc-Tr-Photo-By-Joan-Cortes-03mrc26-Jmbr-Bcn.jpg?resize=350%2C200&ssl=1","width":350,"height":200,"srcset":"https:\/\/i0.wp.com\/tomajazz.com\/web\/wp-content\/uploads\/2026\/04\/destacada-10-Rl-Mcc-Tr-Photo-By-Joan-Cortes-03mrc26-Jmbr-Bcn.jpg?resize=350%2C200&ssl=1 1x, https:\/\/i0.wp.com\/tomajazz.com\/web\/wp-content\/uploads\/2026\/04\/destacada-10-Rl-Mcc-Tr-Photo-By-Joan-Cortes-03mrc26-Jmbr-Bcn.jpg?resize=525%2C300&ssl=1 1.5x"},"classes":[]},{"id":102232,"url":"https:\/\/tomajazz.com\/web\/andre-marques-trio-jamboree-2025\/","url_meta":{"origin":17351,"position":5},"title":"Andr\u00e9 Marques Trio (Jamboree -sala 1-, 2025-11-07 \/ Barcelona) Por Joan Cort\u00e8s [INSTANTZZ AKA Galer\u00eda fotogr\u00e1fica AKA Fotoblog de jazz, impro\u2026 y algo m\u00e1s]","author":"Tomajazz","date":"27 noviembre, 2025","format":false,"excerpt":"Andr\u00e9 Marques Trio actu\u00f3 en Jamboree, el 7 de noviembre de 2025. Joan Cort\u00e8s lo retrata en INSTANTZZ. Actuaron Andr\u00e9 Marques, Marcel Bottaro, Fulvio Alberto Moraes","rel":"","context":"En \u00ab*_Joan Cort\u00e8s\u00bb","block_context":{"text":"*_Joan Cort\u00e8s","link":"https:\/\/tomajazz.com\/web\/category\/joan-cortes\/"},"img":{"alt_text":"Andr\u00e9 Marques Trio (Jamboree -sala 1-, 2025-11-07 \/ Barcelona) Por Joan Cort\u00e8s [INSTANTZZ AKA Galer\u00eda fotogr\u00e1fica AKA Fotoblog de jazz, impro\u2026 y algo m\u00e1s] - Tomajazz - Andr\u00e9 Marques Trio actu\u00f3 en Jamboree, el 7 de noviembre de 2025. Joan Cort\u00e8s lo retrata en INSTANTZZ. Actuaron Andr\u00e9 Marques, Marcel Bottaro, Fulvio Alberto Moraes\n","src":"https:\/\/i0.wp.com\/tomajazz.com\/web\/wp-content\/uploads\/2025\/11\/destacada-05-ndr-Mrqs-tr-%C2%A9Joan-Cortes-07nvm25-Jmbr-Bcn.jpg?resize=350%2C200&ssl=1","width":350,"height":200,"srcset":"https:\/\/i0.wp.com\/tomajazz.com\/web\/wp-content\/uploads\/2025\/11\/destacada-05-ndr-Mrqs-tr-%C2%A9Joan-Cortes-07nvm25-Jmbr-Bcn.jpg?resize=350%2C200&ssl=1 1x, https:\/\/i0.wp.com\/tomajazz.com\/web\/wp-content\/uploads\/2025\/11\/destacada-05-ndr-Mrqs-tr-%C2%A9Joan-Cortes-07nvm25-Jmbr-Bcn.jpg?resize=525%2C300&ssl=1 1.5x"},"classes":[]}],"_links":{"self":[{"href":"https:\/\/tomajazz.com\/web\/wp-json\/wp\/v2\/posts\/17351","targetHints":{"allow":["GET"]}}],"collection":[{"href":"https:\/\/tomajazz.com\/web\/wp-json\/wp\/v2\/posts"}],"about":[{"href":"https:\/\/tomajazz.com\/web\/wp-json\/wp\/v2\/types\/post"}],"author":[{"embeddable":true,"href":"https:\/\/tomajazz.com\/web\/wp-json\/wp\/v2\/users\/1"}],"replies":[{"embeddable":true,"href":"https:\/\/tomajazz.com\/web\/wp-json\/wp\/v2\/comments?post=17351"}],"version-history":[{"count":1,"href":"https:\/\/tomajazz.com\/web\/wp-json\/wp\/v2\/posts\/17351\/revisions"}],"predecessor-version":[{"id":17361,"href":"https:\/\/tomajazz.com\/web\/wp-json\/wp\/v2\/posts\/17351\/revisions\/17361"}],"wp:featuredmedia":[{"embeddable":true,"href":"https:\/\/tomajazz.com\/web\/wp-json\/wp\/v2\/media\/17356"}],"wp:attachment":[{"href":"https:\/\/tomajazz.com\/web\/wp-json\/wp\/v2\/media?parent=17351"}],"wp:term":[{"taxonomy":"category","embeddable":true,"href":"https:\/\/tomajazz.com\/web\/wp-json\/wp\/v2\/categories?post=17351"},{"taxonomy":"post_tag","embeddable":true,"href":"https:\/\/tomajazz.com\/web\/wp-json\/wp\/v2\/tags?post=17351"}],"curies":[{"name":"wp","href":"https:\/\/api.w.org\/{rel}","templated":true}]}}