{"id":17774,"date":"2015-03-27T11:00:14","date_gmt":"2015-03-27T10:00:14","guid":{"rendered":"http:\/\/www.tomajazz.com\/web\/?p=17774"},"modified":"2016-11-13T17:42:37","modified_gmt":"2016-11-13T16:42:37","slug":"paolo-conte-recuerdos-en-blanco-y-negro-por-jesus-gonzalo","status":"publish","type":"post","link":"https:\/\/tomajazz.com\/web\/paolo-conte-recuerdos-en-blanco-y-negro-por-jesus-gonzalo\/","title":{"rendered":"Paolo Conte. Recuerdos en blanco y negro. Por Jes\u00fas Gonzalo"},"content":{"rendered":"<p><center><figure id=\"attachment_17776\" aria-describedby=\"caption-attachment-17776\" style=\"width: 391px\" class=\"wp-caption aligncenter\"><img loading=\"lazy\" decoding=\"async\" class=\"wp-image-17776 size-large\" src=\"http:\/\/www.tomajazz.com\/web\/wp-content\/uploads\/2015\/03\/Paolo-Conte-foto-di-Cesare-Cicardini01-391x600.jpg\" alt=\"\u00a9 Cesare Cicardini\" width=\"391\" height=\"600\" title=\"\"><figcaption id=\"caption-attachment-17776\" class=\"wp-caption-text\"><center>\u00a9 Cesare Cicardini<\/center><\/figcaption><\/figure><\/center><\/p>\n<p style=\"text-align: justify;\">El imaginario po\u00e9tico de Paolo Conte no pertenece a esta \u00e9poca; la suya\u00a0qued\u00f3 prendida de las im\u00e1genes y los sonidos de los a\u00f1os 20 y 30, del calor hogare\u00f1o de la radio, de las pel\u00edculas en blanco y negro, del claqu\u00e9, de la\u00a0<em>chanson\u00a0<\/em>francesa, las canciones napolitanas de principios del siglo XX, las habaneras y congas de la vieja Cuba y de una furtiva pasi\u00f3n familiar por el jazz durante la censura fascista.\u00a0Tras el \u00e9xito de\u00a0\u201cAzzurro\u201d<em>\u00a0<\/em>(lanzado por Adriano Celentano), a partir de los 70, Conte decide que nadie mejor que \u00e9l pod\u00eda interpretar sus melod\u00edas.\u00a0Rechaza la etiqueta de int\u00e9rprete de jazz aunque defienda que es la m\u00fasica que describe mejor las emociones pues \u00abes una forma de vivir\u00bb&#8230;Nunca\u00a0se ha considerado un buen\u00a0cantante, porque, dice, el\u00a0<em>bel canto\u00a0<\/em>\u201cno es del pueblo\u201d.<\/p>\n<p style=\"text-align: justify;\">Cantante, compositor y m\u00fasico, temprano abogado de oficio tras\u00a0completar\u00a0los estudios de Derecho en la Universidad de Parma, Paolo Conte\u00a0naci\u00f3 en Astia, Piamonte, en 1943 dentro de una familia burguesa dedicada a la abogac\u00eda y amante de la m\u00fasica (padre y madre pianistas).\u00a0Par\u00eds lo encumbr\u00f3 en los 80 antes que Italia. Era la \u00e9poca de dos de sus grandes temas,\u00a0\u201cUn gelato al lim\u00f3n\u201d y\u00a0luego de\u00a0\u201cVia con me\u201d.<\/p>\n<p><center><figure id=\"attachment_17777\" aria-describedby=\"caption-attachment-17777\" style=\"width: 600px\" class=\"wp-caption aligncenter\"><img loading=\"lazy\" decoding=\"async\" class=\"size-large wp-image-17777\" src=\"http:\/\/www.tomajazz.com\/web\/wp-content\/uploads\/2015\/03\/a1e6a09771f75ad3fb2f1be0cb9729b6-600x416.jpeg\" alt=\"\u00a9 Paola Righetti \" width=\"600\" height=\"416\" title=\"\"><figcaption id=\"caption-attachment-17777\" class=\"wp-caption-text\"><center>\u00a9 Daniela Zedda<\/center><\/figcaption><\/figure><\/center><\/p>\n<p style=\"text-align: justify;\"><img loading=\"lazy\" decoding=\"async\" class=\"alignleft size-medium wp-image-17780\" src=\"http:\/\/www.tomajazz.com\/web\/wp-content\/uploads\/2015\/03\/Paolo-Conte_Snob-200x200.jpg\" alt=\"Paolo Conte_Snob\" width=\"200\" height=\"200\" title=\"\" srcset=\"https:\/\/tomajazz.com\/web\/wp-content\/uploads\/2015\/03\/Paolo-Conte_Snob-200x200.jpg 200w, https:\/\/tomajazz.com\/web\/wp-content\/uploads\/2015\/03\/Paolo-Conte_Snob-150x150.jpg 150w, https:\/\/tomajazz.com\/web\/wp-content\/uploads\/2015\/03\/Paolo-Conte_Snob.jpg 600w, https:\/\/tomajazz.com\/web\/wp-content\/uploads\/2015\/03\/Paolo-Conte_Snob-55x55.jpg 55w\" sizes=\"auto, (max-width: 200px) 100vw, 200px\" \/>Paolo Conte, con 78 a\u00f1os, presenta en Asti, su ciudad natal,\u00a0<em>Snob<\/em>. Un lugar de 75.000 habitantes que nunca, pese a la fama, abandon\u00f3:\u00a0\u00abCuando est\u00e1s en una gran ciudad te encuentras demasiado metido entre gente que ve todo igual y razona del mismo modo. En Asti, sin embargo, tengo distancia para ver el mundo\u00bb&#8230;\u00a0S\u00f3lo \u00e9l, un viejo moderno solitario, podr\u00eda empezar as\u00ed un disco como\u00a0<em>Elegia<\/em>\u00a0as\u00ed&#8230;<\/p>\n<blockquote><p>Abandono mi infancia,\u00a0cada ingenuidad sentida<br \/>\nEl amor es hechicero,\u00a0un fuego hist\u00e9rico grandioso&#8230;<\/p><\/blockquote>\n<p style=\"text-align: justify;\">El mon\u00f3logo interior de una voz curtida en la noche y en la soledad, el tono de sincera melancol\u00eda de un chelo que viaja al un\u00edsono con el romanticismo\u00a0herido del piano penetran con suavidad pero sin remedio desde el comienzo.\u00a0<em>Elegia<\/em><em>\u00a0<\/em>(2004)<em>\u00a0<\/em>es poes\u00eda hecha de retazos de existencia, de sue\u00f1os y de frustraciones.<\/p>\n<p style=\"text-align: justify;\">Desde siempre, Paolo Conte ha sentido fascinaci\u00f3n por las mujeres. En sus letras se deja sentir una devoci\u00f3n por ese mundo misterioso (\u201cnadie las entender\u00e1\u201d). Las palabras y la poes\u00eda se le quedan cortas para describir su belleza enigm\u00e1tica.\u00a0La m\u00fasica (\u201cque es femenina\u201d) viene en su ayuda, aunque a veces ni siquiera la uni\u00f3n de estas poderosas armas de seducci\u00f3n sirva de algo. En\u00a0\u201cMolto Lontano\u201d<em>\u00a0<\/em>dice<em>&#8230;<\/em><\/p>\n<blockquote><p>Quiz\u00e1s no me ames.<br \/>\nMe encontrar\u00e1s y sonreir\u00e1s, pero no me amar\u00e1s.<br \/>\nMe escuchar\u00e1s y seguir\u00e1s, pero no me amar\u00e1s.<br \/>\nQuiz\u00e1s no me ames.<br \/>\nMe hablar\u00e1s y abrazar\u00e1s,\u00a0pero no me amar\u00e1s.<\/p><\/blockquote>\n<p style=\"text-align: justify;\">Tras presentarse como un di\u00e1logo c\u00e1lido entre\u00a0m\u00fasica popular italiana y tango (g\u00e9nero que aparece de vez en vez y define uno de sus t\u00edtulos m\u00e1s se\u00f1alados:\u00a0\u201cAlle prese con una verde milonga\u201d<em>),<\/em>\u00a0el estribillo de este\u00a0\u201cLejos, muy lejos\u201d<em>\u00a0<\/em>entra en un maravilloso giro tem\u00e1tico que se balancea sobre la resignaci\u00f3n de la voz y el destino no compartido.<\/p>\n<p><center><figure id=\"attachment_17778\" aria-describedby=\"caption-attachment-17778\" style=\"width: 600px\" class=\"wp-caption aligncenter\"><img loading=\"lazy\" decoding=\"async\" class=\"wp-image-17778 size-large\" src=\"http:\/\/www.tomajazz.com\/web\/wp-content\/uploads\/2015\/03\/paolo_conte134-600x400.jpg\" alt=\"paolo_conte134\" width=\"600\" height=\"400\" title=\"\" srcset=\"https:\/\/tomajazz.com\/web\/wp-content\/uploads\/2015\/03\/paolo_conte134-600x400.jpg 600w, https:\/\/tomajazz.com\/web\/wp-content\/uploads\/2015\/03\/paolo_conte134-150x100.jpg 150w, https:\/\/tomajazz.com\/web\/wp-content\/uploads\/2015\/03\/paolo_conte134-200x133.jpg 200w, https:\/\/tomajazz.com\/web\/wp-content\/uploads\/2015\/03\/paolo_conte134-82x55.jpg 82w, https:\/\/tomajazz.com\/web\/wp-content\/uploads\/2015\/03\/paolo_conte134-60x40.jpg 60w, https:\/\/tomajazz.com\/web\/wp-content\/uploads\/2015\/03\/paolo_conte134-120x80.jpg 120w, https:\/\/tomajazz.com\/web\/wp-content\/uploads\/2015\/03\/paolo_conte134.jpg 700w\" sizes=\"auto, (max-width: 600px) 100vw, 600px\" \/><figcaption id=\"caption-attachment-17778\" class=\"wp-caption-text\"><center>\u00a9 Paola Righetti<\/center><\/figcaption><\/figure><\/center><\/p>\n<p style=\"text-align: justify;\">Su mirada cr\u00edtica e ir\u00f3nica sobre el mundo contempor\u00e1neo, tratado con cierto desd\u00e9n, aparece en\u00a0\u201cIndia\u201d\u00a0y\u00a0\u201cLavecchia giacca nuova\u201d. El mundo neocolonial, la tecnolog\u00eda vendida como soluci\u00f3n\u00a0y las fr\u00edvolas exhibiciones de lo privado le inspiran sarcasmo a ritmo ligero de charlest\u00f3n y\u00a0<em>ragtime<\/em>.<\/p>\n<blockquote><p>La psique sabe\u00a0leer,<br \/>\nescribir&#8230;<br \/>\nP\u00e1lida l\u00e1mpara \u00e1rabe<\/p><\/blockquote>\n<p style=\"text-align: justify;\">En los \u00faltimos trabajos encontramos a un autor m\u00e1s desinhibido emotivamente, cercano al mundo de la canci\u00f3n francesa y un acercamiento hacia el pop jazz. Esto lo consigue introduciendo instrumentos como teclados (sonido cuerdas), guitarra el\u00e9ctrica y acorde\u00f3n. El contraste entre el tono grave y apesadumbrado y la iron\u00eda o ligereza, esa especie opereta cr\u00edtica, tiene un matiz distinto tanto en\u00a0<em>Psiche<\/em>\u00a0(2008) como en\u00a0<em>Nelson<\/em>\u00a0(2010).<\/p>\n<p style=\"text-align: justify;\">El peso existencial o la p\u00e9rdida dejan paso a una narraci\u00f3n m\u00e1s viajera que reflexiva, conectada incluso con el mundo gitano centroeuropeo (\u201cLudnilla\u201d) o a una imagen idealizada y ex\u00f3tica de la antigua Samarcanda&#8230;<\/p>\n<blockquote><p>Se desnuda odalisca<br \/>\ny a la hora en que lo hace&#8230;<br \/>\nexasperante languidez que ayuda<br \/>\na la orquesta de mi coraz\u00f3n<br \/>\nR\u00ede la estrella Aldebar\u00e1n<\/p><\/blockquote>\n<p style=\"text-align: justify;\">Letra y m\u00fasica quedan arropadas por una misma narraci\u00f3n. Son met\u00e1foras e im\u00e1genes pret\u00e9ritas y ex\u00f3ticas del Mediterr\u00e1neo y de Oriente, enso\u00f1aciones po\u00e9ticas del desconsuelo y tambi\u00e9n de la pasi\u00f3n. Es un Paolo Conte m\u00e1s apegado a las cosas terrenales y a territorios concretos como Francia, Espa\u00f1a, por supuesto Italia y tambi\u00e9n China y Turqu\u00eda.<\/p>\n<p><center><figure id=\"attachment_17779\" aria-describedby=\"caption-attachment-17779\" style=\"width: 500px\" class=\"wp-caption aligncenter\"><img loading=\"lazy\" decoding=\"async\" class=\"size-full wp-image-17779\" src=\"http:\/\/www.tomajazz.com\/web\/wp-content\/uploads\/2015\/03\/1337597057563paolo-conte-large.jpg\" alt=\"\u00a9 Paola Righetti \" width=\"500\" height=\"300\" title=\"\" srcset=\"https:\/\/tomajazz.com\/web\/wp-content\/uploads\/2015\/03\/1337597057563paolo-conte-large.jpg 500w, https:\/\/tomajazz.com\/web\/wp-content\/uploads\/2015\/03\/1337597057563paolo-conte-large-150x90.jpg 150w, https:\/\/tomajazz.com\/web\/wp-content\/uploads\/2015\/03\/1337597057563paolo-conte-large-200x120.jpg 200w, https:\/\/tomajazz.com\/web\/wp-content\/uploads\/2015\/03\/1337597057563paolo-conte-large-92x55.jpg 92w\" sizes=\"auto, (max-width: 500px) 100vw, 500px\" \/><figcaption id=\"caption-attachment-17779\" class=\"wp-caption-text\"><center>\u00a9 Paola Righetti<\/center><\/figcaption><\/figure><\/center><\/p>\n<p style=\"text-align: justify;\">Su \u00faltimo trabajo de noviembre de 2014 se titula\u00a0<em>Snob<\/em>. Y la raz\u00f3n del t\u00edtulo de un autor que siempre ha desconfiado y criticado las moderneces (afirma que no usa internet) es \u00e9sta: \u00abExisten tres tipos de personas que se salen del mont\u00f3n\u00a0y que de alg\u00fan modo se parecen: el intelectual, el &#8216;snob&#8217; y el &#8216;dandy&#8217;. Yo, de esas tres, me quedo con el &#8216;dandy&#8217;, que es el m\u00e1s puro y profundo. El &#8216;snob&#8217; es superficial, un &#8216;parvenu&#8217;, un advenedizo\u00bb.<\/p>\n<blockquote><p>Tropical, tropical, tropical<br \/>\nera la \u00faltima samba de los a\u00f1os 50 &#8230;.<br \/>\ntropical<br \/>\nen el marco p\u00e1lido del norte de Europa<br \/>\ny nosotros abajo<br \/>\nconfidencial\u2026<br \/>\nun poco m\u00e1s abajo<br \/>\nestafa total<\/p><\/blockquote>\n<p style=\"text-align: justify;\"><em>Elegia<\/em>,\u00a0<em>Psiche,\u00a0Nelson\u00a0<\/em>y\u00a0<em>Snob<\/em>. Cuatro trabajos, una sola palabra los define y titula. Mientras que\u00a0<em>Eleg\u00eda<\/em>\u00a0mantiene el tono de su t\u00edtulo, el cariz de los otros se decanta por un estado de \u00e1nimo m\u00e1s abierto y positivo, como rejuvenecido. Los tres\u00a0mantienen el principio de imaginer\u00eda abreviada en el repertorio habitual de Paolo Conte: no superar la duraci\u00f3n ideal para contar una historia entre dos y cuatro minutos.<\/p>\n<p style=\"text-align: justify;\">Como sucede con otros grandes narradores que han coqueteado con el jazz y la poes\u00eda surrealista como Tom Waits, sus temas cl\u00e1sicos sobrevuelan sin remedio el palpitar de algunos nuevos, los ritmos onomatop\u00e9yicos o de trompeta en su voz, la mezcla de italiano e ingl\u00e9s, a grandes rasgos estos discos de los \u00faltimos diez a\u00f1os ofrecen una imagen continuadora y a la vez renovada del autor.<\/p>\n<p style=\"text-align: justify;\">Prueba de ello es el tema\u00a0\u201cTropical\u201d\u00a0(precioso v\u00eddeo <em>vintage<\/em>) que se destaca en su \u00faltima entrega\u00a0<em>Snob<\/em>.\u00a0Su voz rota sigue mostrando ese gesto de cierto cansancio en\u00a0las terminaciones que se convierte en humor sat\u00edrico\u00a0o bien en pesadumbre.\u00a0Unos precisos arreglos orquestales llenos de matices (metales y cuerdas) y nuevos sonidos (teclados, combinaci\u00f3n de acorde\u00f3n y guitarra el\u00e9ctrica) dan m\u00e1xima expresividad a una libertad instrumental m\u00ednima.<\/p>\n<p>Como ilustrado perdido en el tiempo, amante desconsolado y sat\u00edrico, el pret\u00e9rito imperfecto de Paolo Conte sigue latiendo cercano.<\/p>\n<p style=\"text-align: right;\">Texto: \u00a9<a href=\"http:\/\/noiself.blogspot.com.es\/\" target=\"_blank\" rel=\"noopener\"> Jes\u00fas Gonzalo<\/a>, 2015<br \/>\nFotograf\u00edas: \u00a9 Paola Righetti, Daniela Zedda y Cesare Cicardini (indicado en cada fotograf\u00eda)<\/p>\n","protected":false},"excerpt":{"rendered":"<p>El imaginario po\u00e9tico de Paolo Conte no pertenece a esta \u00e9poca; la suya\u00a0qued\u00f3 prendida de las im\u00e1genes y los sonidos de los a\u00f1os 20 y 30, del calor hogare\u00f1o de la radio, de las pel\u00edculas en blanco y negro, del claqu\u00e9, de la\u00a0chanson\u00a0francesa, las canciones napolitanas de principios del siglo<span class=\"more-link\"><a href=\"https:\/\/tomajazz.com\/web\/paolo-conte-recuerdos-en-blanco-y-negro-por-jesus-gonzalo\/\">Contin\u00faa leyendo<\/a><\/span><\/p>\n","protected":false},"author":1,"featured_media":17776,"comment_status":"open","ping_status":"closed","sticky":false,"template":"","format":"standard","meta":{"jetpack_post_was_ever_published":false,"_jetpack_newsletter_access":"","_jetpack_dont_email_post_to_subs":true,"_jetpack_newsletter_tier_id":0,"_jetpack_memberships_contains_paywalled_content":false,"_jetpack_memberships_contains_paid_content":false,"footnotes":""},"categories":[17857,78,15504,9,1038],"tags":[12482,12484,8077,12483,12481,12485,16099,16100],"class_list":["entry","author-pachi","post-17774","post","type-post","status-publish","format-standard","has-post-thumbnail","category-jesus-gonzalo","category-afondo","category-articulos-afondo","category-perfiles","category-contenidos","tag-cesare-cicardini","tag-daniela-zedda","tag-jesus-gonzalo","tag-paola-righetti","tag-paolo-conte","tag-tom-waits","tag-toma-jazz","tag-tomajazz-toma-jazz"],"jetpack_featured_media_url":"https:\/\/tomajazz.com\/web\/wp-content\/uploads\/2015\/03\/Paolo-Conte-foto-di-Cesare-Cicardini01-e1427398812290.jpg","jetpack_likes_enabled":true,"jetpack_sharing_enabled":true,"jetpack-related-posts":[{"id":17894,"url":"https:\/\/tomajazz.com\/web\/paolo-fresu-daniele-di-bonaventura-in-maggiore-ecm-2015\/","url_meta":{"origin":17774,"position":0},"title":"Paolo Fresu &#8211; Daniele di Bonaventura: In maggiore (ECM, 2015)","author":"Jes\u00fas Gonzalo","date":"9 abril, 2015","format":false,"excerpt":"Segundo trabajo a d\u00fao para el sello ECM\u00a0del trompetista sardo Paolo Fresu, que ya hab\u00eda entregado el muy recomendable Mistico mediterraneo en 2011 junto a este bandoneonista, pero arropado polif\u00f3nicamente por los siempre singulares cantos del conjunto vocal de esa isla italiana A Filetta. Un di\u00e1logo que ampl\u00eda el compartido\u2026","rel":"","context":"En \u00ab*_Jes\u00fas Gonzalo\u00bb","block_context":{"text":"*_Jes\u00fas Gonzalo","link":"https:\/\/tomajazz.com\/web\/category\/jesus-gonzalo\/"},"img":{"alt_text":"","src":"https:\/\/i0.wp.com\/tomajazz.com\/web\/wp-content\/uploads\/2015\/04\/paolo-fresu-daniele-di-bonaventura-in-maggiore.jpg?resize=350%2C200&ssl=1","width":350,"height":200},"classes":[]},{"id":104200,"url":"https:\/\/tomajazz.com\/web\/paolo-angeli-museu-de-la-musica-2026\/","url_meta":{"origin":17774,"position":1},"title":"Paolo Angeli \u201cLema\u201d (Cicle Guitarres \/ Museu de la M\u00fasica, 2026-01-15 \/ Barcelona) Por Joan Cort\u00e8s [INSTANTZZ AKA Galer\u00eda fotogr\u00e1fica AKA Fotoblog de jazz, impro\u2026 y algo m\u00e1s]","author":"Tomajazz","date":"26 febrero, 2026","format":false,"excerpt":"Paolo Angeli \u201cLema\u201d actu\u00f3 en el Cicle Guitarres en el Museu de la M\u00fasica de Barcelona el 15 de enero de 2026. Joan Cort\u00e8s lo retrata en INSTANTZZ","rel":"","context":"En \u00abINSTANTZZ\u00bb","block_context":{"text":"INSTANTZZ","link":"https:\/\/tomajazz.com\/web\/category\/contenidos\/imagenes\/photoblogs\/instantzz\/"},"img":{"alt_text":"Paolo Angeli \u201cLema\u201d (Cicle Guitarres \/ Museu de la M\u00fasica, 2026-01-15 \/ Barcelona) Por Joan Cort\u00e8s [INSTANTZZ AKA Galer\u00eda fotogr\u00e1fica AKA Fotoblog de jazz, impro\u2026 y algo m\u00e1s] - Tomajazz - Paolo Angeli \u201cLema\u201d actu\u00f3 en el Cicle Guitarres en el Museu de la M\u00fasica de Barcelona el 15 de enero de 2026. Joan Cort\u00e8s lo retrata en INSTANTZZ","src":"https:\/\/i0.wp.com\/tomajazz.com\/web\/wp-content\/uploads\/2026\/02\/destacada-03-Pl-ngl-Photo-by-Joan-Cortes-15gnr26-Ms-d-l-Msc-Bcn.jpg?resize=350%2C200&ssl=1","width":350,"height":200,"srcset":"https:\/\/i0.wp.com\/tomajazz.com\/web\/wp-content\/uploads\/2026\/02\/destacada-03-Pl-ngl-Photo-by-Joan-Cortes-15gnr26-Ms-d-l-Msc-Bcn.jpg?resize=350%2C200&ssl=1 1x, https:\/\/i0.wp.com\/tomajazz.com\/web\/wp-content\/uploads\/2026\/02\/destacada-03-Pl-ngl-Photo-by-Joan-Cortes-15gnr26-Ms-d-l-Msc-Bcn.jpg?resize=525%2C300&ssl=1 1.5x"},"classes":[]},{"id":60432,"url":"https:\/\/tomajazz.com\/web\/jazz-palma-festival-2022-4-al-13-de-febrero-de-2022-palma-noticias-de-jazz\/","url_meta":{"origin":17774,"position":2},"title":"Jazz Palma Festival 2022 (4 al 13 de febrero de 2022. Palma) [Noticias de jazz]","author":"Tomajazz","date":"21 enero, 2022","format":false,"excerpt":"Entre el 4 y el 13 de febrero de 2022 tendr\u00e1 lugar la tercera edici\u00f3n de Jazz Palma Festival. Eli Degibri, Mois\u00e9s P. S\u00e1nchez Project, un Concierto Homenaje a Chick Corea con Jorge Pardo, Carles Benaventy la Orquestra Simfonica de les Illes Balears, Marco Mezquida o Gonzalo del Val Tr\u00edo\u2026","rel":"","context":"En \u00ab*_Redacci\u00f3n\u00bb","block_context":{"text":"*_Redacci\u00f3n","link":"https:\/\/tomajazz.com\/web\/category\/redaccion\/"},"img":{"alt_text":"Jazz Palma Festival 2022","src":"https:\/\/i0.wp.com\/tomajazz.com\/web\/wp-content\/uploads\/2022\/01\/Jazz-Palma-Festival-2022-3-Edicion.jpg?resize=350%2C200&ssl=1","width":350,"height":200,"srcset":"https:\/\/i0.wp.com\/tomajazz.com\/web\/wp-content\/uploads\/2022\/01\/Jazz-Palma-Festival-2022-3-Edicion.jpg?resize=350%2C200&ssl=1 1x, https:\/\/i0.wp.com\/tomajazz.com\/web\/wp-content\/uploads\/2022\/01\/Jazz-Palma-Festival-2022-3-Edicion.jpg?resize=525%2C300&ssl=1 1.5x"},"classes":[]},{"id":31133,"url":"https:\/\/tomajazz.com\/web\/instantzz-paolo-fresu-daniele-di-bonaventura-casino-lalianca-del-poble-nou-barcelona-2017-05-09-galeria-fotografica\/","url_meta":{"origin":17774,"position":3},"title":"INSTANTZZ: Paolo Fresu &#038; Daniele Di Bonaventura (Casino l\u2019Alian\u00e7a del Poble Nou, Barcelona. 2017-05-09) [Galer\u00eda fotogr\u00e1fica]","author":"Tomajazz","date":"26 junio, 2017","format":false,"excerpt":"Fecha: Martes, 09 de mayo de 2017 Lugar: Casino l\u2019Alian\u00e7a del Poble Nou, Barcelona Grupo: Paolo Fresu & Daniele Di Bonaventura Paolo Fresu, trompeta, fiscorno y efectos Daniele Di Bonaventura, bandone\u00f3n y efectos \u00a9 Joan Cort\u00e8s, 2017","rel":"","context":"En \u00ab*_Joan Cort\u00e8s\u00bb","block_context":{"text":"*_Joan Cort\u00e8s","link":"https:\/\/tomajazz.com\/web\/category\/joan-cortes\/"},"img":{"alt_text":"","src":"https:\/\/i0.wp.com\/tomajazz.com\/web\/wp-content\/uploads\/2017\/06\/10_PlFrsDnldBnvntr-%C2%A9Joan-Cort%C3%A8s_09mg17_Csnl_ln%C3%A7dlPblN_Brcln.jpg?resize=350%2C200&ssl=1","width":350,"height":200,"srcset":"https:\/\/i0.wp.com\/tomajazz.com\/web\/wp-content\/uploads\/2017\/06\/10_PlFrsDnldBnvntr-%C2%A9Joan-Cort%C3%A8s_09mg17_Csnl_ln%C3%A7dlPblN_Brcln.jpg?resize=350%2C200&ssl=1 1x, https:\/\/i0.wp.com\/tomajazz.com\/web\/wp-content\/uploads\/2017\/06\/10_PlFrsDnldBnvntr-%C2%A9Joan-Cort%C3%A8s_09mg17_Csnl_ln%C3%A7dlPblN_Brcln.jpg?resize=525%2C300&ssl=1 1.5x"},"classes":[]},{"id":62056,"url":"https:\/\/tomajazz.com\/web\/concert-homenatge-le-nuvole-di-pier-paolo-iii-jazz-palma-festival-2022-02-08-por-jose-luis-luna-rocafort-instantzz-aka-galeria-fotografica-aka-fotoblog-de-jazz-impro-y-algo-mas\/","url_meta":{"origin":17774,"position":4},"title":"Concert Homenatge \u00abLe Nuvole di Pier Paolo\u00bb (III Jazz Palma Festival. 2022-02-08) Por Jos\u00e9 Luis Luna Rocafort [INSTANTZZ AKA Galer\u00eda fotogr\u00e1fica AKA Fotoblog de jazz, impro\u2026 y algo m\u00e1s]","author":"Tomajazz","date":"18 marzo, 2022","format":false,"excerpt":"Le Nuvole di Pier Paolo, el homenaje a Pier Paolo Pasolini con Daniele Sepe, Flavio Boltro y Emilia Zamuner entre otros, protagonizan el INSTANTZZ de Jos\u00e9 Luis Luna Rocafort. La galer\u00eda fotogr\u00e1fica se tom\u00f3 en el III Jazz Palma Festival.","rel":"","context":"En \u00abINSTANTZZ\u00bb","block_context":{"text":"INSTANTZZ","link":"https:\/\/tomajazz.com\/web\/category\/contenidos\/imagenes\/photoblogs\/instantzz\/"},"img":{"alt_text":"Concert Homenatge \"Le Nuvole di Pier Paolo\" (III Jazz Palma Festival. 2022-02-08) Por Jos\u00e9 Luis Luna Rocafort [INSTANTZZ AKA Galer\u00eda fotogr\u00e1fica AKA Fotoblog de jazz, impro\u2026 y algo m\u00e1s]","src":"https:\/\/i0.wp.com\/tomajazz.com\/web\/wp-content\/uploads\/2022\/03\/002-7.jpg?resize=350%2C200&ssl=1","width":350,"height":200,"srcset":"https:\/\/i0.wp.com\/tomajazz.com\/web\/wp-content\/uploads\/2022\/03\/002-7.jpg?resize=350%2C200&ssl=1 1x, https:\/\/i0.wp.com\/tomajazz.com\/web\/wp-content\/uploads\/2022\/03\/002-7.jpg?resize=525%2C300&ssl=1 1.5x"},"classes":[]},{"id":17811,"url":"https:\/\/tomajazz.com\/web\/paolo-angeli-sale-quanto-basta-rer-megacorp-2013-paolo-angeli-hamid-drake-deghe-rer-megacorp-2014\/","url_meta":{"origin":17774,"position":5},"title":"Paolo Angeli: Sale quanto basta (ReR Megacorp, 2013) \/ Paolo Angeli &#8211; Hamid Drake: Deghe (Rer Megacorp, 2014)","author":"Tomajazz","date":"31 marzo, 2015","format":false,"excerpt":"El m\u00fasico y music\u00f3logo sardo Paolo Angeli es uno de los instrumentistas m\u00e1s originales de la escena jazz\u00edstica actual. Su guitarra sarda preparada, a la que ha incorporado partes de otros instrumentos como el violonchelo, elementos el\u00e9ctricos como un peque\u00f1o ventilador, diversos elementos como muelles, o la utilizaci\u00f3n del arco\u2026","rel":"","context":"En \u00ab*_Pachi Tapiz\u00bb","block_context":{"text":"*_Pachi Tapiz","link":"https:\/\/tomajazz.com\/web\/category\/pachi-tapiz\/"},"img":{"alt_text":"","src":"https:\/\/i0.wp.com\/tomajazz.com\/web\/wp-content\/uploads\/2015\/03\/Paolo-Angeli-Hamid-Drake-Deghe.jpg?resize=350%2C200&ssl=1","width":350,"height":200,"srcset":"https:\/\/i0.wp.com\/tomajazz.com\/web\/wp-content\/uploads\/2015\/03\/Paolo-Angeli-Hamid-Drake-Deghe.jpg?resize=350%2C200&ssl=1 1x, https:\/\/i0.wp.com\/tomajazz.com\/web\/wp-content\/uploads\/2015\/03\/Paolo-Angeli-Hamid-Drake-Deghe.jpg?resize=525%2C300&ssl=1 1.5x"},"classes":[]}],"_links":{"self":[{"href":"https:\/\/tomajazz.com\/web\/wp-json\/wp\/v2\/posts\/17774","targetHints":{"allow":["GET"]}}],"collection":[{"href":"https:\/\/tomajazz.com\/web\/wp-json\/wp\/v2\/posts"}],"about":[{"href":"https:\/\/tomajazz.com\/web\/wp-json\/wp\/v2\/types\/post"}],"author":[{"embeddable":true,"href":"https:\/\/tomajazz.com\/web\/wp-json\/wp\/v2\/users\/1"}],"replies":[{"embeddable":true,"href":"https:\/\/tomajazz.com\/web\/wp-json\/wp\/v2\/comments?post=17774"}],"version-history":[{"count":4,"href":"https:\/\/tomajazz.com\/web\/wp-json\/wp\/v2\/posts\/17774\/revisions"}],"predecessor-version":[{"id":17791,"href":"https:\/\/tomajazz.com\/web\/wp-json\/wp\/v2\/posts\/17774\/revisions\/17791"}],"wp:featuredmedia":[{"embeddable":true,"href":"https:\/\/tomajazz.com\/web\/wp-json\/wp\/v2\/media\/17776"}],"wp:attachment":[{"href":"https:\/\/tomajazz.com\/web\/wp-json\/wp\/v2\/media?parent=17774"}],"wp:term":[{"taxonomy":"category","embeddable":true,"href":"https:\/\/tomajazz.com\/web\/wp-json\/wp\/v2\/categories?post=17774"},{"taxonomy":"post_tag","embeddable":true,"href":"https:\/\/tomajazz.com\/web\/wp-json\/wp\/v2\/tags?post=17774"}],"curies":[{"name":"wp","href":"https:\/\/api.w.org\/{rel}","templated":true}]}}