{"id":17861,"date":"2015-04-07T17:00:30","date_gmt":"2015-04-07T15:00:30","guid":{"rendered":"http:\/\/www.tomajazz.com\/web\/?p=17861"},"modified":"2016-11-13T16:30:30","modified_gmt":"2016-11-13T15:30:30","slug":"instantzz-michael-kanan-trio-25e-granollers-jazz-festival-casino-club-de-ritme-de-granollers-granollers-barcelona-2015-03-16","status":"publish","type":"post","link":"https:\/\/tomajazz.com\/web\/instantzz-michael-kanan-trio-25e-granollers-jazz-festival-casino-club-de-ritme-de-granollers-granollers-barcelona-2015-03-16\/","title":{"rendered":"INSTANTZZ: Michael Kanan Trio (25\u00e8 Granollers Jazz Festival. Casino Club de Ritme de Granollers , Granollers, Barcelona. 2015-03-16)"},"content":{"rendered":"<p>25\u00e8 Granollers Jazz Festival<\/p>\n<ul>\n<li>Fecha: Viernes, 06 de marzo de 2015<\/li>\n<li>Lugar: Casino Club de Ritme de Granollers(Barcelona)<\/li>\n<li>Componentes:<br \/>\nMichael Kanan Trio<br \/>\nMichael Kanan,\u00a0piano<br \/>\nDeeJay Foster, contrabajo<br \/>\nMarc Miralta, bater\u00eda<\/li>\n<\/ul>\n<p>&nbsp;<br \/>\n<center><br \/>\n<img loading=\"lazy\" decoding=\"async\" class=\"aligncenter size-large wp-image-17864\" src=\"http:\/\/www.tomajazz.com\/web\/wp-content\/uploads\/2015\/04\/01_MKT-\u00a9Joan-Cort\u00e8s_06mar15_25GJF_CCdR_Gra-600x399.jpg\" alt=\"01_MKT (\u00a9Joan Cort\u00e8s)_06mar15_25GJF_CCdR_Gra\" width=\"600\" height=\"399\" title=\"\" srcset=\"https:\/\/tomajazz.com\/web\/wp-content\/uploads\/2015\/04\/01_MKT-\u00a9Joan-Cort\u00e8s_06mar15_25GJF_CCdR_Gra.jpg 600w, https:\/\/tomajazz.com\/web\/wp-content\/uploads\/2015\/04\/01_MKT-\u00a9Joan-Cort\u00e8s_06mar15_25GJF_CCdR_Gra-150x100.jpg 150w, https:\/\/tomajazz.com\/web\/wp-content\/uploads\/2015\/04\/01_MKT-\u00a9Joan-Cort\u00e8s_06mar15_25GJF_CCdR_Gra-200x133.jpg 200w, https:\/\/tomajazz.com\/web\/wp-content\/uploads\/2015\/04\/01_MKT-\u00a9Joan-Cort\u00e8s_06mar15_25GJF_CCdR_Gra-83x55.jpg 83w, https:\/\/tomajazz.com\/web\/wp-content\/uploads\/2015\/04\/01_MKT-\u00a9Joan-Cort\u00e8s_06mar15_25GJF_CCdR_Gra-60x40.jpg 60w, https:\/\/tomajazz.com\/web\/wp-content\/uploads\/2015\/04\/01_MKT-\u00a9Joan-Cort\u00e8s_06mar15_25GJF_CCdR_Gra-120x80.jpg 120w\" sizes=\"auto, (max-width: 600px) 100vw, 600px\" \/><\/p>\n<p><img loading=\"lazy\" decoding=\"async\" class=\"aligncenter size-large wp-image-17865\" src=\"http:\/\/www.tomajazz.com\/web\/wp-content\/uploads\/2015\/04\/02_MKT-\u00a9Joan-Cort\u00e8s_06mar15_25GJF_CCdR_Gra-600x399.jpg\" alt=\"02_MKT (\u00a9Joan Cort\u00e8s)_06mar15_25GJF_CCdR_Gra\" width=\"600\" height=\"399\" title=\"\" srcset=\"https:\/\/tomajazz.com\/web\/wp-content\/uploads\/2015\/04\/02_MKT-\u00a9Joan-Cort\u00e8s_06mar15_25GJF_CCdR_Gra.jpg 600w, https:\/\/tomajazz.com\/web\/wp-content\/uploads\/2015\/04\/02_MKT-\u00a9Joan-Cort\u00e8s_06mar15_25GJF_CCdR_Gra-150x100.jpg 150w, https:\/\/tomajazz.com\/web\/wp-content\/uploads\/2015\/04\/02_MKT-\u00a9Joan-Cort\u00e8s_06mar15_25GJF_CCdR_Gra-200x133.jpg 200w, https:\/\/tomajazz.com\/web\/wp-content\/uploads\/2015\/04\/02_MKT-\u00a9Joan-Cort\u00e8s_06mar15_25GJF_CCdR_Gra-83x55.jpg 83w, https:\/\/tomajazz.com\/web\/wp-content\/uploads\/2015\/04\/02_MKT-\u00a9Joan-Cort\u00e8s_06mar15_25GJF_CCdR_Gra-60x40.jpg 60w, https:\/\/tomajazz.com\/web\/wp-content\/uploads\/2015\/04\/02_MKT-\u00a9Joan-Cort\u00e8s_06mar15_25GJF_CCdR_Gra-120x80.jpg 120w\" sizes=\"auto, (max-width: 600px) 100vw, 600px\" \/><\/p>\n<p><img loading=\"lazy\" decoding=\"async\" class=\"aligncenter size-large wp-image-17866\" src=\"http:\/\/www.tomajazz.com\/web\/wp-content\/uploads\/2015\/04\/03_MKT-\u00a9Joan-Cort\u00e8s_06mar15_25GJF_CCdR_Gra-399x600.jpg\" alt=\"03_MKT (\u00a9Joan Cort\u00e8s)_06mar15_25GJF_CCdR_Gra\" width=\"399\" height=\"600\" title=\"\" srcset=\"https:\/\/tomajazz.com\/web\/wp-content\/uploads\/2015\/04\/03_MKT-\u00a9Joan-Cort\u00e8s_06mar15_25GJF_CCdR_Gra.jpg 399w, https:\/\/tomajazz.com\/web\/wp-content\/uploads\/2015\/04\/03_MKT-\u00a9Joan-Cort\u00e8s_06mar15_25GJF_CCdR_Gra-100x150.jpg 100w, https:\/\/tomajazz.com\/web\/wp-content\/uploads\/2015\/04\/03_MKT-\u00a9Joan-Cort\u00e8s_06mar15_25GJF_CCdR_Gra-200x300.jpg 200w, https:\/\/tomajazz.com\/web\/wp-content\/uploads\/2015\/04\/03_MKT-\u00a9Joan-Cort\u00e8s_06mar15_25GJF_CCdR_Gra-37x55.jpg 37w\" sizes=\"auto, (max-width: 399px) 100vw, 399px\" \/><\/p>\n<p><img loading=\"lazy\" decoding=\"async\" class=\"aligncenter size-large wp-image-17867\" src=\"http:\/\/www.tomajazz.com\/web\/wp-content\/uploads\/2015\/04\/04_MKT-\u00a9Joan-Cort\u00e8s_06mar15_25GJF_CCdR_Gra-600x399.jpg\" alt=\"04_MKT (\u00a9Joan Cort\u00e8s)_06mar15_25GJF_CCdR_Gra\" width=\"600\" height=\"399\" title=\"\" srcset=\"https:\/\/tomajazz.com\/web\/wp-content\/uploads\/2015\/04\/04_MKT-\u00a9Joan-Cort\u00e8s_06mar15_25GJF_CCdR_Gra.jpg 600w, https:\/\/tomajazz.com\/web\/wp-content\/uploads\/2015\/04\/04_MKT-\u00a9Joan-Cort\u00e8s_06mar15_25GJF_CCdR_Gra-150x100.jpg 150w, https:\/\/tomajazz.com\/web\/wp-content\/uploads\/2015\/04\/04_MKT-\u00a9Joan-Cort\u00e8s_06mar15_25GJF_CCdR_Gra-200x133.jpg 200w, https:\/\/tomajazz.com\/web\/wp-content\/uploads\/2015\/04\/04_MKT-\u00a9Joan-Cort\u00e8s_06mar15_25GJF_CCdR_Gra-83x55.jpg 83w, https:\/\/tomajazz.com\/web\/wp-content\/uploads\/2015\/04\/04_MKT-\u00a9Joan-Cort\u00e8s_06mar15_25GJF_CCdR_Gra-60x40.jpg 60w, https:\/\/tomajazz.com\/web\/wp-content\/uploads\/2015\/04\/04_MKT-\u00a9Joan-Cort\u00e8s_06mar15_25GJF_CCdR_Gra-120x80.jpg 120w\" sizes=\"auto, (max-width: 600px) 100vw, 600px\" \/><\/p>\n<p><img loading=\"lazy\" decoding=\"async\" class=\"aligncenter size-large wp-image-17868\" src=\"http:\/\/www.tomajazz.com\/web\/wp-content\/uploads\/2015\/04\/05_MKT-\u00a9Joan-Cort\u00e8s_06mar15_25GJF_CCdR_Gra-399x600.jpg\" alt=\"05_MKT (\u00a9Joan Cort\u00e8s)_06mar15_25GJF_CCdR_Gra\" width=\"399\" height=\"600\" title=\"\" srcset=\"https:\/\/tomajazz.com\/web\/wp-content\/uploads\/2015\/04\/05_MKT-\u00a9Joan-Cort\u00e8s_06mar15_25GJF_CCdR_Gra.jpg 399w, https:\/\/tomajazz.com\/web\/wp-content\/uploads\/2015\/04\/05_MKT-\u00a9Joan-Cort\u00e8s_06mar15_25GJF_CCdR_Gra-100x150.jpg 100w, https:\/\/tomajazz.com\/web\/wp-content\/uploads\/2015\/04\/05_MKT-\u00a9Joan-Cort\u00e8s_06mar15_25GJF_CCdR_Gra-200x300.jpg 200w, https:\/\/tomajazz.com\/web\/wp-content\/uploads\/2015\/04\/05_MKT-\u00a9Joan-Cort\u00e8s_06mar15_25GJF_CCdR_Gra-37x55.jpg 37w\" sizes=\"auto, (max-width: 399px) 100vw, 399px\" \/><\/p>\n<p><img loading=\"lazy\" decoding=\"async\" class=\"aligncenter size-large wp-image-17869\" src=\"http:\/\/www.tomajazz.com\/web\/wp-content\/uploads\/2015\/04\/06_MKT-\u00a9Joan-Cort\u00e8s_06mar15_25GJF_CCdR_Gra-399x600.jpg\" alt=\"06_MKT (\u00a9Joan Cort\u00e8s)_06mar15_25GJF_CCdR_Gra\" width=\"399\" height=\"600\" title=\"\" srcset=\"https:\/\/tomajazz.com\/web\/wp-content\/uploads\/2015\/04\/06_MKT-\u00a9Joan-Cort\u00e8s_06mar15_25GJF_CCdR_Gra.jpg 399w, https:\/\/tomajazz.com\/web\/wp-content\/uploads\/2015\/04\/06_MKT-\u00a9Joan-Cort\u00e8s_06mar15_25GJF_CCdR_Gra-100x150.jpg 100w, https:\/\/tomajazz.com\/web\/wp-content\/uploads\/2015\/04\/06_MKT-\u00a9Joan-Cort\u00e8s_06mar15_25GJF_CCdR_Gra-200x300.jpg 200w, https:\/\/tomajazz.com\/web\/wp-content\/uploads\/2015\/04\/06_MKT-\u00a9Joan-Cort\u00e8s_06mar15_25GJF_CCdR_Gra-37x55.jpg 37w\" sizes=\"auto, (max-width: 399px) 100vw, 399px\" \/><\/p>\n<p><img loading=\"lazy\" decoding=\"async\" class=\"aligncenter size-large wp-image-17871\" src=\"http:\/\/www.tomajazz.com\/web\/wp-content\/uploads\/2015\/04\/07_MKT-\u00a9Joan-Cort\u00e8s_06mar15_25GJF_CCdR_Gra-399x600.jpg\" alt=\"07_MKT (\u00a9Joan Cort\u00e8s)_06mar15_25GJF_CCdR_Gra\" width=\"399\" height=\"600\" title=\"\" srcset=\"https:\/\/tomajazz.com\/web\/wp-content\/uploads\/2015\/04\/07_MKT-\u00a9Joan-Cort\u00e8s_06mar15_25GJF_CCdR_Gra.jpg 399w, https:\/\/tomajazz.com\/web\/wp-content\/uploads\/2015\/04\/07_MKT-\u00a9Joan-Cort\u00e8s_06mar15_25GJF_CCdR_Gra-100x150.jpg 100w, https:\/\/tomajazz.com\/web\/wp-content\/uploads\/2015\/04\/07_MKT-\u00a9Joan-Cort\u00e8s_06mar15_25GJF_CCdR_Gra-200x300.jpg 200w, https:\/\/tomajazz.com\/web\/wp-content\/uploads\/2015\/04\/07_MKT-\u00a9Joan-Cort\u00e8s_06mar15_25GJF_CCdR_Gra-37x55.jpg 37w\" sizes=\"auto, (max-width: 399px) 100vw, 399px\" \/><\/p>\n<p><img loading=\"lazy\" decoding=\"async\" class=\"aligncenter size-large wp-image-17872\" src=\"http:\/\/www.tomajazz.com\/web\/wp-content\/uploads\/2015\/04\/08_MKT-\u00a9Joan-Cort\u00e8s_06mar15_25GJF_CCdR_Gra-600x399.jpg\" alt=\"08_MKT (\u00a9Joan Cort\u00e8s)_06mar15_25GJF_CCdR_Gra\" width=\"600\" height=\"399\" title=\"\" srcset=\"https:\/\/tomajazz.com\/web\/wp-content\/uploads\/2015\/04\/08_MKT-\u00a9Joan-Cort\u00e8s_06mar15_25GJF_CCdR_Gra.jpg 600w, https:\/\/tomajazz.com\/web\/wp-content\/uploads\/2015\/04\/08_MKT-\u00a9Joan-Cort\u00e8s_06mar15_25GJF_CCdR_Gra-150x100.jpg 150w, https:\/\/tomajazz.com\/web\/wp-content\/uploads\/2015\/04\/08_MKT-\u00a9Joan-Cort\u00e8s_06mar15_25GJF_CCdR_Gra-200x133.jpg 200w, https:\/\/tomajazz.com\/web\/wp-content\/uploads\/2015\/04\/08_MKT-\u00a9Joan-Cort\u00e8s_06mar15_25GJF_CCdR_Gra-83x55.jpg 83w, https:\/\/tomajazz.com\/web\/wp-content\/uploads\/2015\/04\/08_MKT-\u00a9Joan-Cort\u00e8s_06mar15_25GJF_CCdR_Gra-60x40.jpg 60w, https:\/\/tomajazz.com\/web\/wp-content\/uploads\/2015\/04\/08_MKT-\u00a9Joan-Cort\u00e8s_06mar15_25GJF_CCdR_Gra-120x80.jpg 120w\" sizes=\"auto, (max-width: 600px) 100vw, 600px\" \/><br \/>\n<\/center><\/p>\n<p style=\"text-align: right;\">\u00a0\u00a9 Joan Cort\u00e8s, 2015<\/p>\n","protected":false},"excerpt":{"rendered":"<p>25\u00e8 Granollers Jazz Festival Fecha: Viernes, 06 de marzo de 2015 Lugar: Casino Club de Ritme de Granollers(Barcelona) Componentes: Michael Kanan Trio Michael Kanan,\u00a0piano DeeJay Foster, contrabajo Marc Miralta, bater\u00eda &nbsp; \u00a0\u00a9 Joan Cort\u00e8s, 2015<span class=\"more-link\"><a href=\"https:\/\/tomajazz.com\/web\/instantzz-michael-kanan-trio-25e-granollers-jazz-festival-casino-club-de-ritme-de-granollers-granollers-barcelona-2015-03-16\/\">Contin\u00faa leyendo<\/a><\/span><\/p>\n","protected":false},"author":1,"featured_media":17872,"comment_status":"open","ping_status":"closed","sticky":false,"template":"","format":"standard","meta":{"jetpack_post_was_ever_published":false,"_jetpack_newsletter_access":"","_jetpack_dont_email_post_to_subs":true,"_jetpack_newsletter_tier_id":0,"_jetpack_memberships_contains_paywalled_content":false,"_jetpack_memberships_contains_paid_content":false,"footnotes":""},"categories":[17853,11262,15516,11261,1038],"tags":[12243,1125,12403,10029,12656,15275,1164,11263,13,1041,542,12234,12518,12657,16099,77,16100],"class_list":["entry","author-pachi","post-17861","post","type-post","status-publish","format-standard","has-post-thumbnail","category-joan-cortes","category-photoblogs","category-imagenes","category-instantzz","category-contenidos","tag-25e-granollers-jazz-festival","tag-barcelona","tag-casino-club-de-ritme-de-granollers","tag-deejay-foster","tag-fotoblog","tag-galeria-fotografica","tag-granollers","tag-instantzz-2","tag-jazz","tag-joan-cortes","tag-marc-miralta","tag-michael-kanan","tag-michael-kanan-trio","tag-photoblog","tag-toma-jazz","tag-tomajazz","tag-tomajazz-toma-jazz"],"jetpack_featured_media_url":"https:\/\/tomajazz.com\/web\/wp-content\/uploads\/2015\/04\/08_MKT-\u00a9Joan-Cort\u00e8s_06mar15_25GJF_CCdR_Gra.jpg","jetpack_likes_enabled":true,"jetpack_sharing_enabled":true,"jetpack-related-posts":[{"id":50098,"url":"https:\/\/tomajazz.com\/web\/instantzz-mayte-alguacil-michael-kanan-trio-prueba-de-sonido-mas-una-30e-jazz-granollers-festival-casino-de-granollers-club-de-ritme-granollers-barcelona-2020-01-31-galeria-fot\/","url_meta":{"origin":17861,"position":0},"title":"INSTANTZZ: Mayte Alguacil &#038; Michael Kanan Trio -prueba de sonido m\u00e1s una- (30\u00e8 Jazz Granollers Festival, Casino de Granollers \u2013 Club de Ritme, Granollers -Barcelona-.  2020-01-31) [Galer\u00eda fotogr\u00e1fica] #YoMeQuedoEnCasa #IStayAtHome","author":"Tomajazz","date":"2 abril, 2020","format":false,"excerpt":"Joan Cort\u00e9s retrata en INSTANTZZ, la prueba de sonido de Mayte Alguacil & Michael Kanan Trio previa a su concierto en el 30\u00e8 Jazz Granollers Festival. Y aunque es bien sabido y conocido... #YoMeQuedoEnCasa #IStayAtHome","rel":"","context":"En \u00abFotoblog - Galer\u00eda fotogr\u00e1fica\u00bb","block_context":{"text":"Fotoblog - Galer\u00eda fotogr\u00e1fica","link":"https:\/\/tomajazz.com\/web\/category\/contenidos\/imagenes\/photoblogs\/"},"img":{"alt_text":"","src":"https:\/\/i0.wp.com\/tomajazz.com\/web\/wp-content\/uploads\/2020\/04\/05_Myt-lgcl-Mchl-Knn-Tr-%C2%A9Joan-Cort%C3%A8s_31gen20_30FJG_CCdR_Grn.jpg?resize=350%2C200&ssl=1","width":350,"height":200,"srcset":"https:\/\/i0.wp.com\/tomajazz.com\/web\/wp-content\/uploads\/2020\/04\/05_Myt-lgcl-Mchl-Knn-Tr-%C2%A9Joan-Cort%C3%A8s_31gen20_30FJG_CCdR_Grn.jpg?resize=350%2C200&ssl=1 1x, https:\/\/i0.wp.com\/tomajazz.com\/web\/wp-content\/uploads\/2020\/04\/05_Myt-lgcl-Mchl-Knn-Tr-%C2%A9Joan-Cort%C3%A8s_31gen20_30FJG_CCdR_Grn.jpg?resize=525%2C300&ssl=1 1.5x"},"classes":[]},{"id":105012,"url":"https:\/\/tomajazz.com\/web\/lage-lund-trio-granollers-2026\/","url_meta":{"origin":17861,"position":1},"title":"Lage Lund Trio (36\u00e8 Jazz Granollers Festival \/ Casino, 2026-03-13 \/ Granollers -Barcelona-) [y III] Por Joan Cort\u00e8s [INSTANTZZ AKA Galer\u00eda fotogr\u00e1fica AKA Fotoblog de jazz, impro\u2026 y algo m\u00e1s]","author":"Tomajazz","date":"23 abril, 2026","format":false,"excerpt":"Lage Lund Trio actu\u00f3 en el 36\u00e8 Jazz Granollers Festival, el 13 de marzo de 2026. Joan Cort\u00e8s lo retrata en INSTANTZZ. Lage Lund Trio son Lage Lund, Orlando Le Fleming, Greg Hutchinson","rel":"","context":"En \u00ab36 Jazz Granollers Festival 2026\u00bb","block_context":{"text":"36 Jazz Granollers Festival 2026","link":"https:\/\/tomajazz.com\/web\/category\/contenidos\/especial-contenidos\/36-jazz-granollers-festival-2026\/"},"img":{"alt_text":"Lage Lund Trio (36\u00e8 Jazz Granollers Festival \/ Casino, 2026-03-13 \/ Granollers -Barcelona-) [y III] Por Joan Cort\u00e8s [INSTANTZZ AKA Galer\u00eda fotogr\u00e1fica AKA Fotoblog de jazz, impro\u2026 y algo m\u00e1s] - Tomajazz - Lage Lund Trio actu\u00f3 en el 36\u00e8 Jazz Granollers Festival, el 13 de marzo de 2026. Joan Cort\u00e8s lo retrata en INSTANTZZ. Lage Lund Trio son Lage Lund, Orlando Le Fleming, Greg Hutchinson","src":"https:\/\/i0.wp.com\/tomajazz.com\/web\/wp-content\/uploads\/2026\/04\/destacada-02-Lg-Lnd-Photo-by-Joan-Cortes-13mrc26-36JGF-Csn-Gr-bn.jpg?resize=350%2C200&ssl=1","width":350,"height":200,"srcset":"https:\/\/i0.wp.com\/tomajazz.com\/web\/wp-content\/uploads\/2026\/04\/destacada-02-Lg-Lnd-Photo-by-Joan-Cortes-13mrc26-36JGF-Csn-Gr-bn.jpg?resize=350%2C200&ssl=1 1x, https:\/\/i0.wp.com\/tomajazz.com\/web\/wp-content\/uploads\/2026\/04\/destacada-02-Lg-Lnd-Photo-by-Joan-Cortes-13mrc26-36JGF-Csn-Gr-bn.jpg?resize=525%2C300&ssl=1 1.5x"},"classes":[]},{"id":104657,"url":"https:\/\/tomajazz.com\/web\/joan-sanmarti-5t-36-jazz-granollers-2026\/","url_meta":{"origin":17861,"position":2},"title":"Joan Sanmart\u00ed 5t (36\u00e8 Jazz Granollers Festival 2026\/ Casino, 2026-02-20 \/ Granollers -Barcelona-) [I] Por Joan Cort\u00e8s [INSTANTZZ AKA Galer\u00eda fotogr\u00e1fica AKA Fotoblog de jazz, impro\u2026 y algo m\u00e1s]","author":"Tomajazz","date":"2 abril, 2026","format":false,"excerpt":"Joan Sanmart\u00ed 5t actu\u00f3 en el 36\u00e8 Jazz Granollers Festival 2026, el 20 de febrero de 2026. Joan Cort\u00e8s lo retrata en INSTANTZZ. Joan Sanmart\u00ed 5t son Joan Sanmart\u00ed, Gabriel Amargant, Pau Dom\u00e8nech, Marc Cuevas, Joan Vidal","rel":"","context":"En \u00ab36 Jazz Granollers Festival 2026\u00bb","block_context":{"text":"36 Jazz Granollers Festival 2026","link":"https:\/\/tomajazz.com\/web\/category\/contenidos\/especial-contenidos\/36-jazz-granollers-festival-2026\/"},"img":{"alt_text":"Joan Sanmart\u00ed 5t (36\u00e8 Jazz Granollers Festival 2026\/ Casino, 2026-02-20 \/ Granollers -Barcelona-) [I] Por Joan Cort\u00e8s [INSTANTZZ AKA Galer\u00eda fotogr\u00e1fica AKA Fotoblog de jazz, impro\u2026 y algo m\u00e1s] - Tomajazz - Joan Sanmart\u00ed 5t actu\u00f3 en el 36\u00e8 Jazz Granollers Festival 2026, el 20 de febrero de 2026. Joan Cort\u00e8s lo retrata en INSTANTZZ. Joan Sanmart\u00ed 5t son Joan Sanmart\u00ed, Gabriel Amargant, Pau Dom\u00e8nech, Marc Cuevas, Joan Vidal\n","src":"https:\/\/i0.wp.com\/tomajazz.com\/web\/wp-content\/uploads\/2026\/04\/destacada-09-Jn-Snmrt-5t-Photo-By-Joan-Cortes-20fbr26-36FJG-Csn-Grn.jpg?resize=350%2C200&ssl=1","width":350,"height":200},"classes":[]},{"id":104847,"url":"https:\/\/tomajazz.com\/web\/alba-careta-group-panical-jazz-granollers-2026\/","url_meta":{"origin":17861,"position":3},"title":"Alba Careta Group \u201cPanical\u201d (36\u00e8 Jazz Granollers Festival \/ Casino, 2026-02-27 \/ Granollers -Barcelona-) [II] Por Joan Cort\u00e8s [INSTANTZZ AKA Galer\u00eda fotogr\u00e1fica AKA Fotoblog de jazz, impro\u2026 y algo m\u00e1s]","author":"Tomajazz","date":"12 abril, 2026","format":false,"excerpt":"Alba Careta Group \u201cPanical\u201d actu\u00f3 en el 36\u00e8 Jazz Granollers Festival, el 27 de febrero de 2026. Joan Cort\u00e8s lo retrata en INSTANTZZ. Alba Careta Group \u201cPanical\u201d son Alba Careta, Lucas Mart\u00ednez, Roger Santacana, Giuseppe Campisi, Jordi Pallar\u00e9s","rel":"","context":"En \u00ab36 Jazz Granollers Festival 2026\u00bb","block_context":{"text":"36 Jazz Granollers Festival 2026","link":"https:\/\/tomajazz.com\/web\/category\/contenidos\/especial-contenidos\/36-jazz-granollers-festival-2026\/"},"img":{"alt_text":"Alba Careta Group \u201cPanical\u201d (36\u00e8 Jazz Granollers Festival \/ Casino, 2026-02-27 \/ Granollers -Barcelona-) [II] Por Joan Cort\u00e8s [INSTANTZZ AKA Galer\u00eda fotogr\u00e1fica AKA Fotoblog de jazz, impro\u2026 y algo m\u00e1s] - Tomajazz - Alba Careta Group \u201cPanical\u201d actu\u00f3 en el 36\u00e8 Jazz Granollers Festival, el 27 de febrero de 2026. Joan Cort\u00e8s lo retrata en INSTANTZZ. Alba Careta Group \u201cPanical\u201d son Alba Careta, Lucas Mart\u00ednez, Roger Santacana, Giuseppe Campisi, Jordi Pallar\u00e9s\n","src":"https:\/\/i0.wp.com\/tomajazz.com\/web\/wp-content\/uploads\/2026\/04\/destacada-03-lb-Crt-Grp-Photo-by-Joan-Cortes-27fbr26-36JGF-CG-CR-Grnllrs.jpg?resize=350%2C200&ssl=1","width":350,"height":200,"srcset":"https:\/\/i0.wp.com\/tomajazz.com\/web\/wp-content\/uploads\/2026\/04\/destacada-03-lb-Crt-Grp-Photo-by-Joan-Cortes-27fbr26-36JGF-CG-CR-Grnllrs.jpg?resize=350%2C200&ssl=1 1x, https:\/\/i0.wp.com\/tomajazz.com\/web\/wp-content\/uploads\/2026\/04\/destacada-03-lb-Crt-Grp-Photo-by-Joan-Cortes-27fbr26-36JGF-CG-CR-Grnllrs.jpg?resize=525%2C300&ssl=1 1.5x"},"classes":[]},{"id":36369,"url":"https:\/\/tomajazz.com\/web\/instantzz-edward-simon-trio-28e-jazz-granollers-festival-casino-de-granollers-club-de-ritme-granollers-barcelona-2018-03-02-galeria-fotografica\/","url_meta":{"origin":17861,"position":4},"title":"INSTANTZZ: Edward Simon Trio (28\u00e8 Jazz Granollers Festival, Casino de Granollers \u2013 Club de Ritme, Granollers -Barcelona-.  2018-03-02) [Galer\u00eda fotogr\u00e1fica]","author":"Tomajazz","date":"30 abril, 2018","format":false,"excerpt":"Fecha: Viernes, 02 de marzo de 2018 Lugar: Casino de Granollers - Club de Ritme (Granollers -Barcelona-) Grupo: Edward Simon Trio Edward Simon, piano Dany Noel, contrabajo Marc Miralta, bater\u00eda \u00a0 Tomajazz:\u00a0\u00a9\u00a0Joan Cort\u00e8s, 2018","rel":"","context":"En \u00ab*_Joan Cort\u00e8s\u00bb","block_context":{"text":"*_Joan Cort\u00e8s","link":"https:\/\/tomajazz.com\/web\/category\/joan-cortes\/"},"img":{"alt_text":"","src":"https:\/\/i0.wp.com\/tomajazz.com\/web\/wp-content\/uploads\/2018\/04\/05_dwrd-Smn-Tr-%C2%A9Joan-Cort%C3%A8s_02mr%C3%A718_CsnGrnllrs_28JzzGrnllrsFstvlJzz.jpg?resize=350%2C200&ssl=1","width":350,"height":200,"srcset":"https:\/\/i0.wp.com\/tomajazz.com\/web\/wp-content\/uploads\/2018\/04\/05_dwrd-Smn-Tr-%C2%A9Joan-Cort%C3%A8s_02mr%C3%A718_CsnGrnllrs_28JzzGrnllrsFstvlJzz.jpg?resize=350%2C200&ssl=1 1x, https:\/\/i0.wp.com\/tomajazz.com\/web\/wp-content\/uploads\/2018\/04\/05_dwrd-Smn-Tr-%C2%A9Joan-Cort%C3%A8s_02mr%C3%A718_CsnGrnllrs_28JzzGrnllrsFstvlJzz.jpg?resize=525%2C300&ssl=1 1.5x"},"classes":[]},{"id":17565,"url":"https:\/\/tomajazz.com\/web\/instantzz-jordi-bonell-25e-granollers-jazz-festival-2015-02-26\/","url_meta":{"origin":17861,"position":5},"title":"INSTANTZZ: Jordi Bonell (25\u00e8 Granollers Jazz Festival. 2015-02-26)","author":"Tomajazz","date":"17 marzo, 2015","format":false,"excerpt":"Joan Bretcha Guitar Series 25\u00e8 Granollers Jazz Festival Fecha: Jueves, 26 de febrero de 2015 Lugar: Casino Club de Ritme de Granollers(Barcelona) Componentes: Jordi Bonell, guitarras Ra\u00fcl Reverter, saxo alto (invitado) \u00a0 \u00a9 Joan Cort\u00e8s, 2015","rel":"","context":"En \u00ab*_Joan Cort\u00e8s\u00bb","block_context":{"text":"*_Joan Cort\u00e8s","link":"https:\/\/tomajazz.com\/web\/category\/joan-cortes\/"},"img":{"alt_text":"","src":"https:\/\/i0.wp.com\/tomajazz.com\/web\/wp-content\/uploads\/2015\/03\/06_JBgs-%C2%A9Joan-Cort%C3%A8s_26feb15_CCdR_25GJF_Gra.jpg?resize=350%2C200&ssl=1","width":350,"height":200,"srcset":"https:\/\/i0.wp.com\/tomajazz.com\/web\/wp-content\/uploads\/2015\/03\/06_JBgs-%C2%A9Joan-Cort%C3%A8s_26feb15_CCdR_25GJF_Gra.jpg?resize=350%2C200&ssl=1 1x, https:\/\/i0.wp.com\/tomajazz.com\/web\/wp-content\/uploads\/2015\/03\/06_JBgs-%C2%A9Joan-Cort%C3%A8s_26feb15_CCdR_25GJF_Gra.jpg?resize=525%2C300&ssl=1 1.5x"},"classes":[]}],"_links":{"self":[{"href":"https:\/\/tomajazz.com\/web\/wp-json\/wp\/v2\/posts\/17861","targetHints":{"allow":["GET"]}}],"collection":[{"href":"https:\/\/tomajazz.com\/web\/wp-json\/wp\/v2\/posts"}],"about":[{"href":"https:\/\/tomajazz.com\/web\/wp-json\/wp\/v2\/types\/post"}],"author":[{"embeddable":true,"href":"https:\/\/tomajazz.com\/web\/wp-json\/wp\/v2\/users\/1"}],"replies":[{"embeddable":true,"href":"https:\/\/tomajazz.com\/web\/wp-json\/wp\/v2\/comments?post=17861"}],"version-history":[{"count":3,"href":"https:\/\/tomajazz.com\/web\/wp-json\/wp\/v2\/posts\/17861\/revisions"}],"predecessor-version":[{"id":17884,"href":"https:\/\/tomajazz.com\/web\/wp-json\/wp\/v2\/posts\/17861\/revisions\/17884"}],"wp:featuredmedia":[{"embeddable":true,"href":"https:\/\/tomajazz.com\/web\/wp-json\/wp\/v2\/media\/17872"}],"wp:attachment":[{"href":"https:\/\/tomajazz.com\/web\/wp-json\/wp\/v2\/media?parent=17861"}],"wp:term":[{"taxonomy":"category","embeddable":true,"href":"https:\/\/tomajazz.com\/web\/wp-json\/wp\/v2\/categories?post=17861"},{"taxonomy":"post_tag","embeddable":true,"href":"https:\/\/tomajazz.com\/web\/wp-json\/wp\/v2\/tags?post=17861"}],"curies":[{"name":"wp","href":"https:\/\/api.w.org\/{rel}","templated":true}]}}