{"id":18807,"date":"2015-06-23T11:00:45","date_gmt":"2015-06-23T09:00:45","guid":{"rendered":"http:\/\/www.tomajazz.com\/web\/?p=18807"},"modified":"2016-11-13T16:30:21","modified_gmt":"2016-11-13T15:30:21","slug":"instantzz-albert-cirera-lisbon-trio-agusti-fernandez-17-festival-jazz-vic-2015-05-09","status":"publish","type":"post","link":"https:\/\/tomajazz.com\/web\/instantzz-albert-cirera-lisbon-trio-agusti-fernandez-17-festival-jazz-vic-2015-05-09\/","title":{"rendered":"INSTANTZZ: Albert Cirera Lisbon Trio + Agust\u00ed Fern\u00e1ndez (17 Festival Jazz Vic. 2015-05-09)"},"content":{"rendered":"<p>17 Festival Jazz Vic<\/p>\n<ul>\n<li>Fecha: S\u00e1bado, 09 de mayo de 2015<\/li>\n<li>Lugar: Jazz Cava (Vic)<\/li>\n<li>Componentes:<br \/>\nAlbert Cirera Lisbon Trio + Agust\u00ed Fern\u00e1ndez<br \/>\nAlbert Cirera, saxo tenor y soprano<br \/>\nHernani Faustino, contrabajo<br \/>\nGabriel Ferrandini, bater\u00eda<br \/>\nAgust\u00ed Fern\u00e1ndez, piano<\/li>\n<\/ul>\n<p style=\"text-align: center;\"><img loading=\"lazy\" decoding=\"async\" class=\"aligncenter size-large wp-image-18808\" src=\"http:\/\/www.tomajazz.com\/web\/wp-content\/uploads\/2015\/06\/01_ACLT-AF-\u00a9Joan-Cort\u00e8s_09mai15_JC_17FJVic-600x399.jpg\" alt=\"01_ACLT+AF (\u00a9Joan Cort\u00e8s)_09mai15_JC_17FJVic\" width=\"600\" height=\"399\" title=\"\" srcset=\"https:\/\/tomajazz.com\/web\/wp-content\/uploads\/2015\/06\/01_ACLT-AF-\u00a9Joan-Cort\u00e8s_09mai15_JC_17FJVic.jpg 600w, https:\/\/tomajazz.com\/web\/wp-content\/uploads\/2015\/06\/01_ACLT-AF-\u00a9Joan-Cort\u00e8s_09mai15_JC_17FJVic-150x100.jpg 150w, https:\/\/tomajazz.com\/web\/wp-content\/uploads\/2015\/06\/01_ACLT-AF-\u00a9Joan-Cort\u00e8s_09mai15_JC_17FJVic-200x133.jpg 200w, https:\/\/tomajazz.com\/web\/wp-content\/uploads\/2015\/06\/01_ACLT-AF-\u00a9Joan-Cort\u00e8s_09mai15_JC_17FJVic-83x55.jpg 83w, https:\/\/tomajazz.com\/web\/wp-content\/uploads\/2015\/06\/01_ACLT-AF-\u00a9Joan-Cort\u00e8s_09mai15_JC_17FJVic-60x40.jpg 60w, https:\/\/tomajazz.com\/web\/wp-content\/uploads\/2015\/06\/01_ACLT-AF-\u00a9Joan-Cort\u00e8s_09mai15_JC_17FJVic-120x80.jpg 120w\" sizes=\"auto, (max-width: 600px) 100vw, 600px\" \/><\/p>\n<p style=\"text-align: center;\"><img loading=\"lazy\" decoding=\"async\" class=\"aligncenter size-large wp-image-18809\" src=\"http:\/\/www.tomajazz.com\/web\/wp-content\/uploads\/2015\/06\/02_ACLT-AF-\u00a9Joan-Cort\u00e8s_09mai15_JC_17FJVic-600x398.jpg\" alt=\"02_ACLT+AF (\u00a9Joan Cort\u00e8s)_09mai15_JC_17FJVic\" width=\"600\" height=\"398\" title=\"\" srcset=\"https:\/\/tomajazz.com\/web\/wp-content\/uploads\/2015\/06\/02_ACLT-AF-\u00a9Joan-Cort\u00e8s_09mai15_JC_17FJVic.jpg 600w, https:\/\/tomajazz.com\/web\/wp-content\/uploads\/2015\/06\/02_ACLT-AF-\u00a9Joan-Cort\u00e8s_09mai15_JC_17FJVic-150x100.jpg 150w, https:\/\/tomajazz.com\/web\/wp-content\/uploads\/2015\/06\/02_ACLT-AF-\u00a9Joan-Cort\u00e8s_09mai15_JC_17FJVic-200x133.jpg 200w, https:\/\/tomajazz.com\/web\/wp-content\/uploads\/2015\/06\/02_ACLT-AF-\u00a9Joan-Cort\u00e8s_09mai15_JC_17FJVic-83x55.jpg 83w, https:\/\/tomajazz.com\/web\/wp-content\/uploads\/2015\/06\/02_ACLT-AF-\u00a9Joan-Cort\u00e8s_09mai15_JC_17FJVic-60x40.jpg 60w, https:\/\/tomajazz.com\/web\/wp-content\/uploads\/2015\/06\/02_ACLT-AF-\u00a9Joan-Cort\u00e8s_09mai15_JC_17FJVic-120x80.jpg 120w\" sizes=\"auto, (max-width: 600px) 100vw, 600px\" \/><\/p>\n<p style=\"text-align: center;\"><img loading=\"lazy\" decoding=\"async\" class=\"aligncenter size-large wp-image-18810\" src=\"http:\/\/www.tomajazz.com\/web\/wp-content\/uploads\/2015\/06\/03_ACLT-AF-\u00a9Joan-Cort\u00e8s_09mai15_JC_17FJVic-399x600.jpg\" alt=\"03_ACLT+AF (\u00a9Joan Cort\u00e8s)_09mai15_JC_17FJVic\" width=\"399\" height=\"600\" title=\"\" srcset=\"https:\/\/tomajazz.com\/web\/wp-content\/uploads\/2015\/06\/03_ACLT-AF-\u00a9Joan-Cort\u00e8s_09mai15_JC_17FJVic.jpg 399w, https:\/\/tomajazz.com\/web\/wp-content\/uploads\/2015\/06\/03_ACLT-AF-\u00a9Joan-Cort\u00e8s_09mai15_JC_17FJVic-100x150.jpg 100w, https:\/\/tomajazz.com\/web\/wp-content\/uploads\/2015\/06\/03_ACLT-AF-\u00a9Joan-Cort\u00e8s_09mai15_JC_17FJVic-200x300.jpg 200w, https:\/\/tomajazz.com\/web\/wp-content\/uploads\/2015\/06\/03_ACLT-AF-\u00a9Joan-Cort\u00e8s_09mai15_JC_17FJVic-37x55.jpg 37w\" sizes=\"auto, (max-width: 399px) 100vw, 399px\" \/><\/p>\n<p style=\"text-align: center;\"><img loading=\"lazy\" decoding=\"async\" class=\"aligncenter size-large wp-image-18811\" src=\"http:\/\/www.tomajazz.com\/web\/wp-content\/uploads\/2015\/06\/04_ACLT-AF-\u00a9Joan-Cort\u00e8s_09mai15_JC_17FJVic-600x399.jpg\" alt=\"04_ACLT+AF (\u00a9Joan Cort\u00e8s)_09mai15_JC_17FJVic\" width=\"600\" height=\"399\" title=\"\" srcset=\"https:\/\/tomajazz.com\/web\/wp-content\/uploads\/2015\/06\/04_ACLT-AF-\u00a9Joan-Cort\u00e8s_09mai15_JC_17FJVic.jpg 600w, https:\/\/tomajazz.com\/web\/wp-content\/uploads\/2015\/06\/04_ACLT-AF-\u00a9Joan-Cort\u00e8s_09mai15_JC_17FJVic-150x100.jpg 150w, https:\/\/tomajazz.com\/web\/wp-content\/uploads\/2015\/06\/04_ACLT-AF-\u00a9Joan-Cort\u00e8s_09mai15_JC_17FJVic-200x133.jpg 200w, https:\/\/tomajazz.com\/web\/wp-content\/uploads\/2015\/06\/04_ACLT-AF-\u00a9Joan-Cort\u00e8s_09mai15_JC_17FJVic-83x55.jpg 83w, https:\/\/tomajazz.com\/web\/wp-content\/uploads\/2015\/06\/04_ACLT-AF-\u00a9Joan-Cort\u00e8s_09mai15_JC_17FJVic-60x40.jpg 60w, https:\/\/tomajazz.com\/web\/wp-content\/uploads\/2015\/06\/04_ACLT-AF-\u00a9Joan-Cort\u00e8s_09mai15_JC_17FJVic-120x80.jpg 120w\" sizes=\"auto, (max-width: 600px) 100vw, 600px\" \/><\/p>\n<p style=\"text-align: center;\"><img loading=\"lazy\" decoding=\"async\" class=\"aligncenter size-large wp-image-18812\" src=\"http:\/\/www.tomajazz.com\/web\/wp-content\/uploads\/2015\/06\/05_ACLT-AF-\u00a9Joan-Cort\u00e8s_09mai15_JC_17FJVic-600x399.jpg\" alt=\"05_ACLT+AF (\u00a9Joan Cort\u00e8s)_09mai15_JC_17FJVic\" width=\"600\" height=\"399\" title=\"\" srcset=\"https:\/\/tomajazz.com\/web\/wp-content\/uploads\/2015\/06\/05_ACLT-AF-\u00a9Joan-Cort\u00e8s_09mai15_JC_17FJVic.jpg 600w, https:\/\/tomajazz.com\/web\/wp-content\/uploads\/2015\/06\/05_ACLT-AF-\u00a9Joan-Cort\u00e8s_09mai15_JC_17FJVic-150x100.jpg 150w, https:\/\/tomajazz.com\/web\/wp-content\/uploads\/2015\/06\/05_ACLT-AF-\u00a9Joan-Cort\u00e8s_09mai15_JC_17FJVic-200x133.jpg 200w, https:\/\/tomajazz.com\/web\/wp-content\/uploads\/2015\/06\/05_ACLT-AF-\u00a9Joan-Cort\u00e8s_09mai15_JC_17FJVic-83x55.jpg 83w, https:\/\/tomajazz.com\/web\/wp-content\/uploads\/2015\/06\/05_ACLT-AF-\u00a9Joan-Cort\u00e8s_09mai15_JC_17FJVic-60x40.jpg 60w, https:\/\/tomajazz.com\/web\/wp-content\/uploads\/2015\/06\/05_ACLT-AF-\u00a9Joan-Cort\u00e8s_09mai15_JC_17FJVic-120x80.jpg 120w\" sizes=\"auto, (max-width: 600px) 100vw, 600px\" \/><\/p>\n<p style=\"text-align: center;\"><img loading=\"lazy\" decoding=\"async\" class=\"aligncenter size-large wp-image-18813\" src=\"http:\/\/www.tomajazz.com\/web\/wp-content\/uploads\/2015\/06\/06_ACLT-AF-\u00a9Joan-Cort\u00e8s_09mai15_JC_17FJVic-399x600.jpg\" alt=\"06_ACLT+AF (\u00a9Joan Cort\u00e8s)_09mai15_JC_17FJVic\" width=\"399\" height=\"600\" title=\"\" srcset=\"https:\/\/tomajazz.com\/web\/wp-content\/uploads\/2015\/06\/06_ACLT-AF-\u00a9Joan-Cort\u00e8s_09mai15_JC_17FJVic.jpg 399w, https:\/\/tomajazz.com\/web\/wp-content\/uploads\/2015\/06\/06_ACLT-AF-\u00a9Joan-Cort\u00e8s_09mai15_JC_17FJVic-100x150.jpg 100w, https:\/\/tomajazz.com\/web\/wp-content\/uploads\/2015\/06\/06_ACLT-AF-\u00a9Joan-Cort\u00e8s_09mai15_JC_17FJVic-200x300.jpg 200w, https:\/\/tomajazz.com\/web\/wp-content\/uploads\/2015\/06\/06_ACLT-AF-\u00a9Joan-Cort\u00e8s_09mai15_JC_17FJVic-37x55.jpg 37w\" sizes=\"auto, (max-width: 399px) 100vw, 399px\" \/><\/p>\n<p style=\"text-align: center;\"><img loading=\"lazy\" decoding=\"async\" class=\"aligncenter size-large wp-image-18814\" src=\"http:\/\/www.tomajazz.com\/web\/wp-content\/uploads\/2015\/06\/07_ACLT-AF-\u00a9Joan-Cort\u00e8s_09mai15_JC_17FJVic-600x399.jpg\" alt=\"07_ACLT+AF (\u00a9Joan Cort\u00e8s)_09mai15_JC_17FJVic\" width=\"600\" height=\"399\" title=\"\" srcset=\"https:\/\/tomajazz.com\/web\/wp-content\/uploads\/2015\/06\/07_ACLT-AF-\u00a9Joan-Cort\u00e8s_09mai15_JC_17FJVic.jpg 600w, https:\/\/tomajazz.com\/web\/wp-content\/uploads\/2015\/06\/07_ACLT-AF-\u00a9Joan-Cort\u00e8s_09mai15_JC_17FJVic-150x100.jpg 150w, https:\/\/tomajazz.com\/web\/wp-content\/uploads\/2015\/06\/07_ACLT-AF-\u00a9Joan-Cort\u00e8s_09mai15_JC_17FJVic-200x133.jpg 200w, https:\/\/tomajazz.com\/web\/wp-content\/uploads\/2015\/06\/07_ACLT-AF-\u00a9Joan-Cort\u00e8s_09mai15_JC_17FJVic-83x55.jpg 83w, https:\/\/tomajazz.com\/web\/wp-content\/uploads\/2015\/06\/07_ACLT-AF-\u00a9Joan-Cort\u00e8s_09mai15_JC_17FJVic-60x40.jpg 60w, https:\/\/tomajazz.com\/web\/wp-content\/uploads\/2015\/06\/07_ACLT-AF-\u00a9Joan-Cort\u00e8s_09mai15_JC_17FJVic-120x80.jpg 120w\" sizes=\"auto, (max-width: 600px) 100vw, 600px\" \/><\/p>\n<p style=\"text-align: center;\"><img loading=\"lazy\" decoding=\"async\" class=\"aligncenter size-large wp-image-18815\" src=\"http:\/\/www.tomajazz.com\/web\/wp-content\/uploads\/2015\/06\/08_ACLT-AF-\u00a9Joan-Cort\u00e8s_09mai15_JC_17FJVic-399x600.jpg\" alt=\"08_ACLT+AF (\u00a9Joan Cort\u00e8s)_09mai15_JC_17FJVic\" width=\"399\" height=\"600\" title=\"\" srcset=\"https:\/\/tomajazz.com\/web\/wp-content\/uploads\/2015\/06\/08_ACLT-AF-\u00a9Joan-Cort\u00e8s_09mai15_JC_17FJVic.jpg 399w, https:\/\/tomajazz.com\/web\/wp-content\/uploads\/2015\/06\/08_ACLT-AF-\u00a9Joan-Cort\u00e8s_09mai15_JC_17FJVic-100x150.jpg 100w, https:\/\/tomajazz.com\/web\/wp-content\/uploads\/2015\/06\/08_ACLT-AF-\u00a9Joan-Cort\u00e8s_09mai15_JC_17FJVic-200x300.jpg 200w, https:\/\/tomajazz.com\/web\/wp-content\/uploads\/2015\/06\/08_ACLT-AF-\u00a9Joan-Cort\u00e8s_09mai15_JC_17FJVic-37x55.jpg 37w\" sizes=\"auto, (max-width: 399px) 100vw, 399px\" \/><\/p>\n<p style=\"text-align: center;\"><img loading=\"lazy\" decoding=\"async\" class=\"aligncenter size-large wp-image-18816\" src=\"http:\/\/www.tomajazz.com\/web\/wp-content\/uploads\/2015\/06\/09_ACLT-AF-\u00a9Joan-Cort\u00e8s_09mai15_JC_17FJVic-600x399.jpg\" alt=\"09_ACLT+AF (\u00a9Joan Cort\u00e8s)_09mai15_JC_17FJVic\" width=\"600\" height=\"399\" title=\"\" srcset=\"https:\/\/tomajazz.com\/web\/wp-content\/uploads\/2015\/06\/09_ACLT-AF-\u00a9Joan-Cort\u00e8s_09mai15_JC_17FJVic.jpg 600w, https:\/\/tomajazz.com\/web\/wp-content\/uploads\/2015\/06\/09_ACLT-AF-\u00a9Joan-Cort\u00e8s_09mai15_JC_17FJVic-150x100.jpg 150w, https:\/\/tomajazz.com\/web\/wp-content\/uploads\/2015\/06\/09_ACLT-AF-\u00a9Joan-Cort\u00e8s_09mai15_JC_17FJVic-200x133.jpg 200w, https:\/\/tomajazz.com\/web\/wp-content\/uploads\/2015\/06\/09_ACLT-AF-\u00a9Joan-Cort\u00e8s_09mai15_JC_17FJVic-83x55.jpg 83w, https:\/\/tomajazz.com\/web\/wp-content\/uploads\/2015\/06\/09_ACLT-AF-\u00a9Joan-Cort\u00e8s_09mai15_JC_17FJVic-60x40.jpg 60w, https:\/\/tomajazz.com\/web\/wp-content\/uploads\/2015\/06\/09_ACLT-AF-\u00a9Joan-Cort\u00e8s_09mai15_JC_17FJVic-120x80.jpg 120w\" sizes=\"auto, (max-width: 600px) 100vw, 600px\" \/><\/p>\n<p style=\"text-align: right;\">\u00a9 Joan Cort\u00e8s, 2015<\/p>\n","protected":false},"excerpt":{"rendered":"<p>17 Festival Jazz Vic Fecha: S\u00e1bado, 09 de mayo de 2015 Lugar: Jazz Cava (Vic) Componentes: Albert Cirera Lisbon Trio + Agust\u00ed Fern\u00e1ndez Albert Cirera, saxo tenor y soprano Hernani Faustino, contrabajo Gabriel Ferrandini, bater\u00eda Agust\u00ed Fern\u00e1ndez, piano \u00a9 Joan Cort\u00e8s, 2015<span class=\"more-link\"><a href=\"https:\/\/tomajazz.com\/web\/instantzz-albert-cirera-lisbon-trio-agusti-fernandez-17-festival-jazz-vic-2015-05-09\/\">Contin\u00faa leyendo<\/a><\/span><\/p>\n","protected":false},"author":1,"featured_media":18808,"comment_status":"open","ping_status":"closed","sticky":false,"template":"","format":"standard","meta":{"jetpack_post_was_ever_published":false,"_jetpack_newsletter_access":"","_jetpack_dont_email_post_to_subs":true,"_jetpack_newsletter_tier_id":0,"_jetpack_memberships_contains_paywalled_content":false,"_jetpack_memberships_contains_paid_content":false,"footnotes":""},"categories":[17853,11262,15516,11261,1038],"tags":[13125,280,109,13123,13122,13124,12656,12796,5305,15275,7677,11263,13,13126,12733,1041,12657,16099,77,16100,5784],"class_list":["entry","author-pachi","post-18807","post","type-post","status-publish","format-standard","has-post-thumbnail","category-joan-cortes","category-photoblogs","category-imagenes","category-instantzz","category-contenidos","tag-17-festival-jazz-vic","tag-agusti-fernandez","tag-albert-cirera","tag-albert-cirera-lisbon-trio","tag-albert-cirera-lisbon-trio-agusti-fernandez","tag-festival-jazz-vic","tag-fotoblog","tag-fotografia-de-jazz","tag-gabriel-ferrandini","tag-galeria-fotografica","tag-hernani-faustino","tag-instantzz-2","tag-jazz","tag-jazz-cava","tag-jazz-photography","tag-joan-cortes","tag-photoblog","tag-toma-jazz","tag-tomajazz","tag-tomajazz-toma-jazz","tag-vic"],"jetpack_featured_media_url":"https:\/\/tomajazz.com\/web\/wp-content\/uploads\/2015\/06\/01_ACLT-AF-\u00a9Joan-Cort\u00e8s_09mai15_JC_17FJVic.jpg","jetpack_likes_enabled":true,"jetpack_sharing_enabled":true,"jetpack-related-posts":[{"id":27850,"url":"https:\/\/tomajazz.com\/web\/hdo-203-podcast\/","url_meta":{"origin":18807,"position":0},"title":"HDO 203. Albert Cirera Lisbon Trio + Agust\u00ed Fern\u00e1ndez, Rodrigo Amado Motion Trio, Clastrier &#8211; Kamperman, Mark Dresser&#8230; [Podcast]","author":"Tomajazz","date":"30 noviembre, 2016","format":false,"excerpt":"En la entrega 203 hincamos el diente, a tema por CD, a cinco novedades discogr\u00e1ficas: \"The\" de\u00a0Before The Silence\u00a0(del siempre interesante sello lituano\u00a0NoBusiness Records) del cuarteto formado por\u00a0Albert Cirera,\u00a0Hern\u00e2ni Faustino,\u00a0Gabriel Ferrandini, Agust\u00ed Fern\u00e1ndez -anunciado inicialmente como\u00a0Albert Cirera Lisbon Trio + Agust\u00ed Fern\u00e1ndez-, en una grabaci\u00f3n realizada en la Jazz Cava\u2026","rel":"","context":"En \u00ab*_Pachi Tapiz\u00bb","block_context":{"text":"*_Pachi Tapiz","link":"https:\/\/tomajazz.com\/web\/category\/pachi-tapiz\/"},"img":{"alt_text":"","src":"https:\/\/i0.wp.com\/tomajazz.com\/web\/wp-content\/uploads\/2016\/11\/Mark-Dresser-Seven_Sedimental-You_Clean-Feed_2016.jpeg?resize=350%2C200&ssl=1","width":350,"height":200,"srcset":"https:\/\/i0.wp.com\/tomajazz.com\/web\/wp-content\/uploads\/2016\/11\/Mark-Dresser-Seven_Sedimental-You_Clean-Feed_2016.jpeg?resize=350%2C200&ssl=1 1x, https:\/\/i0.wp.com\/tomajazz.com\/web\/wp-content\/uploads\/2016\/11\/Mark-Dresser-Seven_Sedimental-You_Clean-Feed_2016.jpeg?resize=525%2C300&ssl=1 1.5x, https:\/\/i0.wp.com\/tomajazz.com\/web\/wp-content\/uploads\/2016\/11\/Mark-Dresser-Seven_Sedimental-You_Clean-Feed_2016.jpeg?resize=700%2C400&ssl=1 2x"},"classes":[]},{"id":52008,"url":"https:\/\/tomajazz.com\/web\/instantzz-albert-cirera-monografico-galeria-fotografica-aka-fotoblog-de-jazz-impro-y-algo-mas\/","url_meta":{"origin":18807,"position":1},"title":"INSTANTZZ: Albert Cirera (monogr\u00e1fico) [Galer\u00eda fotogr\u00e1fica AKA Fotoblog de jazz, impro&#8230; y algo m\u00e1s]","author":"Tomajazz","date":"10 septiembre, 2020","format":false,"excerpt":"Albert Cirera es el protagonista de un nuevo monogr\u00e1fico de Joan Cort\u00e8s en INSTANTZZ, consistente en 16 im\u00e1genes del saxofonista con distintas formaciones, tomadas entre 2007 y 2020.","rel":"","context":"En \u00abINSTANTZZ\u00bb","block_context":{"text":"INSTANTZZ","link":"https:\/\/tomajazz.com\/web\/category\/contenidos\/imagenes\/photoblogs\/instantzz\/"},"img":{"alt_text":"","src":"https:\/\/i0.wp.com\/tomajazz.com\/web\/wp-content\/uploads\/2020\/09\/08_Dt_10mai19_JzzCv_FstvlJzz_Vc.jpg?resize=350%2C200&ssl=1","width":350,"height":200,"srcset":"https:\/\/i0.wp.com\/tomajazz.com\/web\/wp-content\/uploads\/2020\/09\/08_Dt_10mai19_JzzCv_FstvlJzz_Vc.jpg?resize=350%2C200&ssl=1 1x, https:\/\/i0.wp.com\/tomajazz.com\/web\/wp-content\/uploads\/2020\/09\/08_Dt_10mai19_JzzCv_FstvlJzz_Vc.jpg?resize=525%2C300&ssl=1 1.5x"},"classes":[]},{"id":104019,"url":"https:\/\/tomajazz.com\/web\/albert-cirera-tres-tambors-strogoff-2026\/","url_meta":{"origin":18807,"position":2},"title":"Albert Cirera &#038; Tres Tambors \u201cOrangina\u201d (Sangarra de Nadal \/ Llibreria Strogoff, 2025-12-20 \/ La Garriga -Barcelona-) Por Joan Cort\u00e8s [INSTANTZZ AKA Galer\u00eda fotogr\u00e1fica AKA Fotoblog de jazz, impro\u2026 y algo m\u00e1s]","author":"Tomajazz","date":"14 febrero, 2026","format":false,"excerpt":"Albert Cirera & Tres Tambors \u201cOrangina\u201d actuaron en Llibreria Strogoff de La Garriga, Barcelona, el 20 de diciembre de 2025. Joan Cort\u00e8s lo retrata en INSTANTZZ. Actuaron Albert Cirera, Roger Mas, Marko Lohikari, \u00d2scar Dom\u00e8nech","rel":"","context":"En \u00abINSTANTZZ\u00bb","block_context":{"text":"INSTANTZZ","link":"https:\/\/tomajazz.com\/web\/category\/contenidos\/imagenes\/photoblogs\/instantzz\/"},"img":{"alt_text":"Albert Cirera & Tres Tambors \u201cOrangina\u201d (Sangarra de Nadal \/ Llibreria Strogoff, 2025-12-20 \/ La Garriga -Barcelona-) Por Joan Cort\u00e8s [INSTANTZZ AKA Galer\u00eda fotogr\u00e1fica AKA Fotoblog de jazz, impro\u2026 y algo m\u00e1s] - Tomajazz - Albert Cirera & Tres Tambors \u201cOrangina\u201d actuaron en Llibreria Strogoff de La Garriga, Barcelona, el 20 de diciembre de 2025. Joan Cort\u00e8s lo retrata en INSTANTZZ. Actuaron Albert Cirera, Roger Mas, Marko Lohikari, \u00d2scar Dom\u00e8nech\n","src":"https:\/\/i0.wp.com\/tomajazz.com\/web\/wp-content\/uploads\/2026\/02\/destacada-05-lbrt-Crr-trs-tmbrs-Photo-By-Joan-Cortes-20dsm25-SdN-Strgff-Recuperado.jpg?resize=350%2C200&ssl=1","width":350,"height":200,"srcset":"https:\/\/i0.wp.com\/tomajazz.com\/web\/wp-content\/uploads\/2026\/02\/destacada-05-lbrt-Crr-trs-tmbrs-Photo-By-Joan-Cortes-20dsm25-SdN-Strgff-Recuperado.jpg?resize=350%2C200&ssl=1 1x, https:\/\/i0.wp.com\/tomajazz.com\/web\/wp-content\/uploads\/2026\/02\/destacada-05-lbrt-Crr-trs-tmbrs-Photo-By-Joan-Cortes-20dsm25-SdN-Strgff-Recuperado.jpg?resize=525%2C300&ssl=1 1.5x"},"classes":[]},{"id":31013,"url":"https:\/\/tomajazz.com\/web\/instantzz-agusti-fernandez-liquid-quintet-jazz-cava-19e-festival-de-jazz-vic-2017-05-05\/","url_meta":{"origin":18807,"position":3},"title":"INSTANTZZ: Agust\u00ed Fern\u00e1ndez Liquid Quintet (Jazz Cava, 19\u00e8 Festival de Jazz, Vic. 2017-05-05)","author":"Tomajazz","date":"19 junio, 2017","format":false,"excerpt":"Fecha: Martes, 05 de mayo de 2017 Lugar: Jazz Cava (Vic) Grupo: Agust\u00ed Fern\u00e1ndez Liquid Quintet\u00a0 Agust\u00ed Fern\u00e1ndez, piano Artur Majewski, trompeta Albert Cirera, saxo tenor y soprano Rafal Mazur, bajo ac\u00fastico Ramon Prats, bater\u00eda \u00a0 Tomajazz:\u00a0\u00a9 Joan Cort\u00e8s, 2017","rel":"","context":"En \u00ab*_Joan Cort\u00e8s\u00bb","block_context":{"text":"*_Joan Cort\u00e8s","link":"https:\/\/tomajazz.com\/web\/category\/joan-cortes\/"},"img":{"alt_text":"","src":"https:\/\/i0.wp.com\/tomajazz.com\/web\/wp-content\/uploads\/2017\/06\/09_gstFrnndzLqdQntt-%C2%A9Joan-Cort%C3%A8s_05mai17_19FJV_JC_Vc.jpg?resize=350%2C200&ssl=1","width":350,"height":200,"srcset":"https:\/\/i0.wp.com\/tomajazz.com\/web\/wp-content\/uploads\/2017\/06\/09_gstFrnndzLqdQntt-%C2%A9Joan-Cort%C3%A8s_05mai17_19FJV_JC_Vc.jpg?resize=350%2C200&ssl=1 1x, https:\/\/i0.wp.com\/tomajazz.com\/web\/wp-content\/uploads\/2017\/06\/09_gstFrnndzLqdQntt-%C2%A9Joan-Cort%C3%A8s_05mai17_19FJV_JC_Vc.jpg?resize=525%2C300&ssl=1 1.5x"},"classes":[]},{"id":104518,"url":"https:\/\/tomajazz.com\/web\/agusti-fernandez-sonia-sanchez-lucia-martinez-cdj25-2026\/","url_meta":{"origin":18807,"position":4},"title":"Agust\u00ed Fern\u00e1ndez, S\u00f2nia S\u00e1nchez &#038; Luc\u00eda Mart\u00ednez (25 aniversario Club de Jazz \/ Jamboree-01, 2026-02-14 \/ Barcelona) [II] Por Joan Cort\u00e8s [INSTANTZZ AKA Galer\u00eda fotogr\u00e1fica AKA Fotoblog de jazz, impro\u2026 y algo m\u00e1s]","author":"Tomajazz","date":"22 marzo, 2026","format":false,"excerpt":"Agust\u00ed Fern\u00e1ndez, S\u00f2nia S\u00e1nchez & Luc\u00eda Mart\u00ednez actuaron en Jamboree, Barcelona, en el 25 aniversario de CDJ. Joan Cort\u00e8s lo retrata en INSTANTZZ","rel":"","context":"En \u00ab*_Joan Cort\u00e8s\u00bb","block_context":{"text":"*_Joan Cort\u00e8s","link":"https:\/\/tomajazz.com\/web\/category\/joan-cortes\/"},"img":{"alt_text":"Agust\u00ed Fern\u00e1ndez, S\u00f2nia S\u00e1nchez & Luc\u00eda Mart\u00ednez (25 aniversario Club de Jazz \/ Jamboree-01, 2026-02-14 \/ Barcelona) [II] Por Joan Cort\u00e8s [INSTANTZZ AKA Galer\u00eda fotogr\u00e1fica AKA Fotoblog de jazz, impro\u2026 y algo m\u00e1s] - Tomajazz - Agust\u00ed Fern\u00e1ndez, S\u00f2nia S\u00e1nchez & Luc\u00eda Mart\u00ednez actuaron en Jamboree, Barcelona, en el 25 aniversario de CDJ. Joan Cort\u00e8s lo retrata en INSTANTZZ","src":"https:\/\/i0.wp.com\/tomajazz.com\/web\/wp-content\/uploads\/2026\/03\/destacada-07-Frnndz-Snchz-Mrtnz-Photo-by-Joan-Cortes-14fbr26-25nCdJ-Jmbr-Bcn.jpg?resize=350%2C200&ssl=1","width":350,"height":200,"srcset":"https:\/\/i0.wp.com\/tomajazz.com\/web\/wp-content\/uploads\/2026\/03\/destacada-07-Frnndz-Snchz-Mrtnz-Photo-by-Joan-Cortes-14fbr26-25nCdJ-Jmbr-Bcn.jpg?resize=350%2C200&ssl=1 1x, https:\/\/i0.wp.com\/tomajazz.com\/web\/wp-content\/uploads\/2026\/03\/destacada-07-Frnndz-Snchz-Mrtnz-Photo-by-Joan-Cortes-14fbr26-25nCdJ-Jmbr-Bcn.jpg?resize=525%2C300&ssl=1 1.5x"},"classes":[]},{"id":103669,"url":"https:\/\/tomajazz.com\/web\/sam-pluta-agusti-fernandez-barcelona-2025\/","url_meta":{"origin":18807,"position":5},"title":"Sam Pluta &#038; Agust\u00ed Fern\u00e1ndez (Phonos \/ UPF-Sala Arany\u00f3, 2025-12-05 \/ Barcelona) Por Joan Cort\u00e8s [INSTANTZZ AKA Galer\u00eda fotogr\u00e1fica AKA Fotoblog de jazz, impro\u2026 y algo m\u00e1s]","author":"Tomajazz","date":"24 enero, 2026","format":false,"excerpt":"Sam Pluta & Agust\u00ed Fern\u00e1ndez acuaron en Phonos, UPF-Sala Arany\u00f3 de Barcelona, el 5 de diciembre de 2025. Joan Cort\u00e8s lo retrata en INSTANTZZ","rel":"","context":"En \u00ab*_Joan Cort\u00e8s\u00bb","block_context":{"text":"*_Joan Cort\u00e8s","link":"https:\/\/tomajazz.com\/web\/category\/joan-cortes\/"},"img":{"alt_text":"Sam Pluta & Agust\u00ed Fern\u00e1ndez (Phonos \/ UPF-Sala Arany\u00f3, 2025-12-05 \/ Barcelona) Por Joan Cort\u00e8s [INSTANTZZ AKA Galer\u00eda fotogr\u00e1fica AKA Fotoblog de jazz, impro\u2026 y algo m\u00e1s] - Tomajazz - Sam Pluta & Agust\u00ed Fern\u00e1ndez acuaron en Phonos, UPF-Sala Arany\u00f3 de Barcelona, el 5 de diciembre de 2025. Joan Cort\u00e8s lo retrata en INSTANTZZ","src":"https:\/\/i0.wp.com\/tomajazz.com\/web\/wp-content\/uploads\/2026\/01\/destacada-07-Sam-Plt-gst-Frnndz-Photo-By-Joan-Cortes-251205-Phns-Sl-rny-nPF-Bcn.jpg?resize=350%2C200&ssl=1","width":350,"height":200,"srcset":"https:\/\/i0.wp.com\/tomajazz.com\/web\/wp-content\/uploads\/2026\/01\/destacada-07-Sam-Plt-gst-Frnndz-Photo-By-Joan-Cortes-251205-Phns-Sl-rny-nPF-Bcn.jpg?resize=350%2C200&ssl=1 1x, https:\/\/i0.wp.com\/tomajazz.com\/web\/wp-content\/uploads\/2026\/01\/destacada-07-Sam-Plt-gst-Frnndz-Photo-By-Joan-Cortes-251205-Phns-Sl-rny-nPF-Bcn.jpg?resize=525%2C300&ssl=1 1.5x"},"classes":[]}],"_links":{"self":[{"href":"https:\/\/tomajazz.com\/web\/wp-json\/wp\/v2\/posts\/18807","targetHints":{"allow":["GET"]}}],"collection":[{"href":"https:\/\/tomajazz.com\/web\/wp-json\/wp\/v2\/posts"}],"about":[{"href":"https:\/\/tomajazz.com\/web\/wp-json\/wp\/v2\/types\/post"}],"author":[{"embeddable":true,"href":"https:\/\/tomajazz.com\/web\/wp-json\/wp\/v2\/users\/1"}],"replies":[{"embeddable":true,"href":"https:\/\/tomajazz.com\/web\/wp-json\/wp\/v2\/comments?post=18807"}],"version-history":[{"count":1,"href":"https:\/\/tomajazz.com\/web\/wp-json\/wp\/v2\/posts\/18807\/revisions"}],"predecessor-version":[{"id":18817,"href":"https:\/\/tomajazz.com\/web\/wp-json\/wp\/v2\/posts\/18807\/revisions\/18817"}],"wp:featuredmedia":[{"embeddable":true,"href":"https:\/\/tomajazz.com\/web\/wp-json\/wp\/v2\/media\/18808"}],"wp:attachment":[{"href":"https:\/\/tomajazz.com\/web\/wp-json\/wp\/v2\/media?parent=18807"}],"wp:term":[{"taxonomy":"category","embeddable":true,"href":"https:\/\/tomajazz.com\/web\/wp-json\/wp\/v2\/categories?post=18807"},{"taxonomy":"post_tag","embeddable":true,"href":"https:\/\/tomajazz.com\/web\/wp-json\/wp\/v2\/tags?post=18807"}],"curies":[{"name":"wp","href":"https:\/\/api.w.org\/{rel}","templated":true}]}}