{"id":18844,"date":"2015-06-25T17:00:08","date_gmt":"2015-06-25T15:00:08","guid":{"rendered":"http:\/\/www.tomajazz.com\/web\/?p=18844"},"modified":"2016-11-13T16:30:21","modified_gmt":"2016-11-13T15:30:21","slug":"instantzz-side-a-17-festival-jazz-vic-jazz-cava-vic-2015-05-08","status":"publish","type":"post","link":"https:\/\/tomajazz.com\/web\/instantzz-side-a-17-festival-jazz-vic-jazz-cava-vic-2015-05-08\/","title":{"rendered":"INSTANTZZ: Side A (17 Festival Jazz Vic, Jazz Cava, Vic. 2015-05-08)"},"content":{"rendered":"<p>17 Festival Jazz Vic<\/p>\n<ul>\n<li>Fecha: Viernes, 08 de mayo de 2015<\/li>\n<li>Lugar: Jazz Cava (Vic)<\/li>\n<li>Componentes:<br \/>\nSide A<br \/>\nKen Vandermark, saxo bar\u00edtono y clarinete<br \/>\nHavard Wiik, piano<br \/>\nChad Taylor, bater\u00eda<\/li>\n<\/ul>\n<p style=\"text-align: center;\"><img loading=\"lazy\" decoding=\"async\" class=\"aligncenter size-large wp-image-18846\" src=\"http:\/\/www.tomajazz.com\/web\/wp-content\/uploads\/2015\/06\/01_V-W-T-\u00a9Joan-Cort\u00e8s_JC_17FJ_Vc-399x600.jpg\" alt=\"01_V-W-T (\u00a9Joan Cort\u00e8s)_JC_17FJ_Vc\" width=\"399\" height=\"600\" title=\"\" srcset=\"https:\/\/tomajazz.com\/web\/wp-content\/uploads\/2015\/06\/01_V-W-T-\u00a9Joan-Cort\u00e8s_JC_17FJ_Vc.jpg 399w, https:\/\/tomajazz.com\/web\/wp-content\/uploads\/2015\/06\/01_V-W-T-\u00a9Joan-Cort\u00e8s_JC_17FJ_Vc-100x150.jpg 100w, https:\/\/tomajazz.com\/web\/wp-content\/uploads\/2015\/06\/01_V-W-T-\u00a9Joan-Cort\u00e8s_JC_17FJ_Vc-200x300.jpg 200w, https:\/\/tomajazz.com\/web\/wp-content\/uploads\/2015\/06\/01_V-W-T-\u00a9Joan-Cort\u00e8s_JC_17FJ_Vc-37x55.jpg 37w\" sizes=\"auto, (max-width: 399px) 100vw, 399px\" \/><\/p>\n<p style=\"text-align: center;\"><img loading=\"lazy\" decoding=\"async\" class=\"aligncenter size-large wp-image-18847\" src=\"http:\/\/www.tomajazz.com\/web\/wp-content\/uploads\/2015\/06\/02_V-W-T-\u00a9Joan-Cort\u00e8s_JC_17FJ_Vc-600x399.jpg\" alt=\"02_V-W-T (\u00a9Joan Cort\u00e8s)_JC_17FJ_Vc\" width=\"600\" height=\"399\" title=\"\" srcset=\"https:\/\/tomajazz.com\/web\/wp-content\/uploads\/2015\/06\/02_V-W-T-\u00a9Joan-Cort\u00e8s_JC_17FJ_Vc.jpg 600w, https:\/\/tomajazz.com\/web\/wp-content\/uploads\/2015\/06\/02_V-W-T-\u00a9Joan-Cort\u00e8s_JC_17FJ_Vc-150x100.jpg 150w, https:\/\/tomajazz.com\/web\/wp-content\/uploads\/2015\/06\/02_V-W-T-\u00a9Joan-Cort\u00e8s_JC_17FJ_Vc-200x133.jpg 200w, https:\/\/tomajazz.com\/web\/wp-content\/uploads\/2015\/06\/02_V-W-T-\u00a9Joan-Cort\u00e8s_JC_17FJ_Vc-83x55.jpg 83w, https:\/\/tomajazz.com\/web\/wp-content\/uploads\/2015\/06\/02_V-W-T-\u00a9Joan-Cort\u00e8s_JC_17FJ_Vc-60x40.jpg 60w, https:\/\/tomajazz.com\/web\/wp-content\/uploads\/2015\/06\/02_V-W-T-\u00a9Joan-Cort\u00e8s_JC_17FJ_Vc-120x80.jpg 120w\" sizes=\"auto, (max-width: 600px) 100vw, 600px\" \/><\/p>\n<p style=\"text-align: center;\"><img loading=\"lazy\" decoding=\"async\" class=\"aligncenter size-large wp-image-18848\" src=\"http:\/\/www.tomajazz.com\/web\/wp-content\/uploads\/2015\/06\/03_V-W-T-\u00a9Joan-Cort\u00e8s_JC_17FJ_Vc-399x600.jpg\" alt=\"03_V-W-T (\u00a9Joan Cort\u00e8s)_JC_17FJ_Vc\" width=\"399\" height=\"600\" title=\"\" srcset=\"https:\/\/tomajazz.com\/web\/wp-content\/uploads\/2015\/06\/03_V-W-T-\u00a9Joan-Cort\u00e8s_JC_17FJ_Vc.jpg 399w, https:\/\/tomajazz.com\/web\/wp-content\/uploads\/2015\/06\/03_V-W-T-\u00a9Joan-Cort\u00e8s_JC_17FJ_Vc-100x150.jpg 100w, https:\/\/tomajazz.com\/web\/wp-content\/uploads\/2015\/06\/03_V-W-T-\u00a9Joan-Cort\u00e8s_JC_17FJ_Vc-200x300.jpg 200w, https:\/\/tomajazz.com\/web\/wp-content\/uploads\/2015\/06\/03_V-W-T-\u00a9Joan-Cort\u00e8s_JC_17FJ_Vc-37x55.jpg 37w\" sizes=\"auto, (max-width: 399px) 100vw, 399px\" \/><\/p>\n<p style=\"text-align: center;\"><img loading=\"lazy\" decoding=\"async\" class=\"aligncenter size-large wp-image-18849\" src=\"http:\/\/www.tomajazz.com\/web\/wp-content\/uploads\/2015\/06\/04V-W-T-\u00a9Joan-Cort\u00e8s_JC_17FJ_Vc-399x600.jpg\" alt=\"04V-W-T (\u00a9Joan Cort\u00e8s)_JC_17FJ_Vc\" width=\"399\" height=\"600\" title=\"\" srcset=\"https:\/\/tomajazz.com\/web\/wp-content\/uploads\/2015\/06\/04V-W-T-\u00a9Joan-Cort\u00e8s_JC_17FJ_Vc.jpg 399w, https:\/\/tomajazz.com\/web\/wp-content\/uploads\/2015\/06\/04V-W-T-\u00a9Joan-Cort\u00e8s_JC_17FJ_Vc-100x150.jpg 100w, https:\/\/tomajazz.com\/web\/wp-content\/uploads\/2015\/06\/04V-W-T-\u00a9Joan-Cort\u00e8s_JC_17FJ_Vc-200x300.jpg 200w, https:\/\/tomajazz.com\/web\/wp-content\/uploads\/2015\/06\/04V-W-T-\u00a9Joan-Cort\u00e8s_JC_17FJ_Vc-37x55.jpg 37w\" sizes=\"auto, (max-width: 399px) 100vw, 399px\" \/><\/p>\n<p style=\"text-align: center;\"><img loading=\"lazy\" decoding=\"async\" class=\"aligncenter size-large wp-image-18850\" src=\"http:\/\/www.tomajazz.com\/web\/wp-content\/uploads\/2015\/06\/05V-W-T-\u00a9Joan-Cort\u00e8s_JC_17FJ_Vc-399x600.jpg\" alt=\"05V-W-T (\u00a9Joan Cort\u00e8s)_JC_17FJ_Vc\" width=\"399\" height=\"600\" title=\"\" srcset=\"https:\/\/tomajazz.com\/web\/wp-content\/uploads\/2015\/06\/05V-W-T-\u00a9Joan-Cort\u00e8s_JC_17FJ_Vc.jpg 399w, https:\/\/tomajazz.com\/web\/wp-content\/uploads\/2015\/06\/05V-W-T-\u00a9Joan-Cort\u00e8s_JC_17FJ_Vc-100x150.jpg 100w, https:\/\/tomajazz.com\/web\/wp-content\/uploads\/2015\/06\/05V-W-T-\u00a9Joan-Cort\u00e8s_JC_17FJ_Vc-200x300.jpg 200w, https:\/\/tomajazz.com\/web\/wp-content\/uploads\/2015\/06\/05V-W-T-\u00a9Joan-Cort\u00e8s_JC_17FJ_Vc-37x55.jpg 37w\" sizes=\"auto, (max-width: 399px) 100vw, 399px\" \/><\/p>\n<p style=\"text-align: center;\"><img loading=\"lazy\" decoding=\"async\" class=\"aligncenter size-large wp-image-18857\" src=\"http:\/\/www.tomajazz.com\/web\/wp-content\/uploads\/2015\/06\/06_V-W-T-\u00a9Joan-Cort\u00e8s_JC_17FJ_Vc-600x399.jpg\" alt=\"06_V-W-T (\u00a9Joan Cort\u00e8s)_JC_17FJ_Vc\" width=\"600\" height=\"399\" title=\"\" srcset=\"https:\/\/tomajazz.com\/web\/wp-content\/uploads\/2015\/06\/06_V-W-T-\u00a9Joan-Cort\u00e8s_JC_17FJ_Vc.jpg 600w, https:\/\/tomajazz.com\/web\/wp-content\/uploads\/2015\/06\/06_V-W-T-\u00a9Joan-Cort\u00e8s_JC_17FJ_Vc-150x100.jpg 150w, https:\/\/tomajazz.com\/web\/wp-content\/uploads\/2015\/06\/06_V-W-T-\u00a9Joan-Cort\u00e8s_JC_17FJ_Vc-200x133.jpg 200w, https:\/\/tomajazz.com\/web\/wp-content\/uploads\/2015\/06\/06_V-W-T-\u00a9Joan-Cort\u00e8s_JC_17FJ_Vc-83x55.jpg 83w, https:\/\/tomajazz.com\/web\/wp-content\/uploads\/2015\/06\/06_V-W-T-\u00a9Joan-Cort\u00e8s_JC_17FJ_Vc-60x40.jpg 60w, https:\/\/tomajazz.com\/web\/wp-content\/uploads\/2015\/06\/06_V-W-T-\u00a9Joan-Cort\u00e8s_JC_17FJ_Vc-120x80.jpg 120w\" sizes=\"auto, (max-width: 600px) 100vw, 600px\" \/><\/p>\n<p style=\"text-align: center;\"><img loading=\"lazy\" decoding=\"async\" class=\"aligncenter size-large wp-image-18851\" src=\"http:\/\/www.tomajazz.com\/web\/wp-content\/uploads\/2015\/06\/07_V-W-T-\u00a9Joan-Cort\u00e8s_JC_17FJ_Vc-399x600.jpg\" alt=\"07_V-W-T (\u00a9Joan Cort\u00e8s)_JC_17FJ_Vc\" width=\"399\" height=\"600\" title=\"\" srcset=\"https:\/\/tomajazz.com\/web\/wp-content\/uploads\/2015\/06\/07_V-W-T-\u00a9Joan-Cort\u00e8s_JC_17FJ_Vc.jpg 399w, https:\/\/tomajazz.com\/web\/wp-content\/uploads\/2015\/06\/07_V-W-T-\u00a9Joan-Cort\u00e8s_JC_17FJ_Vc-100x150.jpg 100w, https:\/\/tomajazz.com\/web\/wp-content\/uploads\/2015\/06\/07_V-W-T-\u00a9Joan-Cort\u00e8s_JC_17FJ_Vc-200x300.jpg 200w, https:\/\/tomajazz.com\/web\/wp-content\/uploads\/2015\/06\/07_V-W-T-\u00a9Joan-Cort\u00e8s_JC_17FJ_Vc-37x55.jpg 37w\" sizes=\"auto, (max-width: 399px) 100vw, 399px\" \/><\/p>\n<p style=\"text-align: center;\"><img loading=\"lazy\" decoding=\"async\" class=\"aligncenter size-large wp-image-18852\" src=\"http:\/\/www.tomajazz.com\/web\/wp-content\/uploads\/2015\/06\/08_V-W-T-\u00a9Joan-Cort\u00e8s_JC_17FJ_Vc-399x600.jpg\" alt=\"08_V-W-T (\u00a9Joan Cort\u00e8s)_JC_17FJ_Vc\" width=\"399\" height=\"600\" title=\"\" srcset=\"https:\/\/tomajazz.com\/web\/wp-content\/uploads\/2015\/06\/08_V-W-T-\u00a9Joan-Cort\u00e8s_JC_17FJ_Vc.jpg 399w, https:\/\/tomajazz.com\/web\/wp-content\/uploads\/2015\/06\/08_V-W-T-\u00a9Joan-Cort\u00e8s_JC_17FJ_Vc-100x150.jpg 100w, https:\/\/tomajazz.com\/web\/wp-content\/uploads\/2015\/06\/08_V-W-T-\u00a9Joan-Cort\u00e8s_JC_17FJ_Vc-200x300.jpg 200w, https:\/\/tomajazz.com\/web\/wp-content\/uploads\/2015\/06\/08_V-W-T-\u00a9Joan-Cort\u00e8s_JC_17FJ_Vc-37x55.jpg 37w\" sizes=\"auto, (max-width: 399px) 100vw, 399px\" \/><\/p>\n<p style=\"text-align: center;\"><img loading=\"lazy\" decoding=\"async\" class=\"aligncenter size-large wp-image-18853\" src=\"http:\/\/www.tomajazz.com\/web\/wp-content\/uploads\/2015\/06\/09_V-W-T-\u00a9Joan-Cort\u00e8s_JC_17FJ_Vc-600x399.jpg\" alt=\"09_V-W-T (\u00a9Joan Cort\u00e8s)_JC_17FJ_Vc\" width=\"600\" height=\"399\" title=\"\" srcset=\"https:\/\/tomajazz.com\/web\/wp-content\/uploads\/2015\/06\/09_V-W-T-\u00a9Joan-Cort\u00e8s_JC_17FJ_Vc.jpg 600w, https:\/\/tomajazz.com\/web\/wp-content\/uploads\/2015\/06\/09_V-W-T-\u00a9Joan-Cort\u00e8s_JC_17FJ_Vc-150x100.jpg 150w, https:\/\/tomajazz.com\/web\/wp-content\/uploads\/2015\/06\/09_V-W-T-\u00a9Joan-Cort\u00e8s_JC_17FJ_Vc-200x133.jpg 200w, https:\/\/tomajazz.com\/web\/wp-content\/uploads\/2015\/06\/09_V-W-T-\u00a9Joan-Cort\u00e8s_JC_17FJ_Vc-83x55.jpg 83w, https:\/\/tomajazz.com\/web\/wp-content\/uploads\/2015\/06\/09_V-W-T-\u00a9Joan-Cort\u00e8s_JC_17FJ_Vc-60x40.jpg 60w, https:\/\/tomajazz.com\/web\/wp-content\/uploads\/2015\/06\/09_V-W-T-\u00a9Joan-Cort\u00e8s_JC_17FJ_Vc-120x80.jpg 120w\" sizes=\"auto, (max-width: 600px) 100vw, 600px\" \/><\/p>\n<p style=\"text-align: right;\">\u00a9 Joan Cort\u00e8s, 2015<\/p>\n","protected":false},"excerpt":{"rendered":"<p>17 Festival Jazz Vic Fecha: Viernes, 08 de mayo de 2015 Lugar: Jazz Cava (Vic) Componentes: Side A Ken Vandermark, saxo bar\u00edtono y clarinete Havard Wiik, piano Chad Taylor, bater\u00eda \u00a9 Joan Cort\u00e8s, 2015<span class=\"more-link\"><a href=\"https:\/\/tomajazz.com\/web\/instantzz-side-a-17-festival-jazz-vic-jazz-cava-vic-2015-05-08\/\">Contin\u00faa leyendo<\/a><\/span><\/p>\n","protected":false},"author":1,"featured_media":18853,"comment_status":"open","ping_status":"closed","sticky":false,"template":"","format":"image","meta":{"jetpack_post_was_ever_published":false,"_jetpack_newsletter_access":"","_jetpack_dont_email_post_to_subs":true,"_jetpack_newsletter_tier_id":0,"_jetpack_memberships_contains_paywalled_content":false,"_jetpack_memberships_contains_paid_content":false,"footnotes":""},"categories":[17853,11262,15516,11261,1038],"tags":[13125,6892,13124,12656,12796,15275,6358,13,13126,12733,1041,446,12657,6891,16099,77,16100,5784],"class_list":["entry","author-pachi","post-18844","post","type-post","status-publish","format-image","has-post-thumbnail","category-joan-cortes","category-photoblogs","category-imagenes","category-instantzz","category-contenidos","tag-17-festival-jazz-vic","tag-chad-taylor","tag-festival-jazz-vic","tag-fotoblog","tag-fotografia-de-jazz","tag-galeria-fotografica","tag-havard-wiik","tag-jazz","tag-jazz-cava","tag-jazz-photography","tag-joan-cortes","tag-ken-vandermark","tag-photoblog","tag-side-a","tag-toma-jazz","tag-tomajazz","tag-tomajazz-toma-jazz","tag-vic"],"jetpack_featured_media_url":"https:\/\/tomajazz.com\/web\/wp-content\/uploads\/2015\/06\/09_V-W-T-\u00a9Joan-Cort\u00e8s_JC_17FJ_Vc.jpg","jetpack_likes_enabled":true,"jetpack_sharing_enabled":true,"jetpack-related-posts":[{"id":102929,"url":"https:\/\/tomajazz.com\/web\/samuel-blaser-marc-ducret-peter-bruun-jazz-cava-2025\/","url_meta":{"origin":18844,"position":0},"title":"Samuel Blaser, Marc Ducret &#038; Peter Bruun (Jazz Cava, 2025-11-20 \/ Vic -Barcelona-) Por Joan Cort\u00e8s [INSTANTZZ AKA Galer\u00eda fotogr\u00e1fica AKA Fotoblog de jazz, impro\u2026 y algo m\u00e1s]","author":"Tomajazz","date":"23 diciembre, 2025","format":false,"excerpt":"Samuel Blaser, Marc Ducret & Peter Bruun actuaron en la Jazz Cava de Vic, el 20 e noviembre de 2025. Joan Cort\u00e8s lo retrata en INSTANTZZ","rel":"","context":"En \u00ab*_Joan Cort\u00e8s\u00bb","block_context":{"text":"*_Joan Cort\u00e8s","link":"https:\/\/tomajazz.com\/web\/category\/joan-cortes\/"},"img":{"alt_text":"Samuel Blaser, Marc Ducret & Peter Bruun (Jazz Cava, 2025-11-20 \/ Vic -Barcelona-) Por Joan Cort\u00e8s [INSTANTZZ AKA Galer\u00eda fotogr\u00e1fica AKA Fotoblog de jazz, impro\u2026 y algo m\u00e1s] - Tomajazz - Samuel Blaser, Marc Ducret & Peter Bruun actuaron en la Jazz Cava de Vic, el 20 e noviembre de 2025. Joan Cort\u00e8s lo retrata en INSTANTZZ","src":"https:\/\/i0.wp.com\/tomajazz.com\/web\/wp-content\/uploads\/2025\/12\/destacado-07-Blsr-Dcrt-Brn-Photo-By-Joan-Cortes-20nvm25-JzzCv-Vc.jpg?resize=350%2C200&ssl=1","width":350,"height":200,"srcset":"https:\/\/i0.wp.com\/tomajazz.com\/web\/wp-content\/uploads\/2025\/12\/destacado-07-Blsr-Dcrt-Brn-Photo-By-Joan-Cortes-20nvm25-JzzCv-Vc.jpg?resize=350%2C200&ssl=1 1x, https:\/\/i0.wp.com\/tomajazz.com\/web\/wp-content\/uploads\/2025\/12\/destacado-07-Blsr-Dcrt-Brn-Photo-By-Joan-Cortes-20nvm25-JzzCv-Vc.jpg?resize=525%2C300&ssl=1 1.5x"},"classes":[]},{"id":104990,"url":"https:\/\/tomajazz.com\/web\/adam-ofarrill-elephant-jazz-cava-vic-2026\/","url_meta":{"origin":18844,"position":1},"title":"Adam O\u2019Farrill Elephant (Jazz Cava, 2026-03-12 \/ Vic -Barcelona-) Por Joan Cort\u00e8s [INSTANTZZ AKA Galer\u00eda fotogr\u00e1fica AKA Fotoblog de jazz, impro\u2026 y algo m\u00e1s]","author":"Tomajazz","date":"21 abril, 2026","format":false,"excerpt":"Adam O\u2019Farrill Elephant actu\u00f3 en la Jazz Cava de VIc, el 12 de marzo de 2026-03. Joan Cort\u00e8s lo retrata en INSTANTZZ. Adam O\u2019Farrill Elephant son Adam O\u2019Farrill, Yvonne Rogers, Walter Stinson, Russell Holzman","rel":"","context":"En \u00abINSTANTZZ\u00bb","block_context":{"text":"INSTANTZZ","link":"https:\/\/tomajazz.com\/web\/category\/contenidos\/imagenes\/photoblogs\/instantzz\/"},"img":{"alt_text":"Adam O\u2019Farrill Elephant (Jazz Cava, 2026-03-12 \/ Vic -Barcelona-) Por Joan Cort\u00e8s [INSTANTZZ AKA Galer\u00eda fotogr\u00e1fica AKA Fotoblog de jazz, impro\u2026 y algo m\u00e1s] - Tomajazz - Adam O\u2019Farrill Elephant actu\u00f3 en la Jazz Cava de VIc, el 12 de marzo de 2026-03. Joan Cort\u00e8s lo retrata en INSTANTZZ. Adam O\u2019Farrill Elephant son Adam O\u2019Farrill, Yvonne Rogers, Walter Stinson, Russell Holzman\n","src":"https:\/\/i0.wp.com\/tomajazz.com\/web\/wp-content\/uploads\/2026\/04\/destacada-10-dm-Frrl-lphnt-Photo-by-Joan-Cortes-12mrc26-LJzzCv-Vc.jpg?resize=350%2C200&ssl=1","width":350,"height":200},"classes":[]},{"id":7263,"url":"https:\/\/tomajazz.com\/web\/side-a-vandermark-wiik-taylor-imaxinasons-2013-vigo-2013-06-30\/","url_meta":{"origin":18844,"position":2},"title":"Side A (Vandermark &#8211; Wiik &#8211; Taylor) (Imaxinasons 2013, Vigo, 2013-06-30)","author":"Tomajazz","date":"5 julio, 2013","format":false,"excerpt":"Imaxinasons 2013 Fecha: 30 de junio de 2013 Lugar: Auditorio Municipal, Vigo (Pontevedra) Componentes: Side A Ken Vandermark: saxo bar\u00edtono, clarinete Havard Wiik: piano Chad Taylor: bater\u00eda Comentario: Desde hace unos a\u00f1os Ken Vandermark es uno de los m\u00fasicos de jazz m\u00e1s activo. Son m\u00faltiples los proyectos que mantiene en\u2026","rel":"","context":"En \u00ab*_Pachi Tapiz\u00bb","block_context":{"text":"*_Pachi Tapiz","link":"https:\/\/tomajazz.com\/web\/category\/pachi-tapiz\/"},"img":{"alt_text":"","src":"https:\/\/i0.wp.com\/tomajazz.com\/web\/wp-content\/uploads\/2013\/07\/Side-A-1-por-Janite-Lafuente.jpg?resize=350%2C200&ssl=1","width":350,"height":200,"srcset":"https:\/\/i0.wp.com\/tomajazz.com\/web\/wp-content\/uploads\/2013\/07\/Side-A-1-por-Janite-Lafuente.jpg?resize=350%2C200&ssl=1 1x, https:\/\/i0.wp.com\/tomajazz.com\/web\/wp-content\/uploads\/2013\/07\/Side-A-1-por-Janite-Lafuente.jpg?resize=525%2C300&ssl=1 1.5x, https:\/\/i0.wp.com\/tomajazz.com\/web\/wp-content\/uploads\/2013\/07\/Side-A-1-por-Janite-Lafuente.jpg?resize=700%2C400&ssl=1 2x, https:\/\/i0.wp.com\/tomajazz.com\/web\/wp-content\/uploads\/2013\/07\/Side-A-1-por-Janite-Lafuente.jpg?resize=1050%2C600&ssl=1 3x, https:\/\/i0.wp.com\/tomajazz.com\/web\/wp-content\/uploads\/2013\/07\/Side-A-1-por-Janite-Lafuente.jpg?resize=1400%2C800&ssl=1 4x"},"classes":[]},{"id":105126,"url":"https:\/\/tomajazz.com\/web\/dave-douglas-quartet-terrassa-2026\/","url_meta":{"origin":18844,"position":3},"title":"Dave Douglas Quartet (45\u00e8 Festival Jazz Terrassa 2026 \/ Nova Jazz Cava, 2026-03-15 \/ Terrassa -Barcelona-) [I] Por Joan Cort\u00e8s [INSTANTZZ AKA Galer\u00eda fotogr\u00e1fica AKA Fotoblog de jazz, impro\u2026 y algo m\u00e1s]","author":"Tomajazz","date":"30 abril, 2026","format":false,"excerpt":"Dave Douglas Quartet actu\u00f3 en el 45\u00e8 Festival Jazz Terrassa 2026, en la m\u00edtica Nova Jazz Cava, el 15 de marzo de 2026. Joan Cort\u00e8s lo retrata en INSTANTZZ. Dave Douglas Quartet son Dave Douglas, Marta Warelis, Ingebrigt H\u00e5ker Flaten, Rudy Royston","rel":"","context":"En \u00ab45\u00e8 Festival Jazz Terrassa 2026\u00bb","block_context":{"text":"45\u00e8 Festival Jazz Terrassa 2026","link":"https:\/\/tomajazz.com\/web\/category\/contenidos\/especial-contenidos\/45e-festival-jazz-terrassa-2026\/"},"img":{"alt_text":"Dave Douglas Quartet (45\u00e8 Festival Jazz Terrassa 2026 \/ Nova Jazz Cava, 2026-03-15 \/ Terrassa -Barcelona-) [I] Por Joan Cort\u00e8s [INSTANTZZ AKA Galer\u00eda fotogr\u00e1fica AKA Fotoblog de jazz, impro\u2026 y algo m\u00e1s] - Tomajazz - Dave Douglas Quartet actu\u00f3 en el 45\u00e8 Festival Jazz Terrassa 2026, en la m\u00edtica Nova Jazz Cava, el 15 de marzo de 2026. Joan Cort\u00e8s lo retrata en INSTANTZZ. Dave Douglas Quartet son Dave Douglas, Marta Warelis, Ingebrigt H\u00e5ker Flaten, Rudy Royston\n","src":"https:\/\/i0.wp.com\/tomajazz.com\/web\/wp-content\/uploads\/2026\/04\/destacada-10-Dv-Dgls-Fr-Frrdms-Photo-by-Joan-Cortes-15mrc26-45FJT-NJC-Trrss.jpg?resize=350%2C200&ssl=1","width":350,"height":200,"srcset":"https:\/\/i0.wp.com\/tomajazz.com\/web\/wp-content\/uploads\/2026\/04\/destacada-10-Dv-Dgls-Fr-Frrdms-Photo-by-Joan-Cortes-15mrc26-45FJT-NJC-Trrss.jpg?resize=350%2C200&ssl=1 1x, https:\/\/i0.wp.com\/tomajazz.com\/web\/wp-content\/uploads\/2026\/04\/destacada-10-Dv-Dgls-Fr-Frrdms-Photo-by-Joan-Cortes-15mrc26-45FJT-NJC-Trrss.jpg?resize=525%2C300&ssl=1 1.5x"},"classes":[]},{"id":93548,"url":"https:\/\/tomajazz.com\/web\/ken-vandermark-jazz-cava-2024\/","url_meta":{"origin":18844,"position":4},"title":"Ken Vandermark\u2019s Edition Redux (Jazz Cava, 2024-11-02. Vic -Barcelona-) Por Joan Cort\u00e8s [INSTANTZZ AKA Galer\u00eda fotogr\u00e1fica AKA Fotoblog de jazz, impro\u2026 y algo m\u00e1s]","author":"Tomajazz","date":"7 enero, 2025","format":false,"excerpt":"Ken Vandermark\u2019s Edition Redux actu\u00f3 en la Jazz Cava de VIc, el 2 de noviembre de 2024. Joan Cort\u00e8s lo retrata en INSTANTZZ. Actuaron Ken Vandermark, Erez Dessel, Lily Finnegan, Beth McDonald","rel":"","context":"En \u00abINSTANTZZ\u00bb","block_context":{"text":"INSTANTZZ","link":"https:\/\/tomajazz.com\/web\/category\/contenidos\/imagenes\/photoblogs\/instantzz\/"},"img":{"alt_text":"Ken Vandermark\u2019s Edition Redux (Jazz Cava, 2024-11-02. Vic -Barcelona-)  Por Joan Cort\u00e8s [INSTANTZZ AKA Galer\u00eda fotogr\u00e1fica AKA Fotoblog de jazz, impro\u2026 y algo m\u00e1s] - Tomajazz - Ken Vandermark\u2019s Edition Redux actu\u00f3 en la Jazz Cava de VIc, el 2 de noviembre de 2024. Joan Cort\u00e8s lo retrata en INSTANTZZ. Actuaron Ken Vandermark, Erez Dessel, Lily Finnegan, Beth McDonald","src":"https:\/\/i0.wp.com\/tomajazz.com\/web\/wp-content\/uploads\/2025\/01\/destacada-09-Kn-Vndrmrk-dtn-Rdx-Photo-By-Joan-Cortes-02nvm24-JCV-Vc.jpg?resize=350%2C200&ssl=1","width":350,"height":200,"srcset":"https:\/\/i0.wp.com\/tomajazz.com\/web\/wp-content\/uploads\/2025\/01\/destacada-09-Kn-Vndrmrk-dtn-Rdx-Photo-By-Joan-Cortes-02nvm24-JCV-Vc.jpg?resize=350%2C200&ssl=1 1x, https:\/\/i0.wp.com\/tomajazz.com\/web\/wp-content\/uploads\/2025\/01\/destacada-09-Kn-Vndrmrk-dtn-Rdx-Photo-By-Joan-Cortes-02nvm24-JCV-Vc.jpg?resize=525%2C300&ssl=1 1.5x"},"classes":[]},{"id":101081,"url":"https:\/\/tomajazz.com\/web\/south-side-stompers-vitoria-2025\/","url_meta":{"origin":18844,"position":5},"title":"South Side Stompers (48 Festival de Jazz de Vitoria. 2025-07-19) Por Jos\u00e9 Luis Luna Rocafort [INSTANTZZ AKA Galer\u00eda fotogr\u00e1fica AKA Fotoblog de jazz, impro\u2026 y algo m\u00e1s]","author":"Tomajazz","date":"29 octubre, 2025","format":false,"excerpt":"South Side Stompers actu\u00f3 en el 48 Festival de Jazz de Vitoria 2025. Jos\u00e9 Luis Luna Rocafort lo retrata en INSTANTZZ. Con esta entrega finaliza el amplio repaso por el 48 Festival de Jazz de Vitoria 2025","rel":"","context":"En \u00ab48 Festival de Jazz de Vitoria 2025\u00bb","block_context":{"text":"48 Festival de Jazz de Vitoria 2025","link":"https:\/\/tomajazz.com\/web\/category\/contenidos\/especial-contenidos\/48-festival-de-jazz-de-vitoria-2025\/"},"img":{"alt_text":"South Side Stompers (48 Festival de Jazz de Vitoria. 2025-07-19) Por Jos\u00e9 Luis Luna Rocafort [INSTANTZZ AKA Galer\u00eda fotogr\u00e1fica AKA Fotoblog de jazz, impro\u2026 y algo m\u00e1s] - Tomajazz - South Side Stompers actu\u00f3 en el 48 Festival de Jazz de Vitoria 2025. Jos\u00e9 Luis Luna Rocafort lo retrata en INSTANTZZ. Con esta entrega finaliza el amplio repaso por el 48 Festival de Jazz de Vitoria 2025","src":"https:\/\/i0.wp.com\/tomajazz.com\/web\/wp-content\/uploads\/2025\/10\/001-21.jpg?resize=350%2C200&ssl=1","width":350,"height":200,"srcset":"https:\/\/i0.wp.com\/tomajazz.com\/web\/wp-content\/uploads\/2025\/10\/001-21.jpg?resize=350%2C200&ssl=1 1x, https:\/\/i0.wp.com\/tomajazz.com\/web\/wp-content\/uploads\/2025\/10\/001-21.jpg?resize=525%2C300&ssl=1 1.5x"},"classes":[]}],"_links":{"self":[{"href":"https:\/\/tomajazz.com\/web\/wp-json\/wp\/v2\/posts\/18844","targetHints":{"allow":["GET"]}}],"collection":[{"href":"https:\/\/tomajazz.com\/web\/wp-json\/wp\/v2\/posts"}],"about":[{"href":"https:\/\/tomajazz.com\/web\/wp-json\/wp\/v2\/types\/post"}],"author":[{"embeddable":true,"href":"https:\/\/tomajazz.com\/web\/wp-json\/wp\/v2\/users\/1"}],"replies":[{"embeddable":true,"href":"https:\/\/tomajazz.com\/web\/wp-json\/wp\/v2\/comments?post=18844"}],"version-history":[{"count":4,"href":"https:\/\/tomajazz.com\/web\/wp-json\/wp\/v2\/posts\/18844\/revisions"}],"predecessor-version":[{"id":18858,"href":"https:\/\/tomajazz.com\/web\/wp-json\/wp\/v2\/posts\/18844\/revisions\/18858"}],"wp:featuredmedia":[{"embeddable":true,"href":"https:\/\/tomajazz.com\/web\/wp-json\/wp\/v2\/media\/18853"}],"wp:attachment":[{"href":"https:\/\/tomajazz.com\/web\/wp-json\/wp\/v2\/media?parent=18844"}],"wp:term":[{"taxonomy":"category","embeddable":true,"href":"https:\/\/tomajazz.com\/web\/wp-json\/wp\/v2\/categories?post=18844"},{"taxonomy":"post_tag","embeddable":true,"href":"https:\/\/tomajazz.com\/web\/wp-json\/wp\/v2\/tags?post=18844"}],"curies":[{"name":"wp","href":"https:\/\/api.w.org\/{rel}","templated":true}]}}