{"id":19036,"date":"2015-07-14T11:00:37","date_gmt":"2015-07-14T09:00:37","guid":{"rendered":"http:\/\/www.tomajazz.com\/web\/?p=19036"},"modified":"2016-11-13T19:34:32","modified_gmt":"2016-11-13T18:34:32","slug":"arturo-mora-trio-un-grupo-con-mucho-caracter-entrevista-por-pachi-tapiz","status":"publish","type":"post","link":"https:\/\/tomajazz.com\/web\/arturo-mora-trio-un-grupo-con-mucho-caracter-entrevista-por-pachi-tapiz\/","title":{"rendered":"Arturo Mora Tr\u00edo, un grupo con mucho car\u00e1cter. Entrevista a Arturo Mora por Pachi Tapiz"},"content":{"rendered":"<p style=\"text-align: justify;\"><a href=\"http:\/\/www.tomajazz.com\/web\/?tag=arturo-mora\" target=\"_blank\">Arturo Mora<\/a> es un viejo conocido para los lectores de Tomajazz. Habitual en nuestras p\u00e1ginas (web) como cronista y opinador de la actualidad del jazz, tiene tras de s\u00ed una apasionante e intensa carrera musical: del bajo el\u00e9ctrico dio el salto al contrabajo; musicalmente se ha movido por terrenos del metal extremo, el folk y el jazz. Hace unos meses publicaba el EP <em><a href=\"http:\/\/www.tomajazz.com\/web\/?p=14710\" target=\"_blank\">Sign of the Future<\/a><\/em> a nombre de su tr\u00edo. Es precisamente con este tr\u00edo (completado por el guitarrista <a href=\"http:\/\/www.tomajazz.com\/web\/?p=18768\" target=\"_blank\">Hugo Fern\u00e1ndez<\/a> y el baterista Enric Castell\u00f3) con quien se presentar\u00e1 en Bogui Jazz el pr\u00f3ximo jueves 16 de julio. Pachi Tapiz entrevist\u00f3 por correo electr\u00f3nico a su amigo Arturo Mora acerca de\u00a0este concierto y este proyecto, y tambi\u00e9n sobre los pr\u00f3ximos pasos en su carrera musical, entre otros asuntos.<\/p>\n<p style=\"text-align: center;\"><img loading=\"lazy\" decoding=\"async\" class=\"aligncenter wp-image-19033 size-large\" src=\"http:\/\/www.tomajazz.com\/web\/wp-content\/uploads\/2015\/07\/sotf_03-600x402.jpg\" alt=\"sotf_03\" width=\"600\" height=\"402\" title=\"\"><\/p>\n<p><strong>PACHI TAPIZ \u2013 TOMAJAZZ: <\/strong>Tu primera obra con tu tr\u00edo, <em>Sign of the Future<\/em>, fue un EP. Al contrario de lo que ocurre en otras presentaciones, tu estreno con esta formaci\u00f3n inclu\u00eda cinco temas, pero m\u00e1s que el n\u00famero de temas lo llamativo era que ten\u00eda una duraci\u00f3n corta, un poquito m\u00e1s de media hora,\u00a0 que tampoco llegaba a la duraci\u00f3n est\u00e1ndar de un LP. En otros casos los estrenos se alargan y se alargan hasta llegar a los l\u00edmites temporales de duraci\u00f3n de un CD. \u00bfPor qu\u00e9 elegiste ese formato de EP?<\/p>\n<p><strong>ARTURO MORA: <\/strong>Cuando grabamos <em>Sign of the Future <\/em>el grupo ya contaba con casi 20 temas originales, pero quise enfocarlo como una simple tarjeta de presentaci\u00f3n para darnos a conocer y atraer p\u00fablico a los conciertos. Elegimos cinco temas de entre los que mejor funcionaban en este formato de tr\u00edo y dejamos que el resto siguieran desarroll\u00e1ndose en directo.<\/p>\n<p style=\"text-align: center;\"><img loading=\"lazy\" decoding=\"async\" class=\"aligncenter wp-image-19037 size-large\" src=\"http:\/\/www.tomajazz.com\/web\/wp-content\/uploads\/2015\/07\/AMT20150716_Bogui_m-424x600.jpg\" alt=\"AMT20150716_Bogui_m\" width=\"424\" height=\"600\" title=\"\"><\/p>\n<p><strong>PACHI TAPIZ \u2013 TOMAJAZZ:<\/strong> \u00bfQu\u00e9 vas a presentar en el concierto de Bogui?<\/p>\n<p><strong>ARTURO MORA: <\/strong>Este concierto llega en un momento en que el grupo est\u00e1 sonando con mucho car\u00e1cter. No solo conocemos bien el repertorio; adem\u00e1s este ha ido creciendo y se ha adaptado a nosotros a lo largo de estos dos a\u00f1os. Tanto el guitarrista Hugo Fern\u00e1ndez como el bater\u00eda Enric Castell\u00f3 han hecho un trabajo excelente para asimilar las composiciones, hacerlas suyas y formar parte de ellas. En cuanto al repertorio, abordaremos los temas del EP y otros originales donde la palabra clave es variaci\u00f3n. Cada tema cuenta una historia y cada espectador puede encontrar afinidades fuertes en varios momentos distintos de la actuaci\u00f3n. Me gusta ver los conciertos del tr\u00edo como un viaje musical formado por diversos relatos cortos independientes pero \u00edntimamente relacionados.<\/p>\n<p style=\"text-align: center;\"><img loading=\"lazy\" decoding=\"async\" class=\"aligncenter wp-image-19032 size-large\" src=\"http:\/\/www.tomajazz.com\/web\/wp-content\/uploads\/2015\/07\/sotf_01-600x402.jpg\" alt=\"sotf_01\" width=\"600\" height=\"402\" title=\"\"><\/p>\n<p><strong>PACHI TAPIZ \u2013 TOMAJAZZ:<\/strong> \u00a0Ha pasado ya un tiempo desde la publicaci\u00f3n de <em>Sign of the Future<\/em>: \u00bfcu\u00e1l es el siguiente paso en la vida del tr\u00edo?<\/p>\n<p><strong>ARTURO MORA: <\/strong>Como ocurre con cualquier grupo de jazz, el proyecto est\u00e1 vivo mientra haya actuaciones en directo. Aparte de seguir buscando conciertos, profundizar en detalles de las composiciones e ir a\u00f1adiendo temas nuevos, me gustar\u00eda incorporar poco a poco colaboraciones de otros m\u00fasicos para ampliar la paleta de texturas s\u00f3nicas. Estoy muy contento con <em>Sign of the Future<\/em>, pero no quiero que el pr\u00f3ximo trabajo discogr\u00e1fico sea una simple continuaci\u00f3n.<\/p>\n<p style=\"text-align: center;\"><img loading=\"lazy\" decoding=\"async\" class=\"aligncenter wp-image-19028 size-large\" src=\"http:\/\/www.tomajazz.com\/web\/wp-content\/uploads\/2015\/07\/DSC5534-600x401.jpg\" alt=\"_DSC5534\" width=\"600\" height=\"401\" title=\"\"><\/p>\n<p><strong>PACHI TAPIZ \u2013 TOMAJAZZ:<\/strong> \u00a0Hasta ahora los temas publicados son tuyos&#8230; \u00bften\u00e9is la intenci\u00f3n de incluir alg\u00fan tema que no sea de tu autor\u00eda?<\/p>\n<p><strong>ARTURO MORA: <\/strong>Habitualmente tocamos <em>standards <\/em>y composiciones de otros m\u00fasicos en los diferentes proyectos que integramos. Este grupo representa una visi\u00f3n personal y original de la m\u00fasica, por lo que intentamos ofrecer siempre temas originales, aunque tampoco estamos cerrados a incluir alguna versi\u00f3n si tiene sentido hacerlo en alg\u00fan momento.<\/p>\n<p style=\"text-align: center;\"><img loading=\"lazy\" decoding=\"async\" class=\"aligncenter wp-image-19031 size-large\" src=\"http:\/\/www.tomajazz.com\/web\/wp-content\/uploads\/2015\/07\/DSC5726-600x401.jpg\" alt=\"_DSC5726\" width=\"600\" height=\"401\" title=\"\"><\/p>\n<p><strong>PACHI TAPIZ \u2013 TOMAJAZZ:<\/strong> \u00a0\u00bfCu\u00e1les son tus referencias tanto con el contrabajo como componiendo?<\/p>\n<p><strong>ARTURO MORA: <\/strong>Curiosamente, aunque en este tr\u00edo toco el bajo el\u00e9ctrico, mis referencias en cuanto a la funci\u00f3n del instrumento son casi exclusivamente de contrabajistas. Los que m\u00e1s me han influido son Paul Chambers, Ron Carter, Charlie Haden y Dave Holland. En cuanto a las composiciones, Pat Metheny y Esbj\u00f6rn Svensson han ejercido en m\u00ed una influencia descomunal. En esta categor\u00eda tambi\u00e9n incluir\u00eda a John Scofield y a m\u00fasicos no relacionados con el jazz como Mike Oldfield y Michael Nyman.<\/p>\n<p><strong>PACHI TAPIZ \u2013 TOMAJAZZ:<\/strong> \u00a0\u00bfCu\u00e1l es el m\u00fasico de jazz por antonomasia, vivo o muerto?<\/p>\n<p><strong>ARTURO MORA: <\/strong>Supongo que esta pregunta tendr\u00e1 tantas respuestas como aficionados al jazz. Personalmente, el m\u00fasico al que m\u00e1s he admirado siempre como <em>jazzman<\/em> es John Coltrane, quiz\u00e1s compartiendo pedestal con Miles Davis.<\/p>\n<p style=\"text-align: center;\"><img loading=\"lazy\" decoding=\"async\" class=\"aligncenter wp-image-19034 size-large\" src=\"http:\/\/www.tomajazz.com\/web\/wp-content\/uploads\/2015\/07\/sotf_05-600x402.jpg\" alt=\"sotf_05\" width=\"600\" height=\"402\" title=\"\"><\/p>\n<p><strong>PACHI TAPIZ \u2013 TOMAJAZZ:<\/strong> \u00a0Has sido un observdor atento, como periodista, de la escena del jazz en la \u00faltima d\u00e9cada: \u00bfqu\u00e9 es lo que resaltar\u00edas? \u00bfC\u00f3mo ves el panorama actual?<\/p>\n<p><strong>ARTURO MORA: <\/strong>En lo que llevamos de siglo se ha afianzado la tendencia a la diversificaci\u00f3n estil\u00edstica que surgi\u00f3 a finales de los a\u00f1os sesenta. De hecho cada d\u00eda es m\u00e1s dif\u00edcil hablar de estilos, porque hay m\u00fasicos con unas voces individuales demasiado fuertes como para encasillarlas en etiquetas. Siempre he sido muy seguidor de la escena europea, a la que veo muy fuerte a pesar del triste fallecimiento de Esbj\u00f6rn Svensson en 2008. Entre los m\u00fasicos europeos que m\u00e1s me llaman la atenci\u00f3n est\u00e1n los contrabajistas Lars Danielsson y Mats Eilertsen, y los pianistas Leszek Mozdzer, Gwilym Simcock, Neil Cowley y Stefano Battaglia. Mis propuestas americanas favoritas de la actualidad son las de Vijay Iyer, Antonio S\u00e1nchez, Orrin Evans, Christian McBride y Alex Sipiagin. Fuera de ambos continentes creo necesario destacar al pianista israel\u00ed Shai Maestro.<\/p>\n<p><strong>PACHI TAPIZ \u2013 TOMAJAZZ:<\/strong> \u00a0Tu carrera musical es muy llamativa. Ahora mismo eres uno de los contrabajistas m\u00e1s activos en la escena local madrile\u00f1a, puesto que participas en varias <em>jams<\/em> semanalmente. Si no me falla la memoria en el \u00faltimo a\u00f1o has tenido cerca de 200 conciertos \u2013 actuaciones. Sin embargo no siempre has estado ni con el jazz ni con el contrabajo. Comenzaste con el el\u00e9ctrico participando en grupos de metal extremo, luego en propuestas <em>folk<\/em> como Babieca&#8230; si miras hacia atr\u00e1s, \u00bfc\u00f3mo te ve\u00edas con la edad que tienes ahora hace quince o veinte a\u00f1os?<\/p>\n<p><strong>ARTURO MORA: <\/strong>No podr\u00eda haberme imaginado la situaci\u00f3n actual ni en el mejor de mis sue\u00f1os; y en cambio cuanto m\u00e1s avanzo m\u00e1s ignorante me siento. En este momento creo haber recorrido una parte m\u00ednima del camino. La m\u00fasica es un campo apasionante e infinito, y cuanto m\u00e1s se acerca uno a sus objetivos m\u00e1s crecen y se alejan. Siempre hay que estar en continuo movimiento, siempre buscando las se\u00f1ales del futuro.<\/p>\n<p style=\"text-align: right;\">Entrevista:\u00a0\u00a9 Pachi Tapiz, 2015<br \/>\nFotograf\u00edas en directo:\u00a0\u00a9\u00a0<a href=\"http:\/\/www.pedrowiesmann.com\/\" target=\"_blank\" rel=\"nofollow noopener\">Pedro Wiesmann<\/a>, 2014<br \/>\nFotograf\u00edas en estudio:\u00a0\u00a9 Gabriel Castellano, 2014<\/p>\n<p style=\"text-align: center;\">\n","protected":false},"excerpt":{"rendered":"<p>Arturo Mora es un viejo conocido para los lectores de Tomajazz. Habitual en nuestras p\u00e1ginas (web) como cronista y opinador de la actualidad del jazz, tiene tras de s\u00ed una apasionante e intensa carrera musical: del bajo el\u00e9ctrico dio el salto al contrabajo; musicalmente se ha movido por terrenos del<span class=\"more-link\"><a href=\"https:\/\/tomajazz.com\/web\/arturo-mora-trio-un-grupo-con-mucho-caracter-entrevista-por-pachi-tapiz\/\">Contin\u00faa leyendo<\/a><\/span><\/p>\n","protected":false},"author":1,"featured_media":19033,"comment_status":"open","ping_status":"closed","sticky":false,"template":"","format":"image","meta":{"jetpack_post_was_ever_published":false,"_jetpack_newsletter_access":"","_jetpack_dont_email_post_to_subs":true,"_jetpack_newsletter_tier_id":0,"_jetpack_memberships_contains_paywalled_content":false,"_jetpack_memberships_contains_paid_content":false,"footnotes":""},"categories":[17847,78,15537,9,15517,1038],"tags":[7289,1406,260,10972,1270,1557,1566,7148,10973,12790,6752,13276,13272,13269,12791,13,1870,9498,6286,13271,8289,13270,10297,2004,13273,168,31,2080,2083,13275,2158,182,13274,16099,77,16100,1230],"class_list":["entry","author-pachi","post-19036","post","type-post","status-publish","format-image","has-post-thumbnail","category-pachi-tapiz","category-afondo","category-entrevistas","category-perfiles","category-textos","category-contenidos","tag-alex-sipiagin","tag-antonio-sanchez","tag-arturo-mora-rioja","tag-arturo-mora-trio","tag-bogui-jazz","tag-charlie-haden","tag-christian-mcbride","tag-dave-holland","tag-enric-castello","tag-entrevista","tag-esbjorn-svensson","tag-gabriel-castellano","tag-gyilym-simcock","tag-hugo-fernanez","tag-interview","tag-jazz","tag-john-coltrane","tag-john-scofield","tag-lars-danielsson","tag-leszek-mozdzer","tag-mats-eilertsen","tag-michael-nyman","tag-mike-oldfield","tag-miles-davis","tag-neil-cowley","tag-orrin-evans","tag-pachi-tapiz","tag-pat-metheny","tag-paul-chambers","tag-pedro-wiesmann","tag-ron-carter","tag-shai-maestro","tag-stefano-battaglia","tag-toma-jazz","tag-tomajazz","tag-tomajazz-toma-jazz","tag-vijay-iyer"],"jetpack_featured_media_url":"https:\/\/tomajazz.com\/web\/wp-content\/uploads\/2015\/07\/sotf_03-e1436850942530.jpg","jetpack_likes_enabled":true,"jetpack_sharing_enabled":true,"jetpack-related-posts":[{"id":100196,"url":"https:\/\/tomajazz.com\/web\/john-hollenbeck-colouring-hockets-2024\/","url_meta":{"origin":19036,"position":0},"title":"John Hollenbeck &#038; NDR Bigband: Colouring Hockets (Flexatonic Records; 2024) Por Pachi Tapiz [Grabaci\u00f3n de jazz]","author":"Tomajazz","date":"7 octubre, 2025","format":false,"excerpt":"Colouring Hockets (Flexatonic Records; 2024) es lo nuevo de John Hollenbeck con la NDR Bigband. Pachi Tapiz repasa la grabaci\u00f3n","rel":"","context":"En \u00abGrabaciones...\u00bb","block_context":{"text":"Grabaciones...","link":"https:\/\/tomajazz.com\/web\/category\/contenidos\/textos\/grabaciones\/"},"img":{"alt_text":"John Hollenbeck & NDR Bigband: Colouring Hockets (Flexatonic Records; 2024) Por Pachi Tapiz [Grabaci\u00f3n de jazz] - Tomajazz","src":"https:\/\/i0.wp.com\/tomajazz.com\/web\/wp-content\/uploads\/2025\/10\/John-Hollenbeck-and-NDR-BigBand-Colouring-Hockets-2024-Hexatonic-Records-Tomajazz.jpg?resize=350%2C200&ssl=1","width":350,"height":200,"srcset":"https:\/\/i0.wp.com\/tomajazz.com\/web\/wp-content\/uploads\/2025\/10\/John-Hollenbeck-and-NDR-BigBand-Colouring-Hockets-2024-Hexatonic-Records-Tomajazz.jpg?resize=350%2C200&ssl=1 1x, https:\/\/i0.wp.com\/tomajazz.com\/web\/wp-content\/uploads\/2025\/10\/John-Hollenbeck-and-NDR-BigBand-Colouring-Hockets-2024-Hexatonic-Records-Tomajazz.jpg?resize=525%2C300&ssl=1 1.5x, https:\/\/i0.wp.com\/tomajazz.com\/web\/wp-content\/uploads\/2025\/10\/John-Hollenbeck-and-NDR-BigBand-Colouring-Hockets-2024-Hexatonic-Records-Tomajazz.jpg?resize=700%2C400&ssl=1 2x"},"classes":[]},{"id":101793,"url":"https:\/\/tomajazz.com\/web\/luis-pardellans-trio-back-again-2025\/","url_meta":{"origin":19036,"position":1},"title":"Luis Pardellans Trio: Back Again (Fresh Sound Records; 2025) Por Pachi Tapiz [Grabaci\u00f3n de jazz]","author":"Tomajazz","date":"7 diciembre, 2025","format":false,"excerpt":"Back Again (Fresh Sound Records; 2025) es lo nuevo de Luis Pardellans Trio. Pachi Tapiz repasa la grabaci\u00f3n. Con Luis Pardellans, Jordi Gaspar, Enrique Heredia","rel":"","context":"En \u00ab*_Pachi Tapiz\u00bb","block_context":{"text":"*_Pachi Tapiz","link":"https:\/\/tomajazz.com\/web\/category\/pachi-tapiz\/"},"img":{"alt_text":"Luis Pardellans Trio: Back Again (Fresh Sound Records; 2025) Por Pachi Tapiz [Grabaci\u00f3n de jazz] - Tomajazz - Back Again (Fresh Sound Records; 2025) es lo nuevo de Luis Pardellans Trio. Pachi Tapiz repasa la grabaci\u00f3n. Con Luis Pardellans, Jordi Gaspar, Enrique Heredia","src":"https:\/\/i0.wp.com\/tomajazz.com\/web\/wp-content\/uploads\/2025\/12\/Luis-Pardellans-Trio-Back-Again-Fresh-Sound-Records-2025-Tomajazz.jpg?resize=350%2C200&ssl=1","width":350,"height":200,"srcset":"https:\/\/i0.wp.com\/tomajazz.com\/web\/wp-content\/uploads\/2025\/12\/Luis-Pardellans-Trio-Back-Again-Fresh-Sound-Records-2025-Tomajazz.jpg?resize=350%2C200&ssl=1 1x, https:\/\/i0.wp.com\/tomajazz.com\/web\/wp-content\/uploads\/2025\/12\/Luis-Pardellans-Trio-Back-Again-Fresh-Sound-Records-2025-Tomajazz.jpg?resize=525%2C300&ssl=1 1.5x, https:\/\/i0.wp.com\/tomajazz.com\/web\/wp-content\/uploads\/2025\/12\/Luis-Pardellans-Trio-Back-Again-Fresh-Sound-Records-2025-Tomajazz.jpg?resize=700%2C400&ssl=1 2x"},"classes":[]},{"id":100717,"url":"https:\/\/tomajazz.com\/web\/entrevista-ruben-reinaldo-a-proposito-de-fusion-olivica-2025\/","url_meta":{"origin":19036,"position":2},"title":"Pr\u00f3ximamente&#8230; Entrevista con el guitarrista Rub\u00e9n Reinaldo a prop\u00f3sito de Fusi\u00f3n Ol\u00edvica. Por Carlos Lara, Enrique Farelo y Pachi Tapiz [Entrevista de jazz]","author":"Tomajazz","date":"20 octubre, 2025","format":false,"excerpt":"El guitarrista Rub\u00e9n Reinaldo ha publicado Fusi\u00f3n Ol\u00edvica (Free Code Jazz Records; 2025), su primera grabaci\u00f3n como l\u00edder. Carlos Lara, Enrique Farelo y Pachi Tapiz lo entrevistan con tal ocasi\u00f3n","rel":"","context":"En \u00abEntrevistas...\u00bb","block_context":{"text":"Entrevistas...","link":"https:\/\/tomajazz.com\/web\/category\/contenidos\/textos\/entrevistas-criticas\/"},"img":{"alt_text":"Entrevista con el guitarrista Rub\u00e9n Reinaldo a prop\u00f3sito de Fusi\u00f3n Ol\u00edvica. Por Carlos Lara, Enrique Farelo y Pachi Tapiz [Entrevista de jazz] - Tomajazz - El guitarrista Rub\u00e9n Reinaldo ha publicado Fusi\u00f3n Ol\u00edvica (Free Code Jazz Records; 2025), su primera grabaci\u00f3n como l\u00edder. Carlos Lara, Enrique Farelo y Pachi Tapiz lo entrevistan con tal ocasi\u00f3n","src":"https:\/\/i0.wp.com\/tomajazz.com\/web\/wp-content\/uploads\/2025\/10\/DESTACADA-IMG-0163.jpg?resize=350%2C200&ssl=1","width":350,"height":200,"srcset":"https:\/\/i0.wp.com\/tomajazz.com\/web\/wp-content\/uploads\/2025\/10\/DESTACADA-IMG-0163.jpg?resize=350%2C200&ssl=1 1x, https:\/\/i0.wp.com\/tomajazz.com\/web\/wp-content\/uploads\/2025\/10\/DESTACADA-IMG-0163.jpg?resize=525%2C300&ssl=1 1.5x, https:\/\/i0.wp.com\/tomajazz.com\/web\/wp-content\/uploads\/2025\/10\/DESTACADA-IMG-0163.jpg?resize=700%2C400&ssl=1 2x"},"classes":[]},{"id":10404,"url":"https:\/\/tomajazz.com\/web\/tomajazz-recupera-el-san-juan-evangelista-premia-a-pachi-tapiz\/","url_meta":{"origin":19036,"position":3},"title":"Tomajazz recupera&#8230; El San Juan Evangelista premia a Pachi Tapiz","author":"Tomajazz","date":"12 febrero, 2014","format":false,"excerpt":"A la finalizaci\u00f3n del concierto de John Scofield Trio + Horns el pasado 16 de abril de 2008, el Club de M\u00fasica y Jazz San Juan Evangelista (el popular \u201cJohnny\u201d), de Madrid, celebr\u00f3 el vigesimoquinto aniversario de la colaboraci\u00f3n que le une a El Corte Ingl\u00e9s, y cuyo patrocinio comenz\u00f3\u2026","rel":"","context":"En \u00ab*_Arturo Mora Rioja\u00bb","block_context":{"text":"*_Arturo Mora Rioja","link":"https:\/\/tomajazz.com\/web\/category\/arturo-mora-rioja\/"},"img":{"alt_text":"Pachi Tapiz y parte del equipo de Tomajazz en Madrid con la estatu\u00edlla. De izquierda a derecha: Enrique Farelo, Sergio Cabanillas, Pachi Tapiz, Arturo Mora y Carlos Lara \u00a9 Javier Nombela, 2008","src":"https:\/\/i0.wp.com\/tomajazz.com\/web\/wp-content\/uploads\/2014\/02\/tomajazz_madrid.jpg?resize=350%2C200&ssl=1","width":350,"height":200},"classes":[]},{"id":102777,"url":"https:\/\/tomajazz.com\/web\/jorge-martinez-1955-2025-in-memoriam\/","url_meta":{"origin":19036,"position":4},"title":"Jorge Mart\u00ednez (1955-2025) In Memoriam","author":"Tomajazz","date":"10 diciembre, 2025","format":false,"excerpt":"Jorge Mart\u00ednez falleci\u00f3 el 9 de diciembre de 2025. Pachi Tapiz recupera una cita in\u00e9dita relacionada con el jazz y la acompa\u00f1amos con una instant\u00e1nea de Sergio Cabanillas. DEP","rel":"","context":"En \u00ab*_Pachi Tapiz\u00bb","block_context":{"text":"*_Pachi Tapiz","link":"https:\/\/tomajazz.com\/web\/category\/pachi-tapiz\/"},"img":{"alt_text":"Jorge Mart\u00ednez (1955-2025) In Memoriam - Tomajazz - Jorge Mart\u00ednez falleci\u00f3 el 9 de diciembre de 2025. Pachi Tapiz recupera una cita relacionada con el jazz de una entrevista y la acompa\u00f1amos con una fotograf","src":"https:\/\/i0.wp.com\/tomajazz.com\/web\/wp-content\/uploads\/2025\/12\/Ilegales-Junio-1998-CABANIJAZZ.jpg?resize=350%2C200&ssl=1","width":350,"height":200,"srcset":"https:\/\/i0.wp.com\/tomajazz.com\/web\/wp-content\/uploads\/2025\/12\/Ilegales-Junio-1998-CABANIJAZZ.jpg?resize=350%2C200&ssl=1 1x, https:\/\/i0.wp.com\/tomajazz.com\/web\/wp-content\/uploads\/2025\/12\/Ilegales-Junio-1998-CABANIJAZZ.jpg?resize=525%2C300&ssl=1 1.5x, https:\/\/i0.wp.com\/tomajazz.com\/web\/wp-content\/uploads\/2025\/12\/Ilegales-Junio-1998-CABANIJAZZ.jpg?resize=700%2C400&ssl=1 2x, https:\/\/i0.wp.com\/tomajazz.com\/web\/wp-content\/uploads\/2025\/12\/Ilegales-Junio-1998-CABANIJAZZ.jpg?resize=1050%2C600&ssl=1 3x"},"classes":[]},{"id":10554,"url":"https:\/\/tomajazz.com\/web\/tomajazz-recupera-tomajazz-entrevista-a-anthony-braxton-iii\/","url_meta":{"origin":19036,"position":5},"title":"Tomajazz recupera&#8230; Tomajazz entrevista a Anthony Braxton (I+II)","author":"Tomajazz","date":"20 febrero, 2014","format":false,"excerpt":"Tras un intenso\u00a0concierto ofrecido el pasado octubre\u00a0en \u201cel Johnny\u201d, Anthony Braxton tuvo la amabilidad de mantener una charla con Fernando Ortiz de Urbina, Diego S\u00e1nchez Cascado y Pachi Tapiz a primera (primer\u00edsima) hora de la ma\u00f1ana siguiente. Leer:\u00a0Tomajazz entrevista a Anthony Braxton (I+II)","rel":"","context":"En \u00ab*_Diego S\u00e1nchez Cascado\u00bb","block_context":{"text":"*_Diego S\u00e1nchez Cascado","link":"https:\/\/tomajazz.com\/web\/category\/diego-sanchez-cascado\/"},"img":{"alt_text":"De derecha a izquierda: Anthony Braxton, Fernando Ortiz de Urbina, Pachi Tapiz, Diego S\u00e1nchez Cascado, Arturo Mora y Lalo Lofoco \u00a9 Sergio Cabanillas, 2007","src":"https:\/\/i0.wp.com\/tomajazz.com\/web\/wp-content\/uploads\/2014\/02\/ENTREVISTA_7608.jpg?resize=350%2C200&ssl=1","width":350,"height":200},"classes":[]}],"_links":{"self":[{"href":"https:\/\/tomajazz.com\/web\/wp-json\/wp\/v2\/posts\/19036","targetHints":{"allow":["GET"]}}],"collection":[{"href":"https:\/\/tomajazz.com\/web\/wp-json\/wp\/v2\/posts"}],"about":[{"href":"https:\/\/tomajazz.com\/web\/wp-json\/wp\/v2\/types\/post"}],"author":[{"embeddable":true,"href":"https:\/\/tomajazz.com\/web\/wp-json\/wp\/v2\/users\/1"}],"replies":[{"embeddable":true,"href":"https:\/\/tomajazz.com\/web\/wp-json\/wp\/v2\/comments?post=19036"}],"version-history":[{"count":6,"href":"https:\/\/tomajazz.com\/web\/wp-json\/wp\/v2\/posts\/19036\/revisions"}],"predecessor-version":[{"id":19043,"href":"https:\/\/tomajazz.com\/web\/wp-json\/wp\/v2\/posts\/19036\/revisions\/19043"}],"wp:featuredmedia":[{"embeddable":true,"href":"https:\/\/tomajazz.com\/web\/wp-json\/wp\/v2\/media\/19033"}],"wp:attachment":[{"href":"https:\/\/tomajazz.com\/web\/wp-json\/wp\/v2\/media?parent=19036"}],"wp:term":[{"taxonomy":"category","embeddable":true,"href":"https:\/\/tomajazz.com\/web\/wp-json\/wp\/v2\/categories?post=19036"},{"taxonomy":"post_tag","embeddable":true,"href":"https:\/\/tomajazz.com\/web\/wp-json\/wp\/v2\/tags?post=19036"}],"curies":[{"name":"wp","href":"https:\/\/api.w.org\/{rel}","templated":true}]}}