{"id":19045,"date":"2015-07-15T11:00:44","date_gmt":"2015-07-15T09:00:44","guid":{"rendered":"http:\/\/www.tomajazz.com\/web\/?p=19045"},"modified":"2016-11-13T16:30:19","modified_gmt":"2016-11-13T15:30:19","slug":"instantzz-jim-black-new-quartet-malamute-17-festival-jazz-vic-2015-05-16","status":"publish","type":"post","link":"https:\/\/tomajazz.com\/web\/instantzz-jim-black-new-quartet-malamute-17-festival-jazz-vic-2015-05-16\/","title":{"rendered":"INSTANTZZ: Jim Black New Quartet Malamute (17 Festival Jazz Vic. 2015-05-16)"},"content":{"rendered":"<p>17 Festival Jazz Vic<\/p>\n<ul>\n<li>Fecha: S\u00e1bado, 16 de mayo de 2015<\/li>\n<li>Lugar: La Jazz Cava, Vic, Barcelona<\/li>\n<li>Componentes:<br \/>\nJim Black New Quartet Malamute<br \/>\nJim Black, bater\u00eda y electr\u00f3nica<br \/>\nOskar Gudjonsson, saxo tenor<br \/>\nChris Tordini, bajo el\u00e9ctrico<br \/>\nElias Stemeseder, teclados y electr\u00f3nica<\/li>\n<\/ul>\n<p style=\"text-align: center;\"><img loading=\"lazy\" decoding=\"async\" class=\"aligncenter size-large wp-image-19046\" src=\"http:\/\/www.tomajazz.com\/web\/wp-content\/uploads\/2015\/07\/01_JmBlckNw4t-\u00a9Joan-Cort\u00e8s_16mai15_JC_17FJVc-399x600.jpg\" alt=\"01_JmBlckNw4t (\u00a9Joan Cort\u00e8s)_16mai15_JC_17FJVc\" width=\"399\" height=\"600\" title=\"\" srcset=\"https:\/\/tomajazz.com\/web\/wp-content\/uploads\/2015\/07\/01_JmBlckNw4t-\u00a9Joan-Cort\u00e8s_16mai15_JC_17FJVc.jpg 399w, https:\/\/tomajazz.com\/web\/wp-content\/uploads\/2015\/07\/01_JmBlckNw4t-\u00a9Joan-Cort\u00e8s_16mai15_JC_17FJVc-100x150.jpg 100w, https:\/\/tomajazz.com\/web\/wp-content\/uploads\/2015\/07\/01_JmBlckNw4t-\u00a9Joan-Cort\u00e8s_16mai15_JC_17FJVc-200x300.jpg 200w, https:\/\/tomajazz.com\/web\/wp-content\/uploads\/2015\/07\/01_JmBlckNw4t-\u00a9Joan-Cort\u00e8s_16mai15_JC_17FJVc-37x55.jpg 37w\" sizes=\"auto, (max-width: 399px) 100vw, 399px\" \/><\/p>\n<p style=\"text-align: center;\"><img loading=\"lazy\" decoding=\"async\" class=\"aligncenter size-large wp-image-19047\" src=\"http:\/\/www.tomajazz.com\/web\/wp-content\/uploads\/2015\/07\/02_JmBlckNw4t-\u00a9Joan-Cort\u00e8s_16mai15_JC_17FJVc-399x600.jpg\" alt=\"02_JmBlckNw4t (\u00a9Joan Cort\u00e8s)_16mai15_JC_17FJVc\" width=\"399\" height=\"600\" title=\"\" srcset=\"https:\/\/tomajazz.com\/web\/wp-content\/uploads\/2015\/07\/02_JmBlckNw4t-\u00a9Joan-Cort\u00e8s_16mai15_JC_17FJVc.jpg 399w, https:\/\/tomajazz.com\/web\/wp-content\/uploads\/2015\/07\/02_JmBlckNw4t-\u00a9Joan-Cort\u00e8s_16mai15_JC_17FJVc-100x150.jpg 100w, https:\/\/tomajazz.com\/web\/wp-content\/uploads\/2015\/07\/02_JmBlckNw4t-\u00a9Joan-Cort\u00e8s_16mai15_JC_17FJVc-200x300.jpg 200w, https:\/\/tomajazz.com\/web\/wp-content\/uploads\/2015\/07\/02_JmBlckNw4t-\u00a9Joan-Cort\u00e8s_16mai15_JC_17FJVc-37x55.jpg 37w\" sizes=\"auto, (max-width: 399px) 100vw, 399px\" \/><\/p>\n<p style=\"text-align: center;\"><img loading=\"lazy\" decoding=\"async\" class=\"aligncenter size-large wp-image-19048\" src=\"http:\/\/www.tomajazz.com\/web\/wp-content\/uploads\/2015\/07\/03_JmBlckNw4t-\u00a9Joan-Cort\u00e8s_16mai15_JC_17FJVc-600x399.jpg\" alt=\"03_JmBlckNw4t (\u00a9Joan Cort\u00e8s)_16mai15_JC_17FJVc\" width=\"600\" height=\"399\" title=\"\" srcset=\"https:\/\/tomajazz.com\/web\/wp-content\/uploads\/2015\/07\/03_JmBlckNw4t-\u00a9Joan-Cort\u00e8s_16mai15_JC_17FJVc.jpg 600w, https:\/\/tomajazz.com\/web\/wp-content\/uploads\/2015\/07\/03_JmBlckNw4t-\u00a9Joan-Cort\u00e8s_16mai15_JC_17FJVc-150x100.jpg 150w, https:\/\/tomajazz.com\/web\/wp-content\/uploads\/2015\/07\/03_JmBlckNw4t-\u00a9Joan-Cort\u00e8s_16mai15_JC_17FJVc-200x133.jpg 200w, https:\/\/tomajazz.com\/web\/wp-content\/uploads\/2015\/07\/03_JmBlckNw4t-\u00a9Joan-Cort\u00e8s_16mai15_JC_17FJVc-83x55.jpg 83w, https:\/\/tomajazz.com\/web\/wp-content\/uploads\/2015\/07\/03_JmBlckNw4t-\u00a9Joan-Cort\u00e8s_16mai15_JC_17FJVc-60x40.jpg 60w, https:\/\/tomajazz.com\/web\/wp-content\/uploads\/2015\/07\/03_JmBlckNw4t-\u00a9Joan-Cort\u00e8s_16mai15_JC_17FJVc-120x80.jpg 120w\" sizes=\"auto, (max-width: 600px) 100vw, 600px\" \/><\/p>\n<p style=\"text-align: center;\"><img loading=\"lazy\" decoding=\"async\" class=\"aligncenter size-large wp-image-19049\" src=\"http:\/\/www.tomajazz.com\/web\/wp-content\/uploads\/2015\/07\/04_JmBlckNw4t-\u00a9Joan-Cort\u00e8s_16mai15_JC_17FJVc-600x399.jpg\" alt=\"04_JmBlckNw4t (\u00a9Joan Cort\u00e8s)_16mai15_JC_17FJVc\" width=\"600\" height=\"399\" title=\"\" srcset=\"https:\/\/tomajazz.com\/web\/wp-content\/uploads\/2015\/07\/04_JmBlckNw4t-\u00a9Joan-Cort\u00e8s_16mai15_JC_17FJVc.jpg 600w, https:\/\/tomajazz.com\/web\/wp-content\/uploads\/2015\/07\/04_JmBlckNw4t-\u00a9Joan-Cort\u00e8s_16mai15_JC_17FJVc-150x100.jpg 150w, https:\/\/tomajazz.com\/web\/wp-content\/uploads\/2015\/07\/04_JmBlckNw4t-\u00a9Joan-Cort\u00e8s_16mai15_JC_17FJVc-200x133.jpg 200w, https:\/\/tomajazz.com\/web\/wp-content\/uploads\/2015\/07\/04_JmBlckNw4t-\u00a9Joan-Cort\u00e8s_16mai15_JC_17FJVc-83x55.jpg 83w, https:\/\/tomajazz.com\/web\/wp-content\/uploads\/2015\/07\/04_JmBlckNw4t-\u00a9Joan-Cort\u00e8s_16mai15_JC_17FJVc-60x40.jpg 60w, https:\/\/tomajazz.com\/web\/wp-content\/uploads\/2015\/07\/04_JmBlckNw4t-\u00a9Joan-Cort\u00e8s_16mai15_JC_17FJVc-120x80.jpg 120w\" sizes=\"auto, (max-width: 600px) 100vw, 600px\" \/><\/p>\n<p style=\"text-align: center;\"><img loading=\"lazy\" decoding=\"async\" class=\"aligncenter size-large wp-image-19050\" src=\"http:\/\/www.tomajazz.com\/web\/wp-content\/uploads\/2015\/07\/05_JmBlckNw4t-\u00a9Joan-Cort\u00e8s_16mai15_JC_17FJVc-399x600.jpg\" alt=\"05_JmBlckNw4t (\u00a9Joan Cort\u00e8s)_16mai15_JC_17FJVc\" width=\"399\" height=\"600\" title=\"\" srcset=\"https:\/\/tomajazz.com\/web\/wp-content\/uploads\/2015\/07\/05_JmBlckNw4t-\u00a9Joan-Cort\u00e8s_16mai15_JC_17FJVc.jpg 399w, https:\/\/tomajazz.com\/web\/wp-content\/uploads\/2015\/07\/05_JmBlckNw4t-\u00a9Joan-Cort\u00e8s_16mai15_JC_17FJVc-100x150.jpg 100w, https:\/\/tomajazz.com\/web\/wp-content\/uploads\/2015\/07\/05_JmBlckNw4t-\u00a9Joan-Cort\u00e8s_16mai15_JC_17FJVc-200x300.jpg 200w, https:\/\/tomajazz.com\/web\/wp-content\/uploads\/2015\/07\/05_JmBlckNw4t-\u00a9Joan-Cort\u00e8s_16mai15_JC_17FJVc-37x55.jpg 37w\" sizes=\"auto, (max-width: 399px) 100vw, 399px\" \/><\/p>\n<p style=\"text-align: center;\"><img loading=\"lazy\" decoding=\"async\" class=\"aligncenter size-large wp-image-19051\" src=\"http:\/\/www.tomajazz.com\/web\/wp-content\/uploads\/2015\/07\/06_JmBlckNw4t-\u00a9Joan-Cort\u00e8s_16mai15_JC_17FJVc-600x399.jpg\" alt=\"06_JmBlckNw4t (\u00a9Joan Cort\u00e8s)_16mai15_JC_17FJVc\" width=\"600\" height=\"399\" title=\"\" srcset=\"https:\/\/tomajazz.com\/web\/wp-content\/uploads\/2015\/07\/06_JmBlckNw4t-\u00a9Joan-Cort\u00e8s_16mai15_JC_17FJVc.jpg 600w, https:\/\/tomajazz.com\/web\/wp-content\/uploads\/2015\/07\/06_JmBlckNw4t-\u00a9Joan-Cort\u00e8s_16mai15_JC_17FJVc-150x100.jpg 150w, https:\/\/tomajazz.com\/web\/wp-content\/uploads\/2015\/07\/06_JmBlckNw4t-\u00a9Joan-Cort\u00e8s_16mai15_JC_17FJVc-200x133.jpg 200w, https:\/\/tomajazz.com\/web\/wp-content\/uploads\/2015\/07\/06_JmBlckNw4t-\u00a9Joan-Cort\u00e8s_16mai15_JC_17FJVc-83x55.jpg 83w, https:\/\/tomajazz.com\/web\/wp-content\/uploads\/2015\/07\/06_JmBlckNw4t-\u00a9Joan-Cort\u00e8s_16mai15_JC_17FJVc-60x40.jpg 60w, https:\/\/tomajazz.com\/web\/wp-content\/uploads\/2015\/07\/06_JmBlckNw4t-\u00a9Joan-Cort\u00e8s_16mai15_JC_17FJVc-120x80.jpg 120w\" sizes=\"auto, (max-width: 600px) 100vw, 600px\" \/><\/p>\n<p style=\"text-align: center;\"><img loading=\"lazy\" decoding=\"async\" class=\"aligncenter size-large wp-image-19052\" src=\"http:\/\/www.tomajazz.com\/web\/wp-content\/uploads\/2015\/07\/07_JmBlckNw4t-\u00a9Joan-Cort\u00e8s_16mai15_JC_17FJVc-600x399.jpg\" alt=\"07_JmBlckNw4t (\u00a9Joan Cort\u00e8s)_16mai15_JC_17FJVc\" width=\"600\" height=\"399\" title=\"\" srcset=\"https:\/\/tomajazz.com\/web\/wp-content\/uploads\/2015\/07\/07_JmBlckNw4t-\u00a9Joan-Cort\u00e8s_16mai15_JC_17FJVc.jpg 600w, https:\/\/tomajazz.com\/web\/wp-content\/uploads\/2015\/07\/07_JmBlckNw4t-\u00a9Joan-Cort\u00e8s_16mai15_JC_17FJVc-150x100.jpg 150w, https:\/\/tomajazz.com\/web\/wp-content\/uploads\/2015\/07\/07_JmBlckNw4t-\u00a9Joan-Cort\u00e8s_16mai15_JC_17FJVc-200x133.jpg 200w, https:\/\/tomajazz.com\/web\/wp-content\/uploads\/2015\/07\/07_JmBlckNw4t-\u00a9Joan-Cort\u00e8s_16mai15_JC_17FJVc-83x55.jpg 83w, https:\/\/tomajazz.com\/web\/wp-content\/uploads\/2015\/07\/07_JmBlckNw4t-\u00a9Joan-Cort\u00e8s_16mai15_JC_17FJVc-60x40.jpg 60w, https:\/\/tomajazz.com\/web\/wp-content\/uploads\/2015\/07\/07_JmBlckNw4t-\u00a9Joan-Cort\u00e8s_16mai15_JC_17FJVc-120x80.jpg 120w\" sizes=\"auto, (max-width: 600px) 100vw, 600px\" \/><\/p>\n<p style=\"text-align: center;\"><img loading=\"lazy\" decoding=\"async\" class=\"aligncenter size-large wp-image-19053\" src=\"http:\/\/www.tomajazz.com\/web\/wp-content\/uploads\/2015\/07\/08_JmBlckNw4t-\u00a9Joan-Cort\u00e8s_16mai15_JC_17FJVc-600x399.jpg\" alt=\"08_JmBlckNw4t (\u00a9Joan Cort\u00e8s)_16mai15_JC_17FJVc\" width=\"600\" height=\"399\" title=\"\" srcset=\"https:\/\/tomajazz.com\/web\/wp-content\/uploads\/2015\/07\/08_JmBlckNw4t-\u00a9Joan-Cort\u00e8s_16mai15_JC_17FJVc.jpg 600w, https:\/\/tomajazz.com\/web\/wp-content\/uploads\/2015\/07\/08_JmBlckNw4t-\u00a9Joan-Cort\u00e8s_16mai15_JC_17FJVc-150x100.jpg 150w, https:\/\/tomajazz.com\/web\/wp-content\/uploads\/2015\/07\/08_JmBlckNw4t-\u00a9Joan-Cort\u00e8s_16mai15_JC_17FJVc-200x133.jpg 200w, https:\/\/tomajazz.com\/web\/wp-content\/uploads\/2015\/07\/08_JmBlckNw4t-\u00a9Joan-Cort\u00e8s_16mai15_JC_17FJVc-83x55.jpg 83w, https:\/\/tomajazz.com\/web\/wp-content\/uploads\/2015\/07\/08_JmBlckNw4t-\u00a9Joan-Cort\u00e8s_16mai15_JC_17FJVc-60x40.jpg 60w, https:\/\/tomajazz.com\/web\/wp-content\/uploads\/2015\/07\/08_JmBlckNw4t-\u00a9Joan-Cort\u00e8s_16mai15_JC_17FJVc-120x80.jpg 120w\" sizes=\"auto, (max-width: 600px) 100vw, 600px\" \/><\/p>\n<p style=\"text-align: right;\">\u00a9 Joan Cort\u00e8s, 2015<\/p>\n<p>&nbsp;<\/p>\n","protected":false},"excerpt":{"rendered":"<p>17 Festival Jazz Vic Fecha: S\u00e1bado, 16 de mayo de 2015 Lugar: La Jazz Cava, Vic, Barcelona Componentes: Jim Black New Quartet Malamute Jim Black, bater\u00eda y electr\u00f3nica Oskar Gudjonsson, saxo tenor Chris Tordini, bajo el\u00e9ctrico Elias Stemeseder, teclados y electr\u00f3nica \u00a9 Joan Cort\u00e8s, 2015 &nbsp;<span class=\"more-link\"><a href=\"https:\/\/tomajazz.com\/web\/instantzz-jim-black-new-quartet-malamute-17-festival-jazz-vic-2015-05-16\/\">Contin\u00faa leyendo<\/a><\/span><\/p>\n","protected":false},"author":1,"featured_media":19048,"comment_status":"open","ping_status":"closed","sticky":false,"template":"","format":"image","meta":{"jetpack_post_was_ever_published":false,"_jetpack_newsletter_access":"","_jetpack_dont_email_post_to_subs":true,"_jetpack_newsletter_tier_id":0,"_jetpack_memberships_contains_paywalled_content":false,"_jetpack_memberships_contains_paid_content":false,"footnotes":""},"categories":[17853,11262,15516,11261,1038],"tags":[13125,1125,13278,13279,13124,12656,12796,15275,11263,13,12733,5787,13277,1041,9610,5042,12657,16099,77,16100,5784],"class_list":["entry","author-pachi","post-19045","post","type-post","status-publish","format-image","has-post-thumbnail","category-joan-cortes","category-photoblogs","category-imagenes","category-instantzz","category-contenidos","tag-17-festival-jazz-vic","tag-barcelona","tag-chris-tordini","tag-elias-stemeseder","tag-festival-jazz-vic","tag-fotoblog","tag-fotografia-de-jazz","tag-galeria-fotografica","tag-instantzz-2","tag-jazz","tag-jazz-photography","tag-jim-black","tag-jim-black-new-quartet-malamute","tag-joan-cortes","tag-la-jazz-cava","tag-oskar-gudjonsson","tag-photoblog","tag-toma-jazz","tag-tomajazz","tag-tomajazz-toma-jazz","tag-vic"],"jetpack_featured_media_url":"https:\/\/tomajazz.com\/web\/wp-content\/uploads\/2015\/07\/03_JmBlckNw4t-\u00a9Joan-Cort\u00e8s_16mai15_JC_17FJVc.jpg","jetpack_likes_enabled":true,"jetpack_sharing_enabled":true,"jetpack-related-posts":[{"id":104990,"url":"https:\/\/tomajazz.com\/web\/adam-ofarrill-elephant-jazz-cava-vic-2026\/","url_meta":{"origin":19045,"position":0},"title":"Adam O\u2019Farrill Elephant (Jazz Cava, 2026-03-12 \/ Vic -Barcelona-) Por Joan Cort\u00e8s [INSTANTZZ AKA Galer\u00eda fotogr\u00e1fica AKA Fotoblog de jazz, impro\u2026 y algo m\u00e1s]","author":"Tomajazz","date":"21 abril, 2026","format":false,"excerpt":"Adam O\u2019Farrill Elephant actu\u00f3 en la Jazz Cava de VIc, el 12 de marzo de 2026-03. Joan Cort\u00e8s lo retrata en INSTANTZZ. Adam O\u2019Farrill Elephant son Adam O\u2019Farrill, Yvonne Rogers, Walter Stinson, Russell Holzman","rel":"","context":"En \u00abINSTANTZZ\u00bb","block_context":{"text":"INSTANTZZ","link":"https:\/\/tomajazz.com\/web\/category\/contenidos\/imagenes\/photoblogs\/instantzz\/"},"img":{"alt_text":"Adam O\u2019Farrill Elephant (Jazz Cava, 2026-03-12 \/ Vic -Barcelona-) Por Joan Cort\u00e8s [INSTANTZZ AKA Galer\u00eda fotogr\u00e1fica AKA Fotoblog de jazz, impro\u2026 y algo m\u00e1s] - Tomajazz - Adam O\u2019Farrill Elephant actu\u00f3 en la Jazz Cava de VIc, el 12 de marzo de 2026-03. Joan Cort\u00e8s lo retrata en INSTANTZZ. Adam O\u2019Farrill Elephant son Adam O\u2019Farrill, Yvonne Rogers, Walter Stinson, Russell Holzman\n","src":"https:\/\/i0.wp.com\/tomajazz.com\/web\/wp-content\/uploads\/2026\/04\/destacada-10-dm-Frrl-lphnt-Photo-by-Joan-Cortes-12mrc26-LJzzCv-Vc.jpg?resize=350%2C200&ssl=1","width":350,"height":200},"classes":[]},{"id":102929,"url":"https:\/\/tomajazz.com\/web\/samuel-blaser-marc-ducret-peter-bruun-jazz-cava-2025\/","url_meta":{"origin":19045,"position":1},"title":"Samuel Blaser, Marc Ducret &#038; Peter Bruun (Jazz Cava, 2025-11-20 \/ Vic -Barcelona-) Por Joan Cort\u00e8s [INSTANTZZ AKA Galer\u00eda fotogr\u00e1fica AKA Fotoblog de jazz, impro\u2026 y algo m\u00e1s]","author":"Tomajazz","date":"23 diciembre, 2025","format":false,"excerpt":"Samuel Blaser, Marc Ducret & Peter Bruun actuaron en la Jazz Cava de Vic, el 20 e noviembre de 2025. Joan Cort\u00e8s lo retrata en INSTANTZZ","rel":"","context":"En \u00ab*_Joan Cort\u00e8s\u00bb","block_context":{"text":"*_Joan Cort\u00e8s","link":"https:\/\/tomajazz.com\/web\/category\/joan-cortes\/"},"img":{"alt_text":"Samuel Blaser, Marc Ducret & Peter Bruun (Jazz Cava, 2025-11-20 \/ Vic -Barcelona-) Por Joan Cort\u00e8s [INSTANTZZ AKA Galer\u00eda fotogr\u00e1fica AKA Fotoblog de jazz, impro\u2026 y algo m\u00e1s] - Tomajazz - Samuel Blaser, Marc Ducret & Peter Bruun actuaron en la Jazz Cava de Vic, el 20 e noviembre de 2025. Joan Cort\u00e8s lo retrata en INSTANTZZ","src":"https:\/\/i0.wp.com\/tomajazz.com\/web\/wp-content\/uploads\/2025\/12\/destacado-07-Blsr-Dcrt-Brn-Photo-By-Joan-Cortes-20nvm25-JzzCv-Vc.jpg?resize=350%2C200&ssl=1","width":350,"height":200,"srcset":"https:\/\/i0.wp.com\/tomajazz.com\/web\/wp-content\/uploads\/2025\/12\/destacado-07-Blsr-Dcrt-Brn-Photo-By-Joan-Cortes-20nvm25-JzzCv-Vc.jpg?resize=350%2C200&ssl=1 1x, https:\/\/i0.wp.com\/tomajazz.com\/web\/wp-content\/uploads\/2025\/12\/destacado-07-Blsr-Dcrt-Brn-Photo-By-Joan-Cortes-20nvm25-JzzCv-Vc.jpg?resize=525%2C300&ssl=1 1.5x"},"classes":[]},{"id":105126,"url":"https:\/\/tomajazz.com\/web\/dave-douglas-quartet-terrassa-2026\/","url_meta":{"origin":19045,"position":2},"title":"Dave Douglas Quartet (45\u00e8 Festival Jazz Terrassa 2026 \/ Nova Jazz Cava, 2026-03-15 \/ Terrassa -Barcelona-) [I] Por Joan Cort\u00e8s [INSTANTZZ AKA Galer\u00eda fotogr\u00e1fica AKA Fotoblog de jazz, impro\u2026 y algo m\u00e1s]","author":"Tomajazz","date":"30 abril, 2026","format":false,"excerpt":"Dave Douglas Quartet actu\u00f3 en el 45\u00e8 Festival Jazz Terrassa 2026, en la m\u00edtica Nova Jazz Cava, el 15 de marzo de 2026. Joan Cort\u00e8s lo retrata en INSTANTZZ. Dave Douglas Quartet son Dave Douglas, Marta Warelis, Ingebrigt H\u00e5ker Flaten, Rudy Royston","rel":"","context":"En \u00ab45\u00e8 Festival Jazz Terrassa 2026\u00bb","block_context":{"text":"45\u00e8 Festival Jazz Terrassa 2026","link":"https:\/\/tomajazz.com\/web\/category\/contenidos\/especial-contenidos\/45e-festival-jazz-terrassa-2026\/"},"img":{"alt_text":"Dave Douglas Quartet (45\u00e8 Festival Jazz Terrassa 2026 \/ Nova Jazz Cava, 2026-03-15 \/ Terrassa -Barcelona-) [I] Por Joan Cort\u00e8s [INSTANTZZ AKA Galer\u00eda fotogr\u00e1fica AKA Fotoblog de jazz, impro\u2026 y algo m\u00e1s] - Tomajazz - Dave Douglas Quartet actu\u00f3 en el 45\u00e8 Festival Jazz Terrassa 2026, en la m\u00edtica Nova Jazz Cava, el 15 de marzo de 2026. Joan Cort\u00e8s lo retrata en INSTANTZZ. Dave Douglas Quartet son Dave Douglas, Marta Warelis, Ingebrigt H\u00e5ker Flaten, Rudy Royston\n","src":"https:\/\/i0.wp.com\/tomajazz.com\/web\/wp-content\/uploads\/2026\/04\/destacada-10-Dv-Dgls-Fr-Frrdms-Photo-by-Joan-Cortes-15mrc26-45FJT-NJC-Trrss.jpg?resize=350%2C200&ssl=1","width":350,"height":200,"srcset":"https:\/\/i0.wp.com\/tomajazz.com\/web\/wp-content\/uploads\/2026\/04\/destacada-10-Dv-Dgls-Fr-Frrdms-Photo-by-Joan-Cortes-15mrc26-45FJT-NJC-Trrss.jpg?resize=350%2C200&ssl=1 1x, https:\/\/i0.wp.com\/tomajazz.com\/web\/wp-content\/uploads\/2026\/04\/destacada-10-Dv-Dgls-Fr-Frrdms-Photo-by-Joan-Cortes-15mrc26-45FJT-NJC-Trrss.jpg?resize=525%2C300&ssl=1 1.5x"},"classes":[]},{"id":102647,"url":"https:\/\/tomajazz.com\/web\/joachim-govin-quartet-alternatilla-2025\/","url_meta":{"origin":19045,"position":3},"title":"Joachim Govin Quartet (9\u00ba Alternatilla Jazz Festival 2025. Casa des Poble, Esporles, Mallorca. 2025-11-22) Por Jos\u00e9 Luis Luna Rocafort [INSTANTZZ AKA Galer\u00eda fotogr\u00e1fica AKA Fotoblog de jazz, impro\u2026 y algo m\u00e1s]","author":"Tomajazz","date":"8 diciembre, 2025","format":false,"excerpt":"Joachim Govin Quartet actu\u00f3 en el 9\u00ba Alternatilla Jazz Festival 2025 en Esporles, Mallorca, el 22 de noviembre de 2025. Jos\u00e9 Luis Luna Rocafort lo retrata en INSTANTZZ. Actuaron Joachim Govin, Ben Van Gelder, Tony Tixier, Gautier Garrigue","rel":"","context":"En \u00ab*_Jos\u00e9 Luis Luna Rocafort\u00bb","block_context":{"text":"*_Jos\u00e9 Luis Luna Rocafort","link":"https:\/\/tomajazz.com\/web\/category\/jose-luis-luna-rocafort\/"},"img":{"alt_text":"Joachim Govin Quartet (9\u00ba Alternatilla Jazz Festival 2025. Casa des Pobla, Esporles, Mallorca. 2025-11-22) Por Jos\u00e9 Luis Luna Rocafort [INSTANTZZ AKA Galer\u00eda fotogr\u00e1fica AKA Fotoblog de jazz, impro\u2026 y algo m\u00e1s] - Tomajazz - Joachim Govin Quartet actu\u00f3 en el 9\u00ba Alternatilla Jazz Festival 2025 en Esporles, Mallorca, el 22 de noviembre de 2025. Jos\u00e9 Luis Luna Rocafort lo retrata en INSTANTZZ. Actuaron Joachim Govin, Ben Van Galder, Tony Tixier, Gautier Garrigue","src":"https:\/\/i0.wp.com\/tomajazz.com\/web\/wp-content\/uploads\/2025\/12\/006-4.jpg?resize=350%2C200&ssl=1","width":350,"height":200,"srcset":"https:\/\/i0.wp.com\/tomajazz.com\/web\/wp-content\/uploads\/2025\/12\/006-4.jpg?resize=350%2C200&ssl=1 1x, https:\/\/i0.wp.com\/tomajazz.com\/web\/wp-content\/uploads\/2025\/12\/006-4.jpg?resize=525%2C300&ssl=1 1.5x"},"classes":[]},{"id":103037,"url":"https:\/\/tomajazz.com\/web\/leila-duclos-quartet-alternatilla-2025\/","url_meta":{"origin":19045,"position":4},"title":"Le\u00efla Duclos Quartet (9\u00ba Alternatilla Jazz Festival 2025. Teatre Sa Teulera, Andratx, Mallorca. 2025-11-30) Por Jos\u00e9 Luis Luna Rocafort [INSTANTZZ AKA Galer\u00eda fotogr\u00e1fica AKA Fotoblog de jazz, impro\u2026 y algo m\u00e1s]","author":"Tomajazz","date":"29 diciembre, 2025","format":false,"excerpt":"Le\u00efla Duclos Quartet actu\u00f3 en el 9\u00ba Alternatilla Jazz Festival 2025 en Andratx, Mallorca, el 30 de noviembre de 2025. Jos\u00e9 Luis Luna Rocafort lo retrata en INSTANTZZ. Actuaron Le\u00efla Duclos, Leandro Aconcha, Gilles Coquard, Jean-Marc Robin","rel":"","context":"En \u00ab9\u00ba Alternatilla Jazz Festival 2025\u00bb","block_context":{"text":"9\u00ba Alternatilla Jazz Festival 2025","link":"https:\/\/tomajazz.com\/web\/category\/contenidos\/especial-contenidos\/9o-alternatilla-jazz-festival-2025\/"},"img":{"alt_text":"Le\u00efla Duclos Quartet (9\u00ba Alternatilla Jazz Festival 2025. Teatre Sa Teulera, Andratx, Mallorca. 2025-11-30) Por Jos\u00e9 Luis Luna Rocafort [INSTANTZZ AKA Galer\u00eda fotogr\u00e1fica AKA Fotoblog de jazz, impro\u2026 y algo m\u00e1s] - Tomajazz - Le\u00efla Duclos Quartet actu\u00f3 en el 9\u00ba Alternatilla Jazz Festival 2025 en Andratx, Mallorca, el 30 de noviembre de 2025. Jos\u00e9 Luis Luna Rocafort lo retrata en INSTANTZZ. Actuaron Le\u00efla Duclos, Leandro Aconcha, Gilles Coquard, Jean-Marc Robin","src":"https:\/\/i0.wp.com\/tomajazz.com\/web\/wp-content\/uploads\/2025\/12\/005-11.jpg?resize=350%2C200&ssl=1","width":350,"height":200,"srcset":"https:\/\/i0.wp.com\/tomajazz.com\/web\/wp-content\/uploads\/2025\/12\/005-11.jpg?resize=350%2C200&ssl=1 1x, https:\/\/i0.wp.com\/tomajazz.com\/web\/wp-content\/uploads\/2025\/12\/005-11.jpg?resize=525%2C300&ssl=1 1.5x"},"classes":[]},{"id":102964,"url":"https:\/\/tomajazz.com\/web\/camille-bertault-quartet-alternatilla-2025\/","url_meta":{"origin":19045,"position":5},"title":"Camille Bertault Quartet (9\u00ba Alternatilla Jazz Festival 2025. Espai 36. Sant Lloren\u00e7 des Cardassar, Mallorca. 2025-11-23) Por Jos\u00e9 Luis Luna Rocafort [INSTANTZZ AKA Galer\u00eda fotogr\u00e1fica AKA Fotoblog de jazz, impro\u2026 y algo m\u00e1s]","author":"Tomajazz","date":"24 diciembre, 2025","format":false,"excerpt":"Camille Bertault Quartet actu\u00f3 en el 9\u00ba Alternatilla Jazz Festival en Sant Lloren\u00e7 des Cardassar, Mallorca, el 23 de noviembre de 2025. Jos\u00e9 Luis Luna Rocafort lo retrata en INSTANTZZ. Actuaron Camille Bertault, Julien Alour, Fady Farah, Minino Garay","rel":"","context":"En \u00ab9\u00ba Alternatilla Jazz Festival 2025\u00bb","block_context":{"text":"9\u00ba Alternatilla Jazz Festival 2025","link":"https:\/\/tomajazz.com\/web\/category\/contenidos\/especial-contenidos\/9o-alternatilla-jazz-festival-2025\/"},"img":{"alt_text":"Camille Bertault Quartet (9\u00ba Alternatilla Jazz Festival 2025. Espai 36. Sant Lloren\u00e7 des Cardassar, Mallorca. 2025-11-23) Por Jos\u00e9 Luis Luna Rocafort [INSTANTZZ AKA Galer\u00eda fotogr\u00e1fica AKA Fotoblog de jazz, impro\u2026 y algo m\u00e1s] - Tomajazz - Camille Bertault Quartet actu\u00f3 en el 9\u00ba Alternatilla Jazz Festival en Sant Lloren\u00e7 des Cardassar, Mallorca, el 23 de noviembre de 2025. Jos\u00e9 Luis Luna Rocafort lo retrata en INSTANTZZ. Actuaron Camille Bertault, Julien Alour, Fady Farah, Minino Garay","src":"https:\/\/i0.wp.com\/tomajazz.com\/web\/wp-content\/uploads\/2025\/12\/005-9.jpg?resize=350%2C200&ssl=1","width":350,"height":200,"srcset":"https:\/\/i0.wp.com\/tomajazz.com\/web\/wp-content\/uploads\/2025\/12\/005-9.jpg?resize=350%2C200&ssl=1 1x, https:\/\/i0.wp.com\/tomajazz.com\/web\/wp-content\/uploads\/2025\/12\/005-9.jpg?resize=525%2C300&ssl=1 1.5x"},"classes":[]}],"_links":{"self":[{"href":"https:\/\/tomajazz.com\/web\/wp-json\/wp\/v2\/posts\/19045","targetHints":{"allow":["GET"]}}],"collection":[{"href":"https:\/\/tomajazz.com\/web\/wp-json\/wp\/v2\/posts"}],"about":[{"href":"https:\/\/tomajazz.com\/web\/wp-json\/wp\/v2\/types\/post"}],"author":[{"embeddable":true,"href":"https:\/\/tomajazz.com\/web\/wp-json\/wp\/v2\/users\/1"}],"replies":[{"embeddable":true,"href":"https:\/\/tomajazz.com\/web\/wp-json\/wp\/v2\/comments?post=19045"}],"version-history":[{"count":1,"href":"https:\/\/tomajazz.com\/web\/wp-json\/wp\/v2\/posts\/19045\/revisions"}],"predecessor-version":[{"id":19054,"href":"https:\/\/tomajazz.com\/web\/wp-json\/wp\/v2\/posts\/19045\/revisions\/19054"}],"wp:featuredmedia":[{"embeddable":true,"href":"https:\/\/tomajazz.com\/web\/wp-json\/wp\/v2\/media\/19048"}],"wp:attachment":[{"href":"https:\/\/tomajazz.com\/web\/wp-json\/wp\/v2\/media?parent=19045"}],"wp:term":[{"taxonomy":"category","embeddable":true,"href":"https:\/\/tomajazz.com\/web\/wp-json\/wp\/v2\/categories?post=19045"},{"taxonomy":"post_tag","embeddable":true,"href":"https:\/\/tomajazz.com\/web\/wp-json\/wp\/v2\/tags?post=19045"}],"curies":[{"name":"wp","href":"https:\/\/api.w.org\/{rel}","templated":true}]}}