{"id":1906,"date":"2010-10-15T07:01:04","date_gmt":"2010-10-15T05:01:04","guid":{"rendered":"http:\/\/torec.tomajazz.com\/?p=748"},"modified":"2022-08-25T17:16:24","modified_gmt":"2022-08-25T15:16:24","slug":"tomajazz-recomienda-un-solo-sucker-punch-jeb-bishop-1998","status":"publish","type":"post","link":"https:\/\/tomajazz.com\/web\/tomajazz-recomienda-un-solo-sucker-punch-jeb-bishop-1998\/","title":{"rendered":"Tomajazz recomienda&#8230; un solo: \u00abSucker Punch\u00bb (Jeb Bishop, 1998)"},"content":{"rendered":"<p><img loading=\"lazy\" decoding=\"async\" class=\"alignleft wp-image-48358 size-medium\" src=\"https:\/\/tomajazz.com\/web\/wp-content\/uploads\/2020\/01\/The-Vandermark-Five_Target-Or-Flag-200x200.jpg\" alt=\"\" width=\"200\" height=\"200\" title=\"\" srcset=\"https:\/\/tomajazz.com\/web\/wp-content\/uploads\/2020\/01\/The-Vandermark-Five_Target-Or-Flag-200x200.jpg 200w, https:\/\/tomajazz.com\/web\/wp-content\/uploads\/2020\/01\/The-Vandermark-Five_Target-Or-Flag-600x600.jpg 600w, https:\/\/tomajazz.com\/web\/wp-content\/uploads\/2020\/01\/The-Vandermark-Five_Target-Or-Flag-150x150.jpg 150w, https:\/\/tomajazz.com\/web\/wp-content\/uploads\/2020\/01\/The-Vandermark-Five_Target-Or-Flag-768x766.jpg 768w, https:\/\/tomajazz.com\/web\/wp-content\/uploads\/2020\/01\/The-Vandermark-Five_Target-Or-Flag-55x55.jpg 55w, https:\/\/tomajazz.com\/web\/wp-content\/uploads\/2020\/01\/The-Vandermark-Five_Target-Or-Flag-50x50.jpg 50w, https:\/\/tomajazz.com\/web\/wp-content\/uploads\/2020\/01\/The-Vandermark-Five_Target-Or-Flag.jpg 1200w\" sizes=\"auto, (max-width: 200px) 100vw, 200px\" \/>Aunque m\u00e1s conocido por su faceta de trombonista, en los inicios de su carrera Jeb Bishop form\u00f3 parte como guitarrista en diversos grupos de rock alternativo.<\/p>\n<p style=\"text-align: justify;\">En su solo en \u00abSucker Punch\u00bb, a pesar de una forma y urgencia m\u00e1s propias del rock, Jeb Bishop integra su discurso perfectamente con el del resto del grupo. Este tema, dedicado al guitarrista del universo P-Funk Phelps \u00abCatfish\u00bb Collins, puede resultar una puerta ideal a los aficionados al rock para introducirse en la m\u00fasica de los Vandermark Five y por extensi\u00f3n, en el jazz.<\/p>\n<p style=\"text-align: right;\">\u00a9 <strong>Adolphus van Tenzing<\/strong>, 2010<\/p>\n<p style=\"text-align: justify;\">The Vandermark Five &#8211; <em>Target Or Flag<\/em> (Atavistic &#8211; Green Ufos, 1998)<\/p>\n","protected":false},"excerpt":{"rendered":"<p>Aunque m\u00e1s conocido por su faceta de trombonista, en los inicios de su carrera Jeb Bishop form\u00f3 parte como guitarrista en diversos grupos de rock alternativo. En su solo en \u00abSucker Punch\u00bb, a pesar de una forma y urgencia m\u00e1s propias del rock, Jeb Bishop integra su discurso perfectamente con<span class=\"more-link\"><a href=\"https:\/\/tomajazz.com\/web\/tomajazz-recomienda-un-solo-sucker-punch-jeb-bishop-1998\/\">Contin\u00faa leyendo<\/a><\/span><\/p>\n","protected":false},"author":1001004,"featured_media":48358,"comment_status":"open","ping_status":"closed","sticky":false,"template":"","format":"standard","meta":{"jetpack_post_was_ever_published":false,"_jetpack_newsletter_access":"","_jetpack_dont_email_post_to_subs":true,"_jetpack_newsletter_tier_id":0,"_jetpack_memberships_contains_paywalled_content":false,"_jetpack_memberships_contains_paid_content":false,"footnotes":""},"categories":[17860,1295,15517,1038,1273],"tags":[1358,1426,1474,654,24176,2311],"class_list":["entry","author-adolphus-van-tenzing","post-1906","post","type-post","status-publish","format-standard","has-post-thumbnail","category-adolphus-van-tenzing","category-solo","category-textos","category-contenidos","category-tomajazz-recomienda","tag-1358","tag-atavistic","tag-bishop-jeb","tag-jeb-bishop","tag-the-vandermark-five","tag-vandermark-five-the"],"jetpack_featured_media_url":"https:\/\/tomajazz.com\/web\/wp-content\/uploads\/2020\/01\/The-Vandermark-Five_Target-Or-Flag.jpg","jetpack_likes_enabled":true,"jetpack_sharing_enabled":true,"jetpack-related-posts":[{"id":48354,"url":"https:\/\/tomajazz.com\/web\/jazzx5168-the-vandermark-five-sucker-punch-target-or-flag-minipodcast\/","url_meta":{"origin":1906,"position":0},"title":"JazzX5#168. The Vandermark Five: Sucker Punch (Target or Flag) [Minipodcast]","author":"Tomajazz","date":"10 enero, 2020","format":false,"excerpt":"En JazzX5 167 sonaba el tema \"Suckerpunch\" de The Very Practical Trio de Michael Formanek. En JazzX5 168 suena el tema \"Sucker Punch\" de The Vandermark Five, un viejo tema favorito de la banda por antonomasia de Ken Vandermark.","rel":"","context":"En \u00abPodcast\u00bb","block_context":{"text":"Podcast","link":"https:\/\/tomajazz.com\/web\/category\/contenidos\/sonidos\/podcast\/"},"img":{"alt_text":"","src":"https:\/\/i0.wp.com\/tomajazz.com\/web\/wp-content\/uploads\/2020\/01\/JazzX5_168.jpg?resize=350%2C200&ssl=1","width":350,"height":200,"srcset":"https:\/\/i0.wp.com\/tomajazz.com\/web\/wp-content\/uploads\/2020\/01\/JazzX5_168.jpg?resize=350%2C200&ssl=1 1x, https:\/\/i0.wp.com\/tomajazz.com\/web\/wp-content\/uploads\/2020\/01\/JazzX5_168.jpg?resize=525%2C300&ssl=1 1.5x, https:\/\/i0.wp.com\/tomajazz.com\/web\/wp-content\/uploads\/2020\/01\/JazzX5_168.jpg?resize=700%2C400&ssl=1 2x"},"classes":[]},{"id":11886,"url":"https:\/\/tomajazz.com\/web\/vandermark-5-abriendo-el-siglo-xxi-por-jesus-gonzalo\/","url_meta":{"origin":1906,"position":1},"title":"Vandermark 5. Abriendo el siglo XXI. Por Jes\u00fas Gonzalo","author":"Tomajazz","date":"5 mayo, 2014","format":false,"excerpt":"Se cumplen 18 a\u00f1os de la fundaci\u00f3n de un grupo fundamental en el jazz que se desped\u00eda del pasado siglo y comenzaba \u00e9ste con paso firme. Fue la punta de lanza de una escena como la de Chicago que se revitaliz\u00f3 con con \u00e9l. Dos formaciones en quinteto y sin\u2026","rel":"","context":"En \u00ab*_Jes\u00fas Gonzalo\u00bb","block_context":{"text":"*_Jes\u00fas Gonzalo","link":"https:\/\/tomajazz.com\/web\/category\/jesus-gonzalo\/"},"img":{"alt_text":"Ken Vandermark \u00a9 Rob Miller","src":"https:\/\/i0.wp.com\/www.tomajazz.com\/web\/wp-content\/uploads\/2014\/05\/VANDERMARK-ACTUAL-480x600.jpg?resize=350%2C200","width":350,"height":200},"classes":[]},{"id":11992,"url":"https:\/\/tomajazz.com\/web\/the-vandermark-5-alchemia-not-two-20015-12cd\/","url_meta":{"origin":1906,"position":2},"title":"The Vandermark 5: Alchemia (Not Two, 2005. 12CD)","author":"Tomajazz","date":"9 mayo, 2014","format":false,"excerpt":"Muchos m\u00fasicos de jazz suelen referirse a sus grabaciones como instant\u00e1neas del correspondiente proyecto en un determinado momento. Por tanto qu\u00e9 mejor manera de saber de un modo m\u00e1s exhaustivo que lo habitual acerca del estado creativo del grupo ense\u00f1a del saxofonista de Chicago Ken Vandermark en el inicio de\u2026","rel":"","context":"En \u00ab*_Pachi Tapiz\u00bb","block_context":{"text":"*_Pachi Tapiz","link":"https:\/\/tomajazz.com\/web\/category\/pachi-tapiz\/"},"img":{"alt_text":"The Vandermark 5 Alchemia","src":"https:\/\/i0.wp.com\/www.tomajazz.com\/web\/wp-content\/uploads\/2014\/05\/The-Vandermark-5-Alchemia-200x200.jpeg?resize=350%2C200","width":350,"height":200},"classes":[]},{"id":3018,"url":"https:\/\/tomajazz.com\/web\/vandermark-5-annular-gift\/","url_meta":{"origin":1906,"position":3},"title":"Vandermark 5: Annular Gift (Not Two, 2009) [Grabaci\u00f3n]","author":"Tomajazz","date":"14 octubre, 2009","format":false,"excerpt":"Parece que fue ayer. Todav\u00eda soy capaz de revivir la sensaci\u00f3n y las preguntas sin respuesta que acudieron en tromba a mi cabeza cuando escuch\u00e9 por primera vez a Ken Vandermark. El grupo: The Vandermark 5. El tema: \"Sucker Punch\". El disco: Target Or Flag. El culpable: Jes\u00fas Moreno. Pero\u2026","rel":"","context":"En \u00ab*_Pachi Tapiz\u00bb","block_context":{"text":"*_Pachi Tapiz","link":"https:\/\/tomajazz.com\/web\/category\/pachi-tapiz\/"},"img":{"alt_text":"Vandermark 5: Annular Gift (Not Two, 2009) [Grabaci\u00f3n]","src":"https:\/\/i0.wp.com\/tomajazz.com\/web\/wp-content\/uploads\/2009\/10\/Vandermark-5_Annular-Gift.jpg?resize=350%2C200&ssl=1","width":350,"height":200,"srcset":"https:\/\/i0.wp.com\/tomajazz.com\/web\/wp-content\/uploads\/2009\/10\/Vandermark-5_Annular-Gift.jpg?resize=350%2C200&ssl=1 1x, https:\/\/i0.wp.com\/tomajazz.com\/web\/wp-content\/uploads\/2009\/10\/Vandermark-5_Annular-Gift.jpg?resize=525%2C300&ssl=1 1.5x, https:\/\/i0.wp.com\/tomajazz.com\/web\/wp-content\/uploads\/2009\/10\/Vandermark-5_Annular-Gift.jpg?resize=700%2C400&ssl=1 2x, https:\/\/i0.wp.com\/tomajazz.com\/web\/wp-content\/uploads\/2009\/10\/Vandermark-5_Annular-Gift.jpg?resize=1050%2C600&ssl=1 3x"},"classes":[]},{"id":2629,"url":"https:\/\/tomajazz.com\/web\/ken-vandermark-strade-dacqua-roads-of-water-multikulti-project-2011\/","url_meta":{"origin":1906,"position":4},"title":"Ken Vandermark: Strade d\u2019Acqua \/ Roads of Water (Multikulti Project, 2011)","author":"Tomajazz","date":"5 mayo, 2011","format":false,"excerpt":"Uno de los posibles problemas que tiene la escucha de una banda sonora disociada de las im\u00e1genes es que sin \u00e9stas, en muchas ocasiones, la m\u00fasica no llegue a alcanzar su sentido pleno. Por fortuna esto no sucede con la banda sonora compuesta por Ken Vandermark, interpretada por el Predella\u2026","rel":"","context":"En \u00abToma Jazz\u00bb","block_context":{"text":"Toma Jazz","link":"https:\/\/tomajazz.com\/web\/tag\/toma-jazz\/"},"img":{"alt_text":"","src":"https:\/\/i0.wp.com\/4.bp.blogspot.com\/-uZzsoFwcPk0\/TcJOXzVcFxI\/AAAAAAAACuo\/Qk7lsn2gGZ4\/s200\/predella.gif?resize=350%2C200","width":350,"height":200},"classes":[]},{"id":2289,"url":"https:\/\/tomajazz.com\/web\/rodrigo-amado-motion-trio-jeb-bishop-burning-live-at-jazz-ao-centro-jacc-2012\/","url_meta":{"origin":1906,"position":5},"title":"Rodrigo Amado Motion Trio &amp; Jeb Bishop: Burning Live At Jazz Ao Centro (Jacc, 2012)","author":"Tomajazz","date":"5 julio, 2012","format":false,"excerpt":"El saxofonista portugu\u00e9s Rodrigo Amado ha contado en su discograf\u00eda\u00a0con la colaboraci\u00f3n de m\u00fasicos internacionales como Paal Nilssen-Love y Kent Kessler, as\u00ed que no es extra\u00f1o encontrar que en el segundo CD del Rodrigo Amado Motion Trio el invitado sea el trombonista Jeb Bishop, m\u00fasico que como los dos anteriores\u2026","rel":"","context":"En \u00ab*_Pachi Tapiz\u00bb","block_context":{"text":"*_Pachi Tapiz","link":"https:\/\/tomajazz.com\/web\/category\/pachi-tapiz\/"},"img":{"alt_text":"rodrigo amado burning jazz","src":"https:\/\/i0.wp.com\/www.tomajazz.com\/web\/wp-content\/uploads\/2012\/07\/rodrigo-amado-burning-jazz.jpg?resize=350%2C200","width":350,"height":200},"classes":[]}],"_links":{"self":[{"href":"https:\/\/tomajazz.com\/web\/wp-json\/wp\/v2\/posts\/1906","targetHints":{"allow":["GET"]}}],"collection":[{"href":"https:\/\/tomajazz.com\/web\/wp-json\/wp\/v2\/posts"}],"about":[{"href":"https:\/\/tomajazz.com\/web\/wp-json\/wp\/v2\/types\/post"}],"author":[{"embeddable":true,"href":"https:\/\/tomajazz.com\/web\/wp-json\/wp\/v2\/users\/1001004"}],"replies":[{"embeddable":true,"href":"https:\/\/tomajazz.com\/web\/wp-json\/wp\/v2\/comments?post=1906"}],"version-history":[{"count":3,"href":"https:\/\/tomajazz.com\/web\/wp-json\/wp\/v2\/posts\/1906\/revisions"}],"predecessor-version":[{"id":48361,"href":"https:\/\/tomajazz.com\/web\/wp-json\/wp\/v2\/posts\/1906\/revisions\/48361"}],"wp:featuredmedia":[{"embeddable":true,"href":"https:\/\/tomajazz.com\/web\/wp-json\/wp\/v2\/media\/48358"}],"wp:attachment":[{"href":"https:\/\/tomajazz.com\/web\/wp-json\/wp\/v2\/media?parent=1906"}],"wp:term":[{"taxonomy":"category","embeddable":true,"href":"https:\/\/tomajazz.com\/web\/wp-json\/wp\/v2\/categories?post=1906"},{"taxonomy":"post_tag","embeddable":true,"href":"https:\/\/tomajazz.com\/web\/wp-json\/wp\/v2\/tags?post=1906"}],"curies":[{"name":"wp","href":"https:\/\/api.w.org\/{rel}","templated":true}]}}