{"id":1924,"date":"2010-12-03T09:00:15","date_gmt":"2010-12-03T07:00:15","guid":{"rendered":"http:\/\/torec.tomajazz.com\/?p=911"},"modified":"2016-11-13T20:11:28","modified_gmt":"2016-11-13T19:11:28","slug":"tomajazz-recomienda-un-disco-one-on-one-stephane-grappelli-mccoy-tyner-1990","status":"publish","type":"post","link":"https:\/\/tomajazz.com\/web\/tomajazz-recomienda-un-disco-one-on-one-stephane-grappelli-mccoy-tyner-1990\/","title":{"rendered":"Tomajazz recomienda\u2026 un disco: One On One (St\u00e9phane Grappelli &#038; McCoy Tyner, 1990)"},"content":{"rendered":"<figure id=\"attachment_912\" aria-describedby=\"caption-attachment-912\" style=\"width: 150px\" class=\"wp-caption alignright\"><a href=\"http:\/\/torec.tomajazz.com\/wp-content\/uploads\/2010\/11\/tyner-grappelli_oneonone.jpg\"><img loading=\"lazy\" decoding=\"async\" class=\"size-full wp-image-912\" title=\"tyner-grappelli_oneonone\" src=\"http:\/\/torec.tomajazz.com\/wp-content\/uploads\/2010\/11\/tyner-grappelli_oneonone.jpg\" alt=\"One On One (St\u00e9phane Grappelli &amp; McCoy Tyner, 1990)\" width=\"150\" height=\"150\" \/><\/a><figcaption id=\"caption-attachment-912\" class=\"wp-caption-text\">One On One (St\u00e9phane Grappelli &amp; McCoy Tyner, 1990)<\/figcaption><\/figure>\n<p>El pasado y el pasado lejano se dieron la mano en esta grabaci\u00f3n deliciosa registrada en 1990 para el sello Milestone.<\/p>\n<p style=\"text-align: justify;\">En formaci\u00f3n de d\u00fao, sin ning\u00fan tipo de acompa\u00f1amiento, los dos maestros repasan diez cl\u00e1sicos standards haciendo gala de un profundo conocimiento del lenguaje, un acentuado sentido del lirismo y una enorme capacidad de escucha y reacci\u00f3n.<\/p>\n<p style=\"text-align: justify;\">El tiempo no pasa en vano y, si bien Tyner se encuentra en plena forma en la grabaci\u00f3n, incluso algo cohibido, Grappelli evidencia una cierta falta de destreza que compensa con una interpretaci\u00f3n sentida y desgarradora. El inicial \u00abHow High The Moon\u00bb resuena con fuerza y decisi\u00f3n, \u00abSatin Doll\u00bb camina suelto y divertido, y el CD finaliza de forma muy apropiada, con una nueva versi\u00f3n del \u00abI Got Rhyhtm\u00bb que tantas veces interpretara el violinista con su compa\u00f1ero de andanzas el guitarrista Django Reinhardt.<\/p>\n<p>St\u00e9phane Grappelli &amp; McCoy Tyner:\u00a0<em>One On One. G<\/em>rabado en 1990 (Milestone)<\/p>\n","protected":false},"excerpt":{"rendered":"<p>El pasado y el pasado lejano se dieron la mano en esta grabaci\u00f3n deliciosa registrada en 1990 para el sello Milestone. En formaci\u00f3n de d\u00fao, sin ning\u00fan tipo de acompa\u00f1amiento, los dos maestros repasan diez cl\u00e1sicos standards haciendo gala de un profundo conocimiento del lenguaje, un acentuado sentido del lirismo<span class=\"more-link\"><a href=\"https:\/\/tomajazz.com\/web\/tomajazz-recomienda-un-disco-one-on-one-stephane-grappelli-mccoy-tyner-1990\/\">Contin\u00faa leyendo<\/a><\/span><\/p>\n","protected":false},"author":1001004,"featured_media":0,"comment_status":"open","ping_status":"closed","sticky":false,"template":"","format":"standard","meta":{"_jetpack_newsletter_access":"","_jetpack_dont_email_post_to_subs":true,"_jetpack_newsletter_tier_id":0,"_jetpack_memberships_contains_paywalled_content":false,"_jetpack_feature_clip_id":0,"_jetpack_memberships_contains_paid_content":false,"footnotes":"","jetpack_post_was_ever_published":false},"categories":[17860,1278,1273],"tags":[1350,2006,1751,2302],"class_list":["entry","author-adolphus-van-tenzing","post-1924","post","type-post","status-publish","format-standard","category-adolphus-van-tenzing","category-disco","category-tomajazz-recomienda","tag-1350","tag-milestone","tag-grappelli-stephane","tag-tyner-mccoy"],"jetpack_likes_enabled":true,"jetpack_sharing_enabled":true,"jetpack-related-posts":[{"id":34209,"url":"https:\/\/tomajazz.com\/web\/jazz-en-espanol-emision-26-de-diciembre-de-2017-noticias\/","url_meta":{"origin":1924,"position":0},"title":"Jazz en espa\u00f1ol. Emisi\u00f3n 26 de diciembre de 2017 [Noticias]","author":"Tomajazz","date":"27 diciembre, 2017","format":false,"excerpt":"Jazz en espa\u00f1ol: m\u00fasica de dos continentes en un s\u00f3lo programa. Dirigido por Juli\u00e1n Ruesga Bono. Un programa en el que \"Intentamos conocer, y dar a conocer, el jazz de Latinoam\u00e9rica y Espa\u00f1a.\" El programa del 26 de diciembre\u00a0lleva por t\u00edtulo \"Viol\u00edn en jazz\". Jazz de\/con Jenny Scheinman, Erik Friedlander,\u2026","rel":"","context":"En \u00ab*_Redacci\u00f3n\u00bb","block_context":{"text":"*_Redacci\u00f3n","link":"https:\/\/tomajazz.com\/web\/category\/redaccion\/"},"img":{"alt_text":"","src":"https:\/\/i0.wp.com\/tomajazz.com\/web\/wp-content\/uploads\/2017\/11\/Jazz-En-Espa%C3%B1ol.png?resize=350%2C200&ssl=1","width":350,"height":200,"srcset":"https:\/\/i0.wp.com\/tomajazz.com\/web\/wp-content\/uploads\/2017\/11\/Jazz-En-Espa%C3%B1ol.png?resize=350%2C200&ssl=1 1x, https:\/\/i0.wp.com\/tomajazz.com\/web\/wp-content\/uploads\/2017\/11\/Jazz-En-Espa%C3%B1ol.png?resize=525%2C300&ssl=1 1.5x"},"classes":[]},{"id":49581,"url":"https:\/\/tomajazz.com\/web\/mccoy-tyner-1938-2020-por-juan-f-trillo\/","url_meta":{"origin":1924,"position":1},"title":"McCoy Tyner. 1938-2020. Por Juan F. Trillo #YoMeQuedoEnCasa \/ #IStayAtHome","author":"Tomajazz","date":"10 marzo, 2020","format":false,"excerpt":"Juan F. Trillo recuerda la figura del pianista McCoy Tyner, fallecido el 6 de marzo de 2020.","rel":"","context":"En \u00abTextos\u00bb","block_context":{"text":"Textos","link":"https:\/\/tomajazz.com\/web\/category\/contenidos\/textos\/"},"img":{"alt_text":"","src":"https:\/\/i0.wp.com\/tomajazz.com\/web\/wp-content\/uploads\/2020\/03\/1084px-McCoy_Tyner_04.jpg?resize=350%2C200&ssl=1","width":350,"height":200,"srcset":"https:\/\/i0.wp.com\/tomajazz.com\/web\/wp-content\/uploads\/2020\/03\/1084px-McCoy_Tyner_04.jpg?resize=350%2C200&ssl=1 1x, https:\/\/i0.wp.com\/tomajazz.com\/web\/wp-content\/uploads\/2020\/03\/1084px-McCoy_Tyner_04.jpg?resize=525%2C300&ssl=1 1.5x, https:\/\/i0.wp.com\/tomajazz.com\/web\/wp-content\/uploads\/2020\/03\/1084px-McCoy_Tyner_04.jpg?resize=700%2C400&ssl=1 2x, https:\/\/i0.wp.com\/tomajazz.com\/web\/wp-content\/uploads\/2020\/03\/1084px-McCoy_Tyner_04.jpg?resize=1050%2C600&ssl=1 3x"},"classes":[]},{"id":13555,"url":"https:\/\/tomajazz.com\/web\/tomajazz-recomienda-un-cd-extensions-mccoy-tyner-1970\/","url_meta":{"origin":1924,"position":2},"title":"Tomajazz recomienda\u2026 un CD: Extensions (McCoy Tyner, 1970)","author":"Adolphus van Tenzing","date":"3 noviembre, 2014","format":false,"excerpt":"Rodeado de un intenso halo de misticismo, McCoy Tyner hizo suya la sonoridad del cuarteto de John Coltrane al que \u00e9l mismo hab\u00eda pertenecido tres a\u00f1os despu\u00e9s de la muerte de su l\u00edder. Con Alice, esposa del maestro del saxof\u00f3n, al harpa, y rodeado de los saxos de Wayne Shorter\u2026","rel":"","context":"En \u00ab*_Adolphus van Tenzing\u00bb","block_context":{"text":"*_Adolphus van Tenzing","link":"https:\/\/tomajazz.com\/web\/category\/adolphus-van-tenzing\/"},"img":{"alt_text":"extensions","src":"https:\/\/i0.wp.com\/www.tomajazz.com\/web\/wp-content\/uploads\/2014\/08\/extensions.jpg?resize=350%2C200","width":350,"height":200},"classes":[]},{"id":3028,"url":"https:\/\/tomajazz.com\/web\/stephane-grappelli-michel-petrucciani-flamingo\/","url_meta":{"origin":1924,"position":3},"title":"St\u00e9phane Grappelli &#8211; Michel Petrucciani: Flamingo (Dreyfus Jazz. 1995. Reed. 2009) [Grabaci\u00f3n de jazz] Por Pachi Tapiz","author":"Tomajazz","date":"28 septiembre, 2009","format":false,"excerpt":"Repaso de \"Flamingo\" (Dreyfus Jazz), grabaci\u00f3n de St\u00e9phane Grappelli y Michel Petrucciani (acompa\u00f1ados pro Roy Haynes y George Mraz), realizado por Pachi Tapiz.","rel":"","context":"En \u00abTextos\u00bb","block_context":{"text":"Textos","link":"https:\/\/tomajazz.com\/web\/category\/contenidos\/textos\/"},"img":{"alt_text":"","src":"https:\/\/i0.wp.com\/tomajazz.com\/web\/wp-content\/uploads\/2009\/09\/Stephane-Grappelli-Michel-Petrucciani_Flamingo.jpg?resize=350%2C200&ssl=1","width":350,"height":200,"srcset":"https:\/\/i0.wp.com\/tomajazz.com\/web\/wp-content\/uploads\/2009\/09\/Stephane-Grappelli-Michel-Petrucciani_Flamingo.jpg?resize=350%2C200&ssl=1 1x, https:\/\/i0.wp.com\/tomajazz.com\/web\/wp-content\/uploads\/2009\/09\/Stephane-Grappelli-Michel-Petrucciani_Flamingo.jpg?resize=525%2C300&ssl=1 1.5x"},"classes":[]},{"id":1993,"url":"https:\/\/tomajazz.com\/web\/tomajazz-recomienda-un-solo-mccoy-tyner-central-park-west-john-coltrane-1960\/","url_meta":{"origin":1924,"position":4},"title":"Tomajazz recomienda&#8230; un solo: McCoy Tyner. \u00abCentral Park West\u00bb (John Coltrane, 1960)","author":"Adolphus van Tenzing","date":"27 mayo, 2011","format":false,"excerpt":"Los Coltrane changes, la sucesi\u00f3n de acordes que popularizara el saxofonista John Coltrane en composiciones como \"Giant Steps\", \"Countdown\" o \"26-2\" no s\u00f3lo funcionaban sobre tiempos r\u00e1pidos, como demostr\u00f3 en 1960 en su original \"Central Park West\", cuya melod\u00eda caminaba con delicadeza y brillantez. La prueba definitiva la aport\u00f3 el\u2026","rel":"","context":"En \u00ab*_Adolphus van Tenzing\u00bb","block_context":{"text":"*_Adolphus van Tenzing","link":"https:\/\/tomajazz.com\/web\/category\/adolphus-van-tenzing\/"},"img":{"alt_text":"McCoy Tyner en \"Central Park West\". Coltrane's Sound. John Coltrane. ","src":"https:\/\/i0.wp.com\/torec.tomajazz.com\/wp-content\/uploads\/2011\/05\/johncoltranecoltranesound.jpg?resize=350%2C200","width":350,"height":200},"classes":[]},{"id":15687,"url":"https:\/\/tomajazz.com\/web\/stephane-grappelli-the-diz-disley-trio-violinspiration\/","url_meta":{"origin":1924,"position":5},"title":"St\u00e9phane Grappelli &#038; The Diz Disley Trio: Violinspiration (MPS. 1975 \u2013edic.orig.; 2014 \u2013reed.digital\/CD)","author":"Tomajazz","date":"26 noviembre, 2014","format":false,"excerpt":"Si hay un nombre donde el jazz y el viol\u00edn est\u00e1n inseparablemente unidos es el de St\u00e9phane Grappelli. Su toque aterciopelado y mel\u00f3dico, pero tambi\u00e9n desgarrador es uno de los hitos m\u00e1s transcendentales en la m\u00fasica improvisada. Su gran m\u00e9rito fue adaptar un instrumento de m\u00fasica cl\u00e1sica como el viol\u00edn\u2026","rel":"","context":"En \u00ab*_Carlos Lara\u00bb","block_context":{"text":"*_Carlos Lara","link":"https:\/\/tomajazz.com\/web\/category\/carlos-lara\/"},"img":{"alt_text":"","src":"https:\/\/i0.wp.com\/tomajazz.com\/web\/wp-content\/uploads\/2014\/11\/Stephane-Grappelli-andThe-Diz-Disley-Trio_Violinspiration_MPS_1975.jpg?resize=350%2C200&ssl=1","width":350,"height":200},"classes":[]}],"jetpack_featured_media_url":"","_links":{"self":[{"href":"https:\/\/tomajazz.com\/web\/wp-json\/wp\/v2\/posts\/1924","targetHints":{"allow":["GET"]}}],"collection":[{"href":"https:\/\/tomajazz.com\/web\/wp-json\/wp\/v2\/posts"}],"about":[{"href":"https:\/\/tomajazz.com\/web\/wp-json\/wp\/v2\/types\/post"}],"author":[{"embeddable":true,"href":"https:\/\/tomajazz.com\/web\/wp-json\/wp\/v2\/users\/1001004"}],"replies":[{"embeddable":true,"href":"https:\/\/tomajazz.com\/web\/wp-json\/wp\/v2\/comments?post=1924"}],"version-history":[{"count":1,"href":"https:\/\/tomajazz.com\/web\/wp-json\/wp\/v2\/posts\/1924\/revisions"}],"predecessor-version":[{"id":3865,"href":"https:\/\/tomajazz.com\/web\/wp-json\/wp\/v2\/posts\/1924\/revisions\/3865"}],"wp:attachment":[{"href":"https:\/\/tomajazz.com\/web\/wp-json\/wp\/v2\/media?parent=1924"}],"wp:term":[{"taxonomy":"category","embeddable":true,"href":"https:\/\/tomajazz.com\/web\/wp-json\/wp\/v2\/categories?post=1924"},{"taxonomy":"post_tag","embeddable":true,"href":"https:\/\/tomajazz.com\/web\/wp-json\/wp\/v2\/tags?post=1924"}],"curies":[{"name":"wp","href":"https:\/\/api.w.org\/{rel}","templated":true}]}}