{"id":19763,"date":"2015-09-21T21:42:25","date_gmt":"2015-09-21T19:42:25","guid":{"rendered":"http:\/\/www.tomajazz.com\/web\/?p=19763"},"modified":"2016-11-13T22:58:35","modified_gmt":"2016-11-13T21:58:35","slug":"soulive-karl-denson-spark-royal-family-recordings-2012-lp","status":"publish","type":"post","link":"https:\/\/tomajazz.com\/web\/soulive-karl-denson-spark-royal-family-recordings-2012-lp\/","title":{"rendered":"Soulive + Karl Denson: Spark! (Royal Family Recordings, 2012; LP)"},"content":{"rendered":"<p style=\"text-align: justify;\"><a href=\"http:\/\/www.tomajazz.com\/web\/wp-content\/uploads\/2015\/09\/spark.jpg\"><img loading=\"lazy\" decoding=\"async\" class=\"size-medium wp-image-19764 alignleft\" src=\"http:\/\/www.tomajazz.com\/web\/wp-content\/uploads\/2015\/09\/spark-200x201.jpg\" alt=\"spark\" width=\"200\" height=\"201\" title=\"\" srcset=\"https:\/\/tomajazz.com\/web\/wp-content\/uploads\/2015\/09\/spark-200x201.jpg 200w, https:\/\/tomajazz.com\/web\/wp-content\/uploads\/2015\/09\/spark-150x150.jpg 150w, https:\/\/tomajazz.com\/web\/wp-content\/uploads\/2015\/09\/spark-55x55.jpg 55w, https:\/\/tomajazz.com\/web\/wp-content\/uploads\/2015\/09\/spark-50x50.jpg 50w, https:\/\/tomajazz.com\/web\/wp-content\/uploads\/2015\/09\/spark.jpg 224w\" sizes=\"auto, (max-width: 200px) 100vw, 200px\" \/><\/a>Tal y como reza en el vinilo, el presente \u00e1lbum est\u00e1 dedicado al gran <strong>Melvin Spark<\/strong>. Pero el homenaje, sea intencionado o no, llega mucho m\u00e1s all\u00e1: <em>Spark!<\/em> es un tributo a una d\u00e9cada, los 70,\u00a0en la que la m\u00fasica era jazz,\u00a0groove y funk; a\u00f1os en los que los sonidos provocaban sudor y magnetismo entre cuerpos separados. Spark! es <strong>Creed Taylor<\/strong>, <strong>Freddie Hubbard<\/strong>, <strong>Leon Spencer<\/strong>,\u00a0<strong>Grant Green<\/strong>, <strong>Donald Bird<\/strong> y\u00a0<strong>Stanley Turrentine<\/strong>.<\/p>\n<p class=\"font_8\" style=\"text-align: justify;\">\u00a0El tr\u00edo formado por los hermanos <strong>Evans<\/strong> y <strong>Eric Krasno<\/strong> deja en el banquillo a su estrella habitual al saxo alto, <strong>Sam Kininger<\/strong>, y se hace\u00a0con un nombre may\u00fasculo dentro del mercado musical, <strong>Karl Denson<\/strong>. La formaci\u00f3n, completada\u00a0con <strong>Ryan Zoidis<\/strong> y <strong>Deangelo Nieves<\/strong>, se marca cuatro se\u00f1ores pepinos: \u00abSpark\u00bb, firmada por <strong>Soulive<\/strong>; un original de <strong>Hubbard<\/strong>, \u00abPovo\u00bb; una composici\u00f3n de <strong>Yusef Lateef<\/strong>, \u00abNubian Lady\u00bb; y\u00a0el cierre, \u00abSoul Side\u00bb, que llega\u00a0de la mano de\u00a0<strong>Art Farmer<\/strong>.<\/p>\n<p class=\"font_8\" style=\"text-align: justify;\">Ernome <strong>Eric Krasno<\/strong>, magistral\u00a0en cada solo. Enorme <strong>Denson<\/strong>, torrencial en los solos. Enorme la solidez y la envoltura r\u00edtmica\u00a0de <strong>Alan Evans<\/strong> a la bater\u00eda. Enorme <strong>Neil Evans<\/strong> tanto en primer plano como en segundo.\u00a0Enormes las progresiones arm\u00f3nicas, tan sencillas de seguir como adictivas.\u00a0Enormes c\u00f3mo los crescendos\/decrescendos de intensidad alteran el pulso sangu\u00edneo. Enorme\u00a0c\u00f3mo los arreglos de viento consiguen lanzar a la estratosfera los temas.<\/p>\n<p class=\"font_8\" style=\"text-align: justify;\"><strong>Soulive<\/strong> logra con\u00a0<em>Spark!<\/em> volar tan\u00a0alto como ya hizo con <em>Up Here<\/em>.\u00a0Una verdadera gozada.<\/p>\n<p class=\"font_8\" style=\"text-align: right;\">\u00a9\u00a0Sergio Masferrer Oncala, 2015<\/p>\n<p class=\"font_8\"><a href=\"http:\/\/www.diamantesabruptos.com\/#!Early-Riser-2014\/cmbz\/55a56ef60cf25466c2a05400\" target=\"_blank\" rel=\"noopener\">Publicado originalmente<\/a> en el blog\u00a0<a href=\"http:\/\/sergiomasferrer.wix.com\/diamantes-abruptos\" target=\"_blank\" rel=\"noopener\">Diamantes Abruptos<\/a><\/p>\n<p class=\"font_8\">Soulive + Karl Denson: <em>Spark!\u00a0<\/em><\/p>\n<p class=\"font_8\">Eric Krasno (guitarra); Alan Evans (bater\u00eda); Neil Evans (Hammond B3); Karl Denson (saxos, travesera); Ryan Zoidis (saxo); Deangelo Nieves<\/p>\n<p class=\"font_8\">\u00abSpark\u00bb, \u00abPovo\u00bb, \u00abNubian Lady\u00bb, \u00abSoul Sides\u00bb<\/p>\n<p class=\"font_8\">Producido por <strong>Soulive<\/strong><\/p>\n<p>&nbsp;<\/p>\n","protected":false},"excerpt":{"rendered":"<p>Tal y como reza en el vinilo, el presente \u00e1lbum est\u00e1 dedicado al gran Melvin Spark. Pero el homenaje, sea intencionado o no, llega mucho m\u00e1s all\u00e1: Spark! es un tributo a una d\u00e9cada, los 70,\u00a0en la que la m\u00fasica era jazz,\u00a0groove y funk; a\u00f1os en los que los sonidos<span class=\"more-link\"><a href=\"https:\/\/tomajazz.com\/web\/soulive-karl-denson-spark-royal-family-recordings-2012-lp\/\">Contin\u00faa leyendo<\/a><\/span><\/p>\n","protected":false},"author":1004701,"featured_media":19764,"comment_status":"open","ping_status":"closed","sticky":false,"template":"","format":"image","meta":{"jetpack_post_was_ever_published":false,"_jetpack_newsletter_access":"","_jetpack_dont_email_post_to_subs":true,"_jetpack_newsletter_tier_id":0,"_jetpack_memberships_contains_paywalled_content":false,"_jetpack_memberships_contains_paid_content":false,"footnotes":""},"categories":[17880,5,1038],"tags":[13864,1417,12651,13868,13867,13417,13870,13862,8524,12696,1748,13,12415,15295,13865,13869,13863,13866,328,13861,13871,16099,77,16100,8019],"class_list":["entry","author-sergio-masferrer","post-19763","post","type-post","status-publish","format-image","has-post-thumbnail","category-sergio-masferrer","category-grabaciones","category-contenidos","tag-alan-evans","tag-art-farmer","tag-cd","tag-creed-taylor","tag-deangelo-nieves","tag-diamantes-abruptos","tag-donald-bird","tag-eric-krasno","tag-freddie-hubbard","tag-grabaciones","tag-grant-green","tag-jazz","tag-jazz-en-espana","tag-jazz-en-espanol","tag-karl-denson","tag-leon-spencer","tag-neil-evans","tag-ryan-zoidis","tag-sergio-masferrer","tag-soulive","tag-stanley-turrentine","tag-toma-jazz","tag-tomajazz","tag-tomajazz-toma-jazz","tag-yusef-lateef"],"jetpack_featured_media_url":"https:\/\/tomajazz.com\/web\/wp-content\/uploads\/2015\/09\/spark.jpg","jetpack_likes_enabled":true,"jetpack_sharing_enabled":true,"jetpack-related-posts":[{"id":104979,"url":"https:\/\/tomajazz.com\/web\/dave-holland-vital-spark-2026\/","url_meta":{"origin":19763,"position":0},"title":"Dave Holland: Vital Spark (Music of Kenny Wheeler) (Edition Records, 2026) Por Carlos Lara [Grabaci\u00f3n de jazz]","author":"Tomajazz","date":"20 abril, 2026","format":false,"excerpt":"Vital Spark (Music of Kenny Wheeler) (Edition Records, 2026) es la nueva grabaci\u00f3n de Dave Holland. Carlos Lara repasa la grabaci\u00f3n. Con Norma Winstone, Mark Lockheart, John Parricelli, Nikki Iles, Dave Holland, James Maddren, The London Vocal Project","rel":"","context":"En \u00abGrabaciones...\u00bb","block_context":{"text":"Grabaciones...","link":"https:\/\/tomajazz.com\/web\/category\/contenidos\/textos\/grabaciones\/"},"img":{"alt_text":"Dave Holland: Vital Spark (Music of Kenny Wheeler) (Edition Records, 2026) Por Carlos Lara [Grabaci\u00f3n de jazz] - Tomajazz - Vital Spark (Music of Kenny Wheeler) (Edition Records, 2026) es la nueva grabaci\u00f3n de Dave Holland. Carlos Lara repasa la grabaci\u00f3n. Con Norma Winstone, Mark Lockheart, John Parricelli, Nikki Iles, Dave Holland, James Maddren, The London Vocal Project \n","src":"https:\/\/i0.wp.com\/tomajazz.com\/web\/wp-content\/uploads\/2026\/04\/Dave-Holland-Vital-Spark-Music-of-Kenny-Wheeler-Edition-Records-2026.jpg?resize=350%2C200&ssl=1","width":350,"height":200,"srcset":"https:\/\/i0.wp.com\/tomajazz.com\/web\/wp-content\/uploads\/2026\/04\/Dave-Holland-Vital-Spark-Music-of-Kenny-Wheeler-Edition-Records-2026.jpg?resize=350%2C200&ssl=1 1x, https:\/\/i0.wp.com\/tomajazz.com\/web\/wp-content\/uploads\/2026\/04\/Dave-Holland-Vital-Spark-Music-of-Kenny-Wheeler-Edition-Records-2026.jpg?resize=525%2C300&ssl=1 1.5x, https:\/\/i0.wp.com\/tomajazz.com\/web\/wp-content\/uploads\/2026\/04\/Dave-Holland-Vital-Spark-Music-of-Kenny-Wheeler-Edition-Records-2026.jpg?resize=700%2C400&ssl=1 2x"},"classes":[]},{"id":1548,"url":"https:\/\/tomajazz.com\/web\/varios-one-night-with-blue-note\/","url_meta":{"origin":19763,"position":1},"title":"Varios &#8211; One night with Blue Note","author":"Autor1","date":"21 mayo, 2011","format":false,"excerpt":"A mediados de los a\u00f1os 80 el sello Blue Note sufri\u00f3 un resurgir de mano de nuevos fichajes y un radical cambio de orientaci\u00f3n, en busca de retomar la calidad y prestigio que la marca atesorara hace unas d\u00e9cadas. El concierto reeditado en este DVD no es sino una declaraci\u00f3n\u2026","rel":"","context":"En \u00ab*_Arturo Mora Rioja\u00bb","block_context":{"text":"*_Arturo Mora Rioja","link":"https:\/\/tomajazz.com\/web\/category\/arturo-mora-rioja\/"},"img":{"alt_text":"","src":"https:\/\/i0.wp.com\/www.tomajazz.com\/web\/wp-content\/uploads\/2011\/05\/blue_note_dvd.jpg?resize=350%2C200","width":350,"height":200},"classes":[]},{"id":31656,"url":"https:\/\/tomajazz.com\/web\/365-razones-para-amar-el-jazz-una-grabacion-the-blues-and-the-abstract-truth-oliver-nelson-212\/","url_meta":{"origin":19763,"position":2},"title":"365 razones para amar el jazz: una grabaci\u00f3n. The Blues And The Abstract Truth (Oliver Nelson) [212]","author":"Tomajazz","date":"31 julio, 2017","format":false,"excerpt":"Una grabaci\u00f3n.\u00a0Oliver Nelson:\u00a0The Blues And The Abstract Truth\u00a0(Impulse!, 1961) Seleccionado por\u00a0Pachi Tapiz Con\u00a0Oliver Nelson, Eric Dolphy, George Barrow, Freddie Hubbard, Bill Evans, Paul Chambers, Roy Haynes\u00a0","rel":"","context":"En \u00ab*_Pachi Tapiz\u00bb","block_context":{"text":"*_Pachi Tapiz","link":"https:\/\/tomajazz.com\/web\/category\/pachi-tapiz\/"},"img":{"alt_text":"","src":"https:\/\/i0.wp.com\/tomajazz.com\/web\/wp-content\/uploads\/2017\/07\/Oliver-Nelson_The-Blues-And-The-Abstrac-Truth_Impulse.jpg?resize=350%2C200&ssl=1","width":350,"height":200},"classes":[]},{"id":16223,"url":"https:\/\/tomajazz.com\/web\/david-weiss-when-words-fail-motema-music-2014\/","url_meta":{"origin":19763,"position":3},"title":"David Weiss: When Words Fail (Motema Music, 2014)","author":"Tomajazz","date":"9 enero, 2015","format":false,"excerpt":"El trompetista David Weiss, reconocido por sus trabajos con The New Jazz Composers Octet y la banda Point Of Departure, adem\u00e1s de sus colaboraciones con el saxofonista y compositor Wayne Shorter, entre otros, se ha ganado una buena reputaci\u00f3n como compositor, arreglista y l\u00edder. En When Words Fail, su \u00faltimo\u2026","rel":"","context":"En \u00ab*_Carlos Lara\u00bb","block_context":{"text":"*_Carlos Lara","link":"https:\/\/tomajazz.com\/web\/category\/carlos-lara\/"},"img":{"alt_text":"","src":"https:\/\/i0.wp.com\/tomajazz.com\/web\/wp-content\/uploads\/2015\/01\/Davis-Weiss_Whjen-Words-Fail_Motema-Music_2014.jpg?resize=350%2C200&ssl=1","width":350,"height":200},"classes":[]},{"id":14588,"url":"https:\/\/tomajazz.com\/web\/marcin-wasilewski-trio-wjoakim-milder-spark-of-life-ecm-2014\/","url_meta":{"origin":19763,"position":4},"title":"Marcin Wasilewski Trio w\/Joakim Milder: Spark of Life (ECM, 2014)","author":"Jes\u00fas Gonzalo","date":"17 octubre, 2014","format":false,"excerpt":"\u00a0 Con el conjunto de Wasilewski, en cuyo primer bautizo se hizo llamar \"democr\u00e1ticamente\" Simple Acoustic Trio, ocurre algo parecido como con el pianista noruego Tord Gustavsen: ambos siguen fieles a ECM y su obra no avanza creativamente. Es cierto que con el tiempo, ya lo anunciamos hace bastantes a\u00f1os\u2026","rel":"","context":"En \u00ab*_Jes\u00fas Gonzalo\u00bb","block_context":{"text":"*_Jes\u00fas Gonzalo","link":"https:\/\/tomajazz.com\/web\/category\/jesus-gonzalo\/"},"img":{"alt_text":"","src":"https:\/\/i0.wp.com\/tomajazz.com\/web\/wp-content\/uploads\/2014\/10\/marcin-wasilewski-trio-joakim-milder-sparkl-of-life-e1413531666398.jpg?resize=350%2C200&ssl=1","width":350,"height":200,"srcset":"https:\/\/i0.wp.com\/tomajazz.com\/web\/wp-content\/uploads\/2014\/10\/marcin-wasilewski-trio-joakim-milder-sparkl-of-life-e1413531666398.jpg?resize=350%2C200&ssl=1 1x, https:\/\/i0.wp.com\/tomajazz.com\/web\/wp-content\/uploads\/2014\/10\/marcin-wasilewski-trio-joakim-milder-sparkl-of-life-e1413531666398.jpg?resize=525%2C300&ssl=1 1.5x"},"classes":[]},{"id":20698,"url":"https:\/\/tomajazz.com\/web\/tomajazz-recomienda-un-cd-chunky-pecan-pie-karl-denson-1995\/","url_meta":{"origin":19763,"position":5},"title":"Tomajazz recomienda\u2026 un CD: Chunky Pecan Pie (Karl Denson, 1995)","author":"Adolphus van Tenzing","date":"9 noviembre, 2015","format":false,"excerpt":"Conocido por su sonido ancho y poderoso, por su presencia en diversas bandas de funk y por sus giras con Lenny Kravitz, todav\u00eda hay quien ignora a Karl Denson como jazzman. Vaya para ellos esta recomendaci\u00f3n. En Chunky Pecan Pie el californiano se atreve con el arriesgado formato de tr\u00edo\u2026","rel":"","context":"En \u00ab*_Adolphus van Tenzing\u00bb","block_context":{"text":"*_Adolphus van Tenzing","link":"https:\/\/tomajazz.com\/web\/category\/adolphus-van-tenzing\/"},"img":{"alt_text":"","src":"https:\/\/i0.wp.com\/tomajazz.com\/web\/wp-content\/uploads\/2015\/11\/Karl-Denson_Chunky-Pecan-Pie.jpg?resize=350%2C200&ssl=1","width":350,"height":200},"classes":[]}],"_links":{"self":[{"href":"https:\/\/tomajazz.com\/web\/wp-json\/wp\/v2\/posts\/19763","targetHints":{"allow":["GET"]}}],"collection":[{"href":"https:\/\/tomajazz.com\/web\/wp-json\/wp\/v2\/posts"}],"about":[{"href":"https:\/\/tomajazz.com\/web\/wp-json\/wp\/v2\/types\/post"}],"author":[{"embeddable":true,"href":"https:\/\/tomajazz.com\/web\/wp-json\/wp\/v2\/users\/1004701"}],"replies":[{"embeddable":true,"href":"https:\/\/tomajazz.com\/web\/wp-json\/wp\/v2\/comments?post=19763"}],"version-history":[{"count":3,"href":"https:\/\/tomajazz.com\/web\/wp-json\/wp\/v2\/posts\/19763\/revisions"}],"predecessor-version":[{"id":19767,"href":"https:\/\/tomajazz.com\/web\/wp-json\/wp\/v2\/posts\/19763\/revisions\/19767"}],"wp:featuredmedia":[{"embeddable":true,"href":"https:\/\/tomajazz.com\/web\/wp-json\/wp\/v2\/media\/19764"}],"wp:attachment":[{"href":"https:\/\/tomajazz.com\/web\/wp-json\/wp\/v2\/media?parent=19763"}],"wp:term":[{"taxonomy":"category","embeddable":true,"href":"https:\/\/tomajazz.com\/web\/wp-json\/wp\/v2\/categories?post=19763"},{"taxonomy":"post_tag","embeddable":true,"href":"https:\/\/tomajazz.com\/web\/wp-json\/wp\/v2\/tags?post=19763"}],"curies":[{"name":"wp","href":"https:\/\/api.w.org\/{rel}","templated":true}]}}