{"id":20337,"date":"2015-10-20T10:45:53","date_gmt":"2015-10-20T08:45:53","guid":{"rendered":"http:\/\/www.tomajazz.com\/web\/?p=20337"},"modified":"2016-11-13T16:30:11","modified_gmt":"2016-11-13T15:30:11","slug":"instantzz-albert-sanz-trio-jamboree-barcelona-2015-09-04","status":"publish","type":"post","link":"https:\/\/tomajazz.com\/web\/instantzz-albert-sanz-trio-jamboree-barcelona-2015-09-04\/","title":{"rendered":"INSTANTZZ: Albert Sanz Tr\u00edo (Jamboree, Barcelona. 2015-09-04)"},"content":{"rendered":"<ul>\n<li>Fecha: Viernes, 4 de setiembre de 2015<\/li>\n<li>Lugar: Jamboree (Barcelona)<\/li>\n<li>Componentes: Albert Sanz Tr\u00edo<br \/>\nAlbert Sanz, piano<br \/>\nMasa Kamaguchi, contrabajo<br \/>\nJorge Rossy, bater\u00eda y\u00a0vibr\u00e1fono<\/li>\n<\/ul>\n<p style=\"text-align: center;\"><img loading=\"lazy\" decoding=\"async\" class=\"aligncenter size-large wp-image-20338\" src=\"http:\/\/www.tomajazz.com\/web\/wp-content\/uploads\/2015\/10\/01_lbrt-Snz-tr-\u00a9Joan-Cort\u00e8s_04set15_Jmbr_Bcn-600x399.jpg\" alt=\"01_lbrt Snz tr (\u00a9Joan Cort\u00e8s)_04set15_Jmbr_Bcn\" width=\"600\" height=\"399\" title=\"\" srcset=\"https:\/\/tomajazz.com\/web\/wp-content\/uploads\/2015\/10\/01_lbrt-Snz-tr-\u00a9Joan-Cort\u00e8s_04set15_Jmbr_Bcn.jpg 600w, https:\/\/tomajazz.com\/web\/wp-content\/uploads\/2015\/10\/01_lbrt-Snz-tr-\u00a9Joan-Cort\u00e8s_04set15_Jmbr_Bcn-150x100.jpg 150w, https:\/\/tomajazz.com\/web\/wp-content\/uploads\/2015\/10\/01_lbrt-Snz-tr-\u00a9Joan-Cort\u00e8s_04set15_Jmbr_Bcn-200x133.jpg 200w, https:\/\/tomajazz.com\/web\/wp-content\/uploads\/2015\/10\/01_lbrt-Snz-tr-\u00a9Joan-Cort\u00e8s_04set15_Jmbr_Bcn-83x55.jpg 83w, https:\/\/tomajazz.com\/web\/wp-content\/uploads\/2015\/10\/01_lbrt-Snz-tr-\u00a9Joan-Cort\u00e8s_04set15_Jmbr_Bcn-60x40.jpg 60w, https:\/\/tomajazz.com\/web\/wp-content\/uploads\/2015\/10\/01_lbrt-Snz-tr-\u00a9Joan-Cort\u00e8s_04set15_Jmbr_Bcn-120x80.jpg 120w\" sizes=\"auto, (max-width: 600px) 100vw, 600px\" \/><\/p>\n<p style=\"text-align: center;\"><img loading=\"lazy\" decoding=\"async\" class=\"aligncenter size-large wp-image-20339\" src=\"http:\/\/www.tomajazz.com\/web\/wp-content\/uploads\/2015\/10\/02_lbrt-Snz-tr-\u00a9Joan-Cort\u00e8s_04set15_Jmbr_Bcn-399x600.jpg\" alt=\"02_lbrt Snz tr (\u00a9Joan Cort\u00e8s)_04set15_Jmbr_Bcn\" width=\"399\" height=\"600\" title=\"\" srcset=\"https:\/\/tomajazz.com\/web\/wp-content\/uploads\/2015\/10\/02_lbrt-Snz-tr-\u00a9Joan-Cort\u00e8s_04set15_Jmbr_Bcn.jpg 399w, https:\/\/tomajazz.com\/web\/wp-content\/uploads\/2015\/10\/02_lbrt-Snz-tr-\u00a9Joan-Cort\u00e8s_04set15_Jmbr_Bcn-100x150.jpg 100w, https:\/\/tomajazz.com\/web\/wp-content\/uploads\/2015\/10\/02_lbrt-Snz-tr-\u00a9Joan-Cort\u00e8s_04set15_Jmbr_Bcn-200x300.jpg 200w, https:\/\/tomajazz.com\/web\/wp-content\/uploads\/2015\/10\/02_lbrt-Snz-tr-\u00a9Joan-Cort\u00e8s_04set15_Jmbr_Bcn-37x55.jpg 37w\" sizes=\"auto, (max-width: 399px) 100vw, 399px\" \/><\/p>\n<p style=\"text-align: center;\"><img loading=\"lazy\" decoding=\"async\" class=\"aligncenter size-large wp-image-20340\" src=\"http:\/\/www.tomajazz.com\/web\/wp-content\/uploads\/2015\/10\/03_lbrt-Snz-tr-\u00a9Joan-Cort\u00e8s_04set15_Jmbr_Bcn-399x600.jpg\" alt=\"03_lbrt Snz tr (\u00a9Joan Cort\u00e8s)_04set15_Jmbr_Bcn\" width=\"399\" height=\"600\" title=\"\" srcset=\"https:\/\/tomajazz.com\/web\/wp-content\/uploads\/2015\/10\/03_lbrt-Snz-tr-\u00a9Joan-Cort\u00e8s_04set15_Jmbr_Bcn.jpg 399w, https:\/\/tomajazz.com\/web\/wp-content\/uploads\/2015\/10\/03_lbrt-Snz-tr-\u00a9Joan-Cort\u00e8s_04set15_Jmbr_Bcn-100x150.jpg 100w, https:\/\/tomajazz.com\/web\/wp-content\/uploads\/2015\/10\/03_lbrt-Snz-tr-\u00a9Joan-Cort\u00e8s_04set15_Jmbr_Bcn-200x300.jpg 200w, https:\/\/tomajazz.com\/web\/wp-content\/uploads\/2015\/10\/03_lbrt-Snz-tr-\u00a9Joan-Cort\u00e8s_04set15_Jmbr_Bcn-37x55.jpg 37w\" sizes=\"auto, (max-width: 399px) 100vw, 399px\" \/><\/p>\n<p style=\"text-align: center;\"><img loading=\"lazy\" decoding=\"async\" class=\"aligncenter size-large wp-image-20341\" src=\"http:\/\/www.tomajazz.com\/web\/wp-content\/uploads\/2015\/10\/04_lbrt-Snz-tr-\u00a9Joan-Cort\u00e8s_04set15_Jmbr_Bcn-399x600.jpg\" alt=\"04_lbrt Snz tr (\u00a9Joan Cort\u00e8s)_04set15_Jmbr_Bcn\" width=\"399\" height=\"600\" title=\"\" srcset=\"https:\/\/tomajazz.com\/web\/wp-content\/uploads\/2015\/10\/04_lbrt-Snz-tr-\u00a9Joan-Cort\u00e8s_04set15_Jmbr_Bcn.jpg 399w, https:\/\/tomajazz.com\/web\/wp-content\/uploads\/2015\/10\/04_lbrt-Snz-tr-\u00a9Joan-Cort\u00e8s_04set15_Jmbr_Bcn-100x150.jpg 100w, https:\/\/tomajazz.com\/web\/wp-content\/uploads\/2015\/10\/04_lbrt-Snz-tr-\u00a9Joan-Cort\u00e8s_04set15_Jmbr_Bcn-200x300.jpg 200w, https:\/\/tomajazz.com\/web\/wp-content\/uploads\/2015\/10\/04_lbrt-Snz-tr-\u00a9Joan-Cort\u00e8s_04set15_Jmbr_Bcn-37x55.jpg 37w\" sizes=\"auto, (max-width: 399px) 100vw, 399px\" \/><\/p>\n<p style=\"text-align: center;\"><img loading=\"lazy\" decoding=\"async\" class=\"aligncenter size-large wp-image-20342\" src=\"http:\/\/www.tomajazz.com\/web\/wp-content\/uploads\/2015\/10\/05_lbrt-Snz-tr-\u00a9Joan-Cort\u00e8s_04set15_Jmbr_Bcn-399x600.jpg\" alt=\"05_lbrt Snz tr (\u00a9Joan Cort\u00e8s)_04set15_Jmbr_Bcn\" width=\"399\" height=\"600\" title=\"\" srcset=\"https:\/\/tomajazz.com\/web\/wp-content\/uploads\/2015\/10\/05_lbrt-Snz-tr-\u00a9Joan-Cort\u00e8s_04set15_Jmbr_Bcn.jpg 399w, https:\/\/tomajazz.com\/web\/wp-content\/uploads\/2015\/10\/05_lbrt-Snz-tr-\u00a9Joan-Cort\u00e8s_04set15_Jmbr_Bcn-100x150.jpg 100w, https:\/\/tomajazz.com\/web\/wp-content\/uploads\/2015\/10\/05_lbrt-Snz-tr-\u00a9Joan-Cort\u00e8s_04set15_Jmbr_Bcn-200x300.jpg 200w, https:\/\/tomajazz.com\/web\/wp-content\/uploads\/2015\/10\/05_lbrt-Snz-tr-\u00a9Joan-Cort\u00e8s_04set15_Jmbr_Bcn-37x55.jpg 37w\" sizes=\"auto, (max-width: 399px) 100vw, 399px\" \/><\/p>\n<p style=\"text-align: center;\"><img loading=\"lazy\" decoding=\"async\" class=\"aligncenter size-large wp-image-20343\" src=\"http:\/\/www.tomajazz.com\/web\/wp-content\/uploads\/2015\/10\/06_lbrt-Snz-tr-\u00a9Joan-Cort\u00e8s_04set15_Jmbr_Bcn-600x399.jpg\" alt=\"06_lbrt Snz tr (\u00a9Joan Cort\u00e8s)_04set15_Jmbr_Bcn\" width=\"600\" height=\"399\" title=\"\" srcset=\"https:\/\/tomajazz.com\/web\/wp-content\/uploads\/2015\/10\/06_lbrt-Snz-tr-\u00a9Joan-Cort\u00e8s_04set15_Jmbr_Bcn.jpg 600w, https:\/\/tomajazz.com\/web\/wp-content\/uploads\/2015\/10\/06_lbrt-Snz-tr-\u00a9Joan-Cort\u00e8s_04set15_Jmbr_Bcn-150x100.jpg 150w, https:\/\/tomajazz.com\/web\/wp-content\/uploads\/2015\/10\/06_lbrt-Snz-tr-\u00a9Joan-Cort\u00e8s_04set15_Jmbr_Bcn-200x133.jpg 200w, https:\/\/tomajazz.com\/web\/wp-content\/uploads\/2015\/10\/06_lbrt-Snz-tr-\u00a9Joan-Cort\u00e8s_04set15_Jmbr_Bcn-83x55.jpg 83w, https:\/\/tomajazz.com\/web\/wp-content\/uploads\/2015\/10\/06_lbrt-Snz-tr-\u00a9Joan-Cort\u00e8s_04set15_Jmbr_Bcn-60x40.jpg 60w, https:\/\/tomajazz.com\/web\/wp-content\/uploads\/2015\/10\/06_lbrt-Snz-tr-\u00a9Joan-Cort\u00e8s_04set15_Jmbr_Bcn-120x80.jpg 120w\" sizes=\"auto, (max-width: 600px) 100vw, 600px\" \/><\/p>\n<p style=\"text-align: center;\"><img loading=\"lazy\" decoding=\"async\" class=\"aligncenter size-large wp-image-20344\" src=\"http:\/\/www.tomajazz.com\/web\/wp-content\/uploads\/2015\/10\/07_lbrt-Snz-tr-\u00a9Joan-Cort\u00e8s_04set15_Jmbr_Bcn-399x600.jpg\" alt=\"07_lbrt Snz tr (\u00a9Joan Cort\u00e8s)_04set15_Jmbr_Bcn\" width=\"399\" height=\"600\" title=\"\" srcset=\"https:\/\/tomajazz.com\/web\/wp-content\/uploads\/2015\/10\/07_lbrt-Snz-tr-\u00a9Joan-Cort\u00e8s_04set15_Jmbr_Bcn.jpg 399w, https:\/\/tomajazz.com\/web\/wp-content\/uploads\/2015\/10\/07_lbrt-Snz-tr-\u00a9Joan-Cort\u00e8s_04set15_Jmbr_Bcn-100x150.jpg 100w, https:\/\/tomajazz.com\/web\/wp-content\/uploads\/2015\/10\/07_lbrt-Snz-tr-\u00a9Joan-Cort\u00e8s_04set15_Jmbr_Bcn-200x300.jpg 200w, https:\/\/tomajazz.com\/web\/wp-content\/uploads\/2015\/10\/07_lbrt-Snz-tr-\u00a9Joan-Cort\u00e8s_04set15_Jmbr_Bcn-37x55.jpg 37w\" sizes=\"auto, (max-width: 399px) 100vw, 399px\" \/><\/p>\n<p style=\"text-align: center;\"><img loading=\"lazy\" decoding=\"async\" class=\"aligncenter size-large wp-image-20345\" src=\"http:\/\/www.tomajazz.com\/web\/wp-content\/uploads\/2015\/10\/08_lbrt-Snz-tr-\u00a9Joan-Cort\u00e8s_04set15_Jmbr_Bcn-600x399.jpg\" alt=\"08_lbrt Snz tr (\u00a9Joan Cort\u00e8s)_04set15_Jmbr_Bcn\" width=\"600\" height=\"399\" title=\"\" srcset=\"https:\/\/tomajazz.com\/web\/wp-content\/uploads\/2015\/10\/08_lbrt-Snz-tr-\u00a9Joan-Cort\u00e8s_04set15_Jmbr_Bcn.jpg 600w, https:\/\/tomajazz.com\/web\/wp-content\/uploads\/2015\/10\/08_lbrt-Snz-tr-\u00a9Joan-Cort\u00e8s_04set15_Jmbr_Bcn-150x100.jpg 150w, https:\/\/tomajazz.com\/web\/wp-content\/uploads\/2015\/10\/08_lbrt-Snz-tr-\u00a9Joan-Cort\u00e8s_04set15_Jmbr_Bcn-200x133.jpg 200w, https:\/\/tomajazz.com\/web\/wp-content\/uploads\/2015\/10\/08_lbrt-Snz-tr-\u00a9Joan-Cort\u00e8s_04set15_Jmbr_Bcn-83x55.jpg 83w, https:\/\/tomajazz.com\/web\/wp-content\/uploads\/2015\/10\/08_lbrt-Snz-tr-\u00a9Joan-Cort\u00e8s_04set15_Jmbr_Bcn-60x40.jpg 60w, https:\/\/tomajazz.com\/web\/wp-content\/uploads\/2015\/10\/08_lbrt-Snz-tr-\u00a9Joan-Cort\u00e8s_04set15_Jmbr_Bcn-120x80.jpg 120w\" sizes=\"auto, (max-width: 600px) 100vw, 600px\" \/><\/p>\n<p style=\"text-align: center;\"><img loading=\"lazy\" decoding=\"async\" class=\"aligncenter size-large wp-image-20346\" src=\"http:\/\/www.tomajazz.com\/web\/wp-content\/uploads\/2015\/10\/09_lbrt-Snz-tr-\u00a9Joan-Cort\u00e8s_04set15_Jmbr_Bcn-399x600.jpg\" alt=\"09_lbrt Snz tr (\u00a9Joan Cort\u00e8s)_04set15_Jmbr_Bcn\" width=\"399\" height=\"600\" title=\"\" srcset=\"https:\/\/tomajazz.com\/web\/wp-content\/uploads\/2015\/10\/09_lbrt-Snz-tr-\u00a9Joan-Cort\u00e8s_04set15_Jmbr_Bcn.jpg 399w, https:\/\/tomajazz.com\/web\/wp-content\/uploads\/2015\/10\/09_lbrt-Snz-tr-\u00a9Joan-Cort\u00e8s_04set15_Jmbr_Bcn-100x150.jpg 100w, https:\/\/tomajazz.com\/web\/wp-content\/uploads\/2015\/10\/09_lbrt-Snz-tr-\u00a9Joan-Cort\u00e8s_04set15_Jmbr_Bcn-200x300.jpg 200w, https:\/\/tomajazz.com\/web\/wp-content\/uploads\/2015\/10\/09_lbrt-Snz-tr-\u00a9Joan-Cort\u00e8s_04set15_Jmbr_Bcn-37x55.jpg 37w\" sizes=\"auto, (max-width: 399px) 100vw, 399px\" \/><\/p>\n<p style=\"text-align: right;\">\u00a9 Joan Cort\u00e8s, 2015<\/p>\n","protected":false},"excerpt":{"rendered":"<p>Fecha: Viernes, 4 de setiembre de 2015 Lugar: Jamboree (Barcelona) Componentes: Albert Sanz Tr\u00edo Albert Sanz, piano Masa Kamaguchi, contrabajo Jorge Rossy, bater\u00eda y\u00a0vibr\u00e1fono \u00a9 Joan Cort\u00e8s, 2015<span class=\"more-link\"><a href=\"https:\/\/tomajazz.com\/web\/instantzz-albert-sanz-trio-jamboree-barcelona-2015-09-04\/\">Contin\u00faa leyendo<\/a><\/span><\/p>\n","protected":false},"author":1,"featured_media":20345,"comment_status":"open","ping_status":"closed","sticky":false,"template":"","format":"image","meta":{"jetpack_post_was_ever_published":false,"_jetpack_newsletter_access":"","_jetpack_dont_email_post_to_subs":true,"_jetpack_newsletter_tier_id":0,"_jetpack_memberships_contains_paywalled_content":false,"_jetpack_memberships_contains_paid_content":false,"footnotes":""},"categories":[17853,11262,15516,11261,1038],"tags":[443,1226,1125,12656,15275,11263,1046,13,1041,124,26,12657,16099,77,16100],"class_list":["entry","author-pachi","post-20337","post","type-post","status-publish","format-image","has-post-thumbnail","category-joan-cortes","category-photoblogs","category-imagenes","category-instantzz","category-contenidos","tag-albert-sanz","tag-albert-sanz-trio","tag-barcelona","tag-fotoblog","tag-galeria-fotografica","tag-instantzz-2","tag-jamboree","tag-jazz","tag-joan-cortes","tag-jorge-rossy","tag-masa-kamaguchi","tag-photoblog","tag-toma-jazz","tag-tomajazz","tag-tomajazz-toma-jazz"],"jetpack_featured_media_url":"https:\/\/tomajazz.com\/web\/wp-content\/uploads\/2015\/10\/08_lbrt-Snz-tr-\u00a9Joan-Cort\u00e8s_04set15_Jmbr_Bcn.jpg","jetpack_likes_enabled":true,"jetpack_sharing_enabled":true,"jetpack-related-posts":[{"id":104557,"url":"https:\/\/tomajazz.com\/web\/russ-lossing-mood-trio-jamboree-2026\/","url_meta":{"origin":20337,"position":0},"title":"Russ Lossing Mood Trio (Jamboree-01, 2026-02-18 \/ Barcelona) Por Joan Cort\u00e8s [INSTANTZZ AKA Galer\u00eda fotogr\u00e1fica AKA Fotoblog de jazz, impro\u2026 y algo m\u00e1s]","author":"Tomajazz","date":"24 marzo, 2026","format":false,"excerpt":"Russ Lossing Mood Trio actu\u00f3 en Jamboree el 18 de febrero de 2025. Joan Cort\u00e8s lo retrata en INSTANTZZ. Russ Lossing Mood Trio son Russ Lossing, Masa Kamaguchi, Dayeon Seok","rel":"","context":"En \u00abINSTANTZZ\u00bb","block_context":{"text":"INSTANTZZ","link":"https:\/\/tomajazz.com\/web\/category\/contenidos\/imagenes\/photoblogs\/instantzz\/"},"img":{"alt_text":"Russ Lossing Mood Trio (Jamboree-01, 2026-02-18 \/ Barcelona) Por Joan Cort\u00e8s [INSTANTZZ AKA Galer\u00eda fotogr\u00e1fica AKA Fotoblog de jazz, impro\u2026 y algo m\u00e1s] - Tomajazz - Russ Lossing Mood Trio actu\u00f3 en Jamboree el 18 de febrero de 2025. Joan Cort\u00e8s lo retrata en INSTANTZZ. Russ Lossing Mood Trio son \nRuss Lossing, Masa Kamaguchi, Dayeon Seok","src":"https:\/\/i0.wp.com\/tomajazz.com\/web\/wp-content\/uploads\/2026\/03\/destacado-07-Rss-Lssng-Photo-by-Joan-Cortes-18fbr26-Jmbr-Bcn.jpg?resize=350%2C200&ssl=1","width":350,"height":200,"srcset":"https:\/\/i0.wp.com\/tomajazz.com\/web\/wp-content\/uploads\/2026\/03\/destacado-07-Rss-Lssng-Photo-by-Joan-Cortes-18fbr26-Jmbr-Bcn.jpg?resize=350%2C200&ssl=1 1x, https:\/\/i0.wp.com\/tomajazz.com\/web\/wp-content\/uploads\/2026\/03\/destacado-07-Rss-Lssng-Photo-by-Joan-Cortes-18fbr26-Jmbr-Bcn.jpg?resize=525%2C300&ssl=1 1.5x"},"classes":[]},{"id":102232,"url":"https:\/\/tomajazz.com\/web\/andre-marques-trio-jamboree-2025\/","url_meta":{"origin":20337,"position":1},"title":"Andr\u00e9 Marques Trio (Jamboree -sala 1-, 2025-11-07 \/ Barcelona) Por Joan Cort\u00e8s [INSTANTZZ AKA Galer\u00eda fotogr\u00e1fica AKA Fotoblog de jazz, impro\u2026 y algo m\u00e1s]","author":"Tomajazz","date":"27 noviembre, 2025","format":false,"excerpt":"Andr\u00e9 Marques Trio actu\u00f3 en Jamboree, el 7 de noviembre de 2025. Joan Cort\u00e8s lo retrata en INSTANTZZ. Actuaron Andr\u00e9 Marques, Marcel Bottaro, Fulvio Alberto Moraes","rel":"","context":"En \u00ab*_Joan Cort\u00e8s\u00bb","block_context":{"text":"*_Joan Cort\u00e8s","link":"https:\/\/tomajazz.com\/web\/category\/joan-cortes\/"},"img":{"alt_text":"Andr\u00e9 Marques Trio (Jamboree -sala 1-, 2025-11-07 \/ Barcelona) Por Joan Cort\u00e8s [INSTANTZZ AKA Galer\u00eda fotogr\u00e1fica AKA Fotoblog de jazz, impro\u2026 y algo m\u00e1s] - Tomajazz - Andr\u00e9 Marques Trio actu\u00f3 en Jamboree, el 7 de noviembre de 2025. Joan Cort\u00e8s lo retrata en INSTANTZZ. Actuaron Andr\u00e9 Marques, Marcel Bottaro, Fulvio Alberto Moraes\n","src":"https:\/\/i0.wp.com\/tomajazz.com\/web\/wp-content\/uploads\/2025\/11\/destacada-05-ndr-Mrqs-tr-%C2%A9Joan-Cortes-07nvm25-Jmbr-Bcn.jpg?resize=350%2C200&ssl=1","width":350,"height":200,"srcset":"https:\/\/i0.wp.com\/tomajazz.com\/web\/wp-content\/uploads\/2025\/11\/destacada-05-ndr-Mrqs-tr-%C2%A9Joan-Cortes-07nvm25-Jmbr-Bcn.jpg?resize=350%2C200&ssl=1 1x, https:\/\/i0.wp.com\/tomajazz.com\/web\/wp-content\/uploads\/2025\/11\/destacada-05-ndr-Mrqs-tr-%C2%A9Joan-Cortes-07nvm25-Jmbr-Bcn.jpg?resize=525%2C300&ssl=1 1.5x"},"classes":[]},{"id":102503,"url":"https:\/\/tomajazz.com\/web\/eddie-mejia-jamboree-2025\/","url_meta":{"origin":20337,"position":2},"title":"Eddie Mej\u00eda 4t \u201cPar\u00e9ntesis del Miedo\u201d (Jamboree -sala 1-, 2025-11-14 \/ Barcelona) Por Joan Cort\u00e8s [INSTANTZZ AKA Galer\u00eda fotogr\u00e1fica AKA Fotoblog de jazz, impro\u2026 y algo m\u00e1s]","author":"Tomajazz","date":"4 diciembre, 2025","format":false,"excerpt":"Eddie Mej\u00eda 4t present\u00f3 \u201cPar\u00e9ntesis del Miedo\u201d en Jamboree, Barcelona, el 14 de noviembre de 2025. Joan Cort\u00e8s lo retrata en INSTANTZZ. Actuaron Eddie Mej\u00eda, Bill McHenry, Masa Kamaguchi, Ramon Prats, Magda Garre","rel":"","context":"En \u00ab*_Joan Cort\u00e8s\u00bb","block_context":{"text":"*_Joan Cort\u00e8s","link":"https:\/\/tomajazz.com\/web\/category\/joan-cortes\/"},"img":{"alt_text":"Eddie Mej\u00eda 4t \u201cPar\u00e9ntesis del Miedo\u201d (Jamboree -sala 1-, 2025-11-14 \/ Barcelona) Por Joan Cort\u00e8s [INSTANTZZ AKA Galer\u00eda fotogr\u00e1fica AKA Fotoblog de jazz, impro\u2026 y algo m\u00e1s] - Tomajazz - Eddie Mej\u00eda 4t present\u00f3 \u201cPar\u00e9ntesis del Miedo\u201d en Jamboree, Barcelona, el 14 de noviembre de 2025. Joan Cort\u00e8s lo retrata en INSTANTZZ. Actuaron Eddie Mej\u00eda, Bill McHenry, Masa Kamaguchi, Ramon Prats, Magda Garre\n","src":"https:\/\/i0.wp.com\/tomajazz.com\/web\/wp-content\/uploads\/2025\/12\/destacado-02-dd-Mj-4t-Photo-By-Joan-Cortes-14nov25-Jmbrr.jpg?resize=350%2C200&ssl=1","width":350,"height":200,"srcset":"https:\/\/i0.wp.com\/tomajazz.com\/web\/wp-content\/uploads\/2025\/12\/destacado-02-dd-Mj-4t-Photo-By-Joan-Cortes-14nov25-Jmbrr.jpg?resize=350%2C200&ssl=1 1x, https:\/\/i0.wp.com\/tomajazz.com\/web\/wp-content\/uploads\/2025\/12\/destacado-02-dd-Mj-4t-Photo-By-Joan-Cortes-14nov25-Jmbrr.jpg?resize=525%2C300&ssl=1 1.5x"},"classes":[]},{"id":103216,"url":"https:\/\/tomajazz.com\/web\/manon-mullener-trio-jamboree-2025\/","url_meta":{"origin":20337,"position":3},"title":"Manon Mullener Trio (Jamboree, 2025-11-26 \/ Barcelona) Por Joan Cort\u00e8s [INSTANTZZ AKA Galer\u00eda fotogr\u00e1fica AKA Fotoblog de jazz, impro\u2026 y algo m\u00e1s]","author":"Tomajazz","date":"8 enero, 2026","format":false,"excerpt":"Manon Mullener Trio actu\u00f3 en Jamboree, Barcelona, el 26 de noviembre de 2025. Joan Cort\u00e8s lo retrata en INSTANTZZ. Actuaron Manon Mullener, Rodrigo Aravena, Lucien Mullener, Yuri Hern\u00e1ndez","rel":"","context":"En \u00ab*_Joan Cort\u00e8s\u00bb","block_context":{"text":"*_Joan Cort\u00e8s","link":"https:\/\/tomajazz.com\/web\/category\/joan-cortes\/"},"img":{"alt_text":"Manon Mullener Trio (Jamboree, 2025-11-26 \/ Barcelona) Por Joan Cort\u00e8s [INSTANTZZ AKA Galer\u00eda fotogr\u00e1fica AKA Fotoblog de jazz, impro\u2026 y algo m\u00e1s] - Tomajazz - Manon Mullener Trio actu\u00f3 en Jamboree, Barcelona, el 26 de noviembre de 2025. Joan Cort\u00e8s lo retrata en INSTANTZZ. Actuaron Manon Mullener, Rodrigo Aravena, Lucien Mullener, Yuri Hern\u00e1ndez\n","src":"https:\/\/i0.wp.com\/tomajazz.com\/web\/wp-content\/uploads\/2026\/01\/destacado-08-Mnn-Mllnr-Photo-by-Joan-Cortes-26nvm25-Jmbrr-Bcn.jpg?resize=350%2C200&ssl=1","width":350,"height":200,"srcset":"https:\/\/i0.wp.com\/tomajazz.com\/web\/wp-content\/uploads\/2026\/01\/destacado-08-Mnn-Mllnr-Photo-by-Joan-Cortes-26nvm25-Jmbrr-Bcn.jpg?resize=350%2C200&ssl=1 1x, https:\/\/i0.wp.com\/tomajazz.com\/web\/wp-content\/uploads\/2026\/01\/destacado-08-Mnn-Mllnr-Photo-by-Joan-Cortes-26nvm25-Jmbrr-Bcn.jpg?resize=525%2C300&ssl=1 1.5x"},"classes":[]},{"id":104948,"url":"https:\/\/tomajazz.com\/web\/rale-micic-trio-jamboree-2026\/","url_meta":{"origin":20337,"position":4},"title":"Rale Micic Trio (Jamboree-01, 2026-03-03 \/ Barcelona) Por Joan Cort\u00e8s [INSTANTZZ AKA Galer\u00eda fotogr\u00e1fica AKA Fotoblog de jazz, impro\u2026 y algo m\u00e1s]","author":"Tomajazz","date":"18 abril, 2026","format":false,"excerpt":"Rale Micic Trio actu\u00f3 en Jamboree, Barceloa, el 3 de marzo de 2026. Joan Cort\u00e8s lo retrata en INSTANTZZ. Rale Micic Trio son Rale Micic, Ugonna Okegwo, E.J. Strickland","rel":"","context":"En \u00ab*_Joan Cort\u00e8s\u00bb","block_context":{"text":"*_Joan Cort\u00e8s","link":"https:\/\/tomajazz.com\/web\/category\/joan-cortes\/"},"img":{"alt_text":"Rale Micic Trio (Jamboree-01, 2026-03-03 \/ Barcelona) Por Joan Cort\u00e8s [INSTANTZZ AKA Galer\u00eda fotogr\u00e1fica AKA Fotoblog de jazz, impro\u2026 y algo m\u00e1s] - Tomajazz - Rale Micic Trio actu\u00f3 en Jamboree, Barceloa, el 3 de marzo de 2026. Joan Cort\u00e8s lo retrata en INSTANTZZ. Rale Micic Trio son Rale Micic, Ugonna Okegwo, E.J. Strickland\n","src":"https:\/\/i0.wp.com\/tomajazz.com\/web\/wp-content\/uploads\/2026\/04\/destacada-10-Rl-Mcc-Tr-Photo-By-Joan-Cortes-03mrc26-Jmbr-Bcn.jpg?resize=350%2C200&ssl=1","width":350,"height":200,"srcset":"https:\/\/i0.wp.com\/tomajazz.com\/web\/wp-content\/uploads\/2026\/04\/destacada-10-Rl-Mcc-Tr-Photo-By-Joan-Cortes-03mrc26-Jmbr-Bcn.jpg?resize=350%2C200&ssl=1 1x, https:\/\/i0.wp.com\/tomajazz.com\/web\/wp-content\/uploads\/2026\/04\/destacada-10-Rl-Mcc-Tr-Photo-By-Joan-Cortes-03mrc26-Jmbr-Bcn.jpg?resize=525%2C300&ssl=1 1.5x"},"classes":[]},{"id":103144,"url":"https:\/\/tomajazz.com\/web\/paul-cornish-trio-barcelona-2025\/","url_meta":{"origin":20337,"position":5},"title":"Paul Cornish Trio \u201cYou\u2019re Exaggerating!\u201d (57\u00e8 Festival de Jazz de Barcelona \/ Jamboree, 2025-11-24 \/ Barcelona) [04] Por Joan Cort\u00e8s [INSTANTZZ AKA Galer\u00eda fotogr\u00e1fica AKA Fotoblog de jazz, impro\u2026 y algo m\u00e1s]","author":"Tomajazz","date":"1 enero, 2026","format":false,"excerpt":"Paul Cornish Trio \u201cYou\u2019re Exaggerating!\u201d actu\u00f3 en el 57\u00e8 Festival de Jazz de Barcelona, en Jamboree, el 24 de noviembre de 2025. Joan Cort\u00e8s lo retrata en INSTANTZZ. Actuaron Paul Cornish, Jermaine Paul, Jonathan Pinson","rel":"","context":"En \u00ab57 Festival de Jazz de Barcelona 2025\u00bb","block_context":{"text":"57 Festival de Jazz de Barcelona 2025","link":"https:\/\/tomajazz.com\/web\/category\/contenidos\/especial-contenidos\/57-festival-de-jazz-de-barcelona-2025\/"},"img":{"alt_text":"Paul Cornish Trio \u201cYou\u2019re Exaggerating!\u201d (57\u00e8 Festival de Jazz de Barcelona \/ Jamboree, 2025-11-24 \/ Barcelona) [04] Por Joan Cort\u00e8s [INSTANTZZ AKA Galer\u00eda fotogr\u00e1fica AKA Fotoblog de jazz, impro\u2026 y algo m\u00e1s] - Tomajazz - Paul Cornish Trio \u201cYou\u2019re Exaggerating!\u201d actu\u00f3 en el 57\u00e8 Festival de Jazz de Barcelona, en Jamboree, el 24 de noviembre de 2025. Joan Cort\u00e8s lo retrata en INSTANTZZ. Actuaron Paul Cornish, Jermaine Paul, Jonathan Pinson\n","src":"https:\/\/i0.wp.com\/tomajazz.com\/web\/wp-content\/uploads\/2025\/12\/destacada-08-Pl-Crnsh-Tr-Photo-By-Joan-Cortes-24nvm25-CdL-59FJBcn.jpg?resize=350%2C200&ssl=1","width":350,"height":200,"srcset":"https:\/\/i0.wp.com\/tomajazz.com\/web\/wp-content\/uploads\/2025\/12\/destacada-08-Pl-Crnsh-Tr-Photo-By-Joan-Cortes-24nvm25-CdL-59FJBcn.jpg?resize=350%2C200&ssl=1 1x, https:\/\/i0.wp.com\/tomajazz.com\/web\/wp-content\/uploads\/2025\/12\/destacada-08-Pl-Crnsh-Tr-Photo-By-Joan-Cortes-24nvm25-CdL-59FJBcn.jpg?resize=525%2C300&ssl=1 1.5x"},"classes":[]}],"_links":{"self":[{"href":"https:\/\/tomajazz.com\/web\/wp-json\/wp\/v2\/posts\/20337","targetHints":{"allow":["GET"]}}],"collection":[{"href":"https:\/\/tomajazz.com\/web\/wp-json\/wp\/v2\/posts"}],"about":[{"href":"https:\/\/tomajazz.com\/web\/wp-json\/wp\/v2\/types\/post"}],"author":[{"embeddable":true,"href":"https:\/\/tomajazz.com\/web\/wp-json\/wp\/v2\/users\/1"}],"replies":[{"embeddable":true,"href":"https:\/\/tomajazz.com\/web\/wp-json\/wp\/v2\/comments?post=20337"}],"version-history":[{"count":2,"href":"https:\/\/tomajazz.com\/web\/wp-json\/wp\/v2\/posts\/20337\/revisions"}],"predecessor-version":[{"id":20358,"href":"https:\/\/tomajazz.com\/web\/wp-json\/wp\/v2\/posts\/20337\/revisions\/20358"}],"wp:featuredmedia":[{"embeddable":true,"href":"https:\/\/tomajazz.com\/web\/wp-json\/wp\/v2\/media\/20345"}],"wp:attachment":[{"href":"https:\/\/tomajazz.com\/web\/wp-json\/wp\/v2\/media?parent=20337"}],"wp:term":[{"taxonomy":"category","embeddable":true,"href":"https:\/\/tomajazz.com\/web\/wp-json\/wp\/v2\/categories?post=20337"},{"taxonomy":"post_tag","embeddable":true,"href":"https:\/\/tomajazz.com\/web\/wp-json\/wp\/v2\/tags?post=20337"}],"curies":[{"name":"wp","href":"https:\/\/api.w.org\/{rel}","templated":true}]}}