{"id":20506,"date":"2015-10-26T10:15:38","date_gmt":"2015-10-26T09:15:38","guid":{"rendered":"http:\/\/www.tomajazz.com\/web\/?p=20506"},"modified":"2016-11-13T19:05:31","modified_gmt":"2016-11-13T18:05:31","slug":"tomajazz-recomienda-un-cd-duets-richard-fairhust-john-taylor-2015","status":"publish","type":"post","link":"https:\/\/tomajazz.com\/web\/tomajazz-recomienda-un-cd-duets-richard-fairhust-john-taylor-2015\/","title":{"rendered":"Tomajazz recomienda\u2026 un CD: Duets (Richard Fairhust &#038; John Taylor, 2015)"},"content":{"rendered":"<p style=\"text-align: justify;\"><img loading=\"lazy\" decoding=\"async\" class=\"alignleft size-medium wp-image-20507\" src=\"http:\/\/www.tomajazz.com\/web\/wp-content\/uploads\/2015\/10\/Richard-Fairhurst-John-Taylor_duets_Basho-200x180.jpg\" alt=\"Richard Fairhurst - John Taylor_duets_Basho\" width=\"200\" height=\"180\" title=\"\" srcset=\"https:\/\/tomajazz.com\/web\/wp-content\/uploads\/2015\/10\/Richard-Fairhurst-John-Taylor_duets_Basho-200x180.jpg 200w, https:\/\/tomajazz.com\/web\/wp-content\/uploads\/2015\/10\/Richard-Fairhurst-John-Taylor_duets_Basho-150x135.jpg 150w, https:\/\/tomajazz.com\/web\/wp-content\/uploads\/2015\/10\/Richard-Fairhurst-John-Taylor_duets_Basho-600x540.jpg 600w, https:\/\/tomajazz.com\/web\/wp-content\/uploads\/2015\/10\/Richard-Fairhurst-John-Taylor_duets_Basho-61x55.jpg 61w, https:\/\/tomajazz.com\/web\/wp-content\/uploads\/2015\/10\/Richard-Fairhurst-John-Taylor_duets_Basho.jpg 700w\" sizes=\"auto, (max-width: 200px) 100vw, 200px\" \/>Se plante\u00f3 como un homenaje a <strong>Kenny Wheeler<\/strong>, <strong>Pete Saberton<\/strong> y <strong>Bill Evans<\/strong>. Acab\u00f3 siendo el lindo testamento de uno de los m\u00fasicos m\u00e1s impresionantes del Viejo Continente: <strong>John Taylor<\/strong>. A d\u00fao con <strong>Richard Fairhurst<\/strong>, tambi\u00e9n pianista y tambi\u00e9n ingl\u00e9s, aunque tres d\u00e9cadas m\u00e1s joven, Taylor nos regala sus \u00faltimos suspiros en forma de grabaci\u00f3n. Una grabaci\u00f3n que encuentra a ambos int\u00e9rpretes comunicando (y comunic\u00e1ndose) con fluidez, tejiendo un manto de estrellas que se convierten en gotas de agua cristalina y tintinean al entrar en contacto con una superficie de infinitas texturas. A veces rom\u00e1nticos, a veces alegres, ora melanc\u00f3licos ora tan libres que las gotas se alinean en \u00e1ngulos imposibles para volver a un estado de paz que, en el caso de John Taylor, ya es eterna.<\/p>\n<p style=\"text-align: right;\">\u00a9 Adolphus van Tenzing, 2015<\/p>\n<p>Richard Fairhurst &amp; John Taylor:\u00a0<em>Duets <\/em>(Basho 49-2)<\/p>\n","protected":false},"excerpt":{"rendered":"<p>Se plante\u00f3 como un homenaje a Kenny Wheeler, Pete Saberton y Bill Evans. Acab\u00f3 siendo el lindo testamento de uno de los m\u00fasicos m\u00e1s impresionantes del Viejo Continente: John Taylor. A d\u00fao con Richard Fairhurst, tambi\u00e9n pianista y tambi\u00e9n ingl\u00e9s, aunque tres d\u00e9cadas m\u00e1s joven, Taylor nos regala sus \u00faltimos<span class=\"more-link\"><a href=\"https:\/\/tomajazz.com\/web\/tomajazz-recomienda-un-cd-duets-richard-fairhust-john-taylor-2015\/\">Contin\u00faa leyendo<\/a><\/span><\/p>\n","protected":false},"author":1,"featured_media":20507,"comment_status":"open","ping_status":"closed","sticky":false,"template":"","format":"standard","meta":{"jetpack_post_was_ever_published":false,"_jetpack_newsletter_access":"","_jetpack_dont_email_post_to_subs":true,"_jetpack_newsletter_tier_id":0,"_jetpack_memberships_contains_paywalled_content":false,"_jetpack_memberships_contains_paid_content":false,"footnotes":""},"categories":[17860,5,1038,1273],"tags":[12651,12696,13,12415,15295,16099,77,16100],"class_list":["entry","author-pachi","post-20506","post","type-post","status-publish","format-standard","has-post-thumbnail","category-adolphus-van-tenzing","category-grabaciones","category-contenidos","category-tomajazz-recomienda","tag-cd","tag-grabaciones","tag-jazz","tag-jazz-en-espana","tag-jazz-en-espanol","tag-toma-jazz","tag-tomajazz","tag-tomajazz-toma-jazz"],"jetpack_featured_media_url":"https:\/\/tomajazz.com\/web\/wp-content\/uploads\/2015\/10\/Richard-Fairhurst-John-Taylor_duets_Basho.jpg","jetpack_likes_enabled":true,"jetpack_sharing_enabled":true,"jetpack-related-posts":[{"id":101751,"url":"https:\/\/tomajazz.com\/web\/chad-taylor-smoke-shifter-2025\/","url_meta":{"origin":20506,"position":0},"title":"Chad Taylor: Smoke Shifter (Otherly Love Records; 2025) Por Pachi Tapiz [Grabaci\u00f3n de jazz]","author":"Tomajazz","date":"14 noviembre, 2025","format":false,"excerpt":"Smoke Shifter (Otherly Love Records; 2025) es lo nuevo del baterista Chad Taylor. Pachi Tapiz repasa la grabaci\u00f3n. Con Chad Taylor, Jonathan Finlayson, Bryan Rogers, Victor Vieira-Branco, Matt Engle","rel":"","context":"En \u00abGrabaciones...\u00bb","block_context":{"text":"Grabaciones...","link":"https:\/\/tomajazz.com\/web\/category\/contenidos\/textos\/grabaciones\/"},"img":{"alt_text":"Chad Taylor: Smoke Shifter (Otherly Love Records; 2025) Por Pachi Tapiz [Grabaci\u00f3n de jazz] - Tomajazz - Smoke Shifter (Otherly Love Records; 2025) es lo nuevo del baterista Chad Taylor. Pachi Tapiz repasa la grabaci\u00f3n. Con Chad Taylor, Jonathan Finlayson, Bryan Rogers, Victor Vieira-Branco, Matt Engle","src":"https:\/\/i0.wp.com\/tomajazz.com\/web\/wp-content\/uploads\/2025\/11\/Chad-Taylor-Smoke-Shifter-Otherly-Love-Records-2025-Tomajazz.jpg?resize=350%2C200&ssl=1","width":350,"height":200,"srcset":"https:\/\/i0.wp.com\/tomajazz.com\/web\/wp-content\/uploads\/2025\/11\/Chad-Taylor-Smoke-Shifter-Otherly-Love-Records-2025-Tomajazz.jpg?resize=350%2C200&ssl=1 1x, https:\/\/i0.wp.com\/tomajazz.com\/web\/wp-content\/uploads\/2025\/11\/Chad-Taylor-Smoke-Shifter-Otherly-Love-Records-2025-Tomajazz.jpg?resize=525%2C300&ssl=1 1.5x, https:\/\/i0.wp.com\/tomajazz.com\/web\/wp-content\/uploads\/2025\/11\/Chad-Taylor-Smoke-Shifter-Otherly-Love-Records-2025-Tomajazz.jpg?resize=700%2C400&ssl=1 2x"},"classes":[]},{"id":101631,"url":"https:\/\/tomajazz.com\/web\/cecil-taylor-flashing-spirits-2025\/","url_meta":{"origin":20506,"position":1},"title":"Cecil Taylor &#8211; Tony Oxley: Flashing Spirits (Burning Ambulance Music; 1988 publicado en 2025) Por Pachi Tapiz [Grabaci\u00f3n de jazz]","author":"Tomajazz","date":"10 noviembre, 2025","format":false,"excerpt":"Flashing Spirits es una grabaci\u00f3n in\u00e9dita de Cecil Taylor - Tony Oxley publicada por Burning Ambulance Music en 2025. Pachi Tapiz repasa la grabaci\u00f3n","rel":"","context":"En \u00abGrabaciones...\u00bb","block_context":{"text":"Grabaciones...","link":"https:\/\/tomajazz.com\/web\/category\/contenidos\/textos\/grabaciones\/"},"img":{"alt_text":"Cecil Taylor - Tony Oxley: Flashing Spirits (Burning Ambulance Music; 1988 publicado en 2025) Por Pachi Tapiz [Grabaci\u00f3n de jazz] - Tomajazz - Flashing Spirits es una grabaci\u00f3n in\u00e9dita de Cecil Taylor - Tony Oxley publicada por Burning Ambulance Music en 2025. Pachi Tapiz repasa la grabaci\u00f3n","src":"https:\/\/i0.wp.com\/tomajazz.com\/web\/wp-content\/uploads\/2025\/11\/Cecil-Taylor-Tony-Oxley-Flashing-Spirits-Burning-Ambulance-Music-1988-publicado-en-2025-Tomajazz.jpg?resize=350%2C200&ssl=1","width":350,"height":200,"srcset":"https:\/\/i0.wp.com\/tomajazz.com\/web\/wp-content\/uploads\/2025\/11\/Cecil-Taylor-Tony-Oxley-Flashing-Spirits-Burning-Ambulance-Music-1988-publicado-en-2025-Tomajazz.jpg?resize=350%2C200&ssl=1 1x, https:\/\/i0.wp.com\/tomajazz.com\/web\/wp-content\/uploads\/2025\/11\/Cecil-Taylor-Tony-Oxley-Flashing-Spirits-Burning-Ambulance-Music-1988-publicado-en-2025-Tomajazz.jpg?resize=525%2C300&ssl=1 1.5x, https:\/\/i0.wp.com\/tomajazz.com\/web\/wp-content\/uploads\/2025\/11\/Cecil-Taylor-Tony-Oxley-Flashing-Spirits-Burning-Ambulance-Music-1988-publicado-en-2025-Tomajazz.jpg?resize=700%2C400&ssl=1 2x"},"classes":[]},{"id":102403,"url":"https:\/\/tomajazz.com\/web\/joachim-kuhn-echappee-2025\/","url_meta":{"origin":20506,"position":2},"title":"Joachim K\u00fchn: \u00c9chapp\u00e9e (Intakt Records; 2025) Por Carlos Lara [Grabaci\u00f3n de jazz]","author":"Tomajazz","date":"1 diciembre, 2025","format":false,"excerpt":"\u00c9chapp\u00e9e (Intakt Records; 2025) es la nueva grabaci\u00f3n en solitario de Joachim K\u00fchn. Carlos Lara repasa la grabaci\u00f3n","rel":"","context":"En \u00abGrabaciones...\u00bb","block_context":{"text":"Grabaciones...","link":"https:\/\/tomajazz.com\/web\/category\/contenidos\/textos\/grabaciones\/"},"img":{"alt_text":"Joachim K\u00fchn: \u00c9chapp\u00e9e (Intakt Records; 2025) Por Carlos Lara [Grabaci\u00f3n de jazz] - Tomajazz - \u00c9chapp\u00e9e (Intakt Records; 2025) es la nueva grabaci\u00f3n en solitario de Joachim K\u00fchn. Carlos Lara repasa la grabaci\u00f3n","src":"https:\/\/i0.wp.com\/tomajazz.com\/web\/wp-content\/uploads\/2025\/11\/Joachim-Kuhn-Echappee-Intakt-Records-2025-Tomajazz.jpg?resize=350%2C200&ssl=1","width":350,"height":200,"srcset":"https:\/\/i0.wp.com\/tomajazz.com\/web\/wp-content\/uploads\/2025\/11\/Joachim-Kuhn-Echappee-Intakt-Records-2025-Tomajazz.jpg?resize=350%2C200&ssl=1 1x, https:\/\/i0.wp.com\/tomajazz.com\/web\/wp-content\/uploads\/2025\/11\/Joachim-Kuhn-Echappee-Intakt-Records-2025-Tomajazz.jpg?resize=525%2C300&ssl=1 1.5x, https:\/\/i0.wp.com\/tomajazz.com\/web\/wp-content\/uploads\/2025\/11\/Joachim-Kuhn-Echappee-Intakt-Records-2025-Tomajazz.jpg?resize=700%2C400&ssl=1 2x, https:\/\/i0.wp.com\/tomajazz.com\/web\/wp-content\/uploads\/2025\/11\/Joachim-Kuhn-Echappee-Intakt-Records-2025-Tomajazz.jpg?resize=1050%2C600&ssl=1 3x, https:\/\/i0.wp.com\/tomajazz.com\/web\/wp-content\/uploads\/2025\/11\/Joachim-Kuhn-Echappee-Intakt-Records-2025-Tomajazz.jpg?resize=1400%2C800&ssl=1 4x"},"classes":[]},{"id":101300,"url":"https:\/\/tomajazz.com\/web\/james-brandon-lewis-apple-cores-2025\/","url_meta":{"origin":20506,"position":3},"title":"James Brandon Lewis: Apple Cores (Anti-Records; 2025) Por Carlos Lara [Grabaci\u00f3n de jazz]","author":"Tomajazz","date":"3 noviembre, 2025","format":false,"excerpt":"Apple Cores (Anti-Records; 2025) es una grabaci\u00f3n de James Brandon Lewis publicada hace unos meses. Carlos Lara repasa la grabaci\u00f3n. Con James Brandon Lewis, Josh Werner, Chad Taylor, Guilherme Monteiro, Stephane San Juan","rel":"","context":"En \u00abGrabaciones...\u00bb","block_context":{"text":"Grabaciones...","link":"https:\/\/tomajazz.com\/web\/category\/contenidos\/textos\/grabaciones\/"},"img":{"alt_text":"James Brandon Lewis: Apple Cores (Anti-Records; 2025) Por Carlos Lara [Grabaci\u00f3n de jazz] - Tomajazz - Apple Cores (Anti-Records; 2025) es una grabaci\u00f3n de James Brandon Lewis publicada hace unos meses. Carlos Lara repasa la grabaci\u00f3n. Con James Brandon Lewis, Josh Werner, Chad Taylor, Guilherme Monteiro, Stephane San Juan\n","src":"https:\/\/i0.wp.com\/tomajazz.com\/web\/wp-content\/uploads\/2025\/11\/James-Brandon-Lewis-Apple-Cores-Anti-Records-2025-Tomajazz.jpg?resize=350%2C200&ssl=1","width":350,"height":200,"srcset":"https:\/\/i0.wp.com\/tomajazz.com\/web\/wp-content\/uploads\/2025\/11\/James-Brandon-Lewis-Apple-Cores-Anti-Records-2025-Tomajazz.jpg?resize=350%2C200&ssl=1 1x, https:\/\/i0.wp.com\/tomajazz.com\/web\/wp-content\/uploads\/2025\/11\/James-Brandon-Lewis-Apple-Cores-Anti-Records-2025-Tomajazz.jpg?resize=525%2C300&ssl=1 1.5x, https:\/\/i0.wp.com\/tomajazz.com\/web\/wp-content\/uploads\/2025\/11\/James-Brandon-Lewis-Apple-Cores-Anti-Records-2025-Tomajazz.jpg?resize=700%2C400&ssl=1 2x"},"classes":[]},{"id":101881,"url":"https:\/\/tomajazz.com\/web\/martin-taylor-ulf-wakenius-jazzmadrid-2025\/","url_meta":{"origin":20506,"position":4},"title":"Martin Taylor &#038; Ulf Wakenius (Festival Internacional JazzMadrid 2025, Centro Centro, Madrid. 2025-11-15) Por Enrique Farelo [Concierto de jazz]","author":"Tomajazz","date":"18 noviembre, 2025","format":false,"excerpt":"Martin Taylor & Ulf Wakenius actuaron en el Festival Internacional JazzMadrid 2025, el 15 de noviembre de 2025. Enrique Farelo lo relata y retrata","rel":"","context":"En \u00abFestival Internacional JazzMadrid 2025\u00bb","block_context":{"text":"Festival Internacional JazzMadrid 2025","link":"https:\/\/tomajazz.com\/web\/category\/contenidos\/especial-contenidos\/festival-internacional-jazzmadrid-2025\/"},"img":{"alt_text":"Martin Taylor & Ulf Wakenius (Festival Internacional JazzMadrid 2025, Centro Centro, Madrid. 2025-11-15) Por Enrique Farelo [Concierto de jazz] - Tomajazz - Martin Taylor & Ulf Wakenius actuaron en el Festival Internacional JazzMadrid 2025, el 15 de noviembre de 2025. Enrique Farelo lo relata y retrata","src":"https:\/\/i0.wp.com\/tomajazz.com\/web\/wp-content\/uploads\/2025\/11\/destacada-Martin-Taylor-2.jpg?resize=350%2C200&ssl=1","width":350,"height":200,"srcset":"https:\/\/i0.wp.com\/tomajazz.com\/web\/wp-content\/uploads\/2025\/11\/destacada-Martin-Taylor-2.jpg?resize=350%2C200&ssl=1 1x, https:\/\/i0.wp.com\/tomajazz.com\/web\/wp-content\/uploads\/2025\/11\/destacada-Martin-Taylor-2.jpg?resize=525%2C300&ssl=1 1.5x, https:\/\/i0.wp.com\/tomajazz.com\/web\/wp-content\/uploads\/2025\/11\/destacada-Martin-Taylor-2.jpg?resize=700%2C400&ssl=1 2x"},"classes":[]},{"id":104979,"url":"https:\/\/tomajazz.com\/web\/dave-holland-vital-spark-2026\/","url_meta":{"origin":20506,"position":5},"title":"Dave Holland: Vital Spark (Music of Kenny Wheeler) (Edition Records, 2026) Por Carlos Lara [Grabaci\u00f3n de jazz]","author":"Tomajazz","date":"20 abril, 2026","format":false,"excerpt":"Vital Spark (Music of Kenny Wheeler) (Edition Records, 2026) es la nueva grabaci\u00f3n de Dave Holland. Carlos Lara repasa la grabaci\u00f3n. Con Norma Winstone, Mark Lockheart, John Parricelli, Nikki Iles, Dave Holland, James Maddren, The London Vocal Project","rel":"","context":"En \u00abGrabaciones...\u00bb","block_context":{"text":"Grabaciones...","link":"https:\/\/tomajazz.com\/web\/category\/contenidos\/textos\/grabaciones\/"},"img":{"alt_text":"Dave Holland: Vital Spark (Music of Kenny Wheeler) (Edition Records, 2026) Por Carlos Lara [Grabaci\u00f3n de jazz] - Tomajazz - Vital Spark (Music of Kenny Wheeler) (Edition Records, 2026) es la nueva grabaci\u00f3n de Dave Holland. Carlos Lara repasa la grabaci\u00f3n. Con Norma Winstone, Mark Lockheart, John Parricelli, Nikki Iles, Dave Holland, James Maddren, The London Vocal Project \n","src":"https:\/\/i0.wp.com\/tomajazz.com\/web\/wp-content\/uploads\/2026\/04\/Dave-Holland-Vital-Spark-Music-of-Kenny-Wheeler-Edition-Records-2026.jpg?resize=350%2C200&ssl=1","width":350,"height":200,"srcset":"https:\/\/i0.wp.com\/tomajazz.com\/web\/wp-content\/uploads\/2026\/04\/Dave-Holland-Vital-Spark-Music-of-Kenny-Wheeler-Edition-Records-2026.jpg?resize=350%2C200&ssl=1 1x, https:\/\/i0.wp.com\/tomajazz.com\/web\/wp-content\/uploads\/2026\/04\/Dave-Holland-Vital-Spark-Music-of-Kenny-Wheeler-Edition-Records-2026.jpg?resize=525%2C300&ssl=1 1.5x, https:\/\/i0.wp.com\/tomajazz.com\/web\/wp-content\/uploads\/2026\/04\/Dave-Holland-Vital-Spark-Music-of-Kenny-Wheeler-Edition-Records-2026.jpg?resize=700%2C400&ssl=1 2x"},"classes":[]}],"_links":{"self":[{"href":"https:\/\/tomajazz.com\/web\/wp-json\/wp\/v2\/posts\/20506","targetHints":{"allow":["GET"]}}],"collection":[{"href":"https:\/\/tomajazz.com\/web\/wp-json\/wp\/v2\/posts"}],"about":[{"href":"https:\/\/tomajazz.com\/web\/wp-json\/wp\/v2\/types\/post"}],"author":[{"embeddable":true,"href":"https:\/\/tomajazz.com\/web\/wp-json\/wp\/v2\/users\/1"}],"replies":[{"embeddable":true,"href":"https:\/\/tomajazz.com\/web\/wp-json\/wp\/v2\/comments?post=20506"}],"version-history":[{"count":1,"href":"https:\/\/tomajazz.com\/web\/wp-json\/wp\/v2\/posts\/20506\/revisions"}],"predecessor-version":[{"id":20508,"href":"https:\/\/tomajazz.com\/web\/wp-json\/wp\/v2\/posts\/20506\/revisions\/20508"}],"wp:featuredmedia":[{"embeddable":true,"href":"https:\/\/tomajazz.com\/web\/wp-json\/wp\/v2\/media\/20507"}],"wp:attachment":[{"href":"https:\/\/tomajazz.com\/web\/wp-json\/wp\/v2\/media?parent=20506"}],"wp:term":[{"taxonomy":"category","embeddable":true,"href":"https:\/\/tomajazz.com\/web\/wp-json\/wp\/v2\/categories?post=20506"},{"taxonomy":"post_tag","embeddable":true,"href":"https:\/\/tomajazz.com\/web\/wp-json\/wp\/v2\/tags?post=20506"}],"curies":[{"name":"wp","href":"https:\/\/api.w.org\/{rel}","templated":true}]}}