{"id":21103,"date":"2015-12-03T11:00:55","date_gmt":"2015-12-03T10:00:55","guid":{"rendered":"http:\/\/www.tomajazz.com\/web\/?p=21103"},"modified":"2016-11-13T16:30:05","modified_gmt":"2016-11-13T15:30:05","slug":"instantzz-jef-neve-solo-tour-jamboree-barcelona-2015-10-24","status":"publish","type":"post","link":"https:\/\/tomajazz.com\/web\/instantzz-jef-neve-solo-tour-jamboree-barcelona-2015-10-24\/","title":{"rendered":"INSTANTZZ: Jef Neve \u201cSolo Tour\u201d (Jamboree, Barcelona. 2015-10-24)"},"content":{"rendered":"<ul>\n<li>Fecha: S\u00e1bado, 24 de octubre de 2015<\/li>\n<li>Lugar: Jamboree (Barcelona)<\/li>\n<li>Componentes:<br \/>\nJef Neve, piano<\/li>\n<\/ul>\n<p style=\"text-align: center;\"><img loading=\"lazy\" decoding=\"async\" class=\"aligncenter size-large wp-image-21104\" src=\"http:\/\/www.tomajazz.com\/web\/wp-content\/uploads\/2015\/11\/01_Jf-Nv-Sl-Tr-\u00a9Joan-Cort\u00e8s_24oct15_IIIJJCF_Jmbr_Bcn-600x399.jpg\" alt=\"01_Jf Nv Sl Tr (\u00a9Joan  Cort\u00e8s)_24oct15_IIIJJCF_Jmbr_Bcn\" width=\"600\" height=\"399\" title=\"\" srcset=\"https:\/\/tomajazz.com\/web\/wp-content\/uploads\/2015\/11\/01_Jf-Nv-Sl-Tr-\u00a9Joan-Cort\u00e8s_24oct15_IIIJJCF_Jmbr_Bcn.jpg 600w, https:\/\/tomajazz.com\/web\/wp-content\/uploads\/2015\/11\/01_Jf-Nv-Sl-Tr-\u00a9Joan-Cort\u00e8s_24oct15_IIIJJCF_Jmbr_Bcn-150x100.jpg 150w, https:\/\/tomajazz.com\/web\/wp-content\/uploads\/2015\/11\/01_Jf-Nv-Sl-Tr-\u00a9Joan-Cort\u00e8s_24oct15_IIIJJCF_Jmbr_Bcn-200x133.jpg 200w, https:\/\/tomajazz.com\/web\/wp-content\/uploads\/2015\/11\/01_Jf-Nv-Sl-Tr-\u00a9Joan-Cort\u00e8s_24oct15_IIIJJCF_Jmbr_Bcn-83x55.jpg 83w, https:\/\/tomajazz.com\/web\/wp-content\/uploads\/2015\/11\/01_Jf-Nv-Sl-Tr-\u00a9Joan-Cort\u00e8s_24oct15_IIIJJCF_Jmbr_Bcn-60x40.jpg 60w, https:\/\/tomajazz.com\/web\/wp-content\/uploads\/2015\/11\/01_Jf-Nv-Sl-Tr-\u00a9Joan-Cort\u00e8s_24oct15_IIIJJCF_Jmbr_Bcn-120x80.jpg 120w\" sizes=\"auto, (max-width: 600px) 100vw, 600px\" \/><\/p>\n<p style=\"text-align: center;\"><img loading=\"lazy\" decoding=\"async\" class=\"aligncenter size-large wp-image-21105\" src=\"http:\/\/www.tomajazz.com\/web\/wp-content\/uploads\/2015\/11\/02_Jf-Nv-Sl-Tr-\u00a9Joan-Cort\u00e8s_24oct15_IIIJJCF_Jmbr_Bcn-399x600.jpg\" alt=\"02_Jf Nv Sl Tr (\u00a9Joan  Cort\u00e8s)_24oct15_IIIJJCF_Jmbr_Bcn\" width=\"399\" height=\"600\" title=\"\" srcset=\"https:\/\/tomajazz.com\/web\/wp-content\/uploads\/2015\/11\/02_Jf-Nv-Sl-Tr-\u00a9Joan-Cort\u00e8s_24oct15_IIIJJCF_Jmbr_Bcn.jpg 399w, https:\/\/tomajazz.com\/web\/wp-content\/uploads\/2015\/11\/02_Jf-Nv-Sl-Tr-\u00a9Joan-Cort\u00e8s_24oct15_IIIJJCF_Jmbr_Bcn-100x150.jpg 100w, https:\/\/tomajazz.com\/web\/wp-content\/uploads\/2015\/11\/02_Jf-Nv-Sl-Tr-\u00a9Joan-Cort\u00e8s_24oct15_IIIJJCF_Jmbr_Bcn-200x300.jpg 200w, https:\/\/tomajazz.com\/web\/wp-content\/uploads\/2015\/11\/02_Jf-Nv-Sl-Tr-\u00a9Joan-Cort\u00e8s_24oct15_IIIJJCF_Jmbr_Bcn-37x55.jpg 37w\" sizes=\"auto, (max-width: 399px) 100vw, 399px\" \/><\/p>\n<p style=\"text-align: center;\"><img loading=\"lazy\" decoding=\"async\" class=\"aligncenter size-large wp-image-21106\" src=\"http:\/\/www.tomajazz.com\/web\/wp-content\/uploads\/2015\/11\/03_Jf-Nv-Sl-Tr-\u00a9Joan-Cort\u00e8s_24oct15_IIIJJCF_Jmbr_Bcn-399x600.jpg\" alt=\"03_Jf Nv Sl Tr (\u00a9Joan  Cort\u00e8s)_24oct15_IIIJJCF_Jmbr_Bcn\" width=\"399\" height=\"600\" title=\"\" srcset=\"https:\/\/tomajazz.com\/web\/wp-content\/uploads\/2015\/11\/03_Jf-Nv-Sl-Tr-\u00a9Joan-Cort\u00e8s_24oct15_IIIJJCF_Jmbr_Bcn.jpg 399w, https:\/\/tomajazz.com\/web\/wp-content\/uploads\/2015\/11\/03_Jf-Nv-Sl-Tr-\u00a9Joan-Cort\u00e8s_24oct15_IIIJJCF_Jmbr_Bcn-100x150.jpg 100w, https:\/\/tomajazz.com\/web\/wp-content\/uploads\/2015\/11\/03_Jf-Nv-Sl-Tr-\u00a9Joan-Cort\u00e8s_24oct15_IIIJJCF_Jmbr_Bcn-200x300.jpg 200w, https:\/\/tomajazz.com\/web\/wp-content\/uploads\/2015\/11\/03_Jf-Nv-Sl-Tr-\u00a9Joan-Cort\u00e8s_24oct15_IIIJJCF_Jmbr_Bcn-37x55.jpg 37w\" sizes=\"auto, (max-width: 399px) 100vw, 399px\" \/><\/p>\n<p style=\"text-align: center;\"><img loading=\"lazy\" decoding=\"async\" class=\"aligncenter size-large wp-image-21107\" src=\"http:\/\/www.tomajazz.com\/web\/wp-content\/uploads\/2015\/11\/04_Jf-Nv-Sl-Tr-\u00a9Joan-Cort\u00e8s_24oct15_IIIJJCF_Jmbr_Bcn-399x600.jpg\" alt=\"04_Jf Nv Sl Tr (\u00a9Joan  Cort\u00e8s)_24oct15_IIIJJCF_Jmbr_Bcn\" width=\"399\" height=\"600\" title=\"\" srcset=\"https:\/\/tomajazz.com\/web\/wp-content\/uploads\/2015\/11\/04_Jf-Nv-Sl-Tr-\u00a9Joan-Cort\u00e8s_24oct15_IIIJJCF_Jmbr_Bcn.jpg 399w, https:\/\/tomajazz.com\/web\/wp-content\/uploads\/2015\/11\/04_Jf-Nv-Sl-Tr-\u00a9Joan-Cort\u00e8s_24oct15_IIIJJCF_Jmbr_Bcn-100x150.jpg 100w, https:\/\/tomajazz.com\/web\/wp-content\/uploads\/2015\/11\/04_Jf-Nv-Sl-Tr-\u00a9Joan-Cort\u00e8s_24oct15_IIIJJCF_Jmbr_Bcn-200x300.jpg 200w, https:\/\/tomajazz.com\/web\/wp-content\/uploads\/2015\/11\/04_Jf-Nv-Sl-Tr-\u00a9Joan-Cort\u00e8s_24oct15_IIIJJCF_Jmbr_Bcn-37x55.jpg 37w\" sizes=\"auto, (max-width: 399px) 100vw, 399px\" \/><\/p>\n<p style=\"text-align: center;\"><img loading=\"lazy\" decoding=\"async\" class=\"aligncenter size-large wp-image-21108\" src=\"http:\/\/www.tomajazz.com\/web\/wp-content\/uploads\/2015\/11\/05_Jf-Nv-Sl-Tr-\u00a9Joan-Cort\u00e8s_24oct15_IIIJJCF_Jmbr_Bcn-600x399.jpg\" alt=\"05_Jf Nv Sl Tr (\u00a9Joan  Cort\u00e8s)_24oct15_IIIJJCF_Jmbr_Bcn\" width=\"600\" height=\"399\" title=\"\" srcset=\"https:\/\/tomajazz.com\/web\/wp-content\/uploads\/2015\/11\/05_Jf-Nv-Sl-Tr-\u00a9Joan-Cort\u00e8s_24oct15_IIIJJCF_Jmbr_Bcn.jpg 600w, https:\/\/tomajazz.com\/web\/wp-content\/uploads\/2015\/11\/05_Jf-Nv-Sl-Tr-\u00a9Joan-Cort\u00e8s_24oct15_IIIJJCF_Jmbr_Bcn-150x100.jpg 150w, https:\/\/tomajazz.com\/web\/wp-content\/uploads\/2015\/11\/05_Jf-Nv-Sl-Tr-\u00a9Joan-Cort\u00e8s_24oct15_IIIJJCF_Jmbr_Bcn-200x133.jpg 200w, https:\/\/tomajazz.com\/web\/wp-content\/uploads\/2015\/11\/05_Jf-Nv-Sl-Tr-\u00a9Joan-Cort\u00e8s_24oct15_IIIJJCF_Jmbr_Bcn-83x55.jpg 83w, https:\/\/tomajazz.com\/web\/wp-content\/uploads\/2015\/11\/05_Jf-Nv-Sl-Tr-\u00a9Joan-Cort\u00e8s_24oct15_IIIJJCF_Jmbr_Bcn-60x40.jpg 60w, https:\/\/tomajazz.com\/web\/wp-content\/uploads\/2015\/11\/05_Jf-Nv-Sl-Tr-\u00a9Joan-Cort\u00e8s_24oct15_IIIJJCF_Jmbr_Bcn-120x80.jpg 120w\" sizes=\"auto, (max-width: 600px) 100vw, 600px\" \/><\/p>\n<p style=\"text-align: center;\"><img loading=\"lazy\" decoding=\"async\" class=\"aligncenter size-large wp-image-21109\" src=\"http:\/\/www.tomajazz.com\/web\/wp-content\/uploads\/2015\/11\/06_Jf-Nv-Sl-Tr-\u00a9Joan-Cort\u00e8s_24oct15_IIIJJCF_Jmbr_Bcn-600x399.jpg\" alt=\"06_Jf Nv Sl Tr (\u00a9Joan  Cort\u00e8s)_24oct15_IIIJJCF_Jmbr_Bcn\" width=\"600\" height=\"399\" title=\"\" srcset=\"https:\/\/tomajazz.com\/web\/wp-content\/uploads\/2015\/11\/06_Jf-Nv-Sl-Tr-\u00a9Joan-Cort\u00e8s_24oct15_IIIJJCF_Jmbr_Bcn.jpg 600w, https:\/\/tomajazz.com\/web\/wp-content\/uploads\/2015\/11\/06_Jf-Nv-Sl-Tr-\u00a9Joan-Cort\u00e8s_24oct15_IIIJJCF_Jmbr_Bcn-150x100.jpg 150w, https:\/\/tomajazz.com\/web\/wp-content\/uploads\/2015\/11\/06_Jf-Nv-Sl-Tr-\u00a9Joan-Cort\u00e8s_24oct15_IIIJJCF_Jmbr_Bcn-200x133.jpg 200w, https:\/\/tomajazz.com\/web\/wp-content\/uploads\/2015\/11\/06_Jf-Nv-Sl-Tr-\u00a9Joan-Cort\u00e8s_24oct15_IIIJJCF_Jmbr_Bcn-83x55.jpg 83w, https:\/\/tomajazz.com\/web\/wp-content\/uploads\/2015\/11\/06_Jf-Nv-Sl-Tr-\u00a9Joan-Cort\u00e8s_24oct15_IIIJJCF_Jmbr_Bcn-60x40.jpg 60w, https:\/\/tomajazz.com\/web\/wp-content\/uploads\/2015\/11\/06_Jf-Nv-Sl-Tr-\u00a9Joan-Cort\u00e8s_24oct15_IIIJJCF_Jmbr_Bcn-120x80.jpg 120w\" sizes=\"auto, (max-width: 600px) 100vw, 600px\" \/><\/p>\n<p style=\"text-align: center;\"><img loading=\"lazy\" decoding=\"async\" class=\"aligncenter size-large wp-image-21110\" src=\"http:\/\/www.tomajazz.com\/web\/wp-content\/uploads\/2015\/11\/07_Jf-Nv-Sl-Tr-\u00a9Joan-Cort\u00e8s_24oct15_IIIJJCF_Jmbr_Bcn-600x399.jpg\" alt=\"07_Jf Nv Sl Tr (\u00a9Joan  Cort\u00e8s)_24oct15_IIIJJCF_Jmbr_Bcn\" width=\"600\" height=\"399\" title=\"\" srcset=\"https:\/\/tomajazz.com\/web\/wp-content\/uploads\/2015\/11\/07_Jf-Nv-Sl-Tr-\u00a9Joan-Cort\u00e8s_24oct15_IIIJJCF_Jmbr_Bcn.jpg 600w, https:\/\/tomajazz.com\/web\/wp-content\/uploads\/2015\/11\/07_Jf-Nv-Sl-Tr-\u00a9Joan-Cort\u00e8s_24oct15_IIIJJCF_Jmbr_Bcn-150x100.jpg 150w, https:\/\/tomajazz.com\/web\/wp-content\/uploads\/2015\/11\/07_Jf-Nv-Sl-Tr-\u00a9Joan-Cort\u00e8s_24oct15_IIIJJCF_Jmbr_Bcn-200x133.jpg 200w, https:\/\/tomajazz.com\/web\/wp-content\/uploads\/2015\/11\/07_Jf-Nv-Sl-Tr-\u00a9Joan-Cort\u00e8s_24oct15_IIIJJCF_Jmbr_Bcn-83x55.jpg 83w, https:\/\/tomajazz.com\/web\/wp-content\/uploads\/2015\/11\/07_Jf-Nv-Sl-Tr-\u00a9Joan-Cort\u00e8s_24oct15_IIIJJCF_Jmbr_Bcn-60x40.jpg 60w, https:\/\/tomajazz.com\/web\/wp-content\/uploads\/2015\/11\/07_Jf-Nv-Sl-Tr-\u00a9Joan-Cort\u00e8s_24oct15_IIIJJCF_Jmbr_Bcn-120x80.jpg 120w\" sizes=\"auto, (max-width: 600px) 100vw, 600px\" \/><\/p>\n<p style=\"text-align: center;\"><img loading=\"lazy\" decoding=\"async\" class=\"aligncenter size-large wp-image-21111\" src=\"http:\/\/www.tomajazz.com\/web\/wp-content\/uploads\/2015\/11\/08_Jf-Nv-Sl-Tr-\u00a9Joan-Cort\u00e8s_24oct15_IIIJJCF_Jmbr_Bcn-600x399.jpg\" alt=\"08_Jf Nv Sl Tr (\u00a9Joan  Cort\u00e8s)_24oct15_IIIJJCF_Jmbr_Bcn\" width=\"600\" height=\"399\" title=\"\" srcset=\"https:\/\/tomajazz.com\/web\/wp-content\/uploads\/2015\/11\/08_Jf-Nv-Sl-Tr-\u00a9Joan-Cort\u00e8s_24oct15_IIIJJCF_Jmbr_Bcn.jpg 600w, https:\/\/tomajazz.com\/web\/wp-content\/uploads\/2015\/11\/08_Jf-Nv-Sl-Tr-\u00a9Joan-Cort\u00e8s_24oct15_IIIJJCF_Jmbr_Bcn-150x100.jpg 150w, https:\/\/tomajazz.com\/web\/wp-content\/uploads\/2015\/11\/08_Jf-Nv-Sl-Tr-\u00a9Joan-Cort\u00e8s_24oct15_IIIJJCF_Jmbr_Bcn-200x133.jpg 200w, https:\/\/tomajazz.com\/web\/wp-content\/uploads\/2015\/11\/08_Jf-Nv-Sl-Tr-\u00a9Joan-Cort\u00e8s_24oct15_IIIJJCF_Jmbr_Bcn-83x55.jpg 83w, https:\/\/tomajazz.com\/web\/wp-content\/uploads\/2015\/11\/08_Jf-Nv-Sl-Tr-\u00a9Joan-Cort\u00e8s_24oct15_IIIJJCF_Jmbr_Bcn-60x40.jpg 60w, https:\/\/tomajazz.com\/web\/wp-content\/uploads\/2015\/11\/08_Jf-Nv-Sl-Tr-\u00a9Joan-Cort\u00e8s_24oct15_IIIJJCF_Jmbr_Bcn-120x80.jpg 120w\" sizes=\"auto, (max-width: 600px) 100vw, 600px\" \/><\/p>\n<p style=\"text-align: center;\"><img loading=\"lazy\" decoding=\"async\" class=\"aligncenter size-large wp-image-21112\" src=\"http:\/\/www.tomajazz.com\/web\/wp-content\/uploads\/2015\/11\/09_Jf-Nv-Sl-Tr-\u00a9Joan-Cort\u00e8s_24oct15_IIIJJCF_Jmbr_Bcn-399x600.jpg\" alt=\"09_Jf Nv Sl Tr (\u00a9Joan  Cort\u00e8s)_24oct15_IIIJJCF_Jmbr_Bcn\" width=\"399\" height=\"600\" title=\"\" srcset=\"https:\/\/tomajazz.com\/web\/wp-content\/uploads\/2015\/11\/09_Jf-Nv-Sl-Tr-\u00a9Joan-Cort\u00e8s_24oct15_IIIJJCF_Jmbr_Bcn.jpg 399w, https:\/\/tomajazz.com\/web\/wp-content\/uploads\/2015\/11\/09_Jf-Nv-Sl-Tr-\u00a9Joan-Cort\u00e8s_24oct15_IIIJJCF_Jmbr_Bcn-100x150.jpg 100w, https:\/\/tomajazz.com\/web\/wp-content\/uploads\/2015\/11\/09_Jf-Nv-Sl-Tr-\u00a9Joan-Cort\u00e8s_24oct15_IIIJJCF_Jmbr_Bcn-200x300.jpg 200w, https:\/\/tomajazz.com\/web\/wp-content\/uploads\/2015\/11\/09_Jf-Nv-Sl-Tr-\u00a9Joan-Cort\u00e8s_24oct15_IIIJJCF_Jmbr_Bcn-37x55.jpg 37w\" sizes=\"auto, (max-width: 399px) 100vw, 399px\" \/><\/p>\n<p style=\"text-align: right;\">\u00a9 Joan Cort\u00e8s, 2015<\/p>\n","protected":false},"excerpt":{"rendered":"<p>Fecha: S\u00e1bado, 24 de octubre de 2015 Lugar: Jamboree (Barcelona) Componentes: Jef Neve, piano \u00a9 Joan Cort\u00e8s, 2015<span class=\"more-link\"><a href=\"https:\/\/tomajazz.com\/web\/instantzz-jef-neve-solo-tour-jamboree-barcelona-2015-10-24\/\">Contin\u00faa leyendo<\/a><\/span><\/p>\n","protected":false},"author":1,"featured_media":21111,"comment_status":"open","ping_status":"closed","sticky":false,"template":"","format":"image","meta":{"jetpack_post_was_ever_published":false,"_jetpack_newsletter_access":"","_jetpack_dont_email_post_to_subs":true,"_jetpack_newsletter_tier_id":0,"_jetpack_memberships_contains_paywalled_content":false,"_jetpack_memberships_contains_paid_content":false,"footnotes":""},"categories":[17853,11262,15516,11261,1038],"tags":[1125,12656,15275,11263,1046,13,5443,1041,12657,16099,77,16100],"class_list":["entry","author-pachi","post-21103","post","type-post","status-publish","format-image","has-post-thumbnail","category-joan-cortes","category-photoblogs","category-imagenes","category-instantzz","category-contenidos","tag-barcelona","tag-fotoblog","tag-galeria-fotografica","tag-instantzz-2","tag-jamboree","tag-jazz","tag-jef-neve","tag-joan-cortes","tag-photoblog","tag-toma-jazz","tag-tomajazz","tag-tomajazz-toma-jazz"],"jetpack_featured_media_url":"https:\/\/tomajazz.com\/web\/wp-content\/uploads\/2015\/11\/08_Jf-Nv-Sl-Tr-\u00a9Joan-Cort\u00e8s_24oct15_IIIJJCF_Jmbr_Bcn.jpg","jetpack_likes_enabled":true,"jetpack_sharing_enabled":true,"jetpack-related-posts":[{"id":103903,"url":"https:\/\/tomajazz.com\/web\/diego-amador-ebano-marfil-jamboree-2025\/","url_meta":{"origin":21103,"position":0},"title":"Diego Amador \u201c\u00c9bano &#038; Marfil\u201d (Jamboree-03, 2025-12-12 \/ Barcelona) Por Joan Cort\u00e8s [Flamencuras AKA INSTANTZZ AKA Galer\u00eda fotogr\u00e1fica AKA Fotoblog de jazz, impro\u2026 y algo m\u00e1s]","author":"Tomajazz","date":"7 febrero, 2026","format":false,"excerpt":"Diego Amador \u201c\u00c9bano & Marfil\u201d actu\u00f3 en Jamboree el 12 de diciembre de 2025. Joan Cort\u00e8s lo retrata en las Flamencuras de INSTANTZZ","rel":"","context":"En \u00abFlamencuras\u00bb","block_context":{"text":"Flamencuras","link":"https:\/\/tomajazz.com\/web\/category\/contenidos\/imagenes\/photoblogs\/flamencuras\/"},"img":{"alt_text":"Diego Amador \u201c\u00c9bano & Marfil\u201d (Jamboree-03, 2025-12-12 \/ Barcelona) Por Joan Cort\u00e8s [Flamencuras AKA INSTANTZZ AKA Galer\u00eda fotogr\u00e1fica AKA Fotoblog de jazz, impro\u2026 y algo m\u00e1s] - Tomajazz - Diego Amador \u201c\u00c9bano & Marfil\u201d actu\u00f3 en Jamboree el 12 de diciembre de 2025. Joan Cort\u00e8s lo retrata en las Flamencuras de INSTANTZZ","src":"https:\/\/i0.wp.com\/tomajazz.com\/web\/wp-content\/uploads\/2026\/02\/destacada-06-Dg-mdr-Photo-by-Joan-Cortes-12dsm25-Jmbr-03-Bcn.jpg?resize=350%2C200&ssl=1","width":350,"height":200,"srcset":"https:\/\/i0.wp.com\/tomajazz.com\/web\/wp-content\/uploads\/2026\/02\/destacada-06-Dg-mdr-Photo-by-Joan-Cortes-12dsm25-Jmbr-03-Bcn.jpg?resize=350%2C200&ssl=1 1x, https:\/\/i0.wp.com\/tomajazz.com\/web\/wp-content\/uploads\/2026\/02\/destacada-06-Dg-mdr-Photo-by-Joan-Cortes-12dsm25-Jmbr-03-Bcn.jpg?resize=525%2C300&ssl=1 1.5x"},"classes":[]},{"id":103584,"url":"https:\/\/tomajazz.com\/web\/marcin-masecki-jamboree-2025\/","url_meta":{"origin":21103,"position":1},"title":"Marcin Masecki \u201cBoleros y m\u00e1s\u201d (Jamboree, 2025-12-03 \/ Barcelona) Por Joan Cort\u00e8s [INSTANTZZ AKA Galer\u00eda fotogr\u00e1fica AKA Fotoblog de jazz, impro\u2026 y algo m\u00e1s]","author":"Tomajazz","date":"20 enero, 2026","format":false,"excerpt":"Marcin Masecki \u201cBoleros y m\u00e1s\u201d actu\u00f3 en Jamboree, el 3 de diciembre de 2025. Joan Cort\u00e8s lo retrata en INSTANTZZ. Actuaron Marcin Masecki, Jerzy Rogiewicz, Filip Botor","rel":"","context":"En \u00abINSTANTZZ\u00bb","block_context":{"text":"INSTANTZZ","link":"https:\/\/tomajazz.com\/web\/category\/contenidos\/imagenes\/photoblogs\/instantzz\/"},"img":{"alt_text":"Marcin Masecki \u201cBoleros y m\u00e1s\u201d (Jamboree, 2025-12-03 \/ Barcelona) Por Joan Cort\u00e8s [INSTANTZZ AKA Galer\u00eda fotogr\u00e1fica AKA Fotoblog de jazz, impro\u2026 y algo m\u00e1s] - Tomajazz - Marcin Masecki \u201cBoleros y m\u00e1s\u201d actu\u00f3 en Jamboree, el 3 de diciembre de 2025. Joan Cort\u00e8s lo retrata en INSTANTZZ. Actuaron Marcin Masecki, Jerzy Rogiewicz, Filip Botor\n","src":"https:\/\/i0.wp.com\/tomajazz.com\/web\/wp-content\/uploads\/2026\/01\/destacada-09-Mrcn-Msck-Tr-Photo-By-Joan-Cortes-03dsm25-Jmbr-Bcn.jpg?resize=350%2C200&ssl=1","width":350,"height":200,"srcset":"https:\/\/i0.wp.com\/tomajazz.com\/web\/wp-content\/uploads\/2026\/01\/destacada-09-Mrcn-Msck-Tr-Photo-By-Joan-Cortes-03dsm25-Jmbr-Bcn.jpg?resize=350%2C200&ssl=1 1x, https:\/\/i0.wp.com\/tomajazz.com\/web\/wp-content\/uploads\/2026\/01\/destacada-09-Mrcn-Msck-Tr-Photo-By-Joan-Cortes-03dsm25-Jmbr-Bcn.jpg?resize=525%2C300&ssl=1 1.5x"},"classes":[]},{"id":104591,"url":"https:\/\/tomajazz.com\/web\/marco-mezquida-25cdj-2026\/","url_meta":{"origin":21103,"position":2},"title":"Marco Mezquida (25 aniversario Club de Jazz \/ Jamboree-01, 2026-02-14 \/ Barcelona) [y III] Por Joan Cort\u00e8s [INSTANTZZ AKA Galer\u00eda fotogr\u00e1fica AKA Fotoblog de jazz, impro\u2026 y algo m\u00e1s]","author":"Tomajazz","date":"26 marzo, 2026","format":false,"excerpt":"Marco Mezquida actu\u00f3 en Jamboree en la celebraci\u00f3n CDJ25, el 14 de febrero de 2026. Joan Cort\u00e8s lo retrata en INSTANTZZ","rel":"","context":"En \u00abINSTANTZZ\u00bb","block_context":{"text":"INSTANTZZ","link":"https:\/\/tomajazz.com\/web\/category\/contenidos\/imagenes\/photoblogs\/instantzz\/"},"img":{"alt_text":"Marco Mezquida (25 aniversario Club de Jazz \/ Jamboree-01, 2026-02-14 \/ Barcelona) [y III] Por Joan Cort\u00e8s [INSTANTZZ AKA Galer\u00eda fotogr\u00e1fica AKA Fotoblog de jazz, impro\u2026 y algo m\u00e1s] - Tomajazz - Marco Mezquida actu\u00f3 en Jamboree en la celebraci\u00f3n CDJ25, el 14 de febrero de 2026. Joan Cort\u00e8s lo retrata en INSTANTZZ","src":"https:\/\/i0.wp.com\/tomajazz.com\/web\/wp-content\/uploads\/2026\/03\/destacada-10-Mrc-Mzqd-Photo-by-Joan-Cortes-14fbr26-25CdJ-Jmbrr01-Bcn-.jpg?resize=350%2C200&ssl=1","width":350,"height":200,"srcset":"https:\/\/i0.wp.com\/tomajazz.com\/web\/wp-content\/uploads\/2026\/03\/destacada-10-Mrc-Mzqd-Photo-by-Joan-Cortes-14fbr26-25CdJ-Jmbrr01-Bcn-.jpg?resize=350%2C200&ssl=1 1x, https:\/\/i0.wp.com\/tomajazz.com\/web\/wp-content\/uploads\/2026\/03\/destacada-10-Mrc-Mzqd-Photo-by-Joan-Cortes-14fbr26-25CdJ-Jmbrr01-Bcn-.jpg?resize=525%2C300&ssl=1 1.5x"},"classes":[]},{"id":104436,"url":"https:\/\/tomajazz.com\/web\/juanma-trujillo-baldo-martinez-cdj25-2026\/","url_meta":{"origin":21103,"position":3},"title":"Juanma Trujillo &#038; Baldo Mart\u00ednez (25 aniversario Club de Jazz \/ Jamboree-01, 2026-02-14 \/ Barcelona) [I] Por Joan Cort\u00e8s [INSTANTZZ AKA Galer\u00eda fotogr\u00e1fica AKA Fotoblog de jazz, impro\u2026 y algo m\u00e1s]","author":"Tomajazz","date":"17 marzo, 2026","format":false,"excerpt":"Juanma Trujillo & Baldo Mart\u00ednez actuaron en Jamboree en el 25 aniversario de Club de Jazz. Joan Cort\u00e8s lo retrata en INSTANTZZ","rel":"","context":"En \u00ab*_Joan Cort\u00e8s\u00bb","block_context":{"text":"*_Joan Cort\u00e8s","link":"https:\/\/tomajazz.com\/web\/category\/joan-cortes\/"},"img":{"alt_text":"Juanma Trujillo & Baldo Mart\u00ednez (25 aniversario Club de Jazz \/ Jamboree-01, 2026-02-14 \/ Barcelona) [I] Por Joan Cort\u00e8s [INSTANTZZ AKA Galer\u00eda fotogr\u00e1fica AKA Fotoblog de jazz, impro\u2026 y algo m\u00e1s] - Tomajazz - Juanma Trujillo & Baldo Mart\u00ednez actuaron en Jamboree en el 25 aniversario de Club de Jazz. Joan Cort\u00e8s lo retrata en INSTANTZZ","src":"https:\/\/i0.wp.com\/tomajazz.com\/web\/wp-content\/uploads\/2026\/03\/destacada-11-Jnm-Trjll-Bld-Mrtnz-Photo-by-Joan-Cortes-14fbr26-25nCdJ-Jmbr01-Bcn.jpg?resize=350%2C200&ssl=1","width":350,"height":200,"srcset":"https:\/\/i0.wp.com\/tomajazz.com\/web\/wp-content\/uploads\/2026\/03\/destacada-11-Jnm-Trjll-Bld-Mrtnz-Photo-by-Joan-Cortes-14fbr26-25nCdJ-Jmbr01-Bcn.jpg?resize=350%2C200&ssl=1 1x, https:\/\/i0.wp.com\/tomajazz.com\/web\/wp-content\/uploads\/2026\/03\/destacada-11-Jnm-Trjll-Bld-Mrtnz-Photo-by-Joan-Cortes-14fbr26-25nCdJ-Jmbr01-Bcn.jpg?resize=525%2C300&ssl=1 1.5x"},"classes":[]},{"id":103144,"url":"https:\/\/tomajazz.com\/web\/paul-cornish-trio-barcelona-2025\/","url_meta":{"origin":21103,"position":4},"title":"Paul Cornish Trio \u201cYou\u2019re Exaggerating!\u201d (57\u00e8 Festival de Jazz de Barcelona \/ Jamboree, 2025-11-24 \/ Barcelona) [04] Por Joan Cort\u00e8s [INSTANTZZ AKA Galer\u00eda fotogr\u00e1fica AKA Fotoblog de jazz, impro\u2026 y algo m\u00e1s]","author":"Tomajazz","date":"1 enero, 2026","format":false,"excerpt":"Paul Cornish Trio \u201cYou\u2019re Exaggerating!\u201d actu\u00f3 en el 57\u00e8 Festival de Jazz de Barcelona, en Jamboree, el 24 de noviembre de 2025. Joan Cort\u00e8s lo retrata en INSTANTZZ. Actuaron Paul Cornish, Jermaine Paul, Jonathan Pinson","rel":"","context":"En \u00ab57 Festival de Jazz de Barcelona 2025\u00bb","block_context":{"text":"57 Festival de Jazz de Barcelona 2025","link":"https:\/\/tomajazz.com\/web\/category\/contenidos\/especial-contenidos\/57-festival-de-jazz-de-barcelona-2025\/"},"img":{"alt_text":"Paul Cornish Trio \u201cYou\u2019re Exaggerating!\u201d (57\u00e8 Festival de Jazz de Barcelona \/ Jamboree, 2025-11-24 \/ Barcelona) [04] Por Joan Cort\u00e8s [INSTANTZZ AKA Galer\u00eda fotogr\u00e1fica AKA Fotoblog de jazz, impro\u2026 y algo m\u00e1s] - Tomajazz - Paul Cornish Trio \u201cYou\u2019re Exaggerating!\u201d actu\u00f3 en el 57\u00e8 Festival de Jazz de Barcelona, en Jamboree, el 24 de noviembre de 2025. Joan Cort\u00e8s lo retrata en INSTANTZZ. Actuaron Paul Cornish, Jermaine Paul, Jonathan Pinson\n","src":"https:\/\/i0.wp.com\/tomajazz.com\/web\/wp-content\/uploads\/2025\/12\/destacada-08-Pl-Crnsh-Tr-Photo-By-Joan-Cortes-24nvm25-CdL-59FJBcn.jpg?resize=350%2C200&ssl=1","width":350,"height":200,"srcset":"https:\/\/i0.wp.com\/tomajazz.com\/web\/wp-content\/uploads\/2025\/12\/destacada-08-Pl-Crnsh-Tr-Photo-By-Joan-Cortes-24nvm25-CdL-59FJBcn.jpg?resize=350%2C200&ssl=1 1x, https:\/\/i0.wp.com\/tomajazz.com\/web\/wp-content\/uploads\/2025\/12\/destacada-08-Pl-Crnsh-Tr-Photo-By-Joan-Cortes-24nvm25-CdL-59FJBcn.jpg?resize=525%2C300&ssl=1 1.5x"},"classes":[]},{"id":104359,"url":"https:\/\/tomajazz.com\/web\/natsuko-sugao-ns-big-jamboree-2026\/","url_meta":{"origin":21103,"position":5},"title":"Natsuko Sugao NS Big Band \u201cImpermanencia de los asuntos\u201d (Jamboree-3, 2026-01-24 \/ Barcelona) Por Joan Cort\u00e8s [INSTANTZZ AKA Galer\u00eda fotogr\u00e1fica AKA Fotoblog de jazz, impro\u2026 y algo m\u00e1s]","author":"Tomajazz","date":"11 marzo, 2026","format":false,"excerpt":"Natsuko Sugao NS Big Band \u201cImpermanencia de los asuntos\u201d actu\u00f3 en Jamboree de Barcelona el 24 de enero de 2026. Joan Cort\u00e8s lo retrata en INSTANTZZ. Con Natsuko Sugao, Dani P\u00e9rez, Ester Quevedo, Gorka Ben\u00edtez, Jordi Santanach, Marcel\u2022l\u00ed Bayer, Marta Duran, Andreu Dom\u00e8nech, Maria Ant\u00f2nia Gili, \u00d2scar Latorre, Pol Padr\u00f3s,\u2026","rel":"","context":"En \u00ab*_Joan Cort\u00e8s\u00bb","block_context":{"text":"*_Joan Cort\u00e8s","link":"https:\/\/tomajazz.com\/web\/category\/joan-cortes\/"},"img":{"alt_text":"Natsuko Sugao NS Big Band \u201cImpermanencia de los asuntos\u201d (Jamboree-3, 2026-01-24 \/ Barcelona) Por Joan Cort\u00e8s [INSTANTZZ AKA Galer\u00eda fotogr\u00e1fica AKA Fotoblog de jazz, impro\u2026 y algo m\u00e1s] - Tomajazz - Natsuko Sugao NS Big Band \u201cImpermanencia de los asuntos\u201d actu\u00f3 en Jamboree de Barcelona el 24 de enero de 2026. Joan Cort\u00e8s lo retrata en INSTANTZZ. Con Natsuko Sugao, Dani P\u00e9rez, Ester Quevedo, Gorka Ben\u00edtez, Jordi Santanach, Marcel\u2022l\u00ed Bayer, Marta Duran, Andreu Dom\u00e8nech, Maria Ant\u00f2nia Gili, \u00d2scar Latorre, Pol Padr\u00f3s, Paco Fern\u00e1ndez, V\u00edctor Colomer,  Daniel Noguero, Aram Montagud,  Dar\u00edo Garc\u00eda,  Masa Kamaguchi, Andreu Pitarch","src":"https:\/\/i0.wp.com\/tomajazz.com\/web\/wp-content\/uploads\/2026\/03\/destacada-09-Ntsk-Sg-NS-BB-Photo-by-Joan-Cortes-24gnr26-Jmbr-3-Bcn.jpg?resize=350%2C200&ssl=1","width":350,"height":200,"srcset":"https:\/\/i0.wp.com\/tomajazz.com\/web\/wp-content\/uploads\/2026\/03\/destacada-09-Ntsk-Sg-NS-BB-Photo-by-Joan-Cortes-24gnr26-Jmbr-3-Bcn.jpg?resize=350%2C200&ssl=1 1x, https:\/\/i0.wp.com\/tomajazz.com\/web\/wp-content\/uploads\/2026\/03\/destacada-09-Ntsk-Sg-NS-BB-Photo-by-Joan-Cortes-24gnr26-Jmbr-3-Bcn.jpg?resize=525%2C300&ssl=1 1.5x"},"classes":[]}],"_links":{"self":[{"href":"https:\/\/tomajazz.com\/web\/wp-json\/wp\/v2\/posts\/21103","targetHints":{"allow":["GET"]}}],"collection":[{"href":"https:\/\/tomajazz.com\/web\/wp-json\/wp\/v2\/posts"}],"about":[{"href":"https:\/\/tomajazz.com\/web\/wp-json\/wp\/v2\/types\/post"}],"author":[{"embeddable":true,"href":"https:\/\/tomajazz.com\/web\/wp-json\/wp\/v2\/users\/1"}],"replies":[{"embeddable":true,"href":"https:\/\/tomajazz.com\/web\/wp-json\/wp\/v2\/comments?post=21103"}],"version-history":[{"count":1,"href":"https:\/\/tomajazz.com\/web\/wp-json\/wp\/v2\/posts\/21103\/revisions"}],"predecessor-version":[{"id":21113,"href":"https:\/\/tomajazz.com\/web\/wp-json\/wp\/v2\/posts\/21103\/revisions\/21113"}],"wp:featuredmedia":[{"embeddable":true,"href":"https:\/\/tomajazz.com\/web\/wp-json\/wp\/v2\/media\/21111"}],"wp:attachment":[{"href":"https:\/\/tomajazz.com\/web\/wp-json\/wp\/v2\/media?parent=21103"}],"wp:term":[{"taxonomy":"category","embeddable":true,"href":"https:\/\/tomajazz.com\/web\/wp-json\/wp\/v2\/categories?post=21103"},{"taxonomy":"post_tag","embeddable":true,"href":"https:\/\/tomajazz.com\/web\/wp-json\/wp\/v2\/tags?post=21103"}],"curies":[{"name":"wp","href":"https:\/\/api.w.org\/{rel}","templated":true}]}}