{"id":21205,"date":"2015-12-08T11:00:27","date_gmt":"2015-12-08T10:00:27","guid":{"rendered":"http:\/\/www.tomajazz.com\/web\/?p=21205"},"modified":"2016-11-13T21:49:50","modified_gmt":"2016-11-13T20:49:50","slug":"alina-records-al-habla-con-victor-sequi-entrevista-por-pachi-tapiz-hdo-0045-audioblog","status":"publish","type":"post","link":"https:\/\/tomajazz.com\/web\/alina-records-al-habla-con-victor-sequi-entrevista-por-pachi-tapiz-hdo-0045-audioblog\/","title":{"rendered":"La m\u00fasica libre de Alina Records. Al habla con V\u00edctor Sequ\u00ed. Entrevista por Pachi Tapiz. HDO (0045) [Audioblog]"},"content":{"rendered":"<p><center><img loading=\"lazy\" decoding=\"async\" src=\"http:\/\/www.tomajazz.com\/web\/wp-content\/uploads\/2015\/12\/logo-alina-records-600x321.jpg\" alt=\"logo alina records\" width=\"600\" height=\"321\" class=\"aligncenter size-large wp-image-21258\" title=\"\" srcset=\"https:\/\/tomajazz.com\/web\/wp-content\/uploads\/2015\/12\/logo-alina-records-600x321.jpg 600w, https:\/\/tomajazz.com\/web\/wp-content\/uploads\/2015\/12\/logo-alina-records-150x80.jpg 150w, https:\/\/tomajazz.com\/web\/wp-content\/uploads\/2015\/12\/logo-alina-records-200x107.jpg 200w, https:\/\/tomajazz.com\/web\/wp-content\/uploads\/2015\/12\/logo-alina-records-103x55.jpg 103w, https:\/\/tomajazz.com\/web\/wp-content\/uploads\/2015\/12\/logo-alina-records.jpg 1143w\" sizes=\"auto, (max-width: 600px) 100vw, 600px\" \/><\/center><br \/>\n<iframe id='audio_9625325' frameborder='0' allowfullscreen='' scrolling='no' height='200' src='http:\/\/www.ivoox.com\/player_ej_9625325_4_1.html?c1=050200' style='border:1px solid #EEE; box-sizing:border-box; width:100%;'><\/iframe><\/p>\n<p style=\"text-align: justify;\"><strong>V\u00edctor Sequ\u00ed<\/strong> es un baterista que adem\u00e1s de realizar su labor como improvisador integral,\u00a0est\u00e1 al frente de <strong>Alina<\/strong>, que seg\u00fan reza en su <a href=\"http:\/\/alinamusica.blogspot.com.es\/\" target=\"_blank\" rel=\"nofollow noopener\">p\u00e1gina web<\/a> \u00abes un proyecto de difusi\u00f3n de m\u00fasicas improvisadas y afines, compuesto por tres vertientes: conciertos, grabaciones musicales y editorial\u00bb. HDO dedica su entrega n\u00famero 45 a este proyecto musical, cuyas grabaciones se pueden descargar libremente. Durante la primera hora de programa se puede escuchar la charla &#8211; entrevista entre <strong>V\u00edctor Sequ\u00ed<\/strong> y <strong>Pachi Tapiz<\/strong>. En la segunda hora suena\u00a0una selecci\u00f3n de temas del cat\u00e1logo de <strong>Alina Records<\/strong>\u00a0elegidos y presentados\u00a0por V\u00edctor Sequ\u00ed, interpretados por <strong>No\u00ebl Akchot\u00e9<\/strong>, <strong>Richard Bonnet<\/strong>, <strong>Ricardo Marichal<\/strong>, <strong>Pablo Mart\u00edn Coble<\/strong>, <strong>Dolchi Tr\u00edo<\/strong>, <strong>Josep Lluis Galiana<\/strong>, <strong>V\u00edctor Sequ\u00ed<\/strong>, <strong>David Paredes<\/strong>, <strong>Marta Sainz<\/strong>, <strong>Fernando Lamas<\/strong> y <strong>Dennis Mateis<\/strong> entre otros.<\/p>\n<p style=\"text-align: right;\">\u00a9 Pachi Tapiz, 2015<\/p>\n<p><strong>HDO<\/strong> (Hablando de o\u00eddas) es un <em>audioblog<\/em> editado, presentado y producido por <strong>Pachi Tapiz<\/strong>.<\/p>\n<p><center><img loading=\"lazy\" decoding=\"async\" class=\"alignnone size-medium wp-image-21206\" src=\"http:\/\/www.tomajazz.com\/web\/wp-content\/uploads\/2015\/12\/Noel-Akchote_A-Way_Alina_2015-200x200.jpg\" alt=\"Noel Akchote_A Way_Alina_2015\" width=\"200\" height=\"200\" title=\"\" srcset=\"https:\/\/tomajazz.com\/web\/wp-content\/uploads\/2015\/12\/Noel-Akchote_A-Way_Alina_2015-200x200.jpg 200w, https:\/\/tomajazz.com\/web\/wp-content\/uploads\/2015\/12\/Noel-Akchote_A-Way_Alina_2015-150x150.jpg 150w, https:\/\/tomajazz.com\/web\/wp-content\/uploads\/2015\/12\/Noel-Akchote_A-Way_Alina_2015-55x55.jpg 55w, https:\/\/tomajazz.com\/web\/wp-content\/uploads\/2015\/12\/Noel-Akchote_A-Way_Alina_2015-50x50.jpg 50w, https:\/\/tomajazz.com\/web\/wp-content\/uploads\/2015\/12\/Noel-Akchote_A-Way_Alina_2015.jpg 320w\" sizes=\"auto, (max-width: 200px) 100vw, 200px\" \/><img loading=\"lazy\" decoding=\"async\" class=\"alignnone size-medium wp-image-21207\" src=\"http:\/\/www.tomajazz.com\/web\/wp-content\/uploads\/2015\/12\/Akchot\u00e9-Bonnet-Bazzola-Paredes_SKIES_guitar-tribute-for-Ornette-music_Alina-Records_2015-200x200.jpg\" alt=\"Akchot\u00e9-Bonnet-Bazzola-Paredes_SKIES_guitar tribute for Ornette music_Alina Records_2015\" width=\"200\" height=\"200\" title=\"\" srcset=\"https:\/\/tomajazz.com\/web\/wp-content\/uploads\/2015\/12\/Akchot\u00e9-Bonnet-Bazzola-Paredes_SKIES_guitar-tribute-for-Ornette-music_Alina-Records_2015-200x200.jpg 200w, https:\/\/tomajazz.com\/web\/wp-content\/uploads\/2015\/12\/Akchot\u00e9-Bonnet-Bazzola-Paredes_SKIES_guitar-tribute-for-Ornette-music_Alina-Records_2015-150x150.jpg 150w, https:\/\/tomajazz.com\/web\/wp-content\/uploads\/2015\/12\/Akchot\u00e9-Bonnet-Bazzola-Paredes_SKIES_guitar-tribute-for-Ornette-music_Alina-Records_2015-55x55.jpg 55w, https:\/\/tomajazz.com\/web\/wp-content\/uploads\/2015\/12\/Akchot\u00e9-Bonnet-Bazzola-Paredes_SKIES_guitar-tribute-for-Ornette-music_Alina-Records_2015-50x50.jpg 50w, https:\/\/tomajazz.com\/web\/wp-content\/uploads\/2015\/12\/Akchot\u00e9-Bonnet-Bazzola-Paredes_SKIES_guitar-tribute-for-Ornette-music_Alina-Records_2015.jpg 320w\" sizes=\"auto, (max-width: 200px) 100vw, 200px\" \/><img loading=\"lazy\" decoding=\"async\" class=\"alignnone wp-image-21208\" src=\"http:\/\/www.tomajazz.com\/web\/wp-content\/uploads\/2015\/12\/Ricardo-Marichal_Sadx_Alina-Records_2013-200x188.jpg\" alt=\"Ricardo Marichal_Sadx_Alina Records_2013\" width=\"200\" height=\"200\" title=\"\"><img loading=\"lazy\" decoding=\"async\" class=\"alignnone wp-image-21209\" src=\"http:\/\/www.tomajazz.com\/web\/wp-content\/uploads\/2015\/12\/Varios-autores_exomusic_alina-records_2014-200x182.jpg\" alt=\"Varios autores_exomusic_alina records_2014\" width=\"200\" height=\"200\" title=\"\"><img loading=\"lazy\" decoding=\"async\" class=\"alignnone size-medium wp-image-21210\" src=\"http:\/\/www.tomajazz.com\/web\/wp-content\/uploads\/2015\/12\/DolCHi-Tr\u00edo_Yeahhh_Alina-Records_2015-200x200.jpg\" alt=\"DolCHi Tr\u00edo_Yeahhh!!!!_Alina Records_2015\" width=\"200\" height=\"200\" title=\"\" srcset=\"https:\/\/tomajazz.com\/web\/wp-content\/uploads\/2015\/12\/DolCHi-Tr\u00edo_Yeahhh_Alina-Records_2015-200x200.jpg 200w, https:\/\/tomajazz.com\/web\/wp-content\/uploads\/2015\/12\/DolCHi-Tr\u00edo_Yeahhh_Alina-Records_2015-150x150.jpg 150w, https:\/\/tomajazz.com\/web\/wp-content\/uploads\/2015\/12\/DolCHi-Tr\u00edo_Yeahhh_Alina-Records_2015-55x55.jpg 55w, https:\/\/tomajazz.com\/web\/wp-content\/uploads\/2015\/12\/DolCHi-Tr\u00edo_Yeahhh_Alina-Records_2015-50x50.jpg 50w, https:\/\/tomajazz.com\/web\/wp-content\/uploads\/2015\/12\/DolCHi-Tr\u00edo_Yeahhh_Alina-Records_2015.jpg 320w\" sizes=\"auto, (max-width: 200px) 100vw, 200px\" \/><img loading=\"lazy\" decoding=\"async\" class=\"alignnone wp-image-21211 size-medium\" src=\"http:\/\/www.tomajazz.com\/web\/wp-content\/uploads\/2015\/12\/Josep-Llu\u00eds-Galiana-V\u00edctor-Sequ\u00ed_LLIMB_Alina-Records_2014-200x200.jpg\" alt=\"Josep Llu\u00eds Galiana - V\u00edctor Sequ\u00ed_LLIMB_Alina Records_2014\" width=\"200\" height=\"200\" title=\"\"><img loading=\"lazy\" decoding=\"async\" class=\"alignnone wp-image-21212\" src=\"http:\/\/www.tomajazz.com\/web\/wp-content\/uploads\/2015\/12\/David-Paredes_Marta-Sainz_8-Lieder_Alina-Records_2013-200x197.jpg\" alt=\"David Paredes_Marta Sainz_8 Lieder_Alina Records_2013\" width=\"203\" height=\"200\" title=\"\" srcset=\"https:\/\/tomajazz.com\/web\/wp-content\/uploads\/2015\/12\/David-Paredes_Marta-Sainz_8-Lieder_Alina-Records_2013-200x197.jpg 200w, https:\/\/tomajazz.com\/web\/wp-content\/uploads\/2015\/12\/David-Paredes_Marta-Sainz_8-Lieder_Alina-Records_2013-150x148.jpg 150w, https:\/\/tomajazz.com\/web\/wp-content\/uploads\/2015\/12\/David-Paredes_Marta-Sainz_8-Lieder_Alina-Records_2013-56x55.jpg 56w, https:\/\/tomajazz.com\/web\/wp-content\/uploads\/2015\/12\/David-Paredes_Marta-Sainz_8-Lieder_Alina-Records_2013-50x50.jpg 50w, https:\/\/tomajazz.com\/web\/wp-content\/uploads\/2015\/12\/David-Paredes_Marta-Sainz_8-Lieder_Alina-Records_2013.jpg 320w\" sizes=\"auto, (max-width: 203px) 100vw, 203px\" \/><img loading=\"lazy\" decoding=\"async\" class=\"alignnone size-medium wp-image-21213\" src=\"http:\/\/www.tomajazz.com\/web\/wp-content\/uploads\/2015\/12\/Dario-Dolci_Musica-vaciada_alina-records_2014-200x200.jpg\" alt=\"Dario Dolci_Musica vaciada_alina records_2014\" width=\"200\" height=\"200\" title=\"\" srcset=\"https:\/\/tomajazz.com\/web\/wp-content\/uploads\/2015\/12\/Dario-Dolci_Musica-vaciada_alina-records_2014-200x200.jpg 200w, https:\/\/tomajazz.com\/web\/wp-content\/uploads\/2015\/12\/Dario-Dolci_Musica-vaciada_alina-records_2014-150x150.jpg 150w, https:\/\/tomajazz.com\/web\/wp-content\/uploads\/2015\/12\/Dario-Dolci_Musica-vaciada_alina-records_2014-600x600.jpg 600w, https:\/\/tomajazz.com\/web\/wp-content\/uploads\/2015\/12\/Dario-Dolci_Musica-vaciada_alina-records_2014-55x55.jpg 55w, https:\/\/tomajazz.com\/web\/wp-content\/uploads\/2015\/12\/Dario-Dolci_Musica-vaciada_alina-records_2014-50x50.jpg 50w, https:\/\/tomajazz.com\/web\/wp-content\/uploads\/2015\/12\/Dario-Dolci_Musica-vaciada_alina-records_2014.jpg 1200w\" sizes=\"auto, (max-width: 200px) 100vw, 200px\" \/><img loading=\"lazy\" decoding=\"async\" class=\"alignnone size-medium wp-image-21214\" src=\"http:\/\/www.tomajazz.com\/web\/wp-content\/uploads\/2015\/12\/Fernando-Lamas_Guillermo-Bazzola_Josep-Llu\u00eds-Galiana_Madrid_Alina-Records_2015-200x200.jpg\" alt=\"Fernando Lamas_Guillermo Bazzola_Josep Llu\u00eds Galiana_Madrid_Alina Records_2015\" width=\"200\" height=\"200\" title=\"\" srcset=\"https:\/\/tomajazz.com\/web\/wp-content\/uploads\/2015\/12\/Fernando-Lamas_Guillermo-Bazzola_Josep-Llu\u00eds-Galiana_Madrid_Alina-Records_2015-200x200.jpg 200w, https:\/\/tomajazz.com\/web\/wp-content\/uploads\/2015\/12\/Fernando-Lamas_Guillermo-Bazzola_Josep-Llu\u00eds-Galiana_Madrid_Alina-Records_2015-150x150.jpg 150w, https:\/\/tomajazz.com\/web\/wp-content\/uploads\/2015\/12\/Fernando-Lamas_Guillermo-Bazzola_Josep-Llu\u00eds-Galiana_Madrid_Alina-Records_2015-600x600.jpg 600w, https:\/\/tomajazz.com\/web\/wp-content\/uploads\/2015\/12\/Fernando-Lamas_Guillermo-Bazzola_Josep-Llu\u00eds-Galiana_Madrid_Alina-Records_2015-55x55.jpg 55w, https:\/\/tomajazz.com\/web\/wp-content\/uploads\/2015\/12\/Fernando-Lamas_Guillermo-Bazzola_Josep-Llu\u00eds-Galiana_Madrid_Alina-Records_2015-50x50.jpg 50w, https:\/\/tomajazz.com\/web\/wp-content\/uploads\/2015\/12\/Fernando-Lamas_Guillermo-Bazzola_Josep-Llu\u00eds-Galiana_Madrid_Alina-Records_2015.jpg 1200w\" sizes=\"auto, (max-width: 200px) 100vw, 200px\" \/><img loading=\"lazy\" decoding=\"async\" class=\"alignnone size-medium wp-image-21215\" src=\"http:\/\/www.tomajazz.com\/web\/wp-content\/uploads\/2015\/12\/Dennis-Mateis_Ricardo-Marichal_Sinavisar_Alina-Records_2015-200x200.jpg\" alt=\"Dennis Mateis_Ricardo Marichal_Sinavisar_Alina Records_2015\" width=\"200\" height=\"200\" title=\"\" srcset=\"https:\/\/tomajazz.com\/web\/wp-content\/uploads\/2015\/12\/Dennis-Mateis_Ricardo-Marichal_Sinavisar_Alina-Records_2015-200x200.jpg 200w, https:\/\/tomajazz.com\/web\/wp-content\/uploads\/2015\/12\/Dennis-Mateis_Ricardo-Marichal_Sinavisar_Alina-Records_2015-150x150.jpg 150w, https:\/\/tomajazz.com\/web\/wp-content\/uploads\/2015\/12\/Dennis-Mateis_Ricardo-Marichal_Sinavisar_Alina-Records_2015-55x55.jpg 55w, https:\/\/tomajazz.com\/web\/wp-content\/uploads\/2015\/12\/Dennis-Mateis_Ricardo-Marichal_Sinavisar_Alina-Records_2015-50x50.jpg 50w, https:\/\/tomajazz.com\/web\/wp-content\/uploads\/2015\/12\/Dennis-Mateis_Ricardo-Marichal_Sinavisar_Alina-Records_2015.jpg 320w\" sizes=\"auto, (max-width: 200px) 100vw, 200px\" \/><img loading=\"lazy\" decoding=\"async\" class=\"alignnone wp-image-21216\" src=\"http:\/\/www.tomajazz.com\/web\/wp-content\/uploads\/2015\/12\/Ricardo-Sanz-Nacho-Sequ\u00ed-Jorge-Ruiz_Light-Metal_Alina-Records_2013-200x186.jpg\" alt=\"Ricardo Sanz - Nacho Sequ\u00ed - Jorge Ruiz_Light Metal_Alina Records_2013\" width=\"200\" height=\"200\" title=\"\"><\/center><\/p>\n<p>&nbsp;<\/p>\n<p><strong>La m\u00fasica, las grabaciones, los m\u00fasicos<\/strong><\/p>\n<ul>\n<li>\u201cDream Connection\u201d<br \/>\n<a href=\"http:\/\/alinamusica.blogspot.com.es\/2015\/08\/a-way-noel-akchote.html\" target=\"_blank\" rel=\"nofollow noopener\"><strong>No\u00ebl Akchot\u00e9<\/strong>: <em>A Way<\/em>\u00a0\u00a0(Alina Records, 2015)<\/a><br \/>\nNo\u00ebl Akchot\u00e9<\/li>\n<li>Richard Bonnet: \u00abTurnaround\u00bb<br \/>\n<a href=\"http:\/\/alinamusica.blogspot.com.es\/2015\/09\/skies-guitar-tribute-for-ornette-music.html\" target=\"_blank\" rel=\"nofollow noopener\"><strong>No\u00ebl Akchot\u00e9, Richard Bonnet, Guillermo Bazzola, David Paredes<\/strong>:\u00a0<em>SKIES: guitar tribute for Ornette music<\/em> (Alina Records, 2015)<\/a><br \/>\nRichard Bonnet<\/li>\n<li>\u00abMan\u00bb<br \/>\n<a href=\"http:\/\/alinamusica.blogspot.com.es\/2013\/03\/ricardo-marichal-sadx.html\" target=\"_blank\" rel=\"nofollow noopener\"><strong>Ricardo Marichal<\/strong>: <em>Sadx<\/em> (Alina Records, 2013)<\/a><br \/>\nRicardo Marichal, V\u00edctor Sequ\u00ed, Antonia Funes<\/li>\n<li>Pablo Mart\u00edn Coble: \u00abMetano\u00bb<br \/>\n<a href=\"http:\/\/alinamusica.blogspot.com.es\/2014\/04\/exomusic.html\" target=\"_blank\" rel=\"nofollow noopener\"><strong>Varios autores<\/strong> (Lucas Bola\u00f1o, Juan Crek, Arin Dodo, David Diaz, Graciela Lopez, Ivan Macuil, Pablo Martin Coble, Victor Sequ\u00ed): <em>Exomusic<\/em> (Alina Records, 2014)<\/a><br \/>\nPablo Mart\u00edn Coble<\/li>\n<li>\u00abLacy\u00bb<br \/>\n<a href=\"http:\/\/alinamusica.blogspot.com.es\/2015\/08\/yeahhh-dolchi-trio.html\" target=\"_blank\" rel=\"nofollow noopener\"><strong>DolCHi Tr\u00edo<\/strong>: <em>Yeahhh<\/em>!!!! (Alina Records, 2015)<\/a><br \/>\nDolCHi Tr\u00edo: Osvaldo La Porta,\u00a0Juan De Cicco,\u00a0Dar\u00edo Dolci<\/li>\n<li>\u00abLa Lletra\u00bb<br \/>\n<a href=\"http:\/\/alinamusica.blogspot.com.es\/2014\/12\/josep-lluis-galiana-victor-sequi-llimb.html\" target=\"_blank\" rel=\"nofollow noopener\"><strong>Josep Llu\u00eds Galiana &amp; V\u00edctor Sequ\u00ed<\/strong>: <em>LLIMB<\/em> (Alina Records, 2014)<\/a><br \/>\nJosep Llu\u00eds Galiana, V\u00edctor Sequ\u00ed<\/li>\n<li>\u00abLieder 5\u00bb<br \/>\n<a href=\"http:\/\/alinamusica.blogspot.com.es\/2013\/09\/david-paredes-marta-sainz-8-lieder_12.html\" target=\"_blank\" rel=\"nofollow noopener\"><strong>David Paredes &amp; Marta Sainz<\/strong>:\u00a0<em>8 Lieder<\/em> (Alina Records, 2013)<\/a><br \/>\nDavid Paredes, Marta Sainz<\/li>\n<li>\u00abPase primero\u00bb<br \/>\n<a href=\"http:\/\/alinamusica.blogspot.com.es\/2014\/12\/dario-dolci-musica-vaciada.html\" target=\"_blank\" rel=\"nofollow noopener\"><strong>Dar\u00edo Dolci<\/strong>: <em>M\u00fasica vaciada<\/em> (Alina Records, 2014)<\/a><br \/>\nDar\u00edo Dolci, Antonia Funes, V\u00edctor Sequ\u00ed, Pablo Monteys<\/li>\n<li>\u00abRock\u00bb<br \/>\n<a href=\"http:\/\/alinamusica.blogspot.com.es\/2015\/04\/fernando-lamas-guillermo-bazzola-josep.html\" target=\"_blank\" rel=\"nofollow noopener\"><strong>Fernando Lamas, Guillermo Bazzola &amp; Josep Llu\u00eds Galiana<\/strong>: <em>Madrid<\/em> (Alina Records, 2015)<\/a><br \/>\nFernando Lamas, Guillermo Bazzola,\u00a0Josep Llu\u00eds Galiana<\/li>\n<li>\u00abD\u00e9jate llamar\u00bb<br \/>\n<a href=\"http:\/\/alinamusica.blogspot.com.es\/2015\/09\/sinavisar-dennis-mateis-ricardo-marichal.html\" target=\"_blank\" rel=\"nofollow noopener\"><strong>Dennis Mateis &amp; Ricardo Marichal<\/strong>: <em>Sinavisar<\/em> (Alina Records, 2015)<\/a><br \/>\nDennis Mateis, Ricardo Marichal<\/li>\n<li>\u00abSisters\u00bb<br \/>\n<a href=\"http:\/\/alinamusica.blogspot.com.es\/2013\/03\/ref.html\" target=\"_blank\" rel=\"nofollow noopener\"><strong>Ricardo Sanz \/ Nacho Sequ\u00ed \/ Jorge Ruiz<\/strong>: <em>Light Metal<\/em> (Alina Records, 2013)<\/a><br \/>\nRicardo Sanz, Nacho Sequ\u00ed,\u00a0\u00a0Jorge Ruiz<\/li>\n<\/ul>\n","protected":false},"excerpt":{"rendered":"<p>V\u00edctor Sequ\u00ed es un baterista que adem\u00e1s de realizar su labor como improvisador integral,\u00a0est\u00e1 al frente de Alina, que seg\u00fan reza en su p\u00e1gina web \u00abes un proyecto de difusi\u00f3n de m\u00fasicas improvisadas y afines, compuesto por tres vertientes: conciertos, grabaciones musicales y editorial\u00bb. HDO dedica su entrega n\u00famero 45<span class=\"more-link\"><a href=\"https:\/\/tomajazz.com\/web\/alina-records-al-habla-con-victor-sequi-entrevista-por-pachi-tapiz-hdo-0045-audioblog\/\">Contin\u00faa leyendo<\/a><\/span><\/p>\n","protected":false},"author":1,"featured_media":21258,"comment_status":"open","ping_status":"closed","sticky":false,"template":"","format":"audio","meta":{"jetpack_post_was_ever_published":false,"_jetpack_newsletter_access":"","_jetpack_dont_email_post_to_subs":true,"_jetpack_newsletter_tier_id":0,"_jetpack_memberships_contains_paywalled_content":false,"_jetpack_memberships_contains_paid_content":false,"footnotes":""},"categories":[17847,78,17048,15537,13298,17149,9,12814,15518,15517,1038],"tags":[14469,8057,14474,13370,14483,14475,14479,14486,14491,14490,14480,12790,14488,14489,14476,7686,13300,13299,15712,15713,15714,12791,14477,13,12415,15295,15278,14494,960,12068,14484,14473,14482,15710,14472,14485,8056,8557,14481,14478,14487,31,12818,15310,15709,15711,14471,14493,14492,14470,16099,77,16100,8058],"class_list":["entry","author-pachi","post-21205","post","type-post","status-publish","format-audio","has-post-thumbnail","category-pachi-tapiz","category-afondo","category-audioentrevistas-en-hdo","category-entrevistas","category-hablando-de-oidas-hdo","category-t02-2015-16","category-perfiles","category-podcast","category-sonidos","category-textos","category-contenidos","tag-alina-records","tag-antonia-funes","tag-arin-dodo","tag-audioblog","tag-dario-dolci","tag-david-diaz","tag-david-paredes","tag-david-paredes-marta-sainz","tag-dennis-mateis","tag-dennis-mateis-ricardo-marichal","tag-dolchi-trio","tag-entrevista","tag-fernando-lamas","tag-fernando-lamas-guillermo-bazzola-josep-lluis-galiana","tag-graciela-lopez","tag-guillermo-bazzola","tag-hablando-de-oidas","tag-hdo","tag-hdo-el-podcast-de-jazz-de-pachi-tapiz","tag-hdo-el-podcast-de-pachi-tapiz","tag-hdo-hablando-de-oidas","tag-interview","tag-ivan-macuil","tag-jazz","tag-jazz-en-espana","tag-jazz-en-espanol","tag-jazz-podcast","tag-jorge-ruiz","tag-jose-francisco-tapiz","tag-josep-lluis-galiana","tag-josep-lluis-galiana-victor-sequi","tag-juan-crek","tag-juan-de-cicco","tag-la-actualidad-del-jazz-en-espana","tag-lucas-bolano","tag-marta-sainz","tag-nacho-sequi","tag-noel-akchote","tag-osvaldo-la-porta","tag-pablo-martin-coble","tag-pablo-monteys","tag-pachi-tapiz","tag-podcast","tag-podcast-de-jazz","tag-podcast-de-jazz-en-espana","tag-podcast-de-jazz-en-espanol","tag-ricardo-marichal","tag-ricardo-sanz","tag-ricardo-sanz-nacho-sequi-jorge-ruiz","tag-richard-bonnet","tag-toma-jazz","tag-tomajazz","tag-tomajazz-toma-jazz","tag-victor-sequi"],"jetpack_featured_media_url":"https:\/\/tomajazz.com\/web\/wp-content\/uploads\/2015\/12\/logo-alina-records.jpg","jetpack_likes_enabled":true,"jetpack_sharing_enabled":true,"jetpack-related-posts":[{"id":28816,"url":"https:\/\/tomajazz.com\/web\/seleccion-alina-iv-enero-2017-noticias\/","url_meta":{"origin":21205,"position":0},"title":"Selecci\u00f3n Alina IV (Enero 2017) [Noticias]","author":"Tomajazz","date":"18 enero, 2017","format":false,"excerpt":"Alina Records pone en descarga libre Alina selecci\u00f3n IV, una muestra de las grabaciones publicadas en los meses de mayo a diciembre de 2016 en este netlabel. En la grabaci\u00f3n participan Richard Bonnet, Mathias Boss, Jorge Cabadas, Paloma Carrasco, Juan Carlos Castillo, Manuel Castilla, David Diaz, Equipo Elevador, Antonia Funes,\u2026","rel":"","context":"En \u00ab*_Redacci\u00f3n\u00bb","block_context":{"text":"*_Redacci\u00f3n","link":"https:\/\/tomajazz.com\/web\/category\/redaccion\/"},"img":{"alt_text":"","src":"https:\/\/i0.wp.com\/tomajazz.com\/web\/wp-content\/uploads\/2017\/01\/cover-Selecci%C3%B3n-Alina-IV-copia-baja-.jpg?resize=350%2C200&ssl=1","width":350,"height":200},"classes":[]},{"id":26411,"url":"https:\/\/tomajazz.com\/web\/hdo-164-en-concierto-con-galiana-perales-presentan-too-short-podcast\/","url_meta":{"origin":21205,"position":1},"title":"HDO 164. En concierto con&#8230; Galiana &#8211; Perales presentan \u00abToo Short\u00bb [Podcast]","author":"Tomajazz","date":"20 septiembre, 2016","format":false,"excerpt":"El pianista Carlos D. Perales y el saxofonista Josep Llu\u00eds Galiana presentan el s\u00e1bado 24 de septiembre en concierto Too Short, la primera referencia del nuevo sello Liquen Records. El concierto ser\u00e1 en el Auditori de Rafelbunyol (Valencia). En HDO 164 escuchamos cuatro temas de esta grabaci\u00f3n a modo de\u2026","rel":"","context":"En \u00ab*_Pachi Tapiz\u00bb","block_context":{"text":"*_Pachi Tapiz","link":"https:\/\/tomajazz.com\/web\/category\/pachi-tapiz\/"},"img":{"alt_text":"","src":"https:\/\/i0.wp.com\/tomajazz.com\/web\/wp-content\/uploads\/2016\/09\/Josep-Lluis-Galiana-Carlos-D.-Perales_Too-Short_Liquen-Records_2016.jpg?resize=350%2C200&ssl=1","width":350,"height":200,"srcset":"https:\/\/i0.wp.com\/tomajazz.com\/web\/wp-content\/uploads\/2016\/09\/Josep-Lluis-Galiana-Carlos-D.-Perales_Too-Short_Liquen-Records_2016.jpg?resize=350%2C200&ssl=1 1x, https:\/\/i0.wp.com\/tomajazz.com\/web\/wp-content\/uploads\/2016\/09\/Josep-Lluis-Galiana-Carlos-D.-Perales_Too-Short_Liquen-Records_2016.jpg?resize=525%2C300&ssl=1 1.5x, https:\/\/i0.wp.com\/tomajazz.com\/web\/wp-content\/uploads\/2016\/09\/Josep-Lluis-Galiana-Carlos-D.-Perales_Too-Short_Liquen-Records_2016.jpg?resize=700%2C400&ssl=1 2x"},"classes":[]},{"id":26241,"url":"https:\/\/tomajazz.com\/web\/hdo-159-improvisando-david-paredes-liquid-trio-irene-aranda-fernandez-azaiez-3x3010-podcast\/","url_meta":{"origin":21205,"position":2},"title":"HDO 159. Improvisando: David Paredes \/ Liquid Tr\u00edo \/ Irene Aranda \/ Fern\u00e1ndez &#8211; Azaiez. 3X3(010) [Podcast]","author":"Tomajazz","date":"8 septiembre, 2016","format":false,"excerpt":"Propuestas que tienen que ver, de un modo u otro, con la improvisaci\u00f3n libre en HDO 159. David Paredes\u00a0(junto a\u00a0Manuel Castilla, Antonia Funes\u00a0y V\u00edctor Sequ\u00ed)\u00a0con Frames (en Alina Records, disponible para su descarga libre); Liquid Tr\u00edo (Agust\u00ed Fern\u00e1ndez - Ramon Prats - Albert Cirera) con Marianne (Vector Sounds); Irene Aranda\u2026","rel":"","context":"En \u00ab*_Pachi Tapiz\u00bb","block_context":{"text":"*_Pachi Tapiz","link":"https:\/\/tomajazz.com\/web\/category\/pachi-tapiz\/"},"img":{"alt_text":"","src":"https:\/\/i0.wp.com\/tomajazz.com\/web\/wp-content\/uploads\/2016\/09\/David-Paredes_Frames_Alina_2016.jpg?resize=350%2C200&ssl=1","width":350,"height":200,"srcset":"https:\/\/i0.wp.com\/tomajazz.com\/web\/wp-content\/uploads\/2016\/09\/David-Paredes_Frames_Alina_2016.jpg?resize=350%2C200&ssl=1 1x, https:\/\/i0.wp.com\/tomajazz.com\/web\/wp-content\/uploads\/2016\/09\/David-Paredes_Frames_Alina_2016.jpg?resize=525%2C300&ssl=1 1.5x, https:\/\/i0.wp.com\/tomajazz.com\/web\/wp-content\/uploads\/2016\/09\/David-Paredes_Frames_Alina_2016.jpg?resize=700%2C400&ssl=1 2x, https:\/\/i0.wp.com\/tomajazz.com\/web\/wp-content\/uploads\/2016\/09\/David-Paredes_Frames_Alina_2016.jpg?resize=1050%2C600&ssl=1 3x"},"classes":[]},{"id":31531,"url":"https:\/\/tomajazz.com\/web\/hdo-288-underpool-5-one-two-free-fall-galiana-besalduch-podcast\/","url_meta":{"origin":21205,"position":3},"title":"HDO 288. Underpool 5 &#8211; One Two Free Fall &#8211; Galiana Besalduch [Podcast]","author":"Tomajazz","date":"21 julio, 2017","format":false,"excerpt":"Underpool 5\u00a0(Underpool, 2017) con el colectivo formado por Ramon Prats, Martin Leiton, Roger Mas y Gorka Ben\u00edtez;\u00a0One Two Free Fall\u00a0(Underpool, 2017) con\u00a0Juli\u00e1n S\u00e1nchez,\u00a0Luz Prado,\u00a0Juan Masana,\u00a0Javier del Barco; y\u00a0Stromb\u00f2tics\u00a0(Liquen Records, 2017) de\u00a0(Josep Lluis) Galiana y (Ferran) Besalduch, suenan en la entrega 288 de HDO. Tomajazz: \u00a9 Pachi Tapiz, 2017 HDO es\u2026","rel":"","context":"En \u00ab*_Pachi Tapiz\u00bb","block_context":{"text":"*_Pachi Tapiz","link":"https:\/\/tomajazz.com\/web\/category\/pachi-tapiz\/"},"img":{"alt_text":"","src":"https:\/\/i0.wp.com\/tomajazz.com\/web\/wp-content\/uploads\/2017\/07\/One-Two-Free-Fall_One-Two-Free-Fall_Underpool_2017.jpg?resize=350%2C200&ssl=1","width":350,"height":200,"srcset":"https:\/\/i0.wp.com\/tomajazz.com\/web\/wp-content\/uploads\/2017\/07\/One-Two-Free-Fall_One-Two-Free-Fall_Underpool_2017.jpg?resize=350%2C200&ssl=1 1x, https:\/\/i0.wp.com\/tomajazz.com\/web\/wp-content\/uploads\/2017\/07\/One-Two-Free-Fall_One-Two-Free-Fall_Underpool_2017.jpg?resize=525%2C300&ssl=1 1.5x, https:\/\/i0.wp.com\/tomajazz.com\/web\/wp-content\/uploads\/2017\/07\/One-Two-Free-Fall_One-Two-Free-Fall_Underpool_2017.jpg?resize=700%2C400&ssl=1 2x"},"classes":[]},{"id":21375,"url":"https:\/\/tomajazz.com\/web\/mas-homenajes-ornette-duke-y-clasicos-del-jazz-mas-libre-hdo-0052-audioblog\/","url_meta":{"origin":21205,"position":4},"title":"M\u00e1s homenajes: Ornette, Duke y cl\u00e1sicos del jazz m\u00e1s libre. HDO (0052). [Audioblog]","author":"Tomajazz","date":"23 diciembre, 2015","format":"audio","excerpt":"M\u00e1s homenajes a cl\u00e1sicos del jazz, tanto en el fondo como en la forma. Matthew Shipp Trio (con Shipp, el baterista Whit Dickey y el bajista Michael Bisio) se lo pasan (y nos lo hacen pasar a los oyentes) muy bien -al menos esa es la sensaci\u00f3n que se se\u2026","rel":"","context":"En \u00ab*_Pachi Tapiz\u00bb","block_context":{"text":"*_Pachi Tapiz","link":"https:\/\/tomajazz.com\/web\/category\/pachi-tapiz\/"},"img":{"alt_text":"","src":"https:\/\/i0.wp.com\/tomajazz.com\/web\/wp-content\/uploads\/2015\/12\/Matthew-Shipp-Trio_To-Duke_RogueArt_2015.jpg?resize=350%2C200&ssl=1","width":350,"height":200},"classes":[]},{"id":35069,"url":"https:\/\/tomajazz.com\/web\/35069\/","url_meta":{"origin":21205,"position":5},"title":"HDO 367. Al habla con&#8230; Josep Lluis Galiana [Podcast]","author":"Tomajazz","date":"8 febrero, 2018","format":false,"excerpt":"HDO 367 est\u00e1 dedicado el saxofonista, improvisador, periodista, escritor, pensador y creador Josep Lluis Galiana, que en los \u00faltimos meses ha publicado el libro Improvisaci\u00f3n libre. El gran juego de la deriva sonora\u00a0(Edictor\u00e0lia M\u00fasica), y las grabaciones Critical Sounds\u00a0(junto al experto en tratamiento del sonido Thomas Bjelkeborn), y Who are\u2026","rel":"","context":"En \u00ab*_Joan Cort\u00e8s\u00bb","block_context":{"text":"*_Joan Cort\u00e8s","link":"https:\/\/tomajazz.com\/web\/category\/joan-cortes\/"},"img":{"alt_text":"","src":"https:\/\/i0.wp.com\/tomajazz.com\/web\/wp-content\/uploads\/2015\/01\/05_JLGAS-u00A9Joan-Cortu00E8s_21gen15_Jamboree_Bcn.jpg?resize=350%2C200&ssl=1","width":350,"height":200},"classes":[]}],"_links":{"self":[{"href":"https:\/\/tomajazz.com\/web\/wp-json\/wp\/v2\/posts\/21205","targetHints":{"allow":["GET"]}}],"collection":[{"href":"https:\/\/tomajazz.com\/web\/wp-json\/wp\/v2\/posts"}],"about":[{"href":"https:\/\/tomajazz.com\/web\/wp-json\/wp\/v2\/types\/post"}],"author":[{"embeddable":true,"href":"https:\/\/tomajazz.com\/web\/wp-json\/wp\/v2\/users\/1"}],"replies":[{"embeddable":true,"href":"https:\/\/tomajazz.com\/web\/wp-json\/wp\/v2\/comments?post=21205"}],"version-history":[{"count":6,"href":"https:\/\/tomajazz.com\/web\/wp-json\/wp\/v2\/posts\/21205\/revisions"}],"predecessor-version":[{"id":21259,"href":"https:\/\/tomajazz.com\/web\/wp-json\/wp\/v2\/posts\/21205\/revisions\/21259"}],"wp:featuredmedia":[{"embeddable":true,"href":"https:\/\/tomajazz.com\/web\/wp-json\/wp\/v2\/media\/21258"}],"wp:attachment":[{"href":"https:\/\/tomajazz.com\/web\/wp-json\/wp\/v2\/media?parent=21205"}],"wp:term":[{"taxonomy":"category","embeddable":true,"href":"https:\/\/tomajazz.com\/web\/wp-json\/wp\/v2\/categories?post=21205"},{"taxonomy":"post_tag","embeddable":true,"href":"https:\/\/tomajazz.com\/web\/wp-json\/wp\/v2\/tags?post=21205"}],"curies":[{"name":"wp","href":"https:\/\/api.w.org\/{rel}","templated":true}]}}