{"id":21615,"date":"2015-12-31T11:00:24","date_gmt":"2015-12-31T10:00:24","guid":{"rendered":"http:\/\/www.tomajazz.com\/web\/?p=21615"},"modified":"2016-11-13T21:49:43","modified_gmt":"2016-11-13T20:49:43","slug":"el-pricto-la-voz-de-discordian-entrevista-por-pachi-tapiz-hdo-0056-audioblog","status":"publish","type":"post","link":"https:\/\/tomajazz.com\/web\/el-pricto-la-voz-de-discordian-entrevista-por-pachi-tapiz-hdo-0056-audioblog\/","title":{"rendered":"El Pricto, la voz de Discordian. Entrevista por Pachi Tapiz. HDO (0056) [Audioblog]"},"content":{"rendered":"<p style=\"text-align: center;\"><img loading=\"lazy\" decoding=\"async\" class=\"aligncenter size-full wp-image-21616\" src=\"http:\/\/www.tomajazz.com\/web\/wp-content\/uploads\/2015\/12\/04_RptlnMmb-\u00a9Joan-Cort\u00e8s_16mai15_EV-D_17FJVc.jpg\" alt=\"04_RptlnMmb-\u00a9Joan-Cort\u00e8s_16mai15_EV-D_17FJVc\" width=\"399\" height=\"600\" title=\"\" srcset=\"https:\/\/tomajazz.com\/web\/wp-content\/uploads\/2015\/12\/04_RptlnMmb-\u00a9Joan-Cort\u00e8s_16mai15_EV-D_17FJVc.jpg 399w, https:\/\/tomajazz.com\/web\/wp-content\/uploads\/2015\/12\/04_RptlnMmb-\u00a9Joan-Cort\u00e8s_16mai15_EV-D_17FJVc-100x150.jpg 100w, https:\/\/tomajazz.com\/web\/wp-content\/uploads\/2015\/12\/04_RptlnMmb-\u00a9Joan-Cort\u00e8s_16mai15_EV-D_17FJVc-200x300.jpg 200w, https:\/\/tomajazz.com\/web\/wp-content\/uploads\/2015\/12\/04_RptlnMmb-\u00a9Joan-Cort\u00e8s_16mai15_EV-D_17FJVc-37x55.jpg 37w\" sizes=\"auto, (max-width: 399px) 100vw, 399px\" \/><\/p>\n<p style=\"text-align: justify;\"><strong>Pachi Tapiz<\/strong> entrevista a <strong>El Pricto<\/strong>, que adem\u00e1s de saxofonista y clarinetista, compositor y l\u00edder de proyectos como <strong>Filthy Habits Ensemble<\/strong>, es el alma m\u00e1ter de <a href=\"http:\/\/discordianrecords.bandcamp.com\/\" target=\"_blank\" rel=\"noopener\"><strong>Discordian Records<\/strong><\/a> en tareas de productor de una discogr\u00e1fica que con m\u00e1s de ochenta referencias ha servido para remover, activar y promocionar la escena barcelonesa de vanguardia, sea esta\u00a0del rock, del jazz o de la libre improvisaci\u00f3n. Tras 45 minutos de charla y como complemento a las palabras, m\u00fasica, m\u00fasica y m\u00e1s m\u00fasica con la primera parte de una selecci\u00f3n musical del <em>netlabel<\/em> realizada por El Pricto en la que suenan temas de <strong>Bruitage<\/strong>, <strong>Reptilian Mambo<\/strong>, <strong>Agust\u00ed Fern\u00e1ndez &#8211; Mats Gustafsson &#8211; Ramon Prats<\/strong>, <strong>Filthy Habits Ensemble<\/strong>, <strong>Albert Cirera &amp; Ulrich Mitzlaff<\/strong>, <strong>Ken Vandermark &#8211; Agust\u00ed Fern\u00e1ndez<\/strong>, <strong>Free Art Ensemble<\/strong>, <strong>Agust\u00ed Mart\u00ednez &#8211; Eduard Altaba &#8211; Quicu Sams\u00f3<\/strong>, <strong>Filthy Habits Ensemble<\/strong>, <strong>Memoria Uno<\/strong>, <strong>Discordian Community Ensemble<\/strong>, <strong>Agust\u00ed Fern\u00e1ndez &#8211; Don Malfon<\/strong>, <strong>Marcel\u00b7l\u00ed Bayer<\/strong>, <strong>Agentes 53210<\/strong> y <strong>Slaughter Five<\/strong>.<\/p>\n<p style=\"text-align: right;\">Texto \u00a9 Pachi Tapiz, 2015<br \/>\nFotograf\u00eda: \u00a9 Joan Cort\u00e8s, 2015<\/p>\n<p><strong>HDO<\/strong>\u00a0(<strong>Hablando de o\u00eddas<\/strong>) es un audioblog -o algo similar, sea lo que sea- editado, producido y presentado por Pachi Tapiz.<br \/>\n&nbsp;<br \/>\n<iframe id='audio_9928277' frameborder='0' allowfullscreen='' scrolling='no' height='200' src='http:\/\/www.ivoox.com\/player_ej_9928277_4_1.html?c1=599e8e' style='border:1px solid #EEE; box-sizing:border-box; width:100%;'><\/iframe><br \/>\n&nbsp;<br \/>\n<center><img loading=\"lazy\" decoding=\"async\" class=\"alignnone size-medium wp-image-21618\" src=\"http:\/\/www.tomajazz.com\/web\/wp-content\/uploads\/2015\/12\/01_Bruitage_Bruitage_Discordian-Records_2011-200x200.jpg\" alt=\"01_Bruitage_Bruitage_Discordian Records_2011\" width=\"200\" height=\"200\" title=\"\" srcset=\"https:\/\/tomajazz.com\/web\/wp-content\/uploads\/2015\/12\/01_Bruitage_Bruitage_Discordian-Records_2011-200x200.jpg 200w, https:\/\/tomajazz.com\/web\/wp-content\/uploads\/2015\/12\/01_Bruitage_Bruitage_Discordian-Records_2011-150x150.jpg 150w, https:\/\/tomajazz.com\/web\/wp-content\/uploads\/2015\/12\/01_Bruitage_Bruitage_Discordian-Records_2011-600x600.jpg 600w, https:\/\/tomajazz.com\/web\/wp-content\/uploads\/2015\/12\/01_Bruitage_Bruitage_Discordian-Records_2011-55x55.jpg 55w, https:\/\/tomajazz.com\/web\/wp-content\/uploads\/2015\/12\/01_Bruitage_Bruitage_Discordian-Records_2011-50x50.jpg 50w, https:\/\/tomajazz.com\/web\/wp-content\/uploads\/2015\/12\/01_Bruitage_Bruitage_Discordian-Records_2011.jpg 700w\" sizes=\"auto, (max-width: 200px) 100vw, 200px\" \/><img loading=\"lazy\" decoding=\"async\" class=\"alignnone size-medium wp-image-21619\" src=\"http:\/\/www.tomajazz.com\/web\/wp-content\/uploads\/2015\/12\/02_Reptilian-Mambo_its-peeling-time_Discordian-Records-200x200.jpg\" alt=\"02_Reptilian Mambo_it&#039;s peeling time_Discordian Records\" width=\"200\" height=\"200\" title=\"\" srcset=\"https:\/\/tomajazz.com\/web\/wp-content\/uploads\/2015\/12\/02_Reptilian-Mambo_its-peeling-time_Discordian-Records-200x200.jpg 200w, https:\/\/tomajazz.com\/web\/wp-content\/uploads\/2015\/12\/02_Reptilian-Mambo_its-peeling-time_Discordian-Records-150x150.jpg 150w, https:\/\/tomajazz.com\/web\/wp-content\/uploads\/2015\/12\/02_Reptilian-Mambo_its-peeling-time_Discordian-Records-600x600.jpg 600w, https:\/\/tomajazz.com\/web\/wp-content\/uploads\/2015\/12\/02_Reptilian-Mambo_its-peeling-time_Discordian-Records-55x55.jpg 55w, https:\/\/tomajazz.com\/web\/wp-content\/uploads\/2015\/12\/02_Reptilian-Mambo_its-peeling-time_Discordian-Records-50x50.jpg 50w, https:\/\/tomajazz.com\/web\/wp-content\/uploads\/2015\/12\/02_Reptilian-Mambo_its-peeling-time_Discordian-Records.jpg 700w\" sizes=\"auto, (max-width: 200px) 100vw, 200px\" \/> <img loading=\"lazy\" decoding=\"async\" class=\"alignnone size-medium wp-image-21620\" src=\"http:\/\/www.tomajazz.com\/web\/wp-content\/uploads\/2015\/12\/03_Agusti-Fernandez-Mats-Gustafsson-Ramon-Prats_Breakin-The-Lab_Discordian-Records-200x200.jpg\" alt=\"03_Agusti Fernandez - Mats Gustafsson - Ramon Prats_Breakin The Lab_Discordian Records\" width=\"200\" height=\"200\" title=\"\" srcset=\"https:\/\/tomajazz.com\/web\/wp-content\/uploads\/2015\/12\/03_Agusti-Fernandez-Mats-Gustafsson-Ramon-Prats_Breakin-The-Lab_Discordian-Records-200x200.jpg 200w, https:\/\/tomajazz.com\/web\/wp-content\/uploads\/2015\/12\/03_Agusti-Fernandez-Mats-Gustafsson-Ramon-Prats_Breakin-The-Lab_Discordian-Records-150x150.jpg 150w, https:\/\/tomajazz.com\/web\/wp-content\/uploads\/2015\/12\/03_Agusti-Fernandez-Mats-Gustafsson-Ramon-Prats_Breakin-The-Lab_Discordian-Records-600x600.jpg 600w, https:\/\/tomajazz.com\/web\/wp-content\/uploads\/2015\/12\/03_Agusti-Fernandez-Mats-Gustafsson-Ramon-Prats_Breakin-The-Lab_Discordian-Records-55x55.jpg 55w, https:\/\/tomajazz.com\/web\/wp-content\/uploads\/2015\/12\/03_Agusti-Fernandez-Mats-Gustafsson-Ramon-Prats_Breakin-The-Lab_Discordian-Records-50x50.jpg 50w, https:\/\/tomajazz.com\/web\/wp-content\/uploads\/2015\/12\/03_Agusti-Fernandez-Mats-Gustafsson-Ramon-Prats_Breakin-The-Lab_Discordian-Records.jpg 700w\" sizes=\"auto, (max-width: 200px) 100vw, 200px\" \/> <img loading=\"lazy\" decoding=\"async\" class=\"alignnone size-medium wp-image-21621\" src=\"http:\/\/www.tomajazz.com\/web\/wp-content\/uploads\/2015\/12\/04_Filthy-Habits-Ensemble_Plays-Stravinsky_Discordian-Records-200x200.jpg\" alt=\"04_Filthy Habits Ensemble_Plays Stravinsky_Discordian Records\" width=\"200\" height=\"200\" title=\"\" srcset=\"https:\/\/tomajazz.com\/web\/wp-content\/uploads\/2015\/12\/04_Filthy-Habits-Ensemble_Plays-Stravinsky_Discordian-Records-200x200.jpg 200w, https:\/\/tomajazz.com\/web\/wp-content\/uploads\/2015\/12\/04_Filthy-Habits-Ensemble_Plays-Stravinsky_Discordian-Records-150x150.jpg 150w, https:\/\/tomajazz.com\/web\/wp-content\/uploads\/2015\/12\/04_Filthy-Habits-Ensemble_Plays-Stravinsky_Discordian-Records-600x600.jpg 600w, https:\/\/tomajazz.com\/web\/wp-content\/uploads\/2015\/12\/04_Filthy-Habits-Ensemble_Plays-Stravinsky_Discordian-Records-55x55.jpg 55w, https:\/\/tomajazz.com\/web\/wp-content\/uploads\/2015\/12\/04_Filthy-Habits-Ensemble_Plays-Stravinsky_Discordian-Records-50x50.jpg 50w, https:\/\/tomajazz.com\/web\/wp-content\/uploads\/2015\/12\/04_Filthy-Habits-Ensemble_Plays-Stravinsky_Discordian-Records.jpg 700w\" sizes=\"auto, (max-width: 200px) 100vw, 200px\" \/> <img loading=\"lazy\" decoding=\"async\" class=\"alignnone size-medium wp-image-21622\" src=\"http:\/\/www.tomajazz.com\/web\/wp-content\/uploads\/2015\/12\/05_Albert-Cirera-Ulrich-Mitzlaff_Cr\u00f2niques-2_Discordian-Records-200x200.jpg\" alt=\"05_Albert Cirera - Ulrich Mitzlaff_Cr\u00f2niques 2_Discordian Records\" width=\"200\" height=\"200\" title=\"\" srcset=\"https:\/\/tomajazz.com\/web\/wp-content\/uploads\/2015\/12\/05_Albert-Cirera-Ulrich-Mitzlaff_Cr\u00f2niques-2_Discordian-Records-200x200.jpg 200w, https:\/\/tomajazz.com\/web\/wp-content\/uploads\/2015\/12\/05_Albert-Cirera-Ulrich-Mitzlaff_Cr\u00f2niques-2_Discordian-Records-150x150.jpg 150w, https:\/\/tomajazz.com\/web\/wp-content\/uploads\/2015\/12\/05_Albert-Cirera-Ulrich-Mitzlaff_Cr\u00f2niques-2_Discordian-Records-600x600.jpg 600w, https:\/\/tomajazz.com\/web\/wp-content\/uploads\/2015\/12\/05_Albert-Cirera-Ulrich-Mitzlaff_Cr\u00f2niques-2_Discordian-Records-55x55.jpg 55w, https:\/\/tomajazz.com\/web\/wp-content\/uploads\/2015\/12\/05_Albert-Cirera-Ulrich-Mitzlaff_Cr\u00f2niques-2_Discordian-Records-50x50.jpg 50w, https:\/\/tomajazz.com\/web\/wp-content\/uploads\/2015\/12\/05_Albert-Cirera-Ulrich-Mitzlaff_Cr\u00f2niques-2_Discordian-Records.jpg 700w\" sizes=\"auto, (max-width: 200px) 100vw, 200px\" \/> <img loading=\"lazy\" decoding=\"async\" class=\"alignnone size-medium wp-image-21623\" src=\"http:\/\/www.tomajazz.com\/web\/wp-content\/uploads\/2015\/12\/06_Ken-Vandermark-Agust\u00ed-Fern\u00e1ndez_Interacting-Fields_Discordian-Records-200x200.jpg\" alt=\"06_Ken Vandermark - Agust\u00ed Fern\u00e1ndez_Interacting Fields_Discordian Records\" width=\"200\" height=\"200\" title=\"\" srcset=\"https:\/\/tomajazz.com\/web\/wp-content\/uploads\/2015\/12\/06_Ken-Vandermark-Agust\u00ed-Fern\u00e1ndez_Interacting-Fields_Discordian-Records-200x200.jpg 200w, https:\/\/tomajazz.com\/web\/wp-content\/uploads\/2015\/12\/06_Ken-Vandermark-Agust\u00ed-Fern\u00e1ndez_Interacting-Fields_Discordian-Records-150x150.jpg 150w, https:\/\/tomajazz.com\/web\/wp-content\/uploads\/2015\/12\/06_Ken-Vandermark-Agust\u00ed-Fern\u00e1ndez_Interacting-Fields_Discordian-Records-600x600.jpg 600w, https:\/\/tomajazz.com\/web\/wp-content\/uploads\/2015\/12\/06_Ken-Vandermark-Agust\u00ed-Fern\u00e1ndez_Interacting-Fields_Discordian-Records-55x55.jpg 55w, https:\/\/tomajazz.com\/web\/wp-content\/uploads\/2015\/12\/06_Ken-Vandermark-Agust\u00ed-Fern\u00e1ndez_Interacting-Fields_Discordian-Records-50x50.jpg 50w, https:\/\/tomajazz.com\/web\/wp-content\/uploads\/2015\/12\/06_Ken-Vandermark-Agust\u00ed-Fern\u00e1ndez_Interacting-Fields_Discordian-Records.jpg 700w\" sizes=\"auto, (max-width: 200px) 100vw, 200px\" \/> <img loading=\"lazy\" decoding=\"async\" class=\"alignnone size-medium wp-image-21624\" src=\"http:\/\/www.tomajazz.com\/web\/wp-content\/uploads\/2015\/12\/07_Free-Art-Ensemble_Cap-de-Toro_Discordian-Records-200x200.jpg\" alt=\"07_Free Art Ensemble_Cap de Toro_Discordian Records\" width=\"200\" height=\"200\" title=\"\" srcset=\"https:\/\/tomajazz.com\/web\/wp-content\/uploads\/2015\/12\/07_Free-Art-Ensemble_Cap-de-Toro_Discordian-Records-200x200.jpg 200w, https:\/\/tomajazz.com\/web\/wp-content\/uploads\/2015\/12\/07_Free-Art-Ensemble_Cap-de-Toro_Discordian-Records-150x150.jpg 150w, https:\/\/tomajazz.com\/web\/wp-content\/uploads\/2015\/12\/07_Free-Art-Ensemble_Cap-de-Toro_Discordian-Records-600x600.jpg 600w, https:\/\/tomajazz.com\/web\/wp-content\/uploads\/2015\/12\/07_Free-Art-Ensemble_Cap-de-Toro_Discordian-Records-55x55.jpg 55w, https:\/\/tomajazz.com\/web\/wp-content\/uploads\/2015\/12\/07_Free-Art-Ensemble_Cap-de-Toro_Discordian-Records-50x50.jpg 50w, https:\/\/tomajazz.com\/web\/wp-content\/uploads\/2015\/12\/07_Free-Art-Ensemble_Cap-de-Toro_Discordian-Records.jpg 700w\" sizes=\"auto, (max-width: 200px) 100vw, 200px\" \/> <img loading=\"lazy\" decoding=\"async\" class=\"alignnone size-medium wp-image-21625\" src=\"http:\/\/www.tomajazz.com\/web\/wp-content\/uploads\/2015\/12\/08_Agust\u00ed-Mart\u00ednez-Eduard-Altaba-Quicu-Sams\u00f3_Phantom-Wall-Syndrome_Discordian-Records-200x200.jpg\" alt=\"08_Agust\u00ed Mart\u00ednez - Eduard Altaba- Quicu Sams\u00f3_Phantom Wall Syndrome_Discordian Records\" width=\"200\" height=\"200\" title=\"\" srcset=\"https:\/\/tomajazz.com\/web\/wp-content\/uploads\/2015\/12\/08_Agust\u00ed-Mart\u00ednez-Eduard-Altaba-Quicu-Sams\u00f3_Phantom-Wall-Syndrome_Discordian-Records-200x200.jpg 200w, https:\/\/tomajazz.com\/web\/wp-content\/uploads\/2015\/12\/08_Agust\u00ed-Mart\u00ednez-Eduard-Altaba-Quicu-Sams\u00f3_Phantom-Wall-Syndrome_Discordian-Records-150x150.jpg 150w, https:\/\/tomajazz.com\/web\/wp-content\/uploads\/2015\/12\/08_Agust\u00ed-Mart\u00ednez-Eduard-Altaba-Quicu-Sams\u00f3_Phantom-Wall-Syndrome_Discordian-Records-600x600.jpg 600w, https:\/\/tomajazz.com\/web\/wp-content\/uploads\/2015\/12\/08_Agust\u00ed-Mart\u00ednez-Eduard-Altaba-Quicu-Sams\u00f3_Phantom-Wall-Syndrome_Discordian-Records-55x55.jpg 55w, https:\/\/tomajazz.com\/web\/wp-content\/uploads\/2015\/12\/08_Agust\u00ed-Mart\u00ednez-Eduard-Altaba-Quicu-Sams\u00f3_Phantom-Wall-Syndrome_Discordian-Records-50x50.jpg 50w, https:\/\/tomajazz.com\/web\/wp-content\/uploads\/2015\/12\/08_Agust\u00ed-Mart\u00ednez-Eduard-Altaba-Quicu-Sams\u00f3_Phantom-Wall-Syndrome_Discordian-Records.jpg 700w\" sizes=\"auto, (max-width: 200px) 100vw, 200px\" \/> <img loading=\"lazy\" decoding=\"async\" class=\"alignnone size-medium wp-image-21626\" src=\"http:\/\/www.tomajazz.com\/web\/wp-content\/uploads\/2015\/12\/09_Filthy-Habits-Ensemble_Gruesome-Routines_Discordian-Records-200x200.jpg\" alt=\"09_Filthy Habits Ensemble_Gruesome Routines_Discordian Records\" width=\"200\" height=\"200\" title=\"\" srcset=\"https:\/\/tomajazz.com\/web\/wp-content\/uploads\/2015\/12\/09_Filthy-Habits-Ensemble_Gruesome-Routines_Discordian-Records-200x200.jpg 200w, https:\/\/tomajazz.com\/web\/wp-content\/uploads\/2015\/12\/09_Filthy-Habits-Ensemble_Gruesome-Routines_Discordian-Records-150x150.jpg 150w, https:\/\/tomajazz.com\/web\/wp-content\/uploads\/2015\/12\/09_Filthy-Habits-Ensemble_Gruesome-Routines_Discordian-Records-600x600.jpg 600w, https:\/\/tomajazz.com\/web\/wp-content\/uploads\/2015\/12\/09_Filthy-Habits-Ensemble_Gruesome-Routines_Discordian-Records-55x55.jpg 55w, https:\/\/tomajazz.com\/web\/wp-content\/uploads\/2015\/12\/09_Filthy-Habits-Ensemble_Gruesome-Routines_Discordian-Records-50x50.jpg 50w, https:\/\/tomajazz.com\/web\/wp-content\/uploads\/2015\/12\/09_Filthy-Habits-Ensemble_Gruesome-Routines_Discordian-Records.jpg 700w\" sizes=\"auto, (max-width: 200px) 100vw, 200px\" \/> <img loading=\"lazy\" decoding=\"async\" class=\"alignnone size-medium wp-image-21627\" src=\"http:\/\/www.tomajazz.com\/web\/wp-content\/uploads\/2015\/12\/10_Memoria-Uno_Crisis_Discordian-Records-200x200.jpg\" alt=\"10_Memoria Uno_Crisis_Discordian Records\" width=\"200\" height=\"200\" title=\"\" srcset=\"https:\/\/tomajazz.com\/web\/wp-content\/uploads\/2015\/12\/10_Memoria-Uno_Crisis_Discordian-Records-200x200.jpg 200w, https:\/\/tomajazz.com\/web\/wp-content\/uploads\/2015\/12\/10_Memoria-Uno_Crisis_Discordian-Records-150x150.jpg 150w, https:\/\/tomajazz.com\/web\/wp-content\/uploads\/2015\/12\/10_Memoria-Uno_Crisis_Discordian-Records-600x600.jpg 600w, https:\/\/tomajazz.com\/web\/wp-content\/uploads\/2015\/12\/10_Memoria-Uno_Crisis_Discordian-Records-55x55.jpg 55w, https:\/\/tomajazz.com\/web\/wp-content\/uploads\/2015\/12\/10_Memoria-Uno_Crisis_Discordian-Records-50x50.jpg 50w, https:\/\/tomajazz.com\/web\/wp-content\/uploads\/2015\/12\/10_Memoria-Uno_Crisis_Discordian-Records.jpg 700w\" sizes=\"auto, (max-width: 200px) 100vw, 200px\" \/> <img loading=\"lazy\" decoding=\"async\" class=\"alignnone size-medium wp-image-21628\" src=\"http:\/\/www.tomajazz.com\/web\/wp-content\/uploads\/2015\/12\/11_Discordian-Community-Ensemble_Desierto-Impecable-Vol.1_Discordian-Records-200x200.jpg\" alt=\"11_Discordian Community Ensemble_Desierto Impecable Vol.1_Discordian Records\" width=\"200\" height=\"200\" title=\"\" srcset=\"https:\/\/tomajazz.com\/web\/wp-content\/uploads\/2015\/12\/11_Discordian-Community-Ensemble_Desierto-Impecable-Vol.1_Discordian-Records-200x200.jpg 200w, https:\/\/tomajazz.com\/web\/wp-content\/uploads\/2015\/12\/11_Discordian-Community-Ensemble_Desierto-Impecable-Vol.1_Discordian-Records-150x150.jpg 150w, https:\/\/tomajazz.com\/web\/wp-content\/uploads\/2015\/12\/11_Discordian-Community-Ensemble_Desierto-Impecable-Vol.1_Discordian-Records-600x600.jpg 600w, https:\/\/tomajazz.com\/web\/wp-content\/uploads\/2015\/12\/11_Discordian-Community-Ensemble_Desierto-Impecable-Vol.1_Discordian-Records-55x55.jpg 55w, https:\/\/tomajazz.com\/web\/wp-content\/uploads\/2015\/12\/11_Discordian-Community-Ensemble_Desierto-Impecable-Vol.1_Discordian-Records-50x50.jpg 50w, https:\/\/tomajazz.com\/web\/wp-content\/uploads\/2015\/12\/11_Discordian-Community-Ensemble_Desierto-Impecable-Vol.1_Discordian-Records.jpg 700w\" sizes=\"auto, (max-width: 200px) 100vw, 200px\" \/> <img loading=\"lazy\" decoding=\"async\" class=\"alignnone size-medium wp-image-21629\" src=\"http:\/\/www.tomajazz.com\/web\/wp-content\/uploads\/2015\/12\/12_Agust\u00ed-Fern\u00e1ndez-Don-Malfon_Fortress_Discordian-Records-200x200.jpg\" alt=\"12_Agust\u00ed Fern\u00e1ndez - Don Malfon_Fortress_Discordian Records\" width=\"200\" height=\"200\" title=\"\" srcset=\"https:\/\/tomajazz.com\/web\/wp-content\/uploads\/2015\/12\/12_Agust\u00ed-Fern\u00e1ndez-Don-Malfon_Fortress_Discordian-Records-200x200.jpg 200w, https:\/\/tomajazz.com\/web\/wp-content\/uploads\/2015\/12\/12_Agust\u00ed-Fern\u00e1ndez-Don-Malfon_Fortress_Discordian-Records-150x150.jpg 150w, https:\/\/tomajazz.com\/web\/wp-content\/uploads\/2015\/12\/12_Agust\u00ed-Fern\u00e1ndez-Don-Malfon_Fortress_Discordian-Records-600x600.jpg 600w, https:\/\/tomajazz.com\/web\/wp-content\/uploads\/2015\/12\/12_Agust\u00ed-Fern\u00e1ndez-Don-Malfon_Fortress_Discordian-Records-55x55.jpg 55w, https:\/\/tomajazz.com\/web\/wp-content\/uploads\/2015\/12\/12_Agust\u00ed-Fern\u00e1ndez-Don-Malfon_Fortress_Discordian-Records-50x50.jpg 50w, https:\/\/tomajazz.com\/web\/wp-content\/uploads\/2015\/12\/12_Agust\u00ed-Fern\u00e1ndez-Don-Malfon_Fortress_Discordian-Records.jpg 700w\" sizes=\"auto, (max-width: 200px) 100vw, 200px\" \/> <img loading=\"lazy\" decoding=\"async\" class=\"alignnone size-medium wp-image-21630\" src=\"http:\/\/www.tomajazz.com\/web\/wp-content\/uploads\/2015\/12\/13_Marcel\u00b7l\u00ed-Bayer_1680_Discordian-Records-200x200.jpg\" alt=\"13_Marcel\u00b7l\u00ed Bayer_1680_Discordian Records\" width=\"200\" height=\"200\" title=\"\" srcset=\"https:\/\/tomajazz.com\/web\/wp-content\/uploads\/2015\/12\/13_Marcel\u00b7l\u00ed-Bayer_1680_Discordian-Records-200x200.jpg 200w, https:\/\/tomajazz.com\/web\/wp-content\/uploads\/2015\/12\/13_Marcel\u00b7l\u00ed-Bayer_1680_Discordian-Records-150x150.jpg 150w, https:\/\/tomajazz.com\/web\/wp-content\/uploads\/2015\/12\/13_Marcel\u00b7l\u00ed-Bayer_1680_Discordian-Records-600x600.jpg 600w, https:\/\/tomajazz.com\/web\/wp-content\/uploads\/2015\/12\/13_Marcel\u00b7l\u00ed-Bayer_1680_Discordian-Records-55x55.jpg 55w, https:\/\/tomajazz.com\/web\/wp-content\/uploads\/2015\/12\/13_Marcel\u00b7l\u00ed-Bayer_1680_Discordian-Records-50x50.jpg 50w, https:\/\/tomajazz.com\/web\/wp-content\/uploads\/2015\/12\/13_Marcel\u00b7l\u00ed-Bayer_1680_Discordian-Records.jpg 700w\" sizes=\"auto, (max-width: 200px) 100vw, 200px\" \/> <img loading=\"lazy\" decoding=\"async\" class=\"alignnone size-medium wp-image-21631\" src=\"http:\/\/www.tomajazz.com\/web\/wp-content\/uploads\/2015\/12\/14_Agentes-53210_Agentes-53210_Discordian-Records-200x200.jpg\" alt=\"14_Agentes 53210_Agentes 53210_Discordian Records\" width=\"200\" height=\"200\" title=\"\" srcset=\"https:\/\/tomajazz.com\/web\/wp-content\/uploads\/2015\/12\/14_Agentes-53210_Agentes-53210_Discordian-Records-200x200.jpg 200w, https:\/\/tomajazz.com\/web\/wp-content\/uploads\/2015\/12\/14_Agentes-53210_Agentes-53210_Discordian-Records-150x150.jpg 150w, https:\/\/tomajazz.com\/web\/wp-content\/uploads\/2015\/12\/14_Agentes-53210_Agentes-53210_Discordian-Records-600x600.jpg 600w, https:\/\/tomajazz.com\/web\/wp-content\/uploads\/2015\/12\/14_Agentes-53210_Agentes-53210_Discordian-Records-55x55.jpg 55w, https:\/\/tomajazz.com\/web\/wp-content\/uploads\/2015\/12\/14_Agentes-53210_Agentes-53210_Discordian-Records-50x50.jpg 50w, https:\/\/tomajazz.com\/web\/wp-content\/uploads\/2015\/12\/14_Agentes-53210_Agentes-53210_Discordian-Records.jpg 700w\" sizes=\"auto, (max-width: 200px) 100vw, 200px\" \/> <img loading=\"lazy\" decoding=\"async\" class=\"alignnone size-medium wp-image-21632\" src=\"http:\/\/www.tomajazz.com\/web\/wp-content\/uploads\/2015\/12\/15_Slaughterhouse-Five_Slaughterhouse-Five_Discordian-Records-200x200.jpg\" alt=\"15_Slaughterhouse-Five_Slaughterhouse-Five_Discordian Records\" width=\"200\" height=\"200\" title=\"\" srcset=\"https:\/\/tomajazz.com\/web\/wp-content\/uploads\/2015\/12\/15_Slaughterhouse-Five_Slaughterhouse-Five_Discordian-Records-200x200.jpg 200w, https:\/\/tomajazz.com\/web\/wp-content\/uploads\/2015\/12\/15_Slaughterhouse-Five_Slaughterhouse-Five_Discordian-Records-150x150.jpg 150w, https:\/\/tomajazz.com\/web\/wp-content\/uploads\/2015\/12\/15_Slaughterhouse-Five_Slaughterhouse-Five_Discordian-Records-600x600.jpg 600w, https:\/\/tomajazz.com\/web\/wp-content\/uploads\/2015\/12\/15_Slaughterhouse-Five_Slaughterhouse-Five_Discordian-Records-55x55.jpg 55w, https:\/\/tomajazz.com\/web\/wp-content\/uploads\/2015\/12\/15_Slaughterhouse-Five_Slaughterhouse-Five_Discordian-Records-50x50.jpg 50w, https:\/\/tomajazz.com\/web\/wp-content\/uploads\/2015\/12\/15_Slaughterhouse-Five_Slaughterhouse-Five_Discordian-Records.jpg 700w\" sizes=\"auto, (max-width: 200px) 100vw, 200px\" \/><\/center><\/p>\n<p><strong>Los temas, las grabaciones, la m\u00fasica<\/strong><\/p>\n<ul>\n<li>\u00abEffet #1\u00bb<br \/>\n<strong>Bruitage<\/strong>: <em>Bruitage<\/em><br \/>\nPablo Rega, Tom Chant, Javier Carmona<\/li>\n<li>\u00abReptilian Mambo #4\u00bb<br \/>\n<strong>Reptilian Mambo<\/strong>:<em> It&#8217;s Peeling Time<\/em><br \/>\nEl Pricto, Don Malfon, Vasco Trilla, Javier Carmona<\/li>\n<li>\u00abDon&#8217;t Mess With The Reactor\u00bb<br \/>\n<strong>Agust\u00ed Fern\u00e1ndez &#8211; Mats Gustafsson &#8211; Ramon Prats<\/strong>: <em>Breakin The Lab!<\/em><br \/>\nAgust\u00ed Fern\u00e1ndez, Mats Gustafsson, Ramon Prats<\/li>\n<li>\u00abMarche du Soldat\u00bb<br \/>\n<strong>Filthy Habits Ensemble<\/strong>: <em>Plays Stravinsky<\/em><br \/>\nPablo Selnik, El Pricto, Don Malfon, Tom Chant, Natsuko Sugao, Jo Miramontes, Sebi Su\u00e1rez (McKayhan), Vasco Trilla aka Thriller<\/li>\n<li>\u00abPiruettes of a Quartz Grain\u00bb<br \/>\n<strong>Albert Cirera &amp; Ulrich Mitzlaff<\/strong>: <em>Cr\u00f2niques 2<\/em><br \/>\nAlbert Cirera, Ulrich Mitzlaff<\/li>\n<li>\u00abHyperconductive\u00bb<br \/>\n<strong>Ken Vandermark + Agust\u00ed Fern\u00e1ndez<\/strong>: <em>Interacting Fields<\/em><br \/>\nKen Vandermark, Agust\u00ed Fern\u00e1ndez<\/li>\n<li>\u00abTo AEC parte II\u00bb<br \/>\n<strong>Free Art Ensemble<\/strong>: <em>Cap de Toro<\/em><br \/>\nIv\u00e1n Gonz\u00e1lez, Juli\u00e1n S\u00e1nchez, Pol Padr\u00f3s, Oriol Fontclara, Tom Chant, Albert Cirera, \u00c0lex Reviriego, Marc Cuevas, Ramon Prats, Arnau Obiols<\/li>\n<li>\u00abCerdoflauta\u00bb<br \/>\n<strong>Filthy Habits Ensemble<\/strong>: <em>Gruesome Routines<\/em><br \/>\nPablo Selnik, El Pricto, Agust\u00ed Mart\u00ednez, Don Malfon, Tom Chant, Jo Miramontes, Director Wilkins, Sebi Suarez, Vasco Trilla<\/li>\n<li>\u00abConducci\u00f3n #5\u00bb<br \/>\n<strong>Memoria Uno<\/strong>:<em> Crisis<\/em><br \/>\nIvo Sans, Carlos Falanga, Marc Cuevas, Alex Reviriego, Johannes N\u00e4stesj\u00f6, Nicola Lancerotti, Marco Mezquida, Juli\u00e1n S\u00e1nchez, Pol Padr\u00f3s, Alvar Monfort, Dar\u00edo Garc\u00eda, Aram Montagut, Amaiur Gonz\u00e1lez, Marcel\u00b7l\u00ed Bayer, El Pricto, Sergi Felipe, Tom Chant, Gonzalo Levyn, Joan Mas, Luiz Rocha, Pau Domenech, Valentin Murillo, Juan Saez, Gerard Marsall, Alfonso Fern\u00e1ndez, Jo\u00e4o Silva, Gessami Mart\u00edn, Stefan P\u00f6ntinen, Javier Lecha, Alba Navarro, Violina Pauleta, Alicia Dominguez, Miriam Fern\u00e1ndez, Fina Izquierdo, Jordi Claret, Margarida Mari\u00f1o, Sandrine Robillard, Pilar Rueda, Ana Karent<\/li>\n<li>\u00abAfuera\u00bb<br \/>\n<strong>Discordian Community Ensemble<\/strong>: <em>Desierto Impecable Vol.1<\/em><br \/>\nIv\u00e1n Garc\u00eda, Natsuko Sugao, Pol Padr\u00f3s, Tom Chant, Don Malfon, Pablo Rega, N\u00faria Andorr\u00e0, Vasco Trilla<\/li>\n<li>\u00abHeavy Artillery\u00bb<br \/>\n<strong>Agust\u00ed Fern\u00e1ndez \/ Don Malfon<\/strong>: <em>Fortress<\/em><br \/>\nAgust\u00ed Fern\u00e1ndez, Don Malfon<\/li>\n<li>\u00abEls Enemics De La Llibertat\u00bb<br \/>\n<strong>Marcel\u00b7l\u00ed Bayer<\/strong>: <em>1680<\/em><br \/>\nMarcel\u00b7l\u00ed Bayer<\/li>\n<li>\u00abLa mujer del ba\u00fal\u00bb<br \/>\n<strong>Agentes 53210<\/strong>: <em>Agentes 53210<\/em><br \/>\nPol Padr\u00f3s, Iv\u00e1n Gonz\u00e1lez, Julian S\u00e1nchez, Marc Cuevas, Ivo Sans<\/li>\n<li>\u00abTrafalmadorian Perspectives\u00bb<br \/>\n<strong>Slaughterhouse-Five<\/strong>: <em>Slaughterhouse-Five<\/em><br \/>\nAgust\u00ed Mart\u00ednez, Tom Chant, Xavier D\u00edaz Herrera, Miguel Serna, Javier Carmona, El Pricto<\/li>\n<\/ul>\n","protected":false},"excerpt":{"rendered":"<p>Pachi Tapiz entrevista a El Pricto, que adem\u00e1s de saxofonista y clarinetista, compositor y l\u00edder de proyectos como Filthy Habits Ensemble, es el alma m\u00e1ter de Discordian Records en tareas de productor de una discogr\u00e1fica que con m\u00e1s de ochenta referencias ha servido para remover, activar y promocionar la escena<span class=\"more-link\"><a href=\"https:\/\/tomajazz.com\/web\/el-pricto-la-voz-de-discordian-entrevista-por-pachi-tapiz-hdo-0056-audioblog\/\">Contin\u00faa leyendo<\/a><\/span><\/p>\n","protected":false},"author":1,"featured_media":21616,"comment_status":"open","ping_status":"closed","sticky":false,"template":"","format":"audio","meta":{"jetpack_post_was_ever_published":false,"_jetpack_newsletter_access":"","_jetpack_dont_email_post_to_subs":true,"_jetpack_newsletter_tier_id":0,"_jetpack_memberships_contains_paywalled_content":false,"_jetpack_memberships_contains_paid_content":false,"footnotes":""},"categories":[17853,17847,78,17048,15537,13298,17149,9,12814,15518,15517,1038],"tags":[14636,280,14635,14546,1126,14634,12183,109,14559,5553,12178,12185,5546,12173,12191,12172,11343,13370,1138,7625,5550,9460,14289,8663,128,126,12790,6257,12187,5431,14561,12180,14560,13300,13299,15712,15713,15714,12791,14640,5433,5436,1140,12182,13,12415,15295,15278,129,1041,5544,12179,8060,5619,960,12176,4818,446,14633,15710,12092,5888,12064,1151,12188,5136,12170,1137,12186,5547,12171,9113,5434,1139,1136,31,5160,12190,12818,15310,15709,15711,5432,108,1145,12189,131,14638,11051,14637,14641,12181,1129,16099,77,16100,14141,6035,132,14639,12184,1132],"class_list":["entry","author-pachi","post-21615","post","type-post","status-publish","format-audio","has-post-thumbnail","category-joan-cortes","category-pachi-tapiz","category-afondo","category-audioentrevistas-en-hdo","category-entrevistas","category-hablando-de-oidas-hdo","category-t02-2015-16","category-perfiles","category-podcast","category-sonidos","category-textos","category-contenidos","tag-agentes-53210","tag-agusti-fernandez","tag-agusti-fernandez-don-malfon","tag-agusti-fernandez-mats-gustafsson-ramon-prats","tag-agusti-martinez","tag-agusti-martinez-eduard-altaba-quicu-samso","tag-alba-navarro","tag-albert-cirera","tag-albert-cirera-ulrich-mitzlaff","tag-alex-reviriego","tag-alfonso-fernandez","tag-alicia-dominguez","tag-alvar-monfort","tag-amaiur-gonzalez","tag-ana-karent","tag-aram-montagut","tag-arnau-obiols","tag-audioblog","tag-bruitage","tag-carlos-falanga","tag-dario-garcia","tag-director-wilkins","tag-discordian-community-ensemble","tag-discordian-records","tag-don-malfon","tag-el-pricto","tag-entrevista","tag-filthy-habits-ensemble","tag-fina-izquierdo","tag-free-art-ensemble","tag-gerard-marsall","tag-gessami-martin","tag-gonzalo-levyn","tag-hablando-de-oidas","tag-hdo","tag-hdo-el-podcast-de-jazz-de-pachi-tapiz","tag-hdo-el-podcast-de-pachi-tapiz","tag-hdo-hablando-de-oidas","tag-interview","tag-ivan-garcia","tag-ivan-gonzalez","tag-ivo-sans","tag-javier-carmona","tag-javier-lecha","tag-jazz","tag-jazz-en-espana","tag-jazz-en-espanol","tag-jazz-podcast","tag-jo-miramontes","tag-joan-cortes","tag-joan-mas","tag-joao-silva","tag-johannes-nastesjo","tag-jordi-claret","tag-jose-francisco-tapiz","tag-juan-saez","tag-julian-sanchez","tag-ken-vandermark","tag-ken-vandermark-agusti-fernandez","tag-la-actualidad-del-jazz-en-espana","tag-luiz-rocha","tag-marc-cuevas","tag-marcelli-bayer","tag-marco-mezquida","tag-margarida-marino","tag-mats-gustafsson","tag-memoria-uno","tag-miguel-serna","tag-miriam-fernandez","tag-natsuko-sugao","tag-nicola-lancerotti","tag-nuria-andorra","tag-oriol-fontclara","tag-pablo-rega","tag-pablo-selnik","tag-pachi-tapiz","tag-pau-domenech","tag-pilar-rueda","tag-podcast","tag-podcast-de-jazz","tag-podcast-de-jazz-en-espana","tag-podcast-de-jazz-en-espanol","tag-pol-padros","tag-ramon-prats","tag-reptilian-mambo","tag-sandrine-robillard","tag-sebi-suarez","tag-sebi-suarez-mckayhan","tag-sergi-felipe","tag-slaughter-five","tag-slaughterhouse-five","tag-stefan-pontinen","tag-tom-chant","tag-toma-jazz","tag-tomajazz","tag-tomajazz-toma-jazz","tag-ulrich-mitzlaff","tag-valentin-murillo","tag-vasco-trilla","tag-vasco-trilla-aka-thriller","tag-violina-pauleta","tag-xavier-diaz-herrera"],"jetpack_featured_media_url":"https:\/\/tomajazz.com\/web\/wp-content\/uploads\/2015\/12\/04_RptlnMmb-\u00a9Joan-Cort\u00e8s_16mai15_EV-D_17FJVc.jpg","jetpack_likes_enabled":true,"jetpack_sharing_enabled":true,"jetpack-related-posts":[{"id":22374,"url":"https:\/\/tomajazz.com\/web\/memoria-uno-al-habla-con-ivan-gonzalez-entrevista-con-pachi-tapiz-hdo-0076-podcast\/","url_meta":{"origin":21615,"position":0},"title":"Memoria Uno. Al habla con Iv\u00e1n Gonz\u00e1lez. Entrevista con Pachi Tapiz. HDO 0076 [Podcast]","author":"Tomajazz","date":"23 febrero, 2016","format":false,"excerpt":"El trompetista y conductor Iv\u00e1n Gonz\u00e1lez presentar\u00e1 el pr\u00f3ximo viernes 26 de febrero (de 2016) su proyecto Memoria Uno en el Festival de Jazz de Granollers. Este concierto, que se grabar\u00e1 en directo, contar\u00e1 con la participaci\u00f3n de los trompetistas Pol Padr\u00f3s y Juli\u00e1n S\u00e1nchez; los saxofonistas Tom Chant, Albert\u2026","rel":"","context":"En \u00ab*_Joan Cort\u00e8s\u00bb","block_context":{"text":"*_Joan Cort\u00e8s","link":"https:\/\/tomajazz.com\/web\/category\/joan-cortes\/"},"img":{"alt_text":"","src":"https:\/\/i0.wp.com\/tomajazz.com\/web\/wp-content\/uploads\/2015\/08\/09_Mmr-n-s3-%C2%A9Joan-Cort%C3%A8s_02jun15_Sl-Fnx_Bcn.jpg?resize=350%2C200&ssl=1","width":350,"height":200},"classes":[]},{"id":21395,"url":"https:\/\/tomajazz.com\/web\/albert-cirera-su-voz-y-su-musica-entrevista-por-pachi-tapiz-hdo-0051-audioblog\/","url_meta":{"origin":21615,"position":1},"title":"Albert Cirera: su voz y su m\u00fasica. Entrevista por Pachi Tapiz. HDO (0051) [Audioblog]","author":"Tomajazz","date":"22 diciembre, 2015","format":"audio","excerpt":"El saxofonista Albert Cirera es una de las figuras emergentes del jazz y la libre improvisaci\u00f3n en nuestro pa\u00eds, aunque en estos momentos est\u00e1 residiendo en Lisboa (\"la nueva Berl\u00edn\" seg\u00fan sus palabras). Es la mitad de Duot (grupo al que no hace mucho escuch\u00e1bamos en HDO con motivo de\u00a0la\u2026","rel":"","context":"En \u00ab*_Joan Cort\u00e8s\u00bb","block_context":{"text":"*_Joan Cort\u00e8s","link":"https:\/\/tomajazz.com\/web\/category\/joan-cortes\/"},"img":{"alt_text":"","src":"https:\/\/i0.wp.com\/tomajazz.com\/web\/wp-content\/uploads\/2015\/12\/IMJ051_ALBERT-CIRERA-%C2%A9Joan-Cort%C3%A8s_06set13_Duot-Abans-de-Lisboa_Jamboree_Bcn.jpg?resize=350%2C200&ssl=1","width":350,"height":200},"classes":[]},{"id":49238,"url":"https:\/\/tomajazz.com\/web\/instantzz-discordian-comunity-ensembel-tepekalesound-15-anys-tpk-art-i-pensament-contemporani-lhospitalet-barcelona-2019-11-30-galeria-fotografica\/","url_meta":{"origin":21615,"position":2},"title":"INSTANTZZ: Discordian Comunity Ensembel (TePeKaLeSound 15 anys, TPK Art i Pensament Contempor\u00e0ni, L\u2019Hospitalet -Barcelona-. 2019-11-30) [Galer\u00eda fotogr\u00e1fica]","author":"Tomajazz","date":"25 febrero, 2020","format":false,"excerpt":"Joan Cort\u00e8s trae a INSTANTZZ la galer\u00eda fotogr\u00e1fica del Discordian Comunity Ensemble en directo con motivo de TePeKaLeSound 15 anys.","rel":"","context":"En \u00abFotoblog - Galer\u00eda fotogr\u00e1fica\u00bb","block_context":{"text":"Fotoblog - Galer\u00eda fotogr\u00e1fica","link":"https:\/\/tomajazz.com\/web\/category\/contenidos\/imagenes\/photoblogs\/"},"img":{"alt_text":"","src":"https:\/\/i0.wp.com\/tomajazz.com\/web\/wp-content\/uploads\/2020\/02\/01_Dscrdn-Cmnty-nsmbl-%C2%A9Joan-Cort%C3%A8s_30nov19_TPK_LH.jpg?resize=350%2C200&ssl=1","width":350,"height":200,"srcset":"https:\/\/i0.wp.com\/tomajazz.com\/web\/wp-content\/uploads\/2020\/02\/01_Dscrdn-Cmnty-nsmbl-%C2%A9Joan-Cort%C3%A8s_30nov19_TPK_LH.jpg?resize=350%2C200&ssl=1 1x, https:\/\/i0.wp.com\/tomajazz.com\/web\/wp-content\/uploads\/2020\/02\/01_Dscrdn-Cmnty-nsmbl-%C2%A9Joan-Cort%C3%A8s_30nov19_TPK_LH.jpg?resize=525%2C300&ssl=1 1.5x"},"classes":[]},{"id":58584,"url":"https:\/\/tomajazz.com\/web\/instantzz-discordian-community-ensemble-el-pricto-steel-life-rumore-forme-mixtur-2021-festival-de-nova-creacio-sonora-de-barcelona-fabra-i-coats\/","url_meta":{"origin":21615,"position":3},"title":"INSTANTZZ: Discordian Community Ensemble &#038; El Pricto \u201cSteel Life\u201d &#038; \u201cRumore-Forme\u201d (Mixtur 2021 -Festival de Nova Creaci\u00f3 Sonora de Barcelona- \/ Fabra i Coats \u2013 F\u00e0brica de Creaci\u00f3, Barcelona.  2021-10-03) [Galer\u00eda fotogr\u00e1fica AKA Fotoblog de jazz, impro\u2026 y algo m\u00e1s] Por Joan Cort\u00e8s","author":"Tomajazz","date":"16 noviembre, 2021","format":false,"excerpt":"Discordian Community Ensemble & El Pricto son los protagonistas del INSTANTZZ de Joan Cort\u00e8s.","rel":"","context":"En \u00abINSTANTZZ\u00bb","block_context":{"text":"INSTANTZZ","link":"https:\/\/tomajazz.com\/web\/category\/contenidos\/imagenes\/photoblogs\/instantzz\/"},"img":{"alt_text":"Discordian Community Ensemble","src":"https:\/\/i0.wp.com\/tomajazz.com\/web\/wp-content\/uploads\/2021\/11\/06_Dscrdn-Cmmnty-nsmbl-Joan-Cortes_03oct21_Fbr-Pg_10-Mxtr_Bcn.jpg?resize=350%2C200&ssl=1","width":350,"height":200,"srcset":"https:\/\/i0.wp.com\/tomajazz.com\/web\/wp-content\/uploads\/2021\/11\/06_Dscrdn-Cmmnty-nsmbl-Joan-Cortes_03oct21_Fbr-Pg_10-Mxtr_Bcn.jpg?resize=350%2C200&ssl=1 1x, https:\/\/i0.wp.com\/tomajazz.com\/web\/wp-content\/uploads\/2021\/11\/06_Dscrdn-Cmmnty-nsmbl-Joan-Cortes_03oct21_Fbr-Pg_10-Mxtr_Bcn.jpg?resize=525%2C300&ssl=1 1.5x"},"classes":[]},{"id":21637,"url":"https:\/\/tomajazz.com\/web\/el-pricto-seleccion-discordiana-ii-hdo-0057-audioblog\/","url_meta":{"origin":21615,"position":4},"title":"El Pricto: selecci\u00f3n Discordiana II. HDO 0057 [Audioblog]","author":"Tomajazz","date":"5 enero, 2016","format":"audio","excerpt":"Segunda entrega dedicada en HDO al cat\u00e1logo de Discordian Records con una selecci\u00f3n de temas del netlabel realizada por El Pricto,\u00a0 m\u00fasico y productor de esta peculiar discogr\u00e1fica. Suenan temas de Owen Kilfeather, Agust\u00ed Fern\u00e1ndez - Mats Gustafsson, Alguns Homes Bons, Berta Puigdemada - Mikael Szafirowski, Sin Anestesia, Agust\u00ed Fern\u00e1ndez\u2026","rel":"","context":"En \u00ab*_Pachi Tapiz\u00bb","block_context":{"text":"*_Pachi Tapiz","link":"https:\/\/tomajazz.com\/web\/category\/pachi-tapiz\/"},"img":{"alt_text":"","src":"https:\/\/i0.wp.com\/tomajazz.com\/web\/wp-content\/uploads\/2016\/01\/discordian-records-logo-cuadrado.jpg?resize=350%2C200&ssl=1","width":350,"height":200},"classes":[]},{"id":29805,"url":"https:\/\/tomajazz.com\/web\/instantzz-discordian-community-ensemble-centre-cultural-albareda-ii-bcn-impro-fest-barcelona-2017-02-21-galeria-fotografica\/","url_meta":{"origin":21615,"position":5},"title":"INSTANTZZ: Discordian Community Ensemble (Centre Cultural Albareda, II BCN Impro Fest, Barcelona. 2017-02-21) [Galer\u00eda fotogr\u00e1fica]","author":"Tomajazz","date":"23 marzo, 2017","format":false,"excerpt":"Fecha: Mi\u00e9rcoles, 08 de febrero de 2017 Lugar: Centre Cultural Albareda (Barcelona) Componentes: Discordian Community Ensemble El Pricto, saxo alto, composici\u00f3n y conducci\u00f3n Agust\u00ed Mart\u00ednez, saxo alto, composici\u00f3n y conducci\u00f3n Francesc Llompart, viol\u00edn, composici\u00f3n y conducci\u00f3n Ilona Schneider, voz Nana Rovira, clarinete bajo Luiz Rocha, clarinete bajo Pope, trompeta Diego\u2026","rel":"","context":"En \u00ab*_Joan Cort\u00e8s\u00bb","block_context":{"text":"*_Joan Cort\u00e8s","link":"https:\/\/tomajazz.com\/web\/category\/joan-cortes\/"},"img":{"alt_text":"","src":"https:\/\/i0.wp.com\/tomajazz.com\/web\/wp-content\/uploads\/2017\/03\/11_Dscrdn-Cmmnty-%C2%A9Joan-Cort%C3%A8s_21fbr17_BcnImrFst_CCA_Bcn.jpg?resize=350%2C200&ssl=1","width":350,"height":200,"srcset":"https:\/\/i0.wp.com\/tomajazz.com\/web\/wp-content\/uploads\/2017\/03\/11_Dscrdn-Cmmnty-%C2%A9Joan-Cort%C3%A8s_21fbr17_BcnImrFst_CCA_Bcn.jpg?resize=350%2C200&ssl=1 1x, https:\/\/i0.wp.com\/tomajazz.com\/web\/wp-content\/uploads\/2017\/03\/11_Dscrdn-Cmmnty-%C2%A9Joan-Cort%C3%A8s_21fbr17_BcnImrFst_CCA_Bcn.jpg?resize=525%2C300&ssl=1 1.5x"},"classes":[]}],"_links":{"self":[{"href":"https:\/\/tomajazz.com\/web\/wp-json\/wp\/v2\/posts\/21615","targetHints":{"allow":["GET"]}}],"collection":[{"href":"https:\/\/tomajazz.com\/web\/wp-json\/wp\/v2\/posts"}],"about":[{"href":"https:\/\/tomajazz.com\/web\/wp-json\/wp\/v2\/types\/post"}],"author":[{"embeddable":true,"href":"https:\/\/tomajazz.com\/web\/wp-json\/wp\/v2\/users\/1"}],"replies":[{"embeddable":true,"href":"https:\/\/tomajazz.com\/web\/wp-json\/wp\/v2\/comments?post=21615"}],"version-history":[{"count":5,"href":"https:\/\/tomajazz.com\/web\/wp-json\/wp\/v2\/posts\/21615\/revisions"}],"predecessor-version":[{"id":21636,"href":"https:\/\/tomajazz.com\/web\/wp-json\/wp\/v2\/posts\/21615\/revisions\/21636"}],"wp:featuredmedia":[{"embeddable":true,"href":"https:\/\/tomajazz.com\/web\/wp-json\/wp\/v2\/media\/21616"}],"wp:attachment":[{"href":"https:\/\/tomajazz.com\/web\/wp-json\/wp\/v2\/media?parent=21615"}],"wp:term":[{"taxonomy":"category","embeddable":true,"href":"https:\/\/tomajazz.com\/web\/wp-json\/wp\/v2\/categories?post=21615"},{"taxonomy":"post_tag","embeddable":true,"href":"https:\/\/tomajazz.com\/web\/wp-json\/wp\/v2\/tags?post=21615"}],"curies":[{"name":"wp","href":"https:\/\/api.w.org\/{rel}","templated":true}]}}