{"id":2236,"date":"2012-09-05T10:00:00","date_gmt":"2012-09-05T08:00:00","guid":{"rendered":"http:\/\/www.tomajazz.com\/web\/?p=2236"},"modified":"2016-05-21T20:29:59","modified_gmt":"2016-05-21T18:29:59","slug":"actis-dato-quartet-sin-fronteras-leo-records-2012","status":"publish","type":"post","link":"https:\/\/tomajazz.com\/web\/actis-dato-quartet-sin-fronteras-leo-records-2012\/","title":{"rendered":"Actis Dato Quartet: Sin Fronteras (Leo Records, 2012)"},"content":{"rendered":"<div><a href=\"http:\/\/www.tomajazz.com\/web\/wp-content\/uploads\/2012\/09\/actis-dato-quartet-sin-frontera.jpg\"><img loading=\"lazy\" decoding=\"async\" class=\"alignleft size-full wp-image-4519\" alt=\"actis dato quartet sin frontera\" src=\"http:\/\/www.tomajazz.com\/web\/wp-content\/uploads\/2012\/09\/actis-dato-quartet-sin-frontera.jpg\" width=\"200\" height=\"200\" title=\"\" srcset=\"https:\/\/tomajazz.com\/web\/wp-content\/uploads\/2012\/09\/actis-dato-quartet-sin-frontera.jpg 200w, https:\/\/tomajazz.com\/web\/wp-content\/uploads\/2012\/09\/actis-dato-quartet-sin-frontera-150x150.jpg 150w\" sizes=\"auto, (max-width: 200px) 100vw, 200px\" \/><\/a><\/div>\n<div style=\"text-align: justify;\">Imperturbable, <b>Carlo Actis Dato <\/b>contin\u00faa explotando en sus proyectos, entre otras, la calidez de la m\u00fasica de las costas norte y sur del Mediterr\u00e1neo. Como suele ser habitual, en sus formaciones encontramos a m\u00fasicos con los que ha compartido otros proyectos y grabaciones. En esta ocasi\u00f3n la formaci\u00f3n del <b>Actis Dato Quartet<\/b> es la misma que grab\u00f3 <i>2010<\/i>, mientras que el saxofonista <b>Beppe di Filippo<\/b> fue la segunda pata del <b>Atipico Trio<\/b> que grab\u00f3 <i>Eqquequa\u2019!!!<\/i>. En <i>Sin Fronteras<\/i>, del mismo modo que ocurre en la mayor\u00eda de sus grabaciones, encontramos m\u00fasica de inspiraci\u00f3n \u00e9tnica y un pu\u00f1ado de buenos solos, enmarcada en unas melod\u00edas alegres y luminosas, aunque en esta ocasi\u00f3n se echan en falta algunas de esas composiciones brillantes y contagiosas que son los elementos diferenciadores de algunas de sus m\u00faltiples grabaciones.<\/div>\n<p>\u00a9 Pachi Tapiz, 2012<\/p>\n<p>Actis Dato Quartet: <i>Sin Fronteras<\/i> ***<\/p>\n<p>Carlo Actis Dato (saxos bar\u00edtono y tenor, y clarinete bajo), Beppe di Filippo (saxos alto y soprano), Matteo Ravizza (contrabajo), Daniele Bertone (bater\u00eda y percusi\u00f3n)<\/p>\n<p>\u00abHotel du Soleil\u00bb, \u00abDakhla\u00bb, \u00abSegreto di Pulcinella\u00bb, \u00abTangaccio\u00bb, \u00abEmirates\u00bb, \u00abTar\u00ecfa\u00bb, \u00abTibidabo\u00bb, \u00abNikko\u00bb, \u00abFela\u00bb, \u00abCarreteras\u00bb<br \/>\nTodos los temas compuestos por Carlo Actis Dato<\/p>\n<p>Grabado entre el 11 y el 14 de septiembre de 2011 en Potacomaro, Italia. Publicado por Leo Records en 2012. CD LR 646. <a href=\"http:\/\/www.leorecords.com\/\" target=\"_blank\" rel=\"noopener\">www.leorecords.com<\/a><\/p>\n<div><\/div>\n","protected":false},"excerpt":{"rendered":"<p>Imperturbable, Carlo Actis Dato contin\u00faa explotando en sus proyectos, entre otras, la calidez de la m\u00fasica de las costas norte y sur del Mediterr\u00e1neo. Como suele ser habitual, en sus formaciones encontramos a m\u00fasicos con los que ha compartido otros proyectos y grabaciones. En esta ocasi\u00f3n la formaci\u00f3n del Actis<span class=\"more-link\"><a href=\"https:\/\/tomajazz.com\/web\/actis-dato-quartet-sin-fronteras-leo-records-2012\/\">Contin\u00faa leyendo<\/a><\/span><\/p>\n","protected":false},"author":1,"featured_media":4519,"comment_status":"open","ping_status":"closed","sticky":false,"template":"","format":"standard","meta":{"jetpack_post_was_ever_published":false,"_jetpack_newsletter_access":"","_jetpack_dont_email_post_to_subs":false,"_jetpack_newsletter_tier_id":0,"_jetpack_memberships_contains_paywalled_content":false,"_jetpack_memberships_contains_paid_content":false,"footnotes":""},"categories":[4313,5,1038,4758],"tags":[12651,12696,13,12415,15295,16099,77,16100],"class_list":["entry","author-pachi","post-2236","post","type-post","status-publish","format-standard","has-post-thumbnail","category-bun","category-grabaciones","category-contenidos","category-blogs","tag-cd","tag-grabaciones","tag-jazz","tag-jazz-en-espana","tag-jazz-en-espanol","tag-toma-jazz","tag-tomajazz","tag-tomajazz-toma-jazz"],"jetpack_featured_media_url":"https:\/\/tomajazz.com\/web\/wp-content\/uploads\/2012\/09\/actis-dato-quartet-sin-frontera.jpg","jetpack_likes_enabled":true,"jetpack_sharing_enabled":true,"jetpack-related-posts":[{"id":3017,"url":"https:\/\/tomajazz.com\/web\/actis-dato-quartet-world-tour\/","url_meta":{"origin":2236,"position":0},"title":"Actis Dato Quartet: World Tour","author":"Tomajazz","date":"14 octubre, 2009","format":false,"excerpt":"Carlo Actis Dato tiene en funcionamiento al Actis Dato Quartet desde 1984. Con m\u00e1s de una docena de discos, en 2009 ha publicado en autoedici\u00f3n, coincidiendo son su 25\u00ba aniversario, World Tour. Un disco que no est\u00e1 grabado aqu\u00ed, sino all\u00e1 (Egipto, Etiop\u00eda, Kenya)... y todav\u00eda m\u00e1s all\u00e1 (Australia). Un\u2026","rel":"","context":"Entrada similar","block_context":{"text":"Entrada similar","link":""},"img":{"alt_text":"","src":"","width":0,"height":0},"classes":[]},{"id":2180,"url":"https:\/\/tomajazz.com\/web\/carlo-actis-dato-baldo-martinez-sonidos-de-la-tierra-universal-2012\/","url_meta":{"origin":2236,"position":1},"title":"Carlo Actis Dato &#8211; Baldo Mart\u00ednez: Sonidos de la tierra (Universal, 2012)","author":"Tomajazz","date":"15 noviembre, 2012","format":false,"excerpt":"Tras el estreno discogr\u00e1fico de Baldo Mart\u00ednez y Carlo Actis Dato en 2005 con Folklore Imaginario (Leo Records), llega la continuaci\u00f3n del trabajo de este peculiar d\u00fao de contrabajo y saxo bar\u00edtono \/ clarinete con el t\u00edtulo Sonidos de la tierra. Demasiado tiempo (de hecho el disco se grab\u00f3 en\u2026","rel":"","context":"En \u00abbun\u00bb","block_context":{"text":"bun","link":"https:\/\/tomajazz.com\/web\/category\/contenidos\/blogs\/bun\/"},"img":{"alt_text":"actis_dato_baldo_martinez_sonidos_de_la_tierra","src":"https:\/\/i0.wp.com\/www.tomajazz.com\/web\/wp-content\/uploads\/2012\/11\/actis_dato_baldo_martinez_sonidos_de_la_tierra.jpg?resize=350%2C200","width":350,"height":200},"classes":[]},{"id":28390,"url":"https:\/\/tomajazz.com\/web\/hdo-213-motif-david-s-ware-m-shipp-c-a-dato-e-rocco-d-burrell-b-stewart-podcast\/","url_meta":{"origin":2236,"position":2},"title":"HDO 213: MOTIF, David S. Ware \u2013 M.Shipp, C.A.Dato \u2013 E.Rocco, D.Burrell \u2013 B.Stewart [Podcast]","author":"Tomajazz","date":"27 diciembre, 2016","format":false,"excerpt":"Cuatro grabaciones en\u00a0HDO 213 del 27 de diciembre:\u00a0My Head Is Listening\u00a0(Clean Feed, 2016) del sexteto\u00a0MOTIF;\u00a0Live in Sant'Anna Arresi, 2004 (AUM Fidelity, 2016) de\u00a0David S. Ware - Matthew Shipp;\u00a0Noise from the Neighbours (Setola Di Maiale - Musiche Non Convenzionali, 2016) de\u00a0Carlo Actis Dato\/Enzo Rocco; finalmente otro d\u00fao en el LP\u00a0The Crave.\u2026","rel":"","context":"En \u00ab*_Pachi Tapiz\u00bb","block_context":{"text":"*_Pachi Tapiz","link":"https:\/\/tomajazz.com\/web\/category\/pachi-tapiz\/"},"img":{"alt_text":"","src":"https:\/\/i0.wp.com\/www.tomajazz.com\/web\/wp-content\/uploads\/2016\/12\/Carlo-Actis-Dato-Enzo-Rocco_Noise-from-the-Neighbours_Setola-Di-Maiale-Musiche-Non-Convenzionali_2016-200x200.jpg?resize=350%2C200","width":350,"height":200},"classes":[]},{"id":102716,"url":"https:\/\/tomajazz.com\/web\/satoko-fujii-quartet-burning-wick-2025\/","url_meta":{"origin":2236,"position":3},"title":"Satoko Fujii Quartet: Burning Wick (Libra Records; 2025) Por Pachi Tapiz [Grabaci\u00f3n de jazz]","author":"Tomajazz","date":"10 diciembre, 2025","format":false,"excerpt":"Burning Wick (Libra Records; 2025) es lo nuevo de Satoko Fujii Quartet. Pachi Tapiz repasa la grabaci\u00f3n. Con Satoko Fujii, Natsuki Tamura, Hayakawa Takeharu, Tatsuya Yoshida","rel":"","context":"En \u00ab*_Pachi Tapiz\u00bb","block_context":{"text":"*_Pachi Tapiz","link":"https:\/\/tomajazz.com\/web\/category\/pachi-tapiz\/"},"img":{"alt_text":"Satoko Fujii Quartet: Burning Wick (Libra Records; 2025) Por Pachi Tapiz [Grabaci\u00f3n de jazz] - Tomajazz - Burning Wick (Libra Records; 2025) es lo nuevo de Satoko Fujii Quartet. Pachi Tapiz repasa la grabaci\u00f3n. Con Satoko Fujii, Natsuki Tamura, Hayakawa Takeharu, Tatsuya Yoshida","src":"https:\/\/i0.wp.com\/tomajazz.com\/web\/wp-content\/uploads\/2025\/12\/Satoko-Fujii-Quartet-Burning-Wick-Libra-Records-2025-Tomajazz.jpg?resize=350%2C200&ssl=1","width":350,"height":200,"srcset":"https:\/\/i0.wp.com\/tomajazz.com\/web\/wp-content\/uploads\/2025\/12\/Satoko-Fujii-Quartet-Burning-Wick-Libra-Records-2025-Tomajazz.jpg?resize=350%2C200&ssl=1 1x, https:\/\/i0.wp.com\/tomajazz.com\/web\/wp-content\/uploads\/2025\/12\/Satoko-Fujii-Quartet-Burning-Wick-Libra-Records-2025-Tomajazz.jpg?resize=525%2C300&ssl=1 1.5x, https:\/\/i0.wp.com\/tomajazz.com\/web\/wp-content\/uploads\/2025\/12\/Satoko-Fujii-Quartet-Burning-Wick-Libra-Records-2025-Tomajazz.jpg?resize=700%2C400&ssl=1 2x"},"classes":[]},{"id":102957,"url":"https:\/\/tomajazz.com\/web\/nels-cline-consentrik-quartet-2025\/","url_meta":{"origin":2236,"position":4},"title":"Nels Cline: Consentrik Quartet (Blue Note Records, 2025)  Por Carlos Lara [Grabaci\u00f3n de jazz]","author":"Tomajazz","date":"24 diciembre, 2025","format":false,"excerpt":"Nels Cline estrena grupo y grabaci\u00f3n Consentrik Quartet (Blue Note, 2025) acompa\u00f1ado por Ingrid Laubrock, Chris Lightcap, Tom Rainey. Carlos Lara repasa la grabaci\u00f3n","rel":"","context":"En \u00ab*_Carlos Lara\u00bb","block_context":{"text":"*_Carlos Lara","link":"https:\/\/tomajazz.com\/web\/category\/carlos-lara\/"},"img":{"alt_text":"Nels Cline: Consentrik Quartet (Blue Note Records, 2025)  Por Carlos Lara [Grabaci\u00f3n de jazz] - Tomajazz - Nels Cline estrena grupo y grabaci\u00f3n Consentrik Quartet (Blue Note, 2025) acompa\u00f1ado por Ingrid Laubrock, Chris Lightcap, Tom Rainey. Carlos Lara repasa la grabaci\u00f3n","src":"https:\/\/i0.wp.com\/tomajazz.com\/web\/wp-content\/uploads\/2025\/12\/Nels-Cline-Consentrik-Quartet-Blue-Note-2025-Tomajazz.jpg?resize=350%2C200&ssl=1","width":350,"height":200,"srcset":"https:\/\/i0.wp.com\/tomajazz.com\/web\/wp-content\/uploads\/2025\/12\/Nels-Cline-Consentrik-Quartet-Blue-Note-2025-Tomajazz.jpg?resize=350%2C200&ssl=1 1x, https:\/\/i0.wp.com\/tomajazz.com\/web\/wp-content\/uploads\/2025\/12\/Nels-Cline-Consentrik-Quartet-Blue-Note-2025-Tomajazz.jpg?resize=525%2C300&ssl=1 1.5x, https:\/\/i0.wp.com\/tomajazz.com\/web\/wp-content\/uploads\/2025\/12\/Nels-Cline-Consentrik-Quartet-Blue-Note-2025-Tomajazz.jpg?resize=700%2C400&ssl=1 2x"},"classes":[]},{"id":101417,"url":"https:\/\/tomajazz.com\/web\/cesar-joaniquet-live-at-jazz-cava-2025\/","url_meta":{"origin":2236,"position":5},"title":"C\u00e8sar Joaniquet: Live at Jazz Cava (UnderPool Records; 2025) Por Carlos Lara [Grabaci\u00f3n de jazz]","author":"Tomajazz","date":"5 noviembre, 2025","format":false,"excerpt":"Live at Jazz Cava (UnderPool Records; 2025) es la nueva grabaci\u00f3n de C\u00e8sar Joaniquet:. Carlos Lara repasa la grabaci\u00f3n. Con C\u00e8sar Joaniquet, Artur Tu\u017anik), Brice Soniano, Kasper Tom Christiansen","rel":"","context":"En \u00abGrabaciones...\u00bb","block_context":{"text":"Grabaciones...","link":"https:\/\/tomajazz.com\/web\/category\/contenidos\/textos\/grabaciones\/"},"img":{"alt_text":"C\u00e8sar Joaniquet: Live at Jazz Cava (UnderPool Records; 2025) Por Carlos Lara [Grabaci\u00f3n de jazz] - Tomajazz - Live at Jazz Cava (UnderPool Records; 2025) es la nueva grabaci\u00f3n de C\u00e8sar Joaniquet:. Carlos Lara repasa la grabaci\u00f3n. Con C\u00e8sar Joaniquet, Artur Tu\u017anik), Brice Soniano, Kasper Tom Christiansen","src":"https:\/\/i0.wp.com\/tomajazz.com\/web\/wp-content\/uploads\/2025\/11\/Cesar-Joaniquet-Live-at-Jazz-Cava-UnderPool-Records-2025.jpg?resize=350%2C200&ssl=1","width":350,"height":200},"classes":[]}],"_links":{"self":[{"href":"https:\/\/tomajazz.com\/web\/wp-json\/wp\/v2\/posts\/2236","targetHints":{"allow":["GET"]}}],"collection":[{"href":"https:\/\/tomajazz.com\/web\/wp-json\/wp\/v2\/posts"}],"about":[{"href":"https:\/\/tomajazz.com\/web\/wp-json\/wp\/v2\/types\/post"}],"author":[{"embeddable":true,"href":"https:\/\/tomajazz.com\/web\/wp-json\/wp\/v2\/users\/1"}],"replies":[{"embeddable":true,"href":"https:\/\/tomajazz.com\/web\/wp-json\/wp\/v2\/comments?post=2236"}],"version-history":[{"count":4,"href":"https:\/\/tomajazz.com\/web\/wp-json\/wp\/v2\/posts\/2236\/revisions"}],"predecessor-version":[{"id":23383,"href":"https:\/\/tomajazz.com\/web\/wp-json\/wp\/v2\/posts\/2236\/revisions\/23383"}],"wp:featuredmedia":[{"embeddable":true,"href":"https:\/\/tomajazz.com\/web\/wp-json\/wp\/v2\/media\/4519"}],"wp:attachment":[{"href":"https:\/\/tomajazz.com\/web\/wp-json\/wp\/v2\/media?parent=2236"}],"wp:term":[{"taxonomy":"category","embeddable":true,"href":"https:\/\/tomajazz.com\/web\/wp-json\/wp\/v2\/categories?post=2236"},{"taxonomy":"post_tag","embeddable":true,"href":"https:\/\/tomajazz.com\/web\/wp-json\/wp\/v2\/tags?post=2236"}],"curies":[{"name":"wp","href":"https:\/\/api.w.org\/{rel}","templated":true}]}}