{"id":2237,"date":"2012-09-04T17:00:00","date_gmt":"2012-09-04T15:00:00","guid":{"rendered":"http:\/\/www.tomajazz.com\/web\/?p=2237"},"modified":"2016-05-21T20:29:59","modified_gmt":"2016-05-21T18:29:59","slug":"leido-visto-o-escuchado-miguel-bose-sobre-monk-y-el-jazz","status":"publish","type":"post","link":"https:\/\/tomajazz.com\/web\/leido-visto-o-escuchado-miguel-bose-sobre-monk-y-el-jazz\/","title":{"rendered":"Le\u00eddo, visto o escuchado: Miguel Bos\u00e9 sobre Monk (y el jazz)"},"content":{"rendered":"<div><\/div>\n<div><a href=\"http:\/\/3.bp.blogspot.com\/-OX6LRRSSfsg\/UDtDSProa4I\/AAAAAAAAFNw\/LnbYJcIaGNA\/s1600\/Miguel_bose_200.jpg\" target=\"_blank\" rel=\"noopener\"><img loading=\"lazy\" decoding=\"async\" alt=\"\" src=\"http:\/\/3.bp.blogspot.com\/-OX6LRRSSfsg\/UDtDSProa4I\/AAAAAAAAFNw\/LnbYJcIaGNA\/s200\/Miguel_bose_200.jpg\" width=\"200\" height=\"255\" border=\"0\" title=\"\"><\/a><\/div>\n<p><b>Jaume Collell<\/b>: \u00bfLe atrae el jazz?<\/p>\n<p><b>Miguel Bos\u00e9<\/b>: S\u00ed, pero no todo el jazz. Hay ciertos estilos y autores en los que no entro. Tambi\u00e9n me pasa con el <i>rock<\/i>, como tambi\u00e9n me pasa con mi propio estilo de m\u00fasica, el <i>pop<\/i>. En jazz, por ejemplo, el compositor y pianista <b>Thelonious Monk <\/b>es un autor de fondo, un autor ciertamente dif\u00edcil, pero que cuando lo escucho me resulta exquisito. Una pieza o te gusta o no te gusta. Nunca me pregunto por las razones, es una cuesti\u00f3n de piel.<\/p>\n<p>Entrevista de <b>Jaume Collell <\/b>a Miguel Bos\u00e9 publicada en el dominical <i>Magazine<\/i> del domingo 26 de agosto de 2012. <a href=\"http:\/\/www.magazinedigital.com\/reportajes\/los_reportajes_de_la_semana\/reportaje\/cnt_id\/8288#\" target=\"_blank\" rel=\"noopener\">Disponible en su p\u00e1gina web<\/a>.<\/p>\n<p>Imagen de <b>Miguel Bos\u00e9<\/b> por <b>Carolonline <\/b>tomada de <a href=\"http:\/\/commons.wikimedia.org\/wiki\/File:Miguel_bose.jpg?uselang=es\" target=\"_blank\" rel=\"noopener\">Wikipedia<\/a><\/p>\n","protected":false},"excerpt":{"rendered":"<p>Jaume Collell: \u00bfLe atrae el jazz? Miguel Bos\u00e9: S\u00ed, pero no todo el jazz. Hay ciertos estilos y autores en los que no entro. Tambi\u00e9n me pasa con el rock, como tambi\u00e9n me pasa con mi propio estilo de m\u00fasica, el pop. En jazz, por ejemplo, el compositor y pianista<span class=\"more-link\"><a href=\"https:\/\/tomajazz.com\/web\/leido-visto-o-escuchado-miguel-bose-sobre-monk-y-el-jazz\/\">Contin\u00faa leyendo<\/a><\/span><\/p>\n","protected":false},"author":1,"featured_media":0,"comment_status":"open","ping_status":"closed","sticky":false,"template":"","format":"standard","meta":{"_jetpack_newsletter_access":"","_jetpack_dont_email_post_to_subs":false,"_jetpack_newsletter_tier_id":0,"_jetpack_memberships_contains_paywalled_content":false,"_jetpack_feature_clip_id":0,"_jetpack_memberships_contains_paid_content":false,"footnotes":"","jetpack_post_was_ever_published":false},"categories":[4313,1038,4758],"tags":[16099,16100],"class_list":["entry","author-pachi","post-2237","post","type-post","status-publish","format-standard","category-bun","category-contenidos","category-blogs","tag-toma-jazz","tag-tomajazz-toma-jazz"],"jetpack_likes_enabled":true,"jetpack_sharing_enabled":true,"jetpack-related-posts":[{"id":56829,"url":"https:\/\/tomajazz.com\/web\/notas-de-humor-by-kuto-septiembre-2021-humor-y-jazz\/","url_meta":{"origin":2237,"position":0},"title":"Notas de Humor by Kuto. Septiembre 2021 [Humor y Jazz]","author":"Tomajazz","date":"1 septiembre, 2021","format":false,"excerpt":"Comenzamos la temporada 2021-22, con Tomajazz habiendo cumplido ya 20 a\u00f1os, con la aportaci\u00f3n mensual a la secci\u00f3n \"Notas de Humor by Kuto\".","rel":"","context":"En \u00ab*_Don Kuto\u00bb","block_context":{"text":"*_Don Kuto","link":"https:\/\/tomajazz.com\/web\/category\/don-kuto\/"},"img":{"alt_text":"","src":"https:\/\/i0.wp.com\/tomajazz.com\/web\/wp-content\/uploads\/2021\/08\/concierto-miguel.-Septiembre-2021.jpg?resize=350%2C200&ssl=1","width":350,"height":200,"srcset":"https:\/\/i0.wp.com\/tomajazz.com\/web\/wp-content\/uploads\/2021\/08\/concierto-miguel.-Septiembre-2021.jpg?resize=350%2C200&ssl=1 1x, https:\/\/i0.wp.com\/tomajazz.com\/web\/wp-content\/uploads\/2021\/08\/concierto-miguel.-Septiembre-2021.jpg?resize=525%2C300&ssl=1 1.5x, https:\/\/i0.wp.com\/tomajazz.com\/web\/wp-content\/uploads\/2021\/08\/concierto-miguel.-Septiembre-2021.jpg?resize=700%2C400&ssl=1 2x, https:\/\/i0.wp.com\/tomajazz.com\/web\/wp-content\/uploads\/2021\/08\/concierto-miguel.-Septiembre-2021.jpg?resize=1050%2C600&ssl=1 3x"},"classes":[]},{"id":102624,"url":"https:\/\/tomajazz.com\/web\/meredith-monk-cellular-songs-ecm-2025\/","url_meta":{"origin":2237,"position":1},"title":"Meredith Monk: Cellular Songs (ECM; 2025) Por Pachi Tapiz [Grabaci\u00f3n de jazz]","author":"Tomajazz","date":"6 diciembre, 2025","format":false,"excerpt":"Cellular Songs (ECM; 2025) es lo nuevo de Meredith Monk en su 60\u00ba a\u00f1o de carrera. Pachi Tapiz repasa la grabaci\u00f3n. Con Meredith Monk, Ellen Fisher, Katie Geissinger, Joanna Lynn-Jacobs, Allison Sniffinm, John Hollenbeck","rel":"","context":"En \u00ab*_Pachi Tapiz\u00bb","block_context":{"text":"*_Pachi Tapiz","link":"https:\/\/tomajazz.com\/web\/category\/pachi-tapiz\/"},"img":{"alt_text":"Meredith Monk: Cellular Songs (ECM; 2025) Por Pachi Tapiz [Grabaci\u00f3n de jazz] - Tomajazz - Cellular Songs (ECM; 2025) es lo nuevo de Meredith Monk en su 60\u00ba a\u00f1o de carrera. Pachi Tapiz repasa la grabaci\u00f3n. Con Meredith Monk,  Ellen Fisher, Katie Geissinger, Joanna Lynn-Jacobs, Allison Sniffinm, John Hollenbeck","src":"https:\/\/i0.wp.com\/tomajazz.com\/web\/wp-content\/uploads\/2025\/12\/Meredith-Monk-Cellular-Songs-ECM-2025-Tomajazz.jpg?resize=350%2C200&ssl=1","width":350,"height":200,"srcset":"https:\/\/i0.wp.com\/tomajazz.com\/web\/wp-content\/uploads\/2025\/12\/Meredith-Monk-Cellular-Songs-ECM-2025-Tomajazz.jpg?resize=350%2C200&ssl=1 1x, https:\/\/i0.wp.com\/tomajazz.com\/web\/wp-content\/uploads\/2025\/12\/Meredith-Monk-Cellular-Songs-ECM-2025-Tomajazz.jpg?resize=525%2C300&ssl=1 1.5x, https:\/\/i0.wp.com\/tomajazz.com\/web\/wp-content\/uploads\/2025\/12\/Meredith-Monk-Cellular-Songs-ECM-2025-Tomajazz.jpg?resize=700%2C400&ssl=1 2x"},"classes":[]},{"id":105602,"url":"https:\/\/tomajazz.com\/web\/sonny-rollins-en-su-salsa-erdc-2026-05\/","url_meta":{"origin":2237,"position":2},"title":"Sonny Rollins en su salsa. Por Chema Garc\u00eda [Escrito de jazz AKA El Rinc\u00f3n de Chema] [Mayo de 2026]","author":"Tomajazz","date":"26 mayo, 2026","format":false,"excerpt":"Sonny Rollins en su salsa. Chema Garc\u00eda recuerda al saxofonista, fallecido el 25 de mayo de 2026, con una entrevista realizada en 2006","rel":"","context":"En \u00abEl rinc\u00f3n de Chema\u00bb","block_context":{"text":"El rinc\u00f3n de Chema","link":"https:\/\/tomajazz.com\/web\/category\/contenidos\/especial-contenidos\/el-rincon-de-chema\/"},"img":{"alt_text":"Sonny Rollins en su salsa. Por Chema Garc\u00eda [Escrito de jazz AKA El Rinc\u00f3n de Chema] [Mayo de 2026] - Tomajazz - Sonny Rollins en su salsa. Chema Garc\u00eda recuerda al saxofonista, fallecido el 25 de mayo de 2026, con una entrevista realizada en 2006","src":"https:\/\/i0.wp.com\/tomajazz.com\/web\/wp-content\/uploads\/2026\/05\/Sonny-Rollins-grande-1.jpg?resize=350%2C200&ssl=1","width":350,"height":200,"srcset":"https:\/\/i0.wp.com\/tomajazz.com\/web\/wp-content\/uploads\/2026\/05\/Sonny-Rollins-grande-1.jpg?resize=350%2C200&ssl=1 1x, https:\/\/i0.wp.com\/tomajazz.com\/web\/wp-content\/uploads\/2026\/05\/Sonny-Rollins-grande-1.jpg?resize=525%2C300&ssl=1 1.5x"},"classes":[]},{"id":106116,"url":"https:\/\/tomajazz.com\/web\/jam-session-express-caixaforum-palma-2026\/","url_meta":{"origin":2237,"position":3},"title":"Jam Session Express. Sa Factoria de M\u00fasics (Noche de Jazz y Movimiento. Caixaforum Palma. 2026-07-02) Por Miquel \u00c0ngel Segu\u00ed y Jos\u00e9 Luis Luna Rocafort [Concierto de jazz]","author":"Tomajazz","date":"4 agosto, 2026","format":false,"excerpt":"En la Noche de Jazz y Movimiento de Caixaforum Palma se celebr\u00f3 el 2 de julio de 2026 una Jam Session Express con Sa Factoria de M\u00fasics. Miquel \u00c0ngel Segu\u00ed y Jos\u00e9 Luis Luna Rocafort relatan la jornada. Actuaron Omar Lanuti, Juanan Torrandell, Toni Beltr\u00e1n, Tom\u00e1s Montero, Mart\u00ed Jaume, Jan\u2026","rel":"","context":"En \u00abConciertos...\u00bb","block_context":{"text":"Conciertos...","link":"https:\/\/tomajazz.com\/web\/category\/contenidos\/textos\/conciertos\/"},"img":{"alt_text":"Jam Session Express. Sa Factoria de M\u00fasics (Noche de Jazz y Movimiento. Caixaforum Palma. 2026-07-02) Por Miquel \u00c0ngel Segu\u00ed y Jos\u00e9 Luis Luna Rocafort [Concierto de jazz] - Tomajazz - En la Noche de Jazz y Movimiento de Caixaforum Palma se celebr\u00f3 el 2 de julio de 2026 una Jam Session Express con Sa Factoria de M\u00fasics. Miquel \u00c0ngel Segu\u00ed y Jos\u00e9 Luis Luna Rocafort relatan la jornada. Actuaron Omar Lanuti, Juanan Torrandell, Toni Beltr\u00e1n, Tom\u00e1s Montero, Mart\u00ed Jaume, Jan Tugores, Mercedes Guibe, Merc\u00e8 Ram\u00edrez\n","src":"https:\/\/i0.wp.com\/tomajazz.com\/web\/wp-content\/uploads\/2026\/08\/012.jpg?resize=350%2C200&ssl=1","width":350,"height":200,"srcset":"https:\/\/i0.wp.com\/tomajazz.com\/web\/wp-content\/uploads\/2026\/08\/012.jpg?resize=350%2C200&ssl=1 1x, https:\/\/i0.wp.com\/tomajazz.com\/web\/wp-content\/uploads\/2026\/08\/012.jpg?resize=525%2C300&ssl=1 1.5x"},"classes":[]},{"id":101826,"url":"https:\/\/tomajazz.com\/web\/chick-corea-trilogy-3-2025\/","url_meta":{"origin":2237,"position":4},"title":"Chick Corea: Trilogy 3 (Candid Records; 2025) Por Carlos Lara [Grabaci\u00f3n de jazz]","author":"Tomajazz","date":"15 noviembre, 2025","format":false,"excerpt":"Trilogy 3 (Candid Records; 2025) es la \u00faltima grabaci\u00f3n publicada de Chick Corea. Carlos Lara repasa la obra. Con Chick Corea, Christian McBride, Brian Blade","rel":"","context":"En \u00abGrabaciones...\u00bb","block_context":{"text":"Grabaciones...","link":"https:\/\/tomajazz.com\/web\/category\/contenidos\/textos\/grabaciones\/"},"img":{"alt_text":"Chick Corea: Trilogy 3 (Candid Records; 2025) Por Carlos Lara [Grabaci\u00f3n de jazz] - Tomajazz - Trilogy 3 (Candid Records; 2025) es la \u00faltima grabaci\u00f3n publicada de Chick Corea. Carlos Lara repasa la obra. Con Chick Corea, Christian McBride, Brian Blade","src":"https:\/\/i0.wp.com\/tomajazz.com\/web\/wp-content\/uploads\/2025\/11\/Chick-Corea-Trilogy-3-Candid-Records-2025-Tomajazz.jpg?resize=350%2C200&ssl=1","width":350,"height":200,"srcset":"https:\/\/i0.wp.com\/tomajazz.com\/web\/wp-content\/uploads\/2025\/11\/Chick-Corea-Trilogy-3-Candid-Records-2025-Tomajazz.jpg?resize=350%2C200&ssl=1 1x, https:\/\/i0.wp.com\/tomajazz.com\/web\/wp-content\/uploads\/2025\/11\/Chick-Corea-Trilogy-3-Candid-Records-2025-Tomajazz.jpg?resize=525%2C300&ssl=1 1.5x, https:\/\/i0.wp.com\/tomajazz.com\/web\/wp-content\/uploads\/2025\/11\/Chick-Corea-Trilogy-3-Candid-Records-2025-Tomajazz.jpg?resize=700%2C400&ssl=1 2x"},"classes":[]},{"id":106619,"url":"https:\/\/tomajazz.com\/web\/pep-garau-septet-palma-2026\/","url_meta":{"origin":2237,"position":5},"title":"Pep Garau Septet (Jazz Palma Festival 2026. Castell de Bellver, Palma de Mallorca. 2026-08-13) Por Miquel \u00c0ngel Segu\u00ed y Jos\u00e9 Luis Luna Rocafort [Concierto de jazz]","author":"Tomajazz","date":"20 agosto, 2026","format":false,"excerpt":"Pep Garau Septet actu\u00f3 en el Jazz Palma Festival 2026. Miquel \u00c0ngel Segu\u00ed y Jos\u00e9 Luis Luna Rocafort repasan el concierto. Actuaron Pep Garau, Enrique Oliver, Jaume Riera, Marko Lohikari, Benji Habichuela, Josep Llu\u00eds Garcia, Marius Koopmann","rel":"","context":"En \u00abConciertos...\u00bb","block_context":{"text":"Conciertos...","link":"https:\/\/tomajazz.com\/web\/category\/contenidos\/textos\/conciertos\/"},"img":{"alt_text":"Pep Garau Septet (Jazz Palma Festival 2026. Castell de Bellver, Palma de Mallorca. 2026-08-13) Por Miquel \u00c0ngel Segu\u00ed y Jos\u00e9 Luis Luna Rocafort [Concierto de jazz] - Tomajazz - Pep Garau Septet actu\u00f3 en el Jazz Palma Festival 2026. Miquel \u00c0ngel Segu\u00ed y Jos\u00e9 Luis Luna Rocafort repasan el concierto. Actuaron Pep Garau, Enrique Oliver, Jaume Riera, Marko Lohikari, Benji Habichuela, Josep Llu\u00eds Garcia, Marius Koopmann\n","src":"https:\/\/i0.wp.com\/tomajazz.com\/web\/wp-content\/uploads\/2026\/08\/014-7.jpg?resize=350%2C200&ssl=1","width":350,"height":200,"srcset":"https:\/\/i0.wp.com\/tomajazz.com\/web\/wp-content\/uploads\/2026\/08\/014-7.jpg?resize=350%2C200&ssl=1 1x, https:\/\/i0.wp.com\/tomajazz.com\/web\/wp-content\/uploads\/2026\/08\/014-7.jpg?resize=525%2C300&ssl=1 1.5x"},"classes":[]}],"jetpack_featured_media_url":"","_links":{"self":[{"href":"https:\/\/tomajazz.com\/web\/wp-json\/wp\/v2\/posts\/2237","targetHints":{"allow":["GET"]}}],"collection":[{"href":"https:\/\/tomajazz.com\/web\/wp-json\/wp\/v2\/posts"}],"about":[{"href":"https:\/\/tomajazz.com\/web\/wp-json\/wp\/v2\/types\/post"}],"author":[{"embeddable":true,"href":"https:\/\/tomajazz.com\/web\/wp-json\/wp\/v2\/users\/1"}],"replies":[{"embeddable":true,"href":"https:\/\/tomajazz.com\/web\/wp-json\/wp\/v2\/comments?post=2237"}],"version-history":[{"count":4,"href":"https:\/\/tomajazz.com\/web\/wp-json\/wp\/v2\/posts\/2237\/revisions"}],"predecessor-version":[{"id":24364,"href":"https:\/\/tomajazz.com\/web\/wp-json\/wp\/v2\/posts\/2237\/revisions\/24364"}],"wp:attachment":[{"href":"https:\/\/tomajazz.com\/web\/wp-json\/wp\/v2\/media?parent=2237"}],"wp:term":[{"taxonomy":"category","embeddable":true,"href":"https:\/\/tomajazz.com\/web\/wp-json\/wp\/v2\/categories?post=2237"},{"taxonomy":"post_tag","embeddable":true,"href":"https:\/\/tomajazz.com\/web\/wp-json\/wp\/v2\/tags?post=2237"}],"curies":[{"name":"wp","href":"https:\/\/api.w.org\/{rel}","templated":true}]}}