{"id":2238,"date":"2012-09-04T10:00:00","date_gmt":"2012-09-04T08:00:00","guid":{"rendered":"http:\/\/www.tomajazz.com\/web\/?p=2238"},"modified":"2016-09-19T11:51:37","modified_gmt":"2016-09-19T09:51:37","slug":"larry-willis-this-time-the-dreams-on-me-highnote-2012-aka-veteranos-en-la-brecha-liii","status":"publish","type":"post","link":"https:\/\/tomajazz.com\/web\/larry-willis-this-time-the-dreams-on-me-highnote-2012-aka-veteranos-en-la-brecha-liii\/","title":{"rendered":"Larry Willis: This Time the Dream&#8217;s On Me (HighNote, 2012) [aka Veteranos en la brecha LIII]"},"content":{"rendered":"<div>\n<div><\/div>\n<p style=\"text-align: justify;\"><i><a href=\"http:\/\/www.tomajazz.com\/web\/wp-content\/uploads\/2012\/09\/larry-willis.jpg\"><img loading=\"lazy\" decoding=\"async\" class=\"alignleft size-full wp-image-4516\" alt=\"larry willis\" src=\"http:\/\/www.tomajazz.com\/web\/wp-content\/uploads\/2012\/09\/larry-willis.jpg\" width=\"200\" height=\"200\" title=\"\" srcset=\"https:\/\/tomajazz.com\/web\/wp-content\/uploads\/2012\/09\/larry-willis.jpg 200w, https:\/\/tomajazz.com\/web\/wp-content\/uploads\/2012\/09\/larry-willis-150x150.jpg 150w\" sizes=\"auto, (max-width: 200px) 100vw, 200px\" \/><\/a>This Time the Dream\u2019s On Me <\/i>es uno de esos discos al alcance de veteranos como <b>Larry Willis<\/b> (20 de diciembre de 1942). Una delicia que discurre lenta y suavemente, bajo la forma de <i>blues <\/i>y baladas, por medio de versiones de cl\u00e1sicos (<b>Ellington<\/b>, <b>Porter<\/b>, los <b>Gershwin <\/b>o <b>Billy Strayhorn<\/b>) y de temas originales, con un alg\u00fan toque <i>monkiano <\/i>puntual. Un disco atemporal con aroma a cl\u00e1sico.<\/p>\n<\/div>\n<p>\u00a9 Pachi Tapiz, 2012<\/p>\n<p>Larry Willis: <i>This Time the Dream&#8217;s On Me<\/i> *****<\/p>\n<p>Larry Willis (piano)<\/p>\n<p>\u00abThis Time The Dream&#8217;s On Me\u00bb (H. Arlen, J. Mercer), \u00abSanctuary\u00bb (L. Willis), \u00abTrue Love\u00bb (C. Porter), \u00abLazy Afternoon\u00bb (J. Moross, J. Latouche), \u00abA Single Petal of a Rose\u00bb (E. Ellington), \u00abBlues for Marco\u00bb (L. Willis), \u00abIt Could Happen to You\u00bb (J. Burke, J. van Heusen), \u00abLotus Blossom\u00bb (B. Strayhorn), \u00abSilly Blues\u00bb (L. Willis), \u00abMy Ship\u00bb (K. Weill, I. Gershwin)<\/p>\n<p>Grabado el 12 y 13 de noviembre de 2011 en the Fazioli Concert Hall, Sacile, Italia. Publicado en 2012 por HighNote. HCD 7238<\/p>\n","protected":false},"excerpt":{"rendered":"<p>This Time the Dream\u2019s On Me es uno de esos discos al alcance de veteranos como Larry Willis (20 de diciembre de 1942). Una delicia que discurre lenta y suavemente, bajo la forma de blues y baladas, por medio de versiones de cl\u00e1sicos (Ellington, Porter, los Gershwin o Billy Strayhorn)<span class=\"more-link\"><a href=\"https:\/\/tomajazz.com\/web\/larry-willis-this-time-the-dreams-on-me-highnote-2012-aka-veteranos-en-la-brecha-liii\/\">Contin\u00faa leyendo<\/a><\/span><\/p>\n","protected":false},"author":1,"featured_media":4516,"comment_status":"open","ping_status":"closed","sticky":false,"template":"","format":"standard","meta":{"jetpack_post_was_ever_published":false,"_jetpack_newsletter_access":"","_jetpack_dont_email_post_to_subs":true,"_jetpack_newsletter_tier_id":0,"_jetpack_memberships_contains_paywalled_content":false,"_jetpack_memberships_contains_paid_content":false,"footnotes":""},"categories":[4313,5,1038,4758],"tags":[12651,6637,12696,13,12415,15295,16099,77,16100],"class_list":["entry","author-pachi","post-2238","post","type-post","status-publish","format-standard","has-post-thumbnail","category-bun","category-grabaciones","category-contenidos","category-blogs","tag-cd","tag-duke-ellington","tag-grabaciones","tag-jazz","tag-jazz-en-espana","tag-jazz-en-espanol","tag-toma-jazz","tag-tomajazz","tag-tomajazz-toma-jazz"],"jetpack_featured_media_url":"https:\/\/tomajazz.com\/web\/wp-content\/uploads\/2012\/09\/larry-willis.jpg","jetpack_likes_enabled":true,"jetpack_sharing_enabled":true,"jetpack-related-posts":[{"id":46297,"url":"https:\/\/tomajazz.com\/web\/larry-willis-in-memoriam\/","url_meta":{"origin":2238,"position":0},"title":"Larry Willis In Memoriam","author":"Tomajazz","date":"8 octubre, 2019","format":false,"excerpt":"AAJ: Do you enjoy teaching? Do you think that this new world of jazz education\u2014even though it's taken the place of something that was invaluable, that is learning on the bandstand\u2014do you see something positive in the way it works now. LW: Not really, and I'll tell you why. In\u2026","rel":"","context":"En \u00ab*_Joan Cort\u00e8s\u00bb","block_context":{"text":"*_Joan Cort\u00e8s","link":"https:\/\/tomajazz.com\/web\/category\/joan-cortes\/"},"img":{"alt_text":"Larry Willis In Memoriam","src":"https:\/\/i0.wp.com\/tomajazz.com\/web\/wp-content\/uploads\/2019\/10\/Ob_17_Lrr-Wlls-%C2%A9Joan-Cort%C3%A8s_TskTrsk_CBI_Mlns-d-R.jpg?resize=350%2C200&ssl=1","width":350,"height":200},"classes":[]},{"id":2212,"url":"https:\/\/tomajazz.com\/web\/top-ten-22-noventa-y-nueve-minutos-y-algunos-segundos\/","url_meta":{"origin":2238,"position":1},"title":"Top Ten #22: noventa y nueve minutos, y algunos segundos&#8230;","author":"Tomajazz","date":"28 septiembre, 2012","format":false,"excerpt":"Doce temas, noventa y nueve minutos -casi cien- con algunos de mis temas favoritos que he ido seleccionando de entre algunos de los discos que en 2012 han ido llegando a mis manos. Lo que en otros tiempos habr\u00eda ido casi al completo en alguno de esos casetes que uno\u2026","rel":"","context":"En \u00abbun\u00bb","block_context":{"text":"bun","link":"https:\/\/tomajazz.com\/web\/category\/contenidos\/blogs\/bun\/"},"img":{"alt_text":"","src":"https:\/\/i0.wp.com\/1.bp.blogspot.com\/-Wzy0cjNxie8\/UGSl-OlBdEI\/AAAAAAAAFkQ\/64ztk_RkP6U\/s200\/fred%2Blonberg%2Bholm.jpeg?resize=350%2C200","width":350,"height":200},"classes":[]},{"id":9575,"url":"https:\/\/tomajazz.com\/web\/tomajazz-recomienda-un-cd-carmen-sings-monk-carmen-mcrae-1988\/","url_meta":{"origin":2238,"position":2},"title":"Tomajazz recomienda&#8230; un CD: Carmen Sings Monk (Carmen McRae, 1988)","author":"Tomajazz","date":"9 diciembre, 2013","format":false,"excerpt":"La recomendaci\u00f3n de esta semana bien podr\u00eda haber no tomado el nombre con que lo ha hecho, sino haber sido algo as\u00ed como \"Tomajazz recomienda un homenaje a Thelonious Monk\". En 1988, tres a\u00f1os antes de retirarse, la cantante Carmen McRae se daba en su pen\u00faltima grabaci\u00f3n un fest\u00edn monkiano.\u2026","rel":"","context":"En \u00ab*_Adolphus van Tenzing\u00bb","block_context":{"text":"*_Adolphus van Tenzing","link":"https:\/\/tomajazz.com\/web\/category\/adolphus-van-tenzing\/"},"img":{"alt_text":"Carmen_Sings_Monk","src":"https:\/\/i0.wp.com\/www.tomajazz.com\/web\/wp-content\/uploads\/2013\/12\/Carmen_Sings_Monk.jpg?resize=350%2C200","width":350,"height":200},"classes":[]},{"id":13964,"url":"https:\/\/tomajazz.com\/web\/miguel-angel-chastang-cuatro-generaciones-por-pachi-tapiz\/","url_meta":{"origin":2238,"position":3},"title":"Miguel \u00c1ngel Chastang: cuatro generaciones, por Pachi Tapiz","author":"Sergio Cabanillas","date":"25 febrero, 2007","format":false,"excerpt":"\u00a0 \u00a0 Miguel \u00c1ngel Chastang es uno de los contrabajistas m\u00e1s reputados de la escena nacional. Con un amplio historial a sus espaldas, recientemente ha publicado Four Generations: se trata de una de las mejores grabaciones nacionales de 2006, en la que ha contado con la participaci\u00f3n del bater\u00eda Al\u2026","rel":"","context":"En \u00ab*_Pachi Tapiz\u00bb","block_context":{"text":"*_Pachi Tapiz","link":"https:\/\/tomajazz.com\/web\/category\/pachi-tapiz\/"},"img":{"alt_text":"I Festival Jazz a Solo, Madrid, 22\/04\/2004 \u00a9 Sergio Cabanillas, 2004","src":"https:\/\/i0.wp.com\/www.tomajazz.com\/web\/wp-content\/uploads\/2014\/09\/chastang_miguelangel_2007_1.jpg?resize=350%2C200","width":350,"height":200},"classes":[]},{"id":103965,"url":"https:\/\/tomajazz.com\/web\/gilad-hekselman-downhill-from-here-2025\/","url_meta":{"origin":2238,"position":4},"title":"Gilad Hekselman: Downhill From Here (La Reserve Records; 2026) Por Carlos Lara [Grabaci\u00f3n de jazz]","author":"Tomajazz","date":"10 febrero, 2026","format":false,"excerpt":"Downhill From Here (La Reserve Records; 2026) es lo nuevo de Gilad Hekselman. Carlos Lara repasa la grabaci\u00f3n. Con Gilad Hekselman, Larry Grenadier, Marcus Gilmore","rel":"","context":"En \u00abGrabaciones...\u00bb","block_context":{"text":"Grabaciones...","link":"https:\/\/tomajazz.com\/web\/category\/contenidos\/textos\/grabaciones\/"},"img":{"alt_text":"Gilad Hekselman: Downhill From Here (La Reserve Records; 2026) Por Carlos Lara [Grabaci\u00f3n de jazz] - Tomajazz - Downhill From Here (La Reserve Records; 2026) es lo nuevo de Gilad Hekselman. Carlos Lara repasa la grabaci\u00f3n. Con Gilad Hekselman, Larry Grenadier, Marcus Gilmore","src":"https:\/\/i0.wp.com\/tomajazz.com\/web\/wp-content\/uploads\/2026\/02\/Gilad-Hekselman-Downhill-From-Here-La-Reserve-Records-2026.jpg?resize=350%2C200&ssl=1","width":350,"height":200,"srcset":"https:\/\/i0.wp.com\/tomajazz.com\/web\/wp-content\/uploads\/2026\/02\/Gilad-Hekselman-Downhill-From-Here-La-Reserve-Records-2026.jpg?resize=350%2C200&ssl=1 1x, https:\/\/i0.wp.com\/tomajazz.com\/web\/wp-content\/uploads\/2026\/02\/Gilad-Hekselman-Downhill-From-Here-La-Reserve-Records-2026.jpg?resize=525%2C300&ssl=1 1.5x, https:\/\/i0.wp.com\/tomajazz.com\/web\/wp-content\/uploads\/2026\/02\/Gilad-Hekselman-Downhill-From-Here-La-Reserve-Records-2026.jpg?resize=700%2C400&ssl=1 2x"},"classes":[]},{"id":102455,"url":"https:\/\/tomajazz.com\/web\/marty-ehrlich-trio-exaltation-this-time-2025\/","url_meta":{"origin":2238,"position":5},"title":"Marty Ehrlich Trio Exaltation: This Time (Sunnyside Records; 2025) Por Carlos Lara [Grabaci\u00f3n de jazz]","author":"Tomajazz","date":"2 diciembre, 2025","format":false,"excerpt":"This Time (Sunnyside Records; 2025) es la nueva grabaci\u00f3n de Marty Ehrlich Trio Exaltation: Carlos Lara repasa la grabaci\u00f3n. Con Marty Ehrlich, John Hebert, Nasheet Waits","rel":"","context":"En \u00abGrabaciones...\u00bb","block_context":{"text":"Grabaciones...","link":"https:\/\/tomajazz.com\/web\/category\/contenidos\/textos\/grabaciones\/"},"img":{"alt_text":"Marty Ehrlich Trio Exaltation: This Time (Sunnyside Records; 2025) Por Carlos Lara [Grabaci\u00f3n de jazz] - Tomajazz - This Time (Sunnyside Records; 2025) es la nueva grabaci\u00f3n de Marty Ehrlich Trio Exaltation: Carlos Lara repasa la grabaci\u00f3n. Con Marty Ehrlich, John Hebert, Nasheet Waits","src":"https:\/\/i0.wp.com\/tomajazz.com\/web\/wp-content\/uploads\/2025\/12\/Marty-Ehrlich-Trio-Exaltation-This-Time-Sunnyside-Records-2025-Tomajazz.jpg?resize=350%2C200&ssl=1","width":350,"height":200,"srcset":"https:\/\/i0.wp.com\/tomajazz.com\/web\/wp-content\/uploads\/2025\/12\/Marty-Ehrlich-Trio-Exaltation-This-Time-Sunnyside-Records-2025-Tomajazz.jpg?resize=350%2C200&ssl=1 1x, https:\/\/i0.wp.com\/tomajazz.com\/web\/wp-content\/uploads\/2025\/12\/Marty-Ehrlich-Trio-Exaltation-This-Time-Sunnyside-Records-2025-Tomajazz.jpg?resize=525%2C300&ssl=1 1.5x, https:\/\/i0.wp.com\/tomajazz.com\/web\/wp-content\/uploads\/2025\/12\/Marty-Ehrlich-Trio-Exaltation-This-Time-Sunnyside-Records-2025-Tomajazz.jpg?resize=700%2C400&ssl=1 2x"},"classes":[]}],"_links":{"self":[{"href":"https:\/\/tomajazz.com\/web\/wp-json\/wp\/v2\/posts\/2238","targetHints":{"allow":["GET"]}}],"collection":[{"href":"https:\/\/tomajazz.com\/web\/wp-json\/wp\/v2\/posts"}],"about":[{"href":"https:\/\/tomajazz.com\/web\/wp-json\/wp\/v2\/types\/post"}],"author":[{"embeddable":true,"href":"https:\/\/tomajazz.com\/web\/wp-json\/wp\/v2\/users\/1"}],"replies":[{"embeddable":true,"href":"https:\/\/tomajazz.com\/web\/wp-json\/wp\/v2\/comments?post=2238"}],"version-history":[{"count":3,"href":"https:\/\/tomajazz.com\/web\/wp-json\/wp\/v2\/posts\/2238\/revisions"}],"predecessor-version":[{"id":23384,"href":"https:\/\/tomajazz.com\/web\/wp-json\/wp\/v2\/posts\/2238\/revisions\/23384"}],"wp:featuredmedia":[{"embeddable":true,"href":"https:\/\/tomajazz.com\/web\/wp-json\/wp\/v2\/media\/4516"}],"wp:attachment":[{"href":"https:\/\/tomajazz.com\/web\/wp-json\/wp\/v2\/media?parent=2238"}],"wp:term":[{"taxonomy":"category","embeddable":true,"href":"https:\/\/tomajazz.com\/web\/wp-json\/wp\/v2\/categories?post=2238"},{"taxonomy":"post_tag","embeddable":true,"href":"https:\/\/tomajazz.com\/web\/wp-json\/wp\/v2\/tags?post=2238"}],"curies":[{"name":"wp","href":"https:\/\/api.w.org\/{rel}","templated":true}]}}