{"id":22390,"date":"2016-02-24T11:13:51","date_gmt":"2016-02-24T10:13:51","guid":{"rendered":"http:\/\/www.tomajazz.com\/web\/?p=22390"},"modified":"2021-07-18T13:58:52","modified_gmt":"2021-07-18T11:58:52","slug":"jazz-en-palencia-iii-preparados-listos-jazz-2o-festival-vijazzmuriel-noticias","status":"publish","type":"post","link":"https:\/\/tomajazz.com\/web\/jazz-en-palencia-iii-preparados-listos-jazz-2o-festival-vijazzmuriel-noticias\/","title":{"rendered":"Jazz en Palencia: III Preparados, listos&#8230; Jazz!!. 2\u00ba Festival ViJazzMuriel [Noticias]"},"content":{"rendered":"<p><img loading=\"lazy\" decoding=\"async\" class=\"aligncenter size-large wp-image-22391\" src=\"http:\/\/www.tomajazz.com\/web\/wp-content\/uploads\/2016\/02\/III-Preparados-Listos-Jazz_2016_Palencia-428x600.jpg\" alt=\"III Preparados Listos Jazz_2016_Palencia\" width=\"428\" height=\"600\" title=\"\" srcset=\"https:\/\/tomajazz.com\/web\/wp-content\/uploads\/2016\/02\/III-Preparados-Listos-Jazz_2016_Palencia-428x600.jpg 428w, https:\/\/tomajazz.com\/web\/wp-content\/uploads\/2016\/02\/III-Preparados-Listos-Jazz_2016_Palencia-107x150.jpg 107w, https:\/\/tomajazz.com\/web\/wp-content\/uploads\/2016\/02\/III-Preparados-Listos-Jazz_2016_Palencia-200x281.jpg 200w, https:\/\/tomajazz.com\/web\/wp-content\/uploads\/2016\/02\/III-Preparados-Listos-Jazz_2016_Palencia-768x1078.jpg 768w, https:\/\/tomajazz.com\/web\/wp-content\/uploads\/2016\/02\/III-Preparados-Listos-Jazz_2016_Palencia-39x55.jpg 39w, https:\/\/tomajazz.com\/web\/wp-content\/uploads\/2016\/02\/III-Preparados-Listos-Jazz_2016_Palencia.jpg 1000w\" sizes=\"auto, (max-width: 428px) 100vw, 428px\" \/><\/p>\n<p>III Preparados, Listos&#8230; Jazz!!!<br \/>\nMarzo &#8211; Abril 2016<br \/>\nS\u00e1bado 12 de marzo. Mastretta<br \/>\nS\u00e1bado 19 de marzo. Antonio Serrano &amp; Amigos<br \/>\nS\u00e1bado 2 de abril. V\u00edctor Ant\u00f3n Group<br \/>\nConciertos a las 21:00<br \/>\nTeatro Principal<br \/>\nPalencia<\/p>\n<p style=\"text-align: center;\"><img loading=\"lazy\" decoding=\"async\" class=\"aligncenter size-large wp-image-22392\" src=\"http:\/\/www.tomajazz.com\/web\/wp-content\/uploads\/2016\/02\/ViJazzMurriel_2016-424x600.jpg\" alt=\"ViJazzMurriel_2016\" width=\"424\" height=\"600\" title=\"\" srcset=\"https:\/\/tomajazz.com\/web\/wp-content\/uploads\/2016\/02\/ViJazzMurriel_2016-424x600.jpg 424w, https:\/\/tomajazz.com\/web\/wp-content\/uploads\/2016\/02\/ViJazzMurriel_2016-106x150.jpg 106w, https:\/\/tomajazz.com\/web\/wp-content\/uploads\/2016\/02\/ViJazzMurriel_2016-200x283.jpg 200w, https:\/\/tomajazz.com\/web\/wp-content\/uploads\/2016\/02\/ViJazzMurriel_2016-768x1086.jpg 768w, https:\/\/tomajazz.com\/web\/wp-content\/uploads\/2016\/02\/ViJazzMurriel_2016-39x55.jpg 39w, https:\/\/tomajazz.com\/web\/wp-content\/uploads\/2016\/02\/ViJazzMurriel_2016.jpg 1404w\" sizes=\"auto, (max-width: 424px) 100vw, 424px\" \/><\/p>\n<p>2\u00ba Festival ViJazzMuriel<br \/>\nMarzo 2016<br \/>\nViernes 4. C\u00e9sar Tejero Tr\u00edo<br \/>\nS\u00e1bado 5. Modulando Big Band<br \/>\nDomingo 6. Odrarec Ensemble<br \/>\nConciertos a las 19:30<br \/>\nVillamuriel de Cerrato, Palencia<\/p>\n","protected":false},"excerpt":{"rendered":"<p>III Preparados, Listos&#8230; Jazz!!! Marzo &#8211; Abril 2016 S\u00e1bado 12 de marzo. Mastretta S\u00e1bado 19 de marzo. Antonio Serrano &amp; Amigos S\u00e1bado 2 de abril. V\u00edctor Ant\u00f3n Group Conciertos a las 21:00 Teatro Principal Palencia 2\u00ba Festival ViJazzMuriel Marzo 2016 Viernes 4. C\u00e9sar Tejero Tr\u00edo S\u00e1bado 5. Modulando Big Band<span class=\"more-link\"><a href=\"https:\/\/tomajazz.com\/web\/jazz-en-palencia-iii-preparados-listos-jazz-2o-festival-vijazzmuriel-noticias\/\">Contin\u00faa leyendo<\/a><\/span><\/p>\n","protected":false},"author":1,"featured_media":22391,"comment_status":"open","ping_status":"closed","sticky":false,"template":"","format":"standard","meta":{"jetpack_post_was_ever_published":false,"_jetpack_newsletter_access":"","_jetpack_dont_email_post_to_subs":true,"_jetpack_newsletter_tier_id":0,"_jetpack_memberships_contains_paywalled_content":false,"_jetpack_memberships_contains_paid_content":false,"footnotes":""},"categories":[17858,15795,15517,1038],"tags":[15022,13,12415,15295,15710,15021,11856,15296,15023,15020,16099,77,16100,15024],"class_list":["entry","author-pachi","post-22390","post","type-post","status-publish","format-standard","has-post-thumbnail","category-redaccion","category-noticias-2","category-textos","category-contenidos","tag-iii-preparados","tag-jazz","tag-jazz-en-espana","tag-jazz-en-espanol","tag-la-actualidad-del-jazz-en-espana","tag-listos-jazz","tag-noticias","tag-noticias-de-jazz","tag-palencia","tag-preparados","tag-toma-jazz","tag-tomajazz","tag-tomajazz-toma-jazz","tag-villamuriel-de-cerrato-palencia"],"jetpack_featured_media_url":"https:\/\/tomajazz.com\/web\/wp-content\/uploads\/2016\/02\/III-Preparados-Listos-Jazz_2016_Palencia.jpg","jetpack_likes_enabled":true,"jetpack_sharing_enabled":true,"jetpack-related-posts":[{"id":82612,"url":"https:\/\/tomajazz.com\/web\/xi-preparados-listos-jazz-y-2024\/","url_meta":{"origin":22390,"position":0},"title":"XI Preparados Listos&#8230; Jazz y + 2024 (9 al 23 de marzo de 2024. Palencia) [Noticias de jazz]","author":"Tomajazz","date":"15 enero, 2024","format":false,"excerpt":"Entre el 9 y el 23 de marzo de 2024 tendr\u00e1 lugar en Palencia, el XI Preparados Listos... Jazz y + 20244 #Ciclodejazz #FestivalDeJazz #Festivalesdejazz #Noticiasdejazz","rel":"","context":"En \u00abFestivales Jazz Oto\u00f1o - Invierno 2023 - 2024\u00bb","block_context":{"text":"Festivales Jazz Oto\u00f1o - Invierno 2023 - 2024","link":"https:\/\/tomajazz.com\/web\/category\/contenidos\/noticias-2\/festivales-jazz-otono-invierno-2023-2024\/"},"img":{"alt_text":"XI Preparados Listos... Jazz y + 2024 (9 al 23 de marzo de 2024. Palencia) [Noticias de jazz] - Tomajazz - Entre el 9 y el 23 de marzo de 2024 tendr\u00e1 lugar en Palencia, el XI Preparados Listos... Jazz y + 20244 #Ciclodejazz #FestivalDeJazz #Festivalesdejazz #Noticiasdejazz","src":"https:\/\/i0.wp.com\/tomajazz.com\/web\/wp-content\/uploads\/2024\/01\/XI-Preparados-Listos-Jazz-y-2024-Tomajazz-Noticias.jpg?resize=350%2C200&ssl=1","width":350,"height":200,"srcset":"https:\/\/i0.wp.com\/tomajazz.com\/web\/wp-content\/uploads\/2024\/01\/XI-Preparados-Listos-Jazz-y-2024-Tomajazz-Noticias.jpg?resize=350%2C200&ssl=1 1x, https:\/\/i0.wp.com\/tomajazz.com\/web\/wp-content\/uploads\/2024\/01\/XI-Preparados-Listos-Jazz-y-2024-Tomajazz-Noticias.jpg?resize=525%2C300&ssl=1 1.5x, https:\/\/i0.wp.com\/tomajazz.com\/web\/wp-content\/uploads\/2024\/01\/XI-Preparados-Listos-Jazz-y-2024-Tomajazz-Noticias.jpg?resize=700%2C400&ssl=1 2x"},"classes":[]},{"id":27038,"url":"https:\/\/tomajazz.com\/web\/iii-palencia-jazz-festival-4-al-13-de-noviembre-de-2016-noticias\/","url_meta":{"origin":22390,"position":1},"title":"III Palencia Jazz Festival (4 al 13 de noviembre de 2016) [Noticias]","author":"Tomajazz","date":"24 octubre, 2016","format":false,"excerpt":"Entre el 4 y el 13 de noviembre tendr\u00e1 lugar el III Jazz Palencia Festival. El festival comenzar\u00e1 con la actuaci\u00f3n de O Sister! y finalizar\u00e1 con Josemi Carmona & Javier Colina feat. Bandolero. Adem\u00e1s actuar\u00e1n Pee Wee Ellis Quartet, Ren\u00e9 Marie and Experiment In Truth y Gospel Factory. Toda\u2026","rel":"","context":"En \u00ab*_Redacci\u00f3n\u00bb","block_context":{"text":"*_Redacci\u00f3n","link":"https:\/\/tomajazz.com\/web\/category\/redaccion\/"},"img":{"alt_text":"","src":"https:\/\/i0.wp.com\/tomajazz.com\/web\/wp-content\/uploads\/2016\/10\/III_FestivalJazz-Palencia-Festival-2016.jpg?resize=350%2C200&ssl=1","width":350,"height":200,"srcset":"https:\/\/i0.wp.com\/tomajazz.com\/web\/wp-content\/uploads\/2016\/10\/III_FestivalJazz-Palencia-Festival-2016.jpg?resize=350%2C200&ssl=1 1x, https:\/\/i0.wp.com\/tomajazz.com\/web\/wp-content\/uploads\/2016\/10\/III_FestivalJazz-Palencia-Festival-2016.jpg?resize=525%2C300&ssl=1 1.5x, https:\/\/i0.wp.com\/tomajazz.com\/web\/wp-content\/uploads\/2016\/10\/III_FestivalJazz-Palencia-Festival-2016.jpg?resize=700%2C400&ssl=1 2x"},"classes":[]},{"id":27981,"url":"https:\/\/tomajazz.com\/web\/instantzz-iii-jazz-palencia-festival-11-a-13-de-noviembre-de-2016\/","url_meta":{"origin":22390,"position":2},"title":"INSTANTZZ: III Jazz Palencia Festival (11 a 13 de noviembre de 2016) [Galer\u00eda fotogr\u00e1fica]","author":"Tomajazz","date":"7 diciembre, 2016","format":false,"excerpt":"Toni Porcar repasa en im\u00e1genes el III Jazz Palencia Festival, en el que actuaron Ren\u00e9 Marie, Pee Wee Ellis Quartet y Josemi Carmona & Javier Colina.","rel":"","context":"En \u00ab*_Toni Porcar\u00bb","block_context":{"text":"*_Toni Porcar","link":"https:\/\/tomajazz.com\/web\/category\/toni-porcar\/"},"img":{"alt_text":"","src":"https:\/\/i0.wp.com\/tomajazz.com\/web\/wp-content\/uploads\/2016\/12\/001_004.-Rene-Marie_K8C2101.jpg?resize=350%2C200&ssl=1","width":350,"height":200,"srcset":"https:\/\/i0.wp.com\/tomajazz.com\/web\/wp-content\/uploads\/2016\/12\/001_004.-Rene-Marie_K8C2101.jpg?resize=350%2C200&ssl=1 1x, https:\/\/i0.wp.com\/tomajazz.com\/web\/wp-content\/uploads\/2016\/12\/001_004.-Rene-Marie_K8C2101.jpg?resize=525%2C300&ssl=1 1.5x, https:\/\/i0.wp.com\/tomajazz.com\/web\/wp-content\/uploads\/2016\/12\/001_004.-Rene-Marie_K8C2101.jpg?resize=700%2C400&ssl=1 2x"},"classes":[]},{"id":78890,"url":"https:\/\/tomajazz.com\/web\/x-jazz-palencia-festival-2023\/","url_meta":{"origin":22390,"position":3},"title":"X Jazz Palencia Festival 2023 (Palencia. 4 al 18 de noviembre de 2023) [Noticias de jazz]","author":"Tomajazz","date":"26 septiembre, 2023","format":false,"excerpt":"Entre el 4 y el 18 de noviembre de 2023 tendr\u00e1 lugar en Palencia, el X Jazz Palencia Festival 2023 #Ciclodejazz #FestivalDeJazz #Festivalesdejazz #Noticiasdejazz","rel":"","context":"En \u00abFestivales Jazz Oto\u00f1o - Invierno 2023 - 2024\u00bb","block_context":{"text":"Festivales Jazz Oto\u00f1o - Invierno 2023 - 2024","link":"https:\/\/tomajazz.com\/web\/category\/contenidos\/noticias-2\/festivales-jazz-otono-invierno-2023-2024\/"},"img":{"alt_text":"X Jazz Palencia Festival 2023 (Palencia. 4 al 18 de noviembre de 2023) [Noticias de jazz] - Tomajazz 9.0 - Entre el 4 y el 18 de noviembre de 2023 tendr\u00e1 lugar en Palencia, el X Jazz Palencia Festival 2023 #Ciclodejazz #FestivalDeJazz #Festivalesdejazz #Noticiasdejazz","src":"https:\/\/i0.wp.com\/tomajazz.com\/web\/wp-content\/uploads\/2023\/09\/X-Jazz-Palencia-Festival-2023-Tomajazz-Noticias.jpg?resize=350%2C200&ssl=1","width":350,"height":200,"srcset":"https:\/\/i0.wp.com\/tomajazz.com\/web\/wp-content\/uploads\/2023\/09\/X-Jazz-Palencia-Festival-2023-Tomajazz-Noticias.jpg?resize=350%2C200&ssl=1 1x, https:\/\/i0.wp.com\/tomajazz.com\/web\/wp-content\/uploads\/2023\/09\/X-Jazz-Palencia-Festival-2023-Tomajazz-Noticias.jpg?resize=525%2C300&ssl=1 1.5x"},"classes":[]},{"id":105012,"url":"https:\/\/tomajazz.com\/web\/lage-lund-trio-granollers-2026\/","url_meta":{"origin":22390,"position":4},"title":"Lage Lund Trio (36\u00e8 Jazz Granollers Festival \/ Casino, 2026-03-13 \/ Granollers -Barcelona-) [y III] Por Joan Cort\u00e8s [INSTANTZZ AKA Galer\u00eda fotogr\u00e1fica AKA Fotoblog de jazz, impro\u2026 y algo m\u00e1s]","author":"Tomajazz","date":"23 abril, 2026","format":false,"excerpt":"Lage Lund Trio actu\u00f3 en el 36\u00e8 Jazz Granollers Festival, el 13 de marzo de 2026. Joan Cort\u00e8s lo retrata en INSTANTZZ. Lage Lund Trio son Lage Lund, Orlando Le Fleming, Greg Hutchinson","rel":"","context":"En \u00ab36 Jazz Granollers Festival 2026\u00bb","block_context":{"text":"36 Jazz Granollers Festival 2026","link":"https:\/\/tomajazz.com\/web\/category\/contenidos\/especial-contenidos\/36-jazz-granollers-festival-2026\/"},"img":{"alt_text":"Lage Lund Trio (36\u00e8 Jazz Granollers Festival \/ Casino, 2026-03-13 \/ Granollers -Barcelona-) [y III] Por Joan Cort\u00e8s [INSTANTZZ AKA Galer\u00eda fotogr\u00e1fica AKA Fotoblog de jazz, impro\u2026 y algo m\u00e1s] - Tomajazz - Lage Lund Trio actu\u00f3 en el 36\u00e8 Jazz Granollers Festival, el 13 de marzo de 2026. Joan Cort\u00e8s lo retrata en INSTANTZZ. Lage Lund Trio son Lage Lund, Orlando Le Fleming, Greg Hutchinson","src":"https:\/\/i0.wp.com\/tomajazz.com\/web\/wp-content\/uploads\/2026\/04\/destacada-02-Lg-Lnd-Photo-by-Joan-Cortes-13mrc26-36JGF-Csn-Gr-bn.jpg?resize=350%2C200&ssl=1","width":350,"height":200,"srcset":"https:\/\/i0.wp.com\/tomajazz.com\/web\/wp-content\/uploads\/2026\/04\/destacada-02-Lg-Lnd-Photo-by-Joan-Cortes-13mrc26-36JGF-Csn-Gr-bn.jpg?resize=350%2C200&ssl=1 1x, https:\/\/i0.wp.com\/tomajazz.com\/web\/wp-content\/uploads\/2026\/04\/destacada-02-Lg-Lnd-Photo-by-Joan-Cortes-13mrc26-36JGF-Csn-Gr-bn.jpg?resize=525%2C300&ssl=1 1.5x"},"classes":[]},{"id":104197,"url":"https:\/\/tomajazz.com\/web\/ciclo-jazz-jaca-2026-news\/","url_meta":{"origin":22390,"position":5},"title":"Ciclo Jazz Jaca 2026 (Jaca. Marzo 2026) [Noticias de jazz]","author":"Tomajazz","date":"26 febrero, 2026","format":false,"excerpt":"Durante el mes de marzo de 2026 tendr\u00e1 lugar el Ciclo Jazz Jaca 2026 incluyendo conciertos y otras actividades #Noticiasdejazz","rel":"","context":"En \u00ab*_Redacci\u00f3n\u00bb","block_context":{"text":"*_Redacci\u00f3n","link":"https:\/\/tomajazz.com\/web\/category\/redaccion\/"},"img":{"alt_text":"Ciclo Jazz Jaca 2026 (Jaca. Marzo 2026) [Noticias de jazz] - Tomajazz - Durante el mes de marzo de 2026 tendr\u00e1 lugar el Ciclo Jazz Jaca 2026 incluyendo conciertos y otras actividades #Noticiasdejazz","src":"https:\/\/i0.wp.com\/tomajazz.com\/web\/wp-content\/uploads\/2026\/02\/Ciclo-Jazz-Jaca-2026-Noticias-Tomajazz.jpg?resize=350%2C200&ssl=1","width":350,"height":200,"srcset":"https:\/\/i0.wp.com\/tomajazz.com\/web\/wp-content\/uploads\/2026\/02\/Ciclo-Jazz-Jaca-2026-Noticias-Tomajazz.jpg?resize=350%2C200&ssl=1 1x, https:\/\/i0.wp.com\/tomajazz.com\/web\/wp-content\/uploads\/2026\/02\/Ciclo-Jazz-Jaca-2026-Noticias-Tomajazz.jpg?resize=525%2C300&ssl=1 1.5x, https:\/\/i0.wp.com\/tomajazz.com\/web\/wp-content\/uploads\/2026\/02\/Ciclo-Jazz-Jaca-2026-Noticias-Tomajazz.jpg?resize=700%2C400&ssl=1 2x"},"classes":[]}],"_links":{"self":[{"href":"https:\/\/tomajazz.com\/web\/wp-json\/wp\/v2\/posts\/22390","targetHints":{"allow":["GET"]}}],"collection":[{"href":"https:\/\/tomajazz.com\/web\/wp-json\/wp\/v2\/posts"}],"about":[{"href":"https:\/\/tomajazz.com\/web\/wp-json\/wp\/v2\/types\/post"}],"author":[{"embeddable":true,"href":"https:\/\/tomajazz.com\/web\/wp-json\/wp\/v2\/users\/1"}],"replies":[{"embeddable":true,"href":"https:\/\/tomajazz.com\/web\/wp-json\/wp\/v2\/comments?post=22390"}],"version-history":[{"count":1,"href":"https:\/\/tomajazz.com\/web\/wp-json\/wp\/v2\/posts\/22390\/revisions"}],"predecessor-version":[{"id":22393,"href":"https:\/\/tomajazz.com\/web\/wp-json\/wp\/v2\/posts\/22390\/revisions\/22393"}],"wp:featuredmedia":[{"embeddable":true,"href":"https:\/\/tomajazz.com\/web\/wp-json\/wp\/v2\/media\/22391"}],"wp:attachment":[{"href":"https:\/\/tomajazz.com\/web\/wp-json\/wp\/v2\/media?parent=22390"}],"wp:term":[{"taxonomy":"category","embeddable":true,"href":"https:\/\/tomajazz.com\/web\/wp-json\/wp\/v2\/categories?post=22390"},{"taxonomy":"post_tag","embeddable":true,"href":"https:\/\/tomajazz.com\/web\/wp-json\/wp\/v2\/tags?post=22390"}],"curies":[{"name":"wp","href":"https:\/\/api.w.org\/{rel}","templated":true}]}}