{"id":22495,"date":"2016-03-02T21:26:50","date_gmt":"2016-03-02T20:26:50","guid":{"rendered":"http:\/\/www.tomajazz.com\/web\/?p=22495"},"modified":"2021-07-18T13:58:49","modified_gmt":"2021-07-18T11:58:49","slug":"arturo-mora-group-en-cafe-de-la-higuera-4-de-marzo-de-2016-hoyo-de-manzanares-madrid-madrid","status":"publish","type":"post","link":"https:\/\/tomajazz.com\/web\/arturo-mora-group-en-cafe-de-la-higuera-4-de-marzo-de-2016-hoyo-de-manzanares-madrid-madrid\/","title":{"rendered":"Arturo Mora Group en Caf\u00e9 de la Higuera (4 de marzo de 2016. Hoyo de Manzanares, Madrid) [Madrid]"},"content":{"rendered":"<p style=\"text-align: center;\"><img loading=\"lazy\" decoding=\"async\" class=\"aligncenter size-large wp-image-22496\" src=\"http:\/\/www.tomajazz.com\/web\/wp-content\/uploads\/2016\/03\/Arturo-Mora-Group-600x328.png\" alt=\"Arturo Mora Group\" width=\"600\" height=\"328\" title=\"\" srcset=\"https:\/\/tomajazz.com\/web\/wp-content\/uploads\/2016\/03\/Arturo-Mora-Group-600x328.png 600w, https:\/\/tomajazz.com\/web\/wp-content\/uploads\/2016\/03\/Arturo-Mora-Group-150x82.png 150w, https:\/\/tomajazz.com\/web\/wp-content\/uploads\/2016\/03\/Arturo-Mora-Group-200x109.png 200w, https:\/\/tomajazz.com\/web\/wp-content\/uploads\/2016\/03\/Arturo-Mora-Group-768x420.png 768w, https:\/\/tomajazz.com\/web\/wp-content\/uploads\/2016\/03\/Arturo-Mora-Group-101x55.png 101w, https:\/\/tomajazz.com\/web\/wp-content\/uploads\/2016\/03\/Arturo-Mora-Group.png 800w\" sizes=\"auto, (max-width: 600px) 100vw, 600px\" \/><\/p>\n<p style=\"text-align: left;\">Arturo Mora Group<br \/>\nDavid Herrington &#8211; trompeta y fliscorno<br \/>\nHugo Fern\u00e1ndez &#8211; guitarra el\u00e9ctrica<br \/>\nArturo Mora &#8211; bajo el\u00e9ctrico<br \/>\nArnaldo Lescay &#8211; bater\u00eda<\/p>\n<p>Viernes 4 de marzo de 2016, 22:00<br \/>\nCaf\u00e9 de la Higuera<br \/>\nC\/Jos\u00e9 Mar\u00eda Ruiz Heras 16<br \/>\nHoyo de Manzanares &#8211; Madrid<\/p>\n<p><a href=\"http:\/\/www.arturomora.com\/amg\" target=\"_blank\" rel=\"noopener\">http:\/\/www.arturomora.com\/amg<\/a><\/p>\n","protected":false},"excerpt":{"rendered":"<p>Arturo Mora Group David Herrington &#8211; trompeta y fliscorno Hugo Fern\u00e1ndez &#8211; guitarra el\u00e9ctrica Arturo Mora &#8211; bajo el\u00e9ctrico Arnaldo Lescay &#8211; bater\u00eda Viernes 4 de marzo de 2016, 22:00 Caf\u00e9 de la Higuera C\/Jos\u00e9 Mar\u00eda Ruiz Heras 16 Hoyo de Manzanares &#8211; Madrid http:\/\/www.arturomora.com\/amg<span class=\"more-link\"><a href=\"https:\/\/tomajazz.com\/web\/arturo-mora-group-en-cafe-de-la-higuera-4-de-marzo-de-2016-hoyo-de-manzanares-madrid-madrid\/\">Contin\u00faa leyendo<\/a><\/span><\/p>\n","protected":false},"author":1,"featured_media":22496,"comment_status":"open","ping_status":"closed","sticky":false,"template":"","format":"standard","meta":{"jetpack_post_was_ever_published":false,"_jetpack_newsletter_access":"","_jetpack_dont_email_post_to_subs":true,"_jetpack_newsletter_tier_id":0,"_jetpack_memberships_contains_paywalled_content":false,"_jetpack_memberships_contains_paid_content":false,"footnotes":""},"categories":[17858,15795,15517,1038],"tags":[15076,13,12415,15295,15710,11856,15296,16099,77,16100],"class_list":["entry","author-pachi","post-22495","post","type-post","status-publish","format-standard","has-post-thumbnail","category-redaccion","category-noticias-2","category-textos","category-contenidos","tag-arturo-mora-group","tag-jazz","tag-jazz-en-espana","tag-jazz-en-espanol","tag-la-actualidad-del-jazz-en-espana","tag-noticias","tag-noticias-de-jazz","tag-toma-jazz","tag-tomajazz","tag-tomajazz-toma-jazz"],"jetpack_featured_media_url":"https:\/\/tomajazz.com\/web\/wp-content\/uploads\/2016\/03\/Arturo-Mora-Group.png","jetpack_likes_enabled":true,"jetpack_sharing_enabled":true,"jetpack-related-posts":[{"id":23725,"url":"https:\/\/tomajazz.com\/web\/juan-camacho-cuarteto-con-alex-cid-en-concierto-el-despertar-madrid-2016-04-23-noticias\/","url_meta":{"origin":22495,"position":0},"title":"Juan Camacho Cuarteto con \u00c1lex Cid en concierto. El Despertar, Madrid. 2016-04-23 [Noticias]","author":"Tomajazz","date":"21 abril, 2016","format":false,"excerpt":"Juan Camacho Cuarteto con \u00c1lex Cid en concierto en Caf\u00e9 El Despertar el s\u00e1bado 23 de abril de 2016. El grupo interpretar\u00e1 los temas de su pr\u00f3xima grabaci\u00f3n, a publicar en breve. Juan Camacho Cuarteto con \u00c1lex Cid Juan Camacho: guitarra el\u00e9ctrica, composici\u00f3n Teo G\u00f3mez: piano y teclados Arturo Mora:\u2026","rel":"","context":"En \u00ab*_Arturo Mora Rioja\u00bb","block_context":{"text":"*_Arturo Mora Rioja","link":"https:\/\/tomajazz.com\/web\/category\/arturo-mora-rioja\/"},"img":{"alt_text":"","src":"https:\/\/i0.wp.com\/tomajazz.com\/web\/wp-content\/uploads\/2016\/04\/Juan-Camacho-Cuarteto_ElDespertar_20160423-e1461266835144.jpg?resize=350%2C200&ssl=1","width":350,"height":200,"srcset":"https:\/\/i0.wp.com\/tomajazz.com\/web\/wp-content\/uploads\/2016\/04\/Juan-Camacho-Cuarteto_ElDespertar_20160423-e1461266835144.jpg?resize=350%2C200&ssl=1 1x, https:\/\/i0.wp.com\/tomajazz.com\/web\/wp-content\/uploads\/2016\/04\/Juan-Camacho-Cuarteto_ElDespertar_20160423-e1461266835144.jpg?resize=525%2C300&ssl=1 1.5x, https:\/\/i0.wp.com\/tomajazz.com\/web\/wp-content\/uploads\/2016\/04\/Juan-Camacho-Cuarteto_ElDespertar_20160423-e1461266835144.jpg?resize=700%2C400&ssl=1 2x"},"classes":[]},{"id":101417,"url":"https:\/\/tomajazz.com\/web\/cesar-joaniquet-live-at-jazz-cava-2025\/","url_meta":{"origin":22495,"position":1},"title":"C\u00e8sar Joaniquet: Live at Jazz Cava (UnderPool Records; 2025) Por Carlos Lara [Grabaci\u00f3n de jazz]","author":"Tomajazz","date":"5 noviembre, 2025","format":false,"excerpt":"Live at Jazz Cava (UnderPool Records; 2025) es la nueva grabaci\u00f3n de C\u00e8sar Joaniquet:. Carlos Lara repasa la grabaci\u00f3n. Con C\u00e8sar Joaniquet, Artur Tu\u017anik), Brice Soniano, Kasper Tom Christiansen","rel":"","context":"En \u00abGrabaciones...\u00bb","block_context":{"text":"Grabaciones...","link":"https:\/\/tomajazz.com\/web\/category\/contenidos\/textos\/grabaciones\/"},"img":{"alt_text":"C\u00e8sar Joaniquet: Live at Jazz Cava (UnderPool Records; 2025) Por Carlos Lara [Grabaci\u00f3n de jazz] - Tomajazz - Live at Jazz Cava (UnderPool Records; 2025) es la nueva grabaci\u00f3n de C\u00e8sar Joaniquet:. Carlos Lara repasa la grabaci\u00f3n. Con C\u00e8sar Joaniquet, Artur Tu\u017anik), Brice Soniano, Kasper Tom Christiansen","src":"https:\/\/i0.wp.com\/tomajazz.com\/web\/wp-content\/uploads\/2025\/11\/Cesar-Joaniquet-Live-at-Jazz-Cava-UnderPool-Records-2025.jpg?resize=350%2C200&ssl=1","width":350,"height":200},"classes":[]},{"id":104847,"url":"https:\/\/tomajazz.com\/web\/alba-careta-group-panical-jazz-granollers-2026\/","url_meta":{"origin":22495,"position":2},"title":"Alba Careta Group \u201cPanical\u201d (36\u00e8 Jazz Granollers Festival \/ Casino, 2026-02-27 \/ Granollers -Barcelona-) [II] Por Joan Cort\u00e8s [INSTANTZZ AKA Galer\u00eda fotogr\u00e1fica AKA Fotoblog de jazz, impro\u2026 y algo m\u00e1s]","author":"Tomajazz","date":"12 abril, 2026","format":false,"excerpt":"Alba Careta Group \u201cPanical\u201d actu\u00f3 en el 36\u00e8 Jazz Granollers Festival, el 27 de febrero de 2026. Joan Cort\u00e8s lo retrata en INSTANTZZ. Alba Careta Group \u201cPanical\u201d son Alba Careta, Lucas Mart\u00ednez, Roger Santacana, Giuseppe Campisi, Jordi Pallar\u00e9s","rel":"","context":"En \u00ab36 Jazz Granollers Festival 2026\u00bb","block_context":{"text":"36 Jazz Granollers Festival 2026","link":"https:\/\/tomajazz.com\/web\/category\/contenidos\/especial-contenidos\/36-jazz-granollers-festival-2026\/"},"img":{"alt_text":"Alba Careta Group \u201cPanical\u201d (36\u00e8 Jazz Granollers Festival \/ Casino, 2026-02-27 \/ Granollers -Barcelona-) [II] Por Joan Cort\u00e8s [INSTANTZZ AKA Galer\u00eda fotogr\u00e1fica AKA Fotoblog de jazz, impro\u2026 y algo m\u00e1s] - Tomajazz - Alba Careta Group \u201cPanical\u201d actu\u00f3 en el 36\u00e8 Jazz Granollers Festival, el 27 de febrero de 2026. Joan Cort\u00e8s lo retrata en INSTANTZZ. Alba Careta Group \u201cPanical\u201d son Alba Careta, Lucas Mart\u00ednez, Roger Santacana, Giuseppe Campisi, Jordi Pallar\u00e9s\n","src":"https:\/\/i0.wp.com\/tomajazz.com\/web\/wp-content\/uploads\/2026\/04\/destacada-03-lb-Crt-Grp-Photo-by-Joan-Cortes-27fbr26-36JGF-CG-CR-Grnllrs.jpg?resize=350%2C200&ssl=1","width":350,"height":200,"srcset":"https:\/\/i0.wp.com\/tomajazz.com\/web\/wp-content\/uploads\/2026\/04\/destacada-03-lb-Crt-Grp-Photo-by-Joan-Cortes-27fbr26-36JGF-CG-CR-Grnllrs.jpg?resize=350%2C200&ssl=1 1x, https:\/\/i0.wp.com\/tomajazz.com\/web\/wp-content\/uploads\/2026\/04\/destacada-03-lb-Crt-Grp-Photo-by-Joan-Cortes-27fbr26-36JGF-CG-CR-Grnllrs.jpg?resize=525%2C300&ssl=1 1.5x"},"classes":[]},{"id":32846,"url":"https:\/\/tomajazz.com\/web\/arturo-mora-concierto-de-despedida-el-despertar-madrid-2017-10-25-noticias\/","url_meta":{"origin":22495,"position":3},"title":"Arturo Mora: concierto de despedida (El Despertar, Madrid. 2017-10-25) [Noticias]","author":"Tomajazz","date":"23 octubre, 2017","format":false,"excerpt":"Queridos amigos: no soporto el calor, me fastidia que me interrumpan cuando hablo y puedo vivir sin jam\u00f3n, as\u00ed que a finales de octubre abandonar\u00e9 indefinidamente mi Madrid del alma y har\u00e9 uso de un billete de solo ida a Copenhague (Dinamarca). Unos d\u00edas antes me gustar\u00eda despedirme de todos\u2026","rel":"","context":"En \u00ab*_Redacci\u00f3n\u00bb","block_context":{"text":"*_Redacci\u00f3n","link":"https:\/\/tomajazz.com\/web\/category\/redaccion\/"},"img":{"alt_text":"","src":"https:\/\/i0.wp.com\/tomajazz.com\/web\/wp-content\/uploads\/2017\/10\/Arturo-Mora_Concierto-despedida.jpg?resize=350%2C200&ssl=1","width":350,"height":200,"srcset":"https:\/\/i0.wp.com\/tomajazz.com\/web\/wp-content\/uploads\/2017\/10\/Arturo-Mora_Concierto-despedida.jpg?resize=350%2C200&ssl=1 1x, https:\/\/i0.wp.com\/tomajazz.com\/web\/wp-content\/uploads\/2017\/10\/Arturo-Mora_Concierto-despedida.jpg?resize=525%2C300&ssl=1 1.5x"},"classes":[]},{"id":104190,"url":"https:\/\/tomajazz.com\/web\/universos-paralelos-t31-p19-2025-26\/","url_meta":{"origin":22495,"position":4},"title":"Universos Paralelos: emisi\u00f3n 26 de febrero de 2026 (UP.T.31 P.19) [Noticias de jazz]","author":"Tomajazz","date":"26 febrero, 2026","format":false,"excerpt":"Ramiro Zayas protagoniza la portada de Universos Paralelos del 26 de febrero. Sergio Cabanillas adem\u00e1s selecciona m\u00fasicas de Arturo Valero, Albert Cirera & Tres Tambors, Dustin Carlson, Taborn \/ Cline \/ Gilmore #Noticiasdejazz","rel":"","context":"En \u00abUniversos Paralelos - UP\u00bb","block_context":{"text":"Universos Paralelos - UP","link":"https:\/\/tomajazz.com\/web\/category\/contenidos\/noticias-2\/universos-paralelos-up\/"},"img":{"alt_text":"Universos Paralelos: emisi\u00f3n 26 de febrero de 2026 (UP.T.31 P.19) [Noticias de jazz] - Tomajazz - Ramiro Zayas protagoniza la portada de Universos Paralelos del 26 de febrero. Sergio Cabanillas adem\u00e1s selecciona m\u00fasicas de Arturo Valero, Albert Cirera & Tres Tambors, Dustin Carlson, Taborn \/ Cline \/ Gilmore #Noticiasdejazz","src":"https:\/\/i0.wp.com\/tomajazz.com\/web\/wp-content\/uploads\/2026\/02\/destacada-Ramiro-Zayas-Familia-1080.jpg?resize=350%2C200&ssl=1","width":350,"height":200,"srcset":"https:\/\/i0.wp.com\/tomajazz.com\/web\/wp-content\/uploads\/2026\/02\/destacada-Ramiro-Zayas-Familia-1080.jpg?resize=350%2C200&ssl=1 1x, https:\/\/i0.wp.com\/tomajazz.com\/web\/wp-content\/uploads\/2026\/02\/destacada-Ramiro-Zayas-Familia-1080.jpg?resize=525%2C300&ssl=1 1.5x, https:\/\/i0.wp.com\/tomajazz.com\/web\/wp-content\/uploads\/2026\/02\/destacada-Ramiro-Zayas-Familia-1080.jpg?resize=700%2C400&ssl=1 2x"},"classes":[]},{"id":880,"url":"https:\/\/tomajazz.com\/web\/mark-egan-truth-be-told\/","url_meta":{"origin":22495,"position":5},"title":"Mark Egan &#8211; Truth Be Told","author":"Autor1","date":"11 mayo, 2011","format":false,"excerpt":"\u00a0Quinto CD a nombre de Mark Egan editado en su propio sello Wavetone. El ex-bajista del Pat Metheny Group ha escogido bien a sus compa\u00f1eros de viaje en un proyecto de aut\u00e9ntico jazz fusion, donde su entendimiento con el bater\u00eda Vinnie Colaiuta constituye toda una lecci\u00f3n r\u00edtmica del g\u00e9nero. Bill\u2026","rel":"","context":"En \u00ab*_Arturo Mora Rioja\u00bb","block_context":{"text":"*_Arturo Mora Rioja","link":"https:\/\/tomajazz.com\/web\/category\/arturo-mora-rioja\/"},"img":{"alt_text":"","src":"https:\/\/i0.wp.com\/www.tomajazz.com\/web\/wp-content\/uploads\/2011\/05\/egan_truth-be-told.jpg?resize=350%2C200","width":350,"height":200},"classes":[]}],"_links":{"self":[{"href":"https:\/\/tomajazz.com\/web\/wp-json\/wp\/v2\/posts\/22495","targetHints":{"allow":["GET"]}}],"collection":[{"href":"https:\/\/tomajazz.com\/web\/wp-json\/wp\/v2\/posts"}],"about":[{"href":"https:\/\/tomajazz.com\/web\/wp-json\/wp\/v2\/types\/post"}],"author":[{"embeddable":true,"href":"https:\/\/tomajazz.com\/web\/wp-json\/wp\/v2\/users\/1"}],"replies":[{"embeddable":true,"href":"https:\/\/tomajazz.com\/web\/wp-json\/wp\/v2\/comments?post=22495"}],"version-history":[{"count":2,"href":"https:\/\/tomajazz.com\/web\/wp-json\/wp\/v2\/posts\/22495\/revisions"}],"predecessor-version":[{"id":55604,"href":"https:\/\/tomajazz.com\/web\/wp-json\/wp\/v2\/posts\/22495\/revisions\/55604"}],"wp:featuredmedia":[{"embeddable":true,"href":"https:\/\/tomajazz.com\/web\/wp-json\/wp\/v2\/media\/22496"}],"wp:attachment":[{"href":"https:\/\/tomajazz.com\/web\/wp-json\/wp\/v2\/media?parent=22495"}],"wp:term":[{"taxonomy":"category","embeddable":true,"href":"https:\/\/tomajazz.com\/web\/wp-json\/wp\/v2\/categories?post=22495"},{"taxonomy":"post_tag","embeddable":true,"href":"https:\/\/tomajazz.com\/web\/wp-json\/wp\/v2\/tags?post=22495"}],"curies":[{"name":"wp","href":"https:\/\/api.w.org\/{rel}","templated":true}]}}