{"id":2271,"date":"2012-07-26T09:00:00","date_gmt":"2012-07-26T07:00:00","guid":{"rendered":"http:\/\/www.tomajazz.com\/web\/?p=2271"},"modified":"2016-11-13T17:20:53","modified_gmt":"2016-11-13T16:20:53","slug":"harris-eisenstadt-canada-day-iii-songlines-2012","status":"publish","type":"post","link":"https:\/\/tomajazz.com\/web\/harris-eisenstadt-canada-day-iii-songlines-2012\/","title":{"rendered":"Harris Eisenstadt: Canada Day III (Songlines, 2012)"},"content":{"rendered":"<div><\/div>\n<div style=\"text-align: justify;\"><a href=\"http:\/\/www.tomajazz.com\/web\/wp-content\/uploads\/2012\/07\/harriseisenstadt_harris_canada_day.jpg\"><img loading=\"lazy\" decoding=\"async\" class=\"alignleft size-full wp-image-4726\" alt=\"harriseisenstadt_harris_canada_day\" src=\"http:\/\/www.tomajazz.com\/web\/wp-content\/uploads\/2012\/07\/harriseisenstadt_harris_canada_day.jpg\" width=\"200\" height=\"200\" title=\"\" srcset=\"https:\/\/tomajazz.com\/web\/wp-content\/uploads\/2012\/07\/harriseisenstadt_harris_canada_day.jpg 200w, https:\/\/tomajazz.com\/web\/wp-content\/uploads\/2012\/07\/harriseisenstadt_harris_canada_day-150x150.jpg 150w\" sizes=\"auto, (max-width: 200px) 100vw, 200px\" \/><\/a>Relacionado con la escucha y disfrute de la m\u00fasica de <i>Canada Day III<\/i>, no parece necesario insistir en las bondades que aportan a las grabaciones el que los grupos rueden el material con unos cuantos conciertos en directo, y especialmente el que graben tras finalizar una gira de siete conciertos. A su vez, tampoco es un detalle menor el que entre los m\u00fasicos exista una cierta implicaci\u00f3n en formaciones y grupos que vayan m\u00e1s all\u00e1 de la de grabar y <i>sanseacab\u00f3<\/i>. Tampoco parece necesario, si se han escuchado sus grabaciones en los \u00faltimos a\u00f1os, se\u00f1alar que adem\u00e1s de baterista, <b>Harris Eisenstadt<\/b> es un gran compositor y arreglista. Quiz\u00e1s tampoco haga falta remarcar que <i>Canada Day III<\/i> es un gran disco con un quinteto en plena forma, lleno de principio a fin de unas composiciones enormes.<\/div>\n<p>\u00a9 Pachi Tapiz, 2012<\/p>\n<p>Harris Eisenstadt: <i>Canada Day III<\/i> *****<\/p>\n<p>Harris Eisenstadt (bater\u00eda y composiciones), Garth Stevenson (contrabajo), Chris Dingman (vibr\u00e1fono), Nate Wooley (trompeta), Matt Bauder (saxo tenor)<\/p>\n<p>\u00abSlow and Steady\u00bb, \u00abSettled\u00bb, \u00abA Whole New Amount of Interactivity\u00bb, \u00abThe Magician of Lublin\u00bb, \u00abSong for Sara\u00bb (for Sara Schoenbeck), \u00abNosey Parker\u00bb, \u00abShuttle off this Mortal Coil\u00bb, \u00abKing of the Kutiriba\u00bb (for Mamady Danfa)<br \/>\nTodos los temas por Harris Eisenstadt<\/p>\n<p>Grabado en Water Music, Hoboken, New Jersey, el 7 de marzo de 2012. Publicado por Songlines Recordings en 2012. SGL 1596-2 <a href=\"http:\/\/songlines.com\/\" target=\"_blank\" rel=\"noopener\">http:\/\/songlines.com<\/a><\/p>\n","protected":false},"excerpt":{"rendered":"<p>Relacionado con la escucha y disfrute de la m\u00fasica de Canada Day III, no parece necesario insistir en las bondades que aportan a las grabaciones el que los grupos rueden el material con unos cuantos conciertos en directo, y especialmente el que graben tras finalizar una gira de siete conciertos.<span class=\"more-link\"><a href=\"https:\/\/tomajazz.com\/web\/harris-eisenstadt-canada-day-iii-songlines-2012\/\">Contin\u00faa leyendo<\/a><\/span><\/p>\n","protected":false},"author":1,"featured_media":4726,"comment_status":"open","ping_status":"closed","sticky":false,"template":"","format":"standard","meta":{"jetpack_post_was_ever_published":false,"_jetpack_newsletter_access":"","_jetpack_dont_email_post_to_subs":true,"_jetpack_newsletter_tier_id":0,"_jetpack_memberships_contains_paywalled_content":false,"_jetpack_memberships_contains_paid_content":false,"footnotes":""},"categories":[17847,4313,5,1038,4758],"tags":[12651,5336,5335,12696,5334,13,12415,15295,5338,5337,31,5339,16099,77,16100],"class_list":["entry","author-pachi","post-2271","post","type-post","status-publish","format-standard","has-post-thumbnail","category-pachi-tapiz","category-bun","category-grabaciones","category-contenidos","category-blogs","tag-cd","tag-chris-dingman","tag-garth-stevenson","tag-grabaciones","tag-harris-eisenstadt","tag-jazz","tag-jazz-en-espana","tag-jazz-en-espanol","tag-matt-bauder","tag-nate-wooley","tag-pachi-tapiz","tag-songlines-records","tag-toma-jazz","tag-tomajazz","tag-tomajazz-toma-jazz"],"jetpack_featured_media_url":"https:\/\/tomajazz.com\/web\/wp-content\/uploads\/2012\/07\/harriseisenstadt_harris_canada_day.jpg","jetpack_likes_enabled":true,"jetpack_sharing_enabled":true,"jetpack-related-posts":[{"id":2992,"url":"https:\/\/tomajazz.com\/web\/harris-eisenstadt-canada-day\/","url_meta":{"origin":2271,"position":0},"title":"Harris Eisenstadt: Canada Day","author":"Tomajazz","date":"5 noviembre, 2009","format":false,"excerpt":"Canada Day del bater\u00eda y compositor canadiense Harris Eisenstadt es una peque\u00f1a joya, adem\u00e1s de una broma. Grabada en quinteto, entre sus componentes incluye a figuras que aunque no sean muy conocidas a nivel popular en este momento, tienen ante s\u00ed un futuro brillante, como el trompetista Nate Wooley (uno\u2026","rel":"","context":"En \u00abGrabaciones...\u00bb","block_context":{"text":"Grabaciones...","link":"https:\/\/tomajazz.com\/web\/category\/contenidos\/textos\/grabaciones\/"},"img":{"alt_text":"","src":"","width":0,"height":0},"classes":[]},{"id":15391,"url":"https:\/\/tomajazz.com\/web\/harris-eisenstadt-canada-day-en-espana-te-lo-vas-a-perder-te-lo-vas-a-perder-por-pachi-tapiz\/","url_meta":{"origin":2271,"position":1},"title":"Harris Eisenstadt Canada Day en Espa\u00f1a: \u00bfTe lo vas a perder? \u00a1Te lo vas a perder! Por Pachi Tapiz","author":"Tomajazz","date":"13 noviembre, 2014","format":false,"excerpt":"Efectivamente: \u00a1te lo vas a perder! Y no es tu culpa, querido lector... bueno, quiz\u00e1s no seas el \u00faltimo responsable, pero a veces la respuesta por parte de los aficionados... Bien. Esta no es, al menos en esta ocasi\u00f3n, la cuesti\u00f3n. Este es el momento de hacer una reflexi\u00f3n in\u00fatil\u2026","rel":"","context":"En \u00ab*_Pachi Tapiz\u00bb","block_context":{"text":"*_Pachi Tapiz","link":"https:\/\/tomajazz.com\/web\/category\/pachi-tapiz\/"},"img":{"alt_text":"Harris Eisenstadt La Ribera","src":"https:\/\/i0.wp.com\/www.tomajazz.com\/web\/wp-content\/uploads\/2014\/11\/Harris-Eisenstadt-La-Ribera-e1415829958750.jpg?resize=350%2C200","width":350,"height":200},"classes":[]},{"id":10066,"url":"https:\/\/tomajazz.com\/web\/the-convergence-quartet-slow-and-steady-nobusiness-records-2013-aka-bun-en-bad-music-jazz\/","url_meta":{"origin":2271,"position":2},"title":"The Convergence Quartet: Slow And Steady (NoBusiness Records, 2013) aka BUN en Bad Music Jazz","author":"Tomajazz","date":"27 enero, 2014","format":false,"excerpt":"The Convergence Quartet sigue adelante sin prisa, pero sin pausa. En seis a\u00f1os este grupo intercontinental (Harris Eisenstadt proviene de Canad\u00e1, Taylor Ho Bynum de Estados Unidos; Alexander Hawkins y Dominic Lash del Reino Unido) ha publicado tres CD alternando grabaciones en directo y estudio. Slow And Steady, su \u00faltima\u2026","rel":"","context":"En \u00ab*_Pachi Tapiz\u00bb","block_context":{"text":"*_Pachi Tapiz","link":"https:\/\/tomajazz.com\/web\/category\/pachi-tapiz\/"},"img":{"alt_text":"The Convergence Quartet_Slow and Steady","src":"https:\/\/i0.wp.com\/www.tomajazz.com\/web\/wp-content\/uploads\/2014\/01\/The-Convergence-Quartet_Slow-and-Steady-200x200.jpg?resize=350%2C200","width":350,"height":200},"classes":[]},{"id":10035,"url":"https:\/\/tomajazz.com\/web\/harris-eisenstadt-september-trio-the-destructive-element-clean-feed-2013\/","url_meta":{"origin":2271,"position":3},"title":"Harris Eisenstadt September Trio: The Destructive Element (Clean Feed, 2013)","author":"Tomajazz","date":"23 enero, 2014","format":false,"excerpt":"El baterista Harris Eisenstadt publica The Destructive Element con su formaci\u00f3n September Trio. El saxofonista Ellery Eskelin y la pianista Angelica Sanchez son sus acompa\u00f1antes nuevamente. Eisenstadt, que durante los \u00faltimos a\u00f1os est\u00e1 mostrando ser un gran compositor, es el autor de los nueve temas. Estos resultan muy variados en\u2026","rel":"","context":"En \u00ab*_Pachi Tapiz\u00bb","block_context":{"text":"*_Pachi Tapiz","link":"https:\/\/tomajazz.com\/web\/category\/pachi-tapiz\/"},"img":{"alt_text":"Harris Eisenstadt The Desctrutive Element","src":"https:\/\/i0.wp.com\/www.tomajazz.com\/web\/wp-content\/uploads\/2014\/01\/Harris-Eisenstadt-The-Desctrutive-Element-200x200.jpg?resize=350%2C200","width":350,"height":200},"classes":[]},{"id":100745,"url":"https:\/\/tomajazz.com\/web\/sergi-sirvent-david-vinolas-rtdsam-2025\/","url_meta":{"origin":2271,"position":4},"title":"Sergi Sirvent &#8211; David Vi\u00f1olas: Recreacions T\u00edmbriques. De Satie a Mompou (Columna M\u00fasica; 2025) Por Pachi Tapiz [Grabaci\u00f3n de jazz]","author":"Tomajazz","date":"21 octubre, 2025","format":false,"excerpt":"Recreacions T\u00edmbriques. De Satie a Mompou (Columna M\u00fasica; 2025) es la nueva grabaci\u00f3n del d\u00fao Sergi Sirvent - David Vi\u00f1olas. Pachi Tapiz repasa la grabaci\u00f3n","rel":"","context":"En \u00abGrabaciones...\u00bb","block_context":{"text":"Grabaciones...","link":"https:\/\/tomajazz.com\/web\/category\/contenidos\/textos\/grabaciones\/"},"img":{"alt_text":"Sergi Sirvent - David Vi\u00f1olas: Recreacions T\u00edmbriques. De Satie a Mompou (Columna M\u00fasica; 2025) Por Pachi Tapiz [Grabaci\u00f3n de jazz] - Tomajazz -  Recreacions T\u00edmbriques. De Satie a Mompou (Columna M\u00fasica; 2025) Por Pachi Tapiz","src":"https:\/\/i0.wp.com\/tomajazz.com\/web\/wp-content\/uploads\/2025\/10\/Sergi-Sirvent-David-Vinolas-Recreacions-timbriques-de-Satie-a-Mompou-2025-Columna-Musica-Tomajazz.jpg?resize=350%2C200&ssl=1","width":350,"height":200,"srcset":"https:\/\/i0.wp.com\/tomajazz.com\/web\/wp-content\/uploads\/2025\/10\/Sergi-Sirvent-David-Vinolas-Recreacions-timbriques-de-Satie-a-Mompou-2025-Columna-Musica-Tomajazz.jpg?resize=350%2C200&ssl=1 1x, https:\/\/i0.wp.com\/tomajazz.com\/web\/wp-content\/uploads\/2025\/10\/Sergi-Sirvent-David-Vinolas-Recreacions-timbriques-de-Satie-a-Mompou-2025-Columna-Musica-Tomajazz.jpg?resize=525%2C300&ssl=1 1.5x, https:\/\/i0.wp.com\/tomajazz.com\/web\/wp-content\/uploads\/2025\/10\/Sergi-Sirvent-David-Vinolas-Recreacions-timbriques-de-Satie-a-Mompou-2025-Columna-Musica-Tomajazz.jpg?resize=700%2C400&ssl=1 2x"},"classes":[]},{"id":8394,"url":"https:\/\/tomajazz.com\/web\/harris-eisenstadt-september-trio-destructive-element-clean-feed-2013\/","url_meta":{"origin":2271,"position":5},"title":"Harris Eisenstadt September Trio: Destructive Element (Clean Feed, 2013)","author":"Tomajazz","date":"11 octubre, 2013","format":false,"excerpt":"El baterista Harris Eisenstadt publica The Destructive Element con su formaci\u00f3n September Trio. El saxofonista Ellery Eskelin y la pianista Angelica Sanchez son sus acompa\u00f1antes nuevamente. Eisenstadt, que durante los \u00faltimos a\u00f1os est\u00e1 mostrando ser un gran compositor, es el autor de los nueve temas. Estos resultan muy variados en\u2026","rel":"","context":"En \u00ab*_Pachi Tapiz\u00bb","block_context":{"text":"*_Pachi Tapiz","link":"https:\/\/tomajazz.com\/web\/category\/pachi-tapiz\/"},"img":{"alt_text":"Harris Eisenstadt september trio destructive elements","src":"https:\/\/i0.wp.com\/www.tomajazz.com\/web\/wp-content\/uploads\/2013\/10\/Harris-Eisenstadt-september-trio-destructive-elements.png?resize=350%2C200","width":350,"height":200},"classes":[]}],"_links":{"self":[{"href":"https:\/\/tomajazz.com\/web\/wp-json\/wp\/v2\/posts\/2271","targetHints":{"allow":["GET"]}}],"collection":[{"href":"https:\/\/tomajazz.com\/web\/wp-json\/wp\/v2\/posts"}],"about":[{"href":"https:\/\/tomajazz.com\/web\/wp-json\/wp\/v2\/types\/post"}],"author":[{"embeddable":true,"href":"https:\/\/tomajazz.com\/web\/wp-json\/wp\/v2\/users\/1"}],"replies":[{"embeddable":true,"href":"https:\/\/tomajazz.com\/web\/wp-json\/wp\/v2\/comments?post=2271"}],"version-history":[{"count":3,"href":"https:\/\/tomajazz.com\/web\/wp-json\/wp\/v2\/posts\/2271\/revisions"}],"predecessor-version":[{"id":23387,"href":"https:\/\/tomajazz.com\/web\/wp-json\/wp\/v2\/posts\/2271\/revisions\/23387"}],"wp:featuredmedia":[{"embeddable":true,"href":"https:\/\/tomajazz.com\/web\/wp-json\/wp\/v2\/media\/4726"}],"wp:attachment":[{"href":"https:\/\/tomajazz.com\/web\/wp-json\/wp\/v2\/media?parent=2271"}],"wp:term":[{"taxonomy":"category","embeddable":true,"href":"https:\/\/tomajazz.com\/web\/wp-json\/wp\/v2\/categories?post=2271"},{"taxonomy":"post_tag","embeddable":true,"href":"https:\/\/tomajazz.com\/web\/wp-json\/wp\/v2\/tags?post=2271"}],"curies":[{"name":"wp","href":"https:\/\/api.w.org\/{rel}","templated":true}]}}