{"id":22737,"date":"2016-03-23T11:00:05","date_gmt":"2016-03-23T10:00:05","guid":{"rendered":"http:\/\/www.tomajazz.com\/web\/?p=22737"},"modified":"2016-11-13T15:47:42","modified_gmt":"2016-11-13T14:47:42","slug":"instantzz-max-sunyer-trio-centre-de-cultura-sa-nostra-palma-de-mallorca-2016-03-16","status":"publish","type":"post","link":"https:\/\/tomajazz.com\/web\/instantzz-max-sunyer-trio-centre-de-cultura-sa-nostra-palma-de-mallorca-2016-03-16\/","title":{"rendered":"INSTANTZZ: Max Sunyer Trio (Centre de Cultura Sa Nostra, Palma de Mallorca. 2016-03-16)"},"content":{"rendered":"<ul>\n<li>Fecha: Mi\u00e9rcoles, 16 de marzo de 2016. 20:00<\/li>\n<li>Lugar: Centre de Cultura Sa Nostra, Palma de Mallorca<\/li>\n<li>Presentaci\u00f3n del\u00a0CD\u00a0<em>Illa Imaginada<\/em><\/li>\n<li>Grupo: Max Sunyer Trio<\/li>\n<li>Componentes:<br \/>\nMax Sunyer: guitarra el\u00e9ctrica<br \/>\nToni Cuenca: bajo el\u00e9ctrico<br \/>\nDan Arisa: bater\u00eda<\/li>\n<\/ul>\n<p style=\"text-align: center;\"><img loading=\"lazy\" decoding=\"async\" class=\"aligncenter size-large wp-image-22738\" src=\"http:\/\/www.tomajazz.com\/web\/wp-content\/uploads\/2016\/03\/001-1-600x400.jpg\" alt=\"001\" width=\"600\" height=\"400\" title=\"\" srcset=\"https:\/\/tomajazz.com\/web\/wp-content\/uploads\/2016\/03\/001-1.jpg 600w, https:\/\/tomajazz.com\/web\/wp-content\/uploads\/2016\/03\/001-1-150x100.jpg 150w, https:\/\/tomajazz.com\/web\/wp-content\/uploads\/2016\/03\/001-1-200x133.jpg 200w, https:\/\/tomajazz.com\/web\/wp-content\/uploads\/2016\/03\/001-1-83x55.jpg 83w, https:\/\/tomajazz.com\/web\/wp-content\/uploads\/2016\/03\/001-1-60x40.jpg 60w, https:\/\/tomajazz.com\/web\/wp-content\/uploads\/2016\/03\/001-1-120x80.jpg 120w\" sizes=\"auto, (max-width: 600px) 100vw, 600px\" \/><\/p>\n<p style=\"text-align: center;\"><img loading=\"lazy\" decoding=\"async\" class=\"aligncenter size-large wp-image-22739\" src=\"http:\/\/www.tomajazz.com\/web\/wp-content\/uploads\/2016\/03\/002-1-600x400.jpg\" alt=\"002\" width=\"600\" height=\"400\" title=\"\" srcset=\"https:\/\/tomajazz.com\/web\/wp-content\/uploads\/2016\/03\/002-1.jpg 600w, https:\/\/tomajazz.com\/web\/wp-content\/uploads\/2016\/03\/002-1-150x100.jpg 150w, https:\/\/tomajazz.com\/web\/wp-content\/uploads\/2016\/03\/002-1-200x133.jpg 200w, https:\/\/tomajazz.com\/web\/wp-content\/uploads\/2016\/03\/002-1-83x55.jpg 83w, https:\/\/tomajazz.com\/web\/wp-content\/uploads\/2016\/03\/002-1-60x40.jpg 60w, https:\/\/tomajazz.com\/web\/wp-content\/uploads\/2016\/03\/002-1-120x80.jpg 120w\" sizes=\"auto, (max-width: 600px) 100vw, 600px\" \/><\/p>\n<p style=\"text-align: center;\"><img loading=\"lazy\" decoding=\"async\" class=\"aligncenter size-large wp-image-22740\" src=\"http:\/\/www.tomajazz.com\/web\/wp-content\/uploads\/2016\/03\/003-1-400x600.jpg\" alt=\"003\" width=\"400\" height=\"600\" title=\"\" srcset=\"https:\/\/tomajazz.com\/web\/wp-content\/uploads\/2016\/03\/003-1.jpg 400w, https:\/\/tomajazz.com\/web\/wp-content\/uploads\/2016\/03\/003-1-100x150.jpg 100w, https:\/\/tomajazz.com\/web\/wp-content\/uploads\/2016\/03\/003-1-200x300.jpg 200w, https:\/\/tomajazz.com\/web\/wp-content\/uploads\/2016\/03\/003-1-37x55.jpg 37w\" sizes=\"auto, (max-width: 400px) 100vw, 400px\" \/><\/p>\n<p style=\"text-align: center;\"><img loading=\"lazy\" decoding=\"async\" class=\"aligncenter size-large wp-image-22741\" src=\"http:\/\/www.tomajazz.com\/web\/wp-content\/uploads\/2016\/03\/004-1-400x600.jpg\" alt=\"004\" width=\"400\" height=\"600\" title=\"\" srcset=\"https:\/\/tomajazz.com\/web\/wp-content\/uploads\/2016\/03\/004-1.jpg 400w, https:\/\/tomajazz.com\/web\/wp-content\/uploads\/2016\/03\/004-1-100x150.jpg 100w, https:\/\/tomajazz.com\/web\/wp-content\/uploads\/2016\/03\/004-1-200x300.jpg 200w, https:\/\/tomajazz.com\/web\/wp-content\/uploads\/2016\/03\/004-1-37x55.jpg 37w\" sizes=\"auto, (max-width: 400px) 100vw, 400px\" \/><\/p>\n<p style=\"text-align: center;\"><img loading=\"lazy\" decoding=\"async\" class=\"aligncenter size-large wp-image-22742\" src=\"http:\/\/www.tomajazz.com\/web\/wp-content\/uploads\/2016\/03\/005-1-400x600.jpg\" alt=\"005\" width=\"400\" height=\"600\" title=\"\" srcset=\"https:\/\/tomajazz.com\/web\/wp-content\/uploads\/2016\/03\/005-1.jpg 400w, https:\/\/tomajazz.com\/web\/wp-content\/uploads\/2016\/03\/005-1-100x150.jpg 100w, https:\/\/tomajazz.com\/web\/wp-content\/uploads\/2016\/03\/005-1-200x300.jpg 200w, https:\/\/tomajazz.com\/web\/wp-content\/uploads\/2016\/03\/005-1-37x55.jpg 37w\" sizes=\"auto, (max-width: 400px) 100vw, 400px\" \/><\/p>\n<p style=\"text-align: center;\"><img loading=\"lazy\" decoding=\"async\" class=\"aligncenter size-large wp-image-22743\" src=\"http:\/\/www.tomajazz.com\/web\/wp-content\/uploads\/2016\/03\/006-1-600x400.jpg\" alt=\"006\" width=\"600\" height=\"400\" title=\"\" srcset=\"https:\/\/tomajazz.com\/web\/wp-content\/uploads\/2016\/03\/006-1.jpg 600w, https:\/\/tomajazz.com\/web\/wp-content\/uploads\/2016\/03\/006-1-150x100.jpg 150w, https:\/\/tomajazz.com\/web\/wp-content\/uploads\/2016\/03\/006-1-200x133.jpg 200w, https:\/\/tomajazz.com\/web\/wp-content\/uploads\/2016\/03\/006-1-83x55.jpg 83w, https:\/\/tomajazz.com\/web\/wp-content\/uploads\/2016\/03\/006-1-60x40.jpg 60w, https:\/\/tomajazz.com\/web\/wp-content\/uploads\/2016\/03\/006-1-120x80.jpg 120w\" sizes=\"auto, (max-width: 600px) 100vw, 600px\" \/><\/p>\n<p style=\"text-align: center;\"><img loading=\"lazy\" decoding=\"async\" class=\"aligncenter size-large wp-image-22744\" src=\"http:\/\/www.tomajazz.com\/web\/wp-content\/uploads\/2016\/03\/007-1-600x400.jpg\" alt=\"007\" width=\"600\" height=\"400\" title=\"\" srcset=\"https:\/\/tomajazz.com\/web\/wp-content\/uploads\/2016\/03\/007-1.jpg 600w, https:\/\/tomajazz.com\/web\/wp-content\/uploads\/2016\/03\/007-1-150x100.jpg 150w, https:\/\/tomajazz.com\/web\/wp-content\/uploads\/2016\/03\/007-1-200x133.jpg 200w, https:\/\/tomajazz.com\/web\/wp-content\/uploads\/2016\/03\/007-1-83x55.jpg 83w, https:\/\/tomajazz.com\/web\/wp-content\/uploads\/2016\/03\/007-1-60x40.jpg 60w, https:\/\/tomajazz.com\/web\/wp-content\/uploads\/2016\/03\/007-1-120x80.jpg 120w\" sizes=\"auto, (max-width: 600px) 100vw, 600px\" \/><\/p>\n<p style=\"text-align: center;\"><img loading=\"lazy\" decoding=\"async\" class=\"aligncenter size-large wp-image-22745\" src=\"http:\/\/www.tomajazz.com\/web\/wp-content\/uploads\/2016\/03\/008-1-600x400.jpg\" alt=\"008\" width=\"600\" height=\"400\" title=\"\" srcset=\"https:\/\/tomajazz.com\/web\/wp-content\/uploads\/2016\/03\/008-1.jpg 600w, https:\/\/tomajazz.com\/web\/wp-content\/uploads\/2016\/03\/008-1-150x100.jpg 150w, https:\/\/tomajazz.com\/web\/wp-content\/uploads\/2016\/03\/008-1-200x133.jpg 200w, https:\/\/tomajazz.com\/web\/wp-content\/uploads\/2016\/03\/008-1-83x55.jpg 83w, https:\/\/tomajazz.com\/web\/wp-content\/uploads\/2016\/03\/008-1-60x40.jpg 60w, https:\/\/tomajazz.com\/web\/wp-content\/uploads\/2016\/03\/008-1-120x80.jpg 120w\" sizes=\"auto, (max-width: 600px) 100vw, 600px\" \/><\/p>\n<p style=\"text-align: center;\"><img loading=\"lazy\" decoding=\"async\" class=\"aligncenter size-large wp-image-22746\" src=\"http:\/\/www.tomajazz.com\/web\/wp-content\/uploads\/2016\/03\/009-1-600x400.jpg\" alt=\"009\" width=\"600\" height=\"400\" title=\"\" srcset=\"https:\/\/tomajazz.com\/web\/wp-content\/uploads\/2016\/03\/009-1.jpg 600w, https:\/\/tomajazz.com\/web\/wp-content\/uploads\/2016\/03\/009-1-150x100.jpg 150w, https:\/\/tomajazz.com\/web\/wp-content\/uploads\/2016\/03\/009-1-200x133.jpg 200w, https:\/\/tomajazz.com\/web\/wp-content\/uploads\/2016\/03\/009-1-83x55.jpg 83w, https:\/\/tomajazz.com\/web\/wp-content\/uploads\/2016\/03\/009-1-60x40.jpg 60w, https:\/\/tomajazz.com\/web\/wp-content\/uploads\/2016\/03\/009-1-120x80.jpg 120w\" sizes=\"auto, (max-width: 600px) 100vw, 600px\" \/><\/p>\n<p style=\"text-align: center;\"><img loading=\"lazy\" decoding=\"async\" class=\"aligncenter size-large wp-image-22747\" src=\"http:\/\/www.tomajazz.com\/web\/wp-content\/uploads\/2016\/03\/010-1-600x400.jpg\" alt=\"010\" width=\"600\" height=\"400\" title=\"\" srcset=\"https:\/\/tomajazz.com\/web\/wp-content\/uploads\/2016\/03\/010-1.jpg 600w, https:\/\/tomajazz.com\/web\/wp-content\/uploads\/2016\/03\/010-1-150x100.jpg 150w, https:\/\/tomajazz.com\/web\/wp-content\/uploads\/2016\/03\/010-1-200x133.jpg 200w, https:\/\/tomajazz.com\/web\/wp-content\/uploads\/2016\/03\/010-1-83x55.jpg 83w, https:\/\/tomajazz.com\/web\/wp-content\/uploads\/2016\/03\/010-1-60x40.jpg 60w, https:\/\/tomajazz.com\/web\/wp-content\/uploads\/2016\/03\/010-1-120x80.jpg 120w\" sizes=\"auto, (max-width: 600px) 100vw, 600px\" \/><\/p>\n<p style=\"text-align: right;\">\u00a9 <a href=\"https:\/\/www.flickr.com\/photos\/joseluisluna1958\/\" target=\"_blank\" rel=\"noopener\">Jos\u00e9 Luis Luna Rocafort<\/a>, 2016<\/p>\n","protected":false},"excerpt":{"rendered":"<p>Fecha: Mi\u00e9rcoles, 16 de marzo de 2016. 20:00 Lugar: Centre de Cultura Sa Nostra, Palma de Mallorca Presentaci\u00f3n del\u00a0CD\u00a0Illa Imaginada Grupo: Max Sunyer Trio Componentes: Max Sunyer: guitarra el\u00e9ctrica Toni Cuenca: bajo el\u00e9ctrico Dan Arisa: bater\u00eda \u00a9 Jos\u00e9 Luis Luna Rocafort, 2016<span class=\"more-link\"><a href=\"https:\/\/tomajazz.com\/web\/instantzz-max-sunyer-trio-centre-de-cultura-sa-nostra-palma-de-mallorca-2016-03-16\/\">Contin\u00faa leyendo<\/a><\/span><\/p>\n","protected":false},"author":1,"featured_media":22741,"comment_status":"open","ping_status":"closed","sticky":false,"template":"","format":"standard","meta":{"_jetpack_newsletter_access":"","_jetpack_dont_email_post_to_subs":true,"_jetpack_newsletter_tier_id":0,"_jetpack_memberships_contains_paywalled_content":false,"_jetpack_feature_clip_id":0,"_jetpack_memberships_contains_paid_content":false,"footnotes":"","jetpack_post_was_ever_published":false},"categories":[17846,11262,15516,11261,1038],"tags":[15204,15203,12656,15275,11263,13,12415,15295,10088,15710,15202,15201,12657,16099,77,16100,11541],"class_list":["entry","author-pachi","post-22737","post","type-post","status-publish","format-standard","has-post-thumbnail","category-jose-luis-luna-rocafort","category-photoblogs","category-imagenes","category-instantzz","category-contenidos","tag-centre-de-cultura-sa-nostra-palma-de-mallorca","tag-dan-arisa","tag-fotoblog","tag-galeria-fotografica","tag-instantzz-2","tag-jazz","tag-jazz-en-espana","tag-jazz-en-espanol","tag-jose-luis-luna-rocafort","tag-la-actualidad-del-jazz-en-espana","tag-max-sunyer","tag-max-sunyer-trio","tag-photoblog","tag-toma-jazz","tag-tomajazz","tag-tomajazz-toma-jazz","tag-toni-cuenca"],"jetpack_likes_enabled":true,"jetpack_sharing_enabled":true,"jetpack-related-posts":[{"id":45647,"url":"https:\/\/tomajazz.com\/web\/instantzz-max-sunyer-trio-cafe-club-es-gremi-palma-de-mallorca-2019-09-11-galeria-fotografica\/","url_meta":{"origin":22737,"position":0},"title":"INSTANTZZ: Max Sunyer Tr\u00edo (Caf\u00e9 Club Es Gremi, Palma de Mallorca. 2019-09-11) [Galer\u00eda fotogr\u00e1fica]","author":"Tomajazz","date":"13 septiembre, 2019","format":false,"excerpt":"Por\u00a0Jos\u00e9 Luis Luna Rocafort. Fecha: Mi\u00e9rcoles, 11 de septiembre de 2019. 21:30h. Lugar: Caf\u00e9 Club Es Gremi. Palma de Mallorca. Grupo: Max Sunyer Tr\u00edo Max Sunyer: guitarra el\u00e9ctrica. Toni Cuenca: bajo el\u00e9ctrico. To\u00f1o M\u00e1rquez: bater\u00eda. Tomajazz: \u00a9\u00a0Jos\u00e9 Luis Luna Rocafort, 2019","rel":"","context":"En \u00ab*_Jos\u00e9 Luis Luna Rocafort\u00bb","block_context":{"text":"*_Jos\u00e9 Luis Luna Rocafort","link":"https:\/\/tomajazz.com\/web\/category\/jose-luis-luna-rocafort\/"},"img":{"alt_text":"INSTANTZZ: Max Sunyer Tr\u00edo (Caf\u00e9 Club Es Gremi, Palma de Mallorca. 2019-09-11) [Galer\u00eda fotogr\u00e1fica]","src":"https:\/\/i0.wp.com\/tomajazz.com\/web\/wp-content\/uploads\/2019\/09\/001-2.jpg?resize=350%2C200&ssl=1","width":350,"height":200,"srcset":"https:\/\/i0.wp.com\/tomajazz.com\/web\/wp-content\/uploads\/2019\/09\/001-2.jpg?resize=350%2C200&ssl=1 1x, https:\/\/i0.wp.com\/tomajazz.com\/web\/wp-content\/uploads\/2019\/09\/001-2.jpg?resize=525%2C300&ssl=1 1.5x"},"classes":[]},{"id":45710,"url":"https:\/\/tomajazz.com\/web\/45710\/","url_meta":{"origin":22737,"position":1},"title":"INSTANTZZ: Jam con Max Sunyer Tr\u00edo (Caf\u00e9 Club Es Gremi, Palma de Mallorca. 2019-09-11) [Galer\u00eda fotogr\u00e1fica]","author":"Tomajazz","date":"16 septiembre, 2019","format":false,"excerpt":"Por\u00a0Jos\u00e9 Luis Luna Rocafort. Fecha: Mi\u00e9rcoles, 11 de septiembre de 2019. 22:30h. Lugar: Caf\u00e9\u00a0Club Es Gremi. Palma de Mallorca Grupo: Jam con Max Sunyer Tr\u00edo\u00a0 Max Sunyer: guitarra el\u00e9ctrica Toni Cuenca: bajo el\u00e9ctrico To\u00f1o M\u00e1rquez: bater\u00eda Miron Rafajlovic: trompeta, bater\u00eda Pierre Bauzerand: teclados Javi Coll: guitarra el\u00e9ctrica Selene Scafaro: voz\u2026","rel":"","context":"En \u00ab*_Jos\u00e9 Luis Luna Rocafort\u00bb","block_context":{"text":"*_Jos\u00e9 Luis Luna Rocafort","link":"https:\/\/tomajazz.com\/web\/category\/jose-luis-luna-rocafort\/"},"img":{"alt_text":"INSTANTZZ: Jam con Max Sunyer Tr\u00edo (Caf\u00e9 Club Es Gremi, Palma de Mallorca. 2019-09-11) [Galer\u00eda fotogr\u00e1fica]","src":"https:\/\/i0.wp.com\/tomajazz.com\/web\/wp-content\/uploads\/2019\/09\/001-3.jpg?resize=350%2C200&ssl=1","width":350,"height":200,"srcset":"https:\/\/i0.wp.com\/tomajazz.com\/web\/wp-content\/uploads\/2019\/09\/001-3.jpg?resize=350%2C200&ssl=1 1x, https:\/\/i0.wp.com\/tomajazz.com\/web\/wp-content\/uploads\/2019\/09\/001-3.jpg?resize=525%2C300&ssl=1 1.5x"},"classes":[]},{"id":101757,"url":"https:\/\/tomajazz.com\/web\/sa-pobla-jazz-collective-sa-pobla-2025\/","url_meta":{"origin":22737,"position":2},"title":"Sa Pobla Jazz Collective (31 Mallorca Jazz Sa Pobla 2025. Sa Pobla. Mallorca. 2025-08-11) Por Jos\u00e9 Luis Luna Rocafort [INSTANTZZ AKA Galer\u00eda fotogr\u00e1fica AKA Fotoblog de jazz, impro\u2026 y algo m\u00e1s]","author":"Tomajazz","date":"14 noviembre, 2025","format":false,"excerpt":"Sa Pobla Jazz Collective actu\u00f3 en el 31 Mallorca Jazz Sa Pobla 2025 el 11 de agosto de 2025. Jos\u00e9 Luis Luna Rocafort retrata el concierto en INSTANTZZ","rel":"","context":"En \u00abINSTANTZZ\u00bb","block_context":{"text":"INSTANTZZ","link":"https:\/\/tomajazz.com\/web\/category\/contenidos\/imagenes\/photoblogs\/instantzz\/"},"img":{"alt_text":"Sa Pobla Jazz Collective (31 Mallorca Jazz Sa Pobla 2025. Sa Pobla. Mallorca. 2025-08-11) Por Jos\u00e9 Luis Luna Rocafort [INSTANTZZ AKA Galer\u00eda fotogr\u00e1fica AKA Fotoblog de jazz, impro\u2026 y algo m\u00e1s] - Tomajazz - Sa Pobla Jazz Collective actu\u00f3 en el 31 Mallorca Jazz Sa Pobla 2025 el 11 de agosto de 2025. Jos\u00e9 Luis Luna Rocafort retrata el concierto en INSTANTZZ","src":"https:\/\/i0.wp.com\/tomajazz.com\/web\/wp-content\/uploads\/2025\/11\/014-9.jpg?resize=350%2C200&ssl=1","width":350,"height":200,"srcset":"https:\/\/i0.wp.com\/tomajazz.com\/web\/wp-content\/uploads\/2025\/11\/014-9.jpg?resize=350%2C200&ssl=1 1x, https:\/\/i0.wp.com\/tomajazz.com\/web\/wp-content\/uploads\/2025\/11\/014-9.jpg?resize=525%2C300&ssl=1 1.5x"},"classes":[]},{"id":103972,"url":"https:\/\/tomajazz.com\/web\/carla-gonzalez-6t-olot-2025\/","url_meta":{"origin":22737,"position":3},"title":"Carla Gonz\u00e0lez 6t \u201cLa Visibilitat de l\u2019Invisible\u201d (Jazz Olot \/ Sala El Tor\u00edn, 2025-12-19 \/ Olot -Girona-) Por Joan Cort\u00e8s [INSTANTZZ AKA Galer\u00eda fotogr\u00e1fica AKA Fotoblog de jazz, impro\u2026 y algo m\u00e1s]","author":"Tomajazz","date":"12 febrero, 2026","format":false,"excerpt":"Carla Gonz\u00e0lez 6t \u201cLa Visibilitat de l\u2019Invisible\u201d actu\u00f3 el 19 de diciembre de 2025 en Jazz Olot en Sala El Tor\u00edn, de Girona. Joan Cort\u00e8s lo retrata en INSTANTZZ. Actuaron Carla Gonz\u00e0lez, Alba Pujals, Cristina Sunyer, Cristina Miguel, Eva Fern\u00e1ndez, Andrea Gonz\u00e1lez","rel":"","context":"En \u00abINSTANTZZ\u00bb","block_context":{"text":"INSTANTZZ","link":"https:\/\/tomajazz.com\/web\/category\/contenidos\/imagenes\/photoblogs\/instantzz\/"},"img":{"alt_text":"Carla Gonz\u00e0lez 6t \u201cLa Visibilitat de l\u2019Invisible\u201d (Jazz Olot \/ Sala El Tor\u00edn, 2025-12-19 \/ Olot -Girona-) Por Joan Cort\u00e8s [INSTANTZZ AKA Galer\u00eda fotogr\u00e1fica AKA Fotoblog de jazz, impro\u2026 y algo m\u00e1s] - Tomajazz - Carla Gonz\u00e0lez 6t \u201cLa Visibilitat de l\u2019Invisible\u201d actu\u00f3 el 19 de diciembre de 2025 en Jazz Olot en Sala El Tor\u00edn, de Girona. Joan Cort\u00e8s lo retrata en INSTANTZZ. Actuaron Carla Gonz\u00e0lez, Alba Pujals, Cristina Sunyer, Cristina Miguel, Eva Fern\u00e1ndez, Andrea Gonz\u00e1lez\n","src":"https:\/\/i0.wp.com\/tomajazz.com\/web\/wp-content\/uploads\/2026\/02\/destacada-06-Crl-Gnzlz-6t-Photo-By-Joan-Cortes-19dsm25-l-Trn-Jzz-lt-lt.jpg?resize=350%2C200&ssl=1","width":350,"height":200,"srcset":"https:\/\/i0.wp.com\/tomajazz.com\/web\/wp-content\/uploads\/2026\/02\/destacada-06-Crl-Gnzlz-6t-Photo-By-Joan-Cortes-19dsm25-l-Trn-Jzz-lt-lt.jpg?resize=350%2C200&ssl=1 1x, https:\/\/i0.wp.com\/tomajazz.com\/web\/wp-content\/uploads\/2026\/02\/destacada-06-Crl-Gnzlz-6t-Photo-By-Joan-Cortes-19dsm25-l-Trn-Jzz-lt-lt.jpg?resize=525%2C300&ssl=1 1.5x"},"classes":[]},{"id":106196,"url":"https:\/\/tomajazz.com\/web\/jorge-pardo-quartet-son-net-2026\/","url_meta":{"origin":22737,"position":4},"title":"Jorge Pardo Quartet (Gran Hotel Son Net, Puigpunyent, Mallorca. 2026-07-04) [INSTANTZZ AKA Galer\u00eda fotogr\u00e1fica AKA Fotoblog de jazz, impro\u2026 y algo m\u00e1s]","author":"Tomajazz","date":"5 agosto, 2026","format":false,"excerpt":"Jorge Pardo Quartet actu\u00f3 en Gran Hotel Son Net, en Puigpunyent, Mallorca, el 4 de julio de 2026. Jos\u00e9 Luis Luna Rocafort lo retrata en INSTANTZZ. Actuaron Jorge Pardo, Toni Cuenca, Josep Pou, Benji Habichuela","rel":"","context":"En \u00ab*_Jos\u00e9 Luis Luna Rocafort\u00bb","block_context":{"text":"*_Jos\u00e9 Luis Luna Rocafort","link":"https:\/\/tomajazz.com\/web\/category\/jose-luis-luna-rocafort\/"},"img":{"alt_text":"Jorge Pardo Quartet (Gran Hotel Son Net, Puigpunyent, Mallorca. 2026-07-04) [INSTANTZZ AKA Galer\u00eda fotogr\u00e1fica AKA Fotoblog de jazz, impro\u2026 y algo m\u00e1s] - Tomajazz - Jorge Pardo Quartet actu\u00f3 en Gran Hotel Son Net, en Puigpunyent, Mallorca, el 4 de julio de 2026. Jos\u00e9 Luis Luna Rocafort lo retrata en INSTANTZZ. Actuaron Jorge Pardo, Toni Cuenca, Josep Pou, Benji Habichuela","src":"https:\/\/i0.wp.com\/tomajazz.com\/web\/wp-content\/uploads\/2026\/08\/018.jpg?resize=350%2C200&ssl=1","width":350,"height":200,"srcset":"https:\/\/i0.wp.com\/tomajazz.com\/web\/wp-content\/uploads\/2026\/08\/018.jpg?resize=350%2C200&ssl=1 1x, https:\/\/i0.wp.com\/tomajazz.com\/web\/wp-content\/uploads\/2026\/08\/018.jpg?resize=525%2C300&ssl=1 1.5x"},"classes":[]},{"id":106583,"url":"https:\/\/tomajazz.com\/web\/fran-ramos-quartet-sa-pobla-2026\/","url_meta":{"origin":22737,"position":5},"title":"Fran Ramos Quartet (32 Mallorca Jazz Sa Pobla 2026. Sa Pobla, Mallorca. 2026-07-30) Por Jos\u00e9 Luis Luna Rocafort [INSTANTZZ AKA Galer\u00eda fotogr\u00e1fica AKA Fotoblog de jazz, impro\u2026 y algo m\u00e1s]","author":"Tomajazz","date":"19 agosto, 2026","format":false,"excerpt":"Fran Ramos Quartet actu\u00f3 en el 32 Mallorca Jazz Sa Pobla 2026 en Mallorca, el 30 de julio de 2026. Jos\u00e9 Luis Luna Rocafort lo retrata en INSTANTZZ. Actuaron Fran Ramos, Diego Hervalejo, Camil Alcarazo, Enric\u00a0Fuster, Gaizka Taro","rel":"","context":"En \u00ab32 Mallorca Jazz Sa Pobla 2026\u00bb","block_context":{"text":"32 Mallorca Jazz Sa Pobla 2026","link":"https:\/\/tomajazz.com\/web\/category\/contenidos\/especial-contenidos\/32-mallorca-jazz-sa-pobla-2026\/"},"img":{"alt_text":"Fran Ramos Quartet (32 Mallorca Jazz Sa Pobla 2026. Sa Pobla, Mallorca. 2026-07-30) Por Jos\u00e9 Luis Luna Rocafort [INSTANTZZ AKA Galer\u00eda fotogr\u00e1fica AKA Fotoblog de jazz, impro\u2026 y algo m\u00e1s] - Tomajazz - Fran Ramos Quartet actu\u00f3 en el 32 Mallorca Jazz Sa Pobla 2026 en Mallorca, el 30 de julio de 202. Sa Pobla, Mallorca. 2026-07-30) Por Jos\u00e9 Luis Luna Rocafort [INSTANTZZ AKA Galer\u00eda fotogr\u00e1fica AKA Fotoblog de jazz, impro\u2026 y algo m\u00e1s]","src":"https:\/\/i0.wp.com\/tomajazz.com\/web\/wp-content\/uploads\/2026\/08\/018-4.jpg?resize=350%2C200&ssl=1","width":350,"height":200,"srcset":"https:\/\/i0.wp.com\/tomajazz.com\/web\/wp-content\/uploads\/2026\/08\/018-4.jpg?resize=350%2C200&ssl=1 1x, https:\/\/i0.wp.com\/tomajazz.com\/web\/wp-content\/uploads\/2026\/08\/018-4.jpg?resize=525%2C300&ssl=1 1.5x"},"classes":[]}],"jetpack_featured_media_url":"https:\/\/tomajazz.com\/web\/wp-content\/uploads\/2016\/03\/004-1.jpg","_links":{"self":[{"href":"https:\/\/tomajazz.com\/web\/wp-json\/wp\/v2\/posts\/22737","targetHints":{"allow":["GET"]}}],"collection":[{"href":"https:\/\/tomajazz.com\/web\/wp-json\/wp\/v2\/posts"}],"about":[{"href":"https:\/\/tomajazz.com\/web\/wp-json\/wp\/v2\/types\/post"}],"author":[{"embeddable":true,"href":"https:\/\/tomajazz.com\/web\/wp-json\/wp\/v2\/users\/1"}],"replies":[{"embeddable":true,"href":"https:\/\/tomajazz.com\/web\/wp-json\/wp\/v2\/comments?post=22737"}],"version-history":[{"count":2,"href":"https:\/\/tomajazz.com\/web\/wp-json\/wp\/v2\/posts\/22737\/revisions"}],"predecessor-version":[{"id":22754,"href":"https:\/\/tomajazz.com\/web\/wp-json\/wp\/v2\/posts\/22737\/revisions\/22754"}],"wp:featuredmedia":[{"embeddable":true,"href":"https:\/\/tomajazz.com\/web\/wp-json\/wp\/v2\/media\/22741"}],"wp:attachment":[{"href":"https:\/\/tomajazz.com\/web\/wp-json\/wp\/v2\/media?parent=22737"}],"wp:term":[{"taxonomy":"category","embeddable":true,"href":"https:\/\/tomajazz.com\/web\/wp-json\/wp\/v2\/categories?post=22737"},{"taxonomy":"post_tag","embeddable":true,"href":"https:\/\/tomajazz.com\/web\/wp-json\/wp\/v2\/tags?post=22737"}],"curies":[{"name":"wp","href":"https:\/\/api.w.org\/{rel}","templated":true}]}}