{"id":22929,"date":"2016-04-07T11:09:27","date_gmt":"2016-04-07T09:09:27","guid":{"rendered":"http:\/\/www.tomajazz.com\/web\/?p=22929"},"modified":"2016-11-13T16:29:41","modified_gmt":"2016-11-13T15:29:41","slug":"instantzz-joey-baron-26e-jazz-festival-granollers-casino-granollers-barcelona-2016-02-05","status":"publish","type":"post","link":"https:\/\/tomajazz.com\/web\/instantzz-joey-baron-26e-jazz-festival-granollers-casino-granollers-barcelona-2016-02-05\/","title":{"rendered":"INSTANTZZ: Joey Baron (26\u00e8 Jazz Festival Granollers, Casino, Granollers -Barcelona-. 2016-02-05)"},"content":{"rendered":"<ul>\n<li>Fecha: Viernes, 05 de febrero de 2016<\/li>\n<li>Lugar: Casino de Granollers, Granollers, Barcelona<\/li>\n<li>Componentes:<br \/>\nJoey Baron, bater\u00eda (con componentes esmeradamente seleccionados de las bater\u00edas de Alfons Bertran, Joan Vidal y David Xirgu, m\u00e1s la alfombrilla de Ramon Prats)<\/li>\n<\/ul>\n<p><center><img loading=\"lazy\" decoding=\"async\" class=\"aligncenter size-large wp-image-22930\" src=\"http:\/\/www.tomajazz.com\/web\/wp-content\/uploads\/2016\/04\/01_Jy-Brn-\u00a9Joan-Cort\u00e8s_05feb16_26JFGrnllrs_Csn_Grnllrs-399x600.jpg\" alt=\"01_Jy Brn (\u00a9Joan Cort\u00e8s)_05feb16_26JFGrnllrs_Csn_Grnllrs\" width=\"399\" height=\"600\" title=\"\" srcset=\"https:\/\/tomajazz.com\/web\/wp-content\/uploads\/2016\/04\/01_Jy-Brn-\u00a9Joan-Cort\u00e8s_05feb16_26JFGrnllrs_Csn_Grnllrs.jpg 399w, https:\/\/tomajazz.com\/web\/wp-content\/uploads\/2016\/04\/01_Jy-Brn-\u00a9Joan-Cort\u00e8s_05feb16_26JFGrnllrs_Csn_Grnllrs-100x150.jpg 100w, https:\/\/tomajazz.com\/web\/wp-content\/uploads\/2016\/04\/01_Jy-Brn-\u00a9Joan-Cort\u00e8s_05feb16_26JFGrnllrs_Csn_Grnllrs-200x300.jpg 200w, https:\/\/tomajazz.com\/web\/wp-content\/uploads\/2016\/04\/01_Jy-Brn-\u00a9Joan-Cort\u00e8s_05feb16_26JFGrnllrs_Csn_Grnllrs-37x55.jpg 37w\" sizes=\"auto, (max-width: 399px) 100vw, 399px\" \/><\/p>\n<p style=\"text-align: center;\"><img loading=\"lazy\" decoding=\"async\" class=\"aligncenter size-large wp-image-22931\" src=\"http:\/\/www.tomajazz.com\/web\/wp-content\/uploads\/2016\/04\/02_Jy-Brn-\u00a9Joan-Cort\u00e8s_05feb16_26JFGrnllrs_Csn_Grnllrs-600x399.jpg\" alt=\"02_Jy Brn (\u00a9Joan Cort\u00e8s)_05feb16_26JFGrnllrs_Csn_Grnllrs\" width=\"600\" height=\"399\" title=\"\" srcset=\"https:\/\/tomajazz.com\/web\/wp-content\/uploads\/2016\/04\/02_Jy-Brn-\u00a9Joan-Cort\u00e8s_05feb16_26JFGrnllrs_Csn_Grnllrs.jpg 600w, https:\/\/tomajazz.com\/web\/wp-content\/uploads\/2016\/04\/02_Jy-Brn-\u00a9Joan-Cort\u00e8s_05feb16_26JFGrnllrs_Csn_Grnllrs-150x100.jpg 150w, https:\/\/tomajazz.com\/web\/wp-content\/uploads\/2016\/04\/02_Jy-Brn-\u00a9Joan-Cort\u00e8s_05feb16_26JFGrnllrs_Csn_Grnllrs-200x133.jpg 200w, https:\/\/tomajazz.com\/web\/wp-content\/uploads\/2016\/04\/02_Jy-Brn-\u00a9Joan-Cort\u00e8s_05feb16_26JFGrnllrs_Csn_Grnllrs-83x55.jpg 83w, https:\/\/tomajazz.com\/web\/wp-content\/uploads\/2016\/04\/02_Jy-Brn-\u00a9Joan-Cort\u00e8s_05feb16_26JFGrnllrs_Csn_Grnllrs-60x40.jpg 60w, https:\/\/tomajazz.com\/web\/wp-content\/uploads\/2016\/04\/02_Jy-Brn-\u00a9Joan-Cort\u00e8s_05feb16_26JFGrnllrs_Csn_Grnllrs-120x80.jpg 120w\" sizes=\"auto, (max-width: 600px) 100vw, 600px\" \/><\/p>\n<p style=\"text-align: center;\"><img loading=\"lazy\" decoding=\"async\" class=\"aligncenter size-large wp-image-22932\" src=\"http:\/\/www.tomajazz.com\/web\/wp-content\/uploads\/2016\/04\/03_Jy-Brn-\u00a9Joan-Cort\u00e8s_05feb16_26JFGrnllrs_Csn_Grnllrs-600x399.jpg\" alt=\"03_Jy Brn (\u00a9Joan Cort\u00e8s)_05feb16_26JFGrnllrs_Csn_Grnllrs\" width=\"600\" height=\"399\" title=\"\" srcset=\"https:\/\/tomajazz.com\/web\/wp-content\/uploads\/2016\/04\/03_Jy-Brn-\u00a9Joan-Cort\u00e8s_05feb16_26JFGrnllrs_Csn_Grnllrs.jpg 600w, https:\/\/tomajazz.com\/web\/wp-content\/uploads\/2016\/04\/03_Jy-Brn-\u00a9Joan-Cort\u00e8s_05feb16_26JFGrnllrs_Csn_Grnllrs-150x100.jpg 150w, https:\/\/tomajazz.com\/web\/wp-content\/uploads\/2016\/04\/03_Jy-Brn-\u00a9Joan-Cort\u00e8s_05feb16_26JFGrnllrs_Csn_Grnllrs-200x133.jpg 200w, https:\/\/tomajazz.com\/web\/wp-content\/uploads\/2016\/04\/03_Jy-Brn-\u00a9Joan-Cort\u00e8s_05feb16_26JFGrnllrs_Csn_Grnllrs-83x55.jpg 83w, https:\/\/tomajazz.com\/web\/wp-content\/uploads\/2016\/04\/03_Jy-Brn-\u00a9Joan-Cort\u00e8s_05feb16_26JFGrnllrs_Csn_Grnllrs-60x40.jpg 60w, https:\/\/tomajazz.com\/web\/wp-content\/uploads\/2016\/04\/03_Jy-Brn-\u00a9Joan-Cort\u00e8s_05feb16_26JFGrnllrs_Csn_Grnllrs-120x80.jpg 120w\" sizes=\"auto, (max-width: 600px) 100vw, 600px\" \/><\/p>\n<p style=\"text-align: center;\"><img loading=\"lazy\" decoding=\"async\" class=\"aligncenter size-large wp-image-22933\" src=\"http:\/\/www.tomajazz.com\/web\/wp-content\/uploads\/2016\/04\/04_Jy-Brn-\u00a9Joan-Cort\u00e8s_05feb16_26JFGrnllrs_Csn_Grnllrs-600x399.jpg\" alt=\"04_Jy Brn (\u00a9Joan Cort\u00e8s)_05feb16_26JFGrnllrs_Csn_Grnllrs\" width=\"600\" height=\"399\" title=\"\" srcset=\"https:\/\/tomajazz.com\/web\/wp-content\/uploads\/2016\/04\/04_Jy-Brn-\u00a9Joan-Cort\u00e8s_05feb16_26JFGrnllrs_Csn_Grnllrs.jpg 600w, https:\/\/tomajazz.com\/web\/wp-content\/uploads\/2016\/04\/04_Jy-Brn-\u00a9Joan-Cort\u00e8s_05feb16_26JFGrnllrs_Csn_Grnllrs-150x100.jpg 150w, https:\/\/tomajazz.com\/web\/wp-content\/uploads\/2016\/04\/04_Jy-Brn-\u00a9Joan-Cort\u00e8s_05feb16_26JFGrnllrs_Csn_Grnllrs-200x133.jpg 200w, https:\/\/tomajazz.com\/web\/wp-content\/uploads\/2016\/04\/04_Jy-Brn-\u00a9Joan-Cort\u00e8s_05feb16_26JFGrnllrs_Csn_Grnllrs-83x55.jpg 83w, https:\/\/tomajazz.com\/web\/wp-content\/uploads\/2016\/04\/04_Jy-Brn-\u00a9Joan-Cort\u00e8s_05feb16_26JFGrnllrs_Csn_Grnllrs-60x40.jpg 60w, https:\/\/tomajazz.com\/web\/wp-content\/uploads\/2016\/04\/04_Jy-Brn-\u00a9Joan-Cort\u00e8s_05feb16_26JFGrnllrs_Csn_Grnllrs-120x80.jpg 120w\" sizes=\"auto, (max-width: 600px) 100vw, 600px\" \/><\/p>\n<p style=\"text-align: center;\"><img loading=\"lazy\" decoding=\"async\" class=\"aligncenter size-large wp-image-22934\" src=\"http:\/\/www.tomajazz.com\/web\/wp-content\/uploads\/2016\/04\/05_Jy-Brn-\u00a9Joan-Cort\u00e8s_05feb16_26JFGrnllrs_Csn_Grnllrs-399x600.jpg\" alt=\"05_Jy Brn (\u00a9Joan Cort\u00e8s)_05feb16_26JFGrnllrs_Csn_Grnllrs\" width=\"399\" height=\"600\" title=\"\" srcset=\"https:\/\/tomajazz.com\/web\/wp-content\/uploads\/2016\/04\/05_Jy-Brn-\u00a9Joan-Cort\u00e8s_05feb16_26JFGrnllrs_Csn_Grnllrs.jpg 399w, https:\/\/tomajazz.com\/web\/wp-content\/uploads\/2016\/04\/05_Jy-Brn-\u00a9Joan-Cort\u00e8s_05feb16_26JFGrnllrs_Csn_Grnllrs-100x150.jpg 100w, https:\/\/tomajazz.com\/web\/wp-content\/uploads\/2016\/04\/05_Jy-Brn-\u00a9Joan-Cort\u00e8s_05feb16_26JFGrnllrs_Csn_Grnllrs-200x300.jpg 200w, https:\/\/tomajazz.com\/web\/wp-content\/uploads\/2016\/04\/05_Jy-Brn-\u00a9Joan-Cort\u00e8s_05feb16_26JFGrnllrs_Csn_Grnllrs-37x55.jpg 37w\" sizes=\"auto, (max-width: 399px) 100vw, 399px\" \/><\/p>\n<p style=\"text-align: center;\"><img loading=\"lazy\" decoding=\"async\" class=\"aligncenter size-large wp-image-22935\" src=\"http:\/\/www.tomajazz.com\/web\/wp-content\/uploads\/2016\/04\/06_Jy-Brn-\u00a9Joan-Cort\u00e8s_05feb16_26JFGrnllrs_Csn_Grnllrs-399x600.jpg\" alt=\"06_Jy Brn (\u00a9Joan Cort\u00e8s)_05feb16_26JFGrnllrs_Csn_Grnllrs\" width=\"399\" height=\"600\" title=\"\" srcset=\"https:\/\/tomajazz.com\/web\/wp-content\/uploads\/2016\/04\/06_Jy-Brn-\u00a9Joan-Cort\u00e8s_05feb16_26JFGrnllrs_Csn_Grnllrs.jpg 399w, https:\/\/tomajazz.com\/web\/wp-content\/uploads\/2016\/04\/06_Jy-Brn-\u00a9Joan-Cort\u00e8s_05feb16_26JFGrnllrs_Csn_Grnllrs-100x150.jpg 100w, https:\/\/tomajazz.com\/web\/wp-content\/uploads\/2016\/04\/06_Jy-Brn-\u00a9Joan-Cort\u00e8s_05feb16_26JFGrnllrs_Csn_Grnllrs-200x300.jpg 200w, https:\/\/tomajazz.com\/web\/wp-content\/uploads\/2016\/04\/06_Jy-Brn-\u00a9Joan-Cort\u00e8s_05feb16_26JFGrnllrs_Csn_Grnllrs-37x55.jpg 37w\" sizes=\"auto, (max-width: 399px) 100vw, 399px\" \/><\/p>\n<p style=\"text-align: center;\"><img loading=\"lazy\" decoding=\"async\" class=\"aligncenter size-large wp-image-22936\" src=\"http:\/\/www.tomajazz.com\/web\/wp-content\/uploads\/2016\/04\/07_Jy-Brn-\u00a9Joan-Cort\u00e8s_05feb16_26JFGrnllrs_Csn_Grnllrs-600x399.jpg\" alt=\"07_Jy Brn (\u00a9Joan Cort\u00e8s)_05feb16_26JFGrnllrs_Csn_Grnllrs\" width=\"600\" height=\"399\" title=\"\" srcset=\"https:\/\/tomajazz.com\/web\/wp-content\/uploads\/2016\/04\/07_Jy-Brn-\u00a9Joan-Cort\u00e8s_05feb16_26JFGrnllrs_Csn_Grnllrs.jpg 600w, https:\/\/tomajazz.com\/web\/wp-content\/uploads\/2016\/04\/07_Jy-Brn-\u00a9Joan-Cort\u00e8s_05feb16_26JFGrnllrs_Csn_Grnllrs-150x100.jpg 150w, https:\/\/tomajazz.com\/web\/wp-content\/uploads\/2016\/04\/07_Jy-Brn-\u00a9Joan-Cort\u00e8s_05feb16_26JFGrnllrs_Csn_Grnllrs-200x133.jpg 200w, https:\/\/tomajazz.com\/web\/wp-content\/uploads\/2016\/04\/07_Jy-Brn-\u00a9Joan-Cort\u00e8s_05feb16_26JFGrnllrs_Csn_Grnllrs-83x55.jpg 83w, https:\/\/tomajazz.com\/web\/wp-content\/uploads\/2016\/04\/07_Jy-Brn-\u00a9Joan-Cort\u00e8s_05feb16_26JFGrnllrs_Csn_Grnllrs-60x40.jpg 60w, https:\/\/tomajazz.com\/web\/wp-content\/uploads\/2016\/04\/07_Jy-Brn-\u00a9Joan-Cort\u00e8s_05feb16_26JFGrnllrs_Csn_Grnllrs-120x80.jpg 120w\" sizes=\"auto, (max-width: 600px) 100vw, 600px\" \/><\/p>\n<p style=\"text-align: center;\"><img loading=\"lazy\" decoding=\"async\" class=\"aligncenter size-large wp-image-22937\" src=\"http:\/\/www.tomajazz.com\/web\/wp-content\/uploads\/2016\/04\/08_Jy-Brn-\u00a9Joan-Cort\u00e8s_05feb16_26JFGrnllrs_Csn_Grnllrs-399x600.jpg\" alt=\"08_Jy Brn (\u00a9Joan Cort\u00e8s)_05feb16_26JFGrnllrs_Csn_Grnllrs\" width=\"399\" height=\"600\" title=\"\" srcset=\"https:\/\/tomajazz.com\/web\/wp-content\/uploads\/2016\/04\/08_Jy-Brn-\u00a9Joan-Cort\u00e8s_05feb16_26JFGrnllrs_Csn_Grnllrs.jpg 399w, https:\/\/tomajazz.com\/web\/wp-content\/uploads\/2016\/04\/08_Jy-Brn-\u00a9Joan-Cort\u00e8s_05feb16_26JFGrnllrs_Csn_Grnllrs-100x150.jpg 100w, https:\/\/tomajazz.com\/web\/wp-content\/uploads\/2016\/04\/08_Jy-Brn-\u00a9Joan-Cort\u00e8s_05feb16_26JFGrnllrs_Csn_Grnllrs-200x300.jpg 200w, https:\/\/tomajazz.com\/web\/wp-content\/uploads\/2016\/04\/08_Jy-Brn-\u00a9Joan-Cort\u00e8s_05feb16_26JFGrnllrs_Csn_Grnllrs-37x55.jpg 37w\" sizes=\"auto, (max-width: 399px) 100vw, 399px\" \/><\/p>\n<p style=\"text-align: center;\"><img loading=\"lazy\" decoding=\"async\" class=\"aligncenter size-large wp-image-22938\" src=\"http:\/\/www.tomajazz.com\/web\/wp-content\/uploads\/2016\/04\/09_Jy-Brn-\u00a9Joan-Cort\u00e8s_05feb16_26JFGrnllrs_Csn_Grnllrs-600x399.jpg\" alt=\"09_Jy Brn (\u00a9Joan Cort\u00e8s)_05feb16_26JFGrnllrs_Csn_Grnllrs\" width=\"600\" height=\"399\" title=\"\" srcset=\"https:\/\/tomajazz.com\/web\/wp-content\/uploads\/2016\/04\/09_Jy-Brn-\u00a9Joan-Cort\u00e8s_05feb16_26JFGrnllrs_Csn_Grnllrs-600x399.jpg 600w, https:\/\/tomajazz.com\/web\/wp-content\/uploads\/2016\/04\/09_Jy-Brn-\u00a9Joan-Cort\u00e8s_05feb16_26JFGrnllrs_Csn_Grnllrs-150x100.jpg 150w, https:\/\/tomajazz.com\/web\/wp-content\/uploads\/2016\/04\/09_Jy-Brn-\u00a9Joan-Cort\u00e8s_05feb16_26JFGrnllrs_Csn_Grnllrs-200x133.jpg 200w, https:\/\/tomajazz.com\/web\/wp-content\/uploads\/2016\/04\/09_Jy-Brn-\u00a9Joan-Cort\u00e8s_05feb16_26JFGrnllrs_Csn_Grnllrs-83x55.jpg 83w, https:\/\/tomajazz.com\/web\/wp-content\/uploads\/2016\/04\/09_Jy-Brn-\u00a9Joan-Cort\u00e8s_05feb16_26JFGrnllrs_Csn_Grnllrs-60x40.jpg 60w, https:\/\/tomajazz.com\/web\/wp-content\/uploads\/2016\/04\/09_Jy-Brn-\u00a9Joan-Cort\u00e8s_05feb16_26JFGrnllrs_Csn_Grnllrs-120x80.jpg 120w, https:\/\/tomajazz.com\/web\/wp-content\/uploads\/2016\/04\/09_Jy-Brn-\u00a9Joan-Cort\u00e8s_05feb16_26JFGrnllrs_Csn_Grnllrs.jpg 601w\" sizes=\"auto, (max-width: 600px) 100vw, 600px\" \/><\/p>\n<p><\/center><\/p>\n<p style=\"text-align: right;\">\u00a9 Joan Cort\u00e8s, 2016<\/p>\n","protected":false},"excerpt":{"rendered":"<p>Fecha: Viernes, 05 de febrero de 2016 Lugar: Casino de Granollers, Granollers, Barcelona Componentes: Joey Baron, bater\u00eda (con componentes esmeradamente seleccionados de las bater\u00edas de Alfons Bertran, Joan Vidal y David Xirgu, m\u00e1s la alfombrilla de Ramon Prats) \u00a9 Joan Cort\u00e8s, 2016<span class=\"more-link\"><a href=\"https:\/\/tomajazz.com\/web\/instantzz-joey-baron-26e-jazz-festival-granollers-casino-granollers-barcelona-2016-02-05\/\">Contin\u00faa leyendo<\/a><\/span><\/p>\n","protected":false},"author":1,"featured_media":22934,"comment_status":"open","ping_status":"closed","sticky":false,"template":"","format":"standard","meta":{"jetpack_post_was_ever_published":false,"_jetpack_newsletter_access":"","_jetpack_dont_email_post_to_subs":true,"_jetpack_newsletter_tier_id":0,"_jetpack_memberships_contains_paywalled_content":false,"_jetpack_memberships_contains_paid_content":false,"footnotes":""},"categories":[17853,11262,15516,11261,1038],"tags":[15258,9970,15259,289,12656,15256,15275,15260,13,12415,15295,1041,1168,15710,12657,15257,108,16099,77,16100,15255],"class_list":["entry","author-pachi","post-22929","post","type-post","status-publish","format-standard","has-post-thumbnail","category-joan-cortes","category-photoblogs","category-imagenes","category-instantzz","category-contenidos","tag-26e-jazz-festival-granollers","tag-alfons-bertran","tag-casino-granollers-granollers","tag-david-xirgu","tag-fotoblog","tag-fotogaleria","tag-galeria-fotografica","tag-granollers-barcelona","tag-jazz","tag-jazz-en-espana","tag-jazz-en-espanol","tag-joan-cortes","tag-joan-vidal","tag-la-actualidad-del-jazz-en-espana","tag-photoblog","tag-photogalery","tag-ramon-prats","tag-toma-jazz","tag-tomajazz","tag-tomajazz-toma-jazz","tag--instantzz"],"jetpack_featured_media_url":"https:\/\/tomajazz.com\/web\/wp-content\/uploads\/2016\/04\/05_Jy-Brn-\u00a9Joan-Cort\u00e8s_05feb16_26JFGrnllrs_Csn_Grnllrs.jpg","jetpack_likes_enabled":true,"jetpack_sharing_enabled":true,"jetpack-related-posts":[{"id":104657,"url":"https:\/\/tomajazz.com\/web\/joan-sanmarti-5t-36-jazz-granollers-2026\/","url_meta":{"origin":22929,"position":0},"title":"Joan Sanmart\u00ed 5t (36\u00e8 Jazz Granollers Festival 2026\/ Casino, 2026-02-20 \/ Granollers -Barcelona-) [I] Por Joan Cort\u00e8s [INSTANTZZ AKA Galer\u00eda fotogr\u00e1fica AKA Fotoblog de jazz, impro\u2026 y algo m\u00e1s]","author":"Tomajazz","date":"2 abril, 2026","format":false,"excerpt":"Joan Sanmart\u00ed 5t actu\u00f3 en el 36\u00e8 Jazz Granollers Festival 2026, el 20 de febrero de 2026. Joan Cort\u00e8s lo retrata en INSTANTZZ. Joan Sanmart\u00ed 5t son Joan Sanmart\u00ed, Gabriel Amargant, Pau Dom\u00e8nech, Marc Cuevas, Joan Vidal","rel":"","context":"En \u00ab36 Jazz Granollers Festival 2026\u00bb","block_context":{"text":"36 Jazz Granollers Festival 2026","link":"https:\/\/tomajazz.com\/web\/category\/contenidos\/especial-contenidos\/36-jazz-granollers-festival-2026\/"},"img":{"alt_text":"Joan Sanmart\u00ed 5t (36\u00e8 Jazz Granollers Festival 2026\/ Casino, 2026-02-20 \/ Granollers -Barcelona-) [I] Por Joan Cort\u00e8s [INSTANTZZ AKA Galer\u00eda fotogr\u00e1fica AKA Fotoblog de jazz, impro\u2026 y algo m\u00e1s] - Tomajazz - Joan Sanmart\u00ed 5t actu\u00f3 en el 36\u00e8 Jazz Granollers Festival 2026, el 20 de febrero de 2026. Joan Cort\u00e8s lo retrata en INSTANTZZ. Joan Sanmart\u00ed 5t son Joan Sanmart\u00ed, Gabriel Amargant, Pau Dom\u00e8nech, Marc Cuevas, Joan Vidal\n","src":"https:\/\/i0.wp.com\/tomajazz.com\/web\/wp-content\/uploads\/2026\/04\/destacada-09-Jn-Snmrt-5t-Photo-By-Joan-Cortes-20fbr26-36FJG-Csn-Grn.jpg?resize=350%2C200&ssl=1","width":350,"height":200},"classes":[]},{"id":105012,"url":"https:\/\/tomajazz.com\/web\/lage-lund-trio-granollers-2026\/","url_meta":{"origin":22929,"position":1},"title":"Lage Lund Trio (36\u00e8 Jazz Granollers Festival \/ Casino, 2026-03-13 \/ Granollers -Barcelona-) [y III] Por Joan Cort\u00e8s [INSTANTZZ AKA Galer\u00eda fotogr\u00e1fica AKA Fotoblog de jazz, impro\u2026 y algo m\u00e1s]","author":"Tomajazz","date":"23 abril, 2026","format":false,"excerpt":"Lage Lund Trio actu\u00f3 en el 36\u00e8 Jazz Granollers Festival, el 13 de marzo de 2026. Joan Cort\u00e8s lo retrata en INSTANTZZ. Lage Lund Trio son Lage Lund, Orlando Le Fleming, Greg Hutchinson","rel":"","context":"En \u00ab36 Jazz Granollers Festival 2026\u00bb","block_context":{"text":"36 Jazz Granollers Festival 2026","link":"https:\/\/tomajazz.com\/web\/category\/contenidos\/especial-contenidos\/36-jazz-granollers-festival-2026\/"},"img":{"alt_text":"Lage Lund Trio (36\u00e8 Jazz Granollers Festival \/ Casino, 2026-03-13 \/ Granollers -Barcelona-) [y III] Por Joan Cort\u00e8s [INSTANTZZ AKA Galer\u00eda fotogr\u00e1fica AKA Fotoblog de jazz, impro\u2026 y algo m\u00e1s] - Tomajazz - Lage Lund Trio actu\u00f3 en el 36\u00e8 Jazz Granollers Festival, el 13 de marzo de 2026. Joan Cort\u00e8s lo retrata en INSTANTZZ. Lage Lund Trio son Lage Lund, Orlando Le Fleming, Greg Hutchinson","src":"https:\/\/i0.wp.com\/tomajazz.com\/web\/wp-content\/uploads\/2026\/04\/destacada-02-Lg-Lnd-Photo-by-Joan-Cortes-13mrc26-36JGF-Csn-Gr-bn.jpg?resize=350%2C200&ssl=1","width":350,"height":200,"srcset":"https:\/\/i0.wp.com\/tomajazz.com\/web\/wp-content\/uploads\/2026\/04\/destacada-02-Lg-Lnd-Photo-by-Joan-Cortes-13mrc26-36JGF-Csn-Gr-bn.jpg?resize=350%2C200&ssl=1 1x, https:\/\/i0.wp.com\/tomajazz.com\/web\/wp-content\/uploads\/2026\/04\/destacada-02-Lg-Lnd-Photo-by-Joan-Cortes-13mrc26-36JGF-Csn-Gr-bn.jpg?resize=525%2C300&ssl=1 1.5x"},"classes":[]},{"id":104847,"url":"https:\/\/tomajazz.com\/web\/alba-careta-group-panical-jazz-granollers-2026\/","url_meta":{"origin":22929,"position":2},"title":"Alba Careta Group \u201cPanical\u201d (36\u00e8 Jazz Granollers Festival \/ Casino, 2026-02-27 \/ Granollers -Barcelona-) [II] Por Joan Cort\u00e8s [INSTANTZZ AKA Galer\u00eda fotogr\u00e1fica AKA Fotoblog de jazz, impro\u2026 y algo m\u00e1s]","author":"Tomajazz","date":"12 abril, 2026","format":false,"excerpt":"Alba Careta Group \u201cPanical\u201d actu\u00f3 en el 36\u00e8 Jazz Granollers Festival, el 27 de febrero de 2026. Joan Cort\u00e8s lo retrata en INSTANTZZ. Alba Careta Group \u201cPanical\u201d son Alba Careta, Lucas Mart\u00ednez, Roger Santacana, Giuseppe Campisi, Jordi Pallar\u00e9s","rel":"","context":"En \u00ab36 Jazz Granollers Festival 2026\u00bb","block_context":{"text":"36 Jazz Granollers Festival 2026","link":"https:\/\/tomajazz.com\/web\/category\/contenidos\/especial-contenidos\/36-jazz-granollers-festival-2026\/"},"img":{"alt_text":"Alba Careta Group \u201cPanical\u201d (36\u00e8 Jazz Granollers Festival \/ Casino, 2026-02-27 \/ Granollers -Barcelona-) [II] Por Joan Cort\u00e8s [INSTANTZZ AKA Galer\u00eda fotogr\u00e1fica AKA Fotoblog de jazz, impro\u2026 y algo m\u00e1s] - Tomajazz - Alba Careta Group \u201cPanical\u201d actu\u00f3 en el 36\u00e8 Jazz Granollers Festival, el 27 de febrero de 2026. Joan Cort\u00e8s lo retrata en INSTANTZZ. Alba Careta Group \u201cPanical\u201d son Alba Careta, Lucas Mart\u00ednez, Roger Santacana, Giuseppe Campisi, Jordi Pallar\u00e9s\n","src":"https:\/\/i0.wp.com\/tomajazz.com\/web\/wp-content\/uploads\/2026\/04\/destacada-03-lb-Crt-Grp-Photo-by-Joan-Cortes-27fbr26-36JGF-CG-CR-Grnllrs.jpg?resize=350%2C200&ssl=1","width":350,"height":200,"srcset":"https:\/\/i0.wp.com\/tomajazz.com\/web\/wp-content\/uploads\/2026\/04\/destacada-03-lb-Crt-Grp-Photo-by-Joan-Cortes-27fbr26-36JGF-CG-CR-Grnllrs.jpg?resize=350%2C200&ssl=1 1x, https:\/\/i0.wp.com\/tomajazz.com\/web\/wp-content\/uploads\/2026\/04\/destacada-03-lb-Crt-Grp-Photo-by-Joan-Cortes-27fbr26-36JGF-CG-CR-Grnllrs.jpg?resize=525%2C300&ssl=1 1.5x"},"classes":[]},{"id":104502,"url":"https:\/\/tomajazz.com\/web\/compania-manuel-linan-muerta-de-amor-flamencuras-2026\/","url_meta":{"origin":22929,"position":3},"title":"Compa\u00f1\u00eda Manuel Li\u00f1\u00e1n \u201cMuerta de Amor\u00bb (Teatre Auditori de Granollers -sala gran-, 2026-02-13 \/ Granollers -Barcelona-) Por Joan Cort\u00e8s [Flamencuras AKA INSTANTZZ AKA Galer\u00eda fotogr\u00e1fica AKA Fotoblog de jazz, impro\u2026 y algo m\u00e1s]","author":"Tomajazz","date":"21 marzo, 2026","format":false,"excerpt":"Compa\u00f1\u00eda Manuel Li\u00f1\u00e1n \u201cMuerta de Amor\" actu\u00f3 en el Teatre Auditori de Granollers el 13 de febrero de 2026. Joan Cort\u00e8s lo retrata en las Flamencuras de INSTANTZZ","rel":"","context":"En \u00abFlamencuras\u00bb","block_context":{"text":"Flamencuras","link":"https:\/\/tomajazz.com\/web\/category\/contenidos\/imagenes\/photoblogs\/flamencuras\/"},"img":{"alt_text":"Compa\u00f1\u00eda Manuel Li\u00f1\u00e1n \u201cMuerta de Amor\" (Teatre Auditori de Granollers -sala gran-, 2026-02-13 \/ Granollers -Barcelona-) Por Joan Cort\u00e8s [Flamencuras AKA INSTANTZZ AKA Galer\u00eda fotogr\u00e1fica AKA Fotoblog de jazz, impro\u2026 y algo m\u00e1s] - Tomajazz - Compa\u00f1\u00eda Manuel Li\u00f1\u00e1n \u201cMuerta de Amor\" actu\u00f3 en el Teatre Auditori de Granollers el 13 de febrero de 2026. Joan Cort\u00e8s lo retrata en las Flamencuras de INSTANTZZ","src":"https:\/\/i0.wp.com\/tomajazz.com\/web\/wp-content\/uploads\/2026\/03\/destacada-03-Mnl-Lnn-Photo-by-Joan-Cortes-13fbr26-Ttr-dtr-Grnllrs.jpg?resize=350%2C200&ssl=1","width":350,"height":200,"srcset":"https:\/\/i0.wp.com\/tomajazz.com\/web\/wp-content\/uploads\/2026\/03\/destacada-03-Mnl-Lnn-Photo-by-Joan-Cortes-13fbr26-Ttr-dtr-Grnllrs.jpg?resize=350%2C200&ssl=1 1x, https:\/\/i0.wp.com\/tomajazz.com\/web\/wp-content\/uploads\/2026\/03\/destacada-03-Mnl-Lnn-Photo-by-Joan-Cortes-13fbr26-Ttr-dtr-Grnllrs.jpg?resize=525%2C300&ssl=1 1.5x"},"classes":[]},{"id":103512,"url":"https:\/\/tomajazz.com\/web\/36-jazz-granollers-festival-2026\/","url_meta":{"origin":22929,"position":4},"title":"36 Jazz Granollers Festival 2026 (del 23 de enero al 27 de marzo 2026. Granollers, Barcelona) [Noticias de jazz]","author":"Tomajazz","date":"18 enero, 2026","format":false,"excerpt":"El 36\u00e8 Jazz Granollers Festival 2026 se celebrar\u00e1 del 23 de enero al 27 de marzo de 2026 con quince jornadas y actuaciones de Lluc Casares, Irene Reig, Alba Careta, Marco Mezquida y m\u00e1s #Noticiasdejazz","rel":"","context":"En \u00ab36 Jazz Granollers Festival 2026\u00bb","block_context":{"text":"36 Jazz Granollers Festival 2026","link":"https:\/\/tomajazz.com\/web\/category\/contenidos\/especial-contenidos\/36-jazz-granollers-festival-2026\/"},"img":{"alt_text":"36 Jazz Granollers Festival 2026 (del 23 de enero al 27 de marzo 2026. Granollers, Barcelona) [Noticias de jazz] - Tomajazz - El 36\u00e8 Jazz Granollers Festival 2026 se celebrar\u00e1 del 23 de enero al 27 de marzo de 2026 con quince jornadas y actuaciones de Lluc Casares, Irene Reig, Alba Careta, Marco Mezquida y m\u00e1s #Noticiasdejazz","src":"https:\/\/i0.wp.com\/tomajazz.com\/web\/wp-content\/uploads\/2026\/01\/Cartell-36e-Jazz-Granollers-Festival-2026.jpg?resize=350%2C200&ssl=1","width":350,"height":200,"srcset":"https:\/\/i0.wp.com\/tomajazz.com\/web\/wp-content\/uploads\/2026\/01\/Cartell-36e-Jazz-Granollers-Festival-2026.jpg?resize=350%2C200&ssl=1 1x, https:\/\/i0.wp.com\/tomajazz.com\/web\/wp-content\/uploads\/2026\/01\/Cartell-36e-Jazz-Granollers-Festival-2026.jpg?resize=525%2C300&ssl=1 1.5x, https:\/\/i0.wp.com\/tomajazz.com\/web\/wp-content\/uploads\/2026\/01\/Cartell-36e-Jazz-Granollers-Festival-2026.jpg?resize=700%2C400&ssl=1 2x"},"classes":[]},{"id":84549,"url":"https:\/\/tomajazz.com\/web\/alfons-bertran-trio-granollers-2024\/","url_meta":{"origin":22929,"position":5},"title":"Alfons Bertran Trio \u201cBabela\u201d (34\u00e8 Jazz Granollers Festival 2024, Casino de Granollers &#8211; Club de Ritme, 2024-02-23. Granollers -Barcelona-) [2] Por Joan Cort\u00e8s [INSTANTZZ AKA Galer\u00eda fotogr\u00e1fica AKA Fotoblog de jazz, impro\u2026 y algo m\u00e1s]","author":"Tomajazz","date":"9 marzo, 2024","format":false,"excerpt":"Alfons Bertran Trio \u201cBabela\u201d actu\u00f3 en el 34\u00e8 Jazz Granollers Festival, en el Casino de Granollers, el 23 de febrero de 2024. Joan Cort\u00e8s retrata su actuaci\u00f3n en INSTANTZZ. Actuaron Alfons Bertran, Roger Mas, Mart\u00ed Serra","rel":"","context":"En \u00ab*_Joan Cort\u00e8s\u00bb","block_context":{"text":"*_Joan Cort\u00e8s","link":"https:\/\/tomajazz.com\/web\/category\/joan-cortes\/"},"img":{"alt_text":"Alfons Bertran Trio \u201cBabela\u201d (34\u00e8 Jazz Granollers Festival 2024, Casino de Granollers - Club de Ritme, 2024-02-23. Granollers -Barcelona-) [2] Por Joan Cort\u00e8s [INSTANTZZ AKA Galer\u00eda fotogr\u00e1fica AKA Fotoblog de jazz, impro\u2026 y algo m\u00e1s] - Tomajazz - Alfons Bertran Trio \u201cBabela\u201d  actu\u00f3 en el 34\u00e8 Jazz Granollers Festival, en el Casino de Granollers, el 23 de febrero de 2024. Joan Cort\u00e8s retrata su actuaci\u00f3n en INSTANTZZ. Actuaron Alfons Bertran, Roger Mas, Mart\u00ed Serra","src":"https:\/\/i0.wp.com\/tomajazz.com\/web\/wp-content\/uploads\/2024\/03\/destacada-3.jpg?resize=350%2C200&ssl=1","width":350,"height":200},"classes":[]}],"_links":{"self":[{"href":"https:\/\/tomajazz.com\/web\/wp-json\/wp\/v2\/posts\/22929","targetHints":{"allow":["GET"]}}],"collection":[{"href":"https:\/\/tomajazz.com\/web\/wp-json\/wp\/v2\/posts"}],"about":[{"href":"https:\/\/tomajazz.com\/web\/wp-json\/wp\/v2\/types\/post"}],"author":[{"embeddable":true,"href":"https:\/\/tomajazz.com\/web\/wp-json\/wp\/v2\/users\/1"}],"replies":[{"embeddable":true,"href":"https:\/\/tomajazz.com\/web\/wp-json\/wp\/v2\/comments?post=22929"}],"version-history":[{"count":2,"href":"https:\/\/tomajazz.com\/web\/wp-json\/wp\/v2\/posts\/22929\/revisions"}],"predecessor-version":[{"id":22940,"href":"https:\/\/tomajazz.com\/web\/wp-json\/wp\/v2\/posts\/22929\/revisions\/22940"}],"wp:featuredmedia":[{"embeddable":true,"href":"https:\/\/tomajazz.com\/web\/wp-json\/wp\/v2\/media\/22934"}],"wp:attachment":[{"href":"https:\/\/tomajazz.com\/web\/wp-json\/wp\/v2\/media?parent=22929"}],"wp:term":[{"taxonomy":"category","embeddable":true,"href":"https:\/\/tomajazz.com\/web\/wp-json\/wp\/v2\/categories?post=22929"},{"taxonomy":"post_tag","embeddable":true,"href":"https:\/\/tomajazz.com\/web\/wp-json\/wp\/v2\/tags?post=22929"}],"curies":[{"name":"wp","href":"https:\/\/api.w.org\/{rel}","templated":true}]}}