{"id":2297,"date":"2012-06-25T23:00:00","date_gmt":"2012-06-25T21:00:00","guid":{"rendered":"http:\/\/www.tomajazz.com\/web\/?p=2297"},"modified":"2016-11-13T17:21:10","modified_gmt":"2016-11-13T16:21:10","slug":"blixt-raoul-bjorkenheim-bill-laswell-morgan-agren-blixt-cuneiform-2011","status":"publish","type":"post","link":"https:\/\/tomajazz.com\/web\/blixt-raoul-bjorkenheim-bill-laswell-morgan-agren-blixt-cuneiform-2011\/","title":{"rendered":"Blixt (Raoul Bj\u00f6rkenheim &#8211; Bill Laswell &#8211; Morgan Agren): Blixt (Cuneiform, 2011)"},"content":{"rendered":"<div><a href=\"http:\/\/www.tomajazz.com\/web\/wp-content\/uploads\/2012\/06\/blixt.jpeg\"><img loading=\"lazy\" decoding=\"async\" class=\"alignleft size-full wp-image-4873\" alt=\"blixt\" src=\"http:\/\/www.tomajazz.com\/web\/wp-content\/uploads\/2012\/06\/blixt.jpeg\" width=\"200\" height=\"200\" title=\"\" srcset=\"https:\/\/tomajazz.com\/web\/wp-content\/uploads\/2012\/06\/blixt.jpeg 200w, https:\/\/tomajazz.com\/web\/wp-content\/uploads\/2012\/06\/blixt-150x150.jpeg 150w\" sizes=\"auto, (max-width: 200px) 100vw, 200px\" \/><\/a><\/div>\n<div style=\"text-align: justify;\">El <i>power trio<\/i> <b>Blixt<\/b>, compuesto por el bajista <b>Bill Laswell<\/b>, el guitarrista <b>Raoul Bj\u00f6rkenheim \u00a0<\/b>y el guitarrista <b>Morgan Agren<\/b>, propone en su estreno una m\u00fasica m\u00e1s cercana al rock que al jazz, aunque la improvisaci\u00f3n toma un papel preponderante. Los diez temas de <i>Blixt<\/i>, aunque aparecen como composiciones del tr\u00edo, y por tanto podr\u00eda llegar a pensarse que fuesen improvisaciones, tienen unas estructuras muy marcadas y definidas, en las que en m\u00e1s de una ocasi\u00f3n se recurre a los cambios de m\u00e9tricas y a jugar con los ritmos. <b>Raoul Bj\u00f6rkenheim <\/b>se muestra muy c\u00f3modo y bien acompa\u00f1ado por <b>Bill<\/b>\u00a0<b>Laswell <\/b>(sumamente vers\u00e1til) y un potente <b>Morgan Agren<\/b>, demostrando que es un virtuoso de las 6 cuerdas y los pedales de distorsi\u00f3n. A lo largo de los diez temas <b>Blixt <\/b>plantea un repaso por diferentes visiones del rock y del <i>heavy metal<\/i>, sin olvidar una inmersi\u00f3n en la m\u00fasica africana (\u201cShifting Sands Closing Hour\u201d) o en el <i>dub <\/i>(\u201cMoon Tone\u201d). Los estilos que revisitan son de una variedad casi enciclop\u00e9dica con acercamientos al rock sinf\u00f3nico y progresivo, al <i>power rock<\/i>, al <i>heavy <\/i>tanto cl\u00e1sico como a corrientes m\u00e1s contempor\u00e1neas, e incluso en \u201c4-4-4-4-2-2-2-5-2\u201d su melod\u00eda de ascendencia <i>country <\/i>aparece magn\u00edficamente envuelta por los cambios de ritmo y la guitarra distorsionada de <b>Bj\u00f6rkenheim<\/b>.<\/div>\n<p>\u00a9 Pachi Tapiz, 2012<\/p>\n<p>Blixt (Raoul Bj\u00f6rkenheim &#8211; Bill Laswell &#8211; Morgan Agren): <i>Blixt ****<\/i><\/p>\n<p>Blixt. Raoul Bj\u00f6rkenheim (guitarra), Bill Laswell (bajo), Morgan Agren (bater\u00eda)<\/p>\n<p>\u201cBlack Whole\u201d, \u201cMoon Tune\u201d, \u201cTools\u201d, \u201cCinque Roulettes\u201d, \u201cShifting Sands Closing Hour\u201d, \u201cGlost Strokes\u201d, \u201cInvisible One\u201d, \u201cDrill Beats\u201d, \u201cStorm\u201d, \u201c4-4-4-4-2-2-2-5-2\u201d<br \/>\nTodos los temas por Blixt<\/p>\n<p>Grabado el 20 y 21 de septiembre de 2010 en Orange Music Studios, West Orange, New Jersey. Publicado por Cuneiform Records en 2011. Rune 335<\/p>\n","protected":false},"excerpt":{"rendered":"<p>El power trio Blixt, compuesto por el bajista Bill Laswell, el guitarrista Raoul Bj\u00f6rkenheim \u00a0y el guitarrista Morgan Agren, propone en su estreno una m\u00fasica m\u00e1s cercana al rock que al jazz, aunque la improvisaci\u00f3n toma un papel preponderante. Los diez temas de Blixt, aunque aparecen como composiciones del tr\u00edo,<span class=\"more-link\"><a href=\"https:\/\/tomajazz.com\/web\/blixt-raoul-bjorkenheim-bill-laswell-morgan-agren-blixt-cuneiform-2011\/\">Contin\u00faa leyendo<\/a><\/span><\/p>\n","protected":false},"author":1,"featured_media":4873,"comment_status":"open","ping_status":"closed","sticky":false,"template":"","format":"standard","meta":{"jetpack_post_was_ever_published":false,"_jetpack_newsletter_access":"","_jetpack_dont_email_post_to_subs":true,"_jetpack_newsletter_tier_id":0,"_jetpack_memberships_contains_paywalled_content":false,"_jetpack_memberships_contains_paid_content":false,"footnotes":""},"categories":[17847,4313,5,1038,4758],"tags":[5474,5473,12651,5476,12696,13,12415,15295,5475,31,5131,16099,77,16100],"class_list":["entry","author-pachi","post-2297","post","type-post","status-publish","format-standard","has-post-thumbnail","category-pachi-tapiz","category-bun","category-grabaciones","category-contenidos","category-blogs","tag-bill-laswell","tag-blixt","tag-cd","tag-cuneiform-records","tag-grabaciones","tag-jazz","tag-jazz-en-espana","tag-jazz-en-espanol","tag-morgan-agren","tag-pachi-tapiz","tag-raoul-bjorkenheim","tag-toma-jazz","tag-tomajazz","tag-tomajazz-toma-jazz"],"jetpack_featured_media_url":"https:\/\/tomajazz.com\/web\/wp-content\/uploads\/2012\/06\/blixt.jpeg","jetpack_likes_enabled":true,"jetpack_sharing_enabled":true,"jetpack-related-posts":[{"id":17854,"url":"https:\/\/tomajazz.com\/web\/all-jazz-sera-hamid-drake-2\/","url_meta":{"origin":2297,"position":0},"title":"All Jazz Sera: Hamid Drake","author":"Tomajazz","date":"1 abril, 2015","format":false,"excerpt":"Sera Mart\u00edn retrata en All Jazz Sera al baterista y percusionista Hamid Drake. La instant\u00e1nea se tom\u00f3 en la 21\u00aa edici\u00f3n del Festival Jazz A Luz, en la actuaci\u00f3n del tr\u00edo formado por William Parker, Hamid Drake y Raoul Bjorkenheim el d\u00eda 7 de julio de 2011.","rel":"","context":"En \u00ab*_Sera Mart\u00edn\u00bb","block_context":{"text":"*_Sera Mart\u00edn","link":"https:\/\/tomajazz.com\/web\/category\/sera-martin\/"},"img":{"alt_text":"","src":"https:\/\/i0.wp.com\/tomajazz.com\/web\/wp-content\/uploads\/2015\/02\/IMG_2832.JPG-Hamid-DrakeWm.jpg?resize=350%2C200&ssl=1","width":350,"height":200,"srcset":"https:\/\/i0.wp.com\/tomajazz.com\/web\/wp-content\/uploads\/2015\/02\/IMG_2832.JPG-Hamid-DrakeWm.jpg?resize=350%2C200&ssl=1 1x, https:\/\/i0.wp.com\/tomajazz.com\/web\/wp-content\/uploads\/2015\/02\/IMG_2832.JPG-Hamid-DrakeWm.jpg?resize=525%2C300&ssl=1 1.5x"},"classes":[]},{"id":21974,"url":"https:\/\/tomajazz.com\/web\/all-jazz-sera-hamid-drake-3\/","url_meta":{"origin":2297,"position":1},"title":"All Jazz Sera: Hamid Drake","author":"Tomajazz","date":"29 enero, 2016","format":false,"excerpt":"Hamid Drake William Parker, Hamid Drake, Raoul Bjorkenheim Jazz A Luz. 21\u00e8me Festival D\u2019Altitude. Hautes Pyr\u00e9n\u00e9es Luz-Saint-Sauveur, Francia. 2011-07-07 \u00a9 Sera Mart\u00edn, 2016","rel":"","context":"En \u00ab*_Sera Mart\u00edn\u00bb","block_context":{"text":"*_Sera Mart\u00edn","link":"https:\/\/tomajazz.com\/web\/category\/sera-martin\/"},"img":{"alt_text":"","src":"https:\/\/i0.wp.com\/tomajazz.com\/web\/wp-content\/uploads\/2015\/02\/IMG_2817.JPG-Hamid-Drakewm1.jpg?resize=350%2C200&ssl=1","width":350,"height":200,"srcset":"https:\/\/i0.wp.com\/tomajazz.com\/web\/wp-content\/uploads\/2015\/02\/IMG_2817.JPG-Hamid-Drakewm1.jpg?resize=350%2C200&ssl=1 1x, https:\/\/i0.wp.com\/tomajazz.com\/web\/wp-content\/uploads\/2015\/02\/IMG_2817.JPG-Hamid-Drakewm1.jpg?resize=525%2C300&ssl=1 1.5x"},"classes":[]},{"id":13604,"url":"https:\/\/tomajazz.com\/web\/en-breve-del-jazz-y-sus-fusiones-ruta-66-317\/","url_meta":{"origin":2297,"position":2},"title":"En breve: del jazz y sus fusiones (Ruta 66, 317)","author":"Tomajazz","date":"3 septiembre, 2014","format":false,"excerpt":"Nota inicial. Aunque el Jazz Fusion se identifica como un movimiento dentro del jazz desde finales de la d\u00e9cada de los 60, si algo caracteriza a esta m\u00fasica desde sus inicios es su capacidad de fusionarse con (otros dir\u00e1n apropiarse de) m\u00fasicas con procedencias de lo m\u00e1s diverso. Dicho lo\u2026","rel":"","context":"En \u00ab*_Pachi Tapiz\u00bb","block_context":{"text":"*_Pachi Tapiz","link":"https:\/\/tomajazz.com\/web\/category\/pachi-tapiz\/"},"img":{"alt_text":"","src":"https:\/\/i0.wp.com\/tomajazz.com\/web\/wp-content\/uploads\/2014\/08\/Ruta-66_317_2014-07-08-e1409172366901.jpg?resize=350%2C200&ssl=1","width":350,"height":200},"classes":[]},{"id":4585,"url":"https:\/\/tomajazz.com\/web\/jazz-a-luz-2011-exposicion-fotografica-por-sera-martin\/","url_meta":{"origin":2297,"position":3},"title":"Jazz A Luz 2011. Exposici\u00f3n fotogr\u00e1fica por Sera Mart\u00edn.","author":"Tomajazz","date":"20 julio, 2012","format":false,"excerpt":"Sera Mart\u00edn ha estado, paciente y atenta, en uno y otro lado de la barrera desde el momento mismo de la concepci\u00f3n de Tomajazz como una pura idea. Unos a\u00f1os m\u00e1s tarde, sus fotos han comenzado a ilustrar algunos art\u00edculos y rese\u00f1as de conciertos, especialmente de propuestas centradas en la\u2026","rel":"","context":"En \u00ab*_Sera Mart\u00edn\u00bb","block_context":{"text":"*_Sera Mart\u00edn","link":"https:\/\/tomajazz.com\/web\/category\/sera-martin\/"},"img":{"alt_text":"","src":"https:\/\/i0.wp.com\/tomajazz.com\/web\/wp-content\/uploads\/2013\/01\/IMG_3239_MattsLuz_con-marco.jpg?resize=350%2C200&ssl=1","width":350,"height":200},"classes":[]},{"id":101744,"url":"https:\/\/tomajazz.com\/web\/thomas-morgan-around-you-is-a-forest-2025\/","url_meta":{"origin":2297,"position":4},"title":"Thomas Morgan: Around You Is A Forest (Loveland Music; 2025) Por Pachi Tapiz [Grabaci\u00f3n de jazz]","author":"Tomajazz","date":"13 noviembre, 2025","format":false,"excerpt":"Around You Is A Forest (Loveland Music; 2025) es el estreno como l\u00edder de Thomas Morgan, que adem\u00e1s del contrabajo emplea WOODS. Pachi Tapiz repasa la grabaci\u00f3n. Con Thomas Morgan, Dan Weiss, Craig Taborn, Gerald Cleaver, Henry Threadgill, Ambrose Akinmusire, Bill Frisell, Immanuel Wilkins, Gary Snyder","rel":"","context":"En \u00abGrabaciones...\u00bb","block_context":{"text":"Grabaciones...","link":"https:\/\/tomajazz.com\/web\/category\/contenidos\/textos\/grabaciones\/"},"img":{"alt_text":"Thomas Morgan: Around You Is A Forest (Loveland Music; 2025) Por Pachi Tapiz [Grabaci\u00f3n de jazz] - Tomajazz - Around You Is A Forest (Loveland Music; 2025) es el estreno como l\u00edder de Thomas Morgan, que adem\u00e1s del contrabajo emplea WOODS. Pachi Tapiz repasa la grabaci\u00f3n. Con Thomas Morgan, Dan Weiss, Craig Taborn, Gerald Cleaver, Henry Threadgill, Ambrose Akinmusire, Bill Frisell, Immanuel Wilkins, Gary Snyder","src":"https:\/\/i0.wp.com\/tomajazz.com\/web\/wp-content\/uploads\/2025\/11\/Thomas-Morgan-Around-You-Is-A-Forest-Loveland-Music-2025-.jpg?resize=350%2C200&ssl=1","width":350,"height":200,"srcset":"https:\/\/i0.wp.com\/tomajazz.com\/web\/wp-content\/uploads\/2025\/11\/Thomas-Morgan-Around-You-Is-A-Forest-Loveland-Music-2025-.jpg?resize=350%2C200&ssl=1 1x, https:\/\/i0.wp.com\/tomajazz.com\/web\/wp-content\/uploads\/2025\/11\/Thomas-Morgan-Around-You-Is-A-Forest-Loveland-Music-2025-.jpg?resize=525%2C300&ssl=1 1.5x, https:\/\/i0.wp.com\/tomajazz.com\/web\/wp-content\/uploads\/2025\/11\/Thomas-Morgan-Around-You-Is-A-Forest-Loveland-Music-2025-.jpg?resize=700%2C400&ssl=1 2x"},"classes":[]},{"id":2758,"url":"https:\/\/tomajazz.com\/web\/varios-autores-i-never-metaguitar-clean-feed-2010\/","url_meta":{"origin":2297,"position":5},"title":"Varios autores. I Never Metaguitar (Clean Feed, 2010)","author":"Tomajazz","date":"17 noviembre, 2010","format":false,"excerpt":"I Never Metaguitar es una novedad en el cat\u00e1logo de Clean Feed. El quinto volumen de su Guitar Series es una recopilaci\u00f3n dirigida por Elliott Sharp, consistente en temas in\u00e9ditos de 16 guitarristas que trabajan en la escena del jazz de vanguardia y la libre improvisaci\u00f3n. Por supuesto que all\u00ed\u2026","rel":"","context":"Con 2 comentarios","block_context":{"text":"Con 2 comentarios","link":"https:\/\/tomajazz.com\/web\/varios-autores-i-never-metaguitar-clean-feed-2010\/#comments"},"img":{"alt_text":"","src":"","width":0,"height":0},"classes":[]}],"_links":{"self":[{"href":"https:\/\/tomajazz.com\/web\/wp-json\/wp\/v2\/posts\/2297","targetHints":{"allow":["GET"]}}],"collection":[{"href":"https:\/\/tomajazz.com\/web\/wp-json\/wp\/v2\/posts"}],"about":[{"href":"https:\/\/tomajazz.com\/web\/wp-json\/wp\/v2\/types\/post"}],"author":[{"embeddable":true,"href":"https:\/\/tomajazz.com\/web\/wp-json\/wp\/v2\/users\/1"}],"replies":[{"embeddable":true,"href":"https:\/\/tomajazz.com\/web\/wp-json\/wp\/v2\/comments?post=2297"}],"version-history":[{"count":3,"href":"https:\/\/tomajazz.com\/web\/wp-json\/wp\/v2\/posts\/2297\/revisions"}],"predecessor-version":[{"id":23402,"href":"https:\/\/tomajazz.com\/web\/wp-json\/wp\/v2\/posts\/2297\/revisions\/23402"}],"wp:featuredmedia":[{"embeddable":true,"href":"https:\/\/tomajazz.com\/web\/wp-json\/wp\/v2\/media\/4873"}],"wp:attachment":[{"href":"https:\/\/tomajazz.com\/web\/wp-json\/wp\/v2\/media?parent=2297"}],"wp:term":[{"taxonomy":"category","embeddable":true,"href":"https:\/\/tomajazz.com\/web\/wp-json\/wp\/v2\/categories?post=2297"},{"taxonomy":"post_tag","embeddable":true,"href":"https:\/\/tomajazz.com\/web\/wp-json\/wp\/v2\/tags?post=2297"}],"curies":[{"name":"wp","href":"https:\/\/api.w.org\/{rel}","templated":true}]}}