{"id":23689,"date":"2016-04-20T11:05:08","date_gmt":"2016-04-20T09:05:08","guid":{"rendered":"http:\/\/www.tomajazz.com\/web\/?p=23689"},"modified":"2021-07-18T13:58:36","modified_gmt":"2021-07-18T11:58:36","slug":"kenny-werner-en-concierto-en-la-escuela-tai-de-madrid-el-29-de-abril-de-2016-noticias","status":"publish","type":"post","link":"https:\/\/tomajazz.com\/web\/kenny-werner-en-concierto-en-la-escuela-tai-de-madrid-el-29-de-abril-de-2016-noticias\/","title":{"rendered":"Kenny Werner en concierto en la Escuela TAI de Madrid el 29 de abril de 2016 [Noticias]"},"content":{"rendered":"<p style=\"text-align: center;\"><img loading=\"lazy\" decoding=\"async\" class=\"aligncenter size-full wp-image-23690\" src=\"http:\/\/www.tomajazz.com\/web\/wp-content\/uploads\/2016\/04\/Kenny-Werner.jpg\" alt=\"Kenny-Werner\" width=\"414\" height=\"325\" title=\"\" srcset=\"https:\/\/tomajazz.com\/web\/wp-content\/uploads\/2016\/04\/Kenny-Werner.jpg 414w, https:\/\/tomajazz.com\/web\/wp-content\/uploads\/2016\/04\/Kenny-Werner-150x118.jpg 150w, https:\/\/tomajazz.com\/web\/wp-content\/uploads\/2016\/04\/Kenny-Werner-200x157.jpg 200w, https:\/\/tomajazz.com\/web\/wp-content\/uploads\/2016\/04\/Kenny-Werner-70x55.jpg 70w\" sizes=\"auto, (max-width: 414px) 100vw, 414px\" \/><\/p>\n<p style=\"text-align: justify;\">El viernes 29 de abril (v\u00edspera del D\u00eda Internacional de Jazz), a partir de las 20:00 tendr\u00e1 lugar\u00a0en Madrid\u00a0un concierto del Kenny Werner Tr\u00edo. El grupo, que lidera el pianista Kenny Werner, y en el que est\u00e1 acompa\u00f1ado de Ari Hoenig (bater\u00eda) y Johannes Weidenmueller (contrabajo), ofrecer\u00e1 un \u00fanico concierto madrile\u00f1o en la Escuela TAI de Madrid (calle Recoletos, 22), abierto al p\u00fablico, previa formalizaci\u00f3n de registro (en la web de TAI) y hasta completar aforo.<\/p>\n<p style=\"text-align: justify;\">Kenny Werner Trio<br \/>\nKenny Werner, Ari Hoenig, Johanner Weidenmueller<br \/>\n29 de abril de 2016. 20:00<br \/>\nEntrada gratuita previa inscripci\u00f3n en\u00a0<a href=\"http:\/\/www.escuela-tai.com\/\" target=\"_blank\" rel=\"nofollow noopener\">http:\/\/www.escuela-tai.com\/<\/a><br \/>\nEscuela TAI. Transforming Arts Institute<br \/>\nUniversidad Rey Juan Carlos<br \/>\nMadrid<\/p>\n","protected":false},"excerpt":{"rendered":"<p>El viernes 29 de abril (v\u00edspera del D\u00eda Internacional de Jazz), a partir de las 20:00 tendr\u00e1 lugar\u00a0en Madrid\u00a0un concierto del Kenny Werner Tr\u00edo. El grupo, que lidera el pianista Kenny Werner, y en el que est\u00e1 acompa\u00f1ado de Ari Hoenig (bater\u00eda) y Johannes Weidenmueller (contrabajo), ofrecer\u00e1 un \u00fanico concierto<span class=\"more-link\"><a href=\"https:\/\/tomajazz.com\/web\/kenny-werner-en-concierto-en-la-escuela-tai-de-madrid-el-29-de-abril-de-2016-noticias\/\">Contin\u00faa leyendo<\/a><\/span><\/p>\n","protected":false},"author":1,"featured_media":23690,"comment_status":"open","ping_status":"closed","sticky":false,"template":"","format":"standard","meta":{"jetpack_post_was_ever_published":false,"_jetpack_newsletter_access":"","_jetpack_dont_email_post_to_subs":true,"_jetpack_newsletter_tier_id":0,"_jetpack_memberships_contains_paywalled_content":false,"_jetpack_memberships_contains_paid_content":false,"footnotes":""},"categories":[17858,15795,1038],"tags":[9059,15493,15497,15299,9058,13,12415,15295,15297,10305,15495,15494,15496,15710,11856,15296,15298,16099,77,16100],"class_list":["entry","author-pachi","post-23689","post","type-post","status-publish","format-standard","has-post-thumbnail","category-redaccion","category-noticias-2","category-contenidos","tag-dia-internacional-del-jazz","tag-dia-internacional-del-jazz-2016","tag-escuela-tai-madrid","tag-espana-en-jazz","tag-international-jazz-day","tag-jazz","tag-jazz-en-espana","tag-jazz-en-espanol","tag-jazz-news","tag-kenny-werner","tag-kenny-werner-en-concierto","tag-kenny-werner-trio","tag-kenny-werner-trio-en-concierto","tag-la-actualidad-del-jazz-en-espana","tag-noticias","tag-noticias-de-jazz","tag-noticias-de-jazz-en-espana","tag-toma-jazz","tag-tomajazz","tag-tomajazz-toma-jazz"],"jetpack_featured_media_url":"https:\/\/tomajazz.com\/web\/wp-content\/uploads\/2016\/04\/Kenny-Werner.jpg","jetpack_likes_enabled":true,"jetpack_sharing_enabled":true,"jetpack-related-posts":[{"id":23965,"url":"https:\/\/tomajazz.com\/web\/kenny-werner-trio-escuela-tai-madrid-2016-04-29\/","url_meta":{"origin":23689,"position":0},"title":"Kenny Werner Trio (Escuela TAI, Madrid. 2016-04-29)","author":"Tomajazz","date":"4 mayo, 2016","format":false,"excerpt":"Fecha: 29 de abril de 2016 Lugar: Escuela TAI (Madrid) Grupo: Kenny Werner Trio Kenny Werner: piano Johannes Weidenmueller: contrabajo Ari Hoening: bater\u00eda Con motivo del D\u00eda Internacional del Jazz, el pianista Kenny Werner, el bater\u00eda Ari Hoening y el contrabajista Johannes Weidenmueller, ofrecieron sendas master classes para los alumnos\u2026","rel":"","context":"En \u00ab*_Carlos Lara\u00bb","block_context":{"text":"*_Carlos Lara","link":"https:\/\/tomajazz.com\/web\/category\/carlos-lara\/"},"img":{"alt_text":"","src":"https:\/\/i0.wp.com\/tomajazz.com\/web\/wp-content\/uploads\/2016\/05\/KENNY-WENER-TRIO-e1462301182187.jpg?resize=350%2C200&ssl=1","width":350,"height":200,"srcset":"https:\/\/i0.wp.com\/tomajazz.com\/web\/wp-content\/uploads\/2016\/05\/KENNY-WENER-TRIO-e1462301182187.jpg?resize=350%2C200&ssl=1 1x, https:\/\/i0.wp.com\/tomajazz.com\/web\/wp-content\/uploads\/2016\/05\/KENNY-WENER-TRIO-e1462301182187.jpg?resize=525%2C300&ssl=1 1.5x"},"classes":[]},{"id":100117,"url":"https:\/\/tomajazz.com\/web\/kenny-barron-trio-vitoria-2025\/","url_meta":{"origin":23689,"position":1},"title":"Kenny Barron Trio (48 Festival de Jazz de Vitoria. 2025-07-18) Por Jos\u00e9 Luis Luna Rocafort [INSTANTZZ AKA Galer\u00eda fotogr\u00e1fica AKA Fotoblog de jazz, impro\u2026 y algo m\u00e1s]","author":"Tomajazz","date":"6 octubre, 2025","format":false,"excerpt":"Kenny Barron Trio actu\u00f3 en el 48 Festival de Jazz de Vitoria. Jos\u00e9 Luis Luna Rocafort lo retrata en INSTANTZZ. Actuaron Kenny Barron, Kiyoshi Kitagawa, Jonathan Blake","rel":"","context":"En \u00ab48 Festival de Jazz de Vitoria 2025\u00bb","block_context":{"text":"48 Festival de Jazz de Vitoria 2025","link":"https:\/\/tomajazz.com\/web\/category\/contenidos\/especial-contenidos\/48-festival-de-jazz-de-vitoria-2025\/"},"img":{"alt_text":"Kenny Barron Trio (48 Festival de Jazz de Vitoria. 2025-07-18) Por Jos\u00e9 Luis Luna Rocafort [INSTANTZZ AKA Galer\u00eda fotogr\u00e1fica AKA Fotoblog de jazz, impro\u2026 y algo m\u00e1s] - Tomajazz - Kenny Barron Trio actu\u00f3 en el 48 Festival de Jazz de Vitoria. Jos\u00e9 Luis Luna Rocafort lo retrata en INSTANTZZ. Actuaron Kenny Barron, Kiyoshi Kitagawa, Jonathan Blake","src":"https:\/\/i0.wp.com\/tomajazz.com\/web\/wp-content\/uploads\/2025\/10\/015-1.jpg?resize=350%2C200&ssl=1","width":350,"height":200,"srcset":"https:\/\/i0.wp.com\/tomajazz.com\/web\/wp-content\/uploads\/2025\/10\/015-1.jpg?resize=350%2C200&ssl=1 1x, https:\/\/i0.wp.com\/tomajazz.com\/web\/wp-content\/uploads\/2025\/10\/015-1.jpg?resize=525%2C300&ssl=1 1.5x"},"classes":[]},{"id":102948,"url":"https:\/\/tomajazz.com\/web\/ivan-melon-lewis-babylon-jazz-club-madrid-2025\/","url_meta":{"origin":23689,"position":2},"title":"Iv\u00e1n Mel\u00f3n Lewis \u00abLuces y Sombras\u00bb (Inauguraci\u00f3n Babylon Jazz Club, Madrid. 2025-12-19) Por Enrique Farelo [Concierto de jazz]","author":"Tomajazz","date":"24 diciembre, 2025","format":false,"excerpt":"Iv\u00e1n Mel\u00f3n Lewis present\u00f3 \"Luces y Sombras\" en la inauguraci\u00f3n de Babylon Jazz Club de Madrid, el 19 de diciembre de 2025. Enrique Farelo lo cuenta. Con Iv\u00e1n \u201cMel\u00f3n\u201d Lewis, Yandy Mart\u00ednez, Georvis Pico","rel":"","context":"En \u00ab*_Enrique Farelo\u00bb","block_context":{"text":"*_Enrique Farelo","link":"https:\/\/tomajazz.com\/web\/category\/enrique-farelo\/"},"img":{"alt_text":"Iv\u00e1n Mel\u00f3n Lewis \"Luces y Sombras\" (Inauguraci\u00f3n Babylon Jazz Club, Madrid. 2025-12-19) Por Enrique Farelo [Concierto de jazz] - Tomajazz - Iv\u00e1n Mel\u00f3n Lewis present\u00f3 \"Luces y Sombras\" en la inauguraci\u00f3n de Babylon Jazz Club de Madrid, el 19 de diciembre de 2025. Enrique Farelo lo cuenta","src":"https:\/\/i0.wp.com\/tomajazz.com\/web\/wp-content\/uploads\/2025\/12\/destacada-Ivan-Melon-Lewis-2.jpg?resize=350%2C200&ssl=1","width":350,"height":200,"srcset":"https:\/\/i0.wp.com\/tomajazz.com\/web\/wp-content\/uploads\/2025\/12\/destacada-Ivan-Melon-Lewis-2.jpg?resize=350%2C200&ssl=1 1x, https:\/\/i0.wp.com\/tomajazz.com\/web\/wp-content\/uploads\/2025\/12\/destacada-Ivan-Melon-Lewis-2.jpg?resize=525%2C300&ssl=1 1.5x, https:\/\/i0.wp.com\/tomajazz.com\/web\/wp-content\/uploads\/2025\/12\/destacada-Ivan-Melon-Lewis-2.jpg?resize=700%2C400&ssl=1 2x"},"classes":[]},{"id":104979,"url":"https:\/\/tomajazz.com\/web\/dave-holland-vital-spark-2026\/","url_meta":{"origin":23689,"position":3},"title":"Dave Holland: Vital Spark (Music of Kenny Wheeler) (Edition Records, 2026) Por Carlos Lara [Grabaci\u00f3n de jazz]","author":"Tomajazz","date":"20 abril, 2026","format":false,"excerpt":"Vital Spark (Music of Kenny Wheeler) (Edition Records, 2026) es la nueva grabaci\u00f3n de Dave Holland. Carlos Lara repasa la grabaci\u00f3n. Con Norma Winstone, Mark Lockheart, John Parricelli, Nikki Iles, Dave Holland, James Maddren, The London Vocal Project","rel":"","context":"En \u00abGrabaciones...\u00bb","block_context":{"text":"Grabaciones...","link":"https:\/\/tomajazz.com\/web\/category\/contenidos\/textos\/grabaciones\/"},"img":{"alt_text":"Dave Holland: Vital Spark (Music of Kenny Wheeler) (Edition Records, 2026) Por Carlos Lara [Grabaci\u00f3n de jazz] - Tomajazz - Vital Spark (Music of Kenny Wheeler) (Edition Records, 2026) es la nueva grabaci\u00f3n de Dave Holland. Carlos Lara repasa la grabaci\u00f3n. Con Norma Winstone, Mark Lockheart, John Parricelli, Nikki Iles, Dave Holland, James Maddren, The London Vocal Project \n","src":"https:\/\/i0.wp.com\/tomajazz.com\/web\/wp-content\/uploads\/2026\/04\/Dave-Holland-Vital-Spark-Music-of-Kenny-Wheeler-Edition-Records-2026.jpg?resize=350%2C200&ssl=1","width":350,"height":200,"srcset":"https:\/\/i0.wp.com\/tomajazz.com\/web\/wp-content\/uploads\/2026\/04\/Dave-Holland-Vital-Spark-Music-of-Kenny-Wheeler-Edition-Records-2026.jpg?resize=350%2C200&ssl=1 1x, https:\/\/i0.wp.com\/tomajazz.com\/web\/wp-content\/uploads\/2026\/04\/Dave-Holland-Vital-Spark-Music-of-Kenny-Wheeler-Edition-Records-2026.jpg?resize=525%2C300&ssl=1 1.5x, https:\/\/i0.wp.com\/tomajazz.com\/web\/wp-content\/uploads\/2026\/04\/Dave-Holland-Vital-Spark-Music-of-Kenny-Wheeler-Edition-Records-2026.jpg?resize=700%2C400&ssl=1 2x"},"classes":[]},{"id":101300,"url":"https:\/\/tomajazz.com\/web\/james-brandon-lewis-apple-cores-2025\/","url_meta":{"origin":23689,"position":4},"title":"James Brandon Lewis: Apple Cores (Anti-Records; 2025) Por Carlos Lara [Grabaci\u00f3n de jazz]","author":"Tomajazz","date":"3 noviembre, 2025","format":false,"excerpt":"Apple Cores (Anti-Records; 2025) es una grabaci\u00f3n de James Brandon Lewis publicada hace unos meses. Carlos Lara repasa la grabaci\u00f3n. Con James Brandon Lewis, Josh Werner, Chad Taylor, Guilherme Monteiro, Stephane San Juan","rel":"","context":"En \u00abGrabaciones...\u00bb","block_context":{"text":"Grabaciones...","link":"https:\/\/tomajazz.com\/web\/category\/contenidos\/textos\/grabaciones\/"},"img":{"alt_text":"James Brandon Lewis: Apple Cores (Anti-Records; 2025) Por Carlos Lara [Grabaci\u00f3n de jazz] - Tomajazz - Apple Cores (Anti-Records; 2025) es una grabaci\u00f3n de James Brandon Lewis publicada hace unos meses. Carlos Lara repasa la grabaci\u00f3n. Con James Brandon Lewis, Josh Werner, Chad Taylor, Guilherme Monteiro, Stephane San Juan\n","src":"https:\/\/i0.wp.com\/tomajazz.com\/web\/wp-content\/uploads\/2025\/11\/James-Brandon-Lewis-Apple-Cores-Anti-Records-2025-Tomajazz.jpg?resize=350%2C200&ssl=1","width":350,"height":200,"srcset":"https:\/\/i0.wp.com\/tomajazz.com\/web\/wp-content\/uploads\/2025\/11\/James-Brandon-Lewis-Apple-Cores-Anti-Records-2025-Tomajazz.jpg?resize=350%2C200&ssl=1 1x, https:\/\/i0.wp.com\/tomajazz.com\/web\/wp-content\/uploads\/2025\/11\/James-Brandon-Lewis-Apple-Cores-Anti-Records-2025-Tomajazz.jpg?resize=525%2C300&ssl=1 1.5x, https:\/\/i0.wp.com\/tomajazz.com\/web\/wp-content\/uploads\/2025\/11\/James-Brandon-Lewis-Apple-Cores-Anti-Records-2025-Tomajazz.jpg?resize=700%2C400&ssl=1 2x"},"classes":[]},{"id":40117,"url":"https:\/\/tomajazz.com\/web\/jazz-para-ti-programa-023-2018-11-20-jpt-t2-08-podcast\/","url_meta":{"origin":23689,"position":5},"title":"Jazz Para Ti. Programa 024 (2018-11-20) JPT.T2.08 [Podcast]","author":"Tomajazz","date":"27 noviembre, 2018","format":false,"excerpt":"Por\u00a0Pachi Tapiz. En el octavo programa de la temporada suenan novedades: Ere Serrano: Aujourd'hui mon coeur Kenny Werner: The Space Urjauzia: Urjauzia Jorge Rossy Vibes Quintet: Beyond Sunday The Dixielab: Hear Me Talking To You Larsen C & The Millennials: Larsen C & The Millennials Le Dancing Pepa Swing Band:\u2026","rel":"","context":"En \u00ab*_Pachi Tapiz\u00bb","block_context":{"text":"*_Pachi Tapiz","link":"https:\/\/tomajazz.com\/web\/category\/pachi-tapiz\/"},"img":{"alt_text":"","src":"https:\/\/i0.wp.com\/tomajazz.com\/web\/wp-content\/uploads\/2018\/11\/JazzParaTi_24_Collage.jpg?resize=350%2C200&ssl=1","width":350,"height":200,"srcset":"https:\/\/i0.wp.com\/tomajazz.com\/web\/wp-content\/uploads\/2018\/11\/JazzParaTi_24_Collage.jpg?resize=350%2C200&ssl=1 1x, https:\/\/i0.wp.com\/tomajazz.com\/web\/wp-content\/uploads\/2018\/11\/JazzParaTi_24_Collage.jpg?resize=525%2C300&ssl=1 1.5x, https:\/\/i0.wp.com\/tomajazz.com\/web\/wp-content\/uploads\/2018\/11\/JazzParaTi_24_Collage.jpg?resize=700%2C400&ssl=1 2x"},"classes":[]}],"_links":{"self":[{"href":"https:\/\/tomajazz.com\/web\/wp-json\/wp\/v2\/posts\/23689","targetHints":{"allow":["GET"]}}],"collection":[{"href":"https:\/\/tomajazz.com\/web\/wp-json\/wp\/v2\/posts"}],"about":[{"href":"https:\/\/tomajazz.com\/web\/wp-json\/wp\/v2\/types\/post"}],"author":[{"embeddable":true,"href":"https:\/\/tomajazz.com\/web\/wp-json\/wp\/v2\/users\/1"}],"replies":[{"embeddable":true,"href":"https:\/\/tomajazz.com\/web\/wp-json\/wp\/v2\/comments?post=23689"}],"version-history":[{"count":2,"href":"https:\/\/tomajazz.com\/web\/wp-json\/wp\/v2\/posts\/23689\/revisions"}],"predecessor-version":[{"id":55592,"href":"https:\/\/tomajazz.com\/web\/wp-json\/wp\/v2\/posts\/23689\/revisions\/55592"}],"wp:featuredmedia":[{"embeddable":true,"href":"https:\/\/tomajazz.com\/web\/wp-json\/wp\/v2\/media\/23690"}],"wp:attachment":[{"href":"https:\/\/tomajazz.com\/web\/wp-json\/wp\/v2\/media?parent=23689"}],"wp:term":[{"taxonomy":"category","embeddable":true,"href":"https:\/\/tomajazz.com\/web\/wp-json\/wp\/v2\/categories?post=23689"},{"taxonomy":"post_tag","embeddable":true,"href":"https:\/\/tomajazz.com\/web\/wp-json\/wp\/v2\/tags?post=23689"}],"curies":[{"name":"wp","href":"https:\/\/api.w.org\/{rel}","templated":true}]}}