{"id":23816,"date":"2016-04-28T13:55:01","date_gmt":"2016-04-28T11:55:01","guid":{"rendered":"http:\/\/www.tomajazz.com\/web\/?p=23816"},"modified":"2016-11-13T16:29:38","modified_gmt":"2016-11-13T15:29:38","slug":"instantzz-bridges-trio-amb-nicolas-masson-i-jazz-granollers-ensemble-26e-jazz-granollers-festival-casino-club-de-ritme-barcelona-2016-02-19","status":"publish","type":"post","link":"https:\/\/tomajazz.com\/web\/instantzz-bridges-trio-amb-nicolas-masson-i-jazz-granollers-ensemble-26e-jazz-granollers-festival-casino-club-de-ritme-barcelona-2016-02-19\/","title":{"rendered":"INSTANTZZ: Bridges Trio amb Nicolas Masson i Jazz Granollers Ensemble \/ 26\u00e8 Jazz Granollers Festival (Casino Club de Ritme, Barcelona. 2016-02-19)"},"content":{"rendered":"<ul>\n<li>Fecha: Viernes, 19 de febrero de 2016<\/li>\n<li>Lugar: Casino Club de Ritme \/ Granollers (Barcelona)<\/li>\n<li>Componentes:<br \/>\nBridges Trio amb Nicolas Masson i Jazz Granollers Ensemble<br \/>\nGuillem Callej\u00f3n, guitarra, efectos y composiciones<br \/>\nDimas Corbera, contrabajo y composiciones<br \/>\nAlfons Bertran, bater\u00eda y composiciones<br \/>\nNicolas Masson, saxo tenor<br \/>\n\u00c0lex Mart\u00ednez, piano ac\u00fastico, Fender Rhodes y arreglos<br \/>\nCarlota Amarg\u00f3s, viol\u00edn<br \/>\nAnna Fern\u00e1ndez, viol\u00edn<br \/>\nQuim Badia, viola<br \/>\nJordi Claret, violonchelo<\/li>\n<\/ul>\n<p style=\"text-align: center;\"><img loading=\"lazy\" decoding=\"async\" class=\"aligncenter size-large wp-image-23817\" src=\"http:\/\/www.tomajazz.com\/web\/wp-content\/uploads\/2016\/04\/01_Brdgs-tr-Jzz-Grnllrs-nsmbl-Ncls-Mssn-\u00a9Joan-Cort\u00e8s_19feb16_Csn_26FJG_Gra-600x399.jpg\" alt=\"01_Brdgs tr Jzz Grnllrs nsmbl Ncls Mssn (\u00a9Joan  Cort\u00e8s)_19feb16_Csn_26FJG_Gra\" width=\"600\" height=\"399\" title=\"\" srcset=\"https:\/\/tomajazz.com\/web\/wp-content\/uploads\/2016\/04\/01_Brdgs-tr-Jzz-Grnllrs-nsmbl-Ncls-Mssn-\u00a9Joan-Cort\u00e8s_19feb16_Csn_26FJG_Gra.jpg 600w, https:\/\/tomajazz.com\/web\/wp-content\/uploads\/2016\/04\/01_Brdgs-tr-Jzz-Grnllrs-nsmbl-Ncls-Mssn-\u00a9Joan-Cort\u00e8s_19feb16_Csn_26FJG_Gra-150x100.jpg 150w, https:\/\/tomajazz.com\/web\/wp-content\/uploads\/2016\/04\/01_Brdgs-tr-Jzz-Grnllrs-nsmbl-Ncls-Mssn-\u00a9Joan-Cort\u00e8s_19feb16_Csn_26FJG_Gra-200x133.jpg 200w, https:\/\/tomajazz.com\/web\/wp-content\/uploads\/2016\/04\/01_Brdgs-tr-Jzz-Grnllrs-nsmbl-Ncls-Mssn-\u00a9Joan-Cort\u00e8s_19feb16_Csn_26FJG_Gra-83x55.jpg 83w, https:\/\/tomajazz.com\/web\/wp-content\/uploads\/2016\/04\/01_Brdgs-tr-Jzz-Grnllrs-nsmbl-Ncls-Mssn-\u00a9Joan-Cort\u00e8s_19feb16_Csn_26FJG_Gra-60x40.jpg 60w, https:\/\/tomajazz.com\/web\/wp-content\/uploads\/2016\/04\/01_Brdgs-tr-Jzz-Grnllrs-nsmbl-Ncls-Mssn-\u00a9Joan-Cort\u00e8s_19feb16_Csn_26FJG_Gra-120x80.jpg 120w\" sizes=\"auto, (max-width: 600px) 100vw, 600px\" \/><\/p>\n<p style=\"text-align: center;\"><img loading=\"lazy\" decoding=\"async\" class=\"aligncenter size-large wp-image-23818\" src=\"http:\/\/www.tomajazz.com\/web\/wp-content\/uploads\/2016\/04\/02_Brdgs-tr-Jzz-Grnllrs-nsmbl-Ncls-Mssn-\u00a9Joan-Cort\u00e8s_19feb16_Csn_26FJG_Gra-399x600.jpg\" alt=\"02_Brdgs tr Jzz Grnllrs nsmbl Ncls Mssn (\u00a9Joan  Cort\u00e8s)_19feb16_Csn_26FJG_Gra\" width=\"399\" height=\"600\" title=\"\" srcset=\"https:\/\/tomajazz.com\/web\/wp-content\/uploads\/2016\/04\/02_Brdgs-tr-Jzz-Grnllrs-nsmbl-Ncls-Mssn-\u00a9Joan-Cort\u00e8s_19feb16_Csn_26FJG_Gra.jpg 399w, https:\/\/tomajazz.com\/web\/wp-content\/uploads\/2016\/04\/02_Brdgs-tr-Jzz-Grnllrs-nsmbl-Ncls-Mssn-\u00a9Joan-Cort\u00e8s_19feb16_Csn_26FJG_Gra-100x150.jpg 100w, https:\/\/tomajazz.com\/web\/wp-content\/uploads\/2016\/04\/02_Brdgs-tr-Jzz-Grnllrs-nsmbl-Ncls-Mssn-\u00a9Joan-Cort\u00e8s_19feb16_Csn_26FJG_Gra-200x300.jpg 200w, https:\/\/tomajazz.com\/web\/wp-content\/uploads\/2016\/04\/02_Brdgs-tr-Jzz-Grnllrs-nsmbl-Ncls-Mssn-\u00a9Joan-Cort\u00e8s_19feb16_Csn_26FJG_Gra-37x55.jpg 37w\" sizes=\"auto, (max-width: 399px) 100vw, 399px\" \/><\/p>\n<p style=\"text-align: center;\"><img loading=\"lazy\" decoding=\"async\" class=\"aligncenter size-large wp-image-23819\" src=\"http:\/\/www.tomajazz.com\/web\/wp-content\/uploads\/2016\/04\/03_Brdgs-tr-Jzz-Grnllrs-nsmbl-Ncls-Mssn-\u00a9Joan-Cort\u00e8s_19feb16_Csn_26FJG_Gra-600x399.jpg\" alt=\"03_Brdgs tr Jzz Grnllrs nsmbl Ncls Mssn (\u00a9Joan  Cort\u00e8s)_19feb16_Csn_26FJG_Gra\" width=\"600\" height=\"399\" title=\"\" srcset=\"https:\/\/tomajazz.com\/web\/wp-content\/uploads\/2016\/04\/03_Brdgs-tr-Jzz-Grnllrs-nsmbl-Ncls-Mssn-\u00a9Joan-Cort\u00e8s_19feb16_Csn_26FJG_Gra.jpg 600w, https:\/\/tomajazz.com\/web\/wp-content\/uploads\/2016\/04\/03_Brdgs-tr-Jzz-Grnllrs-nsmbl-Ncls-Mssn-\u00a9Joan-Cort\u00e8s_19feb16_Csn_26FJG_Gra-150x100.jpg 150w, https:\/\/tomajazz.com\/web\/wp-content\/uploads\/2016\/04\/03_Brdgs-tr-Jzz-Grnllrs-nsmbl-Ncls-Mssn-\u00a9Joan-Cort\u00e8s_19feb16_Csn_26FJG_Gra-200x133.jpg 200w, https:\/\/tomajazz.com\/web\/wp-content\/uploads\/2016\/04\/03_Brdgs-tr-Jzz-Grnllrs-nsmbl-Ncls-Mssn-\u00a9Joan-Cort\u00e8s_19feb16_Csn_26FJG_Gra-83x55.jpg 83w, https:\/\/tomajazz.com\/web\/wp-content\/uploads\/2016\/04\/03_Brdgs-tr-Jzz-Grnllrs-nsmbl-Ncls-Mssn-\u00a9Joan-Cort\u00e8s_19feb16_Csn_26FJG_Gra-60x40.jpg 60w, https:\/\/tomajazz.com\/web\/wp-content\/uploads\/2016\/04\/03_Brdgs-tr-Jzz-Grnllrs-nsmbl-Ncls-Mssn-\u00a9Joan-Cort\u00e8s_19feb16_Csn_26FJG_Gra-120x80.jpg 120w\" sizes=\"auto, (max-width: 600px) 100vw, 600px\" \/><\/p>\n<p style=\"text-align: center;\"><img loading=\"lazy\" decoding=\"async\" class=\"aligncenter size-large wp-image-23820\" src=\"http:\/\/www.tomajazz.com\/web\/wp-content\/uploads\/2016\/04\/04_Brdgs-tr-Jzz-Grnllrs-nsmbl-Ncls-Mssn-\u00a9Joan-Cort\u00e8s_19feb16_Csn_26FJG_Gra-600x399.jpg\" alt=\"04_Brdgs tr Jzz Grnllrs nsmbl Ncls Mssn (\u00a9Joan  Cort\u00e8s)_19feb16_Csn_26FJG_Gra\" width=\"600\" height=\"399\" title=\"\" srcset=\"https:\/\/tomajazz.com\/web\/wp-content\/uploads\/2016\/04\/04_Brdgs-tr-Jzz-Grnllrs-nsmbl-Ncls-Mssn-\u00a9Joan-Cort\u00e8s_19feb16_Csn_26FJG_Gra.jpg 600w, https:\/\/tomajazz.com\/web\/wp-content\/uploads\/2016\/04\/04_Brdgs-tr-Jzz-Grnllrs-nsmbl-Ncls-Mssn-\u00a9Joan-Cort\u00e8s_19feb16_Csn_26FJG_Gra-150x100.jpg 150w, https:\/\/tomajazz.com\/web\/wp-content\/uploads\/2016\/04\/04_Brdgs-tr-Jzz-Grnllrs-nsmbl-Ncls-Mssn-\u00a9Joan-Cort\u00e8s_19feb16_Csn_26FJG_Gra-200x133.jpg 200w, https:\/\/tomajazz.com\/web\/wp-content\/uploads\/2016\/04\/04_Brdgs-tr-Jzz-Grnllrs-nsmbl-Ncls-Mssn-\u00a9Joan-Cort\u00e8s_19feb16_Csn_26FJG_Gra-83x55.jpg 83w, https:\/\/tomajazz.com\/web\/wp-content\/uploads\/2016\/04\/04_Brdgs-tr-Jzz-Grnllrs-nsmbl-Ncls-Mssn-\u00a9Joan-Cort\u00e8s_19feb16_Csn_26FJG_Gra-60x40.jpg 60w, https:\/\/tomajazz.com\/web\/wp-content\/uploads\/2016\/04\/04_Brdgs-tr-Jzz-Grnllrs-nsmbl-Ncls-Mssn-\u00a9Joan-Cort\u00e8s_19feb16_Csn_26FJG_Gra-120x80.jpg 120w\" sizes=\"auto, (max-width: 600px) 100vw, 600px\" \/><\/p>\n<p style=\"text-align: center;\"><img loading=\"lazy\" decoding=\"async\" class=\"aligncenter size-large wp-image-23821\" src=\"http:\/\/www.tomajazz.com\/web\/wp-content\/uploads\/2016\/04\/05_Brdgs-tr-Jzz-Grnllrs-nsmbl-Ncls-Mssn-\u00a9Joan-Cort\u00e8s_19feb16_Csn_26FJG_Gra-600x399.jpg\" alt=\"05_Brdgs tr Jzz Grnllrs nsmbl Ncls Mssn (\u00a9Joan  Cort\u00e8s)_19feb16_Csn_26FJG_Gra\" width=\"600\" height=\"399\" title=\"\" srcset=\"https:\/\/tomajazz.com\/web\/wp-content\/uploads\/2016\/04\/05_Brdgs-tr-Jzz-Grnllrs-nsmbl-Ncls-Mssn-\u00a9Joan-Cort\u00e8s_19feb16_Csn_26FJG_Gra.jpg 600w, https:\/\/tomajazz.com\/web\/wp-content\/uploads\/2016\/04\/05_Brdgs-tr-Jzz-Grnllrs-nsmbl-Ncls-Mssn-\u00a9Joan-Cort\u00e8s_19feb16_Csn_26FJG_Gra-150x100.jpg 150w, https:\/\/tomajazz.com\/web\/wp-content\/uploads\/2016\/04\/05_Brdgs-tr-Jzz-Grnllrs-nsmbl-Ncls-Mssn-\u00a9Joan-Cort\u00e8s_19feb16_Csn_26FJG_Gra-200x133.jpg 200w, https:\/\/tomajazz.com\/web\/wp-content\/uploads\/2016\/04\/05_Brdgs-tr-Jzz-Grnllrs-nsmbl-Ncls-Mssn-\u00a9Joan-Cort\u00e8s_19feb16_Csn_26FJG_Gra-83x55.jpg 83w, https:\/\/tomajazz.com\/web\/wp-content\/uploads\/2016\/04\/05_Brdgs-tr-Jzz-Grnllrs-nsmbl-Ncls-Mssn-\u00a9Joan-Cort\u00e8s_19feb16_Csn_26FJG_Gra-60x40.jpg 60w, https:\/\/tomajazz.com\/web\/wp-content\/uploads\/2016\/04\/05_Brdgs-tr-Jzz-Grnllrs-nsmbl-Ncls-Mssn-\u00a9Joan-Cort\u00e8s_19feb16_Csn_26FJG_Gra-120x80.jpg 120w\" sizes=\"auto, (max-width: 600px) 100vw, 600px\" \/><\/p>\n<p style=\"text-align: center;\"><img loading=\"lazy\" decoding=\"async\" class=\"aligncenter size-large wp-image-23822\" src=\"http:\/\/www.tomajazz.com\/web\/wp-content\/uploads\/2016\/04\/06_Brdgs-tr-Jzz-Grnllrs-nsmbl-Ncls-Mssn-\u00a9Joan-Cort\u00e8s_19feb16_Csn_26FJG_Gra-600x399.jpg\" alt=\"06_Brdgs tr Jzz Grnllrs nsmbl Ncls Mssn (\u00a9Joan  Cort\u00e8s)_19feb16_Csn_26FJG_Gra\" width=\"600\" height=\"399\" title=\"\" srcset=\"https:\/\/tomajazz.com\/web\/wp-content\/uploads\/2016\/04\/06_Brdgs-tr-Jzz-Grnllrs-nsmbl-Ncls-Mssn-\u00a9Joan-Cort\u00e8s_19feb16_Csn_26FJG_Gra.jpg 600w, https:\/\/tomajazz.com\/web\/wp-content\/uploads\/2016\/04\/06_Brdgs-tr-Jzz-Grnllrs-nsmbl-Ncls-Mssn-\u00a9Joan-Cort\u00e8s_19feb16_Csn_26FJG_Gra-150x100.jpg 150w, https:\/\/tomajazz.com\/web\/wp-content\/uploads\/2016\/04\/06_Brdgs-tr-Jzz-Grnllrs-nsmbl-Ncls-Mssn-\u00a9Joan-Cort\u00e8s_19feb16_Csn_26FJG_Gra-200x133.jpg 200w, https:\/\/tomajazz.com\/web\/wp-content\/uploads\/2016\/04\/06_Brdgs-tr-Jzz-Grnllrs-nsmbl-Ncls-Mssn-\u00a9Joan-Cort\u00e8s_19feb16_Csn_26FJG_Gra-83x55.jpg 83w, https:\/\/tomajazz.com\/web\/wp-content\/uploads\/2016\/04\/06_Brdgs-tr-Jzz-Grnllrs-nsmbl-Ncls-Mssn-\u00a9Joan-Cort\u00e8s_19feb16_Csn_26FJG_Gra-60x40.jpg 60w, https:\/\/tomajazz.com\/web\/wp-content\/uploads\/2016\/04\/06_Brdgs-tr-Jzz-Grnllrs-nsmbl-Ncls-Mssn-\u00a9Joan-Cort\u00e8s_19feb16_Csn_26FJG_Gra-120x80.jpg 120w\" sizes=\"auto, (max-width: 600px) 100vw, 600px\" \/><\/p>\n<p style=\"text-align: center;\"><img loading=\"lazy\" decoding=\"async\" class=\"aligncenter size-large wp-image-23823\" src=\"http:\/\/www.tomajazz.com\/web\/wp-content\/uploads\/2016\/04\/07_Brdgs-tr-Jzz-Grnllrs-nsmbl-Ncls-Mssn-\u00a9Joan-Cort\u00e8s_19feb16_Csn_26FJG_Gra-399x600.jpg\" alt=\"07_Brdgs tr Jzz Grnllrs nsmbl Ncls Mssn (\u00a9Joan  Cort\u00e8s)_19feb16_Csn_26FJG_Gra\" width=\"399\" height=\"600\" title=\"\" srcset=\"https:\/\/tomajazz.com\/web\/wp-content\/uploads\/2016\/04\/07_Brdgs-tr-Jzz-Grnllrs-nsmbl-Ncls-Mssn-\u00a9Joan-Cort\u00e8s_19feb16_Csn_26FJG_Gra.jpg 399w, https:\/\/tomajazz.com\/web\/wp-content\/uploads\/2016\/04\/07_Brdgs-tr-Jzz-Grnllrs-nsmbl-Ncls-Mssn-\u00a9Joan-Cort\u00e8s_19feb16_Csn_26FJG_Gra-100x150.jpg 100w, https:\/\/tomajazz.com\/web\/wp-content\/uploads\/2016\/04\/07_Brdgs-tr-Jzz-Grnllrs-nsmbl-Ncls-Mssn-\u00a9Joan-Cort\u00e8s_19feb16_Csn_26FJG_Gra-200x300.jpg 200w, https:\/\/tomajazz.com\/web\/wp-content\/uploads\/2016\/04\/07_Brdgs-tr-Jzz-Grnllrs-nsmbl-Ncls-Mssn-\u00a9Joan-Cort\u00e8s_19feb16_Csn_26FJG_Gra-37x55.jpg 37w\" sizes=\"auto, (max-width: 399px) 100vw, 399px\" \/><\/p>\n<p style=\"text-align: center;\"><img loading=\"lazy\" decoding=\"async\" class=\"aligncenter size-large wp-image-23824\" src=\"http:\/\/www.tomajazz.com\/web\/wp-content\/uploads\/2016\/04\/08_Brdgs-tr-Jzz-Grnllrs-nsmbl-Ncls-Mssn-\u00a9Joan-Cort\u00e8s_19feb16_Csn_26FJG_Gra-600x399.jpg\" alt=\"08_Brdgs tr Jzz Grnllrs nsmbl Ncls Mssn (\u00a9Joan  Cort\u00e8s)_19feb16_Csn_26FJG_Gra\" width=\"600\" height=\"399\" title=\"\" srcset=\"https:\/\/tomajazz.com\/web\/wp-content\/uploads\/2016\/04\/08_Brdgs-tr-Jzz-Grnllrs-nsmbl-Ncls-Mssn-\u00a9Joan-Cort\u00e8s_19feb16_Csn_26FJG_Gra.jpg 600w, https:\/\/tomajazz.com\/web\/wp-content\/uploads\/2016\/04\/08_Brdgs-tr-Jzz-Grnllrs-nsmbl-Ncls-Mssn-\u00a9Joan-Cort\u00e8s_19feb16_Csn_26FJG_Gra-150x100.jpg 150w, https:\/\/tomajazz.com\/web\/wp-content\/uploads\/2016\/04\/08_Brdgs-tr-Jzz-Grnllrs-nsmbl-Ncls-Mssn-\u00a9Joan-Cort\u00e8s_19feb16_Csn_26FJG_Gra-200x133.jpg 200w, https:\/\/tomajazz.com\/web\/wp-content\/uploads\/2016\/04\/08_Brdgs-tr-Jzz-Grnllrs-nsmbl-Ncls-Mssn-\u00a9Joan-Cort\u00e8s_19feb16_Csn_26FJG_Gra-83x55.jpg 83w, https:\/\/tomajazz.com\/web\/wp-content\/uploads\/2016\/04\/08_Brdgs-tr-Jzz-Grnllrs-nsmbl-Ncls-Mssn-\u00a9Joan-Cort\u00e8s_19feb16_Csn_26FJG_Gra-60x40.jpg 60w, https:\/\/tomajazz.com\/web\/wp-content\/uploads\/2016\/04\/08_Brdgs-tr-Jzz-Grnllrs-nsmbl-Ncls-Mssn-\u00a9Joan-Cort\u00e8s_19feb16_Csn_26FJG_Gra-120x80.jpg 120w\" sizes=\"auto, (max-width: 600px) 100vw, 600px\" \/><\/p>\n<p style=\"text-align: center;\"><img loading=\"lazy\" decoding=\"async\" class=\"aligncenter size-large wp-image-23825\" src=\"http:\/\/www.tomajazz.com\/web\/wp-content\/uploads\/2016\/04\/09_Brdgs-tr-Jzz-Grnllrs-nsmbl-Ncls-Mssn-\u00a9Joan-Cort\u00e8s_19feb16_Csn_26FJG_Gra-399x600.jpg\" alt=\"09_Brdgs tr Jzz Grnllrs nsmbl Ncls Mssn (\u00a9Joan  Cort\u00e8s)_19feb16_Csn_26FJG_Gra\" width=\"399\" height=\"600\" title=\"\" srcset=\"https:\/\/tomajazz.com\/web\/wp-content\/uploads\/2016\/04\/09_Brdgs-tr-Jzz-Grnllrs-nsmbl-Ncls-Mssn-\u00a9Joan-Cort\u00e8s_19feb16_Csn_26FJG_Gra.jpg 399w, https:\/\/tomajazz.com\/web\/wp-content\/uploads\/2016\/04\/09_Brdgs-tr-Jzz-Grnllrs-nsmbl-Ncls-Mssn-\u00a9Joan-Cort\u00e8s_19feb16_Csn_26FJG_Gra-100x150.jpg 100w, https:\/\/tomajazz.com\/web\/wp-content\/uploads\/2016\/04\/09_Brdgs-tr-Jzz-Grnllrs-nsmbl-Ncls-Mssn-\u00a9Joan-Cort\u00e8s_19feb16_Csn_26FJG_Gra-200x300.jpg 200w, https:\/\/tomajazz.com\/web\/wp-content\/uploads\/2016\/04\/09_Brdgs-tr-Jzz-Grnllrs-nsmbl-Ncls-Mssn-\u00a9Joan-Cort\u00e8s_19feb16_Csn_26FJG_Gra-37x55.jpg 37w\" sizes=\"auto, (max-width: 399px) 100vw, 399px\" \/><\/p>\n<p style=\"text-align: center;\">\n<p style=\"text-align: right;\">\u00a9 Joan Cort\u00e8s, 2016<\/p>\n","protected":false},"excerpt":{"rendered":"<p>Fecha: Viernes, 19 de febrero de 2016 Lugar: Casino Club de Ritme \/ Granollers (Barcelona) Componentes: Bridges Trio amb Nicolas Masson i Jazz Granollers Ensemble Guillem Callej\u00f3n, guitarra, efectos y composiciones Dimas Corbera, contrabajo y composiciones Alfons Bertran, bater\u00eda y composiciones Nicolas Masson, saxo tenor \u00c0lex Mart\u00ednez, piano ac\u00fastico, Fender<span class=\"more-link\"><a href=\"https:\/\/tomajazz.com\/web\/instantzz-bridges-trio-amb-nicolas-masson-i-jazz-granollers-ensemble-26e-jazz-granollers-festival-casino-club-de-ritme-barcelona-2016-02-19\/\">Contin\u00faa leyendo<\/a><\/span><\/p>\n","protected":false},"author":1,"featured_media":23821,"comment_status":"open","ping_status":"closed","sticky":false,"template":"","format":"standard","meta":{"jetpack_post_was_ever_published":false,"_jetpack_newsletter_access":"","_jetpack_dont_email_post_to_subs":true,"_jetpack_newsletter_tier_id":0,"_jetpack_memberships_contains_paywalled_content":false,"_jetpack_memberships_contains_paid_content":false,"footnotes":""},"categories":[17853,11262,15516,11261,1038],"tags":[15593,15587,9970,15588,15589,15586,5616,15592,9969,15656,12656,12796,12755,15318,15317,15655,15275,15654,5707,15590,11263,13,12415,15295,15591,1041,5619,15710,5772,12657,8927,16099,77,16100],"class_list":["entry","author-pachi","post-23816","post","type-post","status-publish","format-standard","has-post-thumbnail","category-joan-cortes","category-photoblogs","category-imagenes","category-instantzz","category-contenidos","tag-26e-jazz-granollers-festival","tag-alex-martinez","tag-alfons-bertran","tag-anna-fernandez","tag-bridges-trio","tag-bridges-trio-amb-nicolas-masson-i-jazz-granollers-ensemble","tag-carlota-amargos","tag-casino-club-de-ritme-granollers-barcelona","tag-dimas-corbera","tag-foto-galeria-de-jazz","tag-fotoblog","tag-fotografia-de-jazz","tag-fotografias-de-jazz","tag-fotografos-de-jazz","tag-fotos-de-jazz","tag-galeria-de-fotos-de-jazz","tag-galeria-fotografica","tag-galeria-fotografica-de-jazz","tag-guillem-callejon","tag-guillem-callejon-dimas-corbera-alfons-bertran","tag-instantzz-2","tag-jazz","tag-jazz-en-espana","tag-jazz-en-espanol","tag-jazz-granollers-festival","tag-joan-cortes","tag-jordi-claret","tag-la-actualidad-del-jazz-en-espana","tag-nicolas-masson","tag-photoblog","tag-quim-badia","tag-toma-jazz","tag-tomajazz","tag-tomajazz-toma-jazz"],"jetpack_featured_media_url":"https:\/\/tomajazz.com\/web\/wp-content\/uploads\/2016\/04\/05_Brdgs-tr-Jzz-Grnllrs-nsmbl-Ncls-Mssn-\u00a9Joan-Cort\u00e8s_19feb16_Csn_26FJG_Gra.jpg","jetpack_likes_enabled":true,"jetpack_sharing_enabled":true,"jetpack-related-posts":[{"id":105012,"url":"https:\/\/tomajazz.com\/web\/lage-lund-trio-granollers-2026\/","url_meta":{"origin":23816,"position":0},"title":"Lage Lund Trio (36\u00e8 Jazz Granollers Festival \/ Casino, 2026-03-13 \/ Granollers -Barcelona-) [y III] Por Joan Cort\u00e8s [INSTANTZZ AKA Galer\u00eda fotogr\u00e1fica AKA Fotoblog de jazz, impro\u2026 y algo m\u00e1s]","author":"Tomajazz","date":"23 abril, 2026","format":false,"excerpt":"Lage Lund Trio actu\u00f3 en el 36\u00e8 Jazz Granollers Festival, el 13 de marzo de 2026. Joan Cort\u00e8s lo retrata en INSTANTZZ. Lage Lund Trio son Lage Lund, Orlando Le Fleming, Greg Hutchinson","rel":"","context":"En \u00ab36 Jazz Granollers Festival 2026\u00bb","block_context":{"text":"36 Jazz Granollers Festival 2026","link":"https:\/\/tomajazz.com\/web\/category\/contenidos\/especial-contenidos\/36-jazz-granollers-festival-2026\/"},"img":{"alt_text":"Lage Lund Trio (36\u00e8 Jazz Granollers Festival \/ Casino, 2026-03-13 \/ Granollers -Barcelona-) [y III] Por Joan Cort\u00e8s [INSTANTZZ AKA Galer\u00eda fotogr\u00e1fica AKA Fotoblog de jazz, impro\u2026 y algo m\u00e1s] - Tomajazz - Lage Lund Trio actu\u00f3 en el 36\u00e8 Jazz Granollers Festival, el 13 de marzo de 2026. Joan Cort\u00e8s lo retrata en INSTANTZZ. Lage Lund Trio son Lage Lund, Orlando Le Fleming, Greg Hutchinson","src":"https:\/\/i0.wp.com\/tomajazz.com\/web\/wp-content\/uploads\/2026\/04\/destacada-02-Lg-Lnd-Photo-by-Joan-Cortes-13mrc26-36JGF-Csn-Gr-bn.jpg?resize=350%2C200&ssl=1","width":350,"height":200,"srcset":"https:\/\/i0.wp.com\/tomajazz.com\/web\/wp-content\/uploads\/2026\/04\/destacada-02-Lg-Lnd-Photo-by-Joan-Cortes-13mrc26-36JGF-Csn-Gr-bn.jpg?resize=350%2C200&ssl=1 1x, https:\/\/i0.wp.com\/tomajazz.com\/web\/wp-content\/uploads\/2026\/04\/destacada-02-Lg-Lnd-Photo-by-Joan-Cortes-13mrc26-36JGF-Csn-Gr-bn.jpg?resize=525%2C300&ssl=1 1.5x"},"classes":[]},{"id":104657,"url":"https:\/\/tomajazz.com\/web\/joan-sanmarti-5t-36-jazz-granollers-2026\/","url_meta":{"origin":23816,"position":1},"title":"Joan Sanmart\u00ed 5t (36\u00e8 Jazz Granollers Festival 2026\/ Casino, 2026-02-20 \/ Granollers -Barcelona-) [I] Por Joan Cort\u00e8s [INSTANTZZ AKA Galer\u00eda fotogr\u00e1fica AKA Fotoblog de jazz, impro\u2026 y algo m\u00e1s]","author":"Tomajazz","date":"2 abril, 2026","format":false,"excerpt":"Joan Sanmart\u00ed 5t actu\u00f3 en el 36\u00e8 Jazz Granollers Festival 2026, el 20 de febrero de 2026. Joan Cort\u00e8s lo retrata en INSTANTZZ. Joan Sanmart\u00ed 5t son Joan Sanmart\u00ed, Gabriel Amargant, Pau Dom\u00e8nech, Marc Cuevas, Joan Vidal","rel":"","context":"En \u00ab36 Jazz Granollers Festival 2026\u00bb","block_context":{"text":"36 Jazz Granollers Festival 2026","link":"https:\/\/tomajazz.com\/web\/category\/contenidos\/especial-contenidos\/36-jazz-granollers-festival-2026\/"},"img":{"alt_text":"Joan Sanmart\u00ed 5t (36\u00e8 Jazz Granollers Festival 2026\/ Casino, 2026-02-20 \/ Granollers -Barcelona-) [I] Por Joan Cort\u00e8s [INSTANTZZ AKA Galer\u00eda fotogr\u00e1fica AKA Fotoblog de jazz, impro\u2026 y algo m\u00e1s] - Tomajazz - Joan Sanmart\u00ed 5t actu\u00f3 en el 36\u00e8 Jazz Granollers Festival 2026, el 20 de febrero de 2026. Joan Cort\u00e8s lo retrata en INSTANTZZ. Joan Sanmart\u00ed 5t son Joan Sanmart\u00ed, Gabriel Amargant, Pau Dom\u00e8nech, Marc Cuevas, Joan Vidal\n","src":"https:\/\/i0.wp.com\/tomajazz.com\/web\/wp-content\/uploads\/2026\/04\/destacada-09-Jn-Snmrt-5t-Photo-By-Joan-Cortes-20fbr26-36FJG-Csn-Grn.jpg?resize=350%2C200&ssl=1","width":350,"height":200},"classes":[]},{"id":104847,"url":"https:\/\/tomajazz.com\/web\/alba-careta-group-panical-jazz-granollers-2026\/","url_meta":{"origin":23816,"position":2},"title":"Alba Careta Group \u201cPanical\u201d (36\u00e8 Jazz Granollers Festival \/ Casino, 2026-02-27 \/ Granollers -Barcelona-) [II] Por Joan Cort\u00e8s [INSTANTZZ AKA Galer\u00eda fotogr\u00e1fica AKA Fotoblog de jazz, impro\u2026 y algo m\u00e1s]","author":"Tomajazz","date":"12 abril, 2026","format":false,"excerpt":"Alba Careta Group \u201cPanical\u201d actu\u00f3 en el 36\u00e8 Jazz Granollers Festival, el 27 de febrero de 2026. Joan Cort\u00e8s lo retrata en INSTANTZZ. Alba Careta Group \u201cPanical\u201d son Alba Careta, Lucas Mart\u00ednez, Roger Santacana, Giuseppe Campisi, Jordi Pallar\u00e9s","rel":"","context":"En \u00ab36 Jazz Granollers Festival 2026\u00bb","block_context":{"text":"36 Jazz Granollers Festival 2026","link":"https:\/\/tomajazz.com\/web\/category\/contenidos\/especial-contenidos\/36-jazz-granollers-festival-2026\/"},"img":{"alt_text":"Alba Careta Group \u201cPanical\u201d (36\u00e8 Jazz Granollers Festival \/ Casino, 2026-02-27 \/ Granollers -Barcelona-) [II] Por Joan Cort\u00e8s [INSTANTZZ AKA Galer\u00eda fotogr\u00e1fica AKA Fotoblog de jazz, impro\u2026 y algo m\u00e1s] - Tomajazz - Alba Careta Group \u201cPanical\u201d actu\u00f3 en el 36\u00e8 Jazz Granollers Festival, el 27 de febrero de 2026. Joan Cort\u00e8s lo retrata en INSTANTZZ. Alba Careta Group \u201cPanical\u201d son Alba Careta, Lucas Mart\u00ednez, Roger Santacana, Giuseppe Campisi, Jordi Pallar\u00e9s\n","src":"https:\/\/i0.wp.com\/tomajazz.com\/web\/wp-content\/uploads\/2026\/04\/destacada-03-lb-Crt-Grp-Photo-by-Joan-Cortes-27fbr26-36JGF-CG-CR-Grnllrs.jpg?resize=350%2C200&ssl=1","width":350,"height":200,"srcset":"https:\/\/i0.wp.com\/tomajazz.com\/web\/wp-content\/uploads\/2026\/04\/destacada-03-lb-Crt-Grp-Photo-by-Joan-Cortes-27fbr26-36JGF-CG-CR-Grnllrs.jpg?resize=350%2C200&ssl=1 1x, https:\/\/i0.wp.com\/tomajazz.com\/web\/wp-content\/uploads\/2026\/04\/destacada-03-lb-Crt-Grp-Photo-by-Joan-Cortes-27fbr26-36JGF-CG-CR-Grnllrs.jpg?resize=525%2C300&ssl=1 1.5x"},"classes":[]},{"id":104502,"url":"https:\/\/tomajazz.com\/web\/compania-manuel-linan-muerta-de-amor-flamencuras-2026\/","url_meta":{"origin":23816,"position":3},"title":"Compa\u00f1\u00eda Manuel Li\u00f1\u00e1n \u201cMuerta de Amor\u00bb (Teatre Auditori de Granollers -sala gran-, 2026-02-13 \/ Granollers -Barcelona-) Por Joan Cort\u00e8s [Flamencuras AKA INSTANTZZ AKA Galer\u00eda fotogr\u00e1fica AKA Fotoblog de jazz, impro\u2026 y algo m\u00e1s]","author":"Tomajazz","date":"21 marzo, 2026","format":false,"excerpt":"Compa\u00f1\u00eda Manuel Li\u00f1\u00e1n \u201cMuerta de Amor\" actu\u00f3 en el Teatre Auditori de Granollers el 13 de febrero de 2026. Joan Cort\u00e8s lo retrata en las Flamencuras de INSTANTZZ","rel":"","context":"En \u00abFlamencuras\u00bb","block_context":{"text":"Flamencuras","link":"https:\/\/tomajazz.com\/web\/category\/contenidos\/imagenes\/photoblogs\/flamencuras\/"},"img":{"alt_text":"Compa\u00f1\u00eda Manuel Li\u00f1\u00e1n \u201cMuerta de Amor\" (Teatre Auditori de Granollers -sala gran-, 2026-02-13 \/ Granollers -Barcelona-) Por Joan Cort\u00e8s [Flamencuras AKA INSTANTZZ AKA Galer\u00eda fotogr\u00e1fica AKA Fotoblog de jazz, impro\u2026 y algo m\u00e1s] - Tomajazz - Compa\u00f1\u00eda Manuel Li\u00f1\u00e1n \u201cMuerta de Amor\" actu\u00f3 en el Teatre Auditori de Granollers el 13 de febrero de 2026. Joan Cort\u00e8s lo retrata en las Flamencuras de INSTANTZZ","src":"https:\/\/i0.wp.com\/tomajazz.com\/web\/wp-content\/uploads\/2026\/03\/destacada-03-Mnl-Lnn-Photo-by-Joan-Cortes-13fbr26-Ttr-dtr-Grnllrs.jpg?resize=350%2C200&ssl=1","width":350,"height":200,"srcset":"https:\/\/i0.wp.com\/tomajazz.com\/web\/wp-content\/uploads\/2026\/03\/destacada-03-Mnl-Lnn-Photo-by-Joan-Cortes-13fbr26-Ttr-dtr-Grnllrs.jpg?resize=350%2C200&ssl=1 1x, https:\/\/i0.wp.com\/tomajazz.com\/web\/wp-content\/uploads\/2026\/03\/destacada-03-Mnl-Lnn-Photo-by-Joan-Cortes-13fbr26-Ttr-dtr-Grnllrs.jpg?resize=525%2C300&ssl=1 1.5x"},"classes":[]},{"id":103512,"url":"https:\/\/tomajazz.com\/web\/36-jazz-granollers-festival-2026\/","url_meta":{"origin":23816,"position":4},"title":"36 Jazz Granollers Festival 2026 (del 23 de enero al 27 de marzo 2026. Granollers, Barcelona) [Noticias de jazz]","author":"Tomajazz","date":"18 enero, 2026","format":false,"excerpt":"El 36\u00e8 Jazz Granollers Festival 2026 se celebrar\u00e1 del 23 de enero al 27 de marzo de 2026 con quince jornadas y actuaciones de Lluc Casares, Irene Reig, Alba Careta, Marco Mezquida y m\u00e1s #Noticiasdejazz","rel":"","context":"En \u00ab36 Jazz Granollers Festival 2026\u00bb","block_context":{"text":"36 Jazz Granollers Festival 2026","link":"https:\/\/tomajazz.com\/web\/category\/contenidos\/especial-contenidos\/36-jazz-granollers-festival-2026\/"},"img":{"alt_text":"36 Jazz Granollers Festival 2026 (del 23 de enero al 27 de marzo 2026. Granollers, Barcelona) [Noticias de jazz] - Tomajazz - El 36\u00e8 Jazz Granollers Festival 2026 se celebrar\u00e1 del 23 de enero al 27 de marzo de 2026 con quince jornadas y actuaciones de Lluc Casares, Irene Reig, Alba Careta, Marco Mezquida y m\u00e1s #Noticiasdejazz","src":"https:\/\/i0.wp.com\/tomajazz.com\/web\/wp-content\/uploads\/2026\/01\/Cartell-36e-Jazz-Granollers-Festival-2026.jpg?resize=350%2C200&ssl=1","width":350,"height":200,"srcset":"https:\/\/i0.wp.com\/tomajazz.com\/web\/wp-content\/uploads\/2026\/01\/Cartell-36e-Jazz-Granollers-Festival-2026.jpg?resize=350%2C200&ssl=1 1x, https:\/\/i0.wp.com\/tomajazz.com\/web\/wp-content\/uploads\/2026\/01\/Cartell-36e-Jazz-Granollers-Festival-2026.jpg?resize=525%2C300&ssl=1 1.5x, https:\/\/i0.wp.com\/tomajazz.com\/web\/wp-content\/uploads\/2026\/01\/Cartell-36e-Jazz-Granollers-Festival-2026.jpg?resize=700%2C400&ssl=1 2x"},"classes":[]},{"id":100228,"url":"https:\/\/tomajazz.com\/web\/guillem-callejon-trio-llibreria-strogoff-2025\/","url_meta":{"origin":23816,"position":5},"title":"Guillem Callej\u00f3n Trio (Sangarra \/ Llibreria Strogoff, 2025-09-25 \/ La Garriga -Barcelona-) Por Joan Cort\u00e8s [INSTANTZZ AKA Galer\u00eda fotogr\u00e1fica AKA Fotoblog de jazz, impro\u2026 y algo m\u00e1s]","author":"Tomajazz","date":"7 octubre, 2025","format":false,"excerpt":"Guillem Callej\u00f3n Trio actu\u00f3 en Llibreria Strogoff, en La Garriga -Barcelona-, el 25 de septiembre de 2025. Joan Cort\u00e8s lo retrata en INSTANTZZ. Actuaron Guillem Callej\u00f3n, Txema Riera, Ricard Parera","rel":"","context":"En \u00abINSTANTZZ\u00bb","block_context":{"text":"INSTANTZZ","link":"https:\/\/tomajazz.com\/web\/category\/contenidos\/imagenes\/photoblogs\/instantzz\/"},"img":{"alt_text":"Guillem Callej\u00f3n Trio (Sangarra \/ Llibreria Strogoff, 2025-09-25 \/ La Garriga -Barcelona-) Por Joan Cort\u00e8s [INSTANTZZ AKA Galer\u00eda fotogr\u00e1fica AKA Fotoblog de jazz, impro\u2026 y algo m\u00e1s] - Tomajazz - Guillem Callej\u00f3n Trio actu\u00f3 en Llibreria Strogoff, en La Garriga -Barcelona-, el 25 de septiembre de 2025. Joan Cort\u00e8s lo retrata en INSTANTZZ. Actuaron Guillem Callej\u00f3n, Txema Riera, Ricard Parera\n","src":"https:\/\/i0.wp.com\/tomajazz.com\/web\/wp-content\/uploads\/2025\/10\/10-Gllm-Clljn-Tr-Joan-Cortes-25stm25-Strgff-LGrrg.jpg?resize=350%2C200&ssl=1","width":350,"height":200,"srcset":"https:\/\/i0.wp.com\/tomajazz.com\/web\/wp-content\/uploads\/2025\/10\/10-Gllm-Clljn-Tr-Joan-Cortes-25stm25-Strgff-LGrrg.jpg?resize=350%2C200&ssl=1 1x, https:\/\/i0.wp.com\/tomajazz.com\/web\/wp-content\/uploads\/2025\/10\/10-Gllm-Clljn-Tr-Joan-Cortes-25stm25-Strgff-LGrrg.jpg?resize=525%2C300&ssl=1 1.5x"},"classes":[]}],"_links":{"self":[{"href":"https:\/\/tomajazz.com\/web\/wp-json\/wp\/v2\/posts\/23816","targetHints":{"allow":["GET"]}}],"collection":[{"href":"https:\/\/tomajazz.com\/web\/wp-json\/wp\/v2\/posts"}],"about":[{"href":"https:\/\/tomajazz.com\/web\/wp-json\/wp\/v2\/types\/post"}],"author":[{"embeddable":true,"href":"https:\/\/tomajazz.com\/web\/wp-json\/wp\/v2\/users\/1"}],"replies":[{"embeddable":true,"href":"https:\/\/tomajazz.com\/web\/wp-json\/wp\/v2\/comments?post=23816"}],"version-history":[{"count":1,"href":"https:\/\/tomajazz.com\/web\/wp-json\/wp\/v2\/posts\/23816\/revisions"}],"predecessor-version":[{"id":23826,"href":"https:\/\/tomajazz.com\/web\/wp-json\/wp\/v2\/posts\/23816\/revisions\/23826"}],"wp:featuredmedia":[{"embeddable":true,"href":"https:\/\/tomajazz.com\/web\/wp-json\/wp\/v2\/media\/23821"}],"wp:attachment":[{"href":"https:\/\/tomajazz.com\/web\/wp-json\/wp\/v2\/media?parent=23816"}],"wp:term":[{"taxonomy":"category","embeddable":true,"href":"https:\/\/tomajazz.com\/web\/wp-json\/wp\/v2\/categories?post=23816"},{"taxonomy":"post_tag","embeddable":true,"href":"https:\/\/tomajazz.com\/web\/wp-json\/wp\/v2\/tags?post=23816"}],"curies":[{"name":"wp","href":"https:\/\/api.w.org\/{rel}","templated":true}]}}