{"id":24029,"date":"2016-05-10T11:10:39","date_gmt":"2016-05-10T09:10:39","guid":{"rendered":"http:\/\/www.tomajazz.com\/web\/?p=24029"},"modified":"2016-11-13T16:29:36","modified_gmt":"2016-11-13T15:29:36","slug":"instantzz-memoria-uno-26e-jazz-granollers-festival-casino-club-de-ritme-barcelona-2016-02-26","status":"publish","type":"post","link":"https:\/\/tomajazz.com\/web\/instantzz-memoria-uno-26e-jazz-granollers-festival-casino-club-de-ritme-barcelona-2016-02-26\/","title":{"rendered":"INSTANTZZ: Memoria Uno (26\u00e8 Jazz Granollers Festival. Casino Club de Ritme, Barcelona. 2016-02-26)"},"content":{"rendered":"<ul>\n<li>Fecha: Viernes, 26 de febrero de 2016<\/li>\n<li>Lugar: Casino Club de Ritme \/ Granollers (Barcelona)<\/li>\n<li>Componentes:<br \/>\nIv\u00e1n Gonz\u00e1lez, conducci\u00f3n<br \/>\nAgust\u00ed Fern\u00e1ndez, piano<br \/>\nJohannes N\u00e4stesj\u00f6, contrabajo<br \/>\n\u00c0lex Reviriego, contrabajo<br \/>\nPablo Rega, guitarra<br \/>\nChrister Both\u00e9n, clarinete bajo<br \/>\nTom Chant, saxo tenor y soprano<br \/>\nJuli\u00e1n S\u00e1nchez, trompeta<br \/>\nPol Padr\u00f3s, trompeta<br \/>\nAlbert Cirera, saxo tenor<br \/>\nAlfonso M\u00fa\u00f1oz, saxo bar\u00edtono<br \/>\nN\u00faria Andorr\u00e0,\u00a0percusi\u00f3n<br \/>\nOriol Roca, bater\u00eda<br \/>\nRamon Prats, bater\u00eda<br \/>\nS\u00f2nia S\u00e1nchez, baile<\/li>\n<\/ul>\n<p style=\"text-align: center;\"><img loading=\"lazy\" decoding=\"async\" class=\"aligncenter size-large wp-image-24030\" src=\"http:\/\/www.tomajazz.com\/web\/wp-content\/uploads\/2016\/05\/01_Mmr-n-\u00a9Joan-Cort\u00e8s_26feb16_26JFG_Csn_Gr-600x399.jpg\" alt=\"01_Mmr n (\u00a9Joan Cort\u00e8s)_26feb16_26JFG_Csn_Gr\" width=\"600\" height=\"399\" title=\"\" srcset=\"https:\/\/tomajazz.com\/web\/wp-content\/uploads\/2016\/05\/01_Mmr-n-\u00a9Joan-Cort\u00e8s_26feb16_26JFG_Csn_Gr.jpg 600w, https:\/\/tomajazz.com\/web\/wp-content\/uploads\/2016\/05\/01_Mmr-n-\u00a9Joan-Cort\u00e8s_26feb16_26JFG_Csn_Gr-150x100.jpg 150w, https:\/\/tomajazz.com\/web\/wp-content\/uploads\/2016\/05\/01_Mmr-n-\u00a9Joan-Cort\u00e8s_26feb16_26JFG_Csn_Gr-200x133.jpg 200w, https:\/\/tomajazz.com\/web\/wp-content\/uploads\/2016\/05\/01_Mmr-n-\u00a9Joan-Cort\u00e8s_26feb16_26JFG_Csn_Gr-83x55.jpg 83w, https:\/\/tomajazz.com\/web\/wp-content\/uploads\/2016\/05\/01_Mmr-n-\u00a9Joan-Cort\u00e8s_26feb16_26JFG_Csn_Gr-60x40.jpg 60w, https:\/\/tomajazz.com\/web\/wp-content\/uploads\/2016\/05\/01_Mmr-n-\u00a9Joan-Cort\u00e8s_26feb16_26JFG_Csn_Gr-120x80.jpg 120w\" sizes=\"auto, (max-width: 600px) 100vw, 600px\" \/><\/p>\n<p style=\"text-align: center;\"><img loading=\"lazy\" decoding=\"async\" class=\"aligncenter size-large wp-image-24031\" src=\"http:\/\/www.tomajazz.com\/web\/wp-content\/uploads\/2016\/05\/02_Mmr-n-\u00a9Joan-Cort\u00e8s_26feb16_26JFG_Csn_Gr-600x399.jpg\" alt=\"02_Mmr n (\u00a9Joan Cort\u00e8s)_26feb16_26JFG_Csn_Gr\" width=\"600\" height=\"399\" title=\"\" srcset=\"https:\/\/tomajazz.com\/web\/wp-content\/uploads\/2016\/05\/02_Mmr-n-\u00a9Joan-Cort\u00e8s_26feb16_26JFG_Csn_Gr.jpg 600w, https:\/\/tomajazz.com\/web\/wp-content\/uploads\/2016\/05\/02_Mmr-n-\u00a9Joan-Cort\u00e8s_26feb16_26JFG_Csn_Gr-150x100.jpg 150w, https:\/\/tomajazz.com\/web\/wp-content\/uploads\/2016\/05\/02_Mmr-n-\u00a9Joan-Cort\u00e8s_26feb16_26JFG_Csn_Gr-200x133.jpg 200w, https:\/\/tomajazz.com\/web\/wp-content\/uploads\/2016\/05\/02_Mmr-n-\u00a9Joan-Cort\u00e8s_26feb16_26JFG_Csn_Gr-83x55.jpg 83w, https:\/\/tomajazz.com\/web\/wp-content\/uploads\/2016\/05\/02_Mmr-n-\u00a9Joan-Cort\u00e8s_26feb16_26JFG_Csn_Gr-60x40.jpg 60w, https:\/\/tomajazz.com\/web\/wp-content\/uploads\/2016\/05\/02_Mmr-n-\u00a9Joan-Cort\u00e8s_26feb16_26JFG_Csn_Gr-120x80.jpg 120w\" sizes=\"auto, (max-width: 600px) 100vw, 600px\" \/><\/p>\n<p style=\"text-align: center;\"><img loading=\"lazy\" decoding=\"async\" class=\"aligncenter size-large wp-image-24032\" src=\"http:\/\/www.tomajazz.com\/web\/wp-content\/uploads\/2016\/05\/03_Mmr-n-\u00a9Joan-Cort\u00e8s_26feb16_26JFG_Csn_Gr-399x600.jpg\" alt=\"03_Mmr n (\u00a9Joan Cort\u00e8s)_26feb16_26JFG_Csn_Gr\" width=\"399\" height=\"600\" title=\"\" srcset=\"https:\/\/tomajazz.com\/web\/wp-content\/uploads\/2016\/05\/03_Mmr-n-\u00a9Joan-Cort\u00e8s_26feb16_26JFG_Csn_Gr.jpg 399w, https:\/\/tomajazz.com\/web\/wp-content\/uploads\/2016\/05\/03_Mmr-n-\u00a9Joan-Cort\u00e8s_26feb16_26JFG_Csn_Gr-100x150.jpg 100w, https:\/\/tomajazz.com\/web\/wp-content\/uploads\/2016\/05\/03_Mmr-n-\u00a9Joan-Cort\u00e8s_26feb16_26JFG_Csn_Gr-200x300.jpg 200w, https:\/\/tomajazz.com\/web\/wp-content\/uploads\/2016\/05\/03_Mmr-n-\u00a9Joan-Cort\u00e8s_26feb16_26JFG_Csn_Gr-37x55.jpg 37w\" sizes=\"auto, (max-width: 399px) 100vw, 399px\" \/><\/p>\n<p style=\"text-align: center;\"><img loading=\"lazy\" decoding=\"async\" class=\"aligncenter size-large wp-image-24033\" src=\"http:\/\/www.tomajazz.com\/web\/wp-content\/uploads\/2016\/05\/04_Mmr-n-\u00a9Joan-Cort\u00e8s_26feb16_26JFG_Csn_Gr-399x600.jpg\" alt=\"04_Mmr n (\u00a9Joan Cort\u00e8s)_26feb16_26JFG_Csn_Gr\" width=\"399\" height=\"600\" title=\"\" srcset=\"https:\/\/tomajazz.com\/web\/wp-content\/uploads\/2016\/05\/04_Mmr-n-\u00a9Joan-Cort\u00e8s_26feb16_26JFG_Csn_Gr.jpg 399w, https:\/\/tomajazz.com\/web\/wp-content\/uploads\/2016\/05\/04_Mmr-n-\u00a9Joan-Cort\u00e8s_26feb16_26JFG_Csn_Gr-100x150.jpg 100w, https:\/\/tomajazz.com\/web\/wp-content\/uploads\/2016\/05\/04_Mmr-n-\u00a9Joan-Cort\u00e8s_26feb16_26JFG_Csn_Gr-200x300.jpg 200w, https:\/\/tomajazz.com\/web\/wp-content\/uploads\/2016\/05\/04_Mmr-n-\u00a9Joan-Cort\u00e8s_26feb16_26JFG_Csn_Gr-37x55.jpg 37w\" sizes=\"auto, (max-width: 399px) 100vw, 399px\" \/><\/p>\n<p style=\"text-align: center;\"><img loading=\"lazy\" decoding=\"async\" class=\"aligncenter size-large wp-image-24034\" src=\"http:\/\/www.tomajazz.com\/web\/wp-content\/uploads\/2016\/05\/05_Mmr-n-\u00a9Joan-Cort\u00e8s_26feb16_26JFG_Csn_Gr-600x399.jpg\" alt=\"05_Mmr n (\u00a9Joan Cort\u00e8s)_26feb16_26JFG_Csn_Gr\" width=\"600\" height=\"399\" title=\"\" srcset=\"https:\/\/tomajazz.com\/web\/wp-content\/uploads\/2016\/05\/05_Mmr-n-\u00a9Joan-Cort\u00e8s_26feb16_26JFG_Csn_Gr.jpg 600w, https:\/\/tomajazz.com\/web\/wp-content\/uploads\/2016\/05\/05_Mmr-n-\u00a9Joan-Cort\u00e8s_26feb16_26JFG_Csn_Gr-150x100.jpg 150w, https:\/\/tomajazz.com\/web\/wp-content\/uploads\/2016\/05\/05_Mmr-n-\u00a9Joan-Cort\u00e8s_26feb16_26JFG_Csn_Gr-200x133.jpg 200w, https:\/\/tomajazz.com\/web\/wp-content\/uploads\/2016\/05\/05_Mmr-n-\u00a9Joan-Cort\u00e8s_26feb16_26JFG_Csn_Gr-83x55.jpg 83w, https:\/\/tomajazz.com\/web\/wp-content\/uploads\/2016\/05\/05_Mmr-n-\u00a9Joan-Cort\u00e8s_26feb16_26JFG_Csn_Gr-60x40.jpg 60w, https:\/\/tomajazz.com\/web\/wp-content\/uploads\/2016\/05\/05_Mmr-n-\u00a9Joan-Cort\u00e8s_26feb16_26JFG_Csn_Gr-120x80.jpg 120w\" sizes=\"auto, (max-width: 600px) 100vw, 600px\" \/><\/p>\n<p style=\"text-align: center;\"><img loading=\"lazy\" decoding=\"async\" class=\"aligncenter size-large wp-image-24035\" src=\"http:\/\/www.tomajazz.com\/web\/wp-content\/uploads\/2016\/05\/06_Mmr-n-\u00a9Joan-Cort\u00e8s_26feb16_26JFG_Csn_Gr-600x399.jpg\" alt=\"06_Mmr n (\u00a9Joan Cort\u00e8s)_26feb16_26JFG_Csn_Gr\" width=\"600\" height=\"399\" title=\"\" srcset=\"https:\/\/tomajazz.com\/web\/wp-content\/uploads\/2016\/05\/06_Mmr-n-\u00a9Joan-Cort\u00e8s_26feb16_26JFG_Csn_Gr.jpg 600w, https:\/\/tomajazz.com\/web\/wp-content\/uploads\/2016\/05\/06_Mmr-n-\u00a9Joan-Cort\u00e8s_26feb16_26JFG_Csn_Gr-150x100.jpg 150w, https:\/\/tomajazz.com\/web\/wp-content\/uploads\/2016\/05\/06_Mmr-n-\u00a9Joan-Cort\u00e8s_26feb16_26JFG_Csn_Gr-200x133.jpg 200w, https:\/\/tomajazz.com\/web\/wp-content\/uploads\/2016\/05\/06_Mmr-n-\u00a9Joan-Cort\u00e8s_26feb16_26JFG_Csn_Gr-83x55.jpg 83w, https:\/\/tomajazz.com\/web\/wp-content\/uploads\/2016\/05\/06_Mmr-n-\u00a9Joan-Cort\u00e8s_26feb16_26JFG_Csn_Gr-60x40.jpg 60w, https:\/\/tomajazz.com\/web\/wp-content\/uploads\/2016\/05\/06_Mmr-n-\u00a9Joan-Cort\u00e8s_26feb16_26JFG_Csn_Gr-120x80.jpg 120w\" sizes=\"auto, (max-width: 600px) 100vw, 600px\" \/><\/p>\n<p style=\"text-align: center;\"><img loading=\"lazy\" decoding=\"async\" class=\"aligncenter size-large wp-image-24036\" src=\"http:\/\/www.tomajazz.com\/web\/wp-content\/uploads\/2016\/05\/07_Mmr-n-\u00a9Joan-Cort\u00e8s_26feb16_26JFG_Csn_Gr-399x600.jpg\" alt=\"07_Mmr n (\u00a9Joan Cort\u00e8s)_26feb16_26JFG_Csn_Gr\" width=\"399\" height=\"600\" title=\"\" srcset=\"https:\/\/tomajazz.com\/web\/wp-content\/uploads\/2016\/05\/07_Mmr-n-\u00a9Joan-Cort\u00e8s_26feb16_26JFG_Csn_Gr.jpg 399w, https:\/\/tomajazz.com\/web\/wp-content\/uploads\/2016\/05\/07_Mmr-n-\u00a9Joan-Cort\u00e8s_26feb16_26JFG_Csn_Gr-100x150.jpg 100w, https:\/\/tomajazz.com\/web\/wp-content\/uploads\/2016\/05\/07_Mmr-n-\u00a9Joan-Cort\u00e8s_26feb16_26JFG_Csn_Gr-200x300.jpg 200w, https:\/\/tomajazz.com\/web\/wp-content\/uploads\/2016\/05\/07_Mmr-n-\u00a9Joan-Cort\u00e8s_26feb16_26JFG_Csn_Gr-37x55.jpg 37w\" sizes=\"auto, (max-width: 399px) 100vw, 399px\" \/><\/p>\n<p style=\"text-align: center;\"><img loading=\"lazy\" decoding=\"async\" class=\"aligncenter size-large wp-image-24037\" src=\"http:\/\/www.tomajazz.com\/web\/wp-content\/uploads\/2016\/05\/08_Mmr-n-\u00a9Joan-Cort\u00e8s_26feb16_26JFG_Csn_Gr-399x600.jpg\" alt=\"08_Mmr n (\u00a9Joan Cort\u00e8s)_26feb16_26JFG_Csn_Gr\" width=\"399\" height=\"600\" title=\"\" srcset=\"https:\/\/tomajazz.com\/web\/wp-content\/uploads\/2016\/05\/08_Mmr-n-\u00a9Joan-Cort\u00e8s_26feb16_26JFG_Csn_Gr.jpg 399w, https:\/\/tomajazz.com\/web\/wp-content\/uploads\/2016\/05\/08_Mmr-n-\u00a9Joan-Cort\u00e8s_26feb16_26JFG_Csn_Gr-100x150.jpg 100w, https:\/\/tomajazz.com\/web\/wp-content\/uploads\/2016\/05\/08_Mmr-n-\u00a9Joan-Cort\u00e8s_26feb16_26JFG_Csn_Gr-200x300.jpg 200w, https:\/\/tomajazz.com\/web\/wp-content\/uploads\/2016\/05\/08_Mmr-n-\u00a9Joan-Cort\u00e8s_26feb16_26JFG_Csn_Gr-37x55.jpg 37w\" sizes=\"auto, (max-width: 399px) 100vw, 399px\" \/><\/p>\n<p style=\"text-align: center;\"><img loading=\"lazy\" decoding=\"async\" class=\"aligncenter size-large wp-image-24038\" src=\"http:\/\/www.tomajazz.com\/web\/wp-content\/uploads\/2016\/05\/09_Mmr-n-\u00a9Joan-Cort\u00e8s_26feb16_26JFG_Csn_Gr-399x600.jpg\" alt=\"09_Mmr n (\u00a9Joan Cort\u00e8s)_26feb16_26JFG_Csn_Gr\" width=\"399\" height=\"600\" title=\"\" srcset=\"https:\/\/tomajazz.com\/web\/wp-content\/uploads\/2016\/05\/09_Mmr-n-\u00a9Joan-Cort\u00e8s_26feb16_26JFG_Csn_Gr.jpg 399w, https:\/\/tomajazz.com\/web\/wp-content\/uploads\/2016\/05\/09_Mmr-n-\u00a9Joan-Cort\u00e8s_26feb16_26JFG_Csn_Gr-100x150.jpg 100w, https:\/\/tomajazz.com\/web\/wp-content\/uploads\/2016\/05\/09_Mmr-n-\u00a9Joan-Cort\u00e8s_26feb16_26JFG_Csn_Gr-200x300.jpg 200w, https:\/\/tomajazz.com\/web\/wp-content\/uploads\/2016\/05\/09_Mmr-n-\u00a9Joan-Cort\u00e8s_26feb16_26JFG_Csn_Gr-37x55.jpg 37w\" sizes=\"auto, (max-width: 399px) 100vw, 399px\" \/><\/p>\n<p style=\"text-align: center;\"><img loading=\"lazy\" decoding=\"async\" class=\"aligncenter size-large wp-image-24039\" src=\"http:\/\/www.tomajazz.com\/web\/wp-content\/uploads\/2016\/05\/10_Mmr-n-\u00a9Joan-Cort\u00e8s_26feb16_26JFG_Csn_Gr-600x399.jpg\" alt=\"10_Mmr n ((\u00a9Joan Cort\u00e8s)_26feb16_26JFG_Csn_Gr\" width=\"600\" height=\"399\" title=\"\" srcset=\"https:\/\/tomajazz.com\/web\/wp-content\/uploads\/2016\/05\/10_Mmr-n-\u00a9Joan-Cort\u00e8s_26feb16_26JFG_Csn_Gr.jpg 600w, https:\/\/tomajazz.com\/web\/wp-content\/uploads\/2016\/05\/10_Mmr-n-\u00a9Joan-Cort\u00e8s_26feb16_26JFG_Csn_Gr-150x100.jpg 150w, https:\/\/tomajazz.com\/web\/wp-content\/uploads\/2016\/05\/10_Mmr-n-\u00a9Joan-Cort\u00e8s_26feb16_26JFG_Csn_Gr-200x133.jpg 200w, https:\/\/tomajazz.com\/web\/wp-content\/uploads\/2016\/05\/10_Mmr-n-\u00a9Joan-Cort\u00e8s_26feb16_26JFG_Csn_Gr-83x55.jpg 83w, https:\/\/tomajazz.com\/web\/wp-content\/uploads\/2016\/05\/10_Mmr-n-\u00a9Joan-Cort\u00e8s_26feb16_26JFG_Csn_Gr-60x40.jpg 60w, https:\/\/tomajazz.com\/web\/wp-content\/uploads\/2016\/05\/10_Mmr-n-\u00a9Joan-Cort\u00e8s_26feb16_26JFG_Csn_Gr-120x80.jpg 120w\" sizes=\"auto, (max-width: 600px) 100vw, 600px\" \/><\/p>\n<p style=\"text-align: right;\">\u00a9 Joan Cort\u00e8s, 2016<\/p>\n","protected":false},"excerpt":{"rendered":"<p>Fecha: Viernes, 26 de febrero de 2016 Lugar: Casino Club de Ritme \/ Granollers (Barcelona) Componentes: Iv\u00e1n Gonz\u00e1lez, conducci\u00f3n Agust\u00ed Fern\u00e1ndez, piano Johannes N\u00e4stesj\u00f6, contrabajo \u00c0lex Reviriego, contrabajo Pablo Rega, guitarra Christer Both\u00e9n, clarinete bajo Tom Chant, saxo tenor y soprano Juli\u00e1n S\u00e1nchez, trompeta Pol Padr\u00f3s, trompeta Albert Cirera, saxo<span class=\"more-link\"><a href=\"https:\/\/tomajazz.com\/web\/instantzz-memoria-uno-26e-jazz-granollers-festival-casino-club-de-ritme-barcelona-2016-02-26\/\">Contin\u00faa leyendo<\/a><\/span><\/p>\n","protected":false},"author":1,"featured_media":24039,"comment_status":"open","ping_status":"closed","sticky":false,"template":"","format":"standard","meta":{"jetpack_post_was_ever_published":false,"_jetpack_newsletter_access":"","_jetpack_dont_email_post_to_subs":true,"_jetpack_newsletter_tier_id":0,"_jetpack_memberships_contains_paywalled_content":false,"_jetpack_memberships_contains_paid_content":false,"footnotes":""},"categories":[17853,11262,15516,11261,1038],"tags":[15593,280,109,5553,4840,15592,15900,15585,15656,12656,12796,12755,15318,15317,1713,15655,15275,15654,15901,11263,5433,13,12415,15295,15591,1041,8060,4818,15710,12513,12170,9113,1045,1139,12657,5432,108,6038,1129,16099,77,16100],"class_list":["entry","author-pachi","post-24029","post","type-post","status-publish","format-standard","has-post-thumbnail","category-joan-cortes","category-photoblogs","category-imagenes","category-instantzz","category-contenidos","tag-26e-jazz-granollers-festival","tag-agusti-fernandez","tag-albert-cirera","tag-alex-reviriego","tag-alfonso-munoz","tag-casino-club-de-ritme-granollers-barcelona","tag-christer-bothen","tag-conduccion","tag-foto-galeria-de-jazz","tag-fotoblog","tag-fotografia-de-jazz","tag-fotografias-de-jazz","tag-fotografos-de-jazz","tag-fotos-de-jazz","tag-free-jazz","tag-galeria-de-fotos-de-jazz","tag-galeria-fotografica","tag-galeria-fotografica-de-jazz","tag-improvisacionl-libre","tag-instantzz-2","tag-ivan-gonzalez","tag-jazz","tag-jazz-en-espana","tag-jazz-en-espanol","tag-jazz-granollers-festival","tag-joan-cortes","tag-johannes-nastesjo","tag-julian-sanchez","tag-la-actualidad-del-jazz-en-espana","tag-libre-improvisacion","tag-memoria-uno","tag-nuria-andorra","tag-oriol-roca","tag-pablo-rega","tag-photoblog","tag-pol-padros","tag-ramon-prats","tag-sonia-sanchez","tag-tom-chant","tag-toma-jazz","tag-tomajazz","tag-tomajazz-toma-jazz"],"jetpack_featured_media_url":"https:\/\/tomajazz.com\/web\/wp-content\/uploads\/2016\/05\/10_Mmr-n-\u00a9Joan-Cort\u00e8s_26feb16_26JFG_Csn_Gr.jpg","jetpack_likes_enabled":true,"jetpack_sharing_enabled":true,"jetpack-related-posts":[{"id":105012,"url":"https:\/\/tomajazz.com\/web\/lage-lund-trio-granollers-2026\/","url_meta":{"origin":24029,"position":0},"title":"Lage Lund Trio (36\u00e8 Jazz Granollers Festival \/ Casino, 2026-03-13 \/ Granollers -Barcelona-) [y III] Por Joan Cort\u00e8s [INSTANTZZ AKA Galer\u00eda fotogr\u00e1fica AKA Fotoblog de jazz, impro\u2026 y algo m\u00e1s]","author":"Tomajazz","date":"23 abril, 2026","format":false,"excerpt":"Lage Lund Trio actu\u00f3 en el 36\u00e8 Jazz Granollers Festival, el 13 de marzo de 2026. Joan Cort\u00e8s lo retrata en INSTANTZZ. Lage Lund Trio son Lage Lund, Orlando Le Fleming, Greg Hutchinson","rel":"","context":"En \u00ab36 Jazz Granollers Festival 2026\u00bb","block_context":{"text":"36 Jazz Granollers Festival 2026","link":"https:\/\/tomajazz.com\/web\/category\/contenidos\/especial-contenidos\/36-jazz-granollers-festival-2026\/"},"img":{"alt_text":"Lage Lund Trio (36\u00e8 Jazz Granollers Festival \/ Casino, 2026-03-13 \/ Granollers -Barcelona-) [y III] Por Joan Cort\u00e8s [INSTANTZZ AKA Galer\u00eda fotogr\u00e1fica AKA Fotoblog de jazz, impro\u2026 y algo m\u00e1s] - Tomajazz - Lage Lund Trio actu\u00f3 en el 36\u00e8 Jazz Granollers Festival, el 13 de marzo de 2026. Joan Cort\u00e8s lo retrata en INSTANTZZ. Lage Lund Trio son Lage Lund, Orlando Le Fleming, Greg Hutchinson","src":"https:\/\/i0.wp.com\/tomajazz.com\/web\/wp-content\/uploads\/2026\/04\/destacada-02-Lg-Lnd-Photo-by-Joan-Cortes-13mrc26-36JGF-Csn-Gr-bn.jpg?resize=350%2C200&ssl=1","width":350,"height":200,"srcset":"https:\/\/i0.wp.com\/tomajazz.com\/web\/wp-content\/uploads\/2026\/04\/destacada-02-Lg-Lnd-Photo-by-Joan-Cortes-13mrc26-36JGF-Csn-Gr-bn.jpg?resize=350%2C200&ssl=1 1x, https:\/\/i0.wp.com\/tomajazz.com\/web\/wp-content\/uploads\/2026\/04\/destacada-02-Lg-Lnd-Photo-by-Joan-Cortes-13mrc26-36JGF-Csn-Gr-bn.jpg?resize=525%2C300&ssl=1 1.5x"},"classes":[]},{"id":104657,"url":"https:\/\/tomajazz.com\/web\/joan-sanmarti-5t-36-jazz-granollers-2026\/","url_meta":{"origin":24029,"position":1},"title":"Joan Sanmart\u00ed 5t (36\u00e8 Jazz Granollers Festival 2026\/ Casino, 2026-02-20 \/ Granollers -Barcelona-) [I] Por Joan Cort\u00e8s [INSTANTZZ AKA Galer\u00eda fotogr\u00e1fica AKA Fotoblog de jazz, impro\u2026 y algo m\u00e1s]","author":"Tomajazz","date":"2 abril, 2026","format":false,"excerpt":"Joan Sanmart\u00ed 5t actu\u00f3 en el 36\u00e8 Jazz Granollers Festival 2026, el 20 de febrero de 2026. Joan Cort\u00e8s lo retrata en INSTANTZZ. Joan Sanmart\u00ed 5t son Joan Sanmart\u00ed, Gabriel Amargant, Pau Dom\u00e8nech, Marc Cuevas, Joan Vidal","rel":"","context":"En \u00ab36 Jazz Granollers Festival 2026\u00bb","block_context":{"text":"36 Jazz Granollers Festival 2026","link":"https:\/\/tomajazz.com\/web\/category\/contenidos\/especial-contenidos\/36-jazz-granollers-festival-2026\/"},"img":{"alt_text":"Joan Sanmart\u00ed 5t (36\u00e8 Jazz Granollers Festival 2026\/ Casino, 2026-02-20 \/ Granollers -Barcelona-) [I] Por Joan Cort\u00e8s [INSTANTZZ AKA Galer\u00eda fotogr\u00e1fica AKA Fotoblog de jazz, impro\u2026 y algo m\u00e1s] - Tomajazz - Joan Sanmart\u00ed 5t actu\u00f3 en el 36\u00e8 Jazz Granollers Festival 2026, el 20 de febrero de 2026. Joan Cort\u00e8s lo retrata en INSTANTZZ. Joan Sanmart\u00ed 5t son Joan Sanmart\u00ed, Gabriel Amargant, Pau Dom\u00e8nech, Marc Cuevas, Joan Vidal\n","src":"https:\/\/i0.wp.com\/tomajazz.com\/web\/wp-content\/uploads\/2026\/04\/destacada-09-Jn-Snmrt-5t-Photo-By-Joan-Cortes-20fbr26-36FJG-Csn-Grn.jpg?resize=350%2C200&ssl=1","width":350,"height":200},"classes":[]},{"id":104847,"url":"https:\/\/tomajazz.com\/web\/alba-careta-group-panical-jazz-granollers-2026\/","url_meta":{"origin":24029,"position":2},"title":"Alba Careta Group \u201cPanical\u201d (36\u00e8 Jazz Granollers Festival \/ Casino, 2026-02-27 \/ Granollers -Barcelona-) [II] Por Joan Cort\u00e8s [INSTANTZZ AKA Galer\u00eda fotogr\u00e1fica AKA Fotoblog de jazz, impro\u2026 y algo m\u00e1s]","author":"Tomajazz","date":"12 abril, 2026","format":false,"excerpt":"Alba Careta Group \u201cPanical\u201d actu\u00f3 en el 36\u00e8 Jazz Granollers Festival, el 27 de febrero de 2026. Joan Cort\u00e8s lo retrata en INSTANTZZ. Alba Careta Group \u201cPanical\u201d son Alba Careta, Lucas Mart\u00ednez, Roger Santacana, Giuseppe Campisi, Jordi Pallar\u00e9s","rel":"","context":"En \u00ab36 Jazz Granollers Festival 2026\u00bb","block_context":{"text":"36 Jazz Granollers Festival 2026","link":"https:\/\/tomajazz.com\/web\/category\/contenidos\/especial-contenidos\/36-jazz-granollers-festival-2026\/"},"img":{"alt_text":"Alba Careta Group \u201cPanical\u201d (36\u00e8 Jazz Granollers Festival \/ Casino, 2026-02-27 \/ Granollers -Barcelona-) [II] Por Joan Cort\u00e8s [INSTANTZZ AKA Galer\u00eda fotogr\u00e1fica AKA Fotoblog de jazz, impro\u2026 y algo m\u00e1s] - Tomajazz - Alba Careta Group \u201cPanical\u201d actu\u00f3 en el 36\u00e8 Jazz Granollers Festival, el 27 de febrero de 2026. Joan Cort\u00e8s lo retrata en INSTANTZZ. Alba Careta Group \u201cPanical\u201d son Alba Careta, Lucas Mart\u00ednez, Roger Santacana, Giuseppe Campisi, Jordi Pallar\u00e9s\n","src":"https:\/\/i0.wp.com\/tomajazz.com\/web\/wp-content\/uploads\/2026\/04\/destacada-03-lb-Crt-Grp-Photo-by-Joan-Cortes-27fbr26-36JGF-CG-CR-Grnllrs.jpg?resize=350%2C200&ssl=1","width":350,"height":200,"srcset":"https:\/\/i0.wp.com\/tomajazz.com\/web\/wp-content\/uploads\/2026\/04\/destacada-03-lb-Crt-Grp-Photo-by-Joan-Cortes-27fbr26-36JGF-CG-CR-Grnllrs.jpg?resize=350%2C200&ssl=1 1x, https:\/\/i0.wp.com\/tomajazz.com\/web\/wp-content\/uploads\/2026\/04\/destacada-03-lb-Crt-Grp-Photo-by-Joan-Cortes-27fbr26-36JGF-CG-CR-Grnllrs.jpg?resize=525%2C300&ssl=1 1.5x"},"classes":[]},{"id":104502,"url":"https:\/\/tomajazz.com\/web\/compania-manuel-linan-muerta-de-amor-flamencuras-2026\/","url_meta":{"origin":24029,"position":3},"title":"Compa\u00f1\u00eda Manuel Li\u00f1\u00e1n \u201cMuerta de Amor\u00bb (Teatre Auditori de Granollers -sala gran-, 2026-02-13 \/ Granollers -Barcelona-) Por Joan Cort\u00e8s [Flamencuras AKA INSTANTZZ AKA Galer\u00eda fotogr\u00e1fica AKA Fotoblog de jazz, impro\u2026 y algo m\u00e1s]","author":"Tomajazz","date":"21 marzo, 2026","format":false,"excerpt":"Compa\u00f1\u00eda Manuel Li\u00f1\u00e1n \u201cMuerta de Amor\" actu\u00f3 en el Teatre Auditori de Granollers el 13 de febrero de 2026. Joan Cort\u00e8s lo retrata en las Flamencuras de INSTANTZZ","rel":"","context":"En \u00abFlamencuras\u00bb","block_context":{"text":"Flamencuras","link":"https:\/\/tomajazz.com\/web\/category\/contenidos\/imagenes\/photoblogs\/flamencuras\/"},"img":{"alt_text":"Compa\u00f1\u00eda Manuel Li\u00f1\u00e1n \u201cMuerta de Amor\" (Teatre Auditori de Granollers -sala gran-, 2026-02-13 \/ Granollers -Barcelona-) Por Joan Cort\u00e8s [Flamencuras AKA INSTANTZZ AKA Galer\u00eda fotogr\u00e1fica AKA Fotoblog de jazz, impro\u2026 y algo m\u00e1s] - Tomajazz - Compa\u00f1\u00eda Manuel Li\u00f1\u00e1n \u201cMuerta de Amor\" actu\u00f3 en el Teatre Auditori de Granollers el 13 de febrero de 2026. Joan Cort\u00e8s lo retrata en las Flamencuras de INSTANTZZ","src":"https:\/\/i0.wp.com\/tomajazz.com\/web\/wp-content\/uploads\/2026\/03\/destacada-03-Mnl-Lnn-Photo-by-Joan-Cortes-13fbr26-Ttr-dtr-Grnllrs.jpg?resize=350%2C200&ssl=1","width":350,"height":200,"srcset":"https:\/\/i0.wp.com\/tomajazz.com\/web\/wp-content\/uploads\/2026\/03\/destacada-03-Mnl-Lnn-Photo-by-Joan-Cortes-13fbr26-Ttr-dtr-Grnllrs.jpg?resize=350%2C200&ssl=1 1x, https:\/\/i0.wp.com\/tomajazz.com\/web\/wp-content\/uploads\/2026\/03\/destacada-03-Mnl-Lnn-Photo-by-Joan-Cortes-13fbr26-Ttr-dtr-Grnllrs.jpg?resize=525%2C300&ssl=1 1.5x"},"classes":[]},{"id":103071,"url":"https:\/\/tomajazz.com\/web\/lina-marco-mezquida-o-fado-barcelona-2025\/","url_meta":{"origin":24029,"position":4},"title":"Lina &#038; Marco Mezquida \u201cO Fado\u201d (57\u00e8 Festival de Jazz de Barcelona 2025 \/ Conservatori del Liceu, 2025-11-21 \/ Barcelona) [03] Por Joan Cort\u00e8s [INSTANTZZ AKA Galer\u00eda fotogr\u00e1fica AKA Fotoblog de jazz, impro\u2026 y algo m\u00e1s]","author":"Tomajazz","date":"30 diciembre, 2025","format":false,"excerpt":"Lina & Marco Mezquida \u201cO Fado\u201d actuaron en el 57\u00e8 Festival de Jazz de Barcelona, el 21 de noviembre de 2025. Joan Cort\u00e8s lo retrata en INSTANTZZ","rel":"","context":"En \u00ab57 Festival de Jazz de Barcelona 2025\u00bb","block_context":{"text":"57 Festival de Jazz de Barcelona 2025","link":"https:\/\/tomajazz.com\/web\/category\/contenidos\/especial-contenidos\/57-festival-de-jazz-de-barcelona-2025\/"},"img":{"alt_text":"Lina & Marco Mezquida \u201cO Fado\u201d (59\u00e8 Festival de Jazz de Barcelona \/ Conservatori del Liceu, 2025-11-21 \/ Barcelona) [03] Por Joan Cort\u00e8s [INSTANTZZ AKA Galer\u00eda fotogr\u00e1fica AKA Fotoblog de jazz, impro\u2026 y algo m\u00e1s] - Tomajazz - Lina & Marco Mezquida \u201cO Fado\u201d actuaron en el 59\u00e8 Festival de Jazz de Barcelona, el 21 de noviembre de 2025. Joan Cort\u00e8s lo retrata en INSTANTZZ","src":"https:\/\/i0.wp.com\/tomajazz.com\/web\/wp-content\/uploads\/2025\/12\/destacada-07-Ln-Mrc-Mzqd-Photo-By-Joan-Cortes-21nov25-Cnsrvtr-dl-Lc-59FJBcn.jpg?resize=350%2C200&ssl=1","width":350,"height":200,"srcset":"https:\/\/i0.wp.com\/tomajazz.com\/web\/wp-content\/uploads\/2025\/12\/destacada-07-Ln-Mrc-Mzqd-Photo-By-Joan-Cortes-21nov25-Cnsrvtr-dl-Lc-59FJBcn.jpg?resize=350%2C200&ssl=1 1x, https:\/\/i0.wp.com\/tomajazz.com\/web\/wp-content\/uploads\/2025\/12\/destacada-07-Ln-Mrc-Mzqd-Photo-By-Joan-Cortes-21nov25-Cnsrvtr-dl-Lc-59FJBcn.jpg?resize=525%2C300&ssl=1 1.5x"},"classes":[]},{"id":104591,"url":"https:\/\/tomajazz.com\/web\/marco-mezquida-25cdj-2026\/","url_meta":{"origin":24029,"position":5},"title":"Marco Mezquida (25 aniversario Club de Jazz \/ Jamboree-01, 2026-02-14 \/ Barcelona) [y III] Por Joan Cort\u00e8s [INSTANTZZ AKA Galer\u00eda fotogr\u00e1fica AKA Fotoblog de jazz, impro\u2026 y algo m\u00e1s]","author":"Tomajazz","date":"26 marzo, 2026","format":false,"excerpt":"Marco Mezquida actu\u00f3 en Jamboree en la celebraci\u00f3n CDJ25, el 14 de febrero de 2026. Joan Cort\u00e8s lo retrata en INSTANTZZ","rel":"","context":"En \u00abINSTANTZZ\u00bb","block_context":{"text":"INSTANTZZ","link":"https:\/\/tomajazz.com\/web\/category\/contenidos\/imagenes\/photoblogs\/instantzz\/"},"img":{"alt_text":"Marco Mezquida (25 aniversario Club de Jazz \/ Jamboree-01, 2026-02-14 \/ Barcelona) [y III] Por Joan Cort\u00e8s [INSTANTZZ AKA Galer\u00eda fotogr\u00e1fica AKA Fotoblog de jazz, impro\u2026 y algo m\u00e1s] - Tomajazz - Marco Mezquida actu\u00f3 en Jamboree en la celebraci\u00f3n CDJ25, el 14 de febrero de 2026. Joan Cort\u00e8s lo retrata en INSTANTZZ","src":"https:\/\/i0.wp.com\/tomajazz.com\/web\/wp-content\/uploads\/2026\/03\/destacada-10-Mrc-Mzqd-Photo-by-Joan-Cortes-14fbr26-25CdJ-Jmbrr01-Bcn-.jpg?resize=350%2C200&ssl=1","width":350,"height":200,"srcset":"https:\/\/i0.wp.com\/tomajazz.com\/web\/wp-content\/uploads\/2026\/03\/destacada-10-Mrc-Mzqd-Photo-by-Joan-Cortes-14fbr26-25CdJ-Jmbrr01-Bcn-.jpg?resize=350%2C200&ssl=1 1x, https:\/\/i0.wp.com\/tomajazz.com\/web\/wp-content\/uploads\/2026\/03\/destacada-10-Mrc-Mzqd-Photo-by-Joan-Cortes-14fbr26-25CdJ-Jmbrr01-Bcn-.jpg?resize=525%2C300&ssl=1 1.5x"},"classes":[]}],"_links":{"self":[{"href":"https:\/\/tomajazz.com\/web\/wp-json\/wp\/v2\/posts\/24029","targetHints":{"allow":["GET"]}}],"collection":[{"href":"https:\/\/tomajazz.com\/web\/wp-json\/wp\/v2\/posts"}],"about":[{"href":"https:\/\/tomajazz.com\/web\/wp-json\/wp\/v2\/types\/post"}],"author":[{"embeddable":true,"href":"https:\/\/tomajazz.com\/web\/wp-json\/wp\/v2\/users\/1"}],"replies":[{"embeddable":true,"href":"https:\/\/tomajazz.com\/web\/wp-json\/wp\/v2\/comments?post=24029"}],"version-history":[{"count":1,"href":"https:\/\/tomajazz.com\/web\/wp-json\/wp\/v2\/posts\/24029\/revisions"}],"predecessor-version":[{"id":24040,"href":"https:\/\/tomajazz.com\/web\/wp-json\/wp\/v2\/posts\/24029\/revisions\/24040"}],"wp:featuredmedia":[{"embeddable":true,"href":"https:\/\/tomajazz.com\/web\/wp-json\/wp\/v2\/media\/24039"}],"wp:attachment":[{"href":"https:\/\/tomajazz.com\/web\/wp-json\/wp\/v2\/media?parent=24029"}],"wp:term":[{"taxonomy":"category","embeddable":true,"href":"https:\/\/tomajazz.com\/web\/wp-json\/wp\/v2\/categories?post=24029"},{"taxonomy":"post_tag","embeddable":true,"href":"https:\/\/tomajazz.com\/web\/wp-json\/wp\/v2\/tags?post=24029"}],"curies":[{"name":"wp","href":"https:\/\/api.w.org\/{rel}","templated":true}]}}