{"id":24041,"date":"2016-05-12T11:07:08","date_gmt":"2016-05-12T09:07:08","guid":{"rendered":"http:\/\/www.tomajazz.com\/web\/?p=24041"},"modified":"2016-11-13T16:29:36","modified_gmt":"2016-11-13T15:29:36","slug":"instantzz-joan-vidal-sextet-grabacion-del-disco-revisiting-zarathustra-jazz-club-vilafranca-auditori-de-vinseum-vilafranca-del-penedes-barcelona-2016-02-27","status":"publish","type":"post","link":"https:\/\/tomajazz.com\/web\/instantzz-joan-vidal-sextet-grabacion-del-disco-revisiting-zarathustra-jazz-club-vilafranca-auditori-de-vinseum-vilafranca-del-penedes-barcelona-2016-02-27\/","title":{"rendered":"INSTANTZZ: Joan Vidal Sextet, grabaci\u00f3n del disco \u201cRevisiting Zarathustra\u201d \/ (Jazz Club Vilafranca, Auditori de Vinseum, Vilafranca del Pened\u00e8s -Barcelona-. 2016-02-27)"},"content":{"rendered":"<ul>\n<li>Fecha: S\u00e1bado, 27 de febrero de 2016<\/li>\n<li>Lugar: Jazz Club Vilafranca, Auditori de Vinseum \/ Vilafranca del Pened\u00e8s (Barcelona)<\/li>\n<li>Componentes:<br \/>\nJoan Vidal, bater\u00eda y arreglos<br \/>\nMarco Mezquida, piano<br \/>\nGabriel Amargant, saxo tenor y clarinete<br \/>\nMart\u00ed Serra, saxo tenor y soprano<br \/>\nAdri\u00e0 Plana, guitarra<br \/>\nMiguel Serna, contrabajo<\/li>\n<\/ul>\n<p style=\"text-align: center;\"><img loading=\"lazy\" decoding=\"async\" class=\"aligncenter size-large wp-image-24042\" src=\"http:\/\/www.tomajazz.com\/web\/wp-content\/uploads\/2016\/05\/01_Jn-Vdl-6t-\u00a9Joan-Cort\u00e8s_27feb16_Vnmsm_Vlfrnc-dl-Pnds-600x399.jpg\" alt=\"01_Jn Vdl 6t (\u00a9Joan Cort\u00e8s)_27feb16_Vnmsm_Vlfrnc dl  Pnds\" width=\"600\" height=\"399\" title=\"\" srcset=\"https:\/\/tomajazz.com\/web\/wp-content\/uploads\/2016\/05\/01_Jn-Vdl-6t-\u00a9Joan-Cort\u00e8s_27feb16_Vnmsm_Vlfrnc-dl-Pnds.jpg 600w, https:\/\/tomajazz.com\/web\/wp-content\/uploads\/2016\/05\/01_Jn-Vdl-6t-\u00a9Joan-Cort\u00e8s_27feb16_Vnmsm_Vlfrnc-dl-Pnds-150x100.jpg 150w, https:\/\/tomajazz.com\/web\/wp-content\/uploads\/2016\/05\/01_Jn-Vdl-6t-\u00a9Joan-Cort\u00e8s_27feb16_Vnmsm_Vlfrnc-dl-Pnds-200x133.jpg 200w, https:\/\/tomajazz.com\/web\/wp-content\/uploads\/2016\/05\/01_Jn-Vdl-6t-\u00a9Joan-Cort\u00e8s_27feb16_Vnmsm_Vlfrnc-dl-Pnds-83x55.jpg 83w, https:\/\/tomajazz.com\/web\/wp-content\/uploads\/2016\/05\/01_Jn-Vdl-6t-\u00a9Joan-Cort\u00e8s_27feb16_Vnmsm_Vlfrnc-dl-Pnds-60x40.jpg 60w, https:\/\/tomajazz.com\/web\/wp-content\/uploads\/2016\/05\/01_Jn-Vdl-6t-\u00a9Joan-Cort\u00e8s_27feb16_Vnmsm_Vlfrnc-dl-Pnds-120x80.jpg 120w\" sizes=\"auto, (max-width: 600px) 100vw, 600px\" \/><\/p>\n<p style=\"text-align: center;\"><img loading=\"lazy\" decoding=\"async\" class=\"aligncenter size-large wp-image-24043\" src=\"http:\/\/www.tomajazz.com\/web\/wp-content\/uploads\/2016\/05\/02_Jn-Vdl-6t-\u00a9Joan-Cort\u00e8s_27feb16_Vnmsm_Vlfrnc-dl-Pnds-600x399.jpg\" alt=\"02_Jn Vdl 6t (\u00a9Joan Cort\u00e8s)_27feb16_Vnmsm_Vlfrnc dl  Pnds\" width=\"600\" height=\"399\" title=\"\" srcset=\"https:\/\/tomajazz.com\/web\/wp-content\/uploads\/2016\/05\/02_Jn-Vdl-6t-\u00a9Joan-Cort\u00e8s_27feb16_Vnmsm_Vlfrnc-dl-Pnds.jpg 600w, https:\/\/tomajazz.com\/web\/wp-content\/uploads\/2016\/05\/02_Jn-Vdl-6t-\u00a9Joan-Cort\u00e8s_27feb16_Vnmsm_Vlfrnc-dl-Pnds-150x100.jpg 150w, https:\/\/tomajazz.com\/web\/wp-content\/uploads\/2016\/05\/02_Jn-Vdl-6t-\u00a9Joan-Cort\u00e8s_27feb16_Vnmsm_Vlfrnc-dl-Pnds-200x133.jpg 200w, https:\/\/tomajazz.com\/web\/wp-content\/uploads\/2016\/05\/02_Jn-Vdl-6t-\u00a9Joan-Cort\u00e8s_27feb16_Vnmsm_Vlfrnc-dl-Pnds-83x55.jpg 83w, https:\/\/tomajazz.com\/web\/wp-content\/uploads\/2016\/05\/02_Jn-Vdl-6t-\u00a9Joan-Cort\u00e8s_27feb16_Vnmsm_Vlfrnc-dl-Pnds-60x40.jpg 60w, https:\/\/tomajazz.com\/web\/wp-content\/uploads\/2016\/05\/02_Jn-Vdl-6t-\u00a9Joan-Cort\u00e8s_27feb16_Vnmsm_Vlfrnc-dl-Pnds-120x80.jpg 120w\" sizes=\"auto, (max-width: 600px) 100vw, 600px\" \/><\/p>\n<p style=\"text-align: center;\"><img loading=\"lazy\" decoding=\"async\" class=\"aligncenter size-large wp-image-24044\" src=\"http:\/\/www.tomajazz.com\/web\/wp-content\/uploads\/2016\/05\/03_Jn-Vdl-6t-\u00a9Joan-Cort\u00e8s_27feb16_Vnmsm_Vlfrnc-dl-Pnds-399x600.jpg\" alt=\"03_Jn Vdl 6t (\u00a9Joan Cort\u00e8s)_27feb16_Vnmsm_Vlfrnc dl  Pnds\" width=\"399\" height=\"600\" title=\"\" srcset=\"https:\/\/tomajazz.com\/web\/wp-content\/uploads\/2016\/05\/03_Jn-Vdl-6t-\u00a9Joan-Cort\u00e8s_27feb16_Vnmsm_Vlfrnc-dl-Pnds.jpg 399w, https:\/\/tomajazz.com\/web\/wp-content\/uploads\/2016\/05\/03_Jn-Vdl-6t-\u00a9Joan-Cort\u00e8s_27feb16_Vnmsm_Vlfrnc-dl-Pnds-100x150.jpg 100w, https:\/\/tomajazz.com\/web\/wp-content\/uploads\/2016\/05\/03_Jn-Vdl-6t-\u00a9Joan-Cort\u00e8s_27feb16_Vnmsm_Vlfrnc-dl-Pnds-200x300.jpg 200w, https:\/\/tomajazz.com\/web\/wp-content\/uploads\/2016\/05\/03_Jn-Vdl-6t-\u00a9Joan-Cort\u00e8s_27feb16_Vnmsm_Vlfrnc-dl-Pnds-37x55.jpg 37w\" sizes=\"auto, (max-width: 399px) 100vw, 399px\" \/><\/p>\n<p style=\"text-align: center;\"><img loading=\"lazy\" decoding=\"async\" class=\"aligncenter size-large wp-image-24045\" src=\"http:\/\/www.tomajazz.com\/web\/wp-content\/uploads\/2016\/05\/04_Jn-Vdl-6t-\u00a9Joan-Cort\u00e8s_27feb16_Vnmsm_Vlfrnc-dl-Pnds-399x600.jpg\" alt=\"04_Jn Vdl 6t (\u00a9Joan Cort\u00e8s)_27feb16_Vnmsm_Vlfrnc dl  Pnds\" width=\"399\" height=\"600\" title=\"\" srcset=\"https:\/\/tomajazz.com\/web\/wp-content\/uploads\/2016\/05\/04_Jn-Vdl-6t-\u00a9Joan-Cort\u00e8s_27feb16_Vnmsm_Vlfrnc-dl-Pnds.jpg 399w, https:\/\/tomajazz.com\/web\/wp-content\/uploads\/2016\/05\/04_Jn-Vdl-6t-\u00a9Joan-Cort\u00e8s_27feb16_Vnmsm_Vlfrnc-dl-Pnds-100x150.jpg 100w, https:\/\/tomajazz.com\/web\/wp-content\/uploads\/2016\/05\/04_Jn-Vdl-6t-\u00a9Joan-Cort\u00e8s_27feb16_Vnmsm_Vlfrnc-dl-Pnds-200x300.jpg 200w, https:\/\/tomajazz.com\/web\/wp-content\/uploads\/2016\/05\/04_Jn-Vdl-6t-\u00a9Joan-Cort\u00e8s_27feb16_Vnmsm_Vlfrnc-dl-Pnds-37x55.jpg 37w\" sizes=\"auto, (max-width: 399px) 100vw, 399px\" \/><\/p>\n<p style=\"text-align: center;\"><img loading=\"lazy\" decoding=\"async\" class=\"aligncenter size-large wp-image-24046\" src=\"http:\/\/www.tomajazz.com\/web\/wp-content\/uploads\/2016\/05\/05_Jn-Vdl-6t-\u00a9Joan-Cort\u00e8s_27feb16_Vnmsm_Vlfrnc-dl-Pnds-600x399.jpg\" alt=\"05_Jn Vdl 6t (\u00a9Joan Cort\u00e8s)_27feb16_Vnmsm_Vlfrnc dl  Pnds\" width=\"600\" height=\"399\" title=\"\" srcset=\"https:\/\/tomajazz.com\/web\/wp-content\/uploads\/2016\/05\/05_Jn-Vdl-6t-\u00a9Joan-Cort\u00e8s_27feb16_Vnmsm_Vlfrnc-dl-Pnds.jpg 600w, https:\/\/tomajazz.com\/web\/wp-content\/uploads\/2016\/05\/05_Jn-Vdl-6t-\u00a9Joan-Cort\u00e8s_27feb16_Vnmsm_Vlfrnc-dl-Pnds-150x100.jpg 150w, https:\/\/tomajazz.com\/web\/wp-content\/uploads\/2016\/05\/05_Jn-Vdl-6t-\u00a9Joan-Cort\u00e8s_27feb16_Vnmsm_Vlfrnc-dl-Pnds-200x133.jpg 200w, https:\/\/tomajazz.com\/web\/wp-content\/uploads\/2016\/05\/05_Jn-Vdl-6t-\u00a9Joan-Cort\u00e8s_27feb16_Vnmsm_Vlfrnc-dl-Pnds-83x55.jpg 83w, https:\/\/tomajazz.com\/web\/wp-content\/uploads\/2016\/05\/05_Jn-Vdl-6t-\u00a9Joan-Cort\u00e8s_27feb16_Vnmsm_Vlfrnc-dl-Pnds-60x40.jpg 60w, https:\/\/tomajazz.com\/web\/wp-content\/uploads\/2016\/05\/05_Jn-Vdl-6t-\u00a9Joan-Cort\u00e8s_27feb16_Vnmsm_Vlfrnc-dl-Pnds-120x80.jpg 120w\" sizes=\"auto, (max-width: 600px) 100vw, 600px\" \/><\/p>\n<p style=\"text-align: center;\"><img loading=\"lazy\" decoding=\"async\" class=\"aligncenter size-large wp-image-24047\" src=\"http:\/\/www.tomajazz.com\/web\/wp-content\/uploads\/2016\/05\/06_Jn-Vdl-6t-\u00a9Joan-Cort\u00e8s_27feb16_Vnmsm_Vlfrnc-dl-Pnds-600x399.jpg\" alt=\"06_Jn Vdl 6t (\u00a9Joan Cort\u00e8s)_27feb16_Vnmsm_Vlfrnc dl  Pnds\" width=\"600\" height=\"399\" title=\"\" srcset=\"https:\/\/tomajazz.com\/web\/wp-content\/uploads\/2016\/05\/06_Jn-Vdl-6t-\u00a9Joan-Cort\u00e8s_27feb16_Vnmsm_Vlfrnc-dl-Pnds.jpg 600w, https:\/\/tomajazz.com\/web\/wp-content\/uploads\/2016\/05\/06_Jn-Vdl-6t-\u00a9Joan-Cort\u00e8s_27feb16_Vnmsm_Vlfrnc-dl-Pnds-150x100.jpg 150w, https:\/\/tomajazz.com\/web\/wp-content\/uploads\/2016\/05\/06_Jn-Vdl-6t-\u00a9Joan-Cort\u00e8s_27feb16_Vnmsm_Vlfrnc-dl-Pnds-200x133.jpg 200w, https:\/\/tomajazz.com\/web\/wp-content\/uploads\/2016\/05\/06_Jn-Vdl-6t-\u00a9Joan-Cort\u00e8s_27feb16_Vnmsm_Vlfrnc-dl-Pnds-83x55.jpg 83w, https:\/\/tomajazz.com\/web\/wp-content\/uploads\/2016\/05\/06_Jn-Vdl-6t-\u00a9Joan-Cort\u00e8s_27feb16_Vnmsm_Vlfrnc-dl-Pnds-60x40.jpg 60w, https:\/\/tomajazz.com\/web\/wp-content\/uploads\/2016\/05\/06_Jn-Vdl-6t-\u00a9Joan-Cort\u00e8s_27feb16_Vnmsm_Vlfrnc-dl-Pnds-120x80.jpg 120w\" sizes=\"auto, (max-width: 600px) 100vw, 600px\" \/><\/p>\n<p style=\"text-align: center;\"><img loading=\"lazy\" decoding=\"async\" class=\"aligncenter size-large wp-image-24048\" src=\"http:\/\/www.tomajazz.com\/web\/wp-content\/uploads\/2016\/05\/07_Jn-Vdl-6t-\u00a9Joan-Cort\u00e8s_27feb16_Vnmsm_Vlfrnc-dl-Pnds-399x600.jpg\" alt=\"07_Jn Vdl 6t (\u00a9Joan Cort\u00e8s)_27feb16_Vnmsm_Vlfrnc dl  Pnds\" width=\"399\" height=\"600\" title=\"\" srcset=\"https:\/\/tomajazz.com\/web\/wp-content\/uploads\/2016\/05\/07_Jn-Vdl-6t-\u00a9Joan-Cort\u00e8s_27feb16_Vnmsm_Vlfrnc-dl-Pnds.jpg 399w, https:\/\/tomajazz.com\/web\/wp-content\/uploads\/2016\/05\/07_Jn-Vdl-6t-\u00a9Joan-Cort\u00e8s_27feb16_Vnmsm_Vlfrnc-dl-Pnds-100x150.jpg 100w, https:\/\/tomajazz.com\/web\/wp-content\/uploads\/2016\/05\/07_Jn-Vdl-6t-\u00a9Joan-Cort\u00e8s_27feb16_Vnmsm_Vlfrnc-dl-Pnds-200x300.jpg 200w, https:\/\/tomajazz.com\/web\/wp-content\/uploads\/2016\/05\/07_Jn-Vdl-6t-\u00a9Joan-Cort\u00e8s_27feb16_Vnmsm_Vlfrnc-dl-Pnds-37x55.jpg 37w\" sizes=\"auto, (max-width: 399px) 100vw, 399px\" \/><\/p>\n<p style=\"text-align: center;\"><img loading=\"lazy\" decoding=\"async\" class=\"aligncenter size-large wp-image-24049\" src=\"http:\/\/www.tomajazz.com\/web\/wp-content\/uploads\/2016\/05\/08_Jn-Vdl-6t-\u00a9Joan-Cort\u00e8s_27feb16_Vnmsm_Vlfrnc-dl-Pnds-399x600.jpg\" alt=\"08_Jn Vdl 6t (\u00a9Joan Cort\u00e8s)_27feb16_Vnmsm_Vlfrnc dl  Pnds\" width=\"399\" height=\"600\" title=\"\" srcset=\"https:\/\/tomajazz.com\/web\/wp-content\/uploads\/2016\/05\/08_Jn-Vdl-6t-\u00a9Joan-Cort\u00e8s_27feb16_Vnmsm_Vlfrnc-dl-Pnds.jpg 399w, https:\/\/tomajazz.com\/web\/wp-content\/uploads\/2016\/05\/08_Jn-Vdl-6t-\u00a9Joan-Cort\u00e8s_27feb16_Vnmsm_Vlfrnc-dl-Pnds-100x150.jpg 100w, https:\/\/tomajazz.com\/web\/wp-content\/uploads\/2016\/05\/08_Jn-Vdl-6t-\u00a9Joan-Cort\u00e8s_27feb16_Vnmsm_Vlfrnc-dl-Pnds-200x300.jpg 200w, https:\/\/tomajazz.com\/web\/wp-content\/uploads\/2016\/05\/08_Jn-Vdl-6t-\u00a9Joan-Cort\u00e8s_27feb16_Vnmsm_Vlfrnc-dl-Pnds-37x55.jpg 37w\" sizes=\"auto, (max-width: 399px) 100vw, 399px\" \/><\/p>\n<p style=\"text-align: center;\"><img loading=\"lazy\" decoding=\"async\" class=\"aligncenter size-large wp-image-24050\" src=\"http:\/\/www.tomajazz.com\/web\/wp-content\/uploads\/2016\/05\/09_Jn-Vdl-6t-\u00a9Joan-Cort\u00e8s_27feb16_Vnmsm_Vlfrnc-dl-Pnds-600x399.jpg\" alt=\"09_Jn Vdl 6t (\u00a9Joan Cort\u00e8s)_27feb16_Vnmsm_Vlfrnc dl  Pnds\" width=\"600\" height=\"399\" title=\"\" srcset=\"https:\/\/tomajazz.com\/web\/wp-content\/uploads\/2016\/05\/09_Jn-Vdl-6t-\u00a9Joan-Cort\u00e8s_27feb16_Vnmsm_Vlfrnc-dl-Pnds.jpg 600w, https:\/\/tomajazz.com\/web\/wp-content\/uploads\/2016\/05\/09_Jn-Vdl-6t-\u00a9Joan-Cort\u00e8s_27feb16_Vnmsm_Vlfrnc-dl-Pnds-150x100.jpg 150w, https:\/\/tomajazz.com\/web\/wp-content\/uploads\/2016\/05\/09_Jn-Vdl-6t-\u00a9Joan-Cort\u00e8s_27feb16_Vnmsm_Vlfrnc-dl-Pnds-200x133.jpg 200w, https:\/\/tomajazz.com\/web\/wp-content\/uploads\/2016\/05\/09_Jn-Vdl-6t-\u00a9Joan-Cort\u00e8s_27feb16_Vnmsm_Vlfrnc-dl-Pnds-83x55.jpg 83w, https:\/\/tomajazz.com\/web\/wp-content\/uploads\/2016\/05\/09_Jn-Vdl-6t-\u00a9Joan-Cort\u00e8s_27feb16_Vnmsm_Vlfrnc-dl-Pnds-60x40.jpg 60w, https:\/\/tomajazz.com\/web\/wp-content\/uploads\/2016\/05\/09_Jn-Vdl-6t-\u00a9Joan-Cort\u00e8s_27feb16_Vnmsm_Vlfrnc-dl-Pnds-120x80.jpg 120w\" sizes=\"auto, (max-width: 600px) 100vw, 600px\" \/><\/p>\n<p style=\"text-align: right;\">\u00a9 Joan Cort\u00e8s, 2016<\/p>\n","protected":false},"excerpt":{"rendered":"<p>Fecha: S\u00e1bado, 27 de febrero de 2016 Lugar: Jazz Club Vilafranca, Auditori de Vinseum \/ Vilafranca del Pened\u00e8s (Barcelona) Componentes: Joan Vidal, bater\u00eda y arreglos Marco Mezquida, piano Gabriel Amargant, saxo tenor y clarinete Mart\u00ed Serra, saxo tenor y soprano Adri\u00e0 Plana, guitarra Miguel Serna, contrabajo \u00a9 Joan Cort\u00e8s, 2016<span class=\"more-link\"><a href=\"https:\/\/tomajazz.com\/web\/instantzz-joan-vidal-sextet-grabacion-del-disco-revisiting-zarathustra-jazz-club-vilafranca-auditori-de-vinseum-vilafranca-del-penedes-barcelona-2016-02-27\/\">Contin\u00faa leyendo<\/a><\/span><\/p>\n","protected":false},"author":1,"featured_media":24050,"comment_status":"open","ping_status":"closed","sticky":false,"template":"","format":"standard","meta":{"jetpack_post_was_ever_published":false,"_jetpack_newsletter_access":"","_jetpack_dont_email_post_to_subs":true,"_jetpack_newsletter_tier_id":0,"_jetpack_memberships_contains_paywalled_content":false,"_jetpack_memberships_contains_paid_content":false,"footnotes":""},"categories":[17853,11262,15516,11261,1038],"tags":[1170,15656,12656,12796,12755,15318,15317,1169,15655,15275,15654,11263,13,15902,12415,15295,1041,1168,1171,15710,1151,99,1137,12657,16099,77,16100],"class_list":["entry","author-pachi","post-24041","post","type-post","status-publish","format-standard","has-post-thumbnail","category-joan-cortes","category-photoblogs","category-imagenes","category-instantzz","category-contenidos","tag-adria-plana","tag-foto-galeria-de-jazz","tag-fotoblog","tag-fotografia-de-jazz","tag-fotografias-de-jazz","tag-fotografos-de-jazz","tag-fotos-de-jazz","tag-gabriel-amargant","tag-galeria-de-fotos-de-jazz","tag-galeria-fotografica","tag-galeria-fotografica-de-jazz","tag-instantzz-2","tag-jazz","tag-jazz-club-vilafranca-auditori-de-vinseum-vilafranca-del-penedes-barcelona","tag-jazz-en-espana","tag-jazz-en-espanol","tag-joan-cortes","tag-joan-vidal","tag-joan-vidal-sextet","tag-la-actualidad-del-jazz-en-espana","tag-marco-mezquida","tag-marti-serra","tag-miguel-serna","tag-photoblog","tag-toma-jazz","tag-tomajazz","tag-tomajazz-toma-jazz"],"jetpack_featured_media_url":"https:\/\/tomajazz.com\/web\/wp-content\/uploads\/2016\/05\/09_Jn-Vdl-6t-\u00a9Joan-Cort\u00e8s_27feb16_Vnmsm_Vlfrnc-dl-Pnds.jpg","jetpack_likes_enabled":true,"jetpack_sharing_enabled":true,"jetpack-related-posts":[{"id":64568,"url":"https:\/\/tomajazz.com\/web\/marco-mezquida-piano-solo-1r-festival-nu-vinseum-vilafranca-del-penedes-barcelona-2022-05-21-por-joan-cortes-instantzz-aka-galeria-fotografica-aka-fotoblog-de-jazz-impro\/","url_meta":{"origin":24041,"position":0},"title":"Marco Mezquida \u201cPiano Solo\u201d (1r Festival Nu \/ Vinseum, Vilafranca del Pened\u00e8s -Barcelona-. 2022-05-21) Por Joan Cort\u00e8s [INSTANTZZ AKA Galer\u00eda fotogr\u00e1fica AKA Fotoblog de jazz, impro\u2026 y algo m\u00e1s]","author":"Tomajazz","date":"12 julio, 2022","format":false,"excerpt":"En INSTANTZZ una galer\u00eda de Marco Mezquida \u201cPiano Solo\u201d en la primera edici\u00f3n del Festival Nu \/ Vinseum celebrado en Vilafranca del Pened\u00e8s. Joan Cort\u00e8s es el autor de las im\u00e1genes.","rel":"","context":"En \u00ab*_Joan Cort\u00e8s\u00bb","block_context":{"text":"*_Joan Cort\u00e8s","link":"https:\/\/tomajazz.com\/web\/category\/joan-cortes\/"},"img":{"alt_text":"Marco Mezquida \u201cPiano Solo\u201d (1r Festival Nu \/ Vinseum, Vilafranca del Pened\u00e8s -Barcelona-. 2022-05-21) Por Joan Cort\u00e8s [INSTANTZZ AKA Galer\u00eda fotogr\u00e1fica AKA Fotoblog de jazz, impro\u2026 y algo m\u00e1s]","src":"https:\/\/i0.wp.com\/tomajazz.com\/web\/wp-content\/uploads\/2022\/07\/02_Mrc-Mzqd-ps-%C2%A9Joan-Cortes_18mg18_1FN_Vnsm_VdP.jpg?resize=350%2C200&ssl=1","width":350,"height":200,"srcset":"https:\/\/i0.wp.com\/tomajazz.com\/web\/wp-content\/uploads\/2022\/07\/02_Mrc-Mzqd-ps-%C2%A9Joan-Cortes_18mg18_1FN_Vnsm_VdP.jpg?resize=350%2C200&ssl=1 1x, https:\/\/i0.wp.com\/tomajazz.com\/web\/wp-content\/uploads\/2022\/07\/02_Mrc-Mzqd-ps-%C2%A9Joan-Cortes_18mg18_1FN_Vnsm_VdP.jpg?resize=525%2C300&ssl=1 1.5x"},"classes":[]},{"id":103926,"url":"https:\/\/tomajazz.com\/web\/chano-dominguez-sextet-girona-2025\/","url_meta":{"origin":24041,"position":1},"title":"Chano Dom\u00ednguez Sextet &#038; Girona Jazz Project Big Band \u201cDe Cai a New Orleans\u201d (Auditori de Girona, 2025-12-13 \/ Girona) Por Joan Cort\u00e8s [INSTANTZZ AKA Galer\u00eda fotogr\u00e1fica AKA Fotoblog de jazz, impro\u2026 y algo m\u00e1s]","author":"Tomajazz","date":"8 febrero, 2026","format":false,"excerpt":"Chano Dom\u00ednguez Sextet & Girona Jazz Project Big Band \u201cDe Cai a New Orleans\u201d actu\u00f3 el 13 de diciembre de 2025 en el Auditori de Girona. Joan Cort\u00e8s lo retrata en INSTANTZZ. Actuaron Chano Dom\u00ednguez, Marc Miralta, Manel Forti\u00e0, Mosquito, Blas C\u00f3rdoba \u201cEl Kej\u00edo\u201d, Ni\u00f1o de los Reyes","rel":"","context":"En \u00ab*_Joan Cort\u00e8s\u00bb","block_context":{"text":"*_Joan Cort\u00e8s","link":"https:\/\/tomajazz.com\/web\/category\/joan-cortes\/"},"img":{"alt_text":"Chano Dom\u00ednguez Sextet & Girona Jazz Project Big Band \u201cDe Cai a New Orleans\u201d (Auditori de Girona, 2025-12-13 \/ Girona) Por Joan Cort\u00e8s [INSTANTZZ AKA Galer\u00eda fotogr\u00e1fica AKA Fotoblog de jazz, impro\u2026 y algo m\u00e1s] - Tomajazz - Chano Dom\u00ednguez Sextet & Girona Jazz Project Big Band \u201cDe Cai a New Orleans\u201d actu\u00f3 el 13 de diciembre de 2025 en el Auditori de Girona. Joan Cort\u00e8s lo retrata en INSTANTZZ. Actuaron Chano Dom\u00ednguez, Marc Miralta, Manel Forti\u00e0, Mosquito, Blas C\u00f3rdoba \u201cEl Kej\u00edo\u201d, Ni\u00f1o de los Reyes\n","src":"https:\/\/i0.wp.com\/tomajazz.com\/web\/wp-content\/uploads\/2026\/02\/destacado-10-ChD6-GJPBB-Photo-By-Joan-Cortes-13dsm25-dtr-Grn-.jpg?resize=350%2C200&ssl=1","width":350,"height":200,"srcset":"https:\/\/i0.wp.com\/tomajazz.com\/web\/wp-content\/uploads\/2026\/02\/destacado-10-ChD6-GJPBB-Photo-By-Joan-Cortes-13dsm25-dtr-Grn-.jpg?resize=350%2C200&ssl=1 1x, https:\/\/i0.wp.com\/tomajazz.com\/web\/wp-content\/uploads\/2026\/02\/destacado-10-ChD6-GJPBB-Photo-By-Joan-Cortes-13dsm25-dtr-Grn-.jpg?resize=525%2C300&ssl=1 1.5x"},"classes":[]},{"id":104657,"url":"https:\/\/tomajazz.com\/web\/joan-sanmarti-5t-36-jazz-granollers-2026\/","url_meta":{"origin":24041,"position":2},"title":"Joan Sanmart\u00ed 5t (36\u00e8 Jazz Granollers Festival 2026\/ Casino, 2026-02-20 \/ Granollers -Barcelona-) [I] Por Joan Cort\u00e8s [INSTANTZZ AKA Galer\u00eda fotogr\u00e1fica AKA Fotoblog de jazz, impro\u2026 y algo m\u00e1s]","author":"Tomajazz","date":"2 abril, 2026","format":false,"excerpt":"Joan Sanmart\u00ed 5t actu\u00f3 en el 36\u00e8 Jazz Granollers Festival 2026, el 20 de febrero de 2026. Joan Cort\u00e8s lo retrata en INSTANTZZ. Joan Sanmart\u00ed 5t son Joan Sanmart\u00ed, Gabriel Amargant, Pau Dom\u00e8nech, Marc Cuevas, Joan Vidal","rel":"","context":"En \u00ab36 Jazz Granollers Festival 2026\u00bb","block_context":{"text":"36 Jazz Granollers Festival 2026","link":"https:\/\/tomajazz.com\/web\/category\/contenidos\/especial-contenidos\/36-jazz-granollers-festival-2026\/"},"img":{"alt_text":"Joan Sanmart\u00ed 5t (36\u00e8 Jazz Granollers Festival 2026\/ Casino, 2026-02-20 \/ Granollers -Barcelona-) [I] Por Joan Cort\u00e8s [INSTANTZZ AKA Galer\u00eda fotogr\u00e1fica AKA Fotoblog de jazz, impro\u2026 y algo m\u00e1s] - Tomajazz - Joan Sanmart\u00ed 5t actu\u00f3 en el 36\u00e8 Jazz Granollers Festival 2026, el 20 de febrero de 2026. Joan Cort\u00e8s lo retrata en INSTANTZZ. Joan Sanmart\u00ed 5t son Joan Sanmart\u00ed, Gabriel Amargant, Pau Dom\u00e8nech, Marc Cuevas, Joan Vidal\n","src":"https:\/\/i0.wp.com\/tomajazz.com\/web\/wp-content\/uploads\/2026\/04\/destacada-09-Jn-Snmrt-5t-Photo-By-Joan-Cortes-20fbr26-36FJG-Csn-Grn.jpg?resize=350%2C200&ssl=1","width":350,"height":200},"classes":[]},{"id":104436,"url":"https:\/\/tomajazz.com\/web\/juanma-trujillo-baldo-martinez-cdj25-2026\/","url_meta":{"origin":24041,"position":3},"title":"Juanma Trujillo &#038; Baldo Mart\u00ednez (25 aniversario Club de Jazz \/ Jamboree-01, 2026-02-14 \/ Barcelona) [I] Por Joan Cort\u00e8s [INSTANTZZ AKA Galer\u00eda fotogr\u00e1fica AKA Fotoblog de jazz, impro\u2026 y algo m\u00e1s]","author":"Tomajazz","date":"17 marzo, 2026","format":false,"excerpt":"Juanma Trujillo & Baldo Mart\u00ednez actuaron en Jamboree en el 25 aniversario de Club de Jazz. Joan Cort\u00e8s lo retrata en INSTANTZZ","rel":"","context":"En \u00ab*_Joan Cort\u00e8s\u00bb","block_context":{"text":"*_Joan Cort\u00e8s","link":"https:\/\/tomajazz.com\/web\/category\/joan-cortes\/"},"img":{"alt_text":"Juanma Trujillo & Baldo Mart\u00ednez (25 aniversario Club de Jazz \/ Jamboree-01, 2026-02-14 \/ Barcelona) [I] Por Joan Cort\u00e8s [INSTANTZZ AKA Galer\u00eda fotogr\u00e1fica AKA Fotoblog de jazz, impro\u2026 y algo m\u00e1s] - Tomajazz - Juanma Trujillo & Baldo Mart\u00ednez actuaron en Jamboree en el 25 aniversario de Club de Jazz. Joan Cort\u00e8s lo retrata en INSTANTZZ","src":"https:\/\/i0.wp.com\/tomajazz.com\/web\/wp-content\/uploads\/2026\/03\/destacada-11-Jnm-Trjll-Bld-Mrtnz-Photo-by-Joan-Cortes-14fbr26-25nCdJ-Jmbr01-Bcn.jpg?resize=350%2C200&ssl=1","width":350,"height":200,"srcset":"https:\/\/i0.wp.com\/tomajazz.com\/web\/wp-content\/uploads\/2026\/03\/destacada-11-Jnm-Trjll-Bld-Mrtnz-Photo-by-Joan-Cortes-14fbr26-25nCdJ-Jmbr01-Bcn.jpg?resize=350%2C200&ssl=1 1x, https:\/\/i0.wp.com\/tomajazz.com\/web\/wp-content\/uploads\/2026\/03\/destacada-11-Jnm-Trjll-Bld-Mrtnz-Photo-by-Joan-Cortes-14fbr26-25nCdJ-Jmbr01-Bcn.jpg?resize=525%2C300&ssl=1 1.5x"},"classes":[]},{"id":104591,"url":"https:\/\/tomajazz.com\/web\/marco-mezquida-25cdj-2026\/","url_meta":{"origin":24041,"position":4},"title":"Marco Mezquida (25 aniversario Club de Jazz \/ Jamboree-01, 2026-02-14 \/ Barcelona) [y III] Por Joan Cort\u00e8s [INSTANTZZ AKA Galer\u00eda fotogr\u00e1fica AKA Fotoblog de jazz, impro\u2026 y algo m\u00e1s]","author":"Tomajazz","date":"26 marzo, 2026","format":false,"excerpt":"Marco Mezquida actu\u00f3 en Jamboree en la celebraci\u00f3n CDJ25, el 14 de febrero de 2026. Joan Cort\u00e8s lo retrata en INSTANTZZ","rel":"","context":"En \u00abINSTANTZZ\u00bb","block_context":{"text":"INSTANTZZ","link":"https:\/\/tomajazz.com\/web\/category\/contenidos\/imagenes\/photoblogs\/instantzz\/"},"img":{"alt_text":"Marco Mezquida (25 aniversario Club de Jazz \/ Jamboree-01, 2026-02-14 \/ Barcelona) [y III] Por Joan Cort\u00e8s [INSTANTZZ AKA Galer\u00eda fotogr\u00e1fica AKA Fotoblog de jazz, impro\u2026 y algo m\u00e1s] - Tomajazz - Marco Mezquida actu\u00f3 en Jamboree en la celebraci\u00f3n CDJ25, el 14 de febrero de 2026. Joan Cort\u00e8s lo retrata en INSTANTZZ","src":"https:\/\/i0.wp.com\/tomajazz.com\/web\/wp-content\/uploads\/2026\/03\/destacada-10-Mrc-Mzqd-Photo-by-Joan-Cortes-14fbr26-25CdJ-Jmbrr01-Bcn-.jpg?resize=350%2C200&ssl=1","width":350,"height":200,"srcset":"https:\/\/i0.wp.com\/tomajazz.com\/web\/wp-content\/uploads\/2026\/03\/destacada-10-Mrc-Mzqd-Photo-by-Joan-Cortes-14fbr26-25CdJ-Jmbrr01-Bcn-.jpg?resize=350%2C200&ssl=1 1x, https:\/\/i0.wp.com\/tomajazz.com\/web\/wp-content\/uploads\/2026\/03\/destacada-10-Mrc-Mzqd-Photo-by-Joan-Cortes-14fbr26-25CdJ-Jmbrr01-Bcn-.jpg?resize=525%2C300&ssl=1 1.5x"},"classes":[]},{"id":104518,"url":"https:\/\/tomajazz.com\/web\/agusti-fernandez-sonia-sanchez-lucia-martinez-cdj25-2026\/","url_meta":{"origin":24041,"position":5},"title":"Agust\u00ed Fern\u00e1ndez, S\u00f2nia S\u00e1nchez &#038; Luc\u00eda Mart\u00ednez (25 aniversario Club de Jazz \/ Jamboree-01, 2026-02-14 \/ Barcelona) [II] Por Joan Cort\u00e8s [INSTANTZZ AKA Galer\u00eda fotogr\u00e1fica AKA Fotoblog de jazz, impro\u2026 y algo m\u00e1s]","author":"Tomajazz","date":"22 marzo, 2026","format":false,"excerpt":"Agust\u00ed Fern\u00e1ndez, S\u00f2nia S\u00e1nchez & Luc\u00eda Mart\u00ednez actuaron en Jamboree, Barcelona, en el 25 aniversario de CDJ. Joan Cort\u00e8s lo retrata en INSTANTZZ","rel":"","context":"En \u00ab*_Joan Cort\u00e8s\u00bb","block_context":{"text":"*_Joan Cort\u00e8s","link":"https:\/\/tomajazz.com\/web\/category\/joan-cortes\/"},"img":{"alt_text":"Agust\u00ed Fern\u00e1ndez, S\u00f2nia S\u00e1nchez & Luc\u00eda Mart\u00ednez (25 aniversario Club de Jazz \/ Jamboree-01, 2026-02-14 \/ Barcelona) [II] Por Joan Cort\u00e8s [INSTANTZZ AKA Galer\u00eda fotogr\u00e1fica AKA Fotoblog de jazz, impro\u2026 y algo m\u00e1s] - Tomajazz - Agust\u00ed Fern\u00e1ndez, S\u00f2nia S\u00e1nchez & Luc\u00eda Mart\u00ednez actuaron en Jamboree, Barcelona, en el 25 aniversario de CDJ. Joan Cort\u00e8s lo retrata en INSTANTZZ","src":"https:\/\/i0.wp.com\/tomajazz.com\/web\/wp-content\/uploads\/2026\/03\/destacada-07-Frnndz-Snchz-Mrtnz-Photo-by-Joan-Cortes-14fbr26-25nCdJ-Jmbr-Bcn.jpg?resize=350%2C200&ssl=1","width":350,"height":200,"srcset":"https:\/\/i0.wp.com\/tomajazz.com\/web\/wp-content\/uploads\/2026\/03\/destacada-07-Frnndz-Snchz-Mrtnz-Photo-by-Joan-Cortes-14fbr26-25nCdJ-Jmbr-Bcn.jpg?resize=350%2C200&ssl=1 1x, https:\/\/i0.wp.com\/tomajazz.com\/web\/wp-content\/uploads\/2026\/03\/destacada-07-Frnndz-Snchz-Mrtnz-Photo-by-Joan-Cortes-14fbr26-25nCdJ-Jmbr-Bcn.jpg?resize=525%2C300&ssl=1 1.5x"},"classes":[]}],"_links":{"self":[{"href":"https:\/\/tomajazz.com\/web\/wp-json\/wp\/v2\/posts\/24041","targetHints":{"allow":["GET"]}}],"collection":[{"href":"https:\/\/tomajazz.com\/web\/wp-json\/wp\/v2\/posts"}],"about":[{"href":"https:\/\/tomajazz.com\/web\/wp-json\/wp\/v2\/types\/post"}],"author":[{"embeddable":true,"href":"https:\/\/tomajazz.com\/web\/wp-json\/wp\/v2\/users\/1"}],"replies":[{"embeddable":true,"href":"https:\/\/tomajazz.com\/web\/wp-json\/wp\/v2\/comments?post=24041"}],"version-history":[{"count":1,"href":"https:\/\/tomajazz.com\/web\/wp-json\/wp\/v2\/posts\/24041\/revisions"}],"predecessor-version":[{"id":24051,"href":"https:\/\/tomajazz.com\/web\/wp-json\/wp\/v2\/posts\/24041\/revisions\/24051"}],"wp:featuredmedia":[{"embeddable":true,"href":"https:\/\/tomajazz.com\/web\/wp-json\/wp\/v2\/media\/24050"}],"wp:attachment":[{"href":"https:\/\/tomajazz.com\/web\/wp-json\/wp\/v2\/media?parent=24041"}],"wp:term":[{"taxonomy":"category","embeddable":true,"href":"https:\/\/tomajazz.com\/web\/wp-json\/wp\/v2\/categories?post=24041"},{"taxonomy":"post_tag","embeddable":true,"href":"https:\/\/tomajazz.com\/web\/wp-json\/wp\/v2\/tags?post=24041"}],"curies":[{"name":"wp","href":"https:\/\/api.w.org\/{rel}","templated":true}]}}