{"id":24228,"date":"2016-05-20T11:07:49","date_gmt":"2016-05-20T09:07:49","guid":{"rendered":"http:\/\/www.tomajazz.com\/web\/?p=24228"},"modified":"2016-11-13T16:29:33","modified_gmt":"2016-11-13T15:29:33","slug":"26e-jazz-festival-granollers-y-ii-19-26-de-febrero-de-2016-casino-club-de-ritme-granollers-barcelona","status":"publish","type":"post","link":"https:\/\/tomajazz.com\/web\/26e-jazz-festival-granollers-y-ii-19-26-de-febrero-de-2016-casino-club-de-ritme-granollers-barcelona\/","title":{"rendered":"26\u00e8 Jazz Festival Granollers \u2013y II- (19-26 de febrero de 2016, Casino Club de Ritme, Granollers \u2013Barcelona-)"},"content":{"rendered":"<p><strong>26\u00e8 Jazz Festival Granollers<\/strong><br \/>\n<strong>Bridges Trio amb JazzGranollers Ensemble featuring Nicolas Masson<\/strong><\/p>\n<ul>\n<li>Fecha: Viernes, 19 de febrero de 2016<\/li>\n<li>Lugar: Casino Club de Ritme (Granollers)<\/li>\n<li>Componentes:<br \/>\nGuillem Callej\u00f3n, guitarra, efectos y composiciones<br \/>\nDimas Corbera, contrabajo y composiciones<br \/>\nAlfons Bertran, bater\u00eda y composiciones<br \/>\nNicolas Masson, saxo tenor<br \/>\n\u00c0lex Mart\u00ednez, piano ac\u00fastico, <em>Fender Rhodes<\/em> y arreglos<br \/>\nCarlota Amarg\u00f3s, viol\u00edn<br \/>\nAnna Fern\u00e1ndez, viol\u00edn<br \/>\nQuim Badia, viola<br \/>\nJordi Claret, violonchelo<\/li>\n<\/ul>\n<p><strong>Pau Figueres<\/strong><\/p>\n<ul>\n<li>Fecha: Jueves, 25 de febrero de 2016<\/li>\n<li>Lugar: Casino Club de Ritme (Granollers)<\/li>\n<li>Componente:<br \/>\nPau Figueres, guitarra ac\u00fastica<br \/>\nArnau Figueres, caj\u00f3n (en algunos temas)<\/li>\n<\/ul>\n<p><strong>Memoria Uno<\/strong><\/p>\n<ul>\n<li>Fecha: Viernes, 26 de febrero de 2016<\/li>\n<li>Lugar: Casino Club de Ritme (Granollers)<\/li>\n<li>Componentes:<br \/>\nIv\u00e1n Gonz\u00e1lez, conducci\u00f3n<br \/>\nAgust\u00ed Fern\u00e1ndez, piano<br \/>\nJohannes N\u00e4stesj\u00f6, contrabajo<br \/>\n\u00c0lex Reviriego, contrabajo<br \/>\nPablo Rega, guitarra<br \/>\nChrister Both\u00e9n, clarinete bajo<br \/>\nTom Chant, saxo tenor y soprano<br \/>\nJuli\u00e1n S\u00e1nchez, trompeta<br \/>\nPol Padr\u00f3s, trompeta<br \/>\nAlbert Cirera, saxo tenor<br \/>\nAlfonso M\u00fa\u00f1oz, saxo bar\u00edtono<br \/>\nN\u00faria Andorr\u00e0, percusi\u00f3n<br \/>\nOriol Roca, bater\u00eda<br \/>\nRamon Prats, bater\u00eda<br \/>\nS\u00f2nia S\u00e1nchez, baile<\/li>\n<\/ul>\n<p>Comentario:<\/p>\n<p style=\"text-align: justify;\">The Bridges Trio hab\u00eda grabado recientemente la maqueta para su cuarto trabajo discogr\u00e1fico, regresando a su formato inicial, a tr\u00edo sin colaboraciones, tal como hizo con su \u00f3pera prima <em>Bridges<\/em> (2011). Para su segundo trabajo, <em>Mans<\/em> (2011), cont\u00f3 con la colaboraci\u00f3n del guitarrista David Soler, y para el tercero <em>South Lamar Boulevard<\/em> (2013), lo hicieron con <a href=\"http:\/\/www.tomajazz.com\/web\/?p=23816\" target=\"_blank\">el saxofonista Chris Cheek<\/a> y nuevamente con Soler.<\/p>\n<p style=\"text-align: center;\"><em><img loading=\"lazy\" decoding=\"async\" class=\"aligncenter size-large wp-image-24230\" src=\"http:\/\/www.tomajazz.com\/web\/wp-content\/uploads\/2016\/05\/01_Brdgs-Tr-JGE-Ncls-Mssn-\u00a9Joan-Cort\u00e8s_19feb16_Csn_26JFGrnllrs-600x399.jpg\" alt=\"01_Brdgs Tr JGE Ncls Mssn (\u00a9Joan Cort\u00e8s)_19feb16_Csn_26JFGrnllrs\" width=\"600\" height=\"399\" title=\"\" srcset=\"https:\/\/tomajazz.com\/web\/wp-content\/uploads\/2016\/05\/01_Brdgs-Tr-JGE-Ncls-Mssn-\u00a9Joan-Cort\u00e8s_19feb16_Csn_26JFGrnllrs.jpg 600w, https:\/\/tomajazz.com\/web\/wp-content\/uploads\/2016\/05\/01_Brdgs-Tr-JGE-Ncls-Mssn-\u00a9Joan-Cort\u00e8s_19feb16_Csn_26JFGrnllrs-150x100.jpg 150w, https:\/\/tomajazz.com\/web\/wp-content\/uploads\/2016\/05\/01_Brdgs-Tr-JGE-Ncls-Mssn-\u00a9Joan-Cort\u00e8s_19feb16_Csn_26JFGrnllrs-200x133.jpg 200w, https:\/\/tomajazz.com\/web\/wp-content\/uploads\/2016\/05\/01_Brdgs-Tr-JGE-Ncls-Mssn-\u00a9Joan-Cort\u00e8s_19feb16_Csn_26JFGrnllrs-83x55.jpg 83w, https:\/\/tomajazz.com\/web\/wp-content\/uploads\/2016\/05\/01_Brdgs-Tr-JGE-Ncls-Mssn-\u00a9Joan-Cort\u00e8s_19feb16_Csn_26JFGrnllrs-60x40.jpg 60w, https:\/\/tomajazz.com\/web\/wp-content\/uploads\/2016\/05\/01_Brdgs-Tr-JGE-Ncls-Mssn-\u00a9Joan-Cort\u00e8s_19feb16_Csn_26JFGrnllrs-120x80.jpg 120w\" sizes=\"auto, (max-width: 600px) 100vw, 600px\" \/><br \/>\n<\/em><\/p>\n<p style=\"text-align: justify;\">Los responsables del Festival de Jazz de Granollers para su 26\u00aa edici\u00f3n, la de este 2016, les invitaron a presentar su nuevo material con el cuarteto de cuerda JazzGranollers Ensemble y el pianista, compositor y arreglista Alex Mart\u00ednez, adem\u00e1s del saxofonista suizo Nicolas Masson \u2013actualmente tiene grabados dos discos en el sello ECM con Third Reel-. El tr\u00edo finalmente se reconvirti\u00f3 en noneto para la presentaci\u00f3n de sus nuevos temas en el casino de la capital vallesana oriental.<\/p>\n<p style=\"text-align: center;\"><em><img loading=\"lazy\" decoding=\"async\" class=\"aligncenter size-large wp-image-24231\" src=\"http:\/\/www.tomajazz.com\/web\/wp-content\/uploads\/2016\/05\/02_Brdgs-Tr-JGE-Ncls-Mssn-\u00a9Joan-Cort\u00e8s_19feb16_Csn_26JFGrnllrs-600x399.jpg\" alt=\"02_Brdgs Tr JGE Ncls Mssn (\u00a9Joan Cort\u00e8s)_19feb16_Csn_26JFGrnllrs\" width=\"600\" height=\"399\" title=\"\" srcset=\"https:\/\/tomajazz.com\/web\/wp-content\/uploads\/2016\/05\/02_Brdgs-Tr-JGE-Ncls-Mssn-\u00a9Joan-Cort\u00e8s_19feb16_Csn_26JFGrnllrs.jpg 600w, https:\/\/tomajazz.com\/web\/wp-content\/uploads\/2016\/05\/02_Brdgs-Tr-JGE-Ncls-Mssn-\u00a9Joan-Cort\u00e8s_19feb16_Csn_26JFGrnllrs-150x100.jpg 150w, https:\/\/tomajazz.com\/web\/wp-content\/uploads\/2016\/05\/02_Brdgs-Tr-JGE-Ncls-Mssn-\u00a9Joan-Cort\u00e8s_19feb16_Csn_26JFGrnllrs-200x133.jpg 200w, https:\/\/tomajazz.com\/web\/wp-content\/uploads\/2016\/05\/02_Brdgs-Tr-JGE-Ncls-Mssn-\u00a9Joan-Cort\u00e8s_19feb16_Csn_26JFGrnllrs-83x55.jpg 83w, https:\/\/tomajazz.com\/web\/wp-content\/uploads\/2016\/05\/02_Brdgs-Tr-JGE-Ncls-Mssn-\u00a9Joan-Cort\u00e8s_19feb16_Csn_26JFGrnllrs-60x40.jpg 60w, https:\/\/tomajazz.com\/web\/wp-content\/uploads\/2016\/05\/02_Brdgs-Tr-JGE-Ncls-Mssn-\u00a9Joan-Cort\u00e8s_19feb16_Csn_26JFGrnllrs-120x80.jpg 120w\" sizes=\"auto, (max-width: 600px) 100vw, 600px\" \/><br \/>\n<\/em><\/p>\n<p style=\"text-align: justify;\">Un trabajo constituido por doce temas in\u00e9ditos. Cada miembro del tr\u00edo aport\u00f3 cuatro composiciones. Cabe destacar el notable encaje del saxofonista tenor como si se tratara del cuarto componente natural de la banda.<\/p>\n<p style=\"text-align: justify;\">Los arreglos, de Alex Mart\u00ednez, escritos espec\u00edficamente para la ocasi\u00f3n, generaron una osmosis remarcable, resultando fluidos en total coherencia con las composiciones, ni forzados ni edulcorados. En palabras de Dimas Corbera, contrabajista de la banda y responsable de las presentaciones, \u201calgunos temas han quedado con la idea inicial y otros han sido transfigurados plenamente\u201d.<\/p>\n<p style=\"text-align: center;\"><em><img loading=\"lazy\" decoding=\"async\" class=\"aligncenter size-large wp-image-24232\" src=\"http:\/\/www.tomajazz.com\/web\/wp-content\/uploads\/2016\/05\/03_Brdgs-Tr-JGE-Ncls-Mssn-\u00a9Joan-Cort\u00e8s_19feb16_Csn_26JFGrnllrs-399x600.jpg\" alt=\"03_Brdgs Tr JGE Ncls Mssn (\u00a9Joan Cort\u00e8s)_19feb16_Csn_26JFGrnllrs\" width=\"399\" height=\"600\" title=\"\" srcset=\"https:\/\/tomajazz.com\/web\/wp-content\/uploads\/2016\/05\/03_Brdgs-Tr-JGE-Ncls-Mssn-\u00a9Joan-Cort\u00e8s_19feb16_Csn_26JFGrnllrs.jpg 399w, https:\/\/tomajazz.com\/web\/wp-content\/uploads\/2016\/05\/03_Brdgs-Tr-JGE-Ncls-Mssn-\u00a9Joan-Cort\u00e8s_19feb16_Csn_26JFGrnllrs-100x150.jpg 100w, https:\/\/tomajazz.com\/web\/wp-content\/uploads\/2016\/05\/03_Brdgs-Tr-JGE-Ncls-Mssn-\u00a9Joan-Cort\u00e8s_19feb16_Csn_26JFGrnllrs-200x300.jpg 200w, https:\/\/tomajazz.com\/web\/wp-content\/uploads\/2016\/05\/03_Brdgs-Tr-JGE-Ncls-Mssn-\u00a9Joan-Cort\u00e8s_19feb16_Csn_26JFGrnllrs-37x55.jpg 37w\" sizes=\"auto, (max-width: 399px) 100vw, 399px\" \/><br \/>\n<\/em><\/p>\n<p style=\"text-align: justify;\">Destacar\u00edamos tres piezas: el breve, delicado y camer\u00edstico \u201cTime off (1955)\u201d, para guitarra y cuarteto de cuerda; \u201cResistencia \u00edntima\u201d, iniciado de forma muy pausada, sin percusi\u00f3n, sumamente et\u00e9reo, de atm\u00f3sfera cinematogr\u00e1fica, con un solo remarcable de Masson; y \u201cCopenhaguen\u201d, tema que fue filmado en directo desde y fuera del escenario, que podr\u00eda convertirse en un perfecto resumen del proyecto. Tambi\u00e9n podr\u00edamos a\u00f1adir \u201cVelo\u201d, interpretado en el bis, con un inicio de cuerda de atm\u00f3sfera intrigante, que cedi\u00f3 el testimonio al contrabajo, de aires <em>pastorianos<\/em>, para derivar hacia entramados de plena vitalidad.<\/p>\n<p style=\"text-align: center;\"><em><img loading=\"lazy\" decoding=\"async\" class=\"aligncenter size-large wp-image-24233\" src=\"http:\/\/www.tomajazz.com\/web\/wp-content\/uploads\/2016\/05\/04_Brdgs-Tr-JGE-Ncls-Mssn-\u00a9Joan-Cort\u00e8s_19feb16_Csn_26JFGrnllrs-600x399.jpg\" alt=\"04_Brdgs Tr JGE Ncls Mssn (\u00a9Joan Cort\u00e8s)_19feb16_Csn_26JFGrnllrs\" width=\"600\" height=\"399\" title=\"\" srcset=\"https:\/\/tomajazz.com\/web\/wp-content\/uploads\/2016\/05\/04_Brdgs-Tr-JGE-Ncls-Mssn-\u00a9Joan-Cort\u00e8s_19feb16_Csn_26JFGrnllrs.jpg 600w, https:\/\/tomajazz.com\/web\/wp-content\/uploads\/2016\/05\/04_Brdgs-Tr-JGE-Ncls-Mssn-\u00a9Joan-Cort\u00e8s_19feb16_Csn_26JFGrnllrs-150x100.jpg 150w, https:\/\/tomajazz.com\/web\/wp-content\/uploads\/2016\/05\/04_Brdgs-Tr-JGE-Ncls-Mssn-\u00a9Joan-Cort\u00e8s_19feb16_Csn_26JFGrnllrs-200x133.jpg 200w, https:\/\/tomajazz.com\/web\/wp-content\/uploads\/2016\/05\/04_Brdgs-Tr-JGE-Ncls-Mssn-\u00a9Joan-Cort\u00e8s_19feb16_Csn_26JFGrnllrs-83x55.jpg 83w, https:\/\/tomajazz.com\/web\/wp-content\/uploads\/2016\/05\/04_Brdgs-Tr-JGE-Ncls-Mssn-\u00a9Joan-Cort\u00e8s_19feb16_Csn_26JFGrnllrs-60x40.jpg 60w, https:\/\/tomajazz.com\/web\/wp-content\/uploads\/2016\/05\/04_Brdgs-Tr-JGE-Ncls-Mssn-\u00a9Joan-Cort\u00e8s_19feb16_Csn_26JFGrnllrs-120x80.jpg 120w\" sizes=\"auto, (max-width: 600px) 100vw, 600px\" \/><br \/>\n<\/em><\/p>\n<p style=\"text-align: justify;\">Una velada en que los solos correspondieron, b\u00e1sicamente, al saxo tenor de Mason y a las guitarras de Callej\u00f3n.<\/p>\n<p style=\"text-align: justify;\">Un proyecto fresco con margen todav\u00eda para crecer pero que desgraciadamente, por motivos de presupuesto, muy posiblemente la de su fecha de presentaci\u00f3n coincidi\u00f3 con la de su fallecimiento.<\/p>\n<p style=\"text-align: justify;\">Desde el a\u00f1o 2011, en recuerdo del guitarrista local y pilar de JazzGranollers, se celebra el \u201cJoan Bretcha Guitar Series\u201d, en el cual han participando, por orden cronol\u00f3gico, Santi Careta, David Soler, <a href=\"http:\/\/www.tomajazz.com\/web\/?p=5070\" target=\"_blank\">Paolo Angeli<\/a>, <a href=\"http:\/\/www.tomajazz.com\/web\/?p=11567\" target=\"_blank\">Dani P\u00e9rez<\/a> o <a href=\"http:\/\/www.tomajazz.com\/web\/?p=17565\" target=\"_blank\">Jordi Bonell<\/a>.<\/p>\n<p style=\"text-align: center;\"><em><img loading=\"lazy\" decoding=\"async\" class=\"aligncenter size-large wp-image-24234\" src=\"http:\/\/www.tomajazz.com\/web\/wp-content\/uploads\/2016\/05\/05_P-Fgrs-\u00a9Joan-Cort\u00e8s_25feb16_Csn_26JFGrnllrs-600x399.jpg\" alt=\"05_P Fgrs (\u00a9Joan Cort\u00e8s)_25feb16_Csn_26JFGrnllrs\" width=\"600\" height=\"399\" title=\"\" srcset=\"https:\/\/tomajazz.com\/web\/wp-content\/uploads\/2016\/05\/05_P-Fgrs-\u00a9Joan-Cort\u00e8s_25feb16_Csn_26JFGrnllrs.jpg 600w, https:\/\/tomajazz.com\/web\/wp-content\/uploads\/2016\/05\/05_P-Fgrs-\u00a9Joan-Cort\u00e8s_25feb16_Csn_26JFGrnllrs-150x100.jpg 150w, https:\/\/tomajazz.com\/web\/wp-content\/uploads\/2016\/05\/05_P-Fgrs-\u00a9Joan-Cort\u00e8s_25feb16_Csn_26JFGrnllrs-200x133.jpg 200w, https:\/\/tomajazz.com\/web\/wp-content\/uploads\/2016\/05\/05_P-Fgrs-\u00a9Joan-Cort\u00e8s_25feb16_Csn_26JFGrnllrs-83x55.jpg 83w, https:\/\/tomajazz.com\/web\/wp-content\/uploads\/2016\/05\/05_P-Fgrs-\u00a9Joan-Cort\u00e8s_25feb16_Csn_26JFGrnllrs-60x40.jpg 60w, https:\/\/tomajazz.com\/web\/wp-content\/uploads\/2016\/05\/05_P-Fgrs-\u00a9Joan-Cort\u00e8s_25feb16_Csn_26JFGrnllrs-120x80.jpg 120w\" sizes=\"auto, (max-width: 600px) 100vw, 600px\" \/>Foto 05 (Pau Figueres)<\/em><\/p>\n<p style=\"text-align: justify;\">Bretcha, que falleci\u00f3 un mes antes de la inauguraci\u00f3n, en pleno festival del 2010, fue el ide\u00f3logo del \u201cGuitar Series\u201d que se inaugur\u00f3 con Jordi Farr\u00e9s.<\/p>\n<p style=\"text-align: justify;\">En esta edici\u00f3n el testimonio fue cedido al joven guitarrista y compositor Pau Figueres (1989).<\/p>\n<p style=\"text-align: center;\"><em><img loading=\"lazy\" decoding=\"async\" class=\"aligncenter size-large wp-image-24235\" src=\"http:\/\/www.tomajazz.com\/web\/wp-content\/uploads\/2016\/05\/06_P-Fgrs-\u00a9Joan-Cort\u00e8s_25feb16_Csn_26JFGrnllrs-399x600.jpg\" alt=\"06_P Fgrs (\u00a9Joan Cort\u00e8s)_25feb16_Csn_26JFGrnllrs\" width=\"399\" height=\"600\" title=\"\" srcset=\"https:\/\/tomajazz.com\/web\/wp-content\/uploads\/2016\/05\/06_P-Fgrs-\u00a9Joan-Cort\u00e8s_25feb16_Csn_26JFGrnllrs.jpg 399w, https:\/\/tomajazz.com\/web\/wp-content\/uploads\/2016\/05\/06_P-Fgrs-\u00a9Joan-Cort\u00e8s_25feb16_Csn_26JFGrnllrs-100x150.jpg 100w, https:\/\/tomajazz.com\/web\/wp-content\/uploads\/2016\/05\/06_P-Fgrs-\u00a9Joan-Cort\u00e8s_25feb16_Csn_26JFGrnllrs-200x300.jpg 200w, https:\/\/tomajazz.com\/web\/wp-content\/uploads\/2016\/05\/06_P-Fgrs-\u00a9Joan-Cort\u00e8s_25feb16_Csn_26JFGrnllrs-37x55.jpg 37w\" sizes=\"auto, (max-width: 399px) 100vw, 399px\" \/>Foto 06 (Pau Figueres)<\/em><\/p>\n<p style=\"text-align: justify;\">El trabajo de Figueres, es de aquellos que cuanto m\u00e1s desnudos se presenten mucho mejor, en los que menos es mucho m\u00e1s, debido a su depurada t\u00e9cnica, a la claridad de las ideas expuestas as\u00ed como la nitidez de su sonido.<\/p>\n<p style=\"text-align: justify;\">Un trabajo que al quererlo revestir muy posiblemente se conseguir\u00eda un efecto contraproducente, incluso podr\u00eda llegar a emborronarse; otra cuesti\u00f3n son las directrices del mercado.<\/p>\n<p style=\"text-align: center;\"><em><img loading=\"lazy\" decoding=\"async\" class=\"aligncenter size-large wp-image-24236\" src=\"http:\/\/www.tomajazz.com\/web\/wp-content\/uploads\/2016\/05\/07_P-Fgrs-\u00a9Joan-Cort\u00e8s_25feb16_Csn_26JFGrnllrs-399x600.jpg\" alt=\"07_P Fgrs (\u00a9Joan Cort\u00e8s)_25feb16_Csn_26JFGrnllrs\" width=\"399\" height=\"600\" title=\"\" srcset=\"https:\/\/tomajazz.com\/web\/wp-content\/uploads\/2016\/05\/07_P-Fgrs-\u00a9Joan-Cort\u00e8s_25feb16_Csn_26JFGrnllrs.jpg 399w, https:\/\/tomajazz.com\/web\/wp-content\/uploads\/2016\/05\/07_P-Fgrs-\u00a9Joan-Cort\u00e8s_25feb16_Csn_26JFGrnllrs-100x150.jpg 100w, https:\/\/tomajazz.com\/web\/wp-content\/uploads\/2016\/05\/07_P-Fgrs-\u00a9Joan-Cort\u00e8s_25feb16_Csn_26JFGrnllrs-200x300.jpg 200w, https:\/\/tomajazz.com\/web\/wp-content\/uploads\/2016\/05\/07_P-Fgrs-\u00a9Joan-Cort\u00e8s_25feb16_Csn_26JFGrnllrs-37x55.jpg 37w\" sizes=\"auto, (max-width: 399px) 100vw, 399px\" \/><br \/>\n<\/em><\/p>\n<p style=\"text-align: justify;\">En Granollers interpret\u00f3 buena parte de las composiciones de su disco hom\u00f3nimo (publicado en el 2015), entre ellas \u201cJol\u201d, \u201cNo evening in the garden\u201d, \u201cColorines\u201d o \u201cAfsana\u201d.<\/p>\n<p style=\"text-align: justify;\">En la tanda de los bises ofreci\u00f3 tres temas m\u00e1s, entre ellos, unas \u201cguajiras\u201d de Paco de Luc\u00eda, del cual se cumpl\u00edan aquel mismo d\u00eda dos a\u00f1os de su fallecimiento, y \u201cEl palmar\u201d, tema que Pau compuso pensando en el maestro de Algueciras.<\/p>\n<p style=\"text-align: justify;\">En algunos temas, Pau, se hizo acompa\u00f1ar al caj\u00f3n por su hermano Arnau.<\/p>\n<p style=\"text-align: center;\"><em><img loading=\"lazy\" decoding=\"async\" class=\"aligncenter size-large wp-image-24237\" src=\"http:\/\/www.tomajazz.com\/web\/wp-content\/uploads\/2016\/05\/08_P-Fgrs-\u00a9Joan-Cort\u00e8s_25feb16_Csn_26JFGrnllrs-600x399.jpg\" alt=\"08_P Fgrs (\u00a9Joan Cort\u00e8s)_25feb16_Csn_26JFGrnllrs\" width=\"600\" height=\"399\" title=\"\" srcset=\"https:\/\/tomajazz.com\/web\/wp-content\/uploads\/2016\/05\/08_P-Fgrs-\u00a9Joan-Cort\u00e8s_25feb16_Csn_26JFGrnllrs.jpg 600w, https:\/\/tomajazz.com\/web\/wp-content\/uploads\/2016\/05\/08_P-Fgrs-\u00a9Joan-Cort\u00e8s_25feb16_Csn_26JFGrnllrs-150x100.jpg 150w, https:\/\/tomajazz.com\/web\/wp-content\/uploads\/2016\/05\/08_P-Fgrs-\u00a9Joan-Cort\u00e8s_25feb16_Csn_26JFGrnllrs-200x133.jpg 200w, https:\/\/tomajazz.com\/web\/wp-content\/uploads\/2016\/05\/08_P-Fgrs-\u00a9Joan-Cort\u00e8s_25feb16_Csn_26JFGrnllrs-83x55.jpg 83w, https:\/\/tomajazz.com\/web\/wp-content\/uploads\/2016\/05\/08_P-Fgrs-\u00a9Joan-Cort\u00e8s_25feb16_Csn_26JFGrnllrs-60x40.jpg 60w, https:\/\/tomajazz.com\/web\/wp-content\/uploads\/2016\/05\/08_P-Fgrs-\u00a9Joan-Cort\u00e8s_25feb16_Csn_26JFGrnllrs-120x80.jpg 120w\" sizes=\"auto, (max-width: 600px) 100vw, 600px\" \/><br \/>\n<\/em><\/p>\n<p style=\"text-align: justify;\"><a href=\"http:\/\/www.tomajazz.com\/web\/?p=17687\" target=\"_blank\">Memoria Uno<\/a> es una formaci\u00f3n de constante geometr\u00eda variable. Hasta la fecha s\u00f3lo dispone de dos trabajos discogr\u00e1ficos, ambos editados, f\u00edsicamente, por el sello barcelon\u00e9s Discordian Records, el primero <em>Crisis<\/em> (2014) -donde participaron una cuarentena m\u00fasicos- y <em>Cook for Butch<\/em> (2016) \u2013en esta ocasi\u00f3n con una formaci\u00f3n de trece m\u00fasicos-.<\/p>\n<p style=\"text-align: justify;\">A Memoria Uno cada \u00faltimo martes de mes se la puede escuchar en la peque\u00f1a Sala F\u00e8nix, de la capital catalana, y hasta la fecha nunca ha repetido formaci\u00f3n. Tanto en las dos grabaciones como en las sesiones en directo siempre han estado conducidas por el trompetista e ide\u00f3logo Iv\u00e1n Gonz\u00e1lez.<\/p>\n<p style=\"text-align: center;\"><em><img loading=\"lazy\" decoding=\"async\" class=\"aligncenter size-large wp-image-24238\" src=\"http:\/\/www.tomajazz.com\/web\/wp-content\/uploads\/2016\/05\/09_Mmr-n-\u00a9Joan-Cort\u00e8s_26feb16_Csn_26JFGrnllrs-600x399.jpg\" alt=\"09_Mmr n (\u00a9Joan Cort\u00e8s)_26feb16_Csn_26JFGrnllrs\" width=\"600\" height=\"399\" title=\"\" srcset=\"https:\/\/tomajazz.com\/web\/wp-content\/uploads\/2016\/05\/09_Mmr-n-\u00a9Joan-Cort\u00e8s_26feb16_Csn_26JFGrnllrs.jpg 600w, https:\/\/tomajazz.com\/web\/wp-content\/uploads\/2016\/05\/09_Mmr-n-\u00a9Joan-Cort\u00e8s_26feb16_Csn_26JFGrnllrs-150x100.jpg 150w, https:\/\/tomajazz.com\/web\/wp-content\/uploads\/2016\/05\/09_Mmr-n-\u00a9Joan-Cort\u00e8s_26feb16_Csn_26JFGrnllrs-200x133.jpg 200w, https:\/\/tomajazz.com\/web\/wp-content\/uploads\/2016\/05\/09_Mmr-n-\u00a9Joan-Cort\u00e8s_26feb16_Csn_26JFGrnllrs-83x55.jpg 83w, https:\/\/tomajazz.com\/web\/wp-content\/uploads\/2016\/05\/09_Mmr-n-\u00a9Joan-Cort\u00e8s_26feb16_Csn_26JFGrnllrs-60x40.jpg 60w, https:\/\/tomajazz.com\/web\/wp-content\/uploads\/2016\/05\/09_Mmr-n-\u00a9Joan-Cort\u00e8s_26feb16_Csn_26JFGrnllrs-120x80.jpg 120w\" sizes=\"auto, (max-width: 600px) 100vw, 600px\" \/><br \/>\n<\/em><\/p>\n<p style=\"text-align: justify;\">En el festival de Granollers se presentaron con una formaci\u00f3n de gala, formada por ocho de los diez miembros de la <a href=\"http:\/\/www.tomajazz.com\/web\/?p=16524\" target=\"_blank\">Free Art Ensemble<\/a> (los saxofonistas Tom Chant y Albert Cirera, los trompetistas Juli\u00e1n S\u00e1nchez y Pol Padr\u00f3s, el contrabajista Alex Reviriego, el bater\u00eda Ramon Prats y el propio Iv\u00e1n Gonz\u00e1lez) m\u00e1s el contrabajista Johannes N\u00e4stesj\u00f6, el bater\u00eda Oriol Roca, la percusionista N\u00faria Andorr\u00e0, el saxofonista Don Malf\u00f3n, el guitarrista Pablo Rega, y dos invitados de lujo, el clarinetista Christer Both\u00e9n y el pianista Agust\u00ed Fern\u00e1ndez, a los que habr\u00eda de sumar, en la \u00faltima conducci\u00f3n, <a href=\"http:\/\/www.tomajazz.com\/web\/?p=22465\" target=\"_blank\">la \u201cbutohbailaora\u201d S\u00f2nia S\u00e1nchez<\/a> -no anunciada en el programa-. En total quince improvisadores compartiendo derivadas y conjunciones, encuentros y desencuentros, tensiones y distensiones, ruidos, m\u00fasica y silencios, gestos, contorsiones y figuras visuales.<\/p>\n<p style=\"text-align: center;\"><em><img loading=\"lazy\" decoding=\"async\" class=\"aligncenter size-large wp-image-24239\" src=\"http:\/\/www.tomajazz.com\/web\/wp-content\/uploads\/2016\/05\/10_Mmr-n-\u00a9Joan-Cort\u00e8s_26feb16_Csn_26JFGrnllrs-600x399.jpg\" alt=\"10_Mmr n (\u00a9Joan Cort\u00e8s)_26feb16_Csn_26JFGrnllrs\" width=\"600\" height=\"399\" title=\"\" srcset=\"https:\/\/tomajazz.com\/web\/wp-content\/uploads\/2016\/05\/10_Mmr-n-\u00a9Joan-Cort\u00e8s_26feb16_Csn_26JFGrnllrs.jpg 600w, https:\/\/tomajazz.com\/web\/wp-content\/uploads\/2016\/05\/10_Mmr-n-\u00a9Joan-Cort\u00e8s_26feb16_Csn_26JFGrnllrs-150x100.jpg 150w, https:\/\/tomajazz.com\/web\/wp-content\/uploads\/2016\/05\/10_Mmr-n-\u00a9Joan-Cort\u00e8s_26feb16_Csn_26JFGrnllrs-200x133.jpg 200w, https:\/\/tomajazz.com\/web\/wp-content\/uploads\/2016\/05\/10_Mmr-n-\u00a9Joan-Cort\u00e8s_26feb16_Csn_26JFGrnllrs-83x55.jpg 83w, https:\/\/tomajazz.com\/web\/wp-content\/uploads\/2016\/05\/10_Mmr-n-\u00a9Joan-Cort\u00e8s_26feb16_Csn_26JFGrnllrs-60x40.jpg 60w, https:\/\/tomajazz.com\/web\/wp-content\/uploads\/2016\/05\/10_Mmr-n-\u00a9Joan-Cort\u00e8s_26feb16_Csn_26JFGrnllrs-120x80.jpg 120w\" sizes=\"auto, (max-width: 600px) 100vw, 600px\" \/><br \/>\n<\/em><\/p>\n<p style=\"text-align: justify;\">Excepto la segunda conducci\u00f3n, breve, concisa y contundente, las dem\u00e1s fueron de largo y complejo desarrollo, derivando por terrenos y texturas diversas, alguna de ellas francamente \u00e1ridas. Sin duda, al menos para el que esto suscribe, <a href=\"http:\/\/www.tomajazz.com\/web\/?p=24029\" target=\"_blank\">la mejor \u201cuno memorizaci\u00f3n\u201d<\/a> que hasta la fecha, con la de Granollers, ya suman nueve.<\/p>\n<p style=\"text-align: center;\"><em><img loading=\"lazy\" decoding=\"async\" class=\"aligncenter size-large wp-image-24240\" src=\"http:\/\/www.tomajazz.com\/web\/wp-content\/uploads\/2016\/05\/11_Mmr-n-\u00a9Joan-Cort\u00e8s_26feb16_Csn_26JFGrnllrs-399x600.jpg\" alt=\"11_Mmr n (\u00a9Joan Cort\u00e8s)_26feb16_Csn_26JFGrnllrs\" width=\"399\" height=\"600\" title=\"\" srcset=\"https:\/\/tomajazz.com\/web\/wp-content\/uploads\/2016\/05\/11_Mmr-n-\u00a9Joan-Cort\u00e8s_26feb16_Csn_26JFGrnllrs.jpg 399w, https:\/\/tomajazz.com\/web\/wp-content\/uploads\/2016\/05\/11_Mmr-n-\u00a9Joan-Cort\u00e8s_26feb16_Csn_26JFGrnllrs-100x150.jpg 100w, https:\/\/tomajazz.com\/web\/wp-content\/uploads\/2016\/05\/11_Mmr-n-\u00a9Joan-Cort\u00e8s_26feb16_Csn_26JFGrnllrs-200x300.jpg 200w, https:\/\/tomajazz.com\/web\/wp-content\/uploads\/2016\/05\/11_Mmr-n-\u00a9Joan-Cort\u00e8s_26feb16_Csn_26JFGrnllrs-37x55.jpg 37w\" sizes=\"auto, (max-width: 399px) 100vw, 399px\" \/><br \/>\n<\/em><\/p>\n<p style=\"text-align: justify;\">La \u00faltima conducci\u00f3n se complement\u00f3 con la fagotizaci\u00f3n de la no anunciada S\u00e1nchez, que dej\u00f3 huella fehaciente, como ya es normal en sus improvisaciones. Formaliz\u00f3 su propuesta en plena penumbra, en el reducido espacio entre los m\u00fasicos y el p\u00fablico, vestida de riguroso negro, como es de h\u00e1bito en ella, y sus cl\u00e1sicos zapatos rojos, con un desarrollo dram\u00e1tico y denso, configurando una atm\u00f3sfera de las que s\u00f3lo se pueden llegar a cortarse con estilete.<\/p>\n<p style=\"text-align: center;\"><em><img loading=\"lazy\" decoding=\"async\" class=\"aligncenter size-large wp-image-24241\" src=\"http:\/\/www.tomajazz.com\/web\/wp-content\/uploads\/2016\/05\/12_Mmr-n-\u00a9Joan-Cort\u00e8s_26feb16_Csn_26JFGrnllrs-399x600.jpg\" alt=\"12_Mmr n (\u00a9Joan Cort\u00e8s)_26feb16_Csn_26JFGrnllrs\" width=\"399\" height=\"600\" title=\"\" srcset=\"https:\/\/tomajazz.com\/web\/wp-content\/uploads\/2016\/05\/12_Mmr-n-\u00a9Joan-Cort\u00e8s_26feb16_Csn_26JFGrnllrs.jpg 399w, https:\/\/tomajazz.com\/web\/wp-content\/uploads\/2016\/05\/12_Mmr-n-\u00a9Joan-Cort\u00e8s_26feb16_Csn_26JFGrnllrs-100x150.jpg 100w, https:\/\/tomajazz.com\/web\/wp-content\/uploads\/2016\/05\/12_Mmr-n-\u00a9Joan-Cort\u00e8s_26feb16_Csn_26JFGrnllrs-200x300.jpg 200w, https:\/\/tomajazz.com\/web\/wp-content\/uploads\/2016\/05\/12_Mmr-n-\u00a9Joan-Cort\u00e8s_26feb16_Csn_26JFGrnllrs-37x55.jpg 37w\" sizes=\"auto, (max-width: 399px) 100vw, 399px\" \/><br \/>\n<\/em><\/p>\n<p style=\"text-align: justify;\">Una \u201cMemoria Uno\u201d de gala disfrutada plenamente en peque\u00f1o comit\u00e9 a pesar de las dimensiones de la sala \u201cJoan Bretcha\u201d.<\/p>\n<p style=\"text-align: justify;\">Un festival con un diverso abanico de propuestas para un p\u00fablico tambi\u00e9n diverso y no siempre coincidente.<\/p>\n<p style=\"text-align: right;\">Texto y fotograf\u00edas: \u00a9 Joan Cort\u00e8s, 2016<\/p>\n","protected":false},"excerpt":{"rendered":"<p>26\u00e8 Jazz Festival Granollers Bridges Trio amb JazzGranollers Ensemble featuring Nicolas Masson Fecha: Viernes, 19 de febrero de 2016 Lugar: Casino Club de Ritme (Granollers) Componentes: Guillem Callej\u00f3n, guitarra, efectos y composiciones Dimas Corbera, contrabajo y composiciones Alfons Bertran, bater\u00eda y composiciones Nicolas Masson, saxo tenor \u00c0lex Mart\u00ednez, piano ac\u00fastico,<span class=\"more-link\"><a href=\"https:\/\/tomajazz.com\/web\/26e-jazz-festival-granollers-y-ii-19-26-de-febrero-de-2016-casino-club-de-ritme-granollers-barcelona\/\">Contin\u00faa leyendo<\/a><\/span><\/p>\n","protected":false},"author":1,"featured_media":24239,"comment_status":"open","ping_status":"closed","sticky":false,"template":"","format":"standard","meta":{"jetpack_post_was_ever_published":false,"_jetpack_newsletter_access":"","_jetpack_dont_email_post_to_subs":true,"_jetpack_newsletter_tier_id":0,"_jetpack_memberships_contains_paywalled_content":false,"_jetpack_memberships_contains_paid_content":false,"footnotes":""},"categories":[17853,4,15517,1038],"tags":[15258,280,109,15587,5553,9970,4840,15588,16065,15589,16062,5616,15592,15900,12836,15314,9969,15607,15608,16061,13571,15609,5707,5433,13,15312,12415,15295,15313,16063,1041,8060,5619,4818,15710,12170,5772,9113,1045,1139,16064,5432,8927,108,6038,1129,16099,77,16100],"class_list":["entry","author-pachi","post-24228","post","type-post","status-publish","format-standard","has-post-thumbnail","category-joan-cortes","category-conciertos","category-textos","category-contenidos","tag-26e-jazz-festival-granollers","tag-agusti-fernandez","tag-albert-cirera","tag-alex-martinez","tag-alex-reviriego","tag-alfons-bertran","tag-alfonso-munoz","tag-anna-fernandez","tag-arnau-figueres","tag-bridges-trio","tag-bridges-trio-amb-jazzgranollers-ensemble-featuring-nicolas-masson","tag-carlota-amargos","tag-casino-club-de-ritme-granollers-barcelona","tag-christer-bothen","tag-concierto","tag-concierto-de-jazz","tag-dimas-corbera","tag-festival-de-jazz","tag-festival-de-jazz-en-espana","tag-festival-granollers","tag-festivales-de-jazz","tag-festivales-de-jazz-en-espana","tag-guillem-callejon","tag-ivan-gonzalez","tag-jazz","tag-jazz-en-directo","tag-jazz-en-espana","tag-jazz-en-espanol","tag-jazz-en-vivo","tag-jazzgranollers-ensemble","tag-joan-cortes","tag-johannes-nastesjo","tag-jordi-claret","tag-julian-sanchez","tag-la-actualidad-del-jazz-en-espana","tag-memoria-uno","tag-nicolas-masson","tag-nuria-andorra","tag-oriol-roca","tag-pablo-rega","tag-pau-figueres","tag-pol-padros","tag-quim-badia","tag-ramon-prats","tag-sonia-sanchez","tag-tom-chant","tag-toma-jazz","tag-tomajazz","tag-tomajazz-toma-jazz"],"jetpack_featured_media_url":"https:\/\/tomajazz.com\/web\/wp-content\/uploads\/2016\/05\/10_Mmr-n-\u00a9Joan-Cort\u00e8s_26feb16_Csn_26JFGrnllrs.jpg","jetpack_likes_enabled":true,"jetpack_sharing_enabled":true,"jetpack-related-posts":[{"id":23816,"url":"https:\/\/tomajazz.com\/web\/instantzz-bridges-trio-amb-nicolas-masson-i-jazz-granollers-ensemble-26e-jazz-granollers-festival-casino-club-de-ritme-barcelona-2016-02-19\/","url_meta":{"origin":24228,"position":0},"title":"INSTANTZZ: Bridges Trio amb Nicolas Masson i Jazz Granollers Ensemble \/ 26\u00e8 Jazz Granollers Festival (Casino Club de Ritme, Barcelona. 2016-02-19)","author":"Tomajazz","date":"28 abril, 2016","format":false,"excerpt":"Fecha: Viernes, 19 de febrero de 2016 Lugar: Casino Club de Ritme \/ Granollers (Barcelona) Componentes: Bridges Trio amb Nicolas Masson i Jazz Granollers Ensemble Guillem Callej\u00f3n, guitarra, efectos y composiciones Dimas Corbera, contrabajo y composiciones Alfons Bertran, bater\u00eda y composiciones Nicolas Masson, saxo tenor \u00c0lex Mart\u00ednez, piano ac\u00fastico, Fender\u2026","rel":"","context":"En \u00ab*_Joan Cort\u00e8s\u00bb","block_context":{"text":"*_Joan Cort\u00e8s","link":"https:\/\/tomajazz.com\/web\/category\/joan-cortes\/"},"img":{"alt_text":"","src":"https:\/\/i0.wp.com\/tomajazz.com\/web\/wp-content\/uploads\/2016\/04\/05_Brdgs-tr-Jzz-Grnllrs-nsmbl-Ncls-Mssn-%C2%A9Joan-Cort%C3%A8s_19feb16_Csn_26FJG_Gra.jpg?resize=350%2C200&ssl=1","width":350,"height":200,"srcset":"https:\/\/i0.wp.com\/tomajazz.com\/web\/wp-content\/uploads\/2016\/04\/05_Brdgs-tr-Jzz-Grnllrs-nsmbl-Ncls-Mssn-%C2%A9Joan-Cort%C3%A8s_19feb16_Csn_26FJG_Gra.jpg?resize=350%2C200&ssl=1 1x, https:\/\/i0.wp.com\/tomajazz.com\/web\/wp-content\/uploads\/2016\/04\/05_Brdgs-tr-Jzz-Grnllrs-nsmbl-Ncls-Mssn-%C2%A9Joan-Cort%C3%A8s_19feb16_Csn_26FJG_Gra.jpg?resize=525%2C300&ssl=1 1.5x"},"classes":[]},{"id":103512,"url":"https:\/\/tomajazz.com\/web\/36-jazz-granollers-festival-2026\/","url_meta":{"origin":24228,"position":1},"title":"36 Jazz Granollers Festival 2026 (del 23 de enero al 27 de marzo 2026. Granollers, Barcelona) [Noticias de jazz]","author":"Tomajazz","date":"18 enero, 2026","format":false,"excerpt":"El 36\u00e8 Jazz Granollers Festival 2026 se celebrar\u00e1 del 23 de enero al 27 de marzo de 2026 con quince jornadas y actuaciones de Lluc Casares, Irene Reig, Alba Careta, Marco Mezquida y m\u00e1s #Noticiasdejazz","rel":"","context":"En \u00ab36 Jazz Granollers Festival 2026\u00bb","block_context":{"text":"36 Jazz Granollers Festival 2026","link":"https:\/\/tomajazz.com\/web\/category\/contenidos\/especial-contenidos\/36-jazz-granollers-festival-2026\/"},"img":{"alt_text":"36 Jazz Granollers Festival 2026 (del 23 de enero al 27 de marzo 2026. Granollers, Barcelona) [Noticias de jazz] - Tomajazz - El 36\u00e8 Jazz Granollers Festival 2026 se celebrar\u00e1 del 23 de enero al 27 de marzo de 2026 con quince jornadas y actuaciones de Lluc Casares, Irene Reig, Alba Careta, Marco Mezquida y m\u00e1s #Noticiasdejazz","src":"https:\/\/i0.wp.com\/tomajazz.com\/web\/wp-content\/uploads\/2026\/01\/Cartell-36e-Jazz-Granollers-Festival-2026.jpg?resize=350%2C200&ssl=1","width":350,"height":200,"srcset":"https:\/\/i0.wp.com\/tomajazz.com\/web\/wp-content\/uploads\/2026\/01\/Cartell-36e-Jazz-Granollers-Festival-2026.jpg?resize=350%2C200&ssl=1 1x, https:\/\/i0.wp.com\/tomajazz.com\/web\/wp-content\/uploads\/2026\/01\/Cartell-36e-Jazz-Granollers-Festival-2026.jpg?resize=525%2C300&ssl=1 1.5x, https:\/\/i0.wp.com\/tomajazz.com\/web\/wp-content\/uploads\/2026\/01\/Cartell-36e-Jazz-Granollers-Festival-2026.jpg?resize=700%2C400&ssl=1 2x"},"classes":[]},{"id":105012,"url":"https:\/\/tomajazz.com\/web\/lage-lund-trio-granollers-2026\/","url_meta":{"origin":24228,"position":2},"title":"Lage Lund Trio (36\u00e8 Jazz Granollers Festival \/ Casino, 2026-03-13 \/ Granollers -Barcelona-) [y III] Por Joan Cort\u00e8s [INSTANTZZ AKA Galer\u00eda fotogr\u00e1fica AKA Fotoblog de jazz, impro\u2026 y algo m\u00e1s]","author":"Tomajazz","date":"23 abril, 2026","format":false,"excerpt":"Lage Lund Trio actu\u00f3 en el 36\u00e8 Jazz Granollers Festival, el 13 de marzo de 2026. Joan Cort\u00e8s lo retrata en INSTANTZZ. Lage Lund Trio son Lage Lund, Orlando Le Fleming, Greg Hutchinson","rel":"","context":"En \u00ab36 Jazz Granollers Festival 2026\u00bb","block_context":{"text":"36 Jazz Granollers Festival 2026","link":"https:\/\/tomajazz.com\/web\/category\/contenidos\/especial-contenidos\/36-jazz-granollers-festival-2026\/"},"img":{"alt_text":"Lage Lund Trio (36\u00e8 Jazz Granollers Festival \/ Casino, 2026-03-13 \/ Granollers -Barcelona-) [y III] Por Joan Cort\u00e8s [INSTANTZZ AKA Galer\u00eda fotogr\u00e1fica AKA Fotoblog de jazz, impro\u2026 y algo m\u00e1s] - Tomajazz - Lage Lund Trio actu\u00f3 en el 36\u00e8 Jazz Granollers Festival, el 13 de marzo de 2026. Joan Cort\u00e8s lo retrata en INSTANTZZ. Lage Lund Trio son Lage Lund, Orlando Le Fleming, Greg Hutchinson","src":"https:\/\/i0.wp.com\/tomajazz.com\/web\/wp-content\/uploads\/2026\/04\/destacada-02-Lg-Lnd-Photo-by-Joan-Cortes-13mrc26-36JGF-Csn-Gr-bn.jpg?resize=350%2C200&ssl=1","width":350,"height":200,"srcset":"https:\/\/i0.wp.com\/tomajazz.com\/web\/wp-content\/uploads\/2026\/04\/destacada-02-Lg-Lnd-Photo-by-Joan-Cortes-13mrc26-36JGF-Csn-Gr-bn.jpg?resize=350%2C200&ssl=1 1x, https:\/\/i0.wp.com\/tomajazz.com\/web\/wp-content\/uploads\/2026\/04\/destacada-02-Lg-Lnd-Photo-by-Joan-Cortes-13mrc26-36JGF-Csn-Gr-bn.jpg?resize=525%2C300&ssl=1 1.5x"},"classes":[]},{"id":104657,"url":"https:\/\/tomajazz.com\/web\/joan-sanmarti-5t-36-jazz-granollers-2026\/","url_meta":{"origin":24228,"position":3},"title":"Joan Sanmart\u00ed 5t (36\u00e8 Jazz Granollers Festival 2026\/ Casino, 2026-02-20 \/ Granollers -Barcelona-) [I] Por Joan Cort\u00e8s [INSTANTZZ AKA Galer\u00eda fotogr\u00e1fica AKA Fotoblog de jazz, impro\u2026 y algo m\u00e1s]","author":"Tomajazz","date":"2 abril, 2026","format":false,"excerpt":"Joan Sanmart\u00ed 5t actu\u00f3 en el 36\u00e8 Jazz Granollers Festival 2026, el 20 de febrero de 2026. Joan Cort\u00e8s lo retrata en INSTANTZZ. Joan Sanmart\u00ed 5t son Joan Sanmart\u00ed, Gabriel Amargant, Pau Dom\u00e8nech, Marc Cuevas, Joan Vidal","rel":"","context":"En \u00ab36 Jazz Granollers Festival 2026\u00bb","block_context":{"text":"36 Jazz Granollers Festival 2026","link":"https:\/\/tomajazz.com\/web\/category\/contenidos\/especial-contenidos\/36-jazz-granollers-festival-2026\/"},"img":{"alt_text":"Joan Sanmart\u00ed 5t (36\u00e8 Jazz Granollers Festival 2026\/ Casino, 2026-02-20 \/ Granollers -Barcelona-) [I] Por Joan Cort\u00e8s [INSTANTZZ AKA Galer\u00eda fotogr\u00e1fica AKA Fotoblog de jazz, impro\u2026 y algo m\u00e1s] - Tomajazz - Joan Sanmart\u00ed 5t actu\u00f3 en el 36\u00e8 Jazz Granollers Festival 2026, el 20 de febrero de 2026. Joan Cort\u00e8s lo retrata en INSTANTZZ. Joan Sanmart\u00ed 5t son Joan Sanmart\u00ed, Gabriel Amargant, Pau Dom\u00e8nech, Marc Cuevas, Joan Vidal\n","src":"https:\/\/i0.wp.com\/tomajazz.com\/web\/wp-content\/uploads\/2026\/04\/destacada-09-Jn-Snmrt-5t-Photo-By-Joan-Cortes-20fbr26-36FJG-Csn-Grn.jpg?resize=350%2C200&ssl=1","width":350,"height":200},"classes":[]},{"id":104847,"url":"https:\/\/tomajazz.com\/web\/alba-careta-group-panical-jazz-granollers-2026\/","url_meta":{"origin":24228,"position":4},"title":"Alba Careta Group \u201cPanical\u201d (36\u00e8 Jazz Granollers Festival \/ Casino, 2026-02-27 \/ Granollers -Barcelona-) [II] Por Joan Cort\u00e8s [INSTANTZZ AKA Galer\u00eda fotogr\u00e1fica AKA Fotoblog de jazz, impro\u2026 y algo m\u00e1s]","author":"Tomajazz","date":"12 abril, 2026","format":false,"excerpt":"Alba Careta Group \u201cPanical\u201d actu\u00f3 en el 36\u00e8 Jazz Granollers Festival, el 27 de febrero de 2026. Joan Cort\u00e8s lo retrata en INSTANTZZ. Alba Careta Group \u201cPanical\u201d son Alba Careta, Lucas Mart\u00ednez, Roger Santacana, Giuseppe Campisi, Jordi Pallar\u00e9s","rel":"","context":"En \u00ab36 Jazz Granollers Festival 2026\u00bb","block_context":{"text":"36 Jazz Granollers Festival 2026","link":"https:\/\/tomajazz.com\/web\/category\/contenidos\/especial-contenidos\/36-jazz-granollers-festival-2026\/"},"img":{"alt_text":"Alba Careta Group \u201cPanical\u201d (36\u00e8 Jazz Granollers Festival \/ Casino, 2026-02-27 \/ Granollers -Barcelona-) [II] Por Joan Cort\u00e8s [INSTANTZZ AKA Galer\u00eda fotogr\u00e1fica AKA Fotoblog de jazz, impro\u2026 y algo m\u00e1s] - Tomajazz - Alba Careta Group \u201cPanical\u201d actu\u00f3 en el 36\u00e8 Jazz Granollers Festival, el 27 de febrero de 2026. Joan Cort\u00e8s lo retrata en INSTANTZZ. Alba Careta Group \u201cPanical\u201d son Alba Careta, Lucas Mart\u00ednez, Roger Santacana, Giuseppe Campisi, Jordi Pallar\u00e9s\n","src":"https:\/\/i0.wp.com\/tomajazz.com\/web\/wp-content\/uploads\/2026\/04\/destacada-03-lb-Crt-Grp-Photo-by-Joan-Cortes-27fbr26-36JGF-CG-CR-Grnllrs.jpg?resize=350%2C200&ssl=1","width":350,"height":200,"srcset":"https:\/\/i0.wp.com\/tomajazz.com\/web\/wp-content\/uploads\/2026\/04\/destacada-03-lb-Crt-Grp-Photo-by-Joan-Cortes-27fbr26-36JGF-CG-CR-Grnllrs.jpg?resize=350%2C200&ssl=1 1x, https:\/\/i0.wp.com\/tomajazz.com\/web\/wp-content\/uploads\/2026\/04\/destacada-03-lb-Crt-Grp-Photo-by-Joan-Cortes-27fbr26-36JGF-CG-CR-Grnllrs.jpg?resize=525%2C300&ssl=1 1.5x"},"classes":[]},{"id":85968,"url":"https:\/\/tomajazz.com\/web\/joan-diaz-jazzgranollers-ensemble-2024\/","url_meta":{"origin":24228,"position":5},"title":"Joan D\u00edaz &#038; JazzGranollers Ensemble \u201cLo c\u00e1rdeno sobre lo rojo\u201d (34\u00e8 Jazz Granollers Festival, Casino de Granollers-Club de Ritme, 2024-03-22. Granollers -Barcelona-) [5] Por Joan Cort\u00e8s [INSTANTZZ AKA Galer\u00eda fotogr\u00e1fica AKA Fotoblog de jazz, impro\u2026 y algo m\u00e1s]","author":"Tomajazz","date":"27 abril, 2024","format":false,"excerpt":"Joan D\u00edaz & JazzGranollers Ensemble presentaron \u201cLo c\u00e1rdeno sobre lo rojo\u201d en el 34\u00e8 Jazz Granollers Festival, el 22 de marzo de 2024. Joan Cort\u00e8s los retrata en INSTANTZZ. Actuaron Joan Sanmart\u00ed, Joan D\u00edaz, Maria Escudero, Lluna Arag\u00f3n, Jaime del Blanco, Irene Arg\u00fcello, Sandrine Robilliard, Pablo Selnik, Carla Aguilar, Gabriel\u2026","rel":"","context":"En \u00ab34\u00e8 Jazz Granollers Festival 2024\u00bb","block_context":{"text":"34\u00e8 Jazz Granollers Festival 2024","link":"https:\/\/tomajazz.com\/web\/category\/contenidos\/especial-contenidos\/34e-jazz-granollers-festival-2024\/"},"img":{"alt_text":"Joan D\u00edaz & JazzGranollers Ensemble \u201cLo c\u00e1rdeno sobre lo rojo\u201d (34\u00e8 Jazz Granollers Festival, Casino de Granollers-Club de Ritme, 2024-03-22. Granollers -Barcelona-) [5] Por Joan Cort\u00e8s [INSTANTZZ AKA Galer\u00eda fotogr\u00e1fica AKA Fotoblog de jazz, impro\u2026 y algo m\u00e1s] - Tomajazz - Joan D\u00edaz & JazzGranollers Ensemble presentaron \u201cLo c\u00e1rdeno sobre lo rojo\u201d en el 34\u00e8 Jazz Granollers Festival, el 22 de marzo de 2024. Joan Cort\u00e8s los retrata en INSTANTZZ. Actuaron Joan Sanmart\u00ed, Joan D\u00edaz, Maria Escudero, Lluna Arag\u00f3n, Jaime del Blanco, Irene Arg\u00fcello, Sandrine Robilliard, Pablo Selnik, Carla Aguilar, Gabriel Amargant, Pau Dom\u00e8nech, Marc Cuevas, Joan Vidal","src":"https:\/\/i0.wp.com\/tomajazz.com\/web\/wp-content\/uploads\/2024\/04\/destacada-Joan-Diaz-JazzGranollers-Ensemble-34e-Jazz-Granollers-Festival-2024-Tomajazz-Photo-by-Joan-Cortes-2024-005-copia.jpg?resize=350%2C200&ssl=1","width":350,"height":200,"srcset":"https:\/\/i0.wp.com\/tomajazz.com\/web\/wp-content\/uploads\/2024\/04\/destacada-Joan-Diaz-JazzGranollers-Ensemble-34e-Jazz-Granollers-Festival-2024-Tomajazz-Photo-by-Joan-Cortes-2024-005-copia.jpg?resize=350%2C200&ssl=1 1x, https:\/\/i0.wp.com\/tomajazz.com\/web\/wp-content\/uploads\/2024\/04\/destacada-Joan-Diaz-JazzGranollers-Ensemble-34e-Jazz-Granollers-Festival-2024-Tomajazz-Photo-by-Joan-Cortes-2024-005-copia.jpg?resize=525%2C300&ssl=1 1.5x"},"classes":[]}],"_links":{"self":[{"href":"https:\/\/tomajazz.com\/web\/wp-json\/wp\/v2\/posts\/24228","targetHints":{"allow":["GET"]}}],"collection":[{"href":"https:\/\/tomajazz.com\/web\/wp-json\/wp\/v2\/posts"}],"about":[{"href":"https:\/\/tomajazz.com\/web\/wp-json\/wp\/v2\/types\/post"}],"author":[{"embeddable":true,"href":"https:\/\/tomajazz.com\/web\/wp-json\/wp\/v2\/users\/1"}],"replies":[{"embeddable":true,"href":"https:\/\/tomajazz.com\/web\/wp-json\/wp\/v2\/comments?post=24228"}],"version-history":[{"count":2,"href":"https:\/\/tomajazz.com\/web\/wp-json\/wp\/v2\/posts\/24228\/revisions"}],"predecessor-version":[{"id":24242,"href":"https:\/\/tomajazz.com\/web\/wp-json\/wp\/v2\/posts\/24228\/revisions\/24242"}],"wp:featuredmedia":[{"embeddable":true,"href":"https:\/\/tomajazz.com\/web\/wp-json\/wp\/v2\/media\/24239"}],"wp:attachment":[{"href":"https:\/\/tomajazz.com\/web\/wp-json\/wp\/v2\/media?parent=24228"}],"wp:term":[{"taxonomy":"category","embeddable":true,"href":"https:\/\/tomajazz.com\/web\/wp-json\/wp\/v2\/categories?post=24228"},{"taxonomy":"post_tag","embeddable":true,"href":"https:\/\/tomajazz.com\/web\/wp-json\/wp\/v2\/tags?post=24228"}],"curies":[{"name":"wp","href":"https:\/\/api.w.org\/{rel}","templated":true}]}}