{"id":24596,"date":"2016-05-24T11:09:23","date_gmt":"2016-05-24T09:09:23","guid":{"rendered":"http:\/\/www.tomajazz.com\/web\/?p=24596"},"modified":"2016-11-13T16:29:32","modified_gmt":"2016-11-13T15:29:32","slug":"instantzz-ralph-alessi-baida-quartet-35e-festival-jazz-terrassa-nova-jazz-cava-terrassa-2016-03-10","status":"publish","type":"post","link":"https:\/\/tomajazz.com\/web\/instantzz-ralph-alessi-baida-quartet-35e-festival-jazz-terrassa-nova-jazz-cava-terrassa-2016-03-10\/","title":{"rendered":"INSTANTZZ: Ralph Alessi \u201cBaida\u201d Quartet \/ 35\u00e8 Festival Jazz Terrassa (Nova Jazz Cava, Terrassa. 2016-03-10)"},"content":{"rendered":"<ul>\n<li>Fecha: Jueves, 10 de marzo de 2016<\/li>\n<li>Lugar: Nova Jazz Cava\u00a0(Terrassa, Barcelona)<\/li>\n<li>Componentes:<br \/>\nRalph Alessi \u00abBaida\u00bb Quartet<br \/>\nRalph Alessi, trompeta<br \/>\nGary Versace, piano<br \/>\nDrew Gress, contrabajo<br \/>\nGerald Cleaver, bater\u00eda<\/li>\n<\/ul>\n<p style=\"text-align: center;\"><img loading=\"lazy\" decoding=\"async\" class=\"aligncenter size-large wp-image-24597\" src=\"http:\/\/www.tomajazz.com\/web\/wp-content\/uploads\/2016\/05\/01_Rlph-lss-bd-qrtt-\u00a9Joan-Cort\u00e8s_10mar16_NJC_35FJT_Trrss-600x399.jpg\" alt=\"01_Rlph lss bd qrtt (\u00a9Joan Cort\u00e8s)_10mar16_NJC_35FJT_Trrss\" width=\"600\" height=\"399\" title=\"\" srcset=\"https:\/\/tomajazz.com\/web\/wp-content\/uploads\/2016\/05\/01_Rlph-lss-bd-qrtt-\u00a9Joan-Cort\u00e8s_10mar16_NJC_35FJT_Trrss.jpg 600w, https:\/\/tomajazz.com\/web\/wp-content\/uploads\/2016\/05\/01_Rlph-lss-bd-qrtt-\u00a9Joan-Cort\u00e8s_10mar16_NJC_35FJT_Trrss-150x100.jpg 150w, https:\/\/tomajazz.com\/web\/wp-content\/uploads\/2016\/05\/01_Rlph-lss-bd-qrtt-\u00a9Joan-Cort\u00e8s_10mar16_NJC_35FJT_Trrss-200x133.jpg 200w, https:\/\/tomajazz.com\/web\/wp-content\/uploads\/2016\/05\/01_Rlph-lss-bd-qrtt-\u00a9Joan-Cort\u00e8s_10mar16_NJC_35FJT_Trrss-83x55.jpg 83w, https:\/\/tomajazz.com\/web\/wp-content\/uploads\/2016\/05\/01_Rlph-lss-bd-qrtt-\u00a9Joan-Cort\u00e8s_10mar16_NJC_35FJT_Trrss-60x40.jpg 60w, https:\/\/tomajazz.com\/web\/wp-content\/uploads\/2016\/05\/01_Rlph-lss-bd-qrtt-\u00a9Joan-Cort\u00e8s_10mar16_NJC_35FJT_Trrss-120x80.jpg 120w\" sizes=\"auto, (max-width: 600px) 100vw, 600px\" \/><\/p>\n<p style=\"text-align: center;\"><img loading=\"lazy\" decoding=\"async\" class=\"aligncenter size-large wp-image-24598\" src=\"http:\/\/www.tomajazz.com\/web\/wp-content\/uploads\/2016\/05\/02_Rlph-lss-bd-qrtt-\u00a9Joan-Cort\u00e8s_10mar16_NJC_35FJT_Trrss-600x399.jpg\" alt=\"02_Rlph lss bd qrtt (\u00a9Joan Cort\u00e8s)_10mar16_NJC_35FJT_Trrss\" width=\"600\" height=\"399\" title=\"\" srcset=\"https:\/\/tomajazz.com\/web\/wp-content\/uploads\/2016\/05\/02_Rlph-lss-bd-qrtt-\u00a9Joan-Cort\u00e8s_10mar16_NJC_35FJT_Trrss.jpg 600w, https:\/\/tomajazz.com\/web\/wp-content\/uploads\/2016\/05\/02_Rlph-lss-bd-qrtt-\u00a9Joan-Cort\u00e8s_10mar16_NJC_35FJT_Trrss-150x100.jpg 150w, https:\/\/tomajazz.com\/web\/wp-content\/uploads\/2016\/05\/02_Rlph-lss-bd-qrtt-\u00a9Joan-Cort\u00e8s_10mar16_NJC_35FJT_Trrss-200x133.jpg 200w, https:\/\/tomajazz.com\/web\/wp-content\/uploads\/2016\/05\/02_Rlph-lss-bd-qrtt-\u00a9Joan-Cort\u00e8s_10mar16_NJC_35FJT_Trrss-83x55.jpg 83w, https:\/\/tomajazz.com\/web\/wp-content\/uploads\/2016\/05\/02_Rlph-lss-bd-qrtt-\u00a9Joan-Cort\u00e8s_10mar16_NJC_35FJT_Trrss-60x40.jpg 60w, https:\/\/tomajazz.com\/web\/wp-content\/uploads\/2016\/05\/02_Rlph-lss-bd-qrtt-\u00a9Joan-Cort\u00e8s_10mar16_NJC_35FJT_Trrss-120x80.jpg 120w\" sizes=\"auto, (max-width: 600px) 100vw, 600px\" \/><\/p>\n<p style=\"text-align: center;\"><img loading=\"lazy\" decoding=\"async\" class=\"aligncenter size-large wp-image-24599\" src=\"http:\/\/www.tomajazz.com\/web\/wp-content\/uploads\/2016\/05\/03_Rlph-lss-bd-qrtt-\u00a9Joan-Cort\u00e8s_10mar16_NJC_35FJT_Trrss-600x399.jpg\" alt=\"03_Rlph lss bd qrtt (\u00a9Joan Cort\u00e8s)_10mar16_NJC_35FJT_Trrss\" width=\"600\" height=\"399\" title=\"\" srcset=\"https:\/\/tomajazz.com\/web\/wp-content\/uploads\/2016\/05\/03_Rlph-lss-bd-qrtt-\u00a9Joan-Cort\u00e8s_10mar16_NJC_35FJT_Trrss.jpg 600w, https:\/\/tomajazz.com\/web\/wp-content\/uploads\/2016\/05\/03_Rlph-lss-bd-qrtt-\u00a9Joan-Cort\u00e8s_10mar16_NJC_35FJT_Trrss-150x100.jpg 150w, https:\/\/tomajazz.com\/web\/wp-content\/uploads\/2016\/05\/03_Rlph-lss-bd-qrtt-\u00a9Joan-Cort\u00e8s_10mar16_NJC_35FJT_Trrss-200x133.jpg 200w, https:\/\/tomajazz.com\/web\/wp-content\/uploads\/2016\/05\/03_Rlph-lss-bd-qrtt-\u00a9Joan-Cort\u00e8s_10mar16_NJC_35FJT_Trrss-83x55.jpg 83w, https:\/\/tomajazz.com\/web\/wp-content\/uploads\/2016\/05\/03_Rlph-lss-bd-qrtt-\u00a9Joan-Cort\u00e8s_10mar16_NJC_35FJT_Trrss-60x40.jpg 60w, https:\/\/tomajazz.com\/web\/wp-content\/uploads\/2016\/05\/03_Rlph-lss-bd-qrtt-\u00a9Joan-Cort\u00e8s_10mar16_NJC_35FJT_Trrss-120x80.jpg 120w\" sizes=\"auto, (max-width: 600px) 100vw, 600px\" \/><\/p>\n<p style=\"text-align: center;\"><img loading=\"lazy\" decoding=\"async\" class=\"aligncenter size-large wp-image-24600\" src=\"http:\/\/www.tomajazz.com\/web\/wp-content\/uploads\/2016\/05\/04_Rlph-lss-bd-qrtt-\u00a9Joan-Cort\u00e8s_10mar16_NJC_35FJT_Trrss-600x399.jpg\" alt=\"04_Rlph lss bd qrtt (\u00a9Joan Cort\u00e8s)_10mar16_NJC_35FJT_Trrss\" width=\"600\" height=\"399\" title=\"\" srcset=\"https:\/\/tomajazz.com\/web\/wp-content\/uploads\/2016\/05\/04_Rlph-lss-bd-qrtt-\u00a9Joan-Cort\u00e8s_10mar16_NJC_35FJT_Trrss.jpg 600w, https:\/\/tomajazz.com\/web\/wp-content\/uploads\/2016\/05\/04_Rlph-lss-bd-qrtt-\u00a9Joan-Cort\u00e8s_10mar16_NJC_35FJT_Trrss-150x100.jpg 150w, https:\/\/tomajazz.com\/web\/wp-content\/uploads\/2016\/05\/04_Rlph-lss-bd-qrtt-\u00a9Joan-Cort\u00e8s_10mar16_NJC_35FJT_Trrss-200x133.jpg 200w, https:\/\/tomajazz.com\/web\/wp-content\/uploads\/2016\/05\/04_Rlph-lss-bd-qrtt-\u00a9Joan-Cort\u00e8s_10mar16_NJC_35FJT_Trrss-83x55.jpg 83w, https:\/\/tomajazz.com\/web\/wp-content\/uploads\/2016\/05\/04_Rlph-lss-bd-qrtt-\u00a9Joan-Cort\u00e8s_10mar16_NJC_35FJT_Trrss-60x40.jpg 60w, https:\/\/tomajazz.com\/web\/wp-content\/uploads\/2016\/05\/04_Rlph-lss-bd-qrtt-\u00a9Joan-Cort\u00e8s_10mar16_NJC_35FJT_Trrss-120x80.jpg 120w\" sizes=\"auto, (max-width: 600px) 100vw, 600px\" \/><\/p>\n<p style=\"text-align: center;\"><img loading=\"lazy\" decoding=\"async\" class=\"aligncenter size-large wp-image-24601\" src=\"http:\/\/www.tomajazz.com\/web\/wp-content\/uploads\/2016\/05\/05_Rlph-lss-bd-qrtt-\u00a9Joan-Cort\u00e8s_10mar16_NJC_35FJT_Trrss-600x399.jpg\" alt=\"05_Rlph lss bd qrtt (\u00a9Joan Cort\u00e8s)_10mar16_NJC_35FJT_Trrss\" width=\"600\" height=\"399\" title=\"\" srcset=\"https:\/\/tomajazz.com\/web\/wp-content\/uploads\/2016\/05\/05_Rlph-lss-bd-qrtt-\u00a9Joan-Cort\u00e8s_10mar16_NJC_35FJT_Trrss.jpg 600w, https:\/\/tomajazz.com\/web\/wp-content\/uploads\/2016\/05\/05_Rlph-lss-bd-qrtt-\u00a9Joan-Cort\u00e8s_10mar16_NJC_35FJT_Trrss-150x100.jpg 150w, https:\/\/tomajazz.com\/web\/wp-content\/uploads\/2016\/05\/05_Rlph-lss-bd-qrtt-\u00a9Joan-Cort\u00e8s_10mar16_NJC_35FJT_Trrss-200x133.jpg 200w, https:\/\/tomajazz.com\/web\/wp-content\/uploads\/2016\/05\/05_Rlph-lss-bd-qrtt-\u00a9Joan-Cort\u00e8s_10mar16_NJC_35FJT_Trrss-83x55.jpg 83w, https:\/\/tomajazz.com\/web\/wp-content\/uploads\/2016\/05\/05_Rlph-lss-bd-qrtt-\u00a9Joan-Cort\u00e8s_10mar16_NJC_35FJT_Trrss-60x40.jpg 60w, https:\/\/tomajazz.com\/web\/wp-content\/uploads\/2016\/05\/05_Rlph-lss-bd-qrtt-\u00a9Joan-Cort\u00e8s_10mar16_NJC_35FJT_Trrss-120x80.jpg 120w\" sizes=\"auto, (max-width: 600px) 100vw, 600px\" \/><\/p>\n<p style=\"text-align: center;\"><img loading=\"lazy\" decoding=\"async\" class=\"aligncenter size-large wp-image-24602\" src=\"http:\/\/www.tomajazz.com\/web\/wp-content\/uploads\/2016\/05\/06_Rlph-lss-bd-qrtt-\u00a9Joan-Cort\u00e8s_10mar16_NJC_35FJT_Trrss-600x399.jpg\" alt=\"06_Rlph lss bd qrtt (\u00a9Joan Cort\u00e8s)_10mar16_NJC_35FJT_Trrss\" width=\"600\" height=\"399\" title=\"\" srcset=\"https:\/\/tomajazz.com\/web\/wp-content\/uploads\/2016\/05\/06_Rlph-lss-bd-qrtt-\u00a9Joan-Cort\u00e8s_10mar16_NJC_35FJT_Trrss.jpg 600w, https:\/\/tomajazz.com\/web\/wp-content\/uploads\/2016\/05\/06_Rlph-lss-bd-qrtt-\u00a9Joan-Cort\u00e8s_10mar16_NJC_35FJT_Trrss-150x100.jpg 150w, https:\/\/tomajazz.com\/web\/wp-content\/uploads\/2016\/05\/06_Rlph-lss-bd-qrtt-\u00a9Joan-Cort\u00e8s_10mar16_NJC_35FJT_Trrss-200x133.jpg 200w, https:\/\/tomajazz.com\/web\/wp-content\/uploads\/2016\/05\/06_Rlph-lss-bd-qrtt-\u00a9Joan-Cort\u00e8s_10mar16_NJC_35FJT_Trrss-83x55.jpg 83w, https:\/\/tomajazz.com\/web\/wp-content\/uploads\/2016\/05\/06_Rlph-lss-bd-qrtt-\u00a9Joan-Cort\u00e8s_10mar16_NJC_35FJT_Trrss-60x40.jpg 60w, https:\/\/tomajazz.com\/web\/wp-content\/uploads\/2016\/05\/06_Rlph-lss-bd-qrtt-\u00a9Joan-Cort\u00e8s_10mar16_NJC_35FJT_Trrss-120x80.jpg 120w\" sizes=\"auto, (max-width: 600px) 100vw, 600px\" \/><\/p>\n<p style=\"text-align: center;\"><img loading=\"lazy\" decoding=\"async\" class=\"aligncenter size-large wp-image-24603\" src=\"http:\/\/www.tomajazz.com\/web\/wp-content\/uploads\/2016\/05\/07_Rlph-lss-bd-qrtt-\u00a9Joan-Cort\u00e8s_10mar16_NJC_35FJT_Trrss-600x399.jpg\" alt=\"07_Rlph lss bd qrtt (\u00a9Joan Cort\u00e8s)_10mar16_NJC_35FJT_Trrss\" width=\"600\" height=\"399\" title=\"\" srcset=\"https:\/\/tomajazz.com\/web\/wp-content\/uploads\/2016\/05\/07_Rlph-lss-bd-qrtt-\u00a9Joan-Cort\u00e8s_10mar16_NJC_35FJT_Trrss.jpg 600w, https:\/\/tomajazz.com\/web\/wp-content\/uploads\/2016\/05\/07_Rlph-lss-bd-qrtt-\u00a9Joan-Cort\u00e8s_10mar16_NJC_35FJT_Trrss-150x100.jpg 150w, https:\/\/tomajazz.com\/web\/wp-content\/uploads\/2016\/05\/07_Rlph-lss-bd-qrtt-\u00a9Joan-Cort\u00e8s_10mar16_NJC_35FJT_Trrss-200x133.jpg 200w, https:\/\/tomajazz.com\/web\/wp-content\/uploads\/2016\/05\/07_Rlph-lss-bd-qrtt-\u00a9Joan-Cort\u00e8s_10mar16_NJC_35FJT_Trrss-83x55.jpg 83w, https:\/\/tomajazz.com\/web\/wp-content\/uploads\/2016\/05\/07_Rlph-lss-bd-qrtt-\u00a9Joan-Cort\u00e8s_10mar16_NJC_35FJT_Trrss-60x40.jpg 60w, https:\/\/tomajazz.com\/web\/wp-content\/uploads\/2016\/05\/07_Rlph-lss-bd-qrtt-\u00a9Joan-Cort\u00e8s_10mar16_NJC_35FJT_Trrss-120x80.jpg 120w\" sizes=\"auto, (max-width: 600px) 100vw, 600px\" \/><\/p>\n<p style=\"text-align: center;\"><img loading=\"lazy\" decoding=\"async\" class=\"aligncenter size-large wp-image-24604\" src=\"http:\/\/www.tomajazz.com\/web\/wp-content\/uploads\/2016\/05\/08_Rlph-lss-bd-qrtt-\u00a9Joan-Cort\u00e8s_10mar16_NJC_35FJT_Trrss-399x600.jpg\" alt=\"08_Rlph lss bd qrtt (\u00a9Joan Cort\u00e8s)_10mar16_NJC_35FJT_Trrss\" width=\"399\" height=\"600\" title=\"\" srcset=\"https:\/\/tomajazz.com\/web\/wp-content\/uploads\/2016\/05\/08_Rlph-lss-bd-qrtt-\u00a9Joan-Cort\u00e8s_10mar16_NJC_35FJT_Trrss.jpg 399w, https:\/\/tomajazz.com\/web\/wp-content\/uploads\/2016\/05\/08_Rlph-lss-bd-qrtt-\u00a9Joan-Cort\u00e8s_10mar16_NJC_35FJT_Trrss-100x150.jpg 100w, https:\/\/tomajazz.com\/web\/wp-content\/uploads\/2016\/05\/08_Rlph-lss-bd-qrtt-\u00a9Joan-Cort\u00e8s_10mar16_NJC_35FJT_Trrss-200x300.jpg 200w, https:\/\/tomajazz.com\/web\/wp-content\/uploads\/2016\/05\/08_Rlph-lss-bd-qrtt-\u00a9Joan-Cort\u00e8s_10mar16_NJC_35FJT_Trrss-37x55.jpg 37w\" sizes=\"auto, (max-width: 399px) 100vw, 399px\" \/><\/p>\n<p style=\"text-align: center;\"><img loading=\"lazy\" decoding=\"async\" class=\"aligncenter size-large wp-image-24605\" src=\"http:\/\/www.tomajazz.com\/web\/wp-content\/uploads\/2016\/05\/09_Rlph-lss-bd-qrtt-\u00a9Joan-Cort\u00e8s_10mar16_NJC_35FJT_Trrss-600x399.jpg\" alt=\"09_Rlph lss bd qrtt (\u00a9Joan Cort\u00e8s)_10mar16_NJC_35FJT_Trrss\" width=\"600\" height=\"399\" title=\"\" srcset=\"https:\/\/tomajazz.com\/web\/wp-content\/uploads\/2016\/05\/09_Rlph-lss-bd-qrtt-\u00a9Joan-Cort\u00e8s_10mar16_NJC_35FJT_Trrss.jpg 600w, https:\/\/tomajazz.com\/web\/wp-content\/uploads\/2016\/05\/09_Rlph-lss-bd-qrtt-\u00a9Joan-Cort\u00e8s_10mar16_NJC_35FJT_Trrss-150x100.jpg 150w, https:\/\/tomajazz.com\/web\/wp-content\/uploads\/2016\/05\/09_Rlph-lss-bd-qrtt-\u00a9Joan-Cort\u00e8s_10mar16_NJC_35FJT_Trrss-200x133.jpg 200w, https:\/\/tomajazz.com\/web\/wp-content\/uploads\/2016\/05\/09_Rlph-lss-bd-qrtt-\u00a9Joan-Cort\u00e8s_10mar16_NJC_35FJT_Trrss-83x55.jpg 83w, https:\/\/tomajazz.com\/web\/wp-content\/uploads\/2016\/05\/09_Rlph-lss-bd-qrtt-\u00a9Joan-Cort\u00e8s_10mar16_NJC_35FJT_Trrss-60x40.jpg 60w, https:\/\/tomajazz.com\/web\/wp-content\/uploads\/2016\/05\/09_Rlph-lss-bd-qrtt-\u00a9Joan-Cort\u00e8s_10mar16_NJC_35FJT_Trrss-120x80.jpg 120w\" sizes=\"auto, (max-width: 600px) 100vw, 600px\" \/><\/p>\n<p style=\"text-align: right;\">\u00a9 Joan Cort\u00e8s, 2016<\/p>\n","protected":false},"excerpt":{"rendered":"<p>Fecha: Jueves, 10 de marzo de 2016 Lugar: Nova Jazz Cava\u00a0(Terrassa, Barcelona) Componentes: Ralph Alessi \u00abBaida\u00bb Quartet Ralph Alessi, trompeta Gary Versace, piano Drew Gress, contrabajo Gerald Cleaver, bater\u00eda \u00a9 Joan Cort\u00e8s, 2016<span class=\"more-link\"><a href=\"https:\/\/tomajazz.com\/web\/instantzz-ralph-alessi-baida-quartet-35e-festival-jazz-terrassa-nova-jazz-cava-terrassa-2016-03-10\/\">Contin\u00faa leyendo<\/a><\/span><\/p>\n","protected":false},"author":1,"featured_media":24601,"comment_status":"open","ping_status":"closed","sticky":false,"template":"","format":"standard","meta":{"jetpack_post_was_ever_published":false,"_jetpack_newsletter_access":"","_jetpack_dont_email_post_to_subs":true,"_jetpack_newsletter_tier_id":0,"_jetpack_memberships_contains_paywalled_content":false,"_jetpack_memberships_contains_paid_content":false,"footnotes":""},"categories":[17853,11262,15516,11261,1038],"tags":[16054,174,12650,15656,12656,12796,12755,15318,15317,15655,15275,15654,599,1249,11263,13,12415,15295,1041,15710,16052,12657,1246,16131,16099,77,16100],"class_list":["entry","author-pachi","post-24596","post","type-post","status-publish","format-standard","has-post-thumbnail","category-joan-cortes","category-photoblogs","category-imagenes","category-instantzz","category-contenidos","tag-35e-festival-jazz-terrassa","tag-drew-gress","tag-festival-jazz-terrassa","tag-foto-galeria-de-jazz","tag-fotoblog","tag-fotografia-de-jazz","tag-fotografias-de-jazz","tag-fotografos-de-jazz","tag-fotos-de-jazz","tag-galeria-de-fotos-de-jazz","tag-galeria-fotografica","tag-galeria-fotografica-de-jazz","tag-gary-versace","tag-gerald-cleaver","tag-instantzz-2","tag-jazz","tag-jazz-en-espana","tag-jazz-en-espanol","tag-joan-cortes","tag-la-actualidad-del-jazz-en-espana","tag-nova-jazz-cava-terrassa-barcelona","tag-photoblog","tag-ralph-alessi","tag-ralph-alessi-baida-quartet","tag-toma-jazz","tag-tomajazz","tag-tomajazz-toma-jazz"],"jetpack_featured_media_url":"https:\/\/tomajazz.com\/web\/wp-content\/uploads\/2016\/05\/05_Rlph-lss-bd-qrtt-\u00a9Joan-Cort\u00e8s_10mar16_NJC_35FJT_Trrss.jpg","jetpack_likes_enabled":true,"jetpack_sharing_enabled":true,"jetpack-related-posts":[{"id":105126,"url":"https:\/\/tomajazz.com\/web\/dave-douglas-quartet-terrassa-2026\/","url_meta":{"origin":24596,"position":0},"title":"Dave Douglas Quartet (45\u00e8 Festival Jazz Terrassa 2026 \/ Nova Jazz Cava, 2026-03-15 \/ Terrassa -Barcelona-) [I] Por Joan Cort\u00e8s [INSTANTZZ AKA Galer\u00eda fotogr\u00e1fica AKA Fotoblog de jazz, impro\u2026 y algo m\u00e1s]","author":"Tomajazz","date":"30 abril, 2026","format":false,"excerpt":"Dave Douglas Quartet actu\u00f3 en el 45\u00e8 Festival Jazz Terrassa 2026, en la m\u00edtica Nova Jazz Cava, el 15 de marzo de 2026. Joan Cort\u00e8s lo retrata en INSTANTZZ. Dave Douglas Quartet son Dave Douglas, Marta Warelis, Ingebrigt H\u00e5ker Flaten, Rudy Royston","rel":"","context":"En \u00ab45\u00e8 Festival Jazz Terrassa 2026\u00bb","block_context":{"text":"45\u00e8 Festival Jazz Terrassa 2026","link":"https:\/\/tomajazz.com\/web\/category\/contenidos\/especial-contenidos\/45e-festival-jazz-terrassa-2026\/"},"img":{"alt_text":"Dave Douglas Quartet (45\u00e8 Festival Jazz Terrassa 2026 \/ Nova Jazz Cava, 2026-03-15 \/ Terrassa -Barcelona-) [I] Por Joan Cort\u00e8s [INSTANTZZ AKA Galer\u00eda fotogr\u00e1fica AKA Fotoblog de jazz, impro\u2026 y algo m\u00e1s] - Tomajazz - Dave Douglas Quartet actu\u00f3 en el 45\u00e8 Festival Jazz Terrassa 2026, en la m\u00edtica Nova Jazz Cava, el 15 de marzo de 2026. Joan Cort\u00e8s lo retrata en INSTANTZZ. Dave Douglas Quartet son Dave Douglas, Marta Warelis, Ingebrigt H\u00e5ker Flaten, Rudy Royston\n","src":"https:\/\/i0.wp.com\/tomajazz.com\/web\/wp-content\/uploads\/2026\/04\/destacada-10-Dv-Dgls-Fr-Frrdms-Photo-by-Joan-Cortes-15mrc26-45FJT-NJC-Trrss.jpg?resize=350%2C200&ssl=1","width":350,"height":200,"srcset":"https:\/\/i0.wp.com\/tomajazz.com\/web\/wp-content\/uploads\/2026\/04\/destacada-10-Dv-Dgls-Fr-Frrdms-Photo-by-Joan-Cortes-15mrc26-45FJT-NJC-Trrss.jpg?resize=350%2C200&ssl=1 1x, https:\/\/i0.wp.com\/tomajazz.com\/web\/wp-content\/uploads\/2026\/04\/destacada-10-Dv-Dgls-Fr-Frrdms-Photo-by-Joan-Cortes-15mrc26-45FJT-NJC-Trrss.jpg?resize=525%2C300&ssl=1 1.5x"},"classes":[]},{"id":27507,"url":"https:\/\/tomajazz.com\/web\/instantzz-ralph-alessi-baida-quartet-conservatoire-a-rayonnement-regional-auditorium-28eme-festival-jazzebre-perpignan-france-2016-10-15-galeria-fotografica\/","url_meta":{"origin":24596,"position":1},"title":"INSTANTZZ: Ralph Alessi Baida Quartet (Conservatoire \u00e0 Rayonnement R\u00e9gional &#8211; Auditorium, 28\u00e8me Festival Jazz\u00e8bre, Perpignan -France-. 2016-10-15) [Galer\u00eda fotogr\u00e1fica]","author":"Tomajazz","date":"17 noviembre, 2016","format":false,"excerpt":"Joan Cort\u00e8s retrata en Instantzz la actuaci\u00f3n del Ralph Alessi Baida Quartet en el 28\u00e8me Festival Jazz\u00e8bre de Perpignan.","rel":"","context":"En \u00ab*_Joan Cort\u00e8s\u00bb","block_context":{"text":"*_Joan Cort\u00e8s","link":"https:\/\/tomajazz.com\/web\/category\/joan-cortes\/"},"img":{"alt_text":"","src":"https:\/\/i0.wp.com\/tomajazz.com\/web\/wp-content\/uploads\/2016\/11\/09_Rlph-lss-Bd-4t-%C2%A9Joan-Cort%C3%A8s_15oct16_Cnsrvtr_28Jzzbr_Prpignn.jpg?resize=350%2C200&ssl=1","width":350,"height":200,"srcset":"https:\/\/i0.wp.com\/tomajazz.com\/web\/wp-content\/uploads\/2016\/11\/09_Rlph-lss-Bd-4t-%C2%A9Joan-Cort%C3%A8s_15oct16_Cnsrvtr_28Jzzbr_Prpignn.jpg?resize=350%2C200&ssl=1 1x, https:\/\/i0.wp.com\/tomajazz.com\/web\/wp-content\/uploads\/2016\/11\/09_Rlph-lss-Bd-4t-%C2%A9Joan-Cort%C3%A8s_15oct16_Cnsrvtr_28Jzzbr_Prpignn.jpg?resize=525%2C300&ssl=1 1.5x"},"classes":[]},{"id":102929,"url":"https:\/\/tomajazz.com\/web\/samuel-blaser-marc-ducret-peter-bruun-jazz-cava-2025\/","url_meta":{"origin":24596,"position":2},"title":"Samuel Blaser, Marc Ducret &#038; Peter Bruun (Jazz Cava, 2025-11-20 \/ Vic -Barcelona-) Por Joan Cort\u00e8s [INSTANTZZ AKA Galer\u00eda fotogr\u00e1fica AKA Fotoblog de jazz, impro\u2026 y algo m\u00e1s]","author":"Tomajazz","date":"23 diciembre, 2025","format":false,"excerpt":"Samuel Blaser, Marc Ducret & Peter Bruun actuaron en la Jazz Cava de Vic, el 20 e noviembre de 2025. Joan Cort\u00e8s lo retrata en INSTANTZZ","rel":"","context":"En \u00ab*_Joan Cort\u00e8s\u00bb","block_context":{"text":"*_Joan Cort\u00e8s","link":"https:\/\/tomajazz.com\/web\/category\/joan-cortes\/"},"img":{"alt_text":"Samuel Blaser, Marc Ducret & Peter Bruun (Jazz Cava, 2025-11-20 \/ Vic -Barcelona-) Por Joan Cort\u00e8s [INSTANTZZ AKA Galer\u00eda fotogr\u00e1fica AKA Fotoblog de jazz, impro\u2026 y algo m\u00e1s] - Tomajazz - Samuel Blaser, Marc Ducret & Peter Bruun actuaron en la Jazz Cava de Vic, el 20 e noviembre de 2025. Joan Cort\u00e8s lo retrata en INSTANTZZ","src":"https:\/\/i0.wp.com\/tomajazz.com\/web\/wp-content\/uploads\/2025\/12\/destacado-07-Blsr-Dcrt-Brn-Photo-By-Joan-Cortes-20nvm25-JzzCv-Vc.jpg?resize=350%2C200&ssl=1","width":350,"height":200,"srcset":"https:\/\/i0.wp.com\/tomajazz.com\/web\/wp-content\/uploads\/2025\/12\/destacado-07-Blsr-Dcrt-Brn-Photo-By-Joan-Cortes-20nvm25-JzzCv-Vc.jpg?resize=350%2C200&ssl=1 1x, https:\/\/i0.wp.com\/tomajazz.com\/web\/wp-content\/uploads\/2025\/12\/destacado-07-Blsr-Dcrt-Brn-Photo-By-Joan-Cortes-20nvm25-JzzCv-Vc.jpg?resize=525%2C300&ssl=1 1.5x"},"classes":[]},{"id":104990,"url":"https:\/\/tomajazz.com\/web\/adam-ofarrill-elephant-jazz-cava-vic-2026\/","url_meta":{"origin":24596,"position":3},"title":"Adam O\u2019Farrill Elephant (Jazz Cava, 2026-03-12 \/ Vic -Barcelona-) Por Joan Cort\u00e8s [INSTANTZZ AKA Galer\u00eda fotogr\u00e1fica AKA Fotoblog de jazz, impro\u2026 y algo m\u00e1s]","author":"Tomajazz","date":"21 abril, 2026","format":false,"excerpt":"Adam O\u2019Farrill Elephant actu\u00f3 en la Jazz Cava de VIc, el 12 de marzo de 2026-03. Joan Cort\u00e8s lo retrata en INSTANTZZ. Adam O\u2019Farrill Elephant son Adam O\u2019Farrill, Yvonne Rogers, Walter Stinson, Russell Holzman","rel":"","context":"En \u00abINSTANTZZ\u00bb","block_context":{"text":"INSTANTZZ","link":"https:\/\/tomajazz.com\/web\/category\/contenidos\/imagenes\/photoblogs\/instantzz\/"},"img":{"alt_text":"Adam O\u2019Farrill Elephant (Jazz Cava, 2026-03-12 \/ Vic -Barcelona-) Por Joan Cort\u00e8s [INSTANTZZ AKA Galer\u00eda fotogr\u00e1fica AKA Fotoblog de jazz, impro\u2026 y algo m\u00e1s] - Tomajazz - Adam O\u2019Farrill Elephant actu\u00f3 en la Jazz Cava de VIc, el 12 de marzo de 2026-03. Joan Cort\u00e8s lo retrata en INSTANTZZ. Adam O\u2019Farrill Elephant son Adam O\u2019Farrill, Yvonne Rogers, Walter Stinson, Russell Holzman\n","src":"https:\/\/i0.wp.com\/tomajazz.com\/web\/wp-content\/uploads\/2026\/04\/destacada-10-dm-Frrl-lphnt-Photo-by-Joan-Cortes-12mrc26-LJzzCv-Vc.jpg?resize=350%2C200&ssl=1","width":350,"height":200},"classes":[]},{"id":103649,"url":"https:\/\/tomajazz.com\/web\/2025-en-25-imagenes-1\/","url_meta":{"origin":24596,"position":4},"title":"2025 en 25 im\u00e1genes -jazz, improvisaci\u00f3n y flamenco- (primera parte) Por Joan Cort\u00e8s [INSTANTZZ AKA Galer\u00eda fotogr\u00e1fica AKA Fotoblog de jazz, impro\u2026 y algo m\u00e1s]","author":"Tomajazz","date":"22 enero, 2026","format":false,"excerpt":"2025 en 25 im\u00e1genes -jazz, improvisaci\u00f3n y flamenco- (primera parte) es un cl\u00e1sico de Joan Cort\u00e8s cada inicio de a\u00f1o en INSTANTZZ","rel":"","context":"En \u00ab*_Joan Cort\u00e8s\u00bb","block_context":{"text":"*_Joan Cort\u00e8s","link":"https:\/\/tomajazz.com\/web\/category\/joan-cortes\/"},"img":{"alt_text":"2025 en 25 im\u00e1genes -jazz, improvisaci\u00f3n y flamenco- (primera parte) Por Joan Cort\u00e8s [INSTANTZZ AKA Galer\u00eda fotogr\u00e1fica AKA Fotoblog de jazz, impro\u2026 y algo m\u00e1s] - Tomajazz - 2025 en 25 im\u00e1genes -jazz, improvisaci\u00f3n y flamenco- (primera parte) es un cl\u00e1sico de Joan Cort\u00e8s cada inicio de a\u00f1o en INSTANTZZ","src":"https:\/\/i0.wp.com\/tomajazz.com\/web\/wp-content\/uploads\/2026\/01\/destacado-03-Nr-ndrr-sqllrm-Photo-by-Joan-Cortes-22fbr25-L-dtr-S1-Bcn.jpg?resize=350%2C200&ssl=1","width":350,"height":200,"srcset":"https:\/\/i0.wp.com\/tomajazz.com\/web\/wp-content\/uploads\/2026\/01\/destacado-03-Nr-ndrr-sqllrm-Photo-by-Joan-Cortes-22fbr25-L-dtr-S1-Bcn.jpg?resize=350%2C200&ssl=1 1x, https:\/\/i0.wp.com\/tomajazz.com\/web\/wp-content\/uploads\/2026\/01\/destacado-03-Nr-ndrr-sqllrm-Photo-by-Joan-Cortes-22fbr25-L-dtr-S1-Bcn.jpg?resize=525%2C300&ssl=1 1.5x"},"classes":[]},{"id":102647,"url":"https:\/\/tomajazz.com\/web\/joachim-govin-quartet-alternatilla-2025\/","url_meta":{"origin":24596,"position":5},"title":"Joachim Govin Quartet (9\u00ba Alternatilla Jazz Festival 2025. Casa des Poble, Esporles, Mallorca. 2025-11-22) Por Jos\u00e9 Luis Luna Rocafort [INSTANTZZ AKA Galer\u00eda fotogr\u00e1fica AKA Fotoblog de jazz, impro\u2026 y algo m\u00e1s]","author":"Tomajazz","date":"8 diciembre, 2025","format":false,"excerpt":"Joachim Govin Quartet actu\u00f3 en el 9\u00ba Alternatilla Jazz Festival 2025 en Esporles, Mallorca, el 22 de noviembre de 2025. Jos\u00e9 Luis Luna Rocafort lo retrata en INSTANTZZ. Actuaron Joachim Govin, Ben Van Gelder, Tony Tixier, Gautier Garrigue","rel":"","context":"En \u00ab*_Jos\u00e9 Luis Luna Rocafort\u00bb","block_context":{"text":"*_Jos\u00e9 Luis Luna Rocafort","link":"https:\/\/tomajazz.com\/web\/category\/jose-luis-luna-rocafort\/"},"img":{"alt_text":"Joachim Govin Quartet (9\u00ba Alternatilla Jazz Festival 2025. Casa des Pobla, Esporles, Mallorca. 2025-11-22) Por Jos\u00e9 Luis Luna Rocafort [INSTANTZZ AKA Galer\u00eda fotogr\u00e1fica AKA Fotoblog de jazz, impro\u2026 y algo m\u00e1s] - Tomajazz - Joachim Govin Quartet actu\u00f3 en el 9\u00ba Alternatilla Jazz Festival 2025 en Esporles, Mallorca, el 22 de noviembre de 2025. Jos\u00e9 Luis Luna Rocafort lo retrata en INSTANTZZ. Actuaron Joachim Govin, Ben Van Galder, Tony Tixier, Gautier Garrigue","src":"https:\/\/i0.wp.com\/tomajazz.com\/web\/wp-content\/uploads\/2025\/12\/006-4.jpg?resize=350%2C200&ssl=1","width":350,"height":200,"srcset":"https:\/\/i0.wp.com\/tomajazz.com\/web\/wp-content\/uploads\/2025\/12\/006-4.jpg?resize=350%2C200&ssl=1 1x, https:\/\/i0.wp.com\/tomajazz.com\/web\/wp-content\/uploads\/2025\/12\/006-4.jpg?resize=525%2C300&ssl=1 1.5x"},"classes":[]}],"_links":{"self":[{"href":"https:\/\/tomajazz.com\/web\/wp-json\/wp\/v2\/posts\/24596","targetHints":{"allow":["GET"]}}],"collection":[{"href":"https:\/\/tomajazz.com\/web\/wp-json\/wp\/v2\/posts"}],"about":[{"href":"https:\/\/tomajazz.com\/web\/wp-json\/wp\/v2\/types\/post"}],"author":[{"embeddable":true,"href":"https:\/\/tomajazz.com\/web\/wp-json\/wp\/v2\/users\/1"}],"replies":[{"embeddable":true,"href":"https:\/\/tomajazz.com\/web\/wp-json\/wp\/v2\/comments?post=24596"}],"version-history":[{"count":1,"href":"https:\/\/tomajazz.com\/web\/wp-json\/wp\/v2\/posts\/24596\/revisions"}],"predecessor-version":[{"id":24606,"href":"https:\/\/tomajazz.com\/web\/wp-json\/wp\/v2\/posts\/24596\/revisions\/24606"}],"wp:featuredmedia":[{"embeddable":true,"href":"https:\/\/tomajazz.com\/web\/wp-json\/wp\/v2\/media\/24601"}],"wp:attachment":[{"href":"https:\/\/tomajazz.com\/web\/wp-json\/wp\/v2\/media?parent=24596"}],"wp:term":[{"taxonomy":"category","embeddable":true,"href":"https:\/\/tomajazz.com\/web\/wp-json\/wp\/v2\/categories?post=24596"},{"taxonomy":"post_tag","embeddable":true,"href":"https:\/\/tomajazz.com\/web\/wp-json\/wp\/v2\/tags?post=24596"}],"curies":[{"name":"wp","href":"https:\/\/api.w.org\/{rel}","templated":true}]}}