{"id":24906,"date":"2016-06-14T18:47:27","date_gmt":"2016-06-14T16:47:27","guid":{"rendered":"http:\/\/www.tomajazz.com\/web\/?p=24906"},"modified":"2016-11-13T21:48:45","modified_gmt":"2016-11-13T20:48:45","slug":"hdo-130-marcelo-escrich-sus-palabras-y-sus-musicas-entrevista-por-pachi-tapiz-podcast","status":"publish","type":"post","link":"https:\/\/tomajazz.com\/web\/hdo-130-marcelo-escrich-sus-palabras-y-sus-musicas-entrevista-por-pachi-tapiz-podcast\/","title":{"rendered":"HDO 130. Marcelo Escrich: sus palabras y sus m\u00fasicas. Entrevista por Pachi Tapiz [Podcast]"},"content":{"rendered":"<p style=\"text-align: center;\"><img loading=\"lazy\" decoding=\"async\" class=\"aligncenter size-large wp-image-24908\" src=\"http:\/\/www.tomajazz.com\/web\/wp-content\/uploads\/2016\/06\/IMG_0038.JPG-Marcelo-escrichwm-400x600.jpg\" alt=\"IMG_0038.JPG-Marcelo escrichwm\" width=\"400\" height=\"600\" title=\"\" srcset=\"https:\/\/tomajazz.com\/web\/wp-content\/uploads\/2016\/06\/IMG_0038.JPG-Marcelo-escrichwm.jpg 400w, https:\/\/tomajazz.com\/web\/wp-content\/uploads\/2016\/06\/IMG_0038.JPG-Marcelo-escrichwm-100x150.jpg 100w, https:\/\/tomajazz.com\/web\/wp-content\/uploads\/2016\/06\/IMG_0038.JPG-Marcelo-escrichwm-200x300.jpg 200w, https:\/\/tomajazz.com\/web\/wp-content\/uploads\/2016\/06\/IMG_0038.JPG-Marcelo-escrichwm-37x55.jpg 37w\" sizes=\"auto, (max-width: 400px) 100vw, 400px\" \/><\/p>\n<p style=\"text-align: justify;\">El contrabajista <strong>Marcelo Escrich<\/strong> acaba de publicar en el sello Errabal <em>Charlie Haden Songbook<\/em>, su personal homenaje a <strong>Charlie Haden<\/strong> liderando el grupo <strong>Silent Trio<\/strong>. Una formaci\u00f3n sin piano ni bater\u00eda, en la que le acompa\u00f1an el saxofonista <strong>Alberto Arteta<\/strong> y el guitarrista <strong>Luis Gim\u00e9nez. <\/strong>Tanto estos como <strong>Escrich<\/strong> son tres integrantes esenciales en la pujante escena del jazz en Navarra. En tiempos de una inmediatez casi absoluta, esta es una grabaci\u00f3n que apenas ha tardado cuatro meses en pasar de ser una idea a ser publicada en formato CD. <strong>Marcelo Escrich <\/strong>charl\u00f3 \u201cround midnight\u201d con <strong>Pachi Tapiz <\/strong>acerca de su aproximaci\u00f3n al Charlie Haden compositor y m\u00fasico, as\u00ed como de esta obra. Como complemento a las palabras de Escrich suenan las m\u00fasicas de Haden interpretadas por el Silent Trio, que en tres momentos puntuales cuentan a su vez con la colaboraci\u00f3n de <strong>Mikel Andueza<\/strong>, <strong>Javier L\u00f3pez Jaso<\/strong> y <strong>Terela Grad\u00edn<\/strong>, tres invitados de lujo en esta grabaci\u00f3n. Abre el programa Escrich en solitario interpretando su obra \u201cSalmo N\u00ba1 para Charlie Haden\u201d que es toda una declaraci\u00f3n de intenciones.<\/p>\n<p style=\"text-align: right;\">Texto: \u00a9 Pachi Tapiz, 2016<br \/>\nFotograf\u00eda:\u00a0\u00a9 Sera Mart\u00edn, 2016<\/p>\n<p style=\"text-align: justify;\"><strong>HDO<\/strong> es un <em>podcast<\/em> editado, producido y presentado por Pachi Tapiz<\/p>\n<p><iframe id='audio_11896658' frameborder='0' allowfullscreen='' scrolling='no' height='200' src='http:\/\/www.ivoox.com\/player_ej_11896658_4_1.html?c1=5e5a56' style='border:1px solid #EEE; box-sizing:border-box; width:100%;'><\/iframe><\/p>\n<p style=\"text-align: center;\"><img loading=\"lazy\" decoding=\"async\" class=\"aligncenter size-medium wp-image-24907\" src=\"http:\/\/www.tomajazz.com\/web\/wp-content\/uploads\/2016\/06\/Marcelo-Escrich-Silent-Trio_Charlie-Haden-Songbook_Errabal_2016-200x181.jpg\" alt=\"Marcelo Escrich Silent Trio_Charlie Haden Songbook_Errabal_2016\" width=\"200\" height=\"181\" title=\"\" srcset=\"https:\/\/tomajazz.com\/web\/wp-content\/uploads\/2016\/06\/Marcelo-Escrich-Silent-Trio_Charlie-Haden-Songbook_Errabal_2016-200x181.jpg 200w, https:\/\/tomajazz.com\/web\/wp-content\/uploads\/2016\/06\/Marcelo-Escrich-Silent-Trio_Charlie-Haden-Songbook_Errabal_2016-150x136.jpg 150w, https:\/\/tomajazz.com\/web\/wp-content\/uploads\/2016\/06\/Marcelo-Escrich-Silent-Trio_Charlie-Haden-Songbook_Errabal_2016-768x695.jpg 768w, https:\/\/tomajazz.com\/web\/wp-content\/uploads\/2016\/06\/Marcelo-Escrich-Silent-Trio_Charlie-Haden-Songbook_Errabal_2016-600x543.jpg 600w, https:\/\/tomajazz.com\/web\/wp-content\/uploads\/2016\/06\/Marcelo-Escrich-Silent-Trio_Charlie-Haden-Songbook_Errabal_2016-61x55.jpg 61w, https:\/\/tomajazz.com\/web\/wp-content\/uploads\/2016\/06\/Marcelo-Escrich-Silent-Trio_Charlie-Haden-Songbook_Errabal_2016.jpg 1600w\" sizes=\"auto, (max-width: 200px) 100vw, 200px\" \/><\/p>\n<p style=\"text-align: justify;\">Marcelo Escrich Silent Trio: <em>Charlie Haden Songbook<\/em> (Errabal, 2016)<br \/>\nMarcelo Escrich, Alberto Arteta, Luis Gim\u00e9nez. Con la colaboraci\u00f3n de Mikel Andueza, Javier L\u00f3pez Jaso y Terela Grad\u00edn<\/p>\n","protected":false},"excerpt":{"rendered":"<p>El contrabajista Marcelo Escrich acaba de publicar en el sello Errabal Charlie Haden Songbook, su personal homenaje a Charlie Haden liderando el grupo Silent Trio. Una formaci\u00f3n sin piano ni bater\u00eda, en la que le acompa\u00f1an el saxofonista Alberto Arteta y el guitarrista Luis Gim\u00e9nez. Tanto estos como Escrich son<span class=\"more-link\"><a href=\"https:\/\/tomajazz.com\/web\/hdo-130-marcelo-escrich-sus-palabras-y-sus-musicas-entrevista-por-pachi-tapiz-podcast\/\">Contin\u00faa leyendo<\/a><\/span><\/p>\n","protected":false},"author":1,"featured_media":24907,"comment_status":"open","ping_status":"closed","sticky":false,"template":"","format":"standard","meta":{"jetpack_post_was_ever_published":false,"_jetpack_newsletter_access":"","_jetpack_dont_email_post_to_subs":true,"_jetpack_newsletter_tier_id":0,"_jetpack_memberships_contains_paywalled_content":false,"_jetpack_memberships_contains_paid_content":false,"footnotes":""},"categories":[17847,17852,78,17048,15537,5,13298,17149,9,12814,15518,1038],"tags":[7358,15962,13370,15480,12651,15698,1557,12790,15304,7259,12696,16012,13300,13299,16501,16499,15712,15713,15714,5153,13,15699,12415,15295,15278,960,15710,410,412,16497,16461,16500,7704,15307,15308,15309,31,12818,15310,15709,15711,209,16498,7605,16099,77,16100],"class_list":["entry","author-pachi","post-24906","post","type-post","status-publish","format-standard","has-post-thumbnail","category-pachi-tapiz","category-sera-martin","category-afondo","category-audioentrevistas-en-hdo","category-entrevistas","category-grabaciones","category-hablando-de-oidas-hdo","category-t02-2015-16","category-perfiles","category-podcast","category-sonidos","category-contenidos","tag-alberto-arteta","tag-audio-entrevista","tag-audioblog","tag-audioentrevista","tag-cd","tag-cd-de-jazz","tag-charlie-haden","tag-entrevista","tag-entrevista-de-jazz","tag-errabal","tag-grabaciones","tag-grabaciones-de-jazz","tag-hablando-de-oidas","tag-hdo","tag-hdo-130-marcelo-escrich-sus-palabras-y-sus-musicas","tag-hdo-130-marcelo-escrich-sus-palabras-y-sus-musicas-entrevista-por-pachi-tapiz","tag-hdo-el-podcast-de-jazz-de-pachi-tapiz","tag-hdo-el-podcast-de-pachi-tapiz","tag-hdo-hablando-de-oidas","tag-javier-lopez-jaso","tag-jazz","tag-jazz-cd","tag-jazz-en-espana","tag-jazz-en-espanol","tag-jazz-podcast","tag-jose-francisco-tapiz","tag-la-actualidad-del-jazz-en-espana","tag-luis-gimenez","tag-marcelo-escrich","tag-marcelo-escrich-charlie-haden-songbook","tag-marcelo-escrich-silent-trio-charlie-haden-songbook","tag-marcelo-escrich-sus-palabras-y-sus-musicas-entrevista-por-pachi-tapiz","tag-mikel-andueza","tag-novedades-cd","tag-novedades-discograficas","tag-nuevas-ediciones","tag-pachi-tapiz","tag-podcast","tag-podcast-de-jazz","tag-podcast-de-jazz-en-espana","tag-podcast-de-jazz-en-espanol","tag-sera-martin","tag-silent-trio-charlie-haden-songbook","tag-terela-gradin","tag-toma-jazz","tag-tomajazz","tag-tomajazz-toma-jazz"],"jetpack_featured_media_url":"https:\/\/tomajazz.com\/web\/wp-content\/uploads\/2016\/06\/Marcelo-Escrich-Silent-Trio_Charlie-Haden-Songbook_Errabal_2016.jpg","jetpack_likes_enabled":true,"jetpack_sharing_enabled":true,"jetpack-related-posts":[{"id":24870,"url":"https:\/\/tomajazz.com\/web\/hdo-127-128-toma-1-toma-jazz-de-por-aqui-podcast\/","url_meta":{"origin":24906,"position":0},"title":"HDO 127 \u2013 128: \u00a1Toma 1! Toma\u2026 jazz de por aqu\u00ed&#8230; [Podcast]","author":"Tomajazz","date":"9 junio, 2016","format":false,"excerpt":"Eso tan complicado de decidir\u2026 de decidir entre propuestas que se realizan desde aqu\u00ed\u2026 aqu\u00ed los recipientes de las m\u00fasicas\u2026 Marcelo Escrich Silent Trio Charlie Haden Songbook (Errabal Jazz); Biel Ballester Tr\u00edo: Melodium Melodynamic (Autoeditado, 2016); Joan Vidal Sextet: Revisiting Zarathustra (Jazz Granollers Records, 2016); RS Faktor: Ak\u00fafeno (Errabal Jazz,\u2026","rel":"","context":"En \u00ab*_Pachi Tapiz\u00bb","block_context":{"text":"*_Pachi Tapiz","link":"https:\/\/tomajazz.com\/web\/category\/pachi-tapiz\/"},"img":{"alt_text":"","src":"https:\/\/i0.wp.com\/tomajazz.com\/web\/wp-content\/uploads\/2016\/06\/HDO-127-128-129.jpg?resize=350%2C200&ssl=1","width":350,"height":200,"srcset":"https:\/\/i0.wp.com\/tomajazz.com\/web\/wp-content\/uploads\/2016\/06\/HDO-127-128-129.jpg?resize=350%2C200&ssl=1 1x, https:\/\/i0.wp.com\/tomajazz.com\/web\/wp-content\/uploads\/2016\/06\/HDO-127-128-129.jpg?resize=525%2C300&ssl=1 1.5x"},"classes":[]},{"id":24874,"url":"https:\/\/tomajazz.com\/web\/hdo-127-128-toma-2-toma-jazz-de-por-aqui-podcast\/","url_meta":{"origin":24906,"position":1},"title":"HDO 127 \u2013 128: \u00a1Toma 2! Toma\u2026 jazz de por aqu\u00ed&#8230; [Podcast]","author":"Tomajazz","date":"10 junio, 2016","format":false,"excerpt":"Eso tan complicado de decidir\u2026 de decidir entre propuestas que se realizan desde aqu\u00ed\u2026 aqu\u00ed los recipientes de las m\u00fasicas\u2026 Marcelo Escrich Silent Trio Charlie Haden Songbook (Errabal Jazz); Biel Ballester Tr\u00edo: Melodiuym Melodynamic (Autoeditado, 2015); Joan Vidal Sextet: Revisiting Zarathustra (Jazz Granollers Records, 2016); RS Faktor: Ak\u00fafeno (Errabal Jazz,\u2026","rel":"","context":"En \u00ab*_Pachi Tapiz\u00bb","block_context":{"text":"*_Pachi Tapiz","link":"https:\/\/tomajazz.com\/web\/category\/pachi-tapiz\/"},"img":{"alt_text":"","src":"https:\/\/i0.wp.com\/tomajazz.com\/web\/wp-content\/uploads\/2016\/06\/IMG_20160609_161559_recortada-56_web.jpg?resize=350%2C200&ssl=1","width":350,"height":200,"srcset":"https:\/\/i0.wp.com\/tomajazz.com\/web\/wp-content\/uploads\/2016\/06\/IMG_20160609_161559_recortada-56_web.jpg?resize=350%2C200&ssl=1 1x, https:\/\/i0.wp.com\/tomajazz.com\/web\/wp-content\/uploads\/2016\/06\/IMG_20160609_161559_recortada-56_web.jpg?resize=525%2C300&ssl=1 1.5x, https:\/\/i0.wp.com\/tomajazz.com\/web\/wp-content\/uploads\/2016\/06\/IMG_20160609_161559_recortada-56_web.jpg?resize=700%2C400&ssl=1 2x"},"classes":[]},{"id":24880,"url":"https:\/\/tomajazz.com\/web\/hdo-129-127-128-el-montaje-final-toma-jazz-de-por-aqui-podcast\/","url_meta":{"origin":24906,"position":2},"title":"HDO 129= 127 + 128: (El montaje final) Toma\u2026 jazz de por aqu\u00ed\u2026 [Podcast]","author":"Tomajazz","date":"11 junio, 2016","format":false,"excerpt":"Eso tan complicado de decidir\u2026 de decidir entre propuestas que se realizan desde aqu\u00ed\u2026 aqu\u00ed los recipientes de las m\u00fasicas\u2026 Marcelo Escrich Silent Trio Charlie Haden Songbook (Errabal Jazz); Biel Ballester Tr\u00edo: Melodiuym Melodynamic (Autoeditado, 2015); Joan Vidal Sextet: Revisiting Zarathustra (Jazz Granollers Records, 2016); RS Faktor: Ak\u00fafeno (Errabal Jazz,\u2026","rel":"","context":"En \u00ab*_Pachi Tapiz\u00bb","block_context":{"text":"*_Pachi Tapiz","link":"https:\/\/tomajazz.com\/web\/category\/pachi-tapiz\/"},"img":{"alt_text":"","src":"https:\/\/i0.wp.com\/tomajazz.com\/web\/wp-content\/uploads\/2016\/06\/IMG_20160609_161559_recortada_giro-1_web.jpg?resize=350%2C200&ssl=1","width":350,"height":200,"srcset":"https:\/\/i0.wp.com\/tomajazz.com\/web\/wp-content\/uploads\/2016\/06\/IMG_20160609_161559_recortada_giro-1_web.jpg?resize=350%2C200&ssl=1 1x, https:\/\/i0.wp.com\/tomajazz.com\/web\/wp-content\/uploads\/2016\/06\/IMG_20160609_161559_recortada_giro-1_web.jpg?resize=525%2C300&ssl=1 1.5x, https:\/\/i0.wp.com\/tomajazz.com\/web\/wp-content\/uploads\/2016\/06\/IMG_20160609_161559_recortada_giro-1_web.jpg?resize=700%2C400&ssl=1 2x"},"classes":[]},{"id":29437,"url":"https:\/\/tomajazz.com\/web\/hdo-241-en-concierto-en-iruna-jazz-festival-2017-podcast\/","url_meta":{"origin":24906,"position":3},"title":"HDO 241. En concierto en&#8230; Iru\u00f1a Jazz Festival 2017 [Podcast]","author":"Tomajazz","date":"21 febrero, 2017","format":false,"excerpt":"El mi\u00e9rcoles 22 de febrero de 2017 comienza la primera edici\u00f3n del Iru\u00f1a Jazz Festival en la sala Zentral de Pamplona. En la entrega n\u00famero 241 del podcast HDO, Pachi Tapiz repasa la programaci\u00f3n y selecciona m\u00fasica de la mayor parte de las formaciones que pasar\u00e1n por el festival: Eva\u2026","rel":"","context":"En \u00ab*_Pachi Tapiz\u00bb","block_context":{"text":"*_Pachi Tapiz","link":"https:\/\/tomajazz.com\/web\/category\/pachi-tapiz\/"},"img":{"alt_text":"","src":"https:\/\/i0.wp.com\/tomajazz.com\/web\/wp-content\/uploads\/2017\/02\/Iru%C3%B1a-Jazz-Festival-definitivo.jpg?resize=350%2C200&ssl=1","width":350,"height":200,"srcset":"https:\/\/i0.wp.com\/tomajazz.com\/web\/wp-content\/uploads\/2017\/02\/Iru%C3%B1a-Jazz-Festival-definitivo.jpg?resize=350%2C200&ssl=1 1x, https:\/\/i0.wp.com\/tomajazz.com\/web\/wp-content\/uploads\/2017\/02\/Iru%C3%B1a-Jazz-Festival-definitivo.jpg?resize=525%2C300&ssl=1 1.5x, https:\/\/i0.wp.com\/tomajazz.com\/web\/wp-content\/uploads\/2017\/02\/Iru%C3%B1a-Jazz-Festival-definitivo.jpg?resize=700%2C400&ssl=1 2x, https:\/\/i0.wp.com\/tomajazz.com\/web\/wp-content\/uploads\/2017\/02\/Iru%C3%B1a-Jazz-Festival-definitivo.jpg?resize=1050%2C600&ssl=1 3x"},"classes":[]},{"id":35912,"url":"https:\/\/tomajazz.com\/web\/jazz-para-ti-programa-008-jazz-de-aqui-podcast\/","url_meta":{"origin":24906,"position":4},"title":"Jazz Para Ti (Programa 008. 2018-04-03): Jazz de aqu\u00ed [Podcast]","author":"Tomajazz","date":"4 abril, 2018","format":false,"excerpt":"Jazz Para Ti del 3 de abril de 2018\u00a0se centra en propuestas nacionales -todas salvo una publicadas en los \u00faltimos meses-, en su octava entrega. Suenan\u00a0Metamorfosis de\u00a0Mois\u00e9s P. S\u00e1nchez,\u00a0Motion\u00a0de\u00a0David Pastor Nu-Roots,\u00a0MAP\u00a0de\u00a0Marco Mezquida - Ernesto Aurignac - Ramon Prats,\u00a0Charlie Haden Songbook\u00a0de\u00a0Marcelo Escrich Silent Trio,\u00a0Vientos Cruzados\u00a0de\u00a0Baldo Mart\u00ednez Grupo,\u00a0Pragmata\u00a0de\u00a0Ivo Sans ISC,\u00a0Round About Armstrong\u00a0de\u00a0\u00a1Zas!\u2026","rel":"","context":"En \u00ab*_Pachi Tapiz\u00bb","block_context":{"text":"*_Pachi Tapiz","link":"https:\/\/tomajazz.com\/web\/category\/pachi-tapiz\/"},"img":{"alt_text":"","src":"https:\/\/i0.wp.com\/tomajazz.com\/web\/wp-content\/uploads\/2018\/02\/JazzParaTi_Logo_001.png?resize=350%2C200&ssl=1","width":350,"height":200,"srcset":"https:\/\/i0.wp.com\/tomajazz.com\/web\/wp-content\/uploads\/2018\/02\/JazzParaTi_Logo_001.png?resize=350%2C200&ssl=1 1x, https:\/\/i0.wp.com\/tomajazz.com\/web\/wp-content\/uploads\/2018\/02\/JazzParaTi_Logo_001.png?resize=525%2C300&ssl=1 1.5x"},"classes":[]},{"id":29629,"url":"https:\/\/tomajazz.com\/web\/marcelo-escrich-silent-trio-charlie-haden-songbook-errabaljazz-2016-cd\/","url_meta":{"origin":24906,"position":5},"title":"Marcelo Escrich Silent Trio: Charlie Haden songbook (Errabaljazz, 2016) [CD]","author":"Tomajazz","date":"8 marzo, 2017","format":false,"excerpt":"Quiz\u00e1s haya sido largo el camino a recorrer, pero ha merecido la pena. Tantos a\u00f1os de jazz en Espa\u00f1a encuentran as\u00ed acomodo y su premio en m\u00fasicos como el tr\u00edo de Marcelo Escrich en un sentido homenaje al gran bajista Charlie Haden y su m\u00fasica. Una obra de corte moderno,\u2026","rel":"","context":"En \u00ab*_Enrique Farelo\u00bb","block_context":{"text":"*_Enrique Farelo","link":"https:\/\/tomajazz.com\/web\/category\/enrique-farelo\/"},"img":{"alt_text":"","src":"https:\/\/i0.wp.com\/tomajazz.com\/web\/wp-content\/uploads\/2016\/06\/Marcelo-Escrich-Silent-Trio_Charlie-Haden-Songbook_Errabal_2016.jpg?resize=350%2C200&ssl=1","width":350,"height":200,"srcset":"https:\/\/i0.wp.com\/tomajazz.com\/web\/wp-content\/uploads\/2016\/06\/Marcelo-Escrich-Silent-Trio_Charlie-Haden-Songbook_Errabal_2016.jpg?resize=350%2C200&ssl=1 1x, https:\/\/i0.wp.com\/tomajazz.com\/web\/wp-content\/uploads\/2016\/06\/Marcelo-Escrich-Silent-Trio_Charlie-Haden-Songbook_Errabal_2016.jpg?resize=525%2C300&ssl=1 1.5x, https:\/\/i0.wp.com\/tomajazz.com\/web\/wp-content\/uploads\/2016\/06\/Marcelo-Escrich-Silent-Trio_Charlie-Haden-Songbook_Errabal_2016.jpg?resize=700%2C400&ssl=1 2x, https:\/\/i0.wp.com\/tomajazz.com\/web\/wp-content\/uploads\/2016\/06\/Marcelo-Escrich-Silent-Trio_Charlie-Haden-Songbook_Errabal_2016.jpg?resize=1050%2C600&ssl=1 3x, https:\/\/i0.wp.com\/tomajazz.com\/web\/wp-content\/uploads\/2016\/06\/Marcelo-Escrich-Silent-Trio_Charlie-Haden-Songbook_Errabal_2016.jpg?resize=1400%2C800&ssl=1 4x"},"classes":[]}],"_links":{"self":[{"href":"https:\/\/tomajazz.com\/web\/wp-json\/wp\/v2\/posts\/24906","targetHints":{"allow":["GET"]}}],"collection":[{"href":"https:\/\/tomajazz.com\/web\/wp-json\/wp\/v2\/posts"}],"about":[{"href":"https:\/\/tomajazz.com\/web\/wp-json\/wp\/v2\/types\/post"}],"author":[{"embeddable":true,"href":"https:\/\/tomajazz.com\/web\/wp-json\/wp\/v2\/users\/1"}],"replies":[{"embeddable":true,"href":"https:\/\/tomajazz.com\/web\/wp-json\/wp\/v2\/comments?post=24906"}],"version-history":[{"count":2,"href":"https:\/\/tomajazz.com\/web\/wp-json\/wp\/v2\/posts\/24906\/revisions"}],"predecessor-version":[{"id":24910,"href":"https:\/\/tomajazz.com\/web\/wp-json\/wp\/v2\/posts\/24906\/revisions\/24910"}],"wp:featuredmedia":[{"embeddable":true,"href":"https:\/\/tomajazz.com\/web\/wp-json\/wp\/v2\/media\/24907"}],"wp:attachment":[{"href":"https:\/\/tomajazz.com\/web\/wp-json\/wp\/v2\/media?parent=24906"}],"wp:term":[{"taxonomy":"category","embeddable":true,"href":"https:\/\/tomajazz.com\/web\/wp-json\/wp\/v2\/categories?post=24906"},{"taxonomy":"post_tag","embeddable":true,"href":"https:\/\/tomajazz.com\/web\/wp-json\/wp\/v2\/tags?post=24906"}],"curies":[{"name":"wp","href":"https:\/\/api.w.org\/{rel}","templated":true}]}}