{"id":25186,"date":"2016-06-29T11:33:53","date_gmt":"2016-06-29T09:33:53","guid":{"rendered":"http:\/\/www.tomajazz.com\/web\/?p=25186"},"modified":"2016-11-13T21:48:38","modified_gmt":"2016-11-13T20:48:38","slug":"hdo-138-juan-camacho-artesania-popular-la-estrategia-del-tiempo-ternario-3x3-03","status":"publish","type":"post","link":"https:\/\/tomajazz.com\/web\/hdo-138-juan-camacho-artesania-popular-la-estrategia-del-tiempo-ternario-3x3-03\/","title":{"rendered":"HDO 138. Juan Camacho: Artesan\u00eda Popular, La estrategia del tiempo, Ternario. 3X3 (03)"},"content":{"rendered":"<p><center><img loading=\"lazy\" decoding=\"async\" class=\"alignnone size-medium wp-image-25187\" src=\"http:\/\/www.tomajazz.com\/web\/wp-content\/uploads\/2016\/06\/01-Juan-Camacho-Cuarteto-con-Alex-Cid_Artesani\u0301a-Popular_autoeditado_2016-200x200.jpg\" alt=\"01 - Juan Camacho Cuarteto con Alex Cid_Artesani\u0301a Popular_autoeditado_2016\" width=\"200\" height=\"200\" title=\"\"><img loading=\"lazy\" decoding=\"async\" class=\"alignnone size-medium wp-image-25189\" src=\"http:\/\/www.tomajazz.com\/web\/wp-content\/uploads\/2016\/06\/03-Juan-Camacho-Quintet_Ternario-La-po\u00e9tica-de-la-resistencia_Satchmo-Jazz_2005-200x199.jpeg\" alt=\"03 - Juan Camacho Quintet_Ternario - La po\u00e9tica de la resistencia_Satchmo Jazz_2005\" width=\"200\" height=\"200\" title=\"\"> <img loading=\"lazy\" decoding=\"async\" class=\"alignnone size-medium wp-image-25188\" src=\"http:\/\/www.tomajazz.com\/web\/wp-content\/uploads\/2016\/06\/02-Juan-Camacho-Quinteto_La-estrategia-del-tiempo_Producciones-Artesanales_2009-200x199.jpeg\" alt=\"02 - Juan Camacho Quinteto_La estrategia del tiempo_Producciones Artesanales_2009\" width=\"200\" height=\"200\" title=\"\"><\/center><\/p>\n<p style=\"text-align: justify;\">El guitarrista <strong>Juan Camacho<\/strong> ha publicado a mediados de 2016 su nuevo CD <em>Artesan\u00eda Popular<\/em> (Producciones Artesnales) al frente del <strong>Juan Camacho Cuarteto<\/strong>, que aumenta en tres temas hasta quinteto con la participaci\u00f3n del saxofonista <strong>\u00c1lex Cid<\/strong>. Al igual que ocurr\u00eda en sus obras anteriores <em>La estrategia del tiempo<\/em> (Producciones Artesanales, 2009), y <em>Ternario. La po\u00e9tica de la resistencia<\/em> (Satchmo Records, 2005), esta grabaci\u00f3n vuelve a incluir unas composiciones m\u00e1s que notables con un grupo que las interpreta magn\u00edficamente ensamblado.<\/p>\n<p style=\"text-align: justify;\">Como adelanto a la entrevista que realizaremos a este artesano del sonido, escuchamos tres temas de esta nueva grabaci\u00f3n, y recuperamos otros tres temas de las dos grabaciones anteriores. En esta ocasi\u00f3n es el propio <strong>Juan Camacho<\/strong> quien realiza la selecci\u00f3n de los temas que suenan: \u201cQu\u00e9 viene despu\u00e9s\u201d, \u201cLa tierra de los hombres sin patria\u201d y \u201cLos artesanos encuentran a Dante camino del infierno\u201d de <em>Artesan\u00eda popular<\/em>; \u201cHip Bop\u201d, \u201cLa furia del artesano\u201d y \u201cN\u00e1ufrago cruzando la pasarela sobre la autopista\u201d de <em>La estrategia del tiempo<\/em>; \u201cTo\u00f1o se va en un barco\u201d, \u201dLa memoria de las hojas de la calle 80\u201d y \u201cEl himno de la resistencia\u201d de <em>Ternario. La po\u00e9tica de la resistencia<\/em>.<\/p>\n<p style=\"text-align: right;\">\u00a9 Pachi Tapiz, 2016<\/p>\n<p><strong>HDO<\/strong> es un <em>podcast<\/em> editado, producido y presentado por <strong>Pachi Tapiz<\/strong>.<br \/>\n<iframe id='audio_12060006' frameborder='0' allowfullscreen='' scrolling='no' height='200' src='http:\/\/www.ivoox.com\/player_ej_12060006_4_1.html?c1=a15827' style='border:1px solid #EEE; box-sizing:border-box; width:100%;'><\/iframe><br \/>\n&nbsp;<\/p>\n<p><strong>Las grabaciones, los m\u00fasicos:<\/strong><\/p>\n<ul>\n<li>Juan Camacho Cuarteto: <em>Artesan\u00eda popular <\/em>(Producciones Artesanales, 2016)<br \/>\nJuan Camacho, Teo G\u00f3mez, Arturo Mora, Eduardo Solas, \u00c1lex Cid<\/li>\n<li>Juan Camacho Quinteto: <em>La estrategia del tiempo<\/em> (Producciones Artesanales, 2009)<br \/>\nJuan Camacho, Teo G\u00f3mez, Arturo Mora, Renato di Prinzio, \u00c1lex Cid<\/li>\n<li>Juan Camacho Quintet: <em>Ternario. La po\u00e9tica de la resistencia<\/em> (Satchmo Records, 2005)<br \/>\nJuan Camacho, Teo G\u00f3mez, Jos\u00e9 Vicente Mu\u00f1oz, Juan Ram\u00f3n Callejas, Renato di Prinzio<\/li>\n<\/ul>\n","protected":false},"excerpt":{"rendered":"<p>El guitarrista Juan Camacho ha publicado a mediados de 2016 su nuevo CD Artesan\u00eda Popular (Producciones Artesnales) al frente del Juan Camacho Cuarteto, que aumenta en tres temas hasta quinteto con la participaci\u00f3n del saxofonista \u00c1lex Cid. Al igual que ocurr\u00eda en sus obras anteriores La estrategia del tiempo (Producciones<span class=\"more-link\"><a href=\"https:\/\/tomajazz.com\/web\/hdo-138-juan-camacho-artesania-popular-la-estrategia-del-tiempo-ternario-3x3-03\/\">Contin\u00faa leyendo<\/a><\/span><\/p>\n","protected":false},"author":1,"featured_media":25187,"comment_status":"open","ping_status":"closed","sticky":false,"template":"","format":"standard","meta":{"jetpack_post_was_ever_published":false,"_jetpack_newsletter_access":"","_jetpack_dont_email_post_to_subs":true,"_jetpack_newsletter_tier_id":0,"_jetpack_memberships_contains_paywalled_content":false,"_jetpack_memberships_contains_paid_content":false,"footnotes":""},"categories":[17847,5,13298,17149,12814,15518,1038],"tags":[85,260,13370,12651,15698,15521,12696,16012,13300,13299,15712,15713,15714,13,15699,12415,15295,15278,960,10762,158,15519,16729,16731,16730,10758,15710,15307,15308,15309,31,12818,15310,15709,15711,16732,7668,9234,86,16099,77,16100],"class_list":["entry","author-pachi","post-25186","post","type-post","status-publish","format-standard","has-post-thumbnail","category-pachi-tapiz","category-grabaciones","category-hablando-de-oidas-hdo","category-t02-2015-16","category-podcast","category-sonidos","category-contenidos","tag-alex-cid","tag-arturo-mora-rioja","tag-audioblog","tag-cd","tag-cd-de-jazz","tag-eduardo-solas","tag-grabaciones","tag-grabaciones-de-jazz","tag-hablando-de-oidas","tag-hdo","tag-hdo-el-podcast-de-jazz-de-pachi-tapiz","tag-hdo-el-podcast-de-pachi-tapiz","tag-hdo-hablando-de-oidas","tag-jazz","tag-jazz-cd","tag-jazz-en-espana","tag-jazz-en-espanol","tag-jazz-podcast","tag-jose-francisco-tapiz","tag-jose-vicente-munoz","tag-juan-camacho","tag-juan-camacho-cuarteto","tag-juan-camacho-cuarteto-mas-alex-cid","tag-juan-camacho-quintet","tag-juan-camacho-quinteto","tag-juan-ramon-callejas","tag-la-actualidad-del-jazz-en-espana","tag-novedades-cd","tag-novedades-discograficas","tag-nuevas-ediciones","tag-pachi-tapiz","tag-podcast","tag-podcast-de-jazz","tag-podcast-de-jazz-en-espana","tag-podcast-de-jazz-en-espanol","tag-producciones-artesanales","tag-renato-di-prinzio","tag-satchmo-records","tag-teo-gomez","tag-toma-jazz","tag-tomajazz","tag-tomajazz-toma-jazz"],"jetpack_featured_media_url":"https:\/\/tomajazz.com\/web\/wp-content\/uploads\/2016\/06\/01-Juan-Camacho-Cuarteto-con-Alex-Cid_Artesani\u0301a-Popular_autoeditado_2016-e1467177057887.jpg","jetpack_likes_enabled":true,"jetpack_sharing_enabled":true,"jetpack-related-posts":[{"id":26683,"url":"https:\/\/tomajazz.com\/web\/hdo-171-juan-camacho-artesania-popular-sus-palabras-y-su-musica-entrevista-por-pachi-tapiz-podcast\/","url_meta":{"origin":25186,"position":0},"title":"HDO 171. Juan Camacho \u00abArtesan\u00eda Popular\u00bb: sus palabras y su m\u00fasica. Entrevista por Pachi Tapiz [Podcast]","author":"Tomajazz","date":"4 octubre, 2016","format":false,"excerpt":"El guitarrista Juan Camacho ha publicado su nuevo CD titulado Artesan\u00eda Popular (Producciones Artesnales, 2016) al frente del Juan Camacho Cuarteto, que aumenta en tres temas hasta quinteto con la participaci\u00f3n del saxofonista \u00c1lex Cid. Pachi Tapiz charl\u00f3 con el guitarrista y compositor, adem\u00e1s de seleccionar cuatro temas de esta\u2026","rel":"","context":"En \u00ab*_Pachi Tapiz\u00bb","block_context":{"text":"*_Pachi Tapiz","link":"https:\/\/tomajazz.com\/web\/category\/pachi-tapiz\/"},"img":{"alt_text":"","src":"https:\/\/i0.wp.com\/tomajazz.com\/web\/wp-content\/uploads\/2016\/09\/Juan-Camacho_foto-por-Teo-Gomez-e1475263904159.jpg?resize=350%2C200&ssl=1","width":350,"height":200,"srcset":"https:\/\/i0.wp.com\/tomajazz.com\/web\/wp-content\/uploads\/2016\/09\/Juan-Camacho_foto-por-Teo-Gomez-e1475263904159.jpg?resize=350%2C200&ssl=1 1x, https:\/\/i0.wp.com\/tomajazz.com\/web\/wp-content\/uploads\/2016\/09\/Juan-Camacho_foto-por-Teo-Gomez-e1475263904159.jpg?resize=525%2C300&ssl=1 1.5x, https:\/\/i0.wp.com\/tomajazz.com\/web\/wp-content\/uploads\/2016\/09\/Juan-Camacho_foto-por-Teo-Gomez-e1475263904159.jpg?resize=700%2C400&ssl=1 2x"},"classes":[]},{"id":22460,"url":"https:\/\/tomajazz.com\/web\/al-habla-con-chefa-alonso-sus-palabras-y-sus-musicas-hdo-0080-podcast\/","url_meta":{"origin":25186,"position":1},"title":"Al habla con Chefa Alonso: sus palabras y sus m\u00fasicas. HDO 0080 [Podcast]","author":"Tomajazz","date":"1 marzo, 2016","format":false,"excerpt":"Chefa Alonso es una figura esencial en la libre improvisaci\u00f3n en Espa\u00f1a. Por un lado est\u00e1 su labor como m\u00fasico en m\u00faltiples proyectos, y por otra su labor pedag\u00f3gica. Esta faceta tiene un aspecto pr\u00e1ctico mediante la impartici\u00f3n de talleres multidisciplinares, como uno te\u00f3rico que ha dado lugar a los\u2026","rel":"","context":"En \u00ab*_Pachi Tapiz\u00bb","block_context":{"text":"*_Pachi Tapiz","link":"https:\/\/tomajazz.com\/web\/category\/pachi-tapiz\/"},"img":{"alt_text":"","src":"https:\/\/i0.wp.com\/tomajazz.com\/web\/wp-content\/uploads\/2016\/02\/chefa-alonso-por-Dilyan-Ca%CC%81tara.jpg?resize=350%2C200&ssl=1","width":350,"height":200,"srcset":"https:\/\/i0.wp.com\/tomajazz.com\/web\/wp-content\/uploads\/2016\/02\/chefa-alonso-por-Dilyan-Ca%CC%81tara.jpg?resize=350%2C200&ssl=1 1x, https:\/\/i0.wp.com\/tomajazz.com\/web\/wp-content\/uploads\/2016\/02\/chefa-alonso-por-Dilyan-Ca%CC%81tara.jpg?resize=525%2C300&ssl=1 1.5x, https:\/\/i0.wp.com\/tomajazz.com\/web\/wp-content\/uploads\/2016\/02\/chefa-alonso-por-Dilyan-Ca%CC%81tara.jpg?resize=700%2C400&ssl=1 2x, https:\/\/i0.wp.com\/tomajazz.com\/web\/wp-content\/uploads\/2016\/02\/chefa-alonso-por-Dilyan-Ca%CC%81tara.jpg?resize=1050%2C600&ssl=1 3x"},"classes":[]},{"id":31531,"url":"https:\/\/tomajazz.com\/web\/hdo-288-underpool-5-one-two-free-fall-galiana-besalduch-podcast\/","url_meta":{"origin":25186,"position":2},"title":"HDO 288. Underpool 5 &#8211; One Two Free Fall &#8211; Galiana Besalduch [Podcast]","author":"Tomajazz","date":"21 julio, 2017","format":false,"excerpt":"Underpool 5\u00a0(Underpool, 2017) con el colectivo formado por Ramon Prats, Martin Leiton, Roger Mas y Gorka Ben\u00edtez;\u00a0One Two Free Fall\u00a0(Underpool, 2017) con\u00a0Juli\u00e1n S\u00e1nchez,\u00a0Luz Prado,\u00a0Juan Masana,\u00a0Javier del Barco; y\u00a0Stromb\u00f2tics\u00a0(Liquen Records, 2017) de\u00a0(Josep Lluis) Galiana y (Ferran) Besalduch, suenan en la entrega 288 de HDO. Tomajazz: \u00a9 Pachi Tapiz, 2017 HDO es\u2026","rel":"","context":"En \u00ab*_Pachi Tapiz\u00bb","block_context":{"text":"*_Pachi Tapiz","link":"https:\/\/tomajazz.com\/web\/category\/pachi-tapiz\/"},"img":{"alt_text":"","src":"https:\/\/i0.wp.com\/tomajazz.com\/web\/wp-content\/uploads\/2017\/07\/One-Two-Free-Fall_One-Two-Free-Fall_Underpool_2017.jpg?resize=350%2C200&ssl=1","width":350,"height":200,"srcset":"https:\/\/i0.wp.com\/tomajazz.com\/web\/wp-content\/uploads\/2017\/07\/One-Two-Free-Fall_One-Two-Free-Fall_Underpool_2017.jpg?resize=350%2C200&ssl=1 1x, https:\/\/i0.wp.com\/tomajazz.com\/web\/wp-content\/uploads\/2017\/07\/One-Two-Free-Fall_One-Two-Free-Fall_Underpool_2017.jpg?resize=525%2C300&ssl=1 1.5x, https:\/\/i0.wp.com\/tomajazz.com\/web\/wp-content\/uploads\/2017\/07\/One-Two-Free-Fall_One-Two-Free-Fall_Underpool_2017.jpg?resize=700%2C400&ssl=1 2x"},"classes":[]},{"id":29686,"url":"https:\/\/tomajazz.com\/web\/hdo-246-en-concierto-con-theo-bleckmann-en-jamboree-podcast\/","url_meta":{"origin":25186,"position":3},"title":"HDO 246. En concierto con&#8230; Theo Bleckmann en Jamboree [Podcast]","author":"Tomajazz","date":"14 marzo, 2017","format":false,"excerpt":"El jueves 16 de marzo, en las habituales sesiones dobles de 20:00 y 22:00, el cantante Theo Bleckmann presentar\u00e1 en el barcelon\u00e9s Jamboree, su nueva grabaci\u00f3n Elegy (ECM, 2017), al frente del grupo que ha grabado en el prestigioso sello alem\u00e1n. Un cuarteto de muchos quilates con acompa\u00f1antes como John\u2026","rel":"","context":"En \u00ab*_Pachi Tapiz\u00bb","block_context":{"text":"*_Pachi Tapiz","link":"https:\/\/tomajazz.com\/web\/category\/pachi-tapiz\/"},"img":{"alt_text":"","src":"https:\/\/i0.wp.com\/tomajazz.com\/web\/wp-content\/uploads\/2017\/03\/Theo-Bleckmann_Elegy_ECM_2017-e1489429980557.jpg?resize=350%2C200&ssl=1","width":350,"height":200,"srcset":"https:\/\/i0.wp.com\/tomajazz.com\/web\/wp-content\/uploads\/2017\/03\/Theo-Bleckmann_Elegy_ECM_2017-e1489429980557.jpg?resize=350%2C200&ssl=1 1x, https:\/\/i0.wp.com\/tomajazz.com\/web\/wp-content\/uploads\/2017\/03\/Theo-Bleckmann_Elegy_ECM_2017-e1489429980557.jpg?resize=525%2C300&ssl=1 1.5x, https:\/\/i0.wp.com\/tomajazz.com\/web\/wp-content\/uploads\/2017\/03\/Theo-Bleckmann_Elegy_ECM_2017-e1489429980557.jpg?resize=700%2C400&ssl=1 2x"},"classes":[]},{"id":26923,"url":"https:\/\/tomajazz.com\/web\/hdo-179-baldo-martinez-vientos-cruzados-sus-palabras-y-su-musica-entrevista-por-pachi-tapiz-podcast\/","url_meta":{"origin":25186,"position":4},"title":"HDO 179. Baldo Mart\u00ednez Vientos Cruzados. Sus palabras y su m\u00fasica. Entrevista por Pachi Tapiz [Podcast]","author":"Tomajazz","date":"18 octubre, 2016","format":false,"excerpt":"El contrabajista y compositor Baldo Mart\u00ednez ha publicado en octubre de 2016 Vientos cruzados (Karonte). Esta grabaci\u00f3n est\u00e1 editada a nombre del Baldo Mart\u00ednez Grupo, que presenta una nueva formaci\u00f3n. A\u00a0 los habituales David Herrington (trompeta y fliscornio) y Pedro L\u00f3pez (bater\u00eda), se une el joven flautista y saxofonista Juan\u2026","rel":"","context":"En \u00ab*_Pachi Tapiz\u00bb","block_context":{"text":"*_Pachi Tapiz","link":"https:\/\/tomajazz.com\/web\/category\/pachi-tapiz\/"},"img":{"alt_text":"","src":"https:\/\/i0.wp.com\/tomajazz.com\/web\/wp-content\/uploads\/2016\/10\/Baldo-Mart%C3%ADnez-Grupo_Vientos-Cruzados_Karonte_2016-e1476711176893.jpg?resize=350%2C200&ssl=1","width":350,"height":200,"srcset":"https:\/\/i0.wp.com\/tomajazz.com\/web\/wp-content\/uploads\/2016\/10\/Baldo-Mart%C3%ADnez-Grupo_Vientos-Cruzados_Karonte_2016-e1476711176893.jpg?resize=350%2C200&ssl=1 1x, https:\/\/i0.wp.com\/tomajazz.com\/web\/wp-content\/uploads\/2016\/10\/Baldo-Mart%C3%ADnez-Grupo_Vientos-Cruzados_Karonte_2016-e1476711176893.jpg?resize=525%2C300&ssl=1 1.5x"},"classes":[]},{"id":29437,"url":"https:\/\/tomajazz.com\/web\/hdo-241-en-concierto-en-iruna-jazz-festival-2017-podcast\/","url_meta":{"origin":25186,"position":5},"title":"HDO 241. En concierto en&#8230; Iru\u00f1a Jazz Festival 2017 [Podcast]","author":"Tomajazz","date":"21 febrero, 2017","format":false,"excerpt":"El mi\u00e9rcoles 22 de febrero de 2017 comienza la primera edici\u00f3n del Iru\u00f1a Jazz Festival en la sala Zentral de Pamplona. En la entrega n\u00famero 241 del podcast HDO, Pachi Tapiz repasa la programaci\u00f3n y selecciona m\u00fasica de la mayor parte de las formaciones que pasar\u00e1n por el festival: Eva\u2026","rel":"","context":"En \u00ab*_Pachi Tapiz\u00bb","block_context":{"text":"*_Pachi Tapiz","link":"https:\/\/tomajazz.com\/web\/category\/pachi-tapiz\/"},"img":{"alt_text":"","src":"https:\/\/i0.wp.com\/tomajazz.com\/web\/wp-content\/uploads\/2017\/02\/Iru%C3%B1a-Jazz-Festival-definitivo.jpg?resize=350%2C200&ssl=1","width":350,"height":200,"srcset":"https:\/\/i0.wp.com\/tomajazz.com\/web\/wp-content\/uploads\/2017\/02\/Iru%C3%B1a-Jazz-Festival-definitivo.jpg?resize=350%2C200&ssl=1 1x, https:\/\/i0.wp.com\/tomajazz.com\/web\/wp-content\/uploads\/2017\/02\/Iru%C3%B1a-Jazz-Festival-definitivo.jpg?resize=525%2C300&ssl=1 1.5x, https:\/\/i0.wp.com\/tomajazz.com\/web\/wp-content\/uploads\/2017\/02\/Iru%C3%B1a-Jazz-Festival-definitivo.jpg?resize=700%2C400&ssl=1 2x, https:\/\/i0.wp.com\/tomajazz.com\/web\/wp-content\/uploads\/2017\/02\/Iru%C3%B1a-Jazz-Festival-definitivo.jpg?resize=1050%2C600&ssl=1 3x"},"classes":[]}],"_links":{"self":[{"href":"https:\/\/tomajazz.com\/web\/wp-json\/wp\/v2\/posts\/25186","targetHints":{"allow":["GET"]}}],"collection":[{"href":"https:\/\/tomajazz.com\/web\/wp-json\/wp\/v2\/posts"}],"about":[{"href":"https:\/\/tomajazz.com\/web\/wp-json\/wp\/v2\/types\/post"}],"author":[{"embeddable":true,"href":"https:\/\/tomajazz.com\/web\/wp-json\/wp\/v2\/users\/1"}],"replies":[{"embeddable":true,"href":"https:\/\/tomajazz.com\/web\/wp-json\/wp\/v2\/comments?post=25186"}],"version-history":[{"count":2,"href":"https:\/\/tomajazz.com\/web\/wp-json\/wp\/v2\/posts\/25186\/revisions"}],"predecessor-version":[{"id":25207,"href":"https:\/\/tomajazz.com\/web\/wp-json\/wp\/v2\/posts\/25186\/revisions\/25207"}],"wp:featuredmedia":[{"embeddable":true,"href":"https:\/\/tomajazz.com\/web\/wp-json\/wp\/v2\/media\/25187"}],"wp:attachment":[{"href":"https:\/\/tomajazz.com\/web\/wp-json\/wp\/v2\/media?parent=25186"}],"wp:term":[{"taxonomy":"category","embeddable":true,"href":"https:\/\/tomajazz.com\/web\/wp-json\/wp\/v2\/categories?post=25186"},{"taxonomy":"post_tag","embeddable":true,"href":"https:\/\/tomajazz.com\/web\/wp-json\/wp\/v2\/tags?post=25186"}],"curies":[{"name":"wp","href":"https:\/\/api.w.org\/{rel}","templated":true}]}}