{"id":25232,"date":"2016-07-01T18:09:17","date_gmt":"2016-07-01T16:09:17","guid":{"rendered":"http:\/\/www.tomajazz.com\/web\/?p=25232"},"modified":"2021-07-18T14:16:15","modified_gmt":"2021-07-18T12:16:15","slug":"tejeroserratodiaz-sputnik-trio-en-concierto-3-7-de-julio-de-2016-madrid-salamanca-a-coruna-lisboa-oporto-noticias","status":"publish","type":"post","link":"https:\/\/tomajazz.com\/web\/tejeroserratodiaz-sputnik-trio-en-concierto-3-7-de-julio-de-2016-madrid-salamanca-a-coruna-lisboa-oporto-noticias\/","title":{"rendered":"Tejero\/Serrato\/D\u00edaz &#8211; Sputnik Trio en concierto (3 &#8211; 7 de julio de 2016. Madrid, Salamanca, A Coru\u00f1a, Lisboa, Oporto) [Noticias]"},"content":{"rendered":"<p style=\"text-align: center;\"><img loading=\"lazy\" decoding=\"async\" class=\"aligncenter size-large wp-image-25233\" src=\"http:\/\/www.tomajazz.com\/web\/wp-content\/uploads\/2016\/07\/Sputnik-Trio_Life-Betrayal_Sentencia-Records_2016-600x600.jpg\" alt=\"Sputnik Trio_Life Betrayal_Sentencia Records_2016\" width=\"600\" height=\"600\" title=\"\" srcset=\"https:\/\/tomajazz.com\/web\/wp-content\/uploads\/2016\/07\/Sputnik-Trio_Life-Betrayal_Sentencia-Records_2016-600x600.jpg 600w, https:\/\/tomajazz.com\/web\/wp-content\/uploads\/2016\/07\/Sputnik-Trio_Life-Betrayal_Sentencia-Records_2016-150x150.jpg 150w, https:\/\/tomajazz.com\/web\/wp-content\/uploads\/2016\/07\/Sputnik-Trio_Life-Betrayal_Sentencia-Records_2016-200x200.jpg 200w, https:\/\/tomajazz.com\/web\/wp-content\/uploads\/2016\/07\/Sputnik-Trio_Life-Betrayal_Sentencia-Records_2016-55x55.jpg 55w, https:\/\/tomajazz.com\/web\/wp-content\/uploads\/2016\/07\/Sputnik-Trio_Life-Betrayal_Sentencia-Records_2016-50x50.jpg 50w, https:\/\/tomajazz.com\/web\/wp-content\/uploads\/2016\/07\/Sputnik-Trio_Life-Betrayal_Sentencia-Records_2016.jpg 700w\" sizes=\"auto, (max-width: 600px) 100vw, 600px\" \/><\/p>\n<p>Sputnik Tr\u00edo presentar\u00e1 su nueva grabaci\u00f3n <em>Live Betrayal<\/em> (Sentencia Records) en directo.<\/p>\n<p>Sputnik Tr\u00edo<br \/>\nRicardo Tejero: saxo alto y clarinete<br \/>\nMarco Serrato: contrabajo<br \/>\nBorja D\u00edaz: bater\u00eda<\/p>\n<p>Gira julio 2016<br \/>\nDomingo 3 &#8211; CCIC La Tortuga Lavapi\u00e9s, Madrid. <a href=\"http:\/\/www.centrolatortuga.com\/\" target=\"_blank\" rel=\"nofollow noopener\">http:\/\/www.centrolatortuga.com\/<\/a><br \/>\nLunes 4 &#8211; Bar Centenera, Salamanca. <a href=\"https:\/\/www.facebook.com\/centenera.granvia\/\" target=\"_blank\" rel=\"nofollow noopener\">https:\/\/www.facebook.com\/centenera.granvia\/<\/a><br \/>\nMartes 5 &#8211; Jazz Filloa, La Coru\u00f1a. <a href=\"http:\/\/www.jazzfilloa.com\/\" target=\"_blank\" rel=\"nofollow noopener\">http:\/\/www.jazzfilloa.com\/<\/a><br \/>\nMi\u00e9rcoles 6 &#8211; Festival Jazz Im Goethe Garten, Lisboa. <a href=\"http:\/\/www.goethe.de\/ins\/pt\/lis\/kul\/mag\/mus\/jig\/pt15541630v.htm\" target=\"_blank\" rel=\"nofollow noopener\">http:\/\/www.goethe.de\/ins\/pt\/lis\/kul\/mag\/mus\/jig\/pt15541630v.htm<\/a><br \/>\nJueves 7 &#8211; Sonoscopia, Oporto. Sonsocopia Asociaci\u00f3n Cultural. Oporto. <a href=\"http:\/\/sonoscopia.pt\/en\" target=\"_blank\" rel=\"nofollow noopener\">http:\/\/sonoscopia.pt\/en<\/a><\/p>\n<p>Mi\u00e9rcoles 20 &#8211; Festival de M\u00fasica Improvisada del Museo Arqueol\u00f3gico (MIMA), Jerez de la Frontera<\/p>\n","protected":false},"excerpt":{"rendered":"<p>Sputnik Tr\u00edo presentar\u00e1 su nueva grabaci\u00f3n Live Betrayal (Sentencia Records) en directo. Sputnik Tr\u00edo Ricardo Tejero: saxo alto y clarinete Marco Serrato: contrabajo Borja D\u00edaz: bater\u00eda Gira julio 2016 Domingo 3 &#8211; CCIC La Tortuga Lavapi\u00e9s, Madrid. http:\/\/www.centrolatortuga.com\/ Lunes 4 &#8211; Bar Centenera, Salamanca. https:\/\/www.facebook.com\/centenera.granvia\/ Martes 5 &#8211; Jazz Filloa,<span class=\"more-link\"><a href=\"https:\/\/tomajazz.com\/web\/tejeroserratodiaz-sputnik-trio-en-concierto-3-7-de-julio-de-2016-madrid-salamanca-a-coruna-lisboa-oporto-noticias\/\">Contin\u00faa leyendo<\/a><\/span><\/p>\n","protected":false},"author":1,"featured_media":25233,"comment_status":"open","ping_status":"closed","sticky":false,"template":"","format":"standard","meta":{"jetpack_post_was_ever_published":false,"_jetpack_newsletter_access":"","_jetpack_dont_email_post_to_subs":true,"_jetpack_newsletter_tier_id":0,"_jetpack_memberships_contains_paywalled_content":false,"_jetpack_memberships_contains_paid_content":false,"footnotes":""},"categories":[17858,15795,1038],"tags":[16782,8065,16781,12836,15314,16788,16183,16785,16790,16279,16787,15299,13,15312,12415,15295,16789,15324,16786,15313,16783,15297,15710,4924,8064,11856,15296,15298,16784,6414,16791,9834,16099,77,16100],"class_list":["entry","author-pachi","post-25232","post","type-post","status-publish","format-standard","has-post-thumbnail","category-redaccion","category-noticias-2","category-contenidos","tag-bar-centenera-salamanca","tag-borja-diaz","tag-ccic-la-tortuga-lavapies-madrid","tag-concierto","tag-concierto-de-jazz","tag-conciertos-de-jazz-en-la-coruna","tag-conciertos-de-jazz-en-madrid","tag-conciertos-de-jazz-en-salamanca","tag-conciertos-en-la-coruna","tag-conciertos-en-madrid","tag-conciertos-en-salamanca","tag-espana-en-jazz","tag-jazz","tag-jazz-en-directo","tag-jazz-en-espana","tag-jazz-en-espanol","tag-jazz-en-la-coruna","tag-jazz-en-madrid","tag-jazz-en-salamanca","tag-jazz-en-vivo","tag-jazz-filloa-a-coruna","tag-jazz-news","tag-la-actualidad-del-jazz-en-espana","tag-lisboa","tag-marco-serrato","tag-noticias","tag-noticias-de-jazz","tag-noticias-de-jazz-en-espana","tag-oporto","tag-ricardo-tejero","tag-sentencia-records","tag-sputnik-trio","tag-toma-jazz","tag-tomajazz","tag-tomajazz-toma-jazz"],"jetpack_featured_media_url":"https:\/\/tomajazz.com\/web\/wp-content\/uploads\/2016\/07\/Sputnik-Trio_Life-Betrayal_Sentencia-Records_2016.jpg","jetpack_likes_enabled":true,"jetpack_sharing_enabled":true,"jetpack-related-posts":[{"id":25279,"url":"https:\/\/tomajazz.com\/web\/hdo-141-en-concierto-con-sputnik-trio-presenta-live-betrayal-podcast\/","url_meta":{"origin":25232,"position":0},"title":"HDO 141. En concierto con&#8230; Sputnik Trio presenta Live Betrayal [Podcast]","author":"Tomajazz","date":"3 julio, 2016","format":false,"excerpt":"Sputnik Tr\u00edo (Ricardo\u00a0Tejero -saxos y clarinete-, Marco Serrato -contrabajo- y Borja D\u00edaz -bater\u00eda) presentan en directo su nueva grabaci\u00f3n Live Betrayal\u00a0con conciertos en Espa\u00f1a (domingo 3 de julio de 2016 en La Tortuga -Madrid-, lunes 4 en Salamanca, martes 5 en A Coru\u00f1a), y Portugal (mi\u00e9rcoles 5 en Lisboa, jueves\u2026","rel":"","context":"En \u00ab*_Pachi Tapiz\u00bb","block_context":{"text":"*_Pachi Tapiz","link":"https:\/\/tomajazz.com\/web\/category\/pachi-tapiz\/"},"img":{"alt_text":"","src":"https:\/\/i0.wp.com\/tomajazz.com\/web\/wp-content\/uploads\/2016\/07\/Sputnik-Trio_Life-Betrayal_Sentencia-Records_2016.jpg?resize=350%2C200&ssl=1","width":350,"height":200,"srcset":"https:\/\/i0.wp.com\/tomajazz.com\/web\/wp-content\/uploads\/2016\/07\/Sputnik-Trio_Life-Betrayal_Sentencia-Records_2016.jpg?resize=350%2C200&ssl=1 1x, https:\/\/i0.wp.com\/tomajazz.com\/web\/wp-content\/uploads\/2016\/07\/Sputnik-Trio_Life-Betrayal_Sentencia-Records_2016.jpg?resize=525%2C300&ssl=1 1.5x, https:\/\/i0.wp.com\/tomajazz.com\/web\/wp-content\/uploads\/2016\/07\/Sputnik-Trio_Life-Betrayal_Sentencia-Records_2016.jpg?resize=700%2C400&ssl=1 2x"},"classes":[]},{"id":23530,"url":"https:\/\/tomajazz.com\/web\/hdo-en-concierto-con-molimo-0095-podcast-noticias\/","url_meta":{"origin":25232,"position":1},"title":"HDO: en concierto con\u2026 MOLIMO (0095) [Podcast] [Noticias]","author":"Tomajazz","date":"13 abril, 2016","format":false,"excerpt":"El tr\u00edo MOLIMO, formado por Chefa Alonso, Cova Villegas y Barbara Meyer, presenta en directo su grabaci\u00f3n hom\u00f3nima publicada en 2015 por Vector Sounds en una gira que las llevar\u00e1 a La Coru\u00f1a, Le\u00f3n, Salamanca y Madrid. En HDO escuchamos tres temas de la grabaci\u00f3n. MOLIMO presenta MOLIMO Chefa Alonso,\u2026","rel":"","context":"En \u00ab*_Pachi Tapiz\u00bb","block_context":{"text":"*_Pachi Tapiz","link":"https:\/\/tomajazz.com\/web\/category\/pachi-tapiz\/"},"img":{"alt_text":"","src":"https:\/\/i0.wp.com\/tomajazz.com\/web\/wp-content\/uploads\/2016\/04\/Molimo-Cartel-presentaciones-e1460563372490.jpg?resize=350%2C200&ssl=1","width":350,"height":200,"srcset":"https:\/\/i0.wp.com\/tomajazz.com\/web\/wp-content\/uploads\/2016\/04\/Molimo-Cartel-presentaciones-e1460563372490.jpg?resize=350%2C200&ssl=1 1x, https:\/\/i0.wp.com\/tomajazz.com\/web\/wp-content\/uploads\/2016\/04\/Molimo-Cartel-presentaciones-e1460563372490.jpg?resize=525%2C300&ssl=1 1.5x"},"classes":[]},{"id":63901,"url":"https:\/\/tomajazz.com\/web\/en-concierto-con-sputnik-trio-por-pachi-tapiz-hdo-547-podcast-de-jazz\/","url_meta":{"origin":25232,"position":2},"title":"En concierto con&#8230; Sputnik Trio. Por Pachi Tapiz. HDO 547 [Podcast de jazz]","author":"Tomajazz","date":"2 junio, 2022","format":false,"excerpt":"Sputnik Trio actuar\u00e1 el 3 y 4 de junio en Torremolinos y Sevilla. En HDO presentamos los conciertos y escuchamos su \u00faltima grabaci\u00f3n, Time Hunt (Sentencia Records, 2022).","rel":"","context":"En \u00abHDO\u00bb","block_context":{"text":"HDO","link":"https:\/\/tomajazz.com\/web\/category\/contenidos\/sonidos\/podcast\/hablando-de-oidas-hdo\/"},"img":{"alt_text":"En concierto con... Sputnik Trio. Por Pachi Tapiz. HDO 547 [Podcast de jazz]","src":"https:\/\/i0.wp.com\/tomajazz.com\/web\/wp-content\/uploads\/2022\/06\/Collage_programa0547_En-concierto-con...-Sputnik-Trio.jpg?resize=350%2C200&ssl=1","width":350,"height":200,"srcset":"https:\/\/i0.wp.com\/tomajazz.com\/web\/wp-content\/uploads\/2022\/06\/Collage_programa0547_En-concierto-con...-Sputnik-Trio.jpg?resize=350%2C200&ssl=1 1x, https:\/\/i0.wp.com\/tomajazz.com\/web\/wp-content\/uploads\/2022\/06\/Collage_programa0547_En-concierto-con...-Sputnik-Trio.jpg?resize=525%2C300&ssl=1 1.5x, https:\/\/i0.wp.com\/tomajazz.com\/web\/wp-content\/uploads\/2022\/06\/Collage_programa0547_En-concierto-con...-Sputnik-Trio.jpg?resize=700%2C400&ssl=1 2x"},"classes":[]},{"id":20674,"url":"https:\/\/tomajazz.com\/web\/pocket-corner-gira-espanola-noviembre-2015-noticias\/","url_meta":{"origin":25232,"position":3},"title":"Pocket Corner: gira espa\u00f1ola noviembre 2015 [Noticias]","author":"Tomajazz","date":"6 noviembre, 2015","format":false,"excerpt":"El grupo noruego Pocket Corner realizar\u00e1 una peque\u00f1a gira por Espa\u00f1a entre el 8 y el 13 de concierto que pasar\u00e1 por Valencia, Le\u00f3n, A Coru\u00f1a, Salamanca y Madrid. El trompetista Didrik Ingvaldsen cre\u00f3 el grupo en 1986, desarrollando una m\u00fasica heredera del free jazz. Por el grupo han pasado\u2026","rel":"","context":"En \u00ab*_Redacci\u00f3n\u00bb","block_context":{"text":"*_Redacci\u00f3n","link":"https:\/\/tomajazz.com\/web\/category\/redaccion\/"},"img":{"alt_text":"","src":"https:\/\/i0.wp.com\/tomajazz.com\/web\/wp-content\/uploads\/2015\/11\/Pocket-Corner-Cartel-Spanish-Tour-2015-e1446757487593.jpg?resize=350%2C200&ssl=1","width":350,"height":200,"srcset":"https:\/\/i0.wp.com\/tomajazz.com\/web\/wp-content\/uploads\/2015\/11\/Pocket-Corner-Cartel-Spanish-Tour-2015-e1446757487593.jpg?resize=350%2C200&ssl=1 1x, https:\/\/i0.wp.com\/tomajazz.com\/web\/wp-content\/uploads\/2015\/11\/Pocket-Corner-Cartel-Spanish-Tour-2015-e1446757487593.jpg?resize=525%2C300&ssl=1 1.5x"},"classes":[]},{"id":102831,"url":"https:\/\/tomajazz.com\/web\/ivan-melon-lewis-babylon-jazz-club-sorteo-tomajazz-2025\/","url_meta":{"origin":25232,"position":4},"title":"Iv\u00e1n Melon Lewis \u00abLuces y Sombras\u00bb (Sorteo de entradas para el estreno de Babylon Jazz Club de Madrid, el 19 de diciembre de 2025) [Noticias de jazz]","author":"Tomajazz","date":"14 diciembre, 2025","format":false,"excerpt":"En Tomajazz sorteamos una entrada doble para el concierto de Iv\u00e1n Melon Lewis, que estrenar\u00e1 la nueva sala Babylon Jazz Club de Madrid, el 19 de diciembre de 2025 #Noticiasdejazz","rel":"","context":"En \u00ab*_Redacci\u00f3n\u00bb","block_context":{"text":"*_Redacci\u00f3n","link":"https:\/\/tomajazz.com\/web\/category\/redaccion\/"},"img":{"alt_text":"Iv\u00e1n Melon Lewis \"Luces y Sombras\" (Sorteo de entradas para el estreno de Babylon Jazz Club de Madrid, el 19 de diciembre de 2025) [Noticias de jazz] - Tomajazz - En Tomajazz sorteamos una entrada doble para el concierto de Iv\u00e1n Melon Lewis, que estrenar\u00e1 la nueva sala Babylon Jazz Club de Madrid, el  #Noticiasdejazz","src":"https:\/\/i0.wp.com\/tomajazz.com\/web\/wp-content\/uploads\/2025\/12\/Ivan-Melon-Lewis-Babylon-Madrid.jpg?resize=350%2C200&ssl=1","width":350,"height":200,"srcset":"https:\/\/i0.wp.com\/tomajazz.com\/web\/wp-content\/uploads\/2025\/12\/Ivan-Melon-Lewis-Babylon-Madrid.jpg?resize=350%2C200&ssl=1 1x, https:\/\/i0.wp.com\/tomajazz.com\/web\/wp-content\/uploads\/2025\/12\/Ivan-Melon-Lewis-Babylon-Madrid.jpg?resize=525%2C300&ssl=1 1.5x, https:\/\/i0.wp.com\/tomajazz.com\/web\/wp-content\/uploads\/2025\/12\/Ivan-Melon-Lewis-Babylon-Madrid.jpg?resize=700%2C400&ssl=1 2x, https:\/\/i0.wp.com\/tomajazz.com\/web\/wp-content\/uploads\/2025\/12\/Ivan-Melon-Lewis-Babylon-Madrid.jpg?resize=1050%2C600&ssl=1 3x"},"classes":[]},{"id":102948,"url":"https:\/\/tomajazz.com\/web\/ivan-melon-lewis-babylon-jazz-club-madrid-2025\/","url_meta":{"origin":25232,"position":5},"title":"Iv\u00e1n Mel\u00f3n Lewis \u00abLuces y Sombras\u00bb (Inauguraci\u00f3n Babylon Jazz Club, Madrid. 2025-12-19) Por Enrique Farelo [Concierto de jazz]","author":"Tomajazz","date":"24 diciembre, 2025","format":false,"excerpt":"Iv\u00e1n Mel\u00f3n Lewis present\u00f3 \"Luces y Sombras\" en la inauguraci\u00f3n de Babylon Jazz Club de Madrid, el 19 de diciembre de 2025. Enrique Farelo lo cuenta. Con Iv\u00e1n \u201cMel\u00f3n\u201d Lewis, Yandy Mart\u00ednez, Georvis Pico","rel":"","context":"En \u00ab*_Enrique Farelo\u00bb","block_context":{"text":"*_Enrique Farelo","link":"https:\/\/tomajazz.com\/web\/category\/enrique-farelo\/"},"img":{"alt_text":"Iv\u00e1n Mel\u00f3n Lewis \"Luces y Sombras\" (Inauguraci\u00f3n Babylon Jazz Club, Madrid. 2025-12-19) Por Enrique Farelo [Concierto de jazz] - Tomajazz - Iv\u00e1n Mel\u00f3n Lewis present\u00f3 \"Luces y Sombras\" en la inauguraci\u00f3n de Babylon Jazz Club de Madrid, el 19 de diciembre de 2025. Enrique Farelo lo cuenta","src":"https:\/\/i0.wp.com\/tomajazz.com\/web\/wp-content\/uploads\/2025\/12\/destacada-Ivan-Melon-Lewis-2.jpg?resize=350%2C200&ssl=1","width":350,"height":200,"srcset":"https:\/\/i0.wp.com\/tomajazz.com\/web\/wp-content\/uploads\/2025\/12\/destacada-Ivan-Melon-Lewis-2.jpg?resize=350%2C200&ssl=1 1x, https:\/\/i0.wp.com\/tomajazz.com\/web\/wp-content\/uploads\/2025\/12\/destacada-Ivan-Melon-Lewis-2.jpg?resize=525%2C300&ssl=1 1.5x, https:\/\/i0.wp.com\/tomajazz.com\/web\/wp-content\/uploads\/2025\/12\/destacada-Ivan-Melon-Lewis-2.jpg?resize=700%2C400&ssl=1 2x"},"classes":[]}],"_links":{"self":[{"href":"https:\/\/tomajazz.com\/web\/wp-json\/wp\/v2\/posts\/25232","targetHints":{"allow":["GET"]}}],"collection":[{"href":"https:\/\/tomajazz.com\/web\/wp-json\/wp\/v2\/posts"}],"about":[{"href":"https:\/\/tomajazz.com\/web\/wp-json\/wp\/v2\/types\/post"}],"author":[{"embeddable":true,"href":"https:\/\/tomajazz.com\/web\/wp-json\/wp\/v2\/users\/1"}],"replies":[{"embeddable":true,"href":"https:\/\/tomajazz.com\/web\/wp-json\/wp\/v2\/comments?post=25232"}],"version-history":[{"count":2,"href":"https:\/\/tomajazz.com\/web\/wp-json\/wp\/v2\/posts\/25232\/revisions"}],"predecessor-version":[{"id":55762,"href":"https:\/\/tomajazz.com\/web\/wp-json\/wp\/v2\/posts\/25232\/revisions\/55762"}],"wp:featuredmedia":[{"embeddable":true,"href":"https:\/\/tomajazz.com\/web\/wp-json\/wp\/v2\/media\/25233"}],"wp:attachment":[{"href":"https:\/\/tomajazz.com\/web\/wp-json\/wp\/v2\/media?parent=25232"}],"wp:term":[{"taxonomy":"category","embeddable":true,"href":"https:\/\/tomajazz.com\/web\/wp-json\/wp\/v2\/categories?post=25232"},{"taxonomy":"post_tag","embeddable":true,"href":"https:\/\/tomajazz.com\/web\/wp-json\/wp\/v2\/tags?post=25232"}],"curies":[{"name":"wp","href":"https:\/\/api.w.org\/{rel}","templated":true}]}}