{"id":25279,"date":"2016-07-03T13:57:21","date_gmt":"2016-07-03T11:57:21","guid":{"rendered":"http:\/\/www.tomajazz.com\/web\/?p=25279"},"modified":"2016-11-13T21:48:36","modified_gmt":"2016-11-13T20:48:36","slug":"hdo-141-en-concierto-con-sputnik-trio-presenta-live-betrayal-podcast","status":"publish","type":"post","link":"https:\/\/tomajazz.com\/web\/hdo-141-en-concierto-con-sputnik-trio-presenta-live-betrayal-podcast\/","title":{"rendered":"HDO 141. En concierto con&#8230; Sputnik Trio presenta Live Betrayal [Podcast]"},"content":{"rendered":"<p style=\"text-align: justify;\"><strong><img loading=\"lazy\" decoding=\"async\" class=\"alignleft size-medium wp-image-25233\" src=\"http:\/\/www.tomajazz.com\/web\/wp-content\/uploads\/2016\/07\/Sputnik-Trio_Life-Betrayal_Sentencia-Records_2016-200x200.jpg\" alt=\"Sputnik Trio_Life Betrayal_Sentencia Records_2016\" width=\"200\" height=\"200\" title=\"\" srcset=\"https:\/\/tomajazz.com\/web\/wp-content\/uploads\/2016\/07\/Sputnik-Trio_Life-Betrayal_Sentencia-Records_2016-200x200.jpg 200w, https:\/\/tomajazz.com\/web\/wp-content\/uploads\/2016\/07\/Sputnik-Trio_Life-Betrayal_Sentencia-Records_2016-150x150.jpg 150w, https:\/\/tomajazz.com\/web\/wp-content\/uploads\/2016\/07\/Sputnik-Trio_Life-Betrayal_Sentencia-Records_2016-600x600.jpg 600w, https:\/\/tomajazz.com\/web\/wp-content\/uploads\/2016\/07\/Sputnik-Trio_Life-Betrayal_Sentencia-Records_2016-55x55.jpg 55w, https:\/\/tomajazz.com\/web\/wp-content\/uploads\/2016\/07\/Sputnik-Trio_Life-Betrayal_Sentencia-Records_2016-50x50.jpg 50w, https:\/\/tomajazz.com\/web\/wp-content\/uploads\/2016\/07\/Sputnik-Trio_Life-Betrayal_Sentencia-Records_2016.jpg 700w\" sizes=\"auto, (max-width: 200px) 100vw, 200px\" \/>Sputnik Tr\u00edo<\/strong> (<a href=\"http:\/\/www.tomajazz.com\/web\/?p=21080\" target=\"_blank\"><strong>Ricardo\u00a0<\/strong><strong>Tejero<\/strong><\/a> -saxos y clarinete-, <strong>Marco<\/strong> <strong>Serrato<\/strong> -contrabajo- y <strong>Borja<\/strong> <strong>D\u00edaz<\/strong> -bater\u00eda) <a href=\"http:\/\/www.tomajazz.com\/web\/?p=25232\" target=\"_blank\">presentan en directo su nueva grabaci\u00f3n <em>Live Betrayal<\/em><\/a>\u00a0con conciertos en Espa\u00f1a (domingo 3 de julio de 2016 en <strong>La Tortuga -Madrid<\/strong>-, lunes 4 en <strong>Salamanca<\/strong>, martes 5 en <strong>A Coru\u00f1a)<\/strong>, y Portugal (mi\u00e9rcoles 5 en <strong>Lisboa<\/strong>, jueves 6 en <strong>Oporto<\/strong>). En\u00a0<strong>HDO<\/strong> presentamos estos conciertos y escuchamos m\u00fasica\u00a0de su primera grabaci\u00f3n <a href=\"http:\/\/www.tomajazz.com\/web\/?p=13031\" target=\"_blank\"><em>Sputnik Trio<\/em><\/a>\u00a0(Raw Tonk Records, 2014) y estrenamos\u00a0<em>Live Betrayal<\/em>\u00a0(Sentencia Records, 2016).<\/p>\n<p style=\"text-align: right;\">\u00a9 Pachi Tapiz, 2016<\/p>\n<p style=\"text-align: justify;\">HDO es un <em>podcast<\/em> editado, producido y presentado por <strong>Pachi Tapiz<\/strong>.<\/p>\n<p><iframe loading=\"lazy\" id=\"audio_12103995\" style=\"border: 1px solid #EEE; box-sizing: border-box; width: 100%;\" src=\"https:\/\/www.ivoox.com\/player_ej_12103995_4_1.html?c1=ff6600\" width=\"300\" height=\"200\" frameborder=\"0\" scrolling=\"no\" allowfullscreen=\"allowfullscreen\"><\/iframe><\/p>\n<p><center><img loading=\"lazy\" decoding=\"async\" class=\"alignnone size-medium wp-image-13032\" src=\"http:\/\/www.tomajazz.com\/web\/wp-content\/uploads\/2014\/07\/tejero-serrato-diaz_sputnik-Trio-200x200.jpg\" alt=\"tejero - serrato - diaz_sputnik Trio\" width=\"200\" height=\"200\" title=\"\"> <img loading=\"lazy\" decoding=\"async\" class=\"alignnone size-medium wp-image-25233\" src=\"http:\/\/www.tomajazz.com\/web\/wp-content\/uploads\/2016\/07\/Sputnik-Trio_Life-Betrayal_Sentencia-Records_2016-200x200.jpg\" alt=\"Sputnik Trio_Life Betrayal_Sentencia Records_2016\" width=\"200\" height=\"200\" title=\"\" srcset=\"https:\/\/tomajazz.com\/web\/wp-content\/uploads\/2016\/07\/Sputnik-Trio_Life-Betrayal_Sentencia-Records_2016-200x200.jpg 200w, https:\/\/tomajazz.com\/web\/wp-content\/uploads\/2016\/07\/Sputnik-Trio_Life-Betrayal_Sentencia-Records_2016-150x150.jpg 150w, https:\/\/tomajazz.com\/web\/wp-content\/uploads\/2016\/07\/Sputnik-Trio_Life-Betrayal_Sentencia-Records_2016-600x600.jpg 600w, https:\/\/tomajazz.com\/web\/wp-content\/uploads\/2016\/07\/Sputnik-Trio_Life-Betrayal_Sentencia-Records_2016-55x55.jpg 55w, https:\/\/tomajazz.com\/web\/wp-content\/uploads\/2016\/07\/Sputnik-Trio_Life-Betrayal_Sentencia-Records_2016-50x50.jpg 50w, https:\/\/tomajazz.com\/web\/wp-content\/uploads\/2016\/07\/Sputnik-Trio_Life-Betrayal_Sentencia-Records_2016.jpg 700w\" sizes=\"auto, (max-width: 200px) 100vw, 200px\" \/><\/center><\/p>\n<p>Las grabaciones y los m\u00fasicos:<\/p>\n<ul>\n<li><strong>Tejero \/ Serrato \/ D\u00edaz<\/strong>:\u00a0<em>Sputnik Trio\u00a0<\/em>(Raw Tonk Records, 2014)<br \/>\nSputnik Trio: Ricardo Tejero, Marco Serrato, Borja D\u00edaz<\/li>\n<li><strong>Sputnik Trio<\/strong>:\u00a0<em>Live Betrayal\u00a0<\/em>(Sentencia Records, 2016)<br \/>\nSputnik Trio: Ricardo Tejero, Marco Serrato, Borja D\u00edaz<\/li>\n<\/ul>\n","protected":false},"excerpt":{"rendered":"<p>Sputnik Tr\u00edo (Ricardo\u00a0Tejero -saxos y clarinete-, Marco Serrato -contrabajo- y Borja D\u00edaz -bater\u00eda) presentan en directo su nueva grabaci\u00f3n Live Betrayal\u00a0con conciertos en Espa\u00f1a (domingo 3 de julio de 2016 en La Tortuga -Madrid-, lunes 4 en Salamanca, martes 5 en A Coru\u00f1a), y Portugal (mi\u00e9rcoles 5 en Lisboa, jueves<span class=\"more-link\"><a href=\"https:\/\/tomajazz.com\/web\/hdo-141-en-concierto-con-sputnik-trio-presenta-live-betrayal-podcast\/\">Contin\u00faa leyendo<\/a><\/span><\/p>\n","protected":false},"author":1,"featured_media":25233,"comment_status":"open","ping_status":"closed","sticky":false,"template":"","format":"standard","meta":{"jetpack_post_was_ever_published":false,"_jetpack_newsletter_access":"","_jetpack_dont_email_post_to_subs":true,"_jetpack_newsletter_tier_id":0,"_jetpack_memberships_contains_paywalled_content":false,"_jetpack_memberships_contains_paid_content":false,"footnotes":""},"categories":[17847,5,13298,17149,12814,15518,1038],"tags":[13370,16782,8065,16781,12836,15314,16788,16183,16785,16790,16279,16787,15299,13300,13299,15712,15713,15714,13,15312,12415,15295,16789,15324,16786,15313,16783,15297,15278,960,15710,4924,8064,11856,15296,15298,16784,31,12818,15310,15709,15711,15041,6414,16791,9834,16834,16835,16099,77,16100],"class_list":["entry","author-pachi","post-25279","post","type-post","status-publish","format-standard","has-post-thumbnail","category-pachi-tapiz","category-grabaciones","category-hablando-de-oidas-hdo","category-t02-2015-16","category-podcast","category-sonidos","category-contenidos","tag-audioblog","tag-bar-centenera-salamanca","tag-borja-diaz","tag-ccic-la-tortuga-lavapies-madrid","tag-concierto","tag-concierto-de-jazz","tag-conciertos-de-jazz-en-la-coruna","tag-conciertos-de-jazz-en-madrid","tag-conciertos-de-jazz-en-salamanca","tag-conciertos-en-la-coruna","tag-conciertos-en-madrid","tag-conciertos-en-salamanca","tag-espana-en-jazz","tag-hablando-de-oidas","tag-hdo","tag-hdo-el-podcast-de-jazz-de-pachi-tapiz","tag-hdo-el-podcast-de-pachi-tapiz","tag-hdo-hablando-de-oidas","tag-jazz","tag-jazz-en-directo","tag-jazz-en-espana","tag-jazz-en-espanol","tag-jazz-en-la-coruna","tag-jazz-en-madrid","tag-jazz-en-salamanca","tag-jazz-en-vivo","tag-jazz-filloa-a-coruna","tag-jazz-news","tag-jazz-podcast","tag-jose-francisco-tapiz","tag-la-actualidad-del-jazz-en-espana","tag-lisboa","tag-marco-serrato","tag-noticias","tag-noticias-de-jazz","tag-noticias-de-jazz-en-espana","tag-oporto","tag-pachi-tapiz","tag-podcast","tag-podcast-de-jazz","tag-podcast-de-jazz-en-espana","tag-podcast-de-jazz-en-espanol","tag-raw-tonk-records","tag-ricardo-tejero","tag-sentencia-records","tag-sputnik-trio","tag-sputnik-trio-ricardo-tejero-marco-serrat-borja-diaz","tag-tejero-serrato-diaz","tag-toma-jazz","tag-tomajazz","tag-tomajazz-toma-jazz"],"jetpack_featured_media_url":"https:\/\/tomajazz.com\/web\/wp-content\/uploads\/2016\/07\/Sputnik-Trio_Life-Betrayal_Sentencia-Records_2016.jpg","jetpack_likes_enabled":true,"jetpack_sharing_enabled":true,"jetpack-related-posts":[{"id":23530,"url":"https:\/\/tomajazz.com\/web\/hdo-en-concierto-con-molimo-0095-podcast-noticias\/","url_meta":{"origin":25279,"position":0},"title":"HDO: en concierto con\u2026 MOLIMO (0095) [Podcast] [Noticias]","author":"Tomajazz","date":"13 abril, 2016","format":false,"excerpt":"El tr\u00edo MOLIMO, formado por Chefa Alonso, Cova Villegas y Barbara Meyer, presenta en directo su grabaci\u00f3n hom\u00f3nima publicada en 2015 por Vector Sounds en una gira que las llevar\u00e1 a La Coru\u00f1a, Le\u00f3n, Salamanca y Madrid. En HDO escuchamos tres temas de la grabaci\u00f3n. MOLIMO presenta MOLIMO Chefa Alonso,\u2026","rel":"","context":"En \u00ab*_Pachi Tapiz\u00bb","block_context":{"text":"*_Pachi Tapiz","link":"https:\/\/tomajazz.com\/web\/category\/pachi-tapiz\/"},"img":{"alt_text":"","src":"https:\/\/i0.wp.com\/tomajazz.com\/web\/wp-content\/uploads\/2016\/04\/Molimo-Cartel-presentaciones-e1460563372490.jpg?resize=350%2C200&ssl=1","width":350,"height":200,"srcset":"https:\/\/i0.wp.com\/tomajazz.com\/web\/wp-content\/uploads\/2016\/04\/Molimo-Cartel-presentaciones-e1460563372490.jpg?resize=350%2C200&ssl=1 1x, https:\/\/i0.wp.com\/tomajazz.com\/web\/wp-content\/uploads\/2016\/04\/Molimo-Cartel-presentaciones-e1460563372490.jpg?resize=525%2C300&ssl=1 1.5x"},"classes":[]},{"id":29821,"url":"https:\/\/tomajazz.com\/web\/hdo-251-en-concierto-con-albert-marques-trio-presenta-live-in-the-south-bronx-podcast\/","url_meta":{"origin":25279,"position":1},"title":"HDO 251. En concierto con&#8230; Albert Marqu\u00e8s Trio presenta &#8216;Live In The South Bronx&#8217; [Podcast]","author":"Tomajazz","date":"22 marzo, 2017","format":false,"excerpt":"Entre el 23 de marzo y el 1 de abril de 2017, el pianista Albert Marqu\u00e8s presentar\u00e1 en directo su grabaci\u00f3n Live In The South Bronx (Zoho Music, 2016), junto al baterista Zack O'Farrill y el contrabajista Pep Colls. En HDO 251 escuchamos cuatro temas de esta grabaci\u00f3n (en HDO\u2026","rel":"","context":"En \u00ab*_Pachi Tapiz\u00bb","block_context":{"text":"*_Pachi Tapiz","link":"https:\/\/tomajazz.com\/web\/category\/pachi-tapiz\/"},"img":{"alt_text":"","src":"https:\/\/i0.wp.com\/tomajazz.com\/web\/wp-content\/uploads\/2017\/01\/Alber-Marques-Trio_Live-in-the-South-Bronx_Zoho-Music_2016.jpg?resize=350%2C200&ssl=1","width":350,"height":200,"srcset":"https:\/\/i0.wp.com\/tomajazz.com\/web\/wp-content\/uploads\/2017\/01\/Alber-Marques-Trio_Live-in-the-South-Bronx_Zoho-Music_2016.jpg?resize=350%2C200&ssl=1 1x, https:\/\/i0.wp.com\/tomajazz.com\/web\/wp-content\/uploads\/2017\/01\/Alber-Marques-Trio_Live-in-the-South-Bronx_Zoho-Music_2016.jpg?resize=525%2C300&ssl=1 1.5x, https:\/\/i0.wp.com\/tomajazz.com\/web\/wp-content\/uploads\/2017\/01\/Alber-Marques-Trio_Live-in-the-South-Bronx_Zoho-Music_2016.jpg?resize=700%2C400&ssl=1 2x, https:\/\/i0.wp.com\/tomajazz.com\/web\/wp-content\/uploads\/2017\/01\/Alber-Marques-Trio_Live-in-the-South-Bronx_Zoho-Music_2016.jpg?resize=1050%2C600&ssl=1 3x, https:\/\/i0.wp.com\/tomajazz.com\/web\/wp-content\/uploads\/2017\/01\/Alber-Marques-Trio_Live-in-the-South-Bronx_Zoho-Music_2016.jpg?resize=1400%2C800&ssl=1 4x"},"classes":[]},{"id":27642,"url":"https:\/\/tomajazz.com\/web\/hdo-198-en-concierto-con-giulia-valle-trio-podcast\/","url_meta":{"origin":25279,"position":2},"title":"HDO 198. En concierto con&#8230; Giulia Valle Tr\u00edo [Podcast]","author":"Tomajazz","date":"19 noviembre, 2016","format":false,"excerpt":"El tr\u00edo de la contrabajista Giulia Valle, que completan el pianista Marco Mezquida y el baterista David Xirgu, va a actuar en Munich (viernes 18 de noviembre), Londres (domingo 20), Festival Internacional de Jazz de Madrid (s\u00e1bado 26) y el Festival Internacional de Jazz de Barcelona (domingo 4 de diciembre).\u2026","rel":"","context":"En \u00ab*_Joan Cort\u00e8s\u00bb","block_context":{"text":"*_Joan Cort\u00e8s","link":"https:\/\/tomajazz.com\/web\/category\/joan-cortes\/"},"img":{"alt_text":"","src":"https:\/\/i0.wp.com\/tomajazz.com\/web\/wp-content\/uploads\/2013\/02\/01_130219_Giulia-Valle_Libera-%C2%A9Joan-Cort%C3%A8s_Jamboree.jpg?resize=350%2C200&ssl=1","width":350,"height":200,"srcset":"https:\/\/i0.wp.com\/tomajazz.com\/web\/wp-content\/uploads\/2013\/02\/01_130219_Giulia-Valle_Libera-%C2%A9Joan-Cort%C3%A8s_Jamboree.jpg?resize=350%2C200&ssl=1 1x, https:\/\/i0.wp.com\/tomajazz.com\/web\/wp-content\/uploads\/2013\/02\/01_130219_Giulia-Valle_Libera-%C2%A9Joan-Cort%C3%A8s_Jamboree.jpg?resize=525%2C300&ssl=1 1.5x"},"classes":[]},{"id":22618,"url":"https:\/\/tomajazz.com\/web\/en-concierto-con-kontxi-lorente-trio-en-bogui-hdo-0084-podcast\/","url_meta":{"origin":25279,"position":3},"title":"En concierto con&#8230; Kontxi Lorente Tr\u00edo en Bogui. HDO 0084 [Podcast]","author":"Tomajazz","date":"15 marzo, 2016","format":false,"excerpt":"El pr\u00f3ximo jueves 17 de marzo de 2016 la pianista Kontxi Lorente presentar\u00e1 en el madrile\u00f1o Bogui Jazz su grabaci\u00f3n About Me (Sedajazz Records, 2015) acompa\u00f1ada por el contrabajista Alessandro Cesarini y el baterista Borja Barrueta, los m\u00fasicos con los que grab\u00f3 su segundo CD. En HDO escuchamos la m\u00fasica\u2026","rel":"","context":"En \u00ab*_Pachi Tapiz\u00bb","block_context":{"text":"*_Pachi Tapiz","link":"https:\/\/tomajazz.com\/web\/category\/pachi-tapiz\/"},"img":{"alt_text":"","src":"https:\/\/i0.wp.com\/tomajazz.com\/web\/wp-content\/uploads\/2016\/01\/Kontxi-Lorente_About-Me_Sedajazz-Records_2015.jpg?resize=350%2C200&ssl=1","width":350,"height":200,"srcset":"https:\/\/i0.wp.com\/tomajazz.com\/web\/wp-content\/uploads\/2016\/01\/Kontxi-Lorente_About-Me_Sedajazz-Records_2015.jpg?resize=350%2C200&ssl=1 1x, https:\/\/i0.wp.com\/tomajazz.com\/web\/wp-content\/uploads\/2016\/01\/Kontxi-Lorente_About-Me_Sedajazz-Records_2015.jpg?resize=525%2C300&ssl=1 1.5x, https:\/\/i0.wp.com\/tomajazz.com\/web\/wp-content\/uploads\/2016\/01\/Kontxi-Lorente_About-Me_Sedajazz-Records_2015.jpg?resize=700%2C400&ssl=1 2x"},"classes":[]},{"id":24806,"url":"https:\/\/tomajazz.com\/web\/hdo-124-en-concierto-con-stefano-bollani-podcast\/","url_meta":{"origin":25279,"position":4},"title":"HDO 124. En concierto con&#8230; Stefano Bollani [Podcast]","author":"Tomajazz","date":"3 junio, 2016","format":false,"excerpt":"El s\u00e1bado 4 de junio, a las 20:00, con entrada gratuita -previa retirada de las correspondientes invitaciones en taquilla una hora antes del concierto-, el pianista italiano Stefano Bollani presentar\u00e1 a piano solo en concierto, su nueva grabaci\u00f3n\u00a0Napoli Trip (Decca, 2016). En\u00a0HDO\u00a0escuchamos, en estreno, parte de esa grabaci\u00f3n: los temas\u2026","rel":"","context":"En \u00ab*_Pachi Tapiz\u00bb","block_context":{"text":"*_Pachi Tapiz","link":"https:\/\/tomajazz.com\/web\/category\/pachi-tapiz\/"},"img":{"alt_text":"","src":"https:\/\/i0.wp.com\/tomajazz.com\/web\/wp-content\/uploads\/2016\/06\/Stefano-Bollani_Napoli-Trip_Decca_2106.jpg?resize=350%2C200&ssl=1","width":350,"height":200},"classes":[]},{"id":26610,"url":"https:\/\/tomajazz.com\/web\/hdo-169-en-concierto-con-lucian-ban-elevation-quartet-en-clamores-clasijazz-y-jimmy-glass-podcast\/","url_meta":{"origin":25279,"position":5},"title":"HDO 169. En concierto con&#8230; Lucian Ban Elevation Quartet en Clamores, Clasijazz y Jimmy Glass [Podcast]","author":"Tomajazz","date":"28 septiembre, 2016","format":false,"excerpt":"Entre los pr\u00f3ximos 1 y 5 de octubre de 2016, el pianista Lucian Ban al frente del Elevation Quartet presentar\u00e1 su \u00faltima grabaci\u00f3n, titulada Songs From Afar (Sunnyside) en Clamores (Madrid, s\u00e1bado 1 y domingo 2), Clasijazz (Almer\u00eda, lunes 3), y Jimmy Glass (Valencia, martes 5, en el primer concierto\u2026","rel":"","context":"En \u00ab*_Pachi Tapiz\u00bb","block_context":{"text":"*_Pachi Tapiz","link":"https:\/\/tomajazz.com\/web\/category\/pachi-tapiz\/"},"img":{"alt_text":"","src":"https:\/\/i0.wp.com\/tomajazz.com\/web\/wp-content\/uploads\/2016\/09\/Lucian-Ban-Elevation-Quartet_promotional-photo.png?resize=350%2C200&ssl=1","width":350,"height":200,"srcset":"https:\/\/i0.wp.com\/tomajazz.com\/web\/wp-content\/uploads\/2016\/09\/Lucian-Ban-Elevation-Quartet_promotional-photo.png?resize=350%2C200&ssl=1 1x, https:\/\/i0.wp.com\/tomajazz.com\/web\/wp-content\/uploads\/2016\/09\/Lucian-Ban-Elevation-Quartet_promotional-photo.png?resize=525%2C300&ssl=1 1.5x, https:\/\/i0.wp.com\/tomajazz.com\/web\/wp-content\/uploads\/2016\/09\/Lucian-Ban-Elevation-Quartet_promotional-photo.png?resize=700%2C400&ssl=1 2x"},"classes":[]}],"_links":{"self":[{"href":"https:\/\/tomajazz.com\/web\/wp-json\/wp\/v2\/posts\/25279","targetHints":{"allow":["GET"]}}],"collection":[{"href":"https:\/\/tomajazz.com\/web\/wp-json\/wp\/v2\/posts"}],"about":[{"href":"https:\/\/tomajazz.com\/web\/wp-json\/wp\/v2\/types\/post"}],"author":[{"embeddable":true,"href":"https:\/\/tomajazz.com\/web\/wp-json\/wp\/v2\/users\/1"}],"replies":[{"embeddable":true,"href":"https:\/\/tomajazz.com\/web\/wp-json\/wp\/v2\/comments?post=25279"}],"version-history":[{"count":1,"href":"https:\/\/tomajazz.com\/web\/wp-json\/wp\/v2\/posts\/25279\/revisions"}],"predecessor-version":[{"id":25280,"href":"https:\/\/tomajazz.com\/web\/wp-json\/wp\/v2\/posts\/25279\/revisions\/25280"}],"wp:featuredmedia":[{"embeddable":true,"href":"https:\/\/tomajazz.com\/web\/wp-json\/wp\/v2\/media\/25233"}],"wp:attachment":[{"href":"https:\/\/tomajazz.com\/web\/wp-json\/wp\/v2\/media?parent=25279"}],"wp:term":[{"taxonomy":"category","embeddable":true,"href":"https:\/\/tomajazz.com\/web\/wp-json\/wp\/v2\/categories?post=25279"},{"taxonomy":"post_tag","embeddable":true,"href":"https:\/\/tomajazz.com\/web\/wp-json\/wp\/v2\/tags?post=25279"}],"curies":[{"name":"wp","href":"https:\/\/api.w.org\/{rel}","templated":true}]}}