{"id":25608,"date":"2016-07-21T11:29:39","date_gmt":"2016-07-21T09:29:39","guid":{"rendered":"http:\/\/www.tomajazz.com\/web\/?p=25608"},"modified":"2016-11-13T16:29:23","modified_gmt":"2016-11-13T15:29:23","slug":"instantzz-18e-festival-jazz-vic-santa-diver-la-jazz-cava-vic-barcelona-2016-05-15","status":"publish","type":"post","link":"https:\/\/tomajazz.com\/web\/instantzz-18e-festival-jazz-vic-santa-diver-la-jazz-cava-vic-barcelona-2016-05-15\/","title":{"rendered":"INSTANTZZ: 18\u00e8 Festival Jazz Vic: Santa Diver (La Jazz Cava, Vic -Barcelona-. 2016-05-15) [Galer\u00eda fotogr\u00e1fica]"},"content":{"rendered":"<ul>\n<li>Fecha: Domingo, 15 de mayo de 2016<\/li>\n<li>Lugar: La Jazz Cava, Vic (Barcelona)<\/li>\n<li>Componentes:<br \/>\nSanta Diver<br \/>\nLuca K\u00e9zdy, viol\u00edn y efectos<br \/>\nD\u00e1vid Szesztay, bajo el\u00e9ctrico<br \/>\nD\u00e1vid Szeg\u0151, bater\u00eda<\/li>\n<\/ul>\n<p style=\"text-align: center;\"><img loading=\"lazy\" decoding=\"async\" class=\"aligncenter size-large wp-image-25611\" src=\"http:\/\/www.tomajazz.com\/web\/wp-content\/uploads\/2016\/07\/01_Snt-Dvr-\u00a9Joan-Cort\u00e8s_15mai16_LJC_18FJV_Vc-600x399.jpg\" alt=\"01_Snt Dvr (\u00a9Joan Cort\u00e8s)_15mai16_LJC_18FJV_Vc\" width=\"600\" height=\"399\" title=\"\" srcset=\"https:\/\/tomajazz.com\/web\/wp-content\/uploads\/2016\/07\/01_Snt-Dvr-\u00a9Joan-Cort\u00e8s_15mai16_LJC_18FJV_Vc.jpg 600w, https:\/\/tomajazz.com\/web\/wp-content\/uploads\/2016\/07\/01_Snt-Dvr-\u00a9Joan-Cort\u00e8s_15mai16_LJC_18FJV_Vc-150x100.jpg 150w, https:\/\/tomajazz.com\/web\/wp-content\/uploads\/2016\/07\/01_Snt-Dvr-\u00a9Joan-Cort\u00e8s_15mai16_LJC_18FJV_Vc-200x133.jpg 200w, https:\/\/tomajazz.com\/web\/wp-content\/uploads\/2016\/07\/01_Snt-Dvr-\u00a9Joan-Cort\u00e8s_15mai16_LJC_18FJV_Vc-83x55.jpg 83w, https:\/\/tomajazz.com\/web\/wp-content\/uploads\/2016\/07\/01_Snt-Dvr-\u00a9Joan-Cort\u00e8s_15mai16_LJC_18FJV_Vc-60x40.jpg 60w, https:\/\/tomajazz.com\/web\/wp-content\/uploads\/2016\/07\/01_Snt-Dvr-\u00a9Joan-Cort\u00e8s_15mai16_LJC_18FJV_Vc-120x80.jpg 120w\" sizes=\"auto, (max-width: 600px) 100vw, 600px\" \/><\/p>\n<p style=\"text-align: center;\"><img loading=\"lazy\" decoding=\"async\" class=\"aligncenter size-large wp-image-25612\" src=\"http:\/\/www.tomajazz.com\/web\/wp-content\/uploads\/2016\/07\/02_Snt-Dvr-\u00a9Joan-Cort\u00e8s_15mai16_LJC_18FJV_Vc-600x399.jpg\" alt=\"02_Snt Dvr (\u00a9Joan Cort\u00e8s)_15mai16_LJC_18FJV_Vc\" width=\"600\" height=\"399\" title=\"\" srcset=\"https:\/\/tomajazz.com\/web\/wp-content\/uploads\/2016\/07\/02_Snt-Dvr-\u00a9Joan-Cort\u00e8s_15mai16_LJC_18FJV_Vc.jpg 600w, https:\/\/tomajazz.com\/web\/wp-content\/uploads\/2016\/07\/02_Snt-Dvr-\u00a9Joan-Cort\u00e8s_15mai16_LJC_18FJV_Vc-150x100.jpg 150w, https:\/\/tomajazz.com\/web\/wp-content\/uploads\/2016\/07\/02_Snt-Dvr-\u00a9Joan-Cort\u00e8s_15mai16_LJC_18FJV_Vc-200x133.jpg 200w, https:\/\/tomajazz.com\/web\/wp-content\/uploads\/2016\/07\/02_Snt-Dvr-\u00a9Joan-Cort\u00e8s_15mai16_LJC_18FJV_Vc-83x55.jpg 83w, https:\/\/tomajazz.com\/web\/wp-content\/uploads\/2016\/07\/02_Snt-Dvr-\u00a9Joan-Cort\u00e8s_15mai16_LJC_18FJV_Vc-60x40.jpg 60w, https:\/\/tomajazz.com\/web\/wp-content\/uploads\/2016\/07\/02_Snt-Dvr-\u00a9Joan-Cort\u00e8s_15mai16_LJC_18FJV_Vc-120x80.jpg 120w\" sizes=\"auto, (max-width: 600px) 100vw, 600px\" \/><\/p>\n<p style=\"text-align: center;\"><img loading=\"lazy\" decoding=\"async\" class=\"aligncenter size-large wp-image-25613\" src=\"http:\/\/www.tomajazz.com\/web\/wp-content\/uploads\/2016\/07\/03_Snt-Dvr-\u00a9Joan-Cort\u00e8s_15mai16_LJC_18FJV_Vc-600x399.jpg\" alt=\"03_Snt Dvr (\u00a9Joan Cort\u00e8s)_15mai16_LJC_18FJV_Vc\" width=\"600\" height=\"399\" title=\"\" srcset=\"https:\/\/tomajazz.com\/web\/wp-content\/uploads\/2016\/07\/03_Snt-Dvr-\u00a9Joan-Cort\u00e8s_15mai16_LJC_18FJV_Vc.jpg 600w, https:\/\/tomajazz.com\/web\/wp-content\/uploads\/2016\/07\/03_Snt-Dvr-\u00a9Joan-Cort\u00e8s_15mai16_LJC_18FJV_Vc-150x100.jpg 150w, https:\/\/tomajazz.com\/web\/wp-content\/uploads\/2016\/07\/03_Snt-Dvr-\u00a9Joan-Cort\u00e8s_15mai16_LJC_18FJV_Vc-200x133.jpg 200w, https:\/\/tomajazz.com\/web\/wp-content\/uploads\/2016\/07\/03_Snt-Dvr-\u00a9Joan-Cort\u00e8s_15mai16_LJC_18FJV_Vc-83x55.jpg 83w, https:\/\/tomajazz.com\/web\/wp-content\/uploads\/2016\/07\/03_Snt-Dvr-\u00a9Joan-Cort\u00e8s_15mai16_LJC_18FJV_Vc-60x40.jpg 60w, https:\/\/tomajazz.com\/web\/wp-content\/uploads\/2016\/07\/03_Snt-Dvr-\u00a9Joan-Cort\u00e8s_15mai16_LJC_18FJV_Vc-120x80.jpg 120w\" sizes=\"auto, (max-width: 600px) 100vw, 600px\" \/><\/p>\n<p style=\"text-align: center;\"><img loading=\"lazy\" decoding=\"async\" class=\"aligncenter size-large wp-image-25614\" src=\"http:\/\/www.tomajazz.com\/web\/wp-content\/uploads\/2016\/07\/04_Snt-Dvr-\u00a9Joan-Cort\u00e8s_15mai16_LJC_18FJV_Vc-600x399.jpg\" alt=\"04_Snt Dvr (\u00a9Joan Cort\u00e8s)_15mai16_LJC_18FJV_Vc\" width=\"600\" height=\"399\" title=\"\" srcset=\"https:\/\/tomajazz.com\/web\/wp-content\/uploads\/2016\/07\/04_Snt-Dvr-\u00a9Joan-Cort\u00e8s_15mai16_LJC_18FJV_Vc.jpg 600w, https:\/\/tomajazz.com\/web\/wp-content\/uploads\/2016\/07\/04_Snt-Dvr-\u00a9Joan-Cort\u00e8s_15mai16_LJC_18FJV_Vc-150x100.jpg 150w, https:\/\/tomajazz.com\/web\/wp-content\/uploads\/2016\/07\/04_Snt-Dvr-\u00a9Joan-Cort\u00e8s_15mai16_LJC_18FJV_Vc-200x133.jpg 200w, https:\/\/tomajazz.com\/web\/wp-content\/uploads\/2016\/07\/04_Snt-Dvr-\u00a9Joan-Cort\u00e8s_15mai16_LJC_18FJV_Vc-83x55.jpg 83w, https:\/\/tomajazz.com\/web\/wp-content\/uploads\/2016\/07\/04_Snt-Dvr-\u00a9Joan-Cort\u00e8s_15mai16_LJC_18FJV_Vc-60x40.jpg 60w, https:\/\/tomajazz.com\/web\/wp-content\/uploads\/2016\/07\/04_Snt-Dvr-\u00a9Joan-Cort\u00e8s_15mai16_LJC_18FJV_Vc-120x80.jpg 120w\" sizes=\"auto, (max-width: 600px) 100vw, 600px\" \/><\/p>\n<p style=\"text-align: center;\"><img loading=\"lazy\" decoding=\"async\" class=\"aligncenter size-large wp-image-25615\" src=\"http:\/\/www.tomajazz.com\/web\/wp-content\/uploads\/2016\/07\/05_Snt-Dvr-\u00a9Joan-Cort\u00e8s_15mai16_LJC_18FJV_Vc-399x600.jpg\" alt=\"05_Snt Dvr (\u00a9Joan Cort\u00e8s)_15mai16_LJC_18FJV_Vc\" width=\"399\" height=\"600\" title=\"\" srcset=\"https:\/\/tomajazz.com\/web\/wp-content\/uploads\/2016\/07\/05_Snt-Dvr-\u00a9Joan-Cort\u00e8s_15mai16_LJC_18FJV_Vc.jpg 399w, https:\/\/tomajazz.com\/web\/wp-content\/uploads\/2016\/07\/05_Snt-Dvr-\u00a9Joan-Cort\u00e8s_15mai16_LJC_18FJV_Vc-100x150.jpg 100w, https:\/\/tomajazz.com\/web\/wp-content\/uploads\/2016\/07\/05_Snt-Dvr-\u00a9Joan-Cort\u00e8s_15mai16_LJC_18FJV_Vc-200x300.jpg 200w, https:\/\/tomajazz.com\/web\/wp-content\/uploads\/2016\/07\/05_Snt-Dvr-\u00a9Joan-Cort\u00e8s_15mai16_LJC_18FJV_Vc-37x55.jpg 37w\" sizes=\"auto, (max-width: 399px) 100vw, 399px\" \/><\/p>\n<p style=\"text-align: center;\"><img loading=\"lazy\" decoding=\"async\" class=\"aligncenter size-large wp-image-25616\" src=\"http:\/\/www.tomajazz.com\/web\/wp-content\/uploads\/2016\/07\/06_Snt-Dvr-\u00a9Joan-Cort\u00e8s_15mai16_LJC_18FJV_Vc-600x399.jpg\" alt=\"06_Snt Dvr (\u00a9Joan Cort\u00e8s)_15mai16_LJC_18FJV_Vc\" width=\"600\" height=\"399\" title=\"\" srcset=\"https:\/\/tomajazz.com\/web\/wp-content\/uploads\/2016\/07\/06_Snt-Dvr-\u00a9Joan-Cort\u00e8s_15mai16_LJC_18FJV_Vc.jpg 600w, https:\/\/tomajazz.com\/web\/wp-content\/uploads\/2016\/07\/06_Snt-Dvr-\u00a9Joan-Cort\u00e8s_15mai16_LJC_18FJV_Vc-150x100.jpg 150w, https:\/\/tomajazz.com\/web\/wp-content\/uploads\/2016\/07\/06_Snt-Dvr-\u00a9Joan-Cort\u00e8s_15mai16_LJC_18FJV_Vc-200x133.jpg 200w, https:\/\/tomajazz.com\/web\/wp-content\/uploads\/2016\/07\/06_Snt-Dvr-\u00a9Joan-Cort\u00e8s_15mai16_LJC_18FJV_Vc-83x55.jpg 83w, https:\/\/tomajazz.com\/web\/wp-content\/uploads\/2016\/07\/06_Snt-Dvr-\u00a9Joan-Cort\u00e8s_15mai16_LJC_18FJV_Vc-60x40.jpg 60w, https:\/\/tomajazz.com\/web\/wp-content\/uploads\/2016\/07\/06_Snt-Dvr-\u00a9Joan-Cort\u00e8s_15mai16_LJC_18FJV_Vc-120x80.jpg 120w\" sizes=\"auto, (max-width: 600px) 100vw, 600px\" \/><\/p>\n<p style=\"text-align: center;\"><img loading=\"lazy\" decoding=\"async\" class=\"aligncenter size-large wp-image-25617\" src=\"http:\/\/www.tomajazz.com\/web\/wp-content\/uploads\/2016\/07\/07_Snt-Dvr-\u00a9Joan-Cort\u00e8s_15mai16_LJC_18FJV_Vc-600x399.jpg\" alt=\"07_Snt Dvr (\u00a9Joan Cort\u00e8s)_15mai16_LJC_18FJV_Vc\" width=\"600\" height=\"399\" title=\"\" srcset=\"https:\/\/tomajazz.com\/web\/wp-content\/uploads\/2016\/07\/07_Snt-Dvr-\u00a9Joan-Cort\u00e8s_15mai16_LJC_18FJV_Vc.jpg 600w, https:\/\/tomajazz.com\/web\/wp-content\/uploads\/2016\/07\/07_Snt-Dvr-\u00a9Joan-Cort\u00e8s_15mai16_LJC_18FJV_Vc-150x100.jpg 150w, https:\/\/tomajazz.com\/web\/wp-content\/uploads\/2016\/07\/07_Snt-Dvr-\u00a9Joan-Cort\u00e8s_15mai16_LJC_18FJV_Vc-200x133.jpg 200w, https:\/\/tomajazz.com\/web\/wp-content\/uploads\/2016\/07\/07_Snt-Dvr-\u00a9Joan-Cort\u00e8s_15mai16_LJC_18FJV_Vc-83x55.jpg 83w, https:\/\/tomajazz.com\/web\/wp-content\/uploads\/2016\/07\/07_Snt-Dvr-\u00a9Joan-Cort\u00e8s_15mai16_LJC_18FJV_Vc-60x40.jpg 60w, https:\/\/tomajazz.com\/web\/wp-content\/uploads\/2016\/07\/07_Snt-Dvr-\u00a9Joan-Cort\u00e8s_15mai16_LJC_18FJV_Vc-120x80.jpg 120w\" sizes=\"auto, (max-width: 600px) 100vw, 600px\" \/><\/p>\n<p style=\"text-align: center;\"><img loading=\"lazy\" decoding=\"async\" class=\"aligncenter size-large wp-image-25618\" src=\"http:\/\/www.tomajazz.com\/web\/wp-content\/uploads\/2016\/07\/08_Snt-Dvr-\u00a9Joan-Cort\u00e8s_15mai16_LJC_18FJV_Vc-399x600.jpg\" alt=\"08_Snt Dvr (\u00a9Joan Cort\u00e8s)_15mai16_LJC_18FJV_Vc\" width=\"399\" height=\"600\" title=\"\" srcset=\"https:\/\/tomajazz.com\/web\/wp-content\/uploads\/2016\/07\/08_Snt-Dvr-\u00a9Joan-Cort\u00e8s_15mai16_LJC_18FJV_Vc.jpg 399w, https:\/\/tomajazz.com\/web\/wp-content\/uploads\/2016\/07\/08_Snt-Dvr-\u00a9Joan-Cort\u00e8s_15mai16_LJC_18FJV_Vc-100x150.jpg 100w, https:\/\/tomajazz.com\/web\/wp-content\/uploads\/2016\/07\/08_Snt-Dvr-\u00a9Joan-Cort\u00e8s_15mai16_LJC_18FJV_Vc-200x300.jpg 200w, https:\/\/tomajazz.com\/web\/wp-content\/uploads\/2016\/07\/08_Snt-Dvr-\u00a9Joan-Cort\u00e8s_15mai16_LJC_18FJV_Vc-37x55.jpg 37w\" sizes=\"auto, (max-width: 399px) 100vw, 399px\" \/><\/p>\n<p style=\"text-align: center;\"><img loading=\"lazy\" decoding=\"async\" class=\"aligncenter size-large wp-image-25619\" src=\"http:\/\/www.tomajazz.com\/web\/wp-content\/uploads\/2016\/07\/09_Snt-Dvr-\u00a9Joan-Cort\u00e8s_15mai16_LJC_18FJV_Vc-600x399.jpg\" alt=\"09_Snt Dvr (\u00a9Joan Cort\u00e8s)_15mai16_LJC_18FJV_Vc\" width=\"600\" height=\"399\" title=\"\" srcset=\"https:\/\/tomajazz.com\/web\/wp-content\/uploads\/2016\/07\/09_Snt-Dvr-\u00a9Joan-Cort\u00e8s_15mai16_LJC_18FJV_Vc.jpg 600w, https:\/\/tomajazz.com\/web\/wp-content\/uploads\/2016\/07\/09_Snt-Dvr-\u00a9Joan-Cort\u00e8s_15mai16_LJC_18FJV_Vc-150x100.jpg 150w, https:\/\/tomajazz.com\/web\/wp-content\/uploads\/2016\/07\/09_Snt-Dvr-\u00a9Joan-Cort\u00e8s_15mai16_LJC_18FJV_Vc-200x133.jpg 200w, https:\/\/tomajazz.com\/web\/wp-content\/uploads\/2016\/07\/09_Snt-Dvr-\u00a9Joan-Cort\u00e8s_15mai16_LJC_18FJV_Vc-83x55.jpg 83w, https:\/\/tomajazz.com\/web\/wp-content\/uploads\/2016\/07\/09_Snt-Dvr-\u00a9Joan-Cort\u00e8s_15mai16_LJC_18FJV_Vc-60x40.jpg 60w, https:\/\/tomajazz.com\/web\/wp-content\/uploads\/2016\/07\/09_Snt-Dvr-\u00a9Joan-Cort\u00e8s_15mai16_LJC_18FJV_Vc-120x80.jpg 120w\" sizes=\"auto, (max-width: 600px) 100vw, 600px\" \/><\/p>\n<p style=\"text-align: right;\">\u00a9 Joan Cort\u00e8s, 2016<\/p>\n","protected":false},"excerpt":{"rendered":"<p>Fecha: Domingo, 15 de mayo de 2016 Lugar: La Jazz Cava, Vic (Barcelona) Componentes: Santa Diver Luca K\u00e9zdy, viol\u00edn y efectos D\u00e1vid Szesztay, bajo el\u00e9ctrico D\u00e1vid Szeg\u0151, bater\u00eda \u00a9 Joan Cort\u00e8s, 2016<span class=\"more-link\"><a href=\"https:\/\/tomajazz.com\/web\/instantzz-18e-festival-jazz-vic-santa-diver-la-jazz-cava-vic-barcelona-2016-05-15\/\">Contin\u00faa leyendo<\/a><\/span><\/p>\n","protected":false},"author":1,"featured_media":25617,"comment_status":"open","ping_status":"closed","sticky":false,"template":"","format":"standard","meta":{"jetpack_post_was_ever_published":false,"_jetpack_newsletter_access":"","_jetpack_dont_email_post_to_subs":true,"_jetpack_newsletter_tier_id":0,"_jetpack_memberships_contains_paywalled_content":false,"_jetpack_memberships_contains_paid_content":false,"footnotes":""},"categories":[17853,11262,15516,11261,1038],"tags":[16881,16926,16945,16944,13124,15656,12656,12796,12755,15318,15317,15655,15275,15654,11263,13,12415,15295,16927,1041,15710,16882,16943,12657,16942,16099,77,16100,15457],"class_list":["entry","author-pachi","post-25608","post","type-post","status-publish","format-standard","has-post-thumbnail","category-joan-cortes","category-photoblogs","category-imagenes","category-instantzz","category-contenidos","tag-18e-festival-jazz-vic","tag-conciertos-de-jazz-en-vic","tag-david-szego","tag-david-szesztay","tag-festival-jazz-vic","tag-foto-galeria-de-jazz","tag-fotoblog","tag-fotografia-de-jazz","tag-fotografias-de-jazz","tag-fotografos-de-jazz","tag-fotos-de-jazz","tag-galeria-de-fotos-de-jazz","tag-galeria-fotografica","tag-galeria-fotografica-de-jazz","tag-instantzz-2","tag-jazz","tag-jazz-en-espana","tag-jazz-en-espanol","tag-jazz-en-vic","tag-joan-cortes","tag-la-actualidad-del-jazz-en-espana","tag-la-jazz-cava-vic-barcelona","tag-luca-kezdy","tag-photoblog","tag-santa-diver","tag-toma-jazz","tag-tomajazz","tag-tomajazz-toma-jazz","tag-vic-barcelona"],"jetpack_featured_media_url":"https:\/\/tomajazz.com\/web\/wp-content\/uploads\/2016\/07\/07_Snt-Dvr-\u00a9Joan-Cort\u00e8s_15mai16_LJC_18FJV_Vc.jpg","jetpack_likes_enabled":true,"jetpack_sharing_enabled":true,"jetpack-related-posts":[{"id":102929,"url":"https:\/\/tomajazz.com\/web\/samuel-blaser-marc-ducret-peter-bruun-jazz-cava-2025\/","url_meta":{"origin":25608,"position":0},"title":"Samuel Blaser, Marc Ducret &#038; Peter Bruun (Jazz Cava, 2025-11-20 \/ Vic -Barcelona-) Por Joan Cort\u00e8s [INSTANTZZ AKA Galer\u00eda fotogr\u00e1fica AKA Fotoblog de jazz, impro\u2026 y algo m\u00e1s]","author":"Tomajazz","date":"23 diciembre, 2025","format":false,"excerpt":"Samuel Blaser, Marc Ducret & Peter Bruun actuaron en la Jazz Cava de Vic, el 20 e noviembre de 2025. Joan Cort\u00e8s lo retrata en INSTANTZZ","rel":"","context":"En \u00ab*_Joan Cort\u00e8s\u00bb","block_context":{"text":"*_Joan Cort\u00e8s","link":"https:\/\/tomajazz.com\/web\/category\/joan-cortes\/"},"img":{"alt_text":"Samuel Blaser, Marc Ducret & Peter Bruun (Jazz Cava, 2025-11-20 \/ Vic -Barcelona-) Por Joan Cort\u00e8s [INSTANTZZ AKA Galer\u00eda fotogr\u00e1fica AKA Fotoblog de jazz, impro\u2026 y algo m\u00e1s] - Tomajazz - Samuel Blaser, Marc Ducret & Peter Bruun actuaron en la Jazz Cava de Vic, el 20 e noviembre de 2025. Joan Cort\u00e8s lo retrata en INSTANTZZ","src":"https:\/\/i0.wp.com\/tomajazz.com\/web\/wp-content\/uploads\/2025\/12\/destacado-07-Blsr-Dcrt-Brn-Photo-By-Joan-Cortes-20nvm25-JzzCv-Vc.jpg?resize=350%2C200&ssl=1","width":350,"height":200,"srcset":"https:\/\/i0.wp.com\/tomajazz.com\/web\/wp-content\/uploads\/2025\/12\/destacado-07-Blsr-Dcrt-Brn-Photo-By-Joan-Cortes-20nvm25-JzzCv-Vc.jpg?resize=350%2C200&ssl=1 1x, https:\/\/i0.wp.com\/tomajazz.com\/web\/wp-content\/uploads\/2025\/12\/destacado-07-Blsr-Dcrt-Brn-Photo-By-Joan-Cortes-20nvm25-JzzCv-Vc.jpg?resize=525%2C300&ssl=1 1.5x"},"classes":[]},{"id":104990,"url":"https:\/\/tomajazz.com\/web\/adam-ofarrill-elephant-jazz-cava-vic-2026\/","url_meta":{"origin":25608,"position":1},"title":"Adam O\u2019Farrill Elephant (Jazz Cava, 2026-03-12 \/ Vic -Barcelona-) Por Joan Cort\u00e8s [INSTANTZZ AKA Galer\u00eda fotogr\u00e1fica AKA Fotoblog de jazz, impro\u2026 y algo m\u00e1s]","author":"Tomajazz","date":"21 abril, 2026","format":false,"excerpt":"Adam O\u2019Farrill Elephant actu\u00f3 en la Jazz Cava de VIc, el 12 de marzo de 2026-03. Joan Cort\u00e8s lo retrata en INSTANTZZ. Adam O\u2019Farrill Elephant son Adam O\u2019Farrill, Yvonne Rogers, Walter Stinson, Russell Holzman","rel":"","context":"En \u00abINSTANTZZ\u00bb","block_context":{"text":"INSTANTZZ","link":"https:\/\/tomajazz.com\/web\/category\/contenidos\/imagenes\/photoblogs\/instantzz\/"},"img":{"alt_text":"Adam O\u2019Farrill Elephant (Jazz Cava, 2026-03-12 \/ Vic -Barcelona-) Por Joan Cort\u00e8s [INSTANTZZ AKA Galer\u00eda fotogr\u00e1fica AKA Fotoblog de jazz, impro\u2026 y algo m\u00e1s] - Tomajazz - Adam O\u2019Farrill Elephant actu\u00f3 en la Jazz Cava de VIc, el 12 de marzo de 2026-03. Joan Cort\u00e8s lo retrata en INSTANTZZ. Adam O\u2019Farrill Elephant son Adam O\u2019Farrill, Yvonne Rogers, Walter Stinson, Russell Holzman\n","src":"https:\/\/i0.wp.com\/tomajazz.com\/web\/wp-content\/uploads\/2026\/04\/destacada-10-dm-Frrl-lphnt-Photo-by-Joan-Cortes-12mrc26-LJzzCv-Vc.jpg?resize=350%2C200&ssl=1","width":350,"height":200},"classes":[]},{"id":103649,"url":"https:\/\/tomajazz.com\/web\/2025-en-25-imagenes-1\/","url_meta":{"origin":25608,"position":2},"title":"2025 en 25 im\u00e1genes -jazz, improvisaci\u00f3n y flamenco- (primera parte) Por Joan Cort\u00e8s [INSTANTZZ AKA Galer\u00eda fotogr\u00e1fica AKA Fotoblog de jazz, impro\u2026 y algo m\u00e1s]","author":"Tomajazz","date":"22 enero, 2026","format":false,"excerpt":"2025 en 25 im\u00e1genes -jazz, improvisaci\u00f3n y flamenco- (primera parte) es un cl\u00e1sico de Joan Cort\u00e8s cada inicio de a\u00f1o en INSTANTZZ","rel":"","context":"En \u00ab*_Joan Cort\u00e8s\u00bb","block_context":{"text":"*_Joan Cort\u00e8s","link":"https:\/\/tomajazz.com\/web\/category\/joan-cortes\/"},"img":{"alt_text":"2025 en 25 im\u00e1genes -jazz, improvisaci\u00f3n y flamenco- (primera parte) Por Joan Cort\u00e8s [INSTANTZZ AKA Galer\u00eda fotogr\u00e1fica AKA Fotoblog de jazz, impro\u2026 y algo m\u00e1s] - Tomajazz - 2025 en 25 im\u00e1genes -jazz, improvisaci\u00f3n y flamenco- (primera parte) es un cl\u00e1sico de Joan Cort\u00e8s cada inicio de a\u00f1o en INSTANTZZ","src":"https:\/\/i0.wp.com\/tomajazz.com\/web\/wp-content\/uploads\/2026\/01\/destacado-03-Nr-ndrr-sqllrm-Photo-by-Joan-Cortes-22fbr25-L-dtr-S1-Bcn.jpg?resize=350%2C200&ssl=1","width":350,"height":200,"srcset":"https:\/\/i0.wp.com\/tomajazz.com\/web\/wp-content\/uploads\/2026\/01\/destacado-03-Nr-ndrr-sqllrm-Photo-by-Joan-Cortes-22fbr25-L-dtr-S1-Bcn.jpg?resize=350%2C200&ssl=1 1x, https:\/\/i0.wp.com\/tomajazz.com\/web\/wp-content\/uploads\/2026\/01\/destacado-03-Nr-ndrr-sqllrm-Photo-by-Joan-Cortes-22fbr25-L-dtr-S1-Bcn.jpg?resize=525%2C300&ssl=1 1.5x"},"classes":[]},{"id":103071,"url":"https:\/\/tomajazz.com\/web\/lina-marco-mezquida-o-fado-barcelona-2025\/","url_meta":{"origin":25608,"position":3},"title":"Lina &#038; Marco Mezquida \u201cO Fado\u201d (57\u00e8 Festival de Jazz de Barcelona 2025 \/ Conservatori del Liceu, 2025-11-21 \/ Barcelona) [03] Por Joan Cort\u00e8s [INSTANTZZ AKA Galer\u00eda fotogr\u00e1fica AKA Fotoblog de jazz, impro\u2026 y algo m\u00e1s]","author":"Tomajazz","date":"30 diciembre, 2025","format":false,"excerpt":"Lina & Marco Mezquida \u201cO Fado\u201d actuaron en el 57\u00e8 Festival de Jazz de Barcelona, el 21 de noviembre de 2025. Joan Cort\u00e8s lo retrata en INSTANTZZ","rel":"","context":"En \u00ab57 Festival de Jazz de Barcelona 2025\u00bb","block_context":{"text":"57 Festival de Jazz de Barcelona 2025","link":"https:\/\/tomajazz.com\/web\/category\/contenidos\/especial-contenidos\/57-festival-de-jazz-de-barcelona-2025\/"},"img":{"alt_text":"Lina & Marco Mezquida \u201cO Fado\u201d (59\u00e8 Festival de Jazz de Barcelona \/ Conservatori del Liceu, 2025-11-21 \/ Barcelona) [03] Por Joan Cort\u00e8s [INSTANTZZ AKA Galer\u00eda fotogr\u00e1fica AKA Fotoblog de jazz, impro\u2026 y algo m\u00e1s] - Tomajazz - Lina & Marco Mezquida \u201cO Fado\u201d actuaron en el 59\u00e8 Festival de Jazz de Barcelona, el 21 de noviembre de 2025. Joan Cort\u00e8s lo retrata en INSTANTZZ","src":"https:\/\/i0.wp.com\/tomajazz.com\/web\/wp-content\/uploads\/2025\/12\/destacada-07-Ln-Mrc-Mzqd-Photo-By-Joan-Cortes-21nov25-Cnsrvtr-dl-Lc-59FJBcn.jpg?resize=350%2C200&ssl=1","width":350,"height":200,"srcset":"https:\/\/i0.wp.com\/tomajazz.com\/web\/wp-content\/uploads\/2025\/12\/destacada-07-Ln-Mrc-Mzqd-Photo-By-Joan-Cortes-21nov25-Cnsrvtr-dl-Lc-59FJBcn.jpg?resize=350%2C200&ssl=1 1x, https:\/\/i0.wp.com\/tomajazz.com\/web\/wp-content\/uploads\/2025\/12\/destacada-07-Ln-Mrc-Mzqd-Photo-By-Joan-Cortes-21nov25-Cnsrvtr-dl-Lc-59FJBcn.jpg?resize=525%2C300&ssl=1 1.5x"},"classes":[]},{"id":104847,"url":"https:\/\/tomajazz.com\/web\/alba-careta-group-panical-jazz-granollers-2026\/","url_meta":{"origin":25608,"position":4},"title":"Alba Careta Group \u201cPanical\u201d (36\u00e8 Jazz Granollers Festival \/ Casino, 2026-02-27 \/ Granollers -Barcelona-) [II] Por Joan Cort\u00e8s [INSTANTZZ AKA Galer\u00eda fotogr\u00e1fica AKA Fotoblog de jazz, impro\u2026 y algo m\u00e1s]","author":"Tomajazz","date":"12 abril, 2026","format":false,"excerpt":"Alba Careta Group \u201cPanical\u201d actu\u00f3 en el 36\u00e8 Jazz Granollers Festival, el 27 de febrero de 2026. Joan Cort\u00e8s lo retrata en INSTANTZZ. Alba Careta Group \u201cPanical\u201d son Alba Careta, Lucas Mart\u00ednez, Roger Santacana, Giuseppe Campisi, Jordi Pallar\u00e9s","rel":"","context":"En \u00ab36 Jazz Granollers Festival 2026\u00bb","block_context":{"text":"36 Jazz Granollers Festival 2026","link":"https:\/\/tomajazz.com\/web\/category\/contenidos\/especial-contenidos\/36-jazz-granollers-festival-2026\/"},"img":{"alt_text":"Alba Careta Group \u201cPanical\u201d (36\u00e8 Jazz Granollers Festival \/ Casino, 2026-02-27 \/ Granollers -Barcelona-) [II] Por Joan Cort\u00e8s [INSTANTZZ AKA Galer\u00eda fotogr\u00e1fica AKA Fotoblog de jazz, impro\u2026 y algo m\u00e1s] - Tomajazz - Alba Careta Group \u201cPanical\u201d actu\u00f3 en el 36\u00e8 Jazz Granollers Festival, el 27 de febrero de 2026. Joan Cort\u00e8s lo retrata en INSTANTZZ. Alba Careta Group \u201cPanical\u201d son Alba Careta, Lucas Mart\u00ednez, Roger Santacana, Giuseppe Campisi, Jordi Pallar\u00e9s\n","src":"https:\/\/i0.wp.com\/tomajazz.com\/web\/wp-content\/uploads\/2026\/04\/destacada-03-lb-Crt-Grp-Photo-by-Joan-Cortes-27fbr26-36JGF-CG-CR-Grnllrs.jpg?resize=350%2C200&ssl=1","width":350,"height":200,"srcset":"https:\/\/i0.wp.com\/tomajazz.com\/web\/wp-content\/uploads\/2026\/04\/destacada-03-lb-Crt-Grp-Photo-by-Joan-Cortes-27fbr26-36JGF-CG-CR-Grnllrs.jpg?resize=350%2C200&ssl=1 1x, https:\/\/i0.wp.com\/tomajazz.com\/web\/wp-content\/uploads\/2026\/04\/destacada-03-lb-Crt-Grp-Photo-by-Joan-Cortes-27fbr26-36JGF-CG-CR-Grnllrs.jpg?resize=525%2C300&ssl=1 1.5x"},"classes":[]},{"id":103380,"url":"https:\/\/tomajazz.com\/web\/anja-lechner-francois-couturier-barcelona-2025-img\/","url_meta":{"origin":25608,"position":5},"title":"Anja Lechner &#038; Fran\u00e7ois Couturier (79\u00e8 Festival de Jazz de Barcelona \/ Conservatori del Liceu, 2025-11-19 \/ Barcelona) [05] Por Joan Cort\u00e8s [INSTANTZZ AKA Galer\u00eda fotogr\u00e1fica AKA Fotoblog de jazz, impro\u2026 y algo m\u00e1s]","author":"Tomajazz","date":"13 enero, 2026","format":false,"excerpt":"Anja Lechner & Fran\u00e7ois Couturier participaron en el 57\u00e8 Festival de Jazz de Barcelona en el Conservatori del Liceu, el 19 de noviembre de 2025. Joan Cort\u00e8s lo retrata en INSTANTZZ","rel":"","context":"En \u00ab57 Festival de Jazz de Barcelona 2025\u00bb","block_context":{"text":"57 Festival de Jazz de Barcelona 2025","link":"https:\/\/tomajazz.com\/web\/category\/contenidos\/especial-contenidos\/57-festival-de-jazz-de-barcelona-2025\/"},"img":{"alt_text":"Anja Lechner & Fran\u00e7ois Couturier (59\u00e8 Festival de Jazz de Barcelona \/ Conservatori del Liceu, 2025-11-19 \/ Barcelona) [05] Por Joan Cort\u00e8s [INSTANTZZ AKA Galer\u00eda fotogr\u00e1fica AKA Fotoblog de jazz, impro\u2026 y algo m\u00e1s] - Tomajazz - Anja Lechner & Fran\u00e7ois Couturier participaron en el 57\u00e8 Festival de Jazz de Barcelona en el Conservatori del Liceu, el 19 de noviembre de 2025. Joan Cort\u00e8s lo relata y retrata","src":"https:\/\/i0.wp.com\/tomajazz.com\/web\/wp-content\/uploads\/2026\/01\/destacada-05-nj-Lchnr-Frncs-Ctrr-Photo-by-Joan-Cortes-19nvb25-59FJF-Cdl-Bcn.jpg?resize=350%2C200&ssl=1","width":350,"height":200,"srcset":"https:\/\/i0.wp.com\/tomajazz.com\/web\/wp-content\/uploads\/2026\/01\/destacada-05-nj-Lchnr-Frncs-Ctrr-Photo-by-Joan-Cortes-19nvb25-59FJF-Cdl-Bcn.jpg?resize=350%2C200&ssl=1 1x, https:\/\/i0.wp.com\/tomajazz.com\/web\/wp-content\/uploads\/2026\/01\/destacada-05-nj-Lchnr-Frncs-Ctrr-Photo-by-Joan-Cortes-19nvb25-59FJF-Cdl-Bcn.jpg?resize=525%2C300&ssl=1 1.5x"},"classes":[]}],"_links":{"self":[{"href":"https:\/\/tomajazz.com\/web\/wp-json\/wp\/v2\/posts\/25608","targetHints":{"allow":["GET"]}}],"collection":[{"href":"https:\/\/tomajazz.com\/web\/wp-json\/wp\/v2\/posts"}],"about":[{"href":"https:\/\/tomajazz.com\/web\/wp-json\/wp\/v2\/types\/post"}],"author":[{"embeddable":true,"href":"https:\/\/tomajazz.com\/web\/wp-json\/wp\/v2\/users\/1"}],"replies":[{"embeddable":true,"href":"https:\/\/tomajazz.com\/web\/wp-json\/wp\/v2\/comments?post=25608"}],"version-history":[{"count":2,"href":"https:\/\/tomajazz.com\/web\/wp-json\/wp\/v2\/posts\/25608\/revisions"}],"predecessor-version":[{"id":25950,"href":"https:\/\/tomajazz.com\/web\/wp-json\/wp\/v2\/posts\/25608\/revisions\/25950"}],"wp:featuredmedia":[{"embeddable":true,"href":"https:\/\/tomajazz.com\/web\/wp-json\/wp\/v2\/media\/25617"}],"wp:attachment":[{"href":"https:\/\/tomajazz.com\/web\/wp-json\/wp\/v2\/media?parent=25608"}],"wp:term":[{"taxonomy":"category","embeddable":true,"href":"https:\/\/tomajazz.com\/web\/wp-json\/wp\/v2\/categories?post=25608"},{"taxonomy":"post_tag","embeddable":true,"href":"https:\/\/tomajazz.com\/web\/wp-json\/wp\/v2\/tags?post=25608"}],"curies":[{"name":"wp","href":"https:\/\/api.w.org\/{rel}","templated":true}]}}