{"id":25735,"date":"2016-07-26T17:15:26","date_gmt":"2016-07-26T15:15:26","guid":{"rendered":"http:\/\/www.tomajazz.com\/web\/?p=25735"},"modified":"2021-07-18T14:16:07","modified_gmt":"2021-07-18T12:16:07","slug":"22e-mallorca-jazz-sa-pobla-sa-pobla-mallorca-del-2-al-6-de-agosto-de-2016","status":"publish","type":"post","link":"https:\/\/tomajazz.com\/web\/22e-mallorca-jazz-sa-pobla-sa-pobla-mallorca-del-2-al-6-de-agosto-de-2016\/","title":{"rendered":"22\u00e8 Mallorca Jazz Sa Pobla (Sa Pobla, Mallorca. Del 2 al 6 de agosto de 2016) [Noticias]"},"content":{"rendered":"<p style=\"text-align: center;\"><img loading=\"lazy\" decoding=\"async\" class=\"aligncenter size-large wp-image-25736\" src=\"http:\/\/www.tomajazz.com\/web\/wp-content\/uploads\/2016\/07\/jazz_sapobla222-381x600.jpg\" alt=\"JazzsaPobla2016-CARTELL\" width=\"381\" height=\"600\" title=\"\"><\/p>\n<p>22\u00e8 Mallorca Jazz Sa Pobla. Festival Internacional de Jazz<br \/>\nDel 2 al 6 de agosto de 2016.<br \/>\nConciertos en la Pla\u00e7a Major. 22:30<br \/>\nSa Pobla, Mallorca<\/p>\n<p>2. John Abercrombie Quartet<br \/>\n3. Anthony Strong<br \/>\n4. Suzette Moncrief &amp; Lito Blues Band<br \/>\n5. Perico Sambeat&#8217;s Workout!<br \/>\n6. Concert Final del Seminari de Jazz<\/p>\n<p>Del 2 al 6 de agosto. 11\u00e8 Seminari Internacional de Jazz amb la Traveling School<\/p>\n<p><a href=\"http:\/\/www.ajsapobla.net\/es\/jazz\" target=\"_blank\" rel=\"noopener\">http:\/\/www.ajsapobla.net\/es\/jazz<\/a><\/p>\n","protected":false},"excerpt":{"rendered":"<p>22\u00e8 Mallorca Jazz Sa Pobla. Festival Internacional de Jazz Del 2 al 6 de agosto de 2016. Conciertos en la Pla\u00e7a Major. 22:30 Sa Pobla, Mallorca 2. John Abercrombie Quartet 3. Anthony Strong 4. Suzette Moncrief &amp; Lito Blues Band 5. Perico Sambeat&#8217;s Workout! 6. Concert Final del Seminari de<span class=\"more-link\"><a href=\"https:\/\/tomajazz.com\/web\/22e-mallorca-jazz-sa-pobla-sa-pobla-mallorca-del-2-al-6-de-agosto-de-2016\/\">Contin\u00faa leyendo<\/a><\/span><\/p>\n","protected":false},"author":1,"featured_media":25736,"comment_status":"open","ping_status":"closed","sticky":false,"template":"","format":"standard","meta":{"_jetpack_newsletter_access":"","_jetpack_dont_email_post_to_subs":true,"_jetpack_newsletter_tier_id":0,"_jetpack_memberships_contains_paywalled_content":false,"_jetpack_feature_clip_id":0,"_jetpack_memberships_contains_paid_content":false,"footnotes":"","jetpack_post_was_ever_published":false},"categories":[17858,15795,1038],"tags":[17002,17007,12836,15314,17004,15299,15607,15608,13571,15609,13,15312,12415,15295,16216,15313,15297,17006,15710,17003,11856,15296,15298,17008,17005,17009,16099,77,16100],"class_list":["entry","author-pachi","post-25735","post","type-post","status-publish","format-standard","has-post-thumbnail","category-redaccion","category-noticias-2","category-contenidos","tag-22e-mallorca-jazz-sa-pobla","tag-anthony-strong","tag-concierto","tag-concierto-de-jazz","tag-conciertos-de-jazz-en-malloca","tag-espana-en-jazz","tag-festival-de-jazz","tag-festival-de-jazz-en-espana","tag-festivales-de-jazz","tag-festivales-de-jazz-en-espana","tag-jazz","tag-jazz-en-directo","tag-jazz-en-espana","tag-jazz-en-espanol","tag-jazz-en-mallorca","tag-jazz-en-vivo","tag-jazz-news","tag-john-abercrombie-quartet","tag-la-actualidad-del-jazz-en-espana","tag-mallorca-jazz-sa-pobla","tag-noticias","tag-noticias-de-jazz","tag-noticias-de-jazz-en-espana","tag-perico-sambeats-workout","tag-sa-pobla-mallorca","tag-suzette-moncrief-lito-blues-band","tag-toma-jazz","tag-tomajazz","tag-tomajazz-toma-jazz"],"jetpack_likes_enabled":true,"jetpack_sharing_enabled":true,"jetpack-related-posts":[{"id":106697,"url":"https:\/\/tomajazz.com\/web\/lucia-rey-quartet-sa-pobla-2026\/","url_meta":{"origin":25735,"position":0},"title":"Luc\u00eda Rey Quartet  (32 Mallorca Jazz Sa Pobla 2026. Sa Pobla, Mallorca. 2026-08-18) Por Miquel \u00c0ngel Segu\u00ed y Jos\u00e9 Luis Luna Rocafort [Concierto de jazz]","author":"Tomajazz","date":"24 agosto, 2026","format":false,"excerpt":"Luc\u00eda Rey Quartet actu\u00f3 en el 32 Mallorca Jazz Sa Pobla 2026, el 18 de agosto de 2026. Miquel \u00c0ngel Segu\u00ed y Jos\u00e9 Luis Luna Rocafort relatan el concierto. Actuaron Luc\u00eda Rey, Ander Garc\u00eda, Michael Olivera, Juan Carlos Aracil","rel":"","context":"En \u00ab32 Mallorca Jazz Sa Pobla 2026\u00bb","block_context":{"text":"32 Mallorca Jazz Sa Pobla 2026","link":"https:\/\/tomajazz.com\/web\/category\/contenidos\/especial-contenidos\/32-mallorca-jazz-sa-pobla-2026\/"},"img":{"alt_text":"Luc\u00eda Rey Quartet  (32 Mallorca Jazz Sa Pobla 2026. Sa Pobla, Mallorca. 2026-08-18) Por Miquel \u00c0ngel Segu\u00ed y Jos\u00e9 Luis Luna Rocafort [Concierto de jazz] - Tomajazz - Luc\u00eda Rey Quartet actu\u00f3 en el 32 Mallorca Jazz Sa Pobla 2026, el 18 de agosto de 2026. Miquel \u00c0ngel Segu\u00ed y Jos\u00e9 Luis Luna Rocafort relatan el concierto. Actuaron Luc\u00eda Rey, Ander Garc\u00eda, Michael Olivera, Juan Carlos Aracil","src":"https:\/\/i0.wp.com\/tomajazz.com\/web\/wp-content\/uploads\/2026\/08\/011-11.jpg?resize=350%2C200&ssl=1","width":350,"height":200,"srcset":"https:\/\/i0.wp.com\/tomajazz.com\/web\/wp-content\/uploads\/2026\/08\/011-11.jpg?resize=350%2C200&ssl=1 1x, https:\/\/i0.wp.com\/tomajazz.com\/web\/wp-content\/uploads\/2026\/08\/011-11.jpg?resize=525%2C300&ssl=1 1.5x"},"classes":[]},{"id":106583,"url":"https:\/\/tomajazz.com\/web\/fran-ramos-quartet-sa-pobla-2026\/","url_meta":{"origin":25735,"position":1},"title":"Fran Ramos Quartet (32 Mallorca Jazz Sa Pobla 2026. Sa Pobla, Mallorca. 2026-07-30) Por Jos\u00e9 Luis Luna Rocafort [INSTANTZZ AKA Galer\u00eda fotogr\u00e1fica AKA Fotoblog de jazz, impro\u2026 y algo m\u00e1s]","author":"Tomajazz","date":"19 agosto, 2026","format":false,"excerpt":"Fran Ramos Quartet actu\u00f3 en el 32 Mallorca Jazz Sa Pobla 2026 en Mallorca, el 30 de julio de 2026. Jos\u00e9 Luis Luna Rocafort lo retrata en INSTANTZZ. Actuaron Fran Ramos, Diego Hervalejo, Camil Alcarazo, Enric\u00a0Fuster, Gaizka Taro","rel":"","context":"En \u00ab32 Mallorca Jazz Sa Pobla 2026\u00bb","block_context":{"text":"32 Mallorca Jazz Sa Pobla 2026","link":"https:\/\/tomajazz.com\/web\/category\/contenidos\/especial-contenidos\/32-mallorca-jazz-sa-pobla-2026\/"},"img":{"alt_text":"Fran Ramos Quartet (32 Mallorca Jazz Sa Pobla 2026. Sa Pobla, Mallorca. 2026-07-30) Por Jos\u00e9 Luis Luna Rocafort [INSTANTZZ AKA Galer\u00eda fotogr\u00e1fica AKA Fotoblog de jazz, impro\u2026 y algo m\u00e1s] - Tomajazz - Fran Ramos Quartet actu\u00f3 en el 32 Mallorca Jazz Sa Pobla 2026 en Mallorca, el 30 de julio de 202. Sa Pobla, Mallorca. 2026-07-30) Por Jos\u00e9 Luis Luna Rocafort [INSTANTZZ AKA Galer\u00eda fotogr\u00e1fica AKA Fotoblog de jazz, impro\u2026 y algo m\u00e1s]","src":"https:\/\/i0.wp.com\/tomajazz.com\/web\/wp-content\/uploads\/2026\/08\/018-4.jpg?resize=350%2C200&ssl=1","width":350,"height":200,"srcset":"https:\/\/i0.wp.com\/tomajazz.com\/web\/wp-content\/uploads\/2026\/08\/018-4.jpg?resize=350%2C200&ssl=1 1x, https:\/\/i0.wp.com\/tomajazz.com\/web\/wp-content\/uploads\/2026\/08\/018-4.jpg?resize=525%2C300&ssl=1 1.5x"},"classes":[]},{"id":101757,"url":"https:\/\/tomajazz.com\/web\/sa-pobla-jazz-collective-sa-pobla-2025\/","url_meta":{"origin":25735,"position":2},"title":"Sa Pobla Jazz Collective (31 Mallorca Jazz Sa Pobla 2025. Sa Pobla. Mallorca. 2025-08-11) Por Jos\u00e9 Luis Luna Rocafort [INSTANTZZ AKA Galer\u00eda fotogr\u00e1fica AKA Fotoblog de jazz, impro\u2026 y algo m\u00e1s]","author":"Tomajazz","date":"14 noviembre, 2025","format":false,"excerpt":"Sa Pobla Jazz Collective actu\u00f3 en el 31 Mallorca Jazz Sa Pobla 2025 el 11 de agosto de 2025. Jos\u00e9 Luis Luna Rocafort retrata el concierto en INSTANTZZ","rel":"","context":"En \u00abINSTANTZZ\u00bb","block_context":{"text":"INSTANTZZ","link":"https:\/\/tomajazz.com\/web\/category\/contenidos\/imagenes\/photoblogs\/instantzz\/"},"img":{"alt_text":"Sa Pobla Jazz Collective (31 Mallorca Jazz Sa Pobla 2025. Sa Pobla. Mallorca. 2025-08-11) Por Jos\u00e9 Luis Luna Rocafort [INSTANTZZ AKA Galer\u00eda fotogr\u00e1fica AKA Fotoblog de jazz, impro\u2026 y algo m\u00e1s] - Tomajazz - Sa Pobla Jazz Collective actu\u00f3 en el 31 Mallorca Jazz Sa Pobla 2025 el 11 de agosto de 2025. Jos\u00e9 Luis Luna Rocafort retrata el concierto en INSTANTZZ","src":"https:\/\/i0.wp.com\/tomajazz.com\/web\/wp-content\/uploads\/2025\/11\/014-9.jpg?resize=350%2C200&ssl=1","width":350,"height":200,"srcset":"https:\/\/i0.wp.com\/tomajazz.com\/web\/wp-content\/uploads\/2025\/11\/014-9.jpg?resize=350%2C200&ssl=1 1x, https:\/\/i0.wp.com\/tomajazz.com\/web\/wp-content\/uploads\/2025\/11\/014-9.jpg?resize=525%2C300&ssl=1 1.5x"},"classes":[]},{"id":106401,"url":"https:\/\/tomajazz.com\/web\/china-moses-mallorca-jazz-sa-pobla-2026\/","url_meta":{"origin":25735,"position":3},"title":"China Moses (32 Mallorca Jazz Sa Pobla 2026. Sa Pobla, Mallorca. 2026-08-04) Por Miquel \u00c0ngel Segu\u00ed y Jos\u00e9 Luis Luna Rocafort [Concierto de jazz]","author":"Tomajazz","date":"12 agosto, 2026","format":false,"excerpt":"China Moses actu\u00f3 en el 32 Mallorca Jazz Sa Pobla 2026 de Mallorca el 4 de agosto de 2026. Miquel \u00c0ngel Segu\u00ed y Jos\u00e9 Luis Luna Rocafort relatan\/retratan el concierto. Actuaron China Moses, Joshua Eniraiyetan \u201cInsxght\u201d, Ebow Mensah \u201cLox\u201d, Immanuel Simelane, J\u00e9r\u00f4me Cornelis","rel":"","context":"En \u00ab32 Mallorca Jazz Sa Pobla 2026\u00bb","block_context":{"text":"32 Mallorca Jazz Sa Pobla 2026","link":"https:\/\/tomajazz.com\/web\/category\/contenidos\/especial-contenidos\/32-mallorca-jazz-sa-pobla-2026\/"},"img":{"alt_text":"China Moses (32 Mallorca Jazz Sa Pobla 2026. Sa Pobla, Mallorca. 2026-08-04) Por Miquel \u00c0ngel Segu\u00ed y Jos\u00e9 Luis Luna Rocafort [Concierto de jazz] - Tomajazz - China Moses actu\u00f3 en el 32 Mallorca Jazz Sa Pobla 2026 de Mallorca el 4 de agosto de 2026. Miquel \u00c0ngel Segu\u00ed y Jos\u00e9 Luis Luna Rocafort relatan\/retratan el concierto. Actuaron China Moses, Joshua Eniraiyetan \u201cInsxght\u201d, Ebow Mensah \u201cLox\u201d, Immanuel Simelane, J\u00e9r\u00f4me Cornelis","src":"https:\/\/i0.wp.com\/tomajazz.com\/web\/wp-content\/uploads\/2026\/08\/011-4.jpg?resize=350%2C200&ssl=1","width":350,"height":200,"srcset":"https:\/\/i0.wp.com\/tomajazz.com\/web\/wp-content\/uploads\/2026\/08\/011-4.jpg?resize=350%2C200&ssl=1 1x, https:\/\/i0.wp.com\/tomajazz.com\/web\/wp-content\/uploads\/2026\/08\/011-4.jpg?resize=525%2C300&ssl=1 1.5x"},"classes":[]},{"id":106527,"url":"https:\/\/tomajazz.com\/web\/blau-salvatge-sa-pobla-2026\/","url_meta":{"origin":25735,"position":4},"title":"Blau Salvatge (32 Mallorca Jazz Sa Pobla 2026. Sa Pobla, Mallorca. 2026-08-10) Por Miquel \u00c0ngel Segu\u00ed y Jos\u00e9 Luis Luna Rocafort [Concierto de jazz]","author":"Tomajazz","date":"17 agosto, 2026","format":false,"excerpt":"Blau Salvatge actu\u00f3 en el 32 Mallorca Jazz Sa Pobla 2026, en Mallorca, el 10 de agosto de 2026. Miquel \u00c0ngel Segu\u00ed y Jos\u00e9 Luis Luna Rocafort relatan el concierto. Actuaron Joan P\u00e9rez-Villegas, Zo\u00eb Gordon, Nancy Meier, Paula Haeni, Felix Grandjean, Pere Molines, Joan Garcias, Llu\u00eds P\u00e9rez-Villegas, Leyre Estruch","rel":"","context":"En \u00ab32 Mallorca Jazz Sa Pobla 2026\u00bb","block_context":{"text":"32 Mallorca Jazz Sa Pobla 2026","link":"https:\/\/tomajazz.com\/web\/category\/contenidos\/especial-contenidos\/32-mallorca-jazz-sa-pobla-2026\/"},"img":{"alt_text":"Blau Salvatge (32 Mallorca Jazz Sa Pobla 2026. Sa Pobla, Mallorca. 2026-08-10) Por Miquel \u00c0ngel Segu\u00ed y Jos\u00e9 Luis Luna Rocafort [Concierto de jazz] - Tomajazz - Blau Salvatge actu\u00f3 en el 32 Mallorca Jazz Sa Pobla 2026, en Mallorca, el 10 de agosto de 2026. Miquel \u00c0ngel Segu\u00ed y Jos\u00e9 Luis Luna Rocafort relatan el concierto. Actuaron Joan P\u00e9rez-Villegas, Zo\u00eb Gordon, Nancy Meier, Paula Haeni, Felix Grandjean, Pere Molines, Joan Garcias, Llu\u00eds P\u00e9rez-Villegas, Leyre Estruch","src":"https:\/\/i0.wp.com\/tomajazz.com\/web\/wp-content\/uploads\/2026\/08\/017-4.jpg?resize=350%2C200&ssl=1","width":350,"height":200,"srcset":"https:\/\/i0.wp.com\/tomajazz.com\/web\/wp-content\/uploads\/2026\/08\/017-4.jpg?resize=350%2C200&ssl=1 1x, https:\/\/i0.wp.com\/tomajazz.com\/web\/wp-content\/uploads\/2026\/08\/017-4.jpg?resize=525%2C300&ssl=1 1.5x"},"classes":[]},{"id":25823,"url":"https:\/\/tomajazz.com\/web\/instantzz-john-abercrombie-quartet-sa-pobla-mallorca-2016-08-02\/","url_meta":{"origin":25735,"position":5},"title":"INSTANTZZ: John Abercrombie Quartet (Sa Pobla, Mallorca. 2016-08-02) [Galer\u00eda fotogr\u00e1fica]","author":"Tomajazz","date":"19 agosto, 2016","format":false,"excerpt":"Instantzz de Jos\u00e9 Luis Luna Rocafort repasando la actuaci\u00f3n del John Abercrombie Quartet en Jazz Sa Pobla en Malloca en agosto de 2016.","rel":"","context":"En \u00ab*_Jos\u00e9 Luis Luna Rocafort\u00bb","block_context":{"text":"*_Jos\u00e9 Luis Luna Rocafort","link":"https:\/\/tomajazz.com\/web\/category\/jose-luis-luna-rocafort\/"},"img":{"alt_text":"","src":"https:\/\/i0.wp.com\/tomajazz.com\/web\/wp-content\/uploads\/2016\/08\/001.jpg?resize=350%2C200&ssl=1","width":350,"height":200,"srcset":"https:\/\/i0.wp.com\/tomajazz.com\/web\/wp-content\/uploads\/2016\/08\/001.jpg?resize=350%2C200&ssl=1 1x, https:\/\/i0.wp.com\/tomajazz.com\/web\/wp-content\/uploads\/2016\/08\/001.jpg?resize=525%2C300&ssl=1 1.5x"},"classes":[]}],"jetpack_featured_media_url":"https:\/\/tomajazz.com\/web\/wp-content\/uploads\/2016\/07\/jazz_sapobla222-e1469466012390.jpg","_links":{"self":[{"href":"https:\/\/tomajazz.com\/web\/wp-json\/wp\/v2\/posts\/25735","targetHints":{"allow":["GET"]}}],"collection":[{"href":"https:\/\/tomajazz.com\/web\/wp-json\/wp\/v2\/posts"}],"about":[{"href":"https:\/\/tomajazz.com\/web\/wp-json\/wp\/v2\/types\/post"}],"author":[{"embeddable":true,"href":"https:\/\/tomajazz.com\/web\/wp-json\/wp\/v2\/users\/1"}],"replies":[{"embeddable":true,"href":"https:\/\/tomajazz.com\/web\/wp-json\/wp\/v2\/comments?post=25735"}],"version-history":[{"count":3,"href":"https:\/\/tomajazz.com\/web\/wp-json\/wp\/v2\/posts\/25735\/revisions"}],"predecessor-version":[{"id":55757,"href":"https:\/\/tomajazz.com\/web\/wp-json\/wp\/v2\/posts\/25735\/revisions\/55757"}],"wp:featuredmedia":[{"embeddable":true,"href":"https:\/\/tomajazz.com\/web\/wp-json\/wp\/v2\/media\/25736"}],"wp:attachment":[{"href":"https:\/\/tomajazz.com\/web\/wp-json\/wp\/v2\/media?parent=25735"}],"wp:term":[{"taxonomy":"category","embeddable":true,"href":"https:\/\/tomajazz.com\/web\/wp-json\/wp\/v2\/categories?post=25735"},{"taxonomy":"post_tag","embeddable":true,"href":"https:\/\/tomajazz.com\/web\/wp-json\/wp\/v2\/tags?post=25735"}],"curies":[{"name":"wp","href":"https:\/\/api.w.org\/{rel}","templated":true}]}}