{"id":26083,"date":"2016-08-30T22:07:46","date_gmt":"2016-08-30T20:07:46","guid":{"rendered":"http:\/\/www.tomajazz.com\/web\/?p=26083"},"modified":"2016-11-13T21:48:25","modified_gmt":"2016-11-13T20:48:25","slug":"hdo-155-seidagasa-quique-simon-y-jose-maria-pastor-sus-palabras-y-sus-musicas-entrevista-por-pachi-tapiz-podcast","status":"publish","type":"post","link":"https:\/\/tomajazz.com\/web\/hdo-155-seidagasa-quique-simon-y-jose-maria-pastor-sus-palabras-y-sus-musicas-entrevista-por-pachi-tapiz-podcast\/","title":{"rendered":"HDO 155. Entrevista a Seidagasa (Quique Sim\u00f3n y Jos\u00e9 Mar\u00eda Pastor)&#8230; sus palabras y sus m\u00fasicas. Entrevista por Pachi Tapiz [Podcast]"},"content":{"rendered":"<p style=\"text-align: center;\"><img loading=\"lazy\" decoding=\"async\" class=\"aligncenter size-full wp-image-26084\" src=\"http:\/\/www.tomajazz.com\/web\/wp-content\/uploads\/2016\/08\/IMG_0141.JPG-Seidagasawm.jpg\" alt=\"IMG_0141.JPG-Seidagasawm\" width=\"400\" height=\"437\" title=\"\" srcset=\"https:\/\/tomajazz.com\/web\/wp-content\/uploads\/2016\/08\/IMG_0141.JPG-Seidagasawm.jpg 400w, https:\/\/tomajazz.com\/web\/wp-content\/uploads\/2016\/08\/IMG_0141.JPG-Seidagasawm-137x150.jpg 137w, https:\/\/tomajazz.com\/web\/wp-content\/uploads\/2016\/08\/IMG_0141.JPG-Seidagasawm-200x219.jpg 200w, https:\/\/tomajazz.com\/web\/wp-content\/uploads\/2016\/08\/IMG_0141.JPG-Seidagasawm-50x55.jpg 50w\" sizes=\"auto, (max-width: 400px) 100vw, 400px\" \/><\/p>\n<p style=\"text-align: center;\">De izquierda a derecha: <strong>Quique Sim\u00f3n<\/strong> y <strong>Jos\u00e9 Mar\u00eda Pastor<\/strong>,<br \/>\nintegrantes del colectivo <a href=\"https:\/\/seidagasa.wordpress.com\/\" target=\"_blank\" rel=\"noopener\"><strong>Seidagasa<\/strong><\/a>.<br \/>\nImagen tomada por <strong>Sera Mart\u00edn<\/strong> tras\u00a0el concierto del d\u00eda 26 de<br \/>\nagosto de 2016 en Donamaria (Navarra)<\/p>\n<p style=\"text-align: justify;\">El pasado 25 de agosto <a href=\"http:\/\/www.tomajazz.com\/web\/?p=26066\" target=\"_blank\"><strong>Quique Sim\u00f3n<\/strong> y <strong>Chema Pastor<\/strong>, integrantes de <strong>Seidagasa<\/strong>, actuaron junto a\u00a0<strong>Josetxo Goia-Aribe<\/strong> en la medieval Torre Jauregia de Donamaria en Navarra dentro de la programaci\u00f3n de Kultur 2016, presentando su grabaci\u00f3n Las cortinas&#8230;<\/a> (Seidagasa, 2015).<\/p>\n<p style=\"text-align: justify;\">Tras el concierto, el pianista\u00a0<strong>Quique Sim\u00f3n<\/strong> y el baterista\u00a0<strong>Jos\u00e9 Mar\u00eda Pastor<\/strong> charlaron con\u00a0<strong>Pachi Tapiz<\/strong>\u00a0acerca del magn\u00edfico concierto -algo obligado- y su proyecto junto a <strong>Josetxo Goia-Aribe<\/strong>. A partir de este inicio\u00a0fueron surgiendo puntos de enganche que sirvieron para\u00a0realizar un repaso a sus ocho grabaciones, que todas ellas navegan por los interesantes terrenos de una forma de entender la improvisaci\u00f3n en la que los l\u00edmites, aparentemente, no existen: <em>Omnisciencia<\/em>,\u00a0grabaci\u00f3n reci\u00e9n editada junto al contrabajista <strong>Pedro Mart\u00ednez Maestre<\/strong>; <em>Elements<\/em>\u00a0obra en la que se adentran por la improvisaci\u00f3n con la electr\u00f3nica; <em>A Chaos Supreme<\/em> junto al saxofonista e improvisador <strong>Josep Lluis Galiana<\/strong>; <em>Las malditas \u00f3rdenes del coronel<\/em> junto al peculiar cantaor <strong>Ni\u00f1o de Elche<\/strong>; las tres grabaciones con que se estrenaban en 2012 tituladas <em>Solo para locos<\/em> 1, 2 y 3 en la que adem\u00e1s de a d\u00fao contaban con la colaboraci\u00f3n de los guitarristas <strong>Rub\u00e9n<\/strong> <strong>Medrano<\/strong> y <strong>Juan<\/strong> <strong>Pablo<\/strong> <strong>Zaragoza<\/strong>. El ambiente distendido invit\u00f3 a que el propio <strong>Josetxo Goia-Aribe<\/strong> se incorporase a la entrevista en la parte final de la charla.<\/p>\n<p style=\"text-align: justify;\">Como complemento a las palabras de estos dos m\u00fasicos, en <strong>HDO 155<\/strong> suenan temas de las ocho grabaciones de estos improvisadores, que tal y como se puede apreciar en las notas que acompa\u00f1an a sus obras -y se pueden leer en su p\u00e1gina en <strong><em><a href=\"https:\/\/seidagasa.bandcamp.com\/\" target=\"_blank\" rel=\"nofollow noopener\">Bandcamp<\/a><\/em><\/strong>, no tienen pelos en la lengua.<\/p>\n<p style=\"text-align: right;\">\u00a9 Pachi Tapiz, 2016<br \/>\nFotograf\u00eda:\u00a0\u00a9 Sera Mart\u00edn, 2016<\/p>\n<p><strong>HDO<\/strong> es un <em>podcast<\/em> editado, presentado y producido por <strong>Pachi Tapiz<\/strong>.<br \/>\n<iframe id='audio_12718276' frameborder='0' allowfullscreen='' scrolling='no' height='200' style='border:1px solid #EEE; box-sizing:border-box; width:100%;' src=\"https:\/\/www.ivoox.com\/player_ej_12718276_4_1.html?c1=ff6600\"><\/iframe><br \/>\nEn <strong>HDO<\/strong> suenan:<br \/>\n<center><a href=\"https:\/\/seidagasa.bandcamp.com\/album\/omnisciencia\" target=\"_blank\" rel=\"noopener\"><img loading=\"lazy\" decoding=\"async\" class=\"alignnone size-medium wp-image-26089\" src=\"http:\/\/www.tomajazz.com\/web\/wp-content\/uploads\/2016\/08\/01_a1279056999_16-200x200.jpg\" alt=\"Seidagasa + Pedro Mart\u00ednez Maestre: Omnisciencia (Seidagasa, 2016)\" width=\"200\" height=\"200\" title=\"\" srcset=\"https:\/\/tomajazz.com\/web\/wp-content\/uploads\/2016\/08\/01_a1279056999_16-200x200.jpg 200w, https:\/\/tomajazz.com\/web\/wp-content\/uploads\/2016\/08\/01_a1279056999_16-150x150.jpg 150w, https:\/\/tomajazz.com\/web\/wp-content\/uploads\/2016\/08\/01_a1279056999_16-600x600.jpg 600w, https:\/\/tomajazz.com\/web\/wp-content\/uploads\/2016\/08\/01_a1279056999_16-55x55.jpg 55w, https:\/\/tomajazz.com\/web\/wp-content\/uploads\/2016\/08\/01_a1279056999_16-50x50.jpg 50w, https:\/\/tomajazz.com\/web\/wp-content\/uploads\/2016\/08\/01_a1279056999_16.jpg 700w\" sizes=\"auto, (max-width: 200px) 100vw, 200px\" \/><\/a> <a href=\"https:\/\/seidagasa.bandcamp.com\/album\/elements\" target=\"_blank\" rel=\"noopener\"><img loading=\"lazy\" decoding=\"async\" class=\"alignnone size-medium wp-image-26090\" src=\"http:\/\/www.tomajazz.com\/web\/wp-content\/uploads\/2016\/08\/02_a2489429277_16-200x200.jpg\" alt=\"Seidagasa: Elements (Seidagasa, 2016)\" width=\"200\" height=\"200\" title=\"\" srcset=\"https:\/\/tomajazz.com\/web\/wp-content\/uploads\/2016\/08\/02_a2489429277_16-200x200.jpg 200w, https:\/\/tomajazz.com\/web\/wp-content\/uploads\/2016\/08\/02_a2489429277_16-150x150.jpg 150w, https:\/\/tomajazz.com\/web\/wp-content\/uploads\/2016\/08\/02_a2489429277_16-600x600.jpg 600w, https:\/\/tomajazz.com\/web\/wp-content\/uploads\/2016\/08\/02_a2489429277_16-55x55.jpg 55w, https:\/\/tomajazz.com\/web\/wp-content\/uploads\/2016\/08\/02_a2489429277_16-50x50.jpg 50w, https:\/\/tomajazz.com\/web\/wp-content\/uploads\/2016\/08\/02_a2489429277_16.jpg 700w\" sizes=\"auto, (max-width: 200px) 100vw, 200px\" \/><\/a> <a href=\"https:\/\/seidagasa.bandcamp.com\/album\/las-cortinas\" target=\"_blank\" rel=\"noopener\"><img loading=\"lazy\" decoding=\"async\" class=\"alignnone size-medium wp-image-26091\" src=\"http:\/\/www.tomajazz.com\/web\/wp-content\/uploads\/2016\/08\/03_a1830127346_16-200x200.jpg\" alt=\"Seidagasa + Josetxo Goia-Aribe: Las cortinas... (Seidagasa, 2015, 2CD)\" width=\"200\" height=\"200\" title=\"\" srcset=\"https:\/\/tomajazz.com\/web\/wp-content\/uploads\/2016\/08\/03_a1830127346_16-200x200.jpg 200w, https:\/\/tomajazz.com\/web\/wp-content\/uploads\/2016\/08\/03_a1830127346_16-150x150.jpg 150w, https:\/\/tomajazz.com\/web\/wp-content\/uploads\/2016\/08\/03_a1830127346_16-600x600.jpg 600w, https:\/\/tomajazz.com\/web\/wp-content\/uploads\/2016\/08\/03_a1830127346_16-55x55.jpg 55w, https:\/\/tomajazz.com\/web\/wp-content\/uploads\/2016\/08\/03_a1830127346_16-50x50.jpg 50w, https:\/\/tomajazz.com\/web\/wp-content\/uploads\/2016\/08\/03_a1830127346_16.jpg 700w\" sizes=\"auto, (max-width: 200px) 100vw, 200px\" \/><\/a> <a href=\"https:\/\/seidagasa.bandcamp.com\/album\/a-chaos-supreme\" target=\"_blank\" rel=\"noopener\"><img loading=\"lazy\" decoding=\"async\" class=\"alignnone size-medium wp-image-26092\" src=\"http:\/\/www.tomajazz.com\/web\/wp-content\/uploads\/2016\/08\/04_a0745181374_16-200x200.jpg\" alt=\"Seidagasa + JL Galiana: A Chaos Supreme (Seidagasa, 2014)\" width=\"200\" height=\"200\" title=\"\" srcset=\"https:\/\/tomajazz.com\/web\/wp-content\/uploads\/2016\/08\/04_a0745181374_16-200x200.jpg 200w, https:\/\/tomajazz.com\/web\/wp-content\/uploads\/2016\/08\/04_a0745181374_16-150x150.jpg 150w, https:\/\/tomajazz.com\/web\/wp-content\/uploads\/2016\/08\/04_a0745181374_16-600x600.jpg 600w, https:\/\/tomajazz.com\/web\/wp-content\/uploads\/2016\/08\/04_a0745181374_16-55x55.jpg 55w, https:\/\/tomajazz.com\/web\/wp-content\/uploads\/2016\/08\/04_a0745181374_16-50x50.jpg 50w, https:\/\/tomajazz.com\/web\/wp-content\/uploads\/2016\/08\/04_a0745181374_16.jpg 700w\" sizes=\"auto, (max-width: 200px) 100vw, 200px\" \/><\/a> <a href=\"https:\/\/seidagasa.bandcamp.com\/album\/las-malditas-ordenes-del-coronel\" target=\"_blank\" rel=\"noopener\"><img loading=\"lazy\" decoding=\"async\" class=\"alignnone size-medium wp-image-26093\" src=\"http:\/\/www.tomajazz.com\/web\/wp-content\/uploads\/2016\/08\/05_a3644154599_16-200x200.jpg\" alt=\"Seidagasa + Ni\u00f1o de Elche: Las malditas \u00f3rdenes del coronel (Seidagasa, 2013)\" width=\"200\" height=\"200\" title=\"\" srcset=\"https:\/\/tomajazz.com\/web\/wp-content\/uploads\/2016\/08\/05_a3644154599_16-200x200.jpg 200w, https:\/\/tomajazz.com\/web\/wp-content\/uploads\/2016\/08\/05_a3644154599_16-150x150.jpg 150w, https:\/\/tomajazz.com\/web\/wp-content\/uploads\/2016\/08\/05_a3644154599_16-600x600.jpg 600w, https:\/\/tomajazz.com\/web\/wp-content\/uploads\/2016\/08\/05_a3644154599_16-55x55.jpg 55w, https:\/\/tomajazz.com\/web\/wp-content\/uploads\/2016\/08\/05_a3644154599_16-50x50.jpg 50w, https:\/\/tomajazz.com\/web\/wp-content\/uploads\/2016\/08\/05_a3644154599_16.jpg 700w\" sizes=\"auto, (max-width: 200px) 100vw, 200px\" \/><\/a> <a href=\"https:\/\/seidagasa.bandcamp.com\/album\/solo-para-locos-03\" target=\"_blank\" rel=\"noopener\"><img loading=\"lazy\" decoding=\"async\" class=\"alignnone size-medium wp-image-26094\" src=\"http:\/\/www.tomajazz.com\/web\/wp-content\/uploads\/2016\/08\/06_a2279994538_16-200x200.jpg\" alt=\"Seidagasa: Solo para locos 03 (Seidagasa, 2012)\" width=\"200\" height=\"200\" title=\"\" srcset=\"https:\/\/tomajazz.com\/web\/wp-content\/uploads\/2016\/08\/06_a2279994538_16-200x200.jpg 200w, https:\/\/tomajazz.com\/web\/wp-content\/uploads\/2016\/08\/06_a2279994538_16-150x150.jpg 150w, https:\/\/tomajazz.com\/web\/wp-content\/uploads\/2016\/08\/06_a2279994538_16-600x600.jpg 600w, https:\/\/tomajazz.com\/web\/wp-content\/uploads\/2016\/08\/06_a2279994538_16-55x55.jpg 55w, https:\/\/tomajazz.com\/web\/wp-content\/uploads\/2016\/08\/06_a2279994538_16-50x50.jpg 50w, https:\/\/tomajazz.com\/web\/wp-content\/uploads\/2016\/08\/06_a2279994538_16.jpg 700w\" sizes=\"auto, (max-width: 200px) 100vw, 200px\" \/><\/a> <a href=\"https:\/\/seidagasa.bandcamp.com\/album\/solo-para-locos-02\" target=\"_blank\" rel=\"noopener\"><img loading=\"lazy\" decoding=\"async\" class=\"alignnone size-medium wp-image-26095\" src=\"http:\/\/www.tomajazz.com\/web\/wp-content\/uploads\/2016\/08\/07_a3643817495_16-200x200.jpg\" alt=\"Seidagasa: Solo para locos 02 (Seidagasa, 2012)\" width=\"200\" height=\"200\" title=\"\" srcset=\"https:\/\/tomajazz.com\/web\/wp-content\/uploads\/2016\/08\/07_a3643817495_16-200x200.jpg 200w, https:\/\/tomajazz.com\/web\/wp-content\/uploads\/2016\/08\/07_a3643817495_16-150x150.jpg 150w, https:\/\/tomajazz.com\/web\/wp-content\/uploads\/2016\/08\/07_a3643817495_16-600x600.jpg 600w, https:\/\/tomajazz.com\/web\/wp-content\/uploads\/2016\/08\/07_a3643817495_16-55x55.jpg 55w, https:\/\/tomajazz.com\/web\/wp-content\/uploads\/2016\/08\/07_a3643817495_16-50x50.jpg 50w, https:\/\/tomajazz.com\/web\/wp-content\/uploads\/2016\/08\/07_a3643817495_16.jpg 700w\" sizes=\"auto, (max-width: 200px) 100vw, 200px\" \/><\/a> <a href=\"https:\/\/seidagasa.bandcamp.com\/album\/solo-para-locos-01\" target=\"_blank\" rel=\"noopener\"><img loading=\"lazy\" decoding=\"async\" class=\"alignnone size-medium wp-image-26096\" src=\"http:\/\/www.tomajazz.com\/web\/wp-content\/uploads\/2016\/08\/08_a0418257376_16-200x200.jpg\" alt=\"Seidagasa: Solo para locos 01 (Seidagasa, 2012)\" width=\"200\" height=\"200\" title=\"\" srcset=\"https:\/\/tomajazz.com\/web\/wp-content\/uploads\/2016\/08\/08_a0418257376_16-200x200.jpg 200w, https:\/\/tomajazz.com\/web\/wp-content\/uploads\/2016\/08\/08_a0418257376_16-150x150.jpg 150w, https:\/\/tomajazz.com\/web\/wp-content\/uploads\/2016\/08\/08_a0418257376_16-600x600.jpg 600w, https:\/\/tomajazz.com\/web\/wp-content\/uploads\/2016\/08\/08_a0418257376_16-55x55.jpg 55w, https:\/\/tomajazz.com\/web\/wp-content\/uploads\/2016\/08\/08_a0418257376_16-50x50.jpg 50w, https:\/\/tomajazz.com\/web\/wp-content\/uploads\/2016\/08\/08_a0418257376_16.jpg 700w\" sizes=\"auto, (max-width: 200px) 100vw, 200px\" \/><\/a><\/center><\/p>\n","protected":false},"excerpt":{"rendered":"<p>Los integrantes de Seidagasa, el baterista Chema Pastor y el pianista Quique Sim\u00f3n, son los protagonistas de la entrevista realizada por Pachi Tapiz en el podcast HDO. Adem\u00e1s de la audioentrevista en la entrega n\u00famero 155 de este audioblog, tercera de la temporada 2016-17, suenan temas de las ocho grabaciones de este grupo.<span class=\"more-link\"><a href=\"https:\/\/tomajazz.com\/web\/hdo-155-seidagasa-quique-simon-y-jose-maria-pastor-sus-palabras-y-sus-musicas-entrevista-por-pachi-tapiz-podcast\/\">Contin\u00faa leyendo<\/a><\/span><\/p>\n","protected":false},"author":1,"featured_media":26084,"comment_status":"open","ping_status":"closed","sticky":false,"template":"","format":"standard","meta":{"jetpack_post_was_ever_published":false,"_jetpack_newsletter_access":"","_jetpack_dont_email_post_to_subs":true,"_jetpack_newsletter_tier_id":0,"_jetpack_memberships_contains_paywalled_content":false,"_jetpack_memberships_contains_paid_content":false,"footnotes":""},"categories":[17847,17852,78,17048,15537,5,13298,17151,9,12814,15518,1038],"tags":[15962,13370,15480,12651,15698,17322,12836,15314,12790,17318,17320,17316,17314,17319,15304,17321,17317,17315,17272,12748,1713,12696,16012,13300,13299,15712,15713,15714,15316,15400,13,15699,15312,12415,15295,15313,15773,15278,960,13895,12068,17146,17153,15710,12513,14689,15307,15308,15309,31,14410,12818,15310,15709,15711,13894,17152,13757,13838,209,16099,77,16100],"class_list":["entry","author-pachi","has-excerpt","post-26083","post","type-post","status-publish","format-standard","has-post-thumbnail","category-pachi-tapiz","category-sera-martin","category-afondo","category-audioentrevistas-en-hdo","category-entrevistas","category-grabaciones","category-hablando-de-oidas-hdo","category-t03-2016-17","category-perfiles","category-podcast","category-sonidos","category-contenidos","tag-audio-entrevista","tag-audioblog","tag-audioentrevista","tag-cd","tag-cd-de-jazz","tag-chema-pastor","tag-concierto","tag-concierto-de-jazz","tag-entrevista","tag-entrevista-a-chema-pastor","tag-entrevista-a-jose-maria-pastor","tag-entrevista-a-quique-simon","tag-entrevista-a-seidagasa","tag-entrevista-chema-pastor","tag-entrevista-de-jazz","tag-entrevista-jose-maria-pastor","tag-entrevista-quique-simon","tag-entrevista-seidagasa","tag-eo-simon","tag-free-improvisation","tag-free-jazz","tag-grabaciones","tag-grabaciones-de-jazz","tag-hablando-de-oidas","tag-hdo","tag-hdo-el-podcast-de-jazz-de-pachi-tapiz","tag-hdo-el-podcast-de-pachi-tapiz","tag-hdo-hablando-de-oidas","tag-improvisacion","tag-improvisacion-libre","tag-jazz","tag-jazz-cd","tag-jazz-en-directo","tag-jazz-en-espana","tag-jazz-en-espanol","tag-jazz-en-vivo","tag-jazz-libre","tag-jazz-podcast","tag-jose-francisco-tapiz","tag-jose-maria-pastor","tag-josep-lluis-galiana","tag-josetxo-goia-aribe-seidagasa","tag-juan-pablo-zaragoza","tag-la-actualidad-del-jazz-en-espana","tag-libre-improvisacion","tag-nino-de-elche","tag-novedades-cd","tag-novedades-discograficas","tag-nuevas-ediciones","tag-pachi-tapiz","tag-pedro-martinez-maestre","tag-podcast","tag-podcast-de-jazz","tag-podcast-de-jazz-en-espana","tag-podcast-de-jazz-en-espanol","tag-quique-simon","tag-ruben-medrano","tag-seidagasa","tag-seidagasa-josetxo-goia-aribe","tag-sera-martin","tag-toma-jazz","tag-tomajazz","tag-tomajazz-toma-jazz"],"jetpack_featured_media_url":"https:\/\/tomajazz.com\/web\/wp-content\/uploads\/2016\/08\/IMG_0141.JPG-Seidagasawm.jpg","jetpack_likes_enabled":true,"jetpack_sharing_enabled":true,"jetpack-related-posts":[{"id":29288,"url":"https:\/\/tomajazz.com\/web\/hdo-237-novespain-2017-iii-mikel-gaztelurrutia-pere-soto-pep-lluis-guardiola-seidagasa-pedro-martinez-maestre-psycic-equalizer-nevermind-trio-threejay-podcast\/","url_meta":{"origin":26083,"position":0},"title":"HDO 237. NoveSpain 2017 III: Mikel Gaztelurrutia, Pere Soto &#8211; Pep Lluis Guardiola, Seidagasa + Pedro Mart\u00ednez Maestre, Psychic Equalizer, Nevermind Trio, Threejay [Podcast]","author":"Tomajazz","date":"14 febrero, 2017","format":false,"excerpt":"Media docena de novedades nacionales en la entrega 237 de HDO.\u00a0Walk de\u00a0Mikel Gaztelurrutia (Rock - CD Records, 2016);\u00a0Pere Soto - Pep Lluis Guardiola fusi\u00f3 y su grabaci\u00f3n hom\u00f3nima (Ars Harmonica, 2016); Omnisciencia de\u00a0Seidagasa + Pedro Mart\u00ednez Maestre; The Lonely Traveller\u00a0de\u00a0Psychic Equalizer; onena heltzear dago\u00a0(Errabal Jazz, 2017) de\u00a0Nevermind Trio; Our Voint\u2026","rel":"","context":"En \u00ab*_Pachi Tapiz\u00bb","block_context":{"text":"*_Pachi Tapiz","link":"https:\/\/tomajazz.com\/web\/category\/pachi-tapiz\/"},"img":{"alt_text":"","src":"https:\/\/i0.wp.com\/tomajazz.com\/web\/wp-content\/uploads\/2017\/01\/HDO_logo_2017-01_ok.jpg?resize=350%2C200&ssl=1","width":350,"height":200,"srcset":"https:\/\/i0.wp.com\/tomajazz.com\/web\/wp-content\/uploads\/2017\/01\/HDO_logo_2017-01_ok.jpg?resize=350%2C200&ssl=1 1x, https:\/\/i0.wp.com\/tomajazz.com\/web\/wp-content\/uploads\/2017\/01\/HDO_logo_2017-01_ok.jpg?resize=525%2C300&ssl=1 1.5x"},"classes":[]},{"id":26837,"url":"https:\/\/tomajazz.com\/web\/hdo-175-nani-garcia-cinematojazzia-sus-palabras-y-su-musica-entrevista-por-pachi-tapiz-podcast\/","url_meta":{"origin":26083,"position":1},"title":"HDO 175. Nani Garc\u00eda Cinematojazz\u00eda. Sus palabras y su m\u00fasica. Entrevista por Pachi Tapiz [Podcast]","author":"Tomajazz","date":"11 octubre, 2016","format":false,"excerpt":"El pianista y compositor Nani Garc\u00eda ha publicado Cinematojazz\u00eda (Xingra; distr. Karonte). Un CD en el que junto a su tr\u00edo y un cuarteto de cuerda recupera para los terrenos de la improvisaci\u00f3n jazz\u00edstica composiciones suyas que han aparecido en distintas pel\u00edculas, series de televisi\u00f3n y obras de teatro. El\u2026","rel":"","context":"En \u00ab*_Pachi Tapiz\u00bb","block_context":{"text":"*_Pachi Tapiz","link":"https:\/\/tomajazz.com\/web\/category\/pachi-tapiz\/"},"img":{"alt_text":"","src":"https:\/\/i0.wp.com\/tomajazz.com\/web\/wp-content\/uploads\/2016\/10\/Nani-Garc%C3%ADa-Tr%C3%ADo_Cinematojazz%C3%ADa_Xingra-distr.-Karonte_2016-e1476124034799.jpg?resize=350%2C200&ssl=1","width":350,"height":200,"srcset":"https:\/\/i0.wp.com\/tomajazz.com\/web\/wp-content\/uploads\/2016\/10\/Nani-Garc%C3%ADa-Tr%C3%ADo_Cinematojazz%C3%ADa_Xingra-distr.-Karonte_2016-e1476124034799.jpg?resize=350%2C200&ssl=1 1x, https:\/\/i0.wp.com\/tomajazz.com\/web\/wp-content\/uploads\/2016\/10\/Nani-Garc%C3%ADa-Tr%C3%ADo_Cinematojazz%C3%ADa_Xingra-distr.-Karonte_2016-e1476124034799.jpg?resize=525%2C300&ssl=1 1.5x, https:\/\/i0.wp.com\/tomajazz.com\/web\/wp-content\/uploads\/2016\/10\/Nani-Garc%C3%ADa-Tr%C3%ADo_Cinematojazz%C3%ADa_Xingra-distr.-Karonte_2016-e1476124034799.jpg?resize=700%2C400&ssl=1 2x"},"classes":[]},{"id":24162,"url":"https:\/\/tomajazz.com\/web\/hdo-112-joelle-leandre-his-voice-and-his-music-podcast-english\/","url_meta":{"origin":26083,"position":2},"title":"HDO 112. Jo\u00eblle L\u00e9andre: her voice and her music [Podcast] [English]","author":"Tomajazz","date":"13 mayo, 2016","format":false,"excerpt":"The unique voice of Jo\u00eblle L\u00e9andre makes her one of the most important creative musician\u00a0in Europe. Pachi Tapiz interviews her in the HDO Tomajazz podcast.","rel":"","context":"En \u00ab*_Joan Cort\u00e8s\u00bb","block_context":{"text":"*_Joan Cort\u00e8s","link":"https:\/\/tomajazz.com\/web\/category\/joan-cortes\/"},"img":{"alt_text":"Jo\u00eblle Leandre. Forteresse de Salses. 2010-10-16. \u00a9 Joan Cort\u00e8s, 2016","src":"https:\/\/i0.wp.com\/tomajazz.com\/web\/wp-content\/uploads\/2016\/04\/Jll-Lndr-%C2%A9Joan-Cort%C3%A8s_16oct10_Frtrss-d-Slss.jpg?resize=350%2C200&ssl=1","width":350,"height":200},"classes":[]},{"id":32270,"url":"https:\/\/tomajazz.com\/web\/hdo-311-nabatov-johnson-sarin-vonlanthen-audetat-peters-rose-bones-leo-records-agosto-2017-podcast\/","url_meta":{"origin":26083,"position":3},"title":"HDO 311. Nabatov &#8211; Johnson &#8211; Sarin \/ Vonlanthen &#8211; Audetat \/ Peters &#8211; Rose \/ Bones (Leo Records, Agosto 2017) [Podcast]","author":"Tomajazz","date":"19 septiembre, 2017","format":false,"excerpt":"Una de las caracter\u00edsticas del incansable sello\u00a0Leo Records, es su capacidad para dar cabida a propuestas en las que aparecen m\u00fasicos bien conocidos junto a otras propuestas que no por menos populares resultan menos interesantes. Es el caso del \u00faltimo lote de novedades publicadas hace unas semanas:\u00a0Free Reservoir\u00a0(Simon Nabatov,\u00a0Michael Sarin,\u2026","rel":"","context":"En \u00ab*_Pachi Tapiz\u00bb","block_context":{"text":"*_Pachi Tapiz","link":"https:\/\/tomajazz.com\/web\/category\/pachi-tapiz\/"},"img":{"alt_text":"","src":"https:\/\/i0.wp.com\/tomajazz.com\/web\/wp-content\/uploads\/2017\/09\/Simon-Nabatov-Max-Johnson-Michael-Sarin_Free-Reservoir_Leo-Records_2017.jpg?resize=350%2C200&ssl=1","width":350,"height":200},"classes":[]},{"id":26241,"url":"https:\/\/tomajazz.com\/web\/hdo-159-improvisando-david-paredes-liquid-trio-irene-aranda-fernandez-azaiez-3x3010-podcast\/","url_meta":{"origin":26083,"position":4},"title":"HDO 159. Improvisando: David Paredes \/ Liquid Tr\u00edo \/ Irene Aranda \/ Fern\u00e1ndez &#8211; Azaiez. 3X3(010) [Podcast]","author":"Tomajazz","date":"8 septiembre, 2016","format":false,"excerpt":"Propuestas que tienen que ver, de un modo u otro, con la improvisaci\u00f3n libre en HDO 159. David Paredes\u00a0(junto a\u00a0Manuel Castilla, Antonia Funes\u00a0y V\u00edctor Sequ\u00ed)\u00a0con Frames (en Alina Records, disponible para su descarga libre); Liquid Tr\u00edo (Agust\u00ed Fern\u00e1ndez - Ramon Prats - Albert Cirera) con Marianne (Vector Sounds); Irene Aranda\u2026","rel":"","context":"En \u00ab*_Pachi Tapiz\u00bb","block_context":{"text":"*_Pachi Tapiz","link":"https:\/\/tomajazz.com\/web\/category\/pachi-tapiz\/"},"img":{"alt_text":"","src":"https:\/\/i0.wp.com\/tomajazz.com\/web\/wp-content\/uploads\/2016\/09\/David-Paredes_Frames_Alina_2016.jpg?resize=350%2C200&ssl=1","width":350,"height":200,"srcset":"https:\/\/i0.wp.com\/tomajazz.com\/web\/wp-content\/uploads\/2016\/09\/David-Paredes_Frames_Alina_2016.jpg?resize=350%2C200&ssl=1 1x, https:\/\/i0.wp.com\/tomajazz.com\/web\/wp-content\/uploads\/2016\/09\/David-Paredes_Frames_Alina_2016.jpg?resize=525%2C300&ssl=1 1.5x, https:\/\/i0.wp.com\/tomajazz.com\/web\/wp-content\/uploads\/2016\/09\/David-Paredes_Frames_Alina_2016.jpg?resize=700%2C400&ssl=1 2x, https:\/\/i0.wp.com\/tomajazz.com\/web\/wp-content\/uploads\/2016\/09\/David-Paredes_Frames_Alina_2016.jpg?resize=1050%2C600&ssl=1 3x"},"classes":[]},{"id":27452,"url":"https:\/\/tomajazz.com\/web\/hdo-194-ximo-tebar-y-su-son-mediterraneo-sus-palabras-y-sus-musicas-entrevista-por-pachi-tapiz-podcast\/","url_meta":{"origin":26083,"position":5},"title":"HDO 194. Ximo T\u00e9bar y su Son Mediterr\u00e1neo: sus palabras y sus m\u00fasicas. Entrevista por Pachi Tapiz [Podcast]","author":"Tomajazz","date":"12 noviembre, 2016","format":false,"excerpt":"El guitarrista Ximo T\u00e9bar es el protagonista de la entrega 194 de\u00a0HDO. El\u00a0motivo es su actuaci\u00f3n en el Festival de Jazz de Madrid el jueves 17 de noviembre (de 2016), en el que presentar\u00e1 Soleo, una grabaci\u00f3n que le sirve para conmemorar y poner al d\u00eda -25 a\u00f1os despu\u00e9s-,\u00a0Son Mediterr\u00e1neo.\u2026","rel":"","context":"En \u00ab*_Pachi Tapiz\u00bb","block_context":{"text":"*_Pachi Tapiz","link":"https:\/\/tomajazz.com\/web\/category\/pachi-tapiz\/"},"img":{"alt_text":"","src":"https:\/\/i0.wp.com\/tomajazz.com\/web\/wp-content\/uploads\/2016\/11\/ximo-tebar_Fotograf%C3%ADa-por-Rafa-M%C3%A1rquez.jpg?resize=350%2C200&ssl=1","width":350,"height":200},"classes":[]}],"_links":{"self":[{"href":"https:\/\/tomajazz.com\/web\/wp-json\/wp\/v2\/posts\/26083","targetHints":{"allow":["GET"]}}],"collection":[{"href":"https:\/\/tomajazz.com\/web\/wp-json\/wp\/v2\/posts"}],"about":[{"href":"https:\/\/tomajazz.com\/web\/wp-json\/wp\/v2\/types\/post"}],"author":[{"embeddable":true,"href":"https:\/\/tomajazz.com\/web\/wp-json\/wp\/v2\/users\/1"}],"replies":[{"embeddable":true,"href":"https:\/\/tomajazz.com\/web\/wp-json\/wp\/v2\/comments?post=26083"}],"version-history":[{"count":7,"href":"https:\/\/tomajazz.com\/web\/wp-json\/wp\/v2\/posts\/26083\/revisions"}],"predecessor-version":[{"id":26423,"href":"https:\/\/tomajazz.com\/web\/wp-json\/wp\/v2\/posts\/26083\/revisions\/26423"}],"wp:featuredmedia":[{"embeddable":true,"href":"https:\/\/tomajazz.com\/web\/wp-json\/wp\/v2\/media\/26084"}],"wp:attachment":[{"href":"https:\/\/tomajazz.com\/web\/wp-json\/wp\/v2\/media?parent=26083"}],"wp:term":[{"taxonomy":"category","embeddable":true,"href":"https:\/\/tomajazz.com\/web\/wp-json\/wp\/v2\/categories?post=26083"},{"taxonomy":"post_tag","embeddable":true,"href":"https:\/\/tomajazz.com\/web\/wp-json\/wp\/v2\/tags?post=26083"}],"curies":[{"name":"wp","href":"https:\/\/api.w.org\/{rel}","templated":true}]}}