{"id":26100,"date":"2016-09-01T11:08:34","date_gmt":"2016-09-01T09:08:34","guid":{"rendered":"http:\/\/www.tomajazz.com\/web\/?p=26100"},"modified":"2021-07-18T14:16:06","modified_gmt":"2021-07-18T12:16:06","slug":"jazzene-2016-29-de-septiembre-al-1-de-octubre-de-2016-valencia-noticias","status":"publish","type":"post","link":"https:\/\/tomajazz.com\/web\/jazzene-2016-29-de-septiembre-al-1-de-octubre-de-2016-valencia-noticias\/","title":{"rendered":"JazzE\u00f1e 2016 (29 de septiembre al 1 de octubre de 2016, Valencia) [Noticias]"},"content":{"rendered":"<p style=\"text-align: center;\"><img loading=\"lazy\" decoding=\"async\" class=\"aligncenter size-large wp-image-26346\" src=\"http:\/\/www.tomajazz.com\/web\/wp-content\/uploads\/2016\/09\/JazzE\u00f1e-2016-600x486.jpg\" alt=\"jazzene-2016\" width=\"600\" height=\"486\" title=\"\" srcset=\"https:\/\/tomajazz.com\/web\/wp-content\/uploads\/2016\/09\/JazzE\u00f1e-2016-600x486.jpg 600w, https:\/\/tomajazz.com\/web\/wp-content\/uploads\/2016\/09\/JazzE\u00f1e-2016-150x122.jpg 150w, https:\/\/tomajazz.com\/web\/wp-content\/uploads\/2016\/09\/JazzE\u00f1e-2016-200x162.jpg 200w, https:\/\/tomajazz.com\/web\/wp-content\/uploads\/2016\/09\/JazzE\u00f1e-2016-768x623.jpg 768w, https:\/\/tomajazz.com\/web\/wp-content\/uploads\/2016\/09\/JazzE\u00f1e-2016-68x55.jpg 68w, https:\/\/tomajazz.com\/web\/wp-content\/uploads\/2016\/09\/JazzE\u00f1e-2016.jpg 1300w\" sizes=\"auto, (max-width: 600px) 100vw, 600px\" \/><\/p>\n<p style=\"text-align: justify;\">Chiqui Cienfuegos Tr\u00edo, Ern\u00e1n L\u00f3pez-Nussa, Ernesto Aurignac Quintet, Javier Vercher, Joan Monn\u00e9 Tr\u00edo, Joaqu\u00edn Chac\u00f3n \u201cSkytrain\u201d, Luis Verde, Marta S\u00e1nchez Quintet, Noesis Tr\u00edo, Ram\u00f3n D\u00edaz Group, Sinouj y Ver\u00f3nica Ferreiro son los grupos que participar\u00e1n en JazzE\u00f1e 2016 que organizado por la Fundaci\u00f3n SGAE, tendr\u00e1 lugar entre el 29 de septiembre y el 1 de octubre de 2016 en el Teatro Rialto de Valencia.<\/p>\n","protected":false},"excerpt":{"rendered":"<p>Chiqui Cienfuegos Tr\u00edo, Ern\u00e1n L\u00f3pez-Nussa, Ernesto Aurignac Quintet, Javier Vercher, Joan Monn\u00e9 Tr\u00edo, Joaqu\u00edn Chac\u00f3n \u201cSkytrain\u201d, Luis Verde, Marta S\u00e1nchez Quintet, Noesis Tr\u00edo, Ram\u00f3n D\u00edaz Group, Sinouj y Ver\u00f3nica Ferreiro son los grupos que participar\u00e1n en JazzE\u00f1e 2016 que organizado por la Fundaci\u00f3n SGAE, tendr\u00e1 lugar entre el 29 de<span class=\"more-link\"><a href=\"https:\/\/tomajazz.com\/web\/jazzene-2016-29-de-septiembre-al-1-de-octubre-de-2016-valencia-noticias\/\">Contin\u00faa leyendo<\/a><\/span><\/p>\n","protected":false},"author":1,"featured_media":26346,"comment_status":"open","ping_status":"closed","sticky":false,"template":"","format":"standard","meta":{"jetpack_post_was_ever_published":false,"_jetpack_newsletter_access":"","_jetpack_dont_email_post_to_subs":true,"_jetpack_newsletter_tier_id":0,"_jetpack_memberships_contains_paywalled_content":false,"_jetpack_memberships_contains_paid_content":false,"footnotes":""},"categories":[17858,15795,1038],"tags":[17156,12836,15314,16823,17157,10027,15299,15027,378,13,15312,12415,15295,16824,15313,15297,12211,17154,17158,17159,15710,7374,13902,17160,11856,15296,15298,17161,9823,17155,16099,77,16100,17162],"class_list":["entry","author-pachi","post-26100","post","type-post","status-publish","format-standard","has-post-thumbnail","category-redaccion","category-noticias-2","category-contenidos","tag-chiqui-cienfuegos-trio","tag-concierto","tag-concierto-de-jazz","tag-conciertos-de-jazz-en-valencia","tag-ernan-lopez-nussa","tag-ernesto-aurignac-quintet","tag-espana-en-jazz","tag-fundacion-sgae","tag-javier-vercher","tag-jazz","tag-jazz-en-directo","tag-jazz-en-espana","tag-jazz-en-espanol","tag-jazz-en-valencia","tag-jazz-en-vivo","tag-jazz-news","tag-jazzene","tag-jazzene-2016","tag-joan-monne-trio","tag-joaquin-chacon-skytrain","tag-la-actualidad-del-jazz-en-espana","tag-luis-verde","tag-marta-sanchez-quintet","tag-noesis-trio","tag-noticias","tag-noticias-de-jazz","tag-noticias-de-jazz-en-espana","tag-ramon-diaz-group","tag-sinouj","tag-teatro-rialto-valencia","tag-toma-jazz","tag-tomajazz","tag-tomajazz-toma-jazz","tag-veronica-ferreiro"],"jetpack_featured_media_url":"https:\/\/tomajazz.com\/web\/wp-content\/uploads\/2016\/09\/JazzE\u00f1e-2016.jpg","jetpack_likes_enabled":true,"jetpack_sharing_enabled":true,"jetpack-related-posts":[{"id":26455,"url":"https:\/\/tomajazz.com\/web\/hdo-167-jazzene-2016-podcast\/","url_meta":{"origin":26100,"position":0},"title":"HDO 167. JazzE\u00f1e 2016 [Podcast]","author":"Tomajazz","date":"23 septiembre, 2016","format":false,"excerpt":"Entre el mi\u00e9rcoles 28 de septiembre y el s\u00e1bado 1 de octubre de 2016, organizado por la Fundaci\u00f3n SGAE, tendr\u00e1 lugar en Valencia la III edici\u00f3n de JazzE\u00f1e. Entre el jueves 29 y el s\u00e1bado 1 tendr\u00e1n lugar doce conciertos en formato showcase (actuaciones de 45 minutos), con grupos y\u2026","rel":"","context":"En \u00ab*_Pachi Tapiz\u00bb","block_context":{"text":"*_Pachi Tapiz","link":"https:\/\/tomajazz.com\/web\/category\/pachi-tapiz\/"},"img":{"alt_text":"","src":"https:\/\/i0.wp.com\/tomajazz.com\/web\/wp-content\/uploads\/2016\/09\/JazzE%C3%B1e-2016.jpg?resize=350%2C200&ssl=1","width":350,"height":200,"srcset":"https:\/\/i0.wp.com\/tomajazz.com\/web\/wp-content\/uploads\/2016\/09\/JazzE%C3%B1e-2016.jpg?resize=350%2C200&ssl=1 1x, https:\/\/i0.wp.com\/tomajazz.com\/web\/wp-content\/uploads\/2016\/09\/JazzE%C3%B1e-2016.jpg?resize=525%2C300&ssl=1 1.5x, https:\/\/i0.wp.com\/tomajazz.com\/web\/wp-content\/uploads\/2016\/09\/JazzE%C3%B1e-2016.jpg?resize=700%2C400&ssl=1 2x, https:\/\/i0.wp.com\/tomajazz.com\/web\/wp-content\/uploads\/2016\/09\/JazzE%C3%B1e-2016.jpg?resize=1050%2C600&ssl=1 3x"},"classes":[]},{"id":26360,"url":"https:\/\/tomajazz.com\/web\/jazzene-2016-28-de-septiembre-al-1-de-octubre-valencia\/","url_meta":{"origin":26100,"position":1},"title":"JazzE\u00f1e 2016 (28 de septiembre al 1 de octubre. Valencia)","author":"Tomajazz","date":"15 septiembre, 2016","format":false,"excerpt":"Entre el mi\u00e9rcoles 28 de septiembre y el s\u00e1bado 1 de octubre de 2016, organizado por la Fundaci\u00f3n SGAE, tendr\u00e1 lugar en Valencia la III edici\u00f3n de JazzE\u00f1e. Entre el jueves 29 y el s\u00e1bado 1 tendr\u00e1n lugar doce conciertos en formato showcase (actuaciones de 45 minutos), con grupos y\u2026","rel":"","context":"En \u00ab*_Redacci\u00f3n\u00bb","block_context":{"text":"*_Redacci\u00f3n","link":"https:\/\/tomajazz.com\/web\/category\/redaccion\/"},"img":{"alt_text":"","src":"https:\/\/i0.wp.com\/tomajazz.com\/web\/wp-content\/uploads\/2016\/09\/JazzE%C3%B1e-2016.jpg?resize=350%2C200&ssl=1","width":350,"height":200,"srcset":"https:\/\/i0.wp.com\/tomajazz.com\/web\/wp-content\/uploads\/2016\/09\/JazzE%C3%B1e-2016.jpg?resize=350%2C200&ssl=1 1x, https:\/\/i0.wp.com\/tomajazz.com\/web\/wp-content\/uploads\/2016\/09\/JazzE%C3%B1e-2016.jpg?resize=525%2C300&ssl=1 1.5x, https:\/\/i0.wp.com\/tomajazz.com\/web\/wp-content\/uploads\/2016\/09\/JazzE%C3%B1e-2016.jpg?resize=700%2C400&ssl=1 2x, https:\/\/i0.wp.com\/tomajazz.com\/web\/wp-content\/uploads\/2016\/09\/JazzE%C3%B1e-2016.jpg?resize=1050%2C600&ssl=1 3x"},"classes":[]},{"id":27428,"url":"https:\/\/tomajazz.com\/web\/instantzz-joaquin-chacon-skytrain-teatro-rialto-valencia-2016-09-30-especial-jazzene-2016-vii-galeria-fotografica\/","url_meta":{"origin":26100,"position":2},"title":"INSTANTZZ: Joaqu\u00edn Chac\u00f3n &#8211; Skytrain (Teatro Rialto, Valencia. 2016-09-30) [Especial Jazze\u00f1e 2016 VII] [Galer\u00eda fotogr\u00e1fica]","author":"Tomajazz","date":"14 noviembre, 2016","format":false,"excerpt":"Joaqu\u00edn Chac\u00f3n y su proyecto Skytrain son los protagonistas de la s\u00e9ptima entrega del especial JazzE\u00f1e 2016 de la Fundaci\u00f3n SGAE, con las im\u00e1genes de Jos\u00e9 Luis Luna Rocafort.","rel":"","context":"En \u00ab*_Jos\u00e9 Luis Luna Rocafort\u00bb","block_context":{"text":"*_Jos\u00e9 Luis Luna Rocafort","link":"https:\/\/tomajazz.com\/web\/category\/jose-luis-luna-rocafort\/"},"img":{"alt_text":"","src":"https:\/\/i0.wp.com\/tomajazz.com\/web\/wp-content\/uploads\/2016\/11\/006-2.jpg?resize=350%2C200&ssl=1","width":350,"height":200,"srcset":"https:\/\/i0.wp.com\/tomajazz.com\/web\/wp-content\/uploads\/2016\/11\/006-2.jpg?resize=350%2C200&ssl=1 1x, https:\/\/i0.wp.com\/tomajazz.com\/web\/wp-content\/uploads\/2016\/11\/006-2.jpg?resize=525%2C300&ssl=1 1.5x"},"classes":[]},{"id":105012,"url":"https:\/\/tomajazz.com\/web\/lage-lund-trio-granollers-2026\/","url_meta":{"origin":26100,"position":3},"title":"Lage Lund Trio (36\u00e8 Jazz Granollers Festival \/ Casino, 2026-03-13 \/ Granollers -Barcelona-) [y III] Por Joan Cort\u00e8s [INSTANTZZ AKA Galer\u00eda fotogr\u00e1fica AKA Fotoblog de jazz, impro\u2026 y algo m\u00e1s]","author":"Tomajazz","date":"23 abril, 2026","format":false,"excerpt":"Lage Lund Trio actu\u00f3 en el 36\u00e8 Jazz Granollers Festival, el 13 de marzo de 2026. Joan Cort\u00e8s lo retrata en INSTANTZZ. Lage Lund Trio son Lage Lund, Orlando Le Fleming, Greg Hutchinson","rel":"","context":"En \u00ab36 Jazz Granollers Festival 2026\u00bb","block_context":{"text":"36 Jazz Granollers Festival 2026","link":"https:\/\/tomajazz.com\/web\/category\/contenidos\/especial-contenidos\/36-jazz-granollers-festival-2026\/"},"img":{"alt_text":"Lage Lund Trio (36\u00e8 Jazz Granollers Festival \/ Casino, 2026-03-13 \/ Granollers -Barcelona-) [y III] Por Joan Cort\u00e8s [INSTANTZZ AKA Galer\u00eda fotogr\u00e1fica AKA Fotoblog de jazz, impro\u2026 y algo m\u00e1s] - Tomajazz - Lage Lund Trio actu\u00f3 en el 36\u00e8 Jazz Granollers Festival, el 13 de marzo de 2026. Joan Cort\u00e8s lo retrata en INSTANTZZ. Lage Lund Trio son Lage Lund, Orlando Le Fleming, Greg Hutchinson","src":"https:\/\/i0.wp.com\/tomajazz.com\/web\/wp-content\/uploads\/2026\/04\/destacada-02-Lg-Lnd-Photo-by-Joan-Cortes-13mrc26-36JGF-Csn-Gr-bn.jpg?resize=350%2C200&ssl=1","width":350,"height":200,"srcset":"https:\/\/i0.wp.com\/tomajazz.com\/web\/wp-content\/uploads\/2026\/04\/destacada-02-Lg-Lnd-Photo-by-Joan-Cortes-13mrc26-36JGF-Csn-Gr-bn.jpg?resize=350%2C200&ssl=1 1x, https:\/\/i0.wp.com\/tomajazz.com\/web\/wp-content\/uploads\/2026\/04\/destacada-02-Lg-Lnd-Photo-by-Joan-Cortes-13mrc26-36JGF-Csn-Gr-bn.jpg?resize=525%2C300&ssl=1 1.5x"},"classes":[]},{"id":101234,"url":"https:\/\/tomajazz.com\/web\/miquel-angel-rigo-quintet-37-eivissa-jazz-2025\/","url_meta":{"origin":26100,"position":4},"title":"Miquel \u00c0ngel Rigo Quintet (37 Eivissa Jazz 2025. Passeig Vara de Rey. Eivissa. 2025-09-02) Por Jos\u00e9 Luis Luna Rocafort [INSTANTZZ AKA Galer\u00eda fotogr\u00e1fica AKA Fotoblog de jazz, impro\u2026 y algo m\u00e1s]","author":"Tomajazz","date":"1 noviembre, 2025","format":false,"excerpt":"Miquel \u00c0ngel Rigo Quintet actu\u00f3 en el 37 Eivissa Jazz 2025. Jos\u00e9 Luis Luna Rocafort retrata la actuaci\u00f3n en INSTANTZZ. Participaron Miquel \u00c0ngel Rigo, Tomeu Garc\u00edas, Jaume Riera, Joan Garc\u00edas Tur, Josep Servera, Goran Levi","rel":"","context":"En \u00ab37 Eivissa Jazz 2025\u00bb","block_context":{"text":"37 Eivissa Jazz 2025","link":"https:\/\/tomajazz.com\/web\/category\/contenidos\/especial-contenidos\/37-eivissa-jazz-2025\/"},"img":{"alt_text":"Miquel \u00c0ngel Rigo Quintet (37 Eivissa Jazz 2025. Passeig Vara de Rey. Eivissa. 2025-09-02) Por Jos\u00e9 Luis Luna Rocafort [INSTANTZZ AKA Galer\u00eda fotogr\u00e1fica AKA Fotoblog de jazz, impro\u2026 y algo m\u00e1s] - Tomajazz - Miquel \u00c0ngel Rigo Quintet actu\u00f3 en el 37 Eivissa Jazz 2025. Jos\u00e9 Luis Luna Rocafort retrata la actuaci\u00f3n en INSTANTZZ. Participaron Miquel \u00c0ngel Rigo, Tomeu Garc\u00edas, Jaume Riera, Joan Garc\u00edas Tur, Josep Servera, Goran Levi","src":"https:\/\/i0.wp.com\/tomajazz.com\/web\/wp-content\/uploads\/2025\/11\/002.jpg?resize=350%2C200&ssl=1","width":350,"height":200,"srcset":"https:\/\/i0.wp.com\/tomajazz.com\/web\/wp-content\/uploads\/2025\/11\/002.jpg?resize=350%2C200&ssl=1 1x, https:\/\/i0.wp.com\/tomajazz.com\/web\/wp-content\/uploads\/2025\/11\/002.jpg?resize=525%2C300&ssl=1 1.5x"},"classes":[]},{"id":103649,"url":"https:\/\/tomajazz.com\/web\/2025-en-25-imagenes-1\/","url_meta":{"origin":26100,"position":5},"title":"2025 en 25 im\u00e1genes -jazz, improvisaci\u00f3n y flamenco- (primera parte) Por Joan Cort\u00e8s [INSTANTZZ AKA Galer\u00eda fotogr\u00e1fica AKA Fotoblog de jazz, impro\u2026 y algo m\u00e1s]","author":"Tomajazz","date":"22 enero, 2026","format":false,"excerpt":"2025 en 25 im\u00e1genes -jazz, improvisaci\u00f3n y flamenco- (primera parte) es un cl\u00e1sico de Joan Cort\u00e8s cada inicio de a\u00f1o en INSTANTZZ","rel":"","context":"En \u00ab*_Joan Cort\u00e8s\u00bb","block_context":{"text":"*_Joan Cort\u00e8s","link":"https:\/\/tomajazz.com\/web\/category\/joan-cortes\/"},"img":{"alt_text":"2025 en 25 im\u00e1genes -jazz, improvisaci\u00f3n y flamenco- (primera parte) Por Joan Cort\u00e8s [INSTANTZZ AKA Galer\u00eda fotogr\u00e1fica AKA Fotoblog de jazz, impro\u2026 y algo m\u00e1s] - Tomajazz - 2025 en 25 im\u00e1genes -jazz, improvisaci\u00f3n y flamenco- (primera parte) es un cl\u00e1sico de Joan Cort\u00e8s cada inicio de a\u00f1o en INSTANTZZ","src":"https:\/\/i0.wp.com\/tomajazz.com\/web\/wp-content\/uploads\/2026\/01\/destacado-03-Nr-ndrr-sqllrm-Photo-by-Joan-Cortes-22fbr25-L-dtr-S1-Bcn.jpg?resize=350%2C200&ssl=1","width":350,"height":200,"srcset":"https:\/\/i0.wp.com\/tomajazz.com\/web\/wp-content\/uploads\/2026\/01\/destacado-03-Nr-ndrr-sqllrm-Photo-by-Joan-Cortes-22fbr25-L-dtr-S1-Bcn.jpg?resize=350%2C200&ssl=1 1x, https:\/\/i0.wp.com\/tomajazz.com\/web\/wp-content\/uploads\/2026\/01\/destacado-03-Nr-ndrr-sqllrm-Photo-by-Joan-Cortes-22fbr25-L-dtr-S1-Bcn.jpg?resize=525%2C300&ssl=1 1.5x"},"classes":[]}],"_links":{"self":[{"href":"https:\/\/tomajazz.com\/web\/wp-json\/wp\/v2\/posts\/26100","targetHints":{"allow":["GET"]}}],"collection":[{"href":"https:\/\/tomajazz.com\/web\/wp-json\/wp\/v2\/posts"}],"about":[{"href":"https:\/\/tomajazz.com\/web\/wp-json\/wp\/v2\/types\/post"}],"author":[{"embeddable":true,"href":"https:\/\/tomajazz.com\/web\/wp-json\/wp\/v2\/users\/1"}],"replies":[{"embeddable":true,"href":"https:\/\/tomajazz.com\/web\/wp-json\/wp\/v2\/comments?post=26100"}],"version-history":[{"count":4,"href":"https:\/\/tomajazz.com\/web\/wp-json\/wp\/v2\/posts\/26100\/revisions"}],"predecessor-version":[{"id":26347,"href":"https:\/\/tomajazz.com\/web\/wp-json\/wp\/v2\/posts\/26100\/revisions\/26347"}],"wp:featuredmedia":[{"embeddable":true,"href":"https:\/\/tomajazz.com\/web\/wp-json\/wp\/v2\/media\/26346"}],"wp:attachment":[{"href":"https:\/\/tomajazz.com\/web\/wp-json\/wp\/v2\/media?parent=26100"}],"wp:term":[{"taxonomy":"category","embeddable":true,"href":"https:\/\/tomajazz.com\/web\/wp-json\/wp\/v2\/categories?post=26100"},{"taxonomy":"post_tag","embeddable":true,"href":"https:\/\/tomajazz.com\/web\/wp-json\/wp\/v2\/tags?post=26100"}],"curies":[{"name":"wp","href":"https:\/\/api.w.org\/{rel}","templated":true}]}}