{"id":26140,"date":"2016-09-05T11:44:39","date_gmt":"2016-09-05T09:44:39","guid":{"rendered":"http:\/\/www.tomajazz.com\/web\/?p=26140"},"modified":"2016-11-13T16:29:17","modified_gmt":"2016-11-13T15:29:17","slug":"instantzz-memoria-uno-12a-sessio-sala-fenix-barcelona-2016-07-13-galeria-fotografica","status":"publish","type":"post","link":"https:\/\/tomajazz.com\/web\/instantzz-memoria-uno-12a-sessio-sala-fenix-barcelona-2016-07-13-galeria-fotografica\/","title":{"rendered":"INSTANTZZ: Memoria Uno -12a sessi\u00f3- (Sala F\u00e8nix, Barcelona. 2016-07-13) [Galer\u00eda fotogr\u00e1fica]"},"content":{"rendered":"<ul>\n<li>Fecha: Mi\u00e9rcoles, 13 de julio de 2016<\/li>\n<li>Lugar: Sala F\u00e8nix<\/li>\n<li>Componentes:<br \/>\n<strong>Memoria Uno<\/strong><br \/>\nIv\u00e1n Gonz\u00e1lez, conducci\u00f3n<br \/>\nOriol Roca, bater\u00eda<br \/>\nMarcel Bages, guitarra<br \/>\n\u00c0lex Reviriego, contrabajo<br \/>\nMarcel\u00b7l\u00ed Bayer, clarinete contrabajo y clarinete<br \/>\nLuiz Rocha, clarinete bajo<br \/>\nJordi Santanach, clarinete bajo<br \/>\nNana Rovira, clarinete bajo<br \/>\nEl Pricto, clarinete<br \/>\nInvitados:<br \/>\nTura G\u00f3mez, danza<br \/>\nIlona Schneider, voz<br \/>\nJohannes N\u00e4stesj\u00f6, contrabajo (parte final)<br \/>\nSarah Claman, viol\u00edn (parte final)<\/li>\n<\/ul>\n<p style=\"text-align: center;\"><img loading=\"lazy\" decoding=\"async\" class=\"aligncenter size-large wp-image-26142\" src=\"http:\/\/www.tomajazz.com\/web\/wp-content\/uploads\/2016\/09\/01_Mmr-n_s12-\u00a9Joan-Cort\u00e8s_13jul16_Sl-Fnx_Bcn-399x600.jpg\" alt=\"01_Mmr n_s12 (\u00a9Joan Cort\u00e8s)_13jul16_Sl Fnx_Bcn\" width=\"399\" height=\"600\" title=\"\" srcset=\"https:\/\/tomajazz.com\/web\/wp-content\/uploads\/2016\/09\/01_Mmr-n_s12-\u00a9Joan-Cort\u00e8s_13jul16_Sl-Fnx_Bcn.jpg 399w, https:\/\/tomajazz.com\/web\/wp-content\/uploads\/2016\/09\/01_Mmr-n_s12-\u00a9Joan-Cort\u00e8s_13jul16_Sl-Fnx_Bcn-100x150.jpg 100w, https:\/\/tomajazz.com\/web\/wp-content\/uploads\/2016\/09\/01_Mmr-n_s12-\u00a9Joan-Cort\u00e8s_13jul16_Sl-Fnx_Bcn-200x300.jpg 200w, https:\/\/tomajazz.com\/web\/wp-content\/uploads\/2016\/09\/01_Mmr-n_s12-\u00a9Joan-Cort\u00e8s_13jul16_Sl-Fnx_Bcn-37x55.jpg 37w\" sizes=\"auto, (max-width: 399px) 100vw, 399px\" \/><\/p>\n<p style=\"text-align: center;\"><img loading=\"lazy\" decoding=\"async\" class=\"aligncenter size-large wp-image-26143\" src=\"http:\/\/www.tomajazz.com\/web\/wp-content\/uploads\/2016\/09\/02_Mmr-n_s12-\u00a9Joan-Cort\u00e8s_13jul16_Sl-Fnx_Bcn-600x399.jpg\" alt=\"02_Mmr n_s12 (\u00a9Joan Cort\u00e8s)_13jul16_Sl Fnx_Bcn\" width=\"600\" height=\"399\" title=\"\" srcset=\"https:\/\/tomajazz.com\/web\/wp-content\/uploads\/2016\/09\/02_Mmr-n_s12-\u00a9Joan-Cort\u00e8s_13jul16_Sl-Fnx_Bcn.jpg 600w, https:\/\/tomajazz.com\/web\/wp-content\/uploads\/2016\/09\/02_Mmr-n_s12-\u00a9Joan-Cort\u00e8s_13jul16_Sl-Fnx_Bcn-150x100.jpg 150w, https:\/\/tomajazz.com\/web\/wp-content\/uploads\/2016\/09\/02_Mmr-n_s12-\u00a9Joan-Cort\u00e8s_13jul16_Sl-Fnx_Bcn-200x133.jpg 200w, https:\/\/tomajazz.com\/web\/wp-content\/uploads\/2016\/09\/02_Mmr-n_s12-\u00a9Joan-Cort\u00e8s_13jul16_Sl-Fnx_Bcn-83x55.jpg 83w, https:\/\/tomajazz.com\/web\/wp-content\/uploads\/2016\/09\/02_Mmr-n_s12-\u00a9Joan-Cort\u00e8s_13jul16_Sl-Fnx_Bcn-60x40.jpg 60w, https:\/\/tomajazz.com\/web\/wp-content\/uploads\/2016\/09\/02_Mmr-n_s12-\u00a9Joan-Cort\u00e8s_13jul16_Sl-Fnx_Bcn-120x80.jpg 120w\" sizes=\"auto, (max-width: 600px) 100vw, 600px\" \/><\/p>\n<p style=\"text-align: center;\"><img loading=\"lazy\" decoding=\"async\" class=\"aligncenter size-large wp-image-26144\" src=\"http:\/\/www.tomajazz.com\/web\/wp-content\/uploads\/2016\/09\/03_Mmr-n_s12-\u00a9Joan-Cort\u00e8s_13jul16_Sl-Fnx_Bcn-600x399.jpg\" alt=\"03_Mmr n_s12 (\u00a9Joan Cort\u00e8s)_13jul16_Sl Fnx_Bcn\" width=\"600\" height=\"399\" title=\"\" srcset=\"https:\/\/tomajazz.com\/web\/wp-content\/uploads\/2016\/09\/03_Mmr-n_s12-\u00a9Joan-Cort\u00e8s_13jul16_Sl-Fnx_Bcn.jpg 600w, https:\/\/tomajazz.com\/web\/wp-content\/uploads\/2016\/09\/03_Mmr-n_s12-\u00a9Joan-Cort\u00e8s_13jul16_Sl-Fnx_Bcn-150x100.jpg 150w, https:\/\/tomajazz.com\/web\/wp-content\/uploads\/2016\/09\/03_Mmr-n_s12-\u00a9Joan-Cort\u00e8s_13jul16_Sl-Fnx_Bcn-200x133.jpg 200w, https:\/\/tomajazz.com\/web\/wp-content\/uploads\/2016\/09\/03_Mmr-n_s12-\u00a9Joan-Cort\u00e8s_13jul16_Sl-Fnx_Bcn-83x55.jpg 83w, https:\/\/tomajazz.com\/web\/wp-content\/uploads\/2016\/09\/03_Mmr-n_s12-\u00a9Joan-Cort\u00e8s_13jul16_Sl-Fnx_Bcn-60x40.jpg 60w, https:\/\/tomajazz.com\/web\/wp-content\/uploads\/2016\/09\/03_Mmr-n_s12-\u00a9Joan-Cort\u00e8s_13jul16_Sl-Fnx_Bcn-120x80.jpg 120w\" sizes=\"auto, (max-width: 600px) 100vw, 600px\" \/><\/p>\n<p style=\"text-align: center;\"><img loading=\"lazy\" decoding=\"async\" class=\"aligncenter size-large wp-image-26145\" src=\"http:\/\/www.tomajazz.com\/web\/wp-content\/uploads\/2016\/09\/04_Mmr-n_s12-\u00a9Joan-Cort\u00e8s_13jul16_Sl-Fnx_Bcn-399x600.jpg\" alt=\"04_Mmr n_s12 (\u00a9Joan Cort\u00e8s)_13jul16_Sl Fnx_Bcn\" width=\"399\" height=\"600\" title=\"\" srcset=\"https:\/\/tomajazz.com\/web\/wp-content\/uploads\/2016\/09\/04_Mmr-n_s12-\u00a9Joan-Cort\u00e8s_13jul16_Sl-Fnx_Bcn.jpg 399w, https:\/\/tomajazz.com\/web\/wp-content\/uploads\/2016\/09\/04_Mmr-n_s12-\u00a9Joan-Cort\u00e8s_13jul16_Sl-Fnx_Bcn-100x150.jpg 100w, https:\/\/tomajazz.com\/web\/wp-content\/uploads\/2016\/09\/04_Mmr-n_s12-\u00a9Joan-Cort\u00e8s_13jul16_Sl-Fnx_Bcn-200x300.jpg 200w, https:\/\/tomajazz.com\/web\/wp-content\/uploads\/2016\/09\/04_Mmr-n_s12-\u00a9Joan-Cort\u00e8s_13jul16_Sl-Fnx_Bcn-37x55.jpg 37w\" sizes=\"auto, (max-width: 399px) 100vw, 399px\" \/><\/p>\n<p style=\"text-align: center;\"><img loading=\"lazy\" decoding=\"async\" class=\"aligncenter size-large wp-image-26146\" src=\"http:\/\/www.tomajazz.com\/web\/wp-content\/uploads\/2016\/09\/05_Mmr-n_s12-\u00a9Joan-Cort\u00e8s_13jul16_Sl-Fnx_Bcn-600x399.jpg\" alt=\"05_Mmr n_s12 (\u00a9Joan Cort\u00e8s)_13jul16_Sl Fnx_Bcn\" width=\"600\" height=\"399\" title=\"\" srcset=\"https:\/\/tomajazz.com\/web\/wp-content\/uploads\/2016\/09\/05_Mmr-n_s12-\u00a9Joan-Cort\u00e8s_13jul16_Sl-Fnx_Bcn.jpg 600w, https:\/\/tomajazz.com\/web\/wp-content\/uploads\/2016\/09\/05_Mmr-n_s12-\u00a9Joan-Cort\u00e8s_13jul16_Sl-Fnx_Bcn-150x100.jpg 150w, https:\/\/tomajazz.com\/web\/wp-content\/uploads\/2016\/09\/05_Mmr-n_s12-\u00a9Joan-Cort\u00e8s_13jul16_Sl-Fnx_Bcn-200x133.jpg 200w, https:\/\/tomajazz.com\/web\/wp-content\/uploads\/2016\/09\/05_Mmr-n_s12-\u00a9Joan-Cort\u00e8s_13jul16_Sl-Fnx_Bcn-83x55.jpg 83w, https:\/\/tomajazz.com\/web\/wp-content\/uploads\/2016\/09\/05_Mmr-n_s12-\u00a9Joan-Cort\u00e8s_13jul16_Sl-Fnx_Bcn-60x40.jpg 60w, https:\/\/tomajazz.com\/web\/wp-content\/uploads\/2016\/09\/05_Mmr-n_s12-\u00a9Joan-Cort\u00e8s_13jul16_Sl-Fnx_Bcn-120x80.jpg 120w\" sizes=\"auto, (max-width: 600px) 100vw, 600px\" \/><\/p>\n<p style=\"text-align: center;\"><img loading=\"lazy\" decoding=\"async\" class=\"aligncenter size-large wp-image-26147\" src=\"http:\/\/www.tomajazz.com\/web\/wp-content\/uploads\/2016\/09\/06_Mmr-n_s12-\u00a9Joan-Cort\u00e8s_13jul16_Sl-Fnx_Bcn-600x399.jpg\" alt=\"06_Mmr n_s12 (\u00a9Joan Cort\u00e8s)_13jul16_Sl Fnx_Bcn\" width=\"600\" height=\"399\" title=\"\" srcset=\"https:\/\/tomajazz.com\/web\/wp-content\/uploads\/2016\/09\/06_Mmr-n_s12-\u00a9Joan-Cort\u00e8s_13jul16_Sl-Fnx_Bcn.jpg 600w, https:\/\/tomajazz.com\/web\/wp-content\/uploads\/2016\/09\/06_Mmr-n_s12-\u00a9Joan-Cort\u00e8s_13jul16_Sl-Fnx_Bcn-150x100.jpg 150w, https:\/\/tomajazz.com\/web\/wp-content\/uploads\/2016\/09\/06_Mmr-n_s12-\u00a9Joan-Cort\u00e8s_13jul16_Sl-Fnx_Bcn-200x133.jpg 200w, https:\/\/tomajazz.com\/web\/wp-content\/uploads\/2016\/09\/06_Mmr-n_s12-\u00a9Joan-Cort\u00e8s_13jul16_Sl-Fnx_Bcn-83x55.jpg 83w, https:\/\/tomajazz.com\/web\/wp-content\/uploads\/2016\/09\/06_Mmr-n_s12-\u00a9Joan-Cort\u00e8s_13jul16_Sl-Fnx_Bcn-60x40.jpg 60w, https:\/\/tomajazz.com\/web\/wp-content\/uploads\/2016\/09\/06_Mmr-n_s12-\u00a9Joan-Cort\u00e8s_13jul16_Sl-Fnx_Bcn-120x80.jpg 120w\" sizes=\"auto, (max-width: 600px) 100vw, 600px\" \/><\/p>\n<p style=\"text-align: center;\"><img loading=\"lazy\" decoding=\"async\" class=\"aligncenter size-large wp-image-26148\" src=\"http:\/\/www.tomajazz.com\/web\/wp-content\/uploads\/2016\/09\/07_Mmr-n_s12-\u00a9Joan-Cort\u00e8s_13jul16_Sl-Fnx_Bcn-399x600.jpg\" alt=\"07_Mmr n_s12 (\u00a9Joan Cort\u00e8s)_13jul16_Sl Fnx_Bcn\" width=\"399\" height=\"600\" title=\"\" srcset=\"https:\/\/tomajazz.com\/web\/wp-content\/uploads\/2016\/09\/07_Mmr-n_s12-\u00a9Joan-Cort\u00e8s_13jul16_Sl-Fnx_Bcn.jpg 399w, https:\/\/tomajazz.com\/web\/wp-content\/uploads\/2016\/09\/07_Mmr-n_s12-\u00a9Joan-Cort\u00e8s_13jul16_Sl-Fnx_Bcn-100x150.jpg 100w, https:\/\/tomajazz.com\/web\/wp-content\/uploads\/2016\/09\/07_Mmr-n_s12-\u00a9Joan-Cort\u00e8s_13jul16_Sl-Fnx_Bcn-200x300.jpg 200w, https:\/\/tomajazz.com\/web\/wp-content\/uploads\/2016\/09\/07_Mmr-n_s12-\u00a9Joan-Cort\u00e8s_13jul16_Sl-Fnx_Bcn-37x55.jpg 37w\" sizes=\"auto, (max-width: 399px) 100vw, 399px\" \/><\/p>\n<p style=\"text-align: center;\"><img loading=\"lazy\" decoding=\"async\" class=\"aligncenter size-large wp-image-26149\" src=\"http:\/\/www.tomajazz.com\/web\/wp-content\/uploads\/2016\/09\/08_Mmr-n_s12-\u00a9Joan-Cort\u00e8s_13jul16_Sl-Fnx_Bcn-399x600.jpg\" alt=\"08_Mmr n_s12 (\u00a9Joan Cort\u00e8s)_13jul16_Sl Fnx_Bcn\" width=\"399\" height=\"600\" title=\"\" srcset=\"https:\/\/tomajazz.com\/web\/wp-content\/uploads\/2016\/09\/08_Mmr-n_s12-\u00a9Joan-Cort\u00e8s_13jul16_Sl-Fnx_Bcn.jpg 399w, https:\/\/tomajazz.com\/web\/wp-content\/uploads\/2016\/09\/08_Mmr-n_s12-\u00a9Joan-Cort\u00e8s_13jul16_Sl-Fnx_Bcn-100x150.jpg 100w, https:\/\/tomajazz.com\/web\/wp-content\/uploads\/2016\/09\/08_Mmr-n_s12-\u00a9Joan-Cort\u00e8s_13jul16_Sl-Fnx_Bcn-200x300.jpg 200w, https:\/\/tomajazz.com\/web\/wp-content\/uploads\/2016\/09\/08_Mmr-n_s12-\u00a9Joan-Cort\u00e8s_13jul16_Sl-Fnx_Bcn-37x55.jpg 37w\" sizes=\"auto, (max-width: 399px) 100vw, 399px\" \/><\/p>\n<p style=\"text-align: center;\"><img loading=\"lazy\" decoding=\"async\" class=\"aligncenter size-large wp-image-26150\" src=\"http:\/\/www.tomajazz.com\/web\/wp-content\/uploads\/2016\/09\/09_Mmr-n_s12-\u00a9Joan-Cort\u00e8s_13jul16_Sl-Fnx_Bcn-600x399.jpg\" alt=\"09_Mmr n_s12 (\u00a9Joan Cort\u00e8s)_13jul16_Sl Fnx_Bcn\" width=\"600\" height=\"399\" title=\"\" srcset=\"https:\/\/tomajazz.com\/web\/wp-content\/uploads\/2016\/09\/09_Mmr-n_s12-\u00a9Joan-Cort\u00e8s_13jul16_Sl-Fnx_Bcn.jpg 600w, https:\/\/tomajazz.com\/web\/wp-content\/uploads\/2016\/09\/09_Mmr-n_s12-\u00a9Joan-Cort\u00e8s_13jul16_Sl-Fnx_Bcn-150x100.jpg 150w, https:\/\/tomajazz.com\/web\/wp-content\/uploads\/2016\/09\/09_Mmr-n_s12-\u00a9Joan-Cort\u00e8s_13jul16_Sl-Fnx_Bcn-200x133.jpg 200w, https:\/\/tomajazz.com\/web\/wp-content\/uploads\/2016\/09\/09_Mmr-n_s12-\u00a9Joan-Cort\u00e8s_13jul16_Sl-Fnx_Bcn-83x55.jpg 83w, https:\/\/tomajazz.com\/web\/wp-content\/uploads\/2016\/09\/09_Mmr-n_s12-\u00a9Joan-Cort\u00e8s_13jul16_Sl-Fnx_Bcn-60x40.jpg 60w, https:\/\/tomajazz.com\/web\/wp-content\/uploads\/2016\/09\/09_Mmr-n_s12-\u00a9Joan-Cort\u00e8s_13jul16_Sl-Fnx_Bcn-120x80.jpg 120w\" sizes=\"auto, (max-width: 600px) 100vw, 600px\" \/><\/p>\n<p style=\"text-align: center;\"><img loading=\"lazy\" decoding=\"async\" class=\"aligncenter size-large wp-image-26151\" src=\"http:\/\/www.tomajazz.com\/web\/wp-content\/uploads\/2016\/09\/10_Mmr-n_s12-\u00a9Joan-Cort\u00e8s_13jul16_Sl-Fnx_Bcn-600x399.jpg\" alt=\"10_Mmr n_s12 (\u00a9Joan Cort\u00e8s)_13jul16_Sl Fnx_Bcn\" width=\"600\" height=\"399\" title=\"\" srcset=\"https:\/\/tomajazz.com\/web\/wp-content\/uploads\/2016\/09\/10_Mmr-n_s12-\u00a9Joan-Cort\u00e8s_13jul16_Sl-Fnx_Bcn.jpg 600w, https:\/\/tomajazz.com\/web\/wp-content\/uploads\/2016\/09\/10_Mmr-n_s12-\u00a9Joan-Cort\u00e8s_13jul16_Sl-Fnx_Bcn-150x100.jpg 150w, https:\/\/tomajazz.com\/web\/wp-content\/uploads\/2016\/09\/10_Mmr-n_s12-\u00a9Joan-Cort\u00e8s_13jul16_Sl-Fnx_Bcn-200x133.jpg 200w, https:\/\/tomajazz.com\/web\/wp-content\/uploads\/2016\/09\/10_Mmr-n_s12-\u00a9Joan-Cort\u00e8s_13jul16_Sl-Fnx_Bcn-83x55.jpg 83w, https:\/\/tomajazz.com\/web\/wp-content\/uploads\/2016\/09\/10_Mmr-n_s12-\u00a9Joan-Cort\u00e8s_13jul16_Sl-Fnx_Bcn-60x40.jpg 60w, https:\/\/tomajazz.com\/web\/wp-content\/uploads\/2016\/09\/10_Mmr-n_s12-\u00a9Joan-Cort\u00e8s_13jul16_Sl-Fnx_Bcn-120x80.jpg 120w\" sizes=\"auto, (max-width: 600px) 100vw, 600px\" \/><\/p>\n<p style=\"text-align: right;\">\u00a9 Joan Cort\u00e8s, 2016<\/p>\n","protected":false},"excerpt":{"rendered":"<p>Una nueva galer\u00eda fotogr\u00e1fica en Instanzz de Joan Cort\u00e8s, que repasa la actuaci\u00f3n de la duod\u00e9cima configuraci\u00f3n de Memoria Uno. <span class=\"more-link\"><a href=\"https:\/\/tomajazz.com\/web\/instantzz-memoria-uno-12a-sessio-sala-fenix-barcelona-2016-07-13-galeria-fotografica\/\">Contin\u00faa leyendo<\/a><\/span><\/p>\n","protected":false},"author":1,"featured_media":26151,"comment_status":"open","ping_status":"closed","sticky":false,"template":"","format":"standard","meta":{"jetpack_post_was_ever_published":false,"_jetpack_newsletter_access":"","_jetpack_dont_email_post_to_subs":true,"_jetpack_newsletter_tier_id":0,"_jetpack_memberships_contains_paywalled_content":false,"_jetpack_memberships_contains_paid_content":false,"footnotes":""},"categories":[17853,11262,15516,11261,1038],"tags":[5553,12836,15314,16243,17190,126,15656,12656,12796,12755,15318,15317,15655,15275,15654,15191,11263,5433,13,16185,15312,12415,15295,15313,1041,8060,12463,15710,12092,14563,12064,17191,12368,1045,12657,14970,16099,77,16100,17189],"class_list":["entry","author-pachi","has-excerpt","post-26140","post","type-post","status-publish","format-standard","has-post-thumbnail","category-joan-cortes","category-photoblogs","category-imagenes","category-instantzz","category-contenidos","tag-alex-reviriego","tag-concierto","tag-concierto-de-jazz","tag-conciertos-de-jazz-en-barcelona","tag-contrabajo-sarah-claman","tag-el-pricto","tag-foto-galeria-de-jazz","tag-fotoblog","tag-fotografia-de-jazz","tag-fotografias-de-jazz","tag-fotografos-de-jazz","tag-fotos-de-jazz","tag-galeria-de-fotos-de-jazz","tag-galeria-fotografica","tag-galeria-fotografica-de-jazz","tag-ilona-schneider","tag-instantzz-2","tag-ivan-gonzalez","tag-jazz","tag-jazz-en-barcelona","tag-jazz-en-directo","tag-jazz-en-espana","tag-jazz-en-espanol","tag-jazz-en-vivo","tag-joan-cortes","tag-johannes-nastesjo","tag-jordi-santanach","tag-la-actualidad-del-jazz-en-espana","tag-luiz-rocha","tag-marcel-bages","tag-marcelli-bayer","tag-memoria-uno-12a-sessio","tag-nana-rovira","tag-oriol-roca","tag-photoblog","tag-sala-fenix-barcelona","tag-toma-jazz","tag-tomajazz","tag-tomajazz-toma-jazz","tag-tura-gomez"],"jetpack_featured_media_url":"https:\/\/tomajazz.com\/web\/wp-content\/uploads\/2016\/09\/10_Mmr-n_s12-\u00a9Joan-Cort\u00e8s_13jul16_Sl-Fnx_Bcn.jpg","jetpack_likes_enabled":true,"jetpack_sharing_enabled":true,"jetpack-related-posts":[{"id":104093,"url":"https:\/\/tomajazz.com\/web\/marti-sales-jordina-milla-barcelona-2025\/","url_meta":{"origin":26140,"position":0},"title":"Mart\u00ed Sales &#038; Jordina Mill\u00e0 \u201cLes quatre estacions: Hivern\u201d (Palau de la M\u00fasica, 2025-12-22 \/ Barcelona) Por Joan Cort\u00e8s [INSTANTZZ AKA Galer\u00eda fotogr\u00e1fica AKA Fotoblog de jazz, impro\u2026 y algo m\u00e1s]","author":"Tomajazz","date":"19 febrero, 2026","format":false,"excerpt":"Mart\u00ed Sales & Jordina Mill\u00e0 \u201cLes quatre estacions: Hivern\u201d actuaron en el Palau de la M\u00fasica de Barcelona, el 12 de diciembre de 2025. Joan Cort\u00e8s retrata el concierto en INSTANTZZ","rel":"","context":"En \u00ab*_Joan Cort\u00e8s\u00bb","block_context":{"text":"*_Joan Cort\u00e8s","link":"https:\/\/tomajazz.com\/web\/category\/joan-cortes\/"},"img":{"alt_text":"Mart\u00ed Sales & Jordina Mill\u00e0 \u201cLes quatre estacions: Hivern\u201d (Palau de la M\u00fasica, 2025-12-22 \/ Barcelona) Por Joan Cort\u00e8s [INSTANTZZ AKA Galer\u00eda fotogr\u00e1fica AKA Fotoblog de jazz, impro\u2026 y algo m\u00e1s] - Tomajazz","src":"https:\/\/i0.wp.com\/tomajazz.com\/web\/wp-content\/uploads\/2026\/02\/08-Mrt-Sls-Jrdn-Mll-Joan-Cortes-22dsm25-Pl-Msc-Bcn.jpg?resize=350%2C200&ssl=1","width":350,"height":200,"srcset":"https:\/\/i0.wp.com\/tomajazz.com\/web\/wp-content\/uploads\/2026\/02\/08-Mrt-Sls-Jrdn-Mll-Joan-Cortes-22dsm25-Pl-Msc-Bcn.jpg?resize=350%2C200&ssl=1 1x, https:\/\/i0.wp.com\/tomajazz.com\/web\/wp-content\/uploads\/2026\/02\/08-Mrt-Sls-Jrdn-Mll-Joan-Cortes-22dsm25-Pl-Msc-Bcn.jpg?resize=525%2C300&ssl=1 1.5x"},"classes":[]},{"id":104436,"url":"https:\/\/tomajazz.com\/web\/juanma-trujillo-baldo-martinez-cdj25-2026\/","url_meta":{"origin":26140,"position":1},"title":"Juanma Trujillo &#038; Baldo Mart\u00ednez (25 aniversario Club de Jazz \/ Jamboree-01, 2026-02-14 \/ Barcelona) [I] Por Joan Cort\u00e8s [INSTANTZZ AKA Galer\u00eda fotogr\u00e1fica AKA Fotoblog de jazz, impro\u2026 y algo m\u00e1s]","author":"Tomajazz","date":"17 marzo, 2026","format":false,"excerpt":"Juanma Trujillo & Baldo Mart\u00ednez actuaron en Jamboree en el 25 aniversario de Club de Jazz. Joan Cort\u00e8s lo retrata en INSTANTZZ","rel":"","context":"En \u00ab*_Joan Cort\u00e8s\u00bb","block_context":{"text":"*_Joan Cort\u00e8s","link":"https:\/\/tomajazz.com\/web\/category\/joan-cortes\/"},"img":{"alt_text":"Juanma Trujillo & Baldo Mart\u00ednez (25 aniversario Club de Jazz \/ Jamboree-01, 2026-02-14 \/ Barcelona) [I] Por Joan Cort\u00e8s [INSTANTZZ AKA Galer\u00eda fotogr\u00e1fica AKA Fotoblog de jazz, impro\u2026 y algo m\u00e1s] - Tomajazz - Juanma Trujillo & Baldo Mart\u00ednez actuaron en Jamboree en el 25 aniversario de Club de Jazz. Joan Cort\u00e8s lo retrata en INSTANTZZ","src":"https:\/\/i0.wp.com\/tomajazz.com\/web\/wp-content\/uploads\/2026\/03\/destacada-11-Jnm-Trjll-Bld-Mrtnz-Photo-by-Joan-Cortes-14fbr26-25nCdJ-Jmbr01-Bcn.jpg?resize=350%2C200&ssl=1","width":350,"height":200,"srcset":"https:\/\/i0.wp.com\/tomajazz.com\/web\/wp-content\/uploads\/2026\/03\/destacada-11-Jnm-Trjll-Bld-Mrtnz-Photo-by-Joan-Cortes-14fbr26-25nCdJ-Jmbr01-Bcn.jpg?resize=350%2C200&ssl=1 1x, https:\/\/i0.wp.com\/tomajazz.com\/web\/wp-content\/uploads\/2026\/03\/destacada-11-Jnm-Trjll-Bld-Mrtnz-Photo-by-Joan-Cortes-14fbr26-25nCdJ-Jmbr01-Bcn.jpg?resize=525%2C300&ssl=1 1.5x"},"classes":[]},{"id":104591,"url":"https:\/\/tomajazz.com\/web\/marco-mezquida-25cdj-2026\/","url_meta":{"origin":26140,"position":2},"title":"Marco Mezquida (25 aniversario Club de Jazz \/ Jamboree-01, 2026-02-14 \/ Barcelona) [y III] Por Joan Cort\u00e8s [INSTANTZZ AKA Galer\u00eda fotogr\u00e1fica AKA Fotoblog de jazz, impro\u2026 y algo m\u00e1s]","author":"Tomajazz","date":"26 marzo, 2026","format":false,"excerpt":"Marco Mezquida actu\u00f3 en Jamboree en la celebraci\u00f3n CDJ25, el 14 de febrero de 2026. Joan Cort\u00e8s lo retrata en INSTANTZZ","rel":"","context":"En \u00abINSTANTZZ\u00bb","block_context":{"text":"INSTANTZZ","link":"https:\/\/tomajazz.com\/web\/category\/contenidos\/imagenes\/photoblogs\/instantzz\/"},"img":{"alt_text":"Marco Mezquida (25 aniversario Club de Jazz \/ Jamboree-01, 2026-02-14 \/ Barcelona) [y III] Por Joan Cort\u00e8s [INSTANTZZ AKA Galer\u00eda fotogr\u00e1fica AKA Fotoblog de jazz, impro\u2026 y algo m\u00e1s] - Tomajazz - Marco Mezquida actu\u00f3 en Jamboree en la celebraci\u00f3n CDJ25, el 14 de febrero de 2026. Joan Cort\u00e8s lo retrata en INSTANTZZ","src":"https:\/\/i0.wp.com\/tomajazz.com\/web\/wp-content\/uploads\/2026\/03\/destacada-10-Mrc-Mzqd-Photo-by-Joan-Cortes-14fbr26-25CdJ-Jmbrr01-Bcn-.jpg?resize=350%2C200&ssl=1","width":350,"height":200,"srcset":"https:\/\/i0.wp.com\/tomajazz.com\/web\/wp-content\/uploads\/2026\/03\/destacada-10-Mrc-Mzqd-Photo-by-Joan-Cortes-14fbr26-25CdJ-Jmbrr01-Bcn-.jpg?resize=350%2C200&ssl=1 1x, https:\/\/i0.wp.com\/tomajazz.com\/web\/wp-content\/uploads\/2026\/03\/destacada-10-Mrc-Mzqd-Photo-by-Joan-Cortes-14fbr26-25CdJ-Jmbrr01-Bcn-.jpg?resize=525%2C300&ssl=1 1.5x"},"classes":[]},{"id":103071,"url":"https:\/\/tomajazz.com\/web\/lina-marco-mezquida-o-fado-barcelona-2025\/","url_meta":{"origin":26140,"position":3},"title":"Lina &#038; Marco Mezquida \u201cO Fado\u201d (57\u00e8 Festival de Jazz de Barcelona 2025 \/ Conservatori del Liceu, 2025-11-21 \/ Barcelona) [03] Por Joan Cort\u00e8s [INSTANTZZ AKA Galer\u00eda fotogr\u00e1fica AKA Fotoblog de jazz, impro\u2026 y algo m\u00e1s]","author":"Tomajazz","date":"30 diciembre, 2025","format":false,"excerpt":"Lina & Marco Mezquida \u201cO Fado\u201d actuaron en el 57\u00e8 Festival de Jazz de Barcelona, el 21 de noviembre de 2025. Joan Cort\u00e8s lo retrata en INSTANTZZ","rel":"","context":"En \u00ab57 Festival de Jazz de Barcelona 2025\u00bb","block_context":{"text":"57 Festival de Jazz de Barcelona 2025","link":"https:\/\/tomajazz.com\/web\/category\/contenidos\/especial-contenidos\/57-festival-de-jazz-de-barcelona-2025\/"},"img":{"alt_text":"Lina & Marco Mezquida \u201cO Fado\u201d (59\u00e8 Festival de Jazz de Barcelona \/ Conservatori del Liceu, 2025-11-21 \/ Barcelona) [03] Por Joan Cort\u00e8s [INSTANTZZ AKA Galer\u00eda fotogr\u00e1fica AKA Fotoblog de jazz, impro\u2026 y algo m\u00e1s] - Tomajazz - Lina & Marco Mezquida \u201cO Fado\u201d actuaron en el 59\u00e8 Festival de Jazz de Barcelona, el 21 de noviembre de 2025. Joan Cort\u00e8s lo retrata en INSTANTZZ","src":"https:\/\/i0.wp.com\/tomajazz.com\/web\/wp-content\/uploads\/2025\/12\/destacada-07-Ln-Mrc-Mzqd-Photo-By-Joan-Cortes-21nov25-Cnsrvtr-dl-Lc-59FJBcn.jpg?resize=350%2C200&ssl=1","width":350,"height":200,"srcset":"https:\/\/i0.wp.com\/tomajazz.com\/web\/wp-content\/uploads\/2025\/12\/destacada-07-Ln-Mrc-Mzqd-Photo-By-Joan-Cortes-21nov25-Cnsrvtr-dl-Lc-59FJBcn.jpg?resize=350%2C200&ssl=1 1x, https:\/\/i0.wp.com\/tomajazz.com\/web\/wp-content\/uploads\/2025\/12\/destacada-07-Ln-Mrc-Mzqd-Photo-By-Joan-Cortes-21nov25-Cnsrvtr-dl-Lc-59FJBcn.jpg?resize=525%2C300&ssl=1 1.5x"},"classes":[]},{"id":102929,"url":"https:\/\/tomajazz.com\/web\/samuel-blaser-marc-ducret-peter-bruun-jazz-cava-2025\/","url_meta":{"origin":26140,"position":4},"title":"Samuel Blaser, Marc Ducret &#038; Peter Bruun (Jazz Cava, 2025-11-20 \/ Vic -Barcelona-) Por Joan Cort\u00e8s [INSTANTZZ AKA Galer\u00eda fotogr\u00e1fica AKA Fotoblog de jazz, impro\u2026 y algo m\u00e1s]","author":"Tomajazz","date":"23 diciembre, 2025","format":false,"excerpt":"Samuel Blaser, Marc Ducret & Peter Bruun actuaron en la Jazz Cava de Vic, el 20 e noviembre de 2025. Joan Cort\u00e8s lo retrata en INSTANTZZ","rel":"","context":"En \u00ab*_Joan Cort\u00e8s\u00bb","block_context":{"text":"*_Joan Cort\u00e8s","link":"https:\/\/tomajazz.com\/web\/category\/joan-cortes\/"},"img":{"alt_text":"Samuel Blaser, Marc Ducret & Peter Bruun (Jazz Cava, 2025-11-20 \/ Vic -Barcelona-) Por Joan Cort\u00e8s [INSTANTZZ AKA Galer\u00eda fotogr\u00e1fica AKA Fotoblog de jazz, impro\u2026 y algo m\u00e1s] - Tomajazz - Samuel Blaser, Marc Ducret & Peter Bruun actuaron en la Jazz Cava de Vic, el 20 e noviembre de 2025. Joan Cort\u00e8s lo retrata en INSTANTZZ","src":"https:\/\/i0.wp.com\/tomajazz.com\/web\/wp-content\/uploads\/2025\/12\/destacado-07-Blsr-Dcrt-Brn-Photo-By-Joan-Cortes-20nvm25-JzzCv-Vc.jpg?resize=350%2C200&ssl=1","width":350,"height":200,"srcset":"https:\/\/i0.wp.com\/tomajazz.com\/web\/wp-content\/uploads\/2025\/12\/destacado-07-Blsr-Dcrt-Brn-Photo-By-Joan-Cortes-20nvm25-JzzCv-Vc.jpg?resize=350%2C200&ssl=1 1x, https:\/\/i0.wp.com\/tomajazz.com\/web\/wp-content\/uploads\/2025\/12\/destacado-07-Blsr-Dcrt-Brn-Photo-By-Joan-Cortes-20nvm25-JzzCv-Vc.jpg?resize=525%2C300&ssl=1 1.5x"},"classes":[]},{"id":105012,"url":"https:\/\/tomajazz.com\/web\/lage-lund-trio-granollers-2026\/","url_meta":{"origin":26140,"position":5},"title":"Lage Lund Trio (36\u00e8 Jazz Granollers Festival \/ Casino, 2026-03-13 \/ Granollers -Barcelona-) [y III] Por Joan Cort\u00e8s [INSTANTZZ AKA Galer\u00eda fotogr\u00e1fica AKA Fotoblog de jazz, impro\u2026 y algo m\u00e1s]","author":"Tomajazz","date":"23 abril, 2026","format":false,"excerpt":"Lage Lund Trio actu\u00f3 en el 36\u00e8 Jazz Granollers Festival, el 13 de marzo de 2026. Joan Cort\u00e8s lo retrata en INSTANTZZ. Lage Lund Trio son Lage Lund, Orlando Le Fleming, Greg Hutchinson","rel":"","context":"En \u00ab36 Jazz Granollers Festival 2026\u00bb","block_context":{"text":"36 Jazz Granollers Festival 2026","link":"https:\/\/tomajazz.com\/web\/category\/contenidos\/especial-contenidos\/36-jazz-granollers-festival-2026\/"},"img":{"alt_text":"Lage Lund Trio (36\u00e8 Jazz Granollers Festival \/ Casino, 2026-03-13 \/ Granollers -Barcelona-) [y III] Por Joan Cort\u00e8s [INSTANTZZ AKA Galer\u00eda fotogr\u00e1fica AKA Fotoblog de jazz, impro\u2026 y algo m\u00e1s] - Tomajazz - Lage Lund Trio actu\u00f3 en el 36\u00e8 Jazz Granollers Festival, el 13 de marzo de 2026. Joan Cort\u00e8s lo retrata en INSTANTZZ. Lage Lund Trio son Lage Lund, Orlando Le Fleming, Greg Hutchinson","src":"https:\/\/i0.wp.com\/tomajazz.com\/web\/wp-content\/uploads\/2026\/04\/destacada-02-Lg-Lnd-Photo-by-Joan-Cortes-13mrc26-36JGF-Csn-Gr-bn.jpg?resize=350%2C200&ssl=1","width":350,"height":200,"srcset":"https:\/\/i0.wp.com\/tomajazz.com\/web\/wp-content\/uploads\/2026\/04\/destacada-02-Lg-Lnd-Photo-by-Joan-Cortes-13mrc26-36JGF-Csn-Gr-bn.jpg?resize=350%2C200&ssl=1 1x, https:\/\/i0.wp.com\/tomajazz.com\/web\/wp-content\/uploads\/2026\/04\/destacada-02-Lg-Lnd-Photo-by-Joan-Cortes-13mrc26-36JGF-Csn-Gr-bn.jpg?resize=525%2C300&ssl=1 1.5x"},"classes":[]}],"_links":{"self":[{"href":"https:\/\/tomajazz.com\/web\/wp-json\/wp\/v2\/posts\/26140","targetHints":{"allow":["GET"]}}],"collection":[{"href":"https:\/\/tomajazz.com\/web\/wp-json\/wp\/v2\/posts"}],"about":[{"href":"https:\/\/tomajazz.com\/web\/wp-json\/wp\/v2\/types\/post"}],"author":[{"embeddable":true,"href":"https:\/\/tomajazz.com\/web\/wp-json\/wp\/v2\/users\/1"}],"replies":[{"embeddable":true,"href":"https:\/\/tomajazz.com\/web\/wp-json\/wp\/v2\/comments?post=26140"}],"version-history":[{"count":1,"href":"https:\/\/tomajazz.com\/web\/wp-json\/wp\/v2\/posts\/26140\/revisions"}],"predecessor-version":[{"id":26152,"href":"https:\/\/tomajazz.com\/web\/wp-json\/wp\/v2\/posts\/26140\/revisions\/26152"}],"wp:featuredmedia":[{"embeddable":true,"href":"https:\/\/tomajazz.com\/web\/wp-json\/wp\/v2\/media\/26151"}],"wp:attachment":[{"href":"https:\/\/tomajazz.com\/web\/wp-json\/wp\/v2\/media?parent=26140"}],"wp:term":[{"taxonomy":"category","embeddable":true,"href":"https:\/\/tomajazz.com\/web\/wp-json\/wp\/v2\/categories?post=26140"},{"taxonomy":"post_tag","embeddable":true,"href":"https:\/\/tomajazz.com\/web\/wp-json\/wp\/v2\/tags?post=26140"}],"curies":[{"name":"wp","href":"https:\/\/api.w.org\/{rel}","templated":true}]}}