{"id":26296,"date":"2016-09-13T11:11:14","date_gmt":"2016-09-13T09:11:14","guid":{"rendered":"http:\/\/www.tomajazz.com\/web\/?p=26296"},"modified":"2021-07-18T14:16:02","modified_gmt":"2021-07-18T12:16:02","slug":"raqueros-del-jazz-iii-festival-rvbicon-7-al-18-de-septiembre-de-2016-santander-noticias","status":"publish","type":"post","link":"https:\/\/tomajazz.com\/web\/raqueros-del-jazz-iii-festival-rvbicon-7-al-18-de-septiembre-de-2016-santander-noticias\/","title":{"rendered":"Raqueros del Jazz. III Festival Rvbic\u00f3n (7 al 18 de septiembre de 2016. Santander) [Noticias]"},"content":{"rendered":"<p style=\"text-align: center;\"><img loading=\"lazy\" decoding=\"async\" class=\"aligncenter size-large wp-image-26297\" src=\"http:\/\/www.tomajazz.com\/web\/wp-content\/uploads\/2016\/09\/III-Festival-Rvbicon_Santander_2016-426x600.jpg\" alt=\"iii-festival-rvbicon_santander_2016\" width=\"426\" height=\"600\" title=\"\" srcset=\"https:\/\/tomajazz.com\/web\/wp-content\/uploads\/2016\/09\/III-Festival-Rvbicon_Santander_2016-426x600.jpg 426w, https:\/\/tomajazz.com\/web\/wp-content\/uploads\/2016\/09\/III-Festival-Rvbicon_Santander_2016-107x150.jpg 107w, https:\/\/tomajazz.com\/web\/wp-content\/uploads\/2016\/09\/III-Festival-Rvbicon_Santander_2016-200x282.jpg 200w, https:\/\/tomajazz.com\/web\/wp-content\/uploads\/2016\/09\/III-Festival-Rvbicon_Santander_2016-39x55.jpg 39w, https:\/\/tomajazz.com\/web\/wp-content\/uploads\/2016\/09\/III-Festival-Rvbicon_Santander_2016.jpg 600w\" sizes=\"auto, (max-width: 426px) 100vw, 426px\" \/><\/p>\n<p style=\"text-align: justify;\">Entre el 7 y el 18 de septiembre\u00a0de 2016tendr\u00e1 lucar el III Festival Rvbici\u00f3n. Raqueros del Jazz con la actuaci\u00f3n de Ainara Ortega, Naima, Baldo Mart\u00ednez Grupo, Gonzalo del Val Tr\u00edo, Antonio Lizana Group, Michael Olivera Group y Malandro Club. Toda la informaci\u00f3n en <a href=\"https:\/\/www.facebook.com\/rvbiconsantander\/\" target=\"_blank\" rel=\"nofollow noopener\">https:\/\/www.facebook.com\/rvbiconsantander\/<\/a><\/p>\n","protected":false},"excerpt":{"rendered":"<p>Entre el 7 y el 18 de septiembre\u00a0de 2016tendr\u00e1 lucar el III Festival Rvbici\u00f3n. Raqueros del Jazz con la actuaci\u00f3n de Ainara Ortega, Naima, Baldo Mart\u00ednez Grupo, Gonzalo del Val Tr\u00edo, Antonio Lizana Group, Michael Olivera Group y Malandro Club. Toda la informaci\u00f3n en https:\/\/www.facebook.com\/rvbiconsantander\/<span class=\"more-link\"><a href=\"https:\/\/tomajazz.com\/web\/raqueros-del-jazz-iii-festival-rvbicon-7-al-18-de-septiembre-de-2016-santander-noticias\/\">Contin\u00faa leyendo<\/a><\/span><\/p>\n","protected":false},"author":1,"featured_media":26297,"comment_status":"open","ping_status":"closed","sticky":false,"template":"","format":"standard","meta":{"jetpack_post_was_ever_published":false,"_jetpack_newsletter_access":"","_jetpack_dont_email_post_to_subs":true,"_jetpack_newsletter_tier_id":0,"_jetpack_memberships_contains_paywalled_content":false,"_jetpack_memberships_contains_paid_content":false,"footnotes":""},"categories":[17858,15795,1038],"tags":[12836,15314,16678,15299,17264,17263,13,15312,12415,15295,16679,15313,15297,15710,11856,15296,15298,17265,16099,77,16100],"class_list":["entry","author-pachi","post-26296","post","type-post","status-publish","format-standard","has-post-thumbnail","category-redaccion","category-noticias-2","category-contenidos","tag-concierto","tag-concierto-de-jazz","tag-conciertos-de-jazz-en-santander","tag-espana-en-jazz","tag-festival-rvbicon","tag-iii-festival-rvbicon","tag-jazz","tag-jazz-en-directo","tag-jazz-en-espana","tag-jazz-en-espanol","tag-jazz-en-santander","tag-jazz-en-vivo","tag-jazz-news","tag-la-actualidad-del-jazz-en-espana","tag-noticias","tag-noticias-de-jazz","tag-noticias-de-jazz-en-espana","tag-rvbicon-santander","tag-toma-jazz","tag-tomajazz","tag-tomajazz-toma-jazz"],"jetpack_featured_media_url":"https:\/\/tomajazz.com\/web\/wp-content\/uploads\/2016\/09\/III-Festival-Rvbicon_Santander_2016.jpg","jetpack_likes_enabled":true,"jetpack_sharing_enabled":true,"jetpack-related-posts":[{"id":105012,"url":"https:\/\/tomajazz.com\/web\/lage-lund-trio-granollers-2026\/","url_meta":{"origin":26296,"position":0},"title":"Lage Lund Trio (36\u00e8 Jazz Granollers Festival \/ Casino, 2026-03-13 \/ Granollers -Barcelona-) [y III] Por Joan Cort\u00e8s [INSTANTZZ AKA Galer\u00eda fotogr\u00e1fica AKA Fotoblog de jazz, impro\u2026 y algo m\u00e1s]","author":"Tomajazz","date":"23 abril, 2026","format":false,"excerpt":"Lage Lund Trio actu\u00f3 en el 36\u00e8 Jazz Granollers Festival, el 13 de marzo de 2026. Joan Cort\u00e8s lo retrata en INSTANTZZ. Lage Lund Trio son Lage Lund, Orlando Le Fleming, Greg Hutchinson","rel":"","context":"En \u00ab36 Jazz Granollers Festival 2026\u00bb","block_context":{"text":"36 Jazz Granollers Festival 2026","link":"https:\/\/tomajazz.com\/web\/category\/contenidos\/especial-contenidos\/36-jazz-granollers-festival-2026\/"},"img":{"alt_text":"Lage Lund Trio (36\u00e8 Jazz Granollers Festival \/ Casino, 2026-03-13 \/ Granollers -Barcelona-) [y III] Por Joan Cort\u00e8s [INSTANTZZ AKA Galer\u00eda fotogr\u00e1fica AKA Fotoblog de jazz, impro\u2026 y algo m\u00e1s] - Tomajazz - Lage Lund Trio actu\u00f3 en el 36\u00e8 Jazz Granollers Festival, el 13 de marzo de 2026. Joan Cort\u00e8s lo retrata en INSTANTZZ. Lage Lund Trio son Lage Lund, Orlando Le Fleming, Greg Hutchinson","src":"https:\/\/i0.wp.com\/tomajazz.com\/web\/wp-content\/uploads\/2026\/04\/destacada-02-Lg-Lnd-Photo-by-Joan-Cortes-13mrc26-36JGF-Csn-Gr-bn.jpg?resize=350%2C200&ssl=1","width":350,"height":200,"srcset":"https:\/\/i0.wp.com\/tomajazz.com\/web\/wp-content\/uploads\/2026\/04\/destacada-02-Lg-Lnd-Photo-by-Joan-Cortes-13mrc26-36JGF-Csn-Gr-bn.jpg?resize=350%2C200&ssl=1 1x, https:\/\/i0.wp.com\/tomajazz.com\/web\/wp-content\/uploads\/2026\/04\/destacada-02-Lg-Lnd-Photo-by-Joan-Cortes-13mrc26-36JGF-Csn-Gr-bn.jpg?resize=525%2C300&ssl=1 1.5x"},"classes":[]},{"id":104847,"url":"https:\/\/tomajazz.com\/web\/alba-careta-group-panical-jazz-granollers-2026\/","url_meta":{"origin":26296,"position":1},"title":"Alba Careta Group \u201cPanical\u201d (36\u00e8 Jazz Granollers Festival \/ Casino, 2026-02-27 \/ Granollers -Barcelona-) [II] Por Joan Cort\u00e8s [INSTANTZZ AKA Galer\u00eda fotogr\u00e1fica AKA Fotoblog de jazz, impro\u2026 y algo m\u00e1s]","author":"Tomajazz","date":"12 abril, 2026","format":false,"excerpt":"Alba Careta Group \u201cPanical\u201d actu\u00f3 en el 36\u00e8 Jazz Granollers Festival, el 27 de febrero de 2026. Joan Cort\u00e8s lo retrata en INSTANTZZ. Alba Careta Group \u201cPanical\u201d son Alba Careta, Lucas Mart\u00ednez, Roger Santacana, Giuseppe Campisi, Jordi Pallar\u00e9s","rel":"","context":"En \u00ab36 Jazz Granollers Festival 2026\u00bb","block_context":{"text":"36 Jazz Granollers Festival 2026","link":"https:\/\/tomajazz.com\/web\/category\/contenidos\/especial-contenidos\/36-jazz-granollers-festival-2026\/"},"img":{"alt_text":"Alba Careta Group \u201cPanical\u201d (36\u00e8 Jazz Granollers Festival \/ Casino, 2026-02-27 \/ Granollers -Barcelona-) [II] Por Joan Cort\u00e8s [INSTANTZZ AKA Galer\u00eda fotogr\u00e1fica AKA Fotoblog de jazz, impro\u2026 y algo m\u00e1s] - Tomajazz - Alba Careta Group \u201cPanical\u201d actu\u00f3 en el 36\u00e8 Jazz Granollers Festival, el 27 de febrero de 2026. Joan Cort\u00e8s lo retrata en INSTANTZZ. Alba Careta Group \u201cPanical\u201d son Alba Careta, Lucas Mart\u00ednez, Roger Santacana, Giuseppe Campisi, Jordi Pallar\u00e9s\n","src":"https:\/\/i0.wp.com\/tomajazz.com\/web\/wp-content\/uploads\/2026\/04\/destacada-03-lb-Crt-Grp-Photo-by-Joan-Cortes-27fbr26-36JGF-CG-CR-Grnllrs.jpg?resize=350%2C200&ssl=1","width":350,"height":200,"srcset":"https:\/\/i0.wp.com\/tomajazz.com\/web\/wp-content\/uploads\/2026\/04\/destacada-03-lb-Crt-Grp-Photo-by-Joan-Cortes-27fbr26-36JGF-CG-CR-Grnllrs.jpg?resize=350%2C200&ssl=1 1x, https:\/\/i0.wp.com\/tomajazz.com\/web\/wp-content\/uploads\/2026\/04\/destacada-03-lb-Crt-Grp-Photo-by-Joan-Cortes-27fbr26-36JGF-CG-CR-Grnllrs.jpg?resize=525%2C300&ssl=1 1.5x"},"classes":[]},{"id":100955,"url":"https:\/\/tomajazz.com\/web\/damia-timoner-fred-hersch-jazz-voyeur-2025\/","url_meta":{"origin":26296,"position":2},"title":"Dami\u00e0 Timoner \/ Fred Hersch (18 Jazz Voyeur Festival 2025. Es Baluard Museu. Palma. 2025-10-11) Por Jos\u00e9 Luis Luna Rocafort [INSTANTZZ AKA Galer\u00eda fotogr\u00e1fica AKA Fotoblog de jazz, impro\u2026 y algo m\u00e1s]","author":"Tomajazz","date":"26 octubre, 2025","format":false,"excerpt":"Dami\u00e0 Timoner y Fred Hersch dieron sendos conciertos en la jornada del 18 Jazz Voyeur Festival 2025 en Es Baluard Museu de Palma, el 11 de octubre de 2025. Jos\u00e9 Luis Luna Rocafort lo retrata en INSTANTZZ","rel":"","context":"En \u00ab18 Jazz Voyeur Festival 2025\u00bb","block_context":{"text":"18 Jazz Voyeur Festival 2025","link":"https:\/\/tomajazz.com\/web\/category\/contenidos\/especial-contenidos\/18-jazz-voyeur-festival-2025\/"},"img":{"alt_text":"Dami\u00e0 Timoner \/ Fred Hersch (18 Jazz Voyeur Festival 2025. Es Baluard Museu. Palma. 2025-10-11) Por Jos\u00e9 Luis Luna Rocafort [INSTANTZZ AKA Galer\u00eda fotogr\u00e1fica AKA Fotoblog de jazz, impro\u2026 y algo m\u00e1s] - Tomajazz - Dami\u00e0 Timoner y Fred Hersch dieron sendos conciertos en la jornada del 18 Jazz Voyeur Festival 2025 en Es Baluard Museu de Palma, el 11 de octubre de 2025. Jos\u00e9 Luis Luna Rocafort lo retrata en INSTANTZZ","src":"https:\/\/i0.wp.com\/tomajazz.com\/web\/wp-content\/uploads\/2025\/10\/006-18.jpg?resize=350%2C200&ssl=1","width":350,"height":200,"srcset":"https:\/\/i0.wp.com\/tomajazz.com\/web\/wp-content\/uploads\/2025\/10\/006-18.jpg?resize=350%2C200&ssl=1 1x, https:\/\/i0.wp.com\/tomajazz.com\/web\/wp-content\/uploads\/2025\/10\/006-18.jpg?resize=525%2C300&ssl=1 1.5x"},"classes":[]},{"id":102802,"url":"https:\/\/tomajazz.com\/web\/toni-miranda-tony-ann-voyeur-2025\/","url_meta":{"origin":26296,"position":3},"title":"Toni Miranda \/ Tony Ann (18 Jazz Voyeur Festival 2025. Trui Teatre. Palma. 2025-12-04) Por Jos\u00e9 Luis Luna Rocafort [INSTANTZZ AKA Galer\u00eda fotogr\u00e1fica AKA Fotoblog de jazz, impro\u2026 y algo m\u00e1s]","author":"Tomajazz","date":"12 diciembre, 2025","format":false,"excerpt":"Toni Miranda \/ Tony Ann dieron sendos conciertos en el 18 Jazz Voyeur Festival 2025 en Palma, el 4 de diciembre de 2025. Jos\u00e9 Luis Luna Rocafort lo retrata en INSTANTZZ","rel":"","context":"En \u00ab*_Jos\u00e9 Luis Luna Rocafort\u00bb","block_context":{"text":"*_Jos\u00e9 Luis Luna Rocafort","link":"https:\/\/tomajazz.com\/web\/category\/jose-luis-luna-rocafort\/"},"img":{"alt_text":"Toni Miranda \/ Tony Ann (18 Jazz Voyeur Festival 2025. Trui Teatre. Palma. 2025-12-04) Por Jos\u00e9 Luis Luna Rocafort [INSTANTZZ AKA Galer\u00eda fotogr\u00e1fica AKA Fotoblog de jazz, impro\u2026 y algo m\u00e1s] - Tomajazz - Toni Miranda - Tony Ann actuaron en el 18 Jazz Voyeur Festival 2025 en Palma, el 4 de diciembre de 2025. Jos\u00e9 Luis Luna Rocafort [INSTANTZZ","src":"https:\/\/i0.wp.com\/tomajazz.com\/web\/wp-content\/uploads\/2025\/12\/103.jpg?resize=350%2C200&ssl=1","width":350,"height":200,"srcset":"https:\/\/i0.wp.com\/tomajazz.com\/web\/wp-content\/uploads\/2025\/12\/103.jpg?resize=350%2C200&ssl=1 1x, https:\/\/i0.wp.com\/tomajazz.com\/web\/wp-content\/uploads\/2025\/12\/103.jpg?resize=525%2C300&ssl=1 1.5x"},"classes":[]},{"id":101060,"url":"https:\/\/tomajazz.com\/web\/malaka-vitoria-2025\/","url_meta":{"origin":26296,"position":4},"title":"Malaka (48 Festival de Jazz de Vitoria. 2025-07-15) Por Jos\u00e9 Luis Luna Rocafort [INSTANTZZ AKA Galer\u00eda fotogr\u00e1fica AKA Fotoblog de jazz, impro\u2026 y algo m\u00e1s]","author":"Tomajazz","date":"28 octubre, 2025","format":false,"excerpt":"Malaka actu\u00f3 en el 48 Festival de Jazz de Vitoria 2025. Jos\u00e9 Luis Luna Rocafort retrata el concierto en INSTANTZZ. Malaka son Gonzalo Encinal, Aitor Marim\u00f3n, Beltr\u00e1n del \u00c1lamo, Ager Alzola","rel":"","context":"En \u00ab48 Festival de Jazz de Vitoria 2025\u00bb","block_context":{"text":"48 Festival de Jazz de Vitoria 2025","link":"https:\/\/tomajazz.com\/web\/category\/contenidos\/especial-contenidos\/48-festival-de-jazz-de-vitoria-2025\/"},"img":{"alt_text":"Malaka (48 Festival de Jazz de Vitoria. 2025-07-15) Por Jos\u00e9 Luis Luna Rocafort [INSTANTZZ AKA Galer\u00eda fotogr\u00e1fica AKA Fotoblog de jazz, impro\u2026 y algo m\u00e1s] - Tomajazz - Malaka actu\u00f3 en el 48 Festival de Jazz de Vitoria 2025. Jos\u00e9 Luis Luna Rocafort retrata el concierto en INSTANTZZ. Malaka son Gonzalo Encinal, Aitor Marim\u00f3n, Beltr\u00e1n del \u00c1lamo, Ager Alzola","src":"https:\/\/i0.wp.com\/tomajazz.com\/web\/wp-content\/uploads\/2025\/10\/015-16.jpg?resize=350%2C200&ssl=1","width":350,"height":200,"srcset":"https:\/\/i0.wp.com\/tomajazz.com\/web\/wp-content\/uploads\/2025\/10\/015-16.jpg?resize=350%2C200&ssl=1 1x, https:\/\/i0.wp.com\/tomajazz.com\/web\/wp-content\/uploads\/2025\/10\/015-16.jpg?resize=525%2C300&ssl=1 1.5x"},"classes":[]},{"id":100162,"url":"https:\/\/tomajazz.com\/web\/57-festival-de-jazz-de-barcelona-2025-noticias\/","url_meta":{"origin":26296,"position":5},"title":"57 Festival de Jazz de Barcelona 2025 (Barcelona. Del 10 de octubre de 2025 al 1 de marzo de 2026) [Noticias de jazz]","author":"Tomajazz","date":"6 octubre, 2025","format":false,"excerpt":"El 57 Festival de Jazz de Barcelona 2025 se celebra del 10 de octubre de 2025 al 1 de marzo de 2026 con 48 conciertos y 14 clases magistrales en espacios emblem\u00e1ticos de la ciudad","rel":"","context":"En \u00ab57 Festival de Jazz de Barcelona 2025\u00bb","block_context":{"text":"57 Festival de Jazz de Barcelona 2025","link":"https:\/\/tomajazz.com\/web\/category\/contenidos\/especial-contenidos\/57-festival-de-jazz-de-barcelona-2025\/"},"img":{"alt_text":"57 Festival de Jazz de Barcelona 2025 (Barcelona. Del 10 de octubre de 2025 al 1 de marzo de 2026) [Noticias de jazz] - Tomajazz","src":"https:\/\/i0.wp.com\/tomajazz.com\/web\/wp-content\/uploads\/2025\/10\/Festival-Jazz-Barcelona-2025.jpg?resize=350%2C200&ssl=1","width":350,"height":200,"srcset":"https:\/\/i0.wp.com\/tomajazz.com\/web\/wp-content\/uploads\/2025\/10\/Festival-Jazz-Barcelona-2025.jpg?resize=350%2C200&ssl=1 1x, https:\/\/i0.wp.com\/tomajazz.com\/web\/wp-content\/uploads\/2025\/10\/Festival-Jazz-Barcelona-2025.jpg?resize=525%2C300&ssl=1 1.5x"},"classes":[]}],"_links":{"self":[{"href":"https:\/\/tomajazz.com\/web\/wp-json\/wp\/v2\/posts\/26296","targetHints":{"allow":["GET"]}}],"collection":[{"href":"https:\/\/tomajazz.com\/web\/wp-json\/wp\/v2\/posts"}],"about":[{"href":"https:\/\/tomajazz.com\/web\/wp-json\/wp\/v2\/types\/post"}],"author":[{"embeddable":true,"href":"https:\/\/tomajazz.com\/web\/wp-json\/wp\/v2\/users\/1"}],"replies":[{"embeddable":true,"href":"https:\/\/tomajazz.com\/web\/wp-json\/wp\/v2\/comments?post=26296"}],"version-history":[{"count":3,"href":"https:\/\/tomajazz.com\/web\/wp-json\/wp\/v2\/posts\/26296\/revisions"}],"predecessor-version":[{"id":55752,"href":"https:\/\/tomajazz.com\/web\/wp-json\/wp\/v2\/posts\/26296\/revisions\/55752"}],"wp:featuredmedia":[{"embeddable":true,"href":"https:\/\/tomajazz.com\/web\/wp-json\/wp\/v2\/media\/26297"}],"wp:attachment":[{"href":"https:\/\/tomajazz.com\/web\/wp-json\/wp\/v2\/media?parent=26296"}],"wp:term":[{"taxonomy":"category","embeddable":true,"href":"https:\/\/tomajazz.com\/web\/wp-json\/wp\/v2\/categories?post=26296"},{"taxonomy":"post_tag","embeddable":true,"href":"https:\/\/tomajazz.com\/web\/wp-json\/wp\/v2\/tags?post=26296"}],"curies":[{"name":"wp","href":"https:\/\/api.w.org\/{rel}","templated":true}]}}