{"id":26360,"date":"2016-09-15T11:07:42","date_gmt":"2016-09-15T09:07:42","guid":{"rendered":"http:\/\/www.tomajazz.com\/web\/?p=26360"},"modified":"2021-07-18T14:16:01","modified_gmt":"2021-07-18T12:16:01","slug":"jazzene-2016-28-de-septiembre-al-1-de-octubre-valencia","status":"publish","type":"post","link":"https:\/\/tomajazz.com\/web\/jazzene-2016-28-de-septiembre-al-1-de-octubre-valencia\/","title":{"rendered":"JazzE\u00f1e 2016 (28 de septiembre al 1 de octubre. Valencia)"},"content":{"rendered":"<p style=\"text-align: center;\"><img loading=\"lazy\" decoding=\"async\" class=\"aligncenter size-large wp-image-26346\" src=\"http:\/\/www.tomajazz.com\/web\/wp-content\/uploads\/2016\/09\/JazzE\u00f1e-2016-600x486.jpg\" alt=\"jazzene-2016\" width=\"600\" height=\"486\" title=\"\" srcset=\"https:\/\/tomajazz.com\/web\/wp-content\/uploads\/2016\/09\/JazzE\u00f1e-2016-600x486.jpg 600w, https:\/\/tomajazz.com\/web\/wp-content\/uploads\/2016\/09\/JazzE\u00f1e-2016-150x122.jpg 150w, https:\/\/tomajazz.com\/web\/wp-content\/uploads\/2016\/09\/JazzE\u00f1e-2016-200x162.jpg 200w, https:\/\/tomajazz.com\/web\/wp-content\/uploads\/2016\/09\/JazzE\u00f1e-2016-768x623.jpg 768w, https:\/\/tomajazz.com\/web\/wp-content\/uploads\/2016\/09\/JazzE\u00f1e-2016-68x55.jpg 68w, https:\/\/tomajazz.com\/web\/wp-content\/uploads\/2016\/09\/JazzE\u00f1e-2016.jpg 1300w\" sizes=\"auto, (max-width: 600px) 100vw, 600px\" \/><\/p>\n<p style=\"text-align: justify;\">Entre el mi\u00e9rcoles 28 de septiembre y el s\u00e1bado 1 de octubre de 2016, organizado por la <strong>Fundaci\u00f3n SGAE<\/strong>, tendr\u00e1 lugar en <strong>Valencia<\/strong> la <strong>III edici\u00f3n de JazzE\u00f1e<\/strong>. Entre el jueves 29 y el s\u00e1bado 1 tendr\u00e1n lugar doce conciertos en formato <em>showcase<\/em> (actuaciones de 45 minutos), con grupos y m\u00fasicos seleccionados entre las m\u00e1s de 150 propuestas presentadas.<\/p>\n<p style=\"text-align: justify;\"><strong>Programa JazzE\u00f1e 2016<\/strong><\/p>\n<p style=\"text-align: justify;\"><strong>Mi\u00e9rcoles 28. 20:15. Entrada gratuita.\u00a0Colegio Mayor Rector Peset<\/strong><br \/>\nInauguraci\u00f3n de la exposici\u00f3n <em>Quan la nit es trenca en mil sons. Alfaro i el jazz<\/em> con esculturas y dibujos que el artista valenciano <strong>Andreu Alfaro<\/strong> realiz\u00f3 en torno al jazz.<br \/>\nActuaci\u00f3n del grupo local <strong>Folkenjazz<\/strong><\/p>\n<p style=\"text-align: justify;\"><strong>Jueves 29. Teatro Rialto<\/strong><br \/>\n<strong>Sesi\u00f3n 19:00. 7 euros<\/strong><br \/>\nSinouj<br \/>\nMarta S\u00e1nchez Quintet<br \/>\n<strong>Sesi\u00f3n 22:00. 7 euros<\/strong><br \/>\nNoesis Trio con Perico Sambeat<br \/>\nErn\u00e1n L\u00f3pez Nussa \u00abHabana in the Grand Manner\u00bb<\/p>\n<p style=\"text-align: justify;\"><strong>Viernes 30. Teatro Rialto<\/strong><br \/>\n<strong>Sesi\u00f3n 19:00. 7 euros<\/strong><br \/>\nRam\u00f3n D\u00edaz Group<br \/>\nJoaqu\u00edn Chac\u00f3n \u00abSkytrain\u00bb<br \/>\n<strong>Sesi\u00f3n 22:00. 7 euros<\/strong><br \/>\nJoan Monn\u00e9 Trio<br \/>\nVer\u00f3nica Ferreiro Quinteto<\/p>\n<p style=\"text-align: justify;\"><strong>S\u00e1bado 1. Teatro Rialto<\/strong><br \/>\n<strong>Sesi\u00f3n 19:00. 7 euros<\/strong><br \/>\nLuis Verde Quinteto<br \/>\nErnesto Aurignac Quintet \u00abAnunnakis\u00bb<br \/>\n<strong>Sesi\u00f3n 22:00. 7 euros<\/strong><br \/>\nChiqui Cienfuegos<br \/>\nJavier Vercher \u00abAgricultural Wisdom Project\u00bb<\/p>\n<p style=\"text-align: justify;\">Toda la informaci\u00f3n en <a href=\"http:\/\/www.fundacionsgae.org\/noticias\/2371\/La-Fundacion-SGAE-organiza-JazzEne-2016-a-partir-del-28-de-septiembre-\" target=\"_blank\" rel=\"nofollow noopener\">http:\/\/www.fundacionsgae.org\/noticias\/2371\/La-Fundacion-SGAE-organiza-JazzEne-2016-a-partir-del-28-de-septiembre-<\/a><\/p>\n","protected":false},"excerpt":{"rendered":"<p>Entre el mi\u00e9rcoles 28 de septiembre y el s\u00e1bado 1 de octubre de 2016, organizado por la Fundaci\u00f3n SGAE, tendr\u00e1 lugar en Valencia la III edici\u00f3n de JazzE\u00f1e. Entre el jueves 29 y el s\u00e1bado 1 tendr\u00e1n lugar doce conciertos en formato showcase (actuaciones de 45 minutos), con grupos y<span class=\"more-link\"><a href=\"https:\/\/tomajazz.com\/web\/jazzene-2016-28-de-septiembre-al-1-de-octubre-valencia\/\">Contin\u00faa leyendo<\/a><\/span><\/p>\n","protected":false},"author":1,"featured_media":26346,"comment_status":"open","ping_status":"closed","sticky":false,"template":"","format":"standard","meta":{"jetpack_post_was_ever_published":false,"_jetpack_newsletter_access":"","_jetpack_dont_email_post_to_subs":true,"_jetpack_newsletter_tier_id":0,"_jetpack_memberships_contains_paywalled_content":false,"_jetpack_memberships_contains_paid_content":false,"footnotes":""},"categories":[17858,17636,9531,15795,1038],"tags":[17290,17156,12836,15314,16823,17157,10027,15299,17289,15027,378,13,15312,12415,15295,16824,15313,15297,12211,17154,17158,17159,15710,7374,13902,17160,11856,15296,15298,17161,9823,17155,16099,77,16100,17162],"class_list":["entry","author-pachi","post-26360","post","type-post","status-publish","format-standard","has-post-thumbnail","category-redaccion","category-jazzene-2016","category-especial-contenidos","category-noticias-2","category-contenidos","tag-andreu-alfaro","tag-chiqui-cienfuegos-trio","tag-concierto","tag-concierto-de-jazz","tag-conciertos-de-jazz-en-valencia","tag-ernan-lopez-nussa","tag-ernesto-aurignac-quintet","tag-espana-en-jazz","tag-folkenjazz","tag-fundacion-sgae","tag-javier-vercher","tag-jazz","tag-jazz-en-directo","tag-jazz-en-espana","tag-jazz-en-espanol","tag-jazz-en-valencia","tag-jazz-en-vivo","tag-jazz-news","tag-jazzene","tag-jazzene-2016","tag-joan-monne-trio","tag-joaquin-chacon-skytrain","tag-la-actualidad-del-jazz-en-espana","tag-luis-verde","tag-marta-sanchez-quintet","tag-noesis-trio","tag-noticias","tag-noticias-de-jazz","tag-noticias-de-jazz-en-espana","tag-ramon-diaz-group","tag-sinouj","tag-teatro-rialto-valencia","tag-toma-jazz","tag-tomajazz","tag-tomajazz-toma-jazz","tag-veronica-ferreiro"],"jetpack_featured_media_url":"https:\/\/tomajazz.com\/web\/wp-content\/uploads\/2016\/09\/JazzE\u00f1e-2016.jpg","jetpack_likes_enabled":true,"jetpack_sharing_enabled":true,"jetpack-related-posts":[{"id":26100,"url":"https:\/\/tomajazz.com\/web\/jazzene-2016-29-de-septiembre-al-1-de-octubre-de-2016-valencia-noticias\/","url_meta":{"origin":26360,"position":0},"title":"JazzE\u00f1e 2016 (29 de septiembre al 1 de octubre de 2016, Valencia) [Noticias]","author":"Tomajazz","date":"1 septiembre, 2016","format":false,"excerpt":"Chiqui Cienfuegos Tr\u00edo, Ern\u00e1n L\u00f3pez-Nussa, Ernesto Aurignac Quintet, Javier Vercher, Joan Monn\u00e9 Tr\u00edo, Joaqu\u00edn Chac\u00f3n \u201cSkytrain\u201d, Luis Verde, Marta S\u00e1nchez Quintet, Noesis Tr\u00edo, Ram\u00f3n D\u00edaz Group, Sinouj y Ver\u00f3nica Ferreiro son los grupos que participar\u00e1n en JazzE\u00f1e 2016 que organizado por la Fundaci\u00f3n SGAE, tendr\u00e1 lugar entre el 29 de\u2026","rel":"","context":"En \u00ab*_Redacci\u00f3n\u00bb","block_context":{"text":"*_Redacci\u00f3n","link":"https:\/\/tomajazz.com\/web\/category\/redaccion\/"},"img":{"alt_text":"","src":"https:\/\/i0.wp.com\/tomajazz.com\/web\/wp-content\/uploads\/2016\/09\/JazzE%C3%B1e-2016.jpg?resize=350%2C200&ssl=1","width":350,"height":200,"srcset":"https:\/\/i0.wp.com\/tomajazz.com\/web\/wp-content\/uploads\/2016\/09\/JazzE%C3%B1e-2016.jpg?resize=350%2C200&ssl=1 1x, https:\/\/i0.wp.com\/tomajazz.com\/web\/wp-content\/uploads\/2016\/09\/JazzE%C3%B1e-2016.jpg?resize=525%2C300&ssl=1 1.5x, https:\/\/i0.wp.com\/tomajazz.com\/web\/wp-content\/uploads\/2016\/09\/JazzE%C3%B1e-2016.jpg?resize=700%2C400&ssl=1 2x, https:\/\/i0.wp.com\/tomajazz.com\/web\/wp-content\/uploads\/2016\/09\/JazzE%C3%B1e-2016.jpg?resize=1050%2C600&ssl=1 3x"},"classes":[]},{"id":26455,"url":"https:\/\/tomajazz.com\/web\/hdo-167-jazzene-2016-podcast\/","url_meta":{"origin":26360,"position":1},"title":"HDO 167. JazzE\u00f1e 2016 [Podcast]","author":"Tomajazz","date":"23 septiembre, 2016","format":false,"excerpt":"Entre el mi\u00e9rcoles 28 de septiembre y el s\u00e1bado 1 de octubre de 2016, organizado por la Fundaci\u00f3n SGAE, tendr\u00e1 lugar en Valencia la III edici\u00f3n de JazzE\u00f1e. Entre el jueves 29 y el s\u00e1bado 1 tendr\u00e1n lugar doce conciertos en formato showcase (actuaciones de 45 minutos), con grupos y\u2026","rel":"","context":"En \u00ab*_Pachi Tapiz\u00bb","block_context":{"text":"*_Pachi Tapiz","link":"https:\/\/tomajazz.com\/web\/category\/pachi-tapiz\/"},"img":{"alt_text":"","src":"https:\/\/i0.wp.com\/tomajazz.com\/web\/wp-content\/uploads\/2016\/09\/JazzE%C3%B1e-2016.jpg?resize=350%2C200&ssl=1","width":350,"height":200,"srcset":"https:\/\/i0.wp.com\/tomajazz.com\/web\/wp-content\/uploads\/2016\/09\/JazzE%C3%B1e-2016.jpg?resize=350%2C200&ssl=1 1x, https:\/\/i0.wp.com\/tomajazz.com\/web\/wp-content\/uploads\/2016\/09\/JazzE%C3%B1e-2016.jpg?resize=525%2C300&ssl=1 1.5x, https:\/\/i0.wp.com\/tomajazz.com\/web\/wp-content\/uploads\/2016\/09\/JazzE%C3%B1e-2016.jpg?resize=700%2C400&ssl=1 2x, https:\/\/i0.wp.com\/tomajazz.com\/web\/wp-content\/uploads\/2016\/09\/JazzE%C3%B1e-2016.jpg?resize=1050%2C600&ssl=1 3x"},"classes":[]},{"id":27527,"url":"https:\/\/tomajazz.com\/web\/instantzz-joan-monne-trio-teatro-rialto-valencia-2016-09-30-especial-jazzene-2016-viii-galeria-fotografica\/","url_meta":{"origin":26360,"position":2},"title":"INSTANTZZ: Joan Monn\u00e9 Trio  (Teatro Rialto, Valencia. 2016-09-30) [Especial Jazze\u00f1e 2016 VIII] [Galer\u00eda fotogr\u00e1fica]","author":"Tomajazz","date":"18 noviembre, 2016","format":false,"excerpt":"Jos\u00e9 Luis Luna Rocafort retrat\u00f3 al Joan Monn\u00e9 Tr\u00edo en su paso por el JazzE\u00f1e2016 que organiza la Fundaci\u00f3n SGAE.","rel":"","context":"En \u00ab*_Jos\u00e9 Luis Luna Rocafort\u00bb","block_context":{"text":"*_Jos\u00e9 Luis Luna Rocafort","link":"https:\/\/tomajazz.com\/web\/category\/jose-luis-luna-rocafort\/"},"img":{"alt_text":"","src":"https:\/\/i0.wp.com\/tomajazz.com\/web\/wp-content\/uploads\/2016\/11\/001-3.jpg?resize=350%2C200&ssl=1","width":350,"height":200,"srcset":"https:\/\/i0.wp.com\/tomajazz.com\/web\/wp-content\/uploads\/2016\/11\/001-3.jpg?resize=350%2C200&ssl=1 1x, https:\/\/i0.wp.com\/tomajazz.com\/web\/wp-content\/uploads\/2016\/11\/001-3.jpg?resize=525%2C300&ssl=1 1.5x"},"classes":[]},{"id":27706,"url":"https:\/\/tomajazz.com\/web\/instantzz-ernesto-aurignac-quintet-teatro-rialto-valencia-2016-10-01-especial-jazzene-2016-xi-galeria-fotografica\/","url_meta":{"origin":26360,"position":3},"title":"INSTANTZZ: Ernesto Aurignac Quintet (Teatro Rialto, Valencia. 2016-10-01) [Especial Jazze\u00f1e 2016 XI] [Galer\u00eda fotogr\u00e1fica]","author":"Tomajazz","date":"28 noviembre, 2016","format":false,"excerpt":"Jos\u00e9 Luis Luna Rocafort repasa, en im\u00e1genes, la actuaci\u00f3n del Ernesto Aurignac Quintet en la jornada final de JazzE\u00f1e 2016 de la Fundaci\u00f3n SGAE.","rel":"","context":"En \u00ab*_Jos\u00e9 Luis Luna Rocafort\u00bb","block_context":{"text":"*_Jos\u00e9 Luis Luna Rocafort","link":"https:\/\/tomajazz.com\/web\/category\/jose-luis-luna-rocafort\/"},"img":{"alt_text":"","src":"https:\/\/i0.wp.com\/tomajazz.com\/web\/wp-content\/uploads\/2016\/11\/001-6.jpg?resize=350%2C200&ssl=1","width":350,"height":200,"srcset":"https:\/\/i0.wp.com\/tomajazz.com\/web\/wp-content\/uploads\/2016\/11\/001-6.jpg?resize=350%2C200&ssl=1 1x, https:\/\/i0.wp.com\/tomajazz.com\/web\/wp-content\/uploads\/2016\/11\/001-6.jpg?resize=525%2C300&ssl=1 1.5x"},"classes":[]},{"id":27018,"url":"https:\/\/tomajazz.com\/web\/instantzz-folkenjazz-colegio-mayor-rector-peset-valencia-2016-09-28-especial-jazzene-2016-i-galeria-fotografica\/","url_meta":{"origin":26360,"position":4},"title":"INSTANTZZ: Folkenjazz (Colegio Mayor Rector Peset, Valencia. 2016-09-28) [Especial Jazze\u00f1e 2016 I] [Galer\u00eda fotogr\u00e1fica]","author":"Tomajazz","date":"24 octubre, 2016","format":false,"excerpt":"III Jazze\u00f1e. Organizado por Fundaci\u00f3n SGAE.\u00a0Concierto inaugural. Fecha: Mi\u00e9rcoles, 28 de septiembre de 2016. 20:15 Lugar: Colegio Mayor Rector Peset. Valencia. Grupo: Folkenjazz\u00a0 Ximo Caffarena: saxo tenor, flauta y voz Quim San\u00e7: clarinete y voz Christian Molina: piano Juanjo Garcer\u00e0: bater\u00eda Ales Cesarini: contrabajo \u00a9 Jos\u00e9 Luis Luna Rocafort, 2016","rel":"","context":"En \u00ab*_Jos\u00e9 Luis Luna Rocafort\u00bb","block_context":{"text":"*_Jos\u00e9 Luis Luna Rocafort","link":"https:\/\/tomajazz.com\/web\/category\/jose-luis-luna-rocafort\/"},"img":{"alt_text":"","src":"https:\/\/i0.wp.com\/tomajazz.com\/web\/wp-content\/uploads\/2016\/10\/001.jpg?resize=350%2C200&ssl=1","width":350,"height":200,"srcset":"https:\/\/i0.wp.com\/tomajazz.com\/web\/wp-content\/uploads\/2016\/10\/001.jpg?resize=350%2C200&ssl=1 1x, https:\/\/i0.wp.com\/tomajazz.com\/web\/wp-content\/uploads\/2016\/10\/001.jpg?resize=525%2C300&ssl=1 1.5x"},"classes":[]},{"id":27540,"url":"https:\/\/tomajazz.com\/web\/instantzz-veronica-ferreiro-quinteto-teatro-rialto-valencia-2016-09-30-especial-jazzene-2016-ix-galeria-fotografica\/","url_meta":{"origin":26360,"position":5},"title":"INSTANTZZ: Ver\u00f3nica Ferreiro Quinteto (Teatro Rialto, Valencia. 2016-09-30) [Especial Jazze\u00f1e 2016 IX] [Galer\u00eda fotogr\u00e1fica]","author":"Tomajazz","date":"21 noviembre, 2016","format":false,"excerpt":"Jos\u00e9 Luis Luna Rocafort fotografi\u00f3 al Ver\u00f3nica Ferreiro Quinteto en su actuaci\u00f3n (formato showcase) en el Festival JazzE\u00f1e2016 organizado por la Fundaci\u00f3n SGAE.","rel":"","context":"En \u00ab*_Jos\u00e9 Luis Luna Rocafort\u00bb","block_context":{"text":"*_Jos\u00e9 Luis Luna Rocafort","link":"https:\/\/tomajazz.com\/web\/category\/jose-luis-luna-rocafort\/"},"img":{"alt_text":"","src":"https:\/\/i0.wp.com\/tomajazz.com\/web\/wp-content\/uploads\/2016\/11\/010-4.jpg?resize=350%2C200&ssl=1","width":350,"height":200,"srcset":"https:\/\/i0.wp.com\/tomajazz.com\/web\/wp-content\/uploads\/2016\/11\/010-4.jpg?resize=350%2C200&ssl=1 1x, https:\/\/i0.wp.com\/tomajazz.com\/web\/wp-content\/uploads\/2016\/11\/010-4.jpg?resize=525%2C300&ssl=1 1.5x"},"classes":[]}],"_links":{"self":[{"href":"https:\/\/tomajazz.com\/web\/wp-json\/wp\/v2\/posts\/26360","targetHints":{"allow":["GET"]}}],"collection":[{"href":"https:\/\/tomajazz.com\/web\/wp-json\/wp\/v2\/posts"}],"about":[{"href":"https:\/\/tomajazz.com\/web\/wp-json\/wp\/v2\/types\/post"}],"author":[{"embeddable":true,"href":"https:\/\/tomajazz.com\/web\/wp-json\/wp\/v2\/users\/1"}],"replies":[{"embeddable":true,"href":"https:\/\/tomajazz.com\/web\/wp-json\/wp\/v2\/comments?post=26360"}],"version-history":[{"count":5,"href":"https:\/\/tomajazz.com\/web\/wp-json\/wp\/v2\/posts\/26360\/revisions"}],"predecessor-version":[{"id":55750,"href":"https:\/\/tomajazz.com\/web\/wp-json\/wp\/v2\/posts\/26360\/revisions\/55750"}],"wp:featuredmedia":[{"embeddable":true,"href":"https:\/\/tomajazz.com\/web\/wp-json\/wp\/v2\/media\/26346"}],"wp:attachment":[{"href":"https:\/\/tomajazz.com\/web\/wp-json\/wp\/v2\/media?parent=26360"}],"wp:term":[{"taxonomy":"category","embeddable":true,"href":"https:\/\/tomajazz.com\/web\/wp-json\/wp\/v2\/categories?post=26360"},{"taxonomy":"post_tag","embeddable":true,"href":"https:\/\/tomajazz.com\/web\/wp-json\/wp\/v2\/tags?post=26360"}],"curies":[{"name":"wp","href":"https:\/\/api.w.org\/{rel}","templated":true}]}}