{"id":26683,"date":"2016-10-04T11:04:37","date_gmt":"2016-10-04T09:04:37","guid":{"rendered":"http:\/\/www.tomajazz.com\/web\/?p=26683"},"modified":"2016-11-13T21:48:12","modified_gmt":"2016-11-13T20:48:12","slug":"hdo-171-juan-camacho-artesania-popular-sus-palabras-y-su-musica-entrevista-por-pachi-tapiz-podcast","status":"publish","type":"post","link":"https:\/\/tomajazz.com\/web\/hdo-171-juan-camacho-artesania-popular-sus-palabras-y-su-musica-entrevista-por-pachi-tapiz-podcast\/","title":{"rendered":"HDO 171. Juan Camacho \u00abArtesan\u00eda Popular\u00bb: sus palabras y su m\u00fasica. Entrevista por Pachi Tapiz [Podcast]"},"content":{"rendered":"<p style=\"text-align: center;\"><img loading=\"lazy\" decoding=\"async\" class=\"aligncenter size-large wp-image-26684\" src=\"http:\/\/www.tomajazz.com\/web\/wp-content\/uploads\/2016\/09\/Juan-Camacho_foto-por-Teo-Gomez-600x509.jpg\" alt=\"juan-camacho_foto-por-teo-gomez\" width=\"600\" height=\"509\" title=\"\"><\/p>\n<p><img loading=\"lazy\" decoding=\"async\" class=\"alignleft wp-image-26685 size-medium\" src=\"http:\/\/www.tomajazz.com\/web\/wp-content\/uploads\/2016\/09\/Juan-Camacho_Artesania-Popular_Autoeditado_2016-200x200.jpg\" alt=\"juan-camacho_artesania-popular_autoeditado_2016\" width=\"200\" height=\"200\" title=\"\" srcset=\"https:\/\/tomajazz.com\/web\/wp-content\/uploads\/2016\/09\/Juan-Camacho_Artesania-Popular_Autoeditado_2016-200x200.jpg 200w, https:\/\/tomajazz.com\/web\/wp-content\/uploads\/2016\/09\/Juan-Camacho_Artesania-Popular_Autoeditado_2016-150x150.jpg 150w, https:\/\/tomajazz.com\/web\/wp-content\/uploads\/2016\/09\/Juan-Camacho_Artesania-Popular_Autoeditado_2016-768x768.jpg 768w, https:\/\/tomajazz.com\/web\/wp-content\/uploads\/2016\/09\/Juan-Camacho_Artesania-Popular_Autoeditado_2016-600x600.jpg 600w, https:\/\/tomajazz.com\/web\/wp-content\/uploads\/2016\/09\/Juan-Camacho_Artesania-Popular_Autoeditado_2016-55x55.jpg 55w, https:\/\/tomajazz.com\/web\/wp-content\/uploads\/2016\/09\/Juan-Camacho_Artesania-Popular_Autoeditado_2016-50x50.jpg 50w, https:\/\/tomajazz.com\/web\/wp-content\/uploads\/2016\/09\/Juan-Camacho_Artesania-Popular_Autoeditado_2016.jpg 1500w\" sizes=\"auto, (max-width: 200px) 100vw, 200px\" \/>El guitarrista <strong>Juan Camacho<\/strong> <a href=\"http:\/\/www.tomajazz.com\/web\/?p=25186\" target=\"_blank\">ha publicado su nuevo CD titulado <em>Artesan\u00eda Popular<\/em><\/a> (Producciones Artesnales, 2016) al frente del <strong>Juan Camacho Cuarteto<\/strong>, que aumenta en tres temas hasta quinteto con la participaci\u00f3n del saxofonista <strong>\u00c1lex Cid<\/strong>.<\/p>\n<p><strong>Pachi Tapiz<\/strong>, tal y como adelantaba <a href=\"http:\/\/www.tomajazz.com\/web\/?p=25186\" target=\"_blank\">en el repaso a sus tres \u00faltimas grabaciones<\/a>, charl\u00f3 con el guitarrista y compositor acerca de esta nueva odisea\u00a0creativa, ayudado por <strong>Arturo Mora Rioja<\/strong>. Como complemento a\u00a0sus palabras, en <strong>HDO 171<\/strong> suenan los temas \u00abQu\u00e9 viene despu\u00e9s\u00bb (como aperitivo a la entrevista); tras las reflexiones de <strong>Juan Camacho<\/strong> es el turno de \u00abLa defensa del trueno\u00bb, \u00abLa l\u00f3gica de los aguaceros\u00bb, y \u00abLa deconstrucci\u00f3n de las sombras\u00bb.<\/p>\n<p style=\"text-align: right;\">Texto: \u00a9 Pachi Tapiz, 2016<br \/>\nFotograf\u00eda:\u00a0\u00a9 Teo G\u00f3mez<\/p>\n<p><strong>HDO<\/strong> es un <em>podcast<\/em> editado, producido y presentado por <strong>Pachi Tapiz<\/strong>.<iframe loading=\"lazy\" id=\"audio_13091808\" style=\"border: 1px solid #EEE; box-sizing: border-box; width: 100%;\" src=\"https:\/\/www.ivoox.com\/player_ej_13091808_4_1.html?c1=ff6600\" width=\"300\" height=\"200\" frameborder=\"0\" scrolling=\"no\" allowfullscreen=\"allowfullscreen\"><\/iframe><\/p>\n<p>En <strong>HDO 171<\/strong> suena:<\/p>\n<ul>\n<li><strong>Juan Camacho Cuarteto<\/strong>: <em>Artesan\u00eda popular<\/em> (Producciones Artesanales, 2016)<br \/>\nJuan Camacho, Teo G\u00f3mez, Arturo Mora, Eduardo Solas, \u00c1lex Cid<\/li>\n<\/ul>\n","protected":false},"excerpt":{"rendered":"<p>El guitarrista Juan Camacho ha publicado su nuevo CD titulado Artesan\u00eda Popular (Producciones Artesnales, 2016) al frente del Juan Camacho Cuarteto, que aumenta en tres temas hasta quinteto con la participaci\u00f3n del saxofonista \u00c1lex Cid. Pachi Tapiz charl\u00f3 con el guitarrista y compositor, adem\u00e1s de seleccionar cuatro temas de esta nueva grabaci\u00f3n.<span class=\"more-link\"><a href=\"https:\/\/tomajazz.com\/web\/hdo-171-juan-camacho-artesania-popular-sus-palabras-y-su-musica-entrevista-por-pachi-tapiz-podcast\/\">Contin\u00faa leyendo<\/a><\/span><\/p>\n","protected":false},"author":1,"featured_media":26684,"comment_status":"open","ping_status":"closed","sticky":false,"template":"","format":"standard","meta":{"jetpack_post_was_ever_published":false,"_jetpack_newsletter_access":"","_jetpack_dont_email_post_to_subs":true,"_jetpack_newsletter_tier_id":0,"_jetpack_memberships_contains_paywalled_content":false,"_jetpack_memberships_contains_paid_content":false,"footnotes":""},"categories":[17847,78,17048,15537,13298,17151,9,12814,15518,1038],"tags":[85,260,13370,12651,15698,12676,15521,12696,16012,13300,13299,15712,15713,15714,13,15699,12415,15295,15278,960,158,15519,15520,15710,15307,15308,15309,31,12818,15310,15709,15711,16732,15306,86,16099,77,16100],"class_list":["entry","author-pachi","has-excerpt","post-26683","post","type-post","status-publish","format-standard","has-post-thumbnail","category-pachi-tapiz","category-afondo","category-audioentrevistas-en-hdo","category-entrevistas","category-hablando-de-oidas-hdo","category-t03-2016-17","category-perfiles","category-podcast","category-sonidos","category-contenidos","tag-alex-cid","tag-arturo-mora-rioja","tag-audioblog","tag-cd","tag-cd-de-jazz","tag-critica","tag-eduardo-solas","tag-grabaciones","tag-grabaciones-de-jazz","tag-hablando-de-oidas","tag-hdo","tag-hdo-el-podcast-de-jazz-de-pachi-tapiz","tag-hdo-el-podcast-de-pachi-tapiz","tag-hdo-hablando-de-oidas","tag-jazz","tag-jazz-cd","tag-jazz-en-espana","tag-jazz-en-espanol","tag-jazz-podcast","tag-jose-francisco-tapiz","tag-juan-camacho","tag-juan-camacho-cuarteto","tag-juan-camacho-cuarteto-con-alex-cid","tag-la-actualidad-del-jazz-en-espana","tag-novedades-cd","tag-novedades-discograficas","tag-nuevas-ediciones","tag-pachi-tapiz","tag-podcast","tag-podcast-de-jazz","tag-podcast-de-jazz-en-espana","tag-podcast-de-jazz-en-espanol","tag-producciones-artesanales","tag-resenas","tag-teo-gomez","tag-toma-jazz","tag-tomajazz","tag-tomajazz-toma-jazz"],"jetpack_featured_media_url":"https:\/\/tomajazz.com\/web\/wp-content\/uploads\/2016\/09\/Juan-Camacho_foto-por-Teo-Gomez-e1475263904159.jpg","jetpack_likes_enabled":true,"jetpack_sharing_enabled":true,"jetpack-related-posts":[{"id":25186,"url":"https:\/\/tomajazz.com\/web\/hdo-138-juan-camacho-artesania-popular-la-estrategia-del-tiempo-ternario-3x3-03\/","url_meta":{"origin":26683,"position":0},"title":"HDO 138. Juan Camacho: Artesan\u00eda Popular, La estrategia del tiempo, Ternario. 3X3 (03)","author":"Tomajazz","date":"29 junio, 2016","format":false,"excerpt":"El guitarrista Juan Camacho ha publicado a mediados de 2016 su nuevo CD Artesan\u00eda Popular (Producciones Artesnales) al frente del Juan Camacho Cuarteto, que aumenta en tres temas hasta quinteto con la participaci\u00f3n del saxofonista \u00c1lex Cid. Al igual que ocurr\u00eda en sus obras anteriores La estrategia del tiempo (Producciones\u2026","rel":"","context":"En \u00ab*_Pachi Tapiz\u00bb","block_context":{"text":"*_Pachi Tapiz","link":"https:\/\/tomajazz.com\/web\/category\/pachi-tapiz\/"},"img":{"alt_text":"","src":"https:\/\/i0.wp.com\/tomajazz.com\/web\/wp-content\/uploads\/2016\/06\/01-Juan-Camacho-Cuarteto-con-Alex-Cid_Artesani%CC%81a-Popular_autoeditado_2016-e1467177057887.jpg?resize=350%2C200&ssl=1","width":350,"height":200,"srcset":"https:\/\/i0.wp.com\/tomajazz.com\/web\/wp-content\/uploads\/2016\/06\/01-Juan-Camacho-Cuarteto-con-Alex-Cid_Artesani%CC%81a-Popular_autoeditado_2016-e1467177057887.jpg?resize=350%2C200&ssl=1 1x, https:\/\/i0.wp.com\/tomajazz.com\/web\/wp-content\/uploads\/2016\/06\/01-Juan-Camacho-Cuarteto-con-Alex-Cid_Artesani%CC%81a-Popular_autoeditado_2016-e1467177057887.jpg?resize=525%2C300&ssl=1 1.5x"},"classes":[]},{"id":22460,"url":"https:\/\/tomajazz.com\/web\/al-habla-con-chefa-alonso-sus-palabras-y-sus-musicas-hdo-0080-podcast\/","url_meta":{"origin":26683,"position":1},"title":"Al habla con Chefa Alonso: sus palabras y sus m\u00fasicas. HDO 0080 [Podcast]","author":"Tomajazz","date":"1 marzo, 2016","format":false,"excerpt":"Chefa Alonso es una figura esencial en la libre improvisaci\u00f3n en Espa\u00f1a. Por un lado est\u00e1 su labor como m\u00fasico en m\u00faltiples proyectos, y por otra su labor pedag\u00f3gica. Esta faceta tiene un aspecto pr\u00e1ctico mediante la impartici\u00f3n de talleres multidisciplinares, como uno te\u00f3rico que ha dado lugar a los\u2026","rel":"","context":"En \u00ab*_Pachi Tapiz\u00bb","block_context":{"text":"*_Pachi Tapiz","link":"https:\/\/tomajazz.com\/web\/category\/pachi-tapiz\/"},"img":{"alt_text":"","src":"https:\/\/i0.wp.com\/tomajazz.com\/web\/wp-content\/uploads\/2016\/02\/chefa-alonso-por-Dilyan-Ca%CC%81tara.jpg?resize=350%2C200&ssl=1","width":350,"height":200,"srcset":"https:\/\/i0.wp.com\/tomajazz.com\/web\/wp-content\/uploads\/2016\/02\/chefa-alonso-por-Dilyan-Ca%CC%81tara.jpg?resize=350%2C200&ssl=1 1x, https:\/\/i0.wp.com\/tomajazz.com\/web\/wp-content\/uploads\/2016\/02\/chefa-alonso-por-Dilyan-Ca%CC%81tara.jpg?resize=525%2C300&ssl=1 1.5x, https:\/\/i0.wp.com\/tomajazz.com\/web\/wp-content\/uploads\/2016\/02\/chefa-alonso-por-Dilyan-Ca%CC%81tara.jpg?resize=700%2C400&ssl=1 2x, https:\/\/i0.wp.com\/tomajazz.com\/web\/wp-content\/uploads\/2016\/02\/chefa-alonso-por-Dilyan-Ca%CC%81tara.jpg?resize=1050%2C600&ssl=1 3x"},"classes":[]},{"id":26923,"url":"https:\/\/tomajazz.com\/web\/hdo-179-baldo-martinez-vientos-cruzados-sus-palabras-y-su-musica-entrevista-por-pachi-tapiz-podcast\/","url_meta":{"origin":26683,"position":2},"title":"HDO 179. Baldo Mart\u00ednez Vientos Cruzados. Sus palabras y su m\u00fasica. Entrevista por Pachi Tapiz [Podcast]","author":"Tomajazz","date":"18 octubre, 2016","format":false,"excerpt":"El contrabajista y compositor Baldo Mart\u00ednez ha publicado en octubre de 2016 Vientos cruzados (Karonte). Esta grabaci\u00f3n est\u00e1 editada a nombre del Baldo Mart\u00ednez Grupo, que presenta una nueva formaci\u00f3n. A\u00a0 los habituales David Herrington (trompeta y fliscornio) y Pedro L\u00f3pez (bater\u00eda), se une el joven flautista y saxofonista Juan\u2026","rel":"","context":"En \u00ab*_Pachi Tapiz\u00bb","block_context":{"text":"*_Pachi Tapiz","link":"https:\/\/tomajazz.com\/web\/category\/pachi-tapiz\/"},"img":{"alt_text":"","src":"https:\/\/i0.wp.com\/tomajazz.com\/web\/wp-content\/uploads\/2016\/10\/Baldo-Mart%C3%ADnez-Grupo_Vientos-Cruzados_Karonte_2016-e1476711176893.jpg?resize=350%2C200&ssl=1","width":350,"height":200,"srcset":"https:\/\/i0.wp.com\/tomajazz.com\/web\/wp-content\/uploads\/2016\/10\/Baldo-Mart%C3%ADnez-Grupo_Vientos-Cruzados_Karonte_2016-e1476711176893.jpg?resize=350%2C200&ssl=1 1x, https:\/\/i0.wp.com\/tomajazz.com\/web\/wp-content\/uploads\/2016\/10\/Baldo-Mart%C3%ADnez-Grupo_Vientos-Cruzados_Karonte_2016-e1476711176893.jpg?resize=525%2C300&ssl=1 1.5x"},"classes":[]},{"id":28187,"url":"https:\/\/tomajazz.com\/web\/hdo-211-yago-vazquez-sus-palabras-y-sus-musicas-entrevista-por-pachi-tapiz-podcast\/","url_meta":{"origin":26683,"position":3},"title":"HDO 211. Yago V\u00e1zquez: sus palabras y sus m\u00fasicas. Entrevista por Pachi Tapiz [Podcast]","author":"Tomajazz","date":"20 diciembre, 2016","format":false,"excerpt":"Las listas \"Lo mejor de...\" son uno de esos absurdos por los que hay veces que o bien se pasa entrando en el juego, o bien se pasa\u00a0directamente. Viene esto a cuento de la publicaci\u00f3n del CD\u00a0Second Stream a nombre del tr\u00edo formado por\u00a0Yago V\u00e1zquez,\u00a0Jeff Hirshfield y\u00a0Scott Lee, aunque no\u2026","rel":"","context":"En \u00ab*_Pachi Tapiz\u00bb","block_context":{"text":"*_Pachi Tapiz","link":"https:\/\/tomajazz.com\/web\/category\/pachi-tapiz\/"},"img":{"alt_text":"","src":"https:\/\/i0.wp.com\/tomajazz.com\/web\/wp-content\/uploads\/2016\/12\/yago.jpg?resize=350%2C200&ssl=1","width":350,"height":200,"srcset":"https:\/\/i0.wp.com\/tomajazz.com\/web\/wp-content\/uploads\/2016\/12\/yago.jpg?resize=350%2C200&ssl=1 1x, https:\/\/i0.wp.com\/tomajazz.com\/web\/wp-content\/uploads\/2016\/12\/yago.jpg?resize=525%2C300&ssl=1 1.5x, https:\/\/i0.wp.com\/tomajazz.com\/web\/wp-content\/uploads\/2016\/12\/yago.jpg?resize=700%2C400&ssl=1 2x, https:\/\/i0.wp.com\/tomajazz.com\/web\/wp-content\/uploads\/2016\/12\/yago.jpg?resize=1050%2C600&ssl=1 3x, https:\/\/i0.wp.com\/tomajazz.com\/web\/wp-content\/uploads\/2016\/12\/yago.jpg?resize=1400%2C800&ssl=1 4x"},"classes":[]},{"id":24764,"url":"https:\/\/tomajazz.com\/web\/hdo-121-juan-saiz-sus-palabras-y-sus-musicas-podcast\/","url_meta":{"origin":26683,"position":4},"title":"HDO 121. Juan Saiz: sus palabras y sus m\u00fasicas [Podcast]","author":"Tomajazz","date":"31 mayo, 2016","format":false,"excerpt":"Juan Saiz (1986) es un joven flautista c\u00e1ntabro que aunque ya hab\u00eda aparecido en algunas grabaciones como Crisis (Discordian Records, 2014) de Memoria Uno, o Vertebrats (Bebyne Records, 2014) de David Mengual Free Spirits Big Band, es en este inicio de 2016 cuando ha mostrado su magn\u00edfica capacidad como improvisador,\u2026","rel":"","context":"En \u00ab*_Pachi Tapiz\u00bb","block_context":{"text":"*_Pachi Tapiz","link":"https:\/\/tomajazz.com\/web\/category\/pachi-tapiz\/"},"img":{"alt_text":"","src":"https:\/\/i0.wp.com\/tomajazz.com\/web\/wp-content\/uploads\/2016\/05\/Juan-Saiz-01-Salvador-Cabre%CC%81-photography.jpg?resize=350%2C200&ssl=1","width":350,"height":200,"srcset":"https:\/\/i0.wp.com\/tomajazz.com\/web\/wp-content\/uploads\/2016\/05\/Juan-Saiz-01-Salvador-Cabre%CC%81-photography.jpg?resize=350%2C200&ssl=1 1x, https:\/\/i0.wp.com\/tomajazz.com\/web\/wp-content\/uploads\/2016\/05\/Juan-Saiz-01-Salvador-Cabre%CC%81-photography.jpg?resize=525%2C300&ssl=1 1.5x, https:\/\/i0.wp.com\/tomajazz.com\/web\/wp-content\/uploads\/2016\/05\/Juan-Saiz-01-Salvador-Cabre%CC%81-photography.jpg?resize=700%2C400&ssl=1 2x, https:\/\/i0.wp.com\/tomajazz.com\/web\/wp-content\/uploads\/2016\/05\/Juan-Saiz-01-Salvador-Cabre%CC%81-photography.jpg?resize=1050%2C600&ssl=1 3x, https:\/\/i0.wp.com\/tomajazz.com\/web\/wp-content\/uploads\/2016\/05\/Juan-Saiz-01-Salvador-Cabre%CC%81-photography.jpg?resize=1400%2C800&ssl=1 4x"},"classes":[]},{"id":31531,"url":"https:\/\/tomajazz.com\/web\/hdo-288-underpool-5-one-two-free-fall-galiana-besalduch-podcast\/","url_meta":{"origin":26683,"position":5},"title":"HDO 288. Underpool 5 &#8211; One Two Free Fall &#8211; Galiana Besalduch [Podcast]","author":"Tomajazz","date":"21 julio, 2017","format":false,"excerpt":"Underpool 5\u00a0(Underpool, 2017) con el colectivo formado por Ramon Prats, Martin Leiton, Roger Mas y Gorka Ben\u00edtez;\u00a0One Two Free Fall\u00a0(Underpool, 2017) con\u00a0Juli\u00e1n S\u00e1nchez,\u00a0Luz Prado,\u00a0Juan Masana,\u00a0Javier del Barco; y\u00a0Stromb\u00f2tics\u00a0(Liquen Records, 2017) de\u00a0(Josep Lluis) Galiana y (Ferran) Besalduch, suenan en la entrega 288 de HDO. Tomajazz: \u00a9 Pachi Tapiz, 2017 HDO es\u2026","rel":"","context":"En \u00ab*_Pachi Tapiz\u00bb","block_context":{"text":"*_Pachi Tapiz","link":"https:\/\/tomajazz.com\/web\/category\/pachi-tapiz\/"},"img":{"alt_text":"","src":"https:\/\/i0.wp.com\/tomajazz.com\/web\/wp-content\/uploads\/2017\/07\/One-Two-Free-Fall_One-Two-Free-Fall_Underpool_2017.jpg?resize=350%2C200&ssl=1","width":350,"height":200,"srcset":"https:\/\/i0.wp.com\/tomajazz.com\/web\/wp-content\/uploads\/2017\/07\/One-Two-Free-Fall_One-Two-Free-Fall_Underpool_2017.jpg?resize=350%2C200&ssl=1 1x, https:\/\/i0.wp.com\/tomajazz.com\/web\/wp-content\/uploads\/2017\/07\/One-Two-Free-Fall_One-Two-Free-Fall_Underpool_2017.jpg?resize=525%2C300&ssl=1 1.5x, https:\/\/i0.wp.com\/tomajazz.com\/web\/wp-content\/uploads\/2017\/07\/One-Two-Free-Fall_One-Two-Free-Fall_Underpool_2017.jpg?resize=700%2C400&ssl=1 2x"},"classes":[]}],"_links":{"self":[{"href":"https:\/\/tomajazz.com\/web\/wp-json\/wp\/v2\/posts\/26683","targetHints":{"allow":["GET"]}}],"collection":[{"href":"https:\/\/tomajazz.com\/web\/wp-json\/wp\/v2\/posts"}],"about":[{"href":"https:\/\/tomajazz.com\/web\/wp-json\/wp\/v2\/types\/post"}],"author":[{"embeddable":true,"href":"https:\/\/tomajazz.com\/web\/wp-json\/wp\/v2\/users\/1"}],"replies":[{"embeddable":true,"href":"https:\/\/tomajazz.com\/web\/wp-json\/wp\/v2\/comments?post=26683"}],"version-history":[{"count":4,"href":"https:\/\/tomajazz.com\/web\/wp-json\/wp\/v2\/posts\/26683\/revisions"}],"predecessor-version":[{"id":26702,"href":"https:\/\/tomajazz.com\/web\/wp-json\/wp\/v2\/posts\/26683\/revisions\/26702"}],"wp:featuredmedia":[{"embeddable":true,"href":"https:\/\/tomajazz.com\/web\/wp-json\/wp\/v2\/media\/26684"}],"wp:attachment":[{"href":"https:\/\/tomajazz.com\/web\/wp-json\/wp\/v2\/media?parent=26683"}],"wp:term":[{"taxonomy":"category","embeddable":true,"href":"https:\/\/tomajazz.com\/web\/wp-json\/wp\/v2\/categories?post=26683"},{"taxonomy":"post_tag","embeddable":true,"href":"https:\/\/tomajazz.com\/web\/wp-json\/wp\/v2\/tags?post=26683"}],"curies":[{"name":"wp","href":"https:\/\/api.w.org\/{rel}","templated":true}]}}