{"id":26691,"date":"2016-10-03T11:16:32","date_gmt":"2016-10-03T09:16:32","guid":{"rendered":"http:\/\/www.tomajazz.com\/web\/?p=26691"},"modified":"2018-05-05T20:44:56","modified_gmt":"2018-05-05T18:44:56","slug":"duke-ellington-iii-la-odisea-de-la-musica-afroamericana-066-podcast","status":"publish","type":"post","link":"https:\/\/tomajazz.com\/web\/duke-ellington-iii-la-odisea-de-la-musica-afroamericana-066-podcast\/","title":{"rendered":"Duke Ellington (III). La Odisea de la M\u00fasica Afroamericana (066) [Podcast]"},"content":{"rendered":"<p style=\"text-align: left;\"><em>La Odisea de la M\u00fasica Afroamericana<\/em> es un programa de radio dirigido, presentado y producido por <strong>Luis Escalante Ozalla<\/strong>, autor del libro <a href=\"http:\/\/www.amazon.es\/hace-m%C3%BAsica-andar-con-swing-ebook\/dp\/B007O06XFU\/ref=sr_1_1?s=digital-text&amp;ie=UTF8&amp;qid=1428418630&amp;sr=1-1&amp;keywords=y+se+hace+musica+al+andar+con+swing\" target=\"_blank\" rel=\"noopener\"><em>Y se hace m\u00fasica al andar con swing<\/em><\/a>.<\/p>\n<p style=\"text-align: left;\">La entrega\u00a0n\u00famero\u00a066 de <em>La Odisea de la M\u00fasica Afroamericana<\/em>, es la tercera dedicada a <strong>Duke Ellington<\/strong>. <strong>Luis Escalante<\/strong>\u00a0contin\u00faa repasando su carrera. <a href=\"http:\/\/www.tomajazz.com\/web\/?p=26457\" target=\"_blank\">Tal y como ocurr\u00eda en el episodio anterior<\/a>, la primera parte est\u00e1 dedicada a las versiones que otros grandes del jazz como <strong>Anita O&#8217;Day<\/strong> y\u00a0<strong>Dee Dee Bridgewater\u00a0<\/strong>realizaron de cl\u00e1sicos como \u00abCotton Tail\u00bb o \u00abTake the A Train\u00bb. La segunda parte del programa est\u00e1 dedicada a algunos de los grandes m\u00fasicos que integraron las distintas formaciones de sus orquestas como <strong>Cat<\/strong> <strong>Anderson<\/strong>, <strong>Barney<\/strong> <strong>Bigard<\/strong> o <strong>Cootie<\/strong> <strong>Williams<\/strong>. <strong>Michael Franks<\/strong> y\u00a0<strong>Kelly Smith <\/strong>son quienes abren y cierran el programa.<\/p>\n<p><iframe loading=\"lazy\" id=\"audio_13150812\" style=\"border: 1px solid #EEE; box-sizing: border-box; width: 100%;\" src=\"https:\/\/www.ivoox.com\/player_ej_13150812_4_1.html?c1=ff6600\" width=\"300\" height=\"200\" frameborder=\"0\" scrolling=\"no\" allowfullscreen=\"allowfullscreen\"><\/iframe><\/p>\n<p><center><\/center><center><img loading=\"lazy\" decoding=\"async\" class=\"aligncenter size-full wp-image-26692\" src=\"http:\/\/www.tomajazz.com\/web\/wp-content\/uploads\/2016\/10\/Duke_Ellington_-_Hurricane_Ballroom_-_Duke_directing_2_Gordon-Parks.jpg\" alt=\"duke_ellington_-_hurricane_ballroom_-_duke_directing_2_gordon-parks\" width=\"536\" height=\"412\" title=\"\" srcset=\"https:\/\/tomajazz.com\/web\/wp-content\/uploads\/2016\/10\/Duke_Ellington_-_Hurricane_Ballroom_-_Duke_directing_2_Gordon-Parks.jpg 536w, https:\/\/tomajazz.com\/web\/wp-content\/uploads\/2016\/10\/Duke_Ellington_-_Hurricane_Ballroom_-_Duke_directing_2_Gordon-Parks-150x115.jpg 150w, https:\/\/tomajazz.com\/web\/wp-content\/uploads\/2016\/10\/Duke_Ellington_-_Hurricane_Ballroom_-_Duke_directing_2_Gordon-Parks-200x154.jpg 200w, https:\/\/tomajazz.com\/web\/wp-content\/uploads\/2016\/10\/Duke_Ellington_-_Hurricane_Ballroom_-_Duke_directing_2_Gordon-Parks-72x55.jpg 72w\" sizes=\"auto, (max-width: 536px) 100vw, 536px\" \/><\/center><center>Duke Ellington en Hurricane Club, 1943. Fotograf\u00eda por Gordon Parks<\/center><\/p>\n<p style=\"text-align: justify;\">En el cap\u00edtulo 66 suenan:<\/p>\n<ul style=\"text-align: center;\">\n<li style=\"text-align: justify;\">\u201cBarefoot on the beach\u201d Michael Franks<\/li>\n<li style=\"text-align: justify;\">\u201cTake the A train\u201d Anita O\u00b4Day<\/li>\n<li style=\"text-align: justify;\">\u201cCotton tail\u201d Duke Ellington<\/li>\n<li style=\"text-align: justify;\">\u201cCotton tail\u201d Dee Dee Bridgewater<\/li>\n<li style=\"text-align: justify;\">\u201cConcerto for Cootie\u201d Duke Ellington<\/li>\n<li style=\"text-align: justify;\">\u201cDo nothing till you hear from me\u201d Quincy Jones &amp; Phil Collins<\/li>\n<li style=\"text-align: justify;\">\u201cMidriff\u201d Duke Ellington<\/li>\n<li style=\"text-align: justify;\">\u201cHappy go lucky local\u201d Duke Ellington<\/li>\n<li style=\"text-align: justify;\">\u201cBattle royal\u201d Duke Ellington &amp; Cat Anderson<\/li>\n<li style=\"text-align: justify;\">\u201cJust sitting and rocking\u201d Duke Ellington &amp; Barney Bigard<\/li>\n<li style=\"text-align: justify;\">\u201cBlack beauty\u201d Duke Ellington &amp; Barney Bigard<\/li>\n<li style=\"text-align: justify;\">\u201cDuke\u00b4s place\u201d Duke Ellington, Louis Armstrong, Barney Bigard<\/li>\n<li style=\"text-align: justify;\">\u201cLet the good times roll\u201d Kelly Smith<\/li>\n<\/ul>\n<p><center><a href=\"http:\/\/www.amazon.es\/hace-m%C3%BAsica-andar-con-swing-ebook\/dp\/B007O06XFU\/\" target=\"_blank\" rel=\"noopener\"><img loading=\"lazy\" decoding=\"async\" class=\"aligncenter wp-image-18254\" src=\"http:\/\/www.tomajazz.com\/web\/wp-content\/uploads\/2015\/05\/Luis-Escalante_Y-se-hace-musica-al-andar...-con-swing-397x600.jpg\" alt=\"Luis Escalante_Y se hace musica al andar... con swing\" width=\"300\" height=\"453\" title=\"\"><\/a><\/center><\/p>\n<p style=\"text-align: center;\"><a href=\"http:\/\/www.amazon.es\/hace-m%C3%BAsica-andar-con-swing-ebook\/dp\/B007O06XFU\/\" target=\"_blank\" rel=\"noopener\"><img loading=\"lazy\" decoding=\"async\" class=\" size-full wp-image-18255 alignnone\" src=\"http:\/\/www.tomajazz.com\/web\/wp-content\/uploads\/2015\/05\/comprar-en-amazon.gif\" alt=\"comprar en amazon\" width=\"90\" height=\"28\" title=\"\"><\/a><\/p>\n","protected":false},"excerpt":{"rendered":"<p>La Odisea de la M\u00fasica Afroamericana es un programa de radio dirigido, presentado y producido por Luis Escalante Ozalla, autor del libro Y se hace m\u00fasica al andar con swing. La entrega\u00a0n\u00famero\u00a066 de La Odisea de la M\u00fasica Afroamericana, es la tercera dedicada a Duke Ellington. Luis Escalante\u00a0contin\u00faa repasando su<span class=\"more-link\"><a href=\"https:\/\/tomajazz.com\/web\/duke-ellington-iii-la-odisea-de-la-musica-afroamericana-066-podcast\/\">Contin\u00faa leyendo<\/a><\/span><\/p>\n","protected":false},"author":1,"featured_media":26692,"comment_status":"open","ping_status":"closed","sticky":false,"template":"","format":"standard","meta":{"jetpack_post_was_ever_published":false,"_jetpack_newsletter_access":"","_jetpack_dont_email_post_to_subs":true,"_jetpack_newsletter_tier_id":0,"_jetpack_memberships_contains_paywalled_content":false,"_jetpack_memberships_contains_paid_content":false,"footnotes":""},"categories":[17834,13297,12814,15518,1038],"tags":[9541,13370,10400,9578,5003,6637,17473,17472,17474,17519,17298,5360,13,15375,12415,15295,15278,12900,15710,12817,13072,8161,15469,12905,12816,7159,12818,15310,15470,15709,15711,17471,16099,77,16100],"class_list":["entry","author-pachi","post-26691","post","type-post","status-publish","format-standard","has-post-thumbnail","category-luis-escalante-ozalla","category-la-odisea-de-la-musica-afroamericana","category-podcast","category-sonidos","category-contenidos","tag-anita-oday","tag-audioblog","tag-barney-bigard","tag-cat-anderson","tag-dee-dee-bridgewater","tag-duke-ellington","tag-duke-ellington-barney-bigard","tag-duke-ellington-cat-anderson","tag-duke-ellington-louis-armstrong-barney-bigard","tag-duke-ellington-en-la-odisea-de-la-musica-afroamericana","tag-gordon-parks","tag-historia-del-jazz","tag-jazz","tag-jazz-clasico","tag-jazz-en-espana","tag-jazz-en-espanol","tag-jazz-podcast","tag-kelly-smith","tag-la-actualidad-del-jazz-en-espana","tag-la-odisea-de-la-musica-afroamericana","tag-lodlma","tag-louis-armstrong","tag-luis-escalanta-ozalla","tag-luis-escalante","tag-luis-escalante-ozalla","tag-michael-franks","tag-podcast","tag-podcast-de-jazz","tag-podcast-de-jazz-clasico","tag-podcast-de-jazz-en-espana","tag-podcast-de-jazz-en-espanol","tag-quincy-jones-phil-collins","tag-toma-jazz","tag-tomajazz","tag-tomajazz-toma-jazz"],"jetpack_featured_media_url":"https:\/\/tomajazz.com\/web\/wp-content\/uploads\/2016\/10\/Duke_Ellington_-_Hurricane_Ballroom_-_Duke_directing_2_Gordon-Parks.jpg","jetpack_likes_enabled":true,"jetpack_sharing_enabled":true,"jetpack-related-posts":[{"id":26386,"url":"https:\/\/tomajazz.com\/web\/duke-ellington-i-la-odisea-de-la-musica-afroamericana-064-podcast\/","url_meta":{"origin":26691,"position":0},"title":"Duke Ellington (I). La Odisea de la M\u00fasica Afroamericana (064) [Podcast]","author":"Tomajazz","date":"19 septiembre, 2016","format":false,"excerpt":"El programa n\u00famero 64 de La Odisea de La M\u00fasica Afroamericana es el primero dedicado a Duke Ellington, un m\u00fasico que ya hab\u00eda sido mencionado numerosas veces con anterioridad en el programa de Luis Escalante. Los inicios de la carrera de Ellington, el sonido jungle y una revisi\u00f3n de distintas\u2026","rel":"","context":"En \u00ab*_Luis Escalante Ozalla\u00bb","block_context":{"text":"*_Luis Escalante Ozalla","link":"https:\/\/tomajazz.com\/web\/category\/luis-escalante-ozalla\/"},"img":{"alt_text":"","src":"https:\/\/i0.wp.com\/tomajazz.com\/web\/wp-content\/uploads\/2016\/09\/Duke_Ellington_at_the_Hurricane_Club_1943_Gordon-Parks.jpg?resize=350%2C200&ssl=1","width":350,"height":200,"srcset":"https:\/\/i0.wp.com\/tomajazz.com\/web\/wp-content\/uploads\/2016\/09\/Duke_Ellington_at_the_Hurricane_Club_1943_Gordon-Parks.jpg?resize=350%2C200&ssl=1 1x, https:\/\/i0.wp.com\/tomajazz.com\/web\/wp-content\/uploads\/2016\/09\/Duke_Ellington_at_the_Hurricane_Club_1943_Gordon-Parks.jpg?resize=525%2C300&ssl=1 1.5x"},"classes":[]},{"id":30710,"url":"https:\/\/tomajazz.com\/web\/especial-la-odisea-de-la-musica-afroamericana-numero-100-podcast\/","url_meta":{"origin":26691,"position":1},"title":"Especial La Odisea de la M\u00fasica Afroamericana n\u00famero 100 [Podcast]","author":"Tomajazz","date":"29 mayo, 2017","format":false,"excerpt":"La Odisea de la M\u00fasica Afroamericana es un programa de radio dirigido, presentado y producido por Luis Escalante Ozalla, autor de los libros Nueva Orleans (1717-1917): Sexo, Raza y Jass y Y se hace m\u00fasica al andar con swing. La Odisea de la M\u00fasica Afroamericana\u00a0de\u00a0Luis Escalante Ozalla realiza un par\u00f3n\u2026","rel":"","context":"En \u00ab*_Don Kuto\u00bb","block_context":{"text":"*_Don Kuto","link":"https:\/\/tomajazz.com\/web\/category\/don-kuto\/"},"img":{"alt_text":"","src":"https:\/\/i0.wp.com\/tomajazz.com\/web\/wp-content\/uploads\/2017\/05\/A-great-Day-In-Harlem-by-Art-Kane.jpg?resize=350%2C200&ssl=1","width":350,"height":200,"srcset":"https:\/\/i0.wp.com\/tomajazz.com\/web\/wp-content\/uploads\/2017\/05\/A-great-Day-In-Harlem-by-Art-Kane.jpg?resize=350%2C200&ssl=1 1x, https:\/\/i0.wp.com\/tomajazz.com\/web\/wp-content\/uploads\/2017\/05\/A-great-Day-In-Harlem-by-Art-Kane.jpg?resize=525%2C300&ssl=1 1.5x, https:\/\/i0.wp.com\/tomajazz.com\/web\/wp-content\/uploads\/2017\/05\/A-great-Day-In-Harlem-by-Art-Kane.jpg?resize=700%2C400&ssl=1 2x, https:\/\/i0.wp.com\/tomajazz.com\/web\/wp-content\/uploads\/2017\/05\/A-great-Day-In-Harlem-by-Art-Kane.jpg?resize=1050%2C600&ssl=1 3x, https:\/\/i0.wp.com\/tomajazz.com\/web\/wp-content\/uploads\/2017\/05\/A-great-Day-In-Harlem-by-Art-Kane.jpg?resize=1400%2C800&ssl=1 4x"},"classes":[]},{"id":37091,"url":"https:\/\/tomajazz.com\/web\/el-jazz-en-los-anos-40-i-prologo-o-de-las-decadas-anteriores-la-odisea-de-la-musica-afroamericana-149-podcast\/","url_meta":{"origin":26691,"position":2},"title":"El jazz en los a\u00f1os 40 (I): pr\u00f3logo (o de las d\u00e9cadas anteriores). La Odisea de la M\u00fasica Afroamericana (149) [Podcast]","author":"Tomajazz","date":"4 junio, 2018","format":false,"excerpt":"La Odisea de la M\u00fasica Afroamericana es un programa de radio dirigido, presentado y producido por Luis Escalante Ozalla, autor de los libros Nueva Orleans (1717-1917): Sexo, Raza y Jass y Y se hace m\u00fasica al andar con swing. Ir a descargar Tras el repaso al blues en los a\u00f1os\u2026","rel":"","context":"En \u00ab*_Luis Escalante Ozalla\u00bb","block_context":{"text":"*_Luis Escalante Ozalla","link":"https:\/\/tomajazz.com\/web\/category\/luis-escalante-ozalla\/"},"img":{"alt_text":"","src":"https:\/\/i0.wp.com\/tomajazz.com\/web\/wp-content\/uploads\/2016\/02\/Count_Basie_Gottlieb_00471.jpg?resize=350%2C200&ssl=1","width":350,"height":200,"srcset":"https:\/\/i0.wp.com\/tomajazz.com\/web\/wp-content\/uploads\/2016\/02\/Count_Basie_Gottlieb_00471.jpg?resize=350%2C200&ssl=1 1x, https:\/\/i0.wp.com\/tomajazz.com\/web\/wp-content\/uploads\/2016\/02\/Count_Basie_Gottlieb_00471.jpg?resize=525%2C300&ssl=1 1.5x, https:\/\/i0.wp.com\/tomajazz.com\/web\/wp-content\/uploads\/2016\/02\/Count_Basie_Gottlieb_00471.jpg?resize=700%2C400&ssl=1 2x"},"classes":[]},{"id":29512,"url":"https:\/\/tomajazz.com\/web\/don-redman-y-los-hermanos-dorsey-la-odisea-de-la-musica-afroamericana-087-podcast\/","url_meta":{"origin":26691,"position":3},"title":"Don Redman y los hermanos Dorsey. La Odisea de la M\u00fasica Afroamericana (087) [Podcast]","author":"Tomajazz","date":"27 febrero, 2017","format":false,"excerpt":"La Odisea de la M\u00fasica Afroamericana es un programa de radio dirigido, presentado y producido por Luis Escalante Ozalla, autor de los libros Nueva Orleans (1717-1917): Sexo, Raza y Jass y Y se hace m\u00fasica al andar con swing. La entrega n\u00famero 87 de La Odisea de la M\u00fasica Afroamericana\u00a0contin\u00faa\u2026","rel":"","context":"En \u00ab*_Luis Escalante Ozalla\u00bb","block_context":{"text":"*_Luis Escalante Ozalla","link":"https:\/\/tomajazz.com\/web\/category\/luis-escalante-ozalla\/"},"img":{"alt_text":"","src":"https:\/\/i0.wp.com\/tomajazz.com\/web\/wp-content\/uploads\/2017\/02\/Dorsey_Brothers_Orchestra_1934.jpg?resize=350%2C200&ssl=1","width":350,"height":200},"classes":[]},{"id":26457,"url":"https:\/\/tomajazz.com\/web\/duke-ellington-ii-la-odisea-de-la-musica-afroamericana-065-podcast\/","url_meta":{"origin":26691,"position":4},"title":"Duke Ellington (II). La Odisea de la M\u00fasica Afroamericana (065) [Podcast]","author":"Tomajazz","date":"26 septiembre, 2016","format":false,"excerpt":"Segunda entrega, la n\u00famero 65 de La Odisea de la M\u00fasica Afroamericana, dedicada a Duke Ellington. Luis Escalante contin\u00faa repasando su carrera, que est\u00e1 dedicada a sus etapas jungle y Strayhorn.","rel":"","context":"En \u00ab*_Luis Escalante Ozalla\u00bb","block_context":{"text":"*_Luis Escalante Ozalla","link":"https:\/\/tomajazz.com\/web\/category\/luis-escalante-ozalla\/"},"img":{"alt_text":"","src":"https:\/\/i0.wp.com\/tomajazz.com\/web\/wp-content\/uploads\/2016\/09\/Duke_Ellington_-_Hurricane_Ballroom_-_Duke_directing_1_Gordon-Parks.jpg?resize=350%2C200&ssl=1","width":350,"height":200},"classes":[]},{"id":26903,"url":"https:\/\/tomajazz.com\/web\/duke-ellington-v-la-odisea-de-la-musica-afroamericana-068-podcast\/","url_meta":{"origin":26691,"position":5},"title":"Duke Ellington (V). La Odisea de la M\u00fasica Afroamericana (068) [Podcast]","author":"Tomajazz","date":"17 octubre, 2016","format":false,"excerpt":"La quinta entrega de La Odisea de la M\u00fasica Afroamericana dedicada a la figura de Duke Ellington contin\u00faa realizando un repaso por los grandes solistas de las orquestas del Duque. La Odisea de la M\u00fasica Afroamericana es un programa de radio dirigido, presentado y producido por Luis Escalante Ozalla, autor\u2026","rel":"","context":"En \u00ab*_Luis Escalante Ozalla\u00bb","block_context":{"text":"*_Luis Escalante Ozalla","link":"https:\/\/tomajazz.com\/web\/category\/luis-escalante-ozalla\/"},"img":{"alt_text":"","src":"https:\/\/i0.wp.com\/tomajazz.com\/web\/wp-content\/uploads\/2016\/10\/Duke_Ellington_Aventure_du_Jazz-e1476618183564.jpg?resize=350%2C200&ssl=1","width":350,"height":200,"srcset":"https:\/\/i0.wp.com\/tomajazz.com\/web\/wp-content\/uploads\/2016\/10\/Duke_Ellington_Aventure_du_Jazz-e1476618183564.jpg?resize=350%2C200&ssl=1 1x, https:\/\/i0.wp.com\/tomajazz.com\/web\/wp-content\/uploads\/2016\/10\/Duke_Ellington_Aventure_du_Jazz-e1476618183564.jpg?resize=525%2C300&ssl=1 1.5x, https:\/\/i0.wp.com\/tomajazz.com\/web\/wp-content\/uploads\/2016\/10\/Duke_Ellington_Aventure_du_Jazz-e1476618183564.jpg?resize=700%2C400&ssl=1 2x"},"classes":[]}],"_links":{"self":[{"href":"https:\/\/tomajazz.com\/web\/wp-json\/wp\/v2\/posts\/26691","targetHints":{"allow":["GET"]}}],"collection":[{"href":"https:\/\/tomajazz.com\/web\/wp-json\/wp\/v2\/posts"}],"about":[{"href":"https:\/\/tomajazz.com\/web\/wp-json\/wp\/v2\/types\/post"}],"author":[{"embeddable":true,"href":"https:\/\/tomajazz.com\/web\/wp-json\/wp\/v2\/users\/1"}],"replies":[{"embeddable":true,"href":"https:\/\/tomajazz.com\/web\/wp-json\/wp\/v2\/comments?post=26691"}],"version-history":[{"count":3,"href":"https:\/\/tomajazz.com\/web\/wp-json\/wp\/v2\/posts\/26691\/revisions"}],"predecessor-version":[{"id":26701,"href":"https:\/\/tomajazz.com\/web\/wp-json\/wp\/v2\/posts\/26691\/revisions\/26701"}],"wp:featuredmedia":[{"embeddable":true,"href":"https:\/\/tomajazz.com\/web\/wp-json\/wp\/v2\/media\/26692"}],"wp:attachment":[{"href":"https:\/\/tomajazz.com\/web\/wp-json\/wp\/v2\/media?parent=26691"}],"wp:term":[{"taxonomy":"category","embeddable":true,"href":"https:\/\/tomajazz.com\/web\/wp-json\/wp\/v2\/categories?post=26691"},{"taxonomy":"post_tag","embeddable":true,"href":"https:\/\/tomajazz.com\/web\/wp-json\/wp\/v2\/tags?post=26691"}],"curies":[{"name":"wp","href":"https:\/\/api.w.org\/{rel}","templated":true}]}}