{"id":26703,"date":"2016-10-04T11:43:52","date_gmt":"2016-10-04T09:43:52","guid":{"rendered":"http:\/\/www.tomajazz.com\/web\/?p=26703"},"modified":"2016-11-13T16:29:13","modified_gmt":"2016-11-13T15:29:13","slug":"instantzz-guillem-arnedo-band-celeste-alias-casino-club-de-ritme-44e-cicle-de-jazzgranollers-granollers-2016-09-23-galeria-fotografica","status":"publish","type":"post","link":"https:\/\/tomajazz.com\/web\/instantzz-guillem-arnedo-band-celeste-alias-casino-club-de-ritme-44e-cicle-de-jazzgranollers-granollers-2016-09-23-galeria-fotografica\/","title":{"rendered":"INSTANTZZ: Guillem Arnedo Band &#038; Celeste Al\u00edas (Casino Club de Ritme, 44\u00e8 Cicle de JazzGranollers, Granollers. 2016-09-23) [Galer\u00eda fotogr\u00e1fica]"},"content":{"rendered":"<ul>\n<li>Fecha: Viernes, 23 de setiembre de 2016<\/li>\n<li>Lugar: Casino Club de Ritme, Granollers (Barcelona)<\/li>\n<li>Componentes:<br \/>\nCeleste Al\u00edas, voz<br \/>\nGuillem Arnedo, bater\u00eda<br \/>\nRoger Mas, piano<br \/>\nJaume Llombart, guitarra<br \/>\nDee Jay Foster, contrabajo<\/li>\n<\/ul>\n<p style=\"text-align: center;\"><img loading=\"lazy\" decoding=\"async\" class=\"aligncenter size-large wp-image-26704\" src=\"http:\/\/www.tomajazz.com\/web\/wp-content\/uploads\/2016\/10\/01_Gllm-rnd-Bnd-\u00a9Joan-Cort\u00e8s_23set16_CCR_44CJG_Grnllrs-600x399.jpg\" alt=\"01_gllm-rnd-bnd-joan-cortes_23set16_ccr_44cjg_grnllrs\" width=\"600\" height=\"399\" title=\"\" srcset=\"https:\/\/tomajazz.com\/web\/wp-content\/uploads\/2016\/10\/01_Gllm-rnd-Bnd-\u00a9Joan-Cort\u00e8s_23set16_CCR_44CJG_Grnllrs.jpg 600w, https:\/\/tomajazz.com\/web\/wp-content\/uploads\/2016\/10\/01_Gllm-rnd-Bnd-\u00a9Joan-Cort\u00e8s_23set16_CCR_44CJG_Grnllrs-150x100.jpg 150w, https:\/\/tomajazz.com\/web\/wp-content\/uploads\/2016\/10\/01_Gllm-rnd-Bnd-\u00a9Joan-Cort\u00e8s_23set16_CCR_44CJG_Grnllrs-200x133.jpg 200w, https:\/\/tomajazz.com\/web\/wp-content\/uploads\/2016\/10\/01_Gllm-rnd-Bnd-\u00a9Joan-Cort\u00e8s_23set16_CCR_44CJG_Grnllrs-83x55.jpg 83w, https:\/\/tomajazz.com\/web\/wp-content\/uploads\/2016\/10\/01_Gllm-rnd-Bnd-\u00a9Joan-Cort\u00e8s_23set16_CCR_44CJG_Grnllrs-60x40.jpg 60w, https:\/\/tomajazz.com\/web\/wp-content\/uploads\/2016\/10\/01_Gllm-rnd-Bnd-\u00a9Joan-Cort\u00e8s_23set16_CCR_44CJG_Grnllrs-120x80.jpg 120w\" sizes=\"auto, (max-width: 600px) 100vw, 600px\" \/><\/p>\n<p style=\"text-align: center;\"><img loading=\"lazy\" decoding=\"async\" class=\"aligncenter size-large wp-image-26705\" src=\"http:\/\/www.tomajazz.com\/web\/wp-content\/uploads\/2016\/10\/02_Gllm-rnd-Bnd-\u00a9Joan-Cort\u00e8s_23set16_CCR_44CJG_Grnllrs-600x399.jpg\" alt=\"02_gllm-rnd-bnd-joan-cortes_23set16_ccr_44cjg_grnllrs\" width=\"600\" height=\"399\" title=\"\" srcset=\"https:\/\/tomajazz.com\/web\/wp-content\/uploads\/2016\/10\/02_Gllm-rnd-Bnd-\u00a9Joan-Cort\u00e8s_23set16_CCR_44CJG_Grnllrs.jpg 600w, https:\/\/tomajazz.com\/web\/wp-content\/uploads\/2016\/10\/02_Gllm-rnd-Bnd-\u00a9Joan-Cort\u00e8s_23set16_CCR_44CJG_Grnllrs-150x100.jpg 150w, https:\/\/tomajazz.com\/web\/wp-content\/uploads\/2016\/10\/02_Gllm-rnd-Bnd-\u00a9Joan-Cort\u00e8s_23set16_CCR_44CJG_Grnllrs-200x133.jpg 200w, https:\/\/tomajazz.com\/web\/wp-content\/uploads\/2016\/10\/02_Gllm-rnd-Bnd-\u00a9Joan-Cort\u00e8s_23set16_CCR_44CJG_Grnllrs-83x55.jpg 83w, https:\/\/tomajazz.com\/web\/wp-content\/uploads\/2016\/10\/02_Gllm-rnd-Bnd-\u00a9Joan-Cort\u00e8s_23set16_CCR_44CJG_Grnllrs-60x40.jpg 60w, https:\/\/tomajazz.com\/web\/wp-content\/uploads\/2016\/10\/02_Gllm-rnd-Bnd-\u00a9Joan-Cort\u00e8s_23set16_CCR_44CJG_Grnllrs-120x80.jpg 120w\" sizes=\"auto, (max-width: 600px) 100vw, 600px\" \/><\/p>\n<p style=\"text-align: center;\"><img loading=\"lazy\" decoding=\"async\" class=\"aligncenter size-large wp-image-26706\" src=\"http:\/\/www.tomajazz.com\/web\/wp-content\/uploads\/2016\/10\/03_Gllm-rnd-Bnd-\u00a9Joan-Cort\u00e8s_23set16_CCR_44CJG_Grnllrs-600x399.jpg\" alt=\"03_gllm-rnd-bnd-joan-cortes_23set16_ccr_44cjg_grnllrs\" width=\"600\" height=\"399\" title=\"\" srcset=\"https:\/\/tomajazz.com\/web\/wp-content\/uploads\/2016\/10\/03_Gllm-rnd-Bnd-\u00a9Joan-Cort\u00e8s_23set16_CCR_44CJG_Grnllrs.jpg 600w, https:\/\/tomajazz.com\/web\/wp-content\/uploads\/2016\/10\/03_Gllm-rnd-Bnd-\u00a9Joan-Cort\u00e8s_23set16_CCR_44CJG_Grnllrs-150x100.jpg 150w, https:\/\/tomajazz.com\/web\/wp-content\/uploads\/2016\/10\/03_Gllm-rnd-Bnd-\u00a9Joan-Cort\u00e8s_23set16_CCR_44CJG_Grnllrs-200x133.jpg 200w, https:\/\/tomajazz.com\/web\/wp-content\/uploads\/2016\/10\/03_Gllm-rnd-Bnd-\u00a9Joan-Cort\u00e8s_23set16_CCR_44CJG_Grnllrs-83x55.jpg 83w, https:\/\/tomajazz.com\/web\/wp-content\/uploads\/2016\/10\/03_Gllm-rnd-Bnd-\u00a9Joan-Cort\u00e8s_23set16_CCR_44CJG_Grnllrs-60x40.jpg 60w, https:\/\/tomajazz.com\/web\/wp-content\/uploads\/2016\/10\/03_Gllm-rnd-Bnd-\u00a9Joan-Cort\u00e8s_23set16_CCR_44CJG_Grnllrs-120x80.jpg 120w\" sizes=\"auto, (max-width: 600px) 100vw, 600px\" \/><\/p>\n<p style=\"text-align: center;\"><img loading=\"lazy\" decoding=\"async\" class=\"aligncenter size-large wp-image-26707\" src=\"http:\/\/www.tomajazz.com\/web\/wp-content\/uploads\/2016\/10\/04_Gllm-rnd-Bnd-\u00a9Joan-Cort\u00e8s_23set16_CCR_44CJG_Grnllrs-600x399.jpg\" alt=\"04_gllm-rnd-bnd-joan-cortes_23set16_ccr_44cjg_grnllrs\" width=\"600\" height=\"399\" title=\"\" srcset=\"https:\/\/tomajazz.com\/web\/wp-content\/uploads\/2016\/10\/04_Gllm-rnd-Bnd-\u00a9Joan-Cort\u00e8s_23set16_CCR_44CJG_Grnllrs.jpg 600w, https:\/\/tomajazz.com\/web\/wp-content\/uploads\/2016\/10\/04_Gllm-rnd-Bnd-\u00a9Joan-Cort\u00e8s_23set16_CCR_44CJG_Grnllrs-150x100.jpg 150w, https:\/\/tomajazz.com\/web\/wp-content\/uploads\/2016\/10\/04_Gllm-rnd-Bnd-\u00a9Joan-Cort\u00e8s_23set16_CCR_44CJG_Grnllrs-200x133.jpg 200w, https:\/\/tomajazz.com\/web\/wp-content\/uploads\/2016\/10\/04_Gllm-rnd-Bnd-\u00a9Joan-Cort\u00e8s_23set16_CCR_44CJG_Grnllrs-83x55.jpg 83w, https:\/\/tomajazz.com\/web\/wp-content\/uploads\/2016\/10\/04_Gllm-rnd-Bnd-\u00a9Joan-Cort\u00e8s_23set16_CCR_44CJG_Grnllrs-60x40.jpg 60w, https:\/\/tomajazz.com\/web\/wp-content\/uploads\/2016\/10\/04_Gllm-rnd-Bnd-\u00a9Joan-Cort\u00e8s_23set16_CCR_44CJG_Grnllrs-120x80.jpg 120w\" sizes=\"auto, (max-width: 600px) 100vw, 600px\" \/><\/p>\n<p style=\"text-align: center;\"><img loading=\"lazy\" decoding=\"async\" class=\"aligncenter size-large wp-image-26708\" src=\"http:\/\/www.tomajazz.com\/web\/wp-content\/uploads\/2016\/10\/05_Gllm-rnd-Bnd-\u00a9Joan-Cort\u00e8s_23set16_CCR_44CJG_Grnllrs-600x399.jpg\" alt=\"05_gllm-rnd-bnd-joan-cortes_23set16_ccr_44cjg_grnllrs\" width=\"600\" height=\"399\" title=\"\" srcset=\"https:\/\/tomajazz.com\/web\/wp-content\/uploads\/2016\/10\/05_Gllm-rnd-Bnd-\u00a9Joan-Cort\u00e8s_23set16_CCR_44CJG_Grnllrs.jpg 600w, https:\/\/tomajazz.com\/web\/wp-content\/uploads\/2016\/10\/05_Gllm-rnd-Bnd-\u00a9Joan-Cort\u00e8s_23set16_CCR_44CJG_Grnllrs-150x100.jpg 150w, https:\/\/tomajazz.com\/web\/wp-content\/uploads\/2016\/10\/05_Gllm-rnd-Bnd-\u00a9Joan-Cort\u00e8s_23set16_CCR_44CJG_Grnllrs-200x133.jpg 200w, https:\/\/tomajazz.com\/web\/wp-content\/uploads\/2016\/10\/05_Gllm-rnd-Bnd-\u00a9Joan-Cort\u00e8s_23set16_CCR_44CJG_Grnllrs-83x55.jpg 83w, https:\/\/tomajazz.com\/web\/wp-content\/uploads\/2016\/10\/05_Gllm-rnd-Bnd-\u00a9Joan-Cort\u00e8s_23set16_CCR_44CJG_Grnllrs-60x40.jpg 60w, https:\/\/tomajazz.com\/web\/wp-content\/uploads\/2016\/10\/05_Gllm-rnd-Bnd-\u00a9Joan-Cort\u00e8s_23set16_CCR_44CJG_Grnllrs-120x80.jpg 120w\" sizes=\"auto, (max-width: 600px) 100vw, 600px\" \/><\/p>\n<p style=\"text-align: center;\"><img loading=\"lazy\" decoding=\"async\" class=\"aligncenter size-large wp-image-26709\" src=\"http:\/\/www.tomajazz.com\/web\/wp-content\/uploads\/2016\/10\/06_Gllm-rnd-Bnd-\u00a9Joan-Cort\u00e8s_23set16_CCR_44CJG_Grnllrs-399x600.jpg\" alt=\"06_gllm-rnd-bnd-joan-cortes_23set16_ccr_44cjg_grnllrs\" width=\"399\" height=\"600\" title=\"\" srcset=\"https:\/\/tomajazz.com\/web\/wp-content\/uploads\/2016\/10\/06_Gllm-rnd-Bnd-\u00a9Joan-Cort\u00e8s_23set16_CCR_44CJG_Grnllrs.jpg 399w, https:\/\/tomajazz.com\/web\/wp-content\/uploads\/2016\/10\/06_Gllm-rnd-Bnd-\u00a9Joan-Cort\u00e8s_23set16_CCR_44CJG_Grnllrs-100x150.jpg 100w, https:\/\/tomajazz.com\/web\/wp-content\/uploads\/2016\/10\/06_Gllm-rnd-Bnd-\u00a9Joan-Cort\u00e8s_23set16_CCR_44CJG_Grnllrs-200x300.jpg 200w, https:\/\/tomajazz.com\/web\/wp-content\/uploads\/2016\/10\/06_Gllm-rnd-Bnd-\u00a9Joan-Cort\u00e8s_23set16_CCR_44CJG_Grnllrs-37x55.jpg 37w\" sizes=\"auto, (max-width: 399px) 100vw, 399px\" \/><\/p>\n<p style=\"text-align: center;\"><img loading=\"lazy\" decoding=\"async\" class=\"aligncenter size-large wp-image-26710\" src=\"http:\/\/www.tomajazz.com\/web\/wp-content\/uploads\/2016\/10\/07_Gllm-rnd-Bnd-\u00a9Joan-Cort\u00e8s_23set16_CCR_44CJG_Grnllrs-399x600.jpg\" alt=\"07_gllm-rnd-bnd-joan-cortes_23set16_ccr_44cjg_grnllrs\" width=\"399\" height=\"600\" title=\"\" srcset=\"https:\/\/tomajazz.com\/web\/wp-content\/uploads\/2016\/10\/07_Gllm-rnd-Bnd-\u00a9Joan-Cort\u00e8s_23set16_CCR_44CJG_Grnllrs.jpg 399w, https:\/\/tomajazz.com\/web\/wp-content\/uploads\/2016\/10\/07_Gllm-rnd-Bnd-\u00a9Joan-Cort\u00e8s_23set16_CCR_44CJG_Grnllrs-100x150.jpg 100w, https:\/\/tomajazz.com\/web\/wp-content\/uploads\/2016\/10\/07_Gllm-rnd-Bnd-\u00a9Joan-Cort\u00e8s_23set16_CCR_44CJG_Grnllrs-200x300.jpg 200w, https:\/\/tomajazz.com\/web\/wp-content\/uploads\/2016\/10\/07_Gllm-rnd-Bnd-\u00a9Joan-Cort\u00e8s_23set16_CCR_44CJG_Grnllrs-37x55.jpg 37w\" sizes=\"auto, (max-width: 399px) 100vw, 399px\" \/><\/p>\n<p style=\"text-align: center;\"><img loading=\"lazy\" decoding=\"async\" class=\"aligncenter size-large wp-image-26711\" src=\"http:\/\/www.tomajazz.com\/web\/wp-content\/uploads\/2016\/10\/08_Gllm-rnd-Bnd-\u00a9Joan-Cort\u00e8s_23set16_CCR_44CJG_Grnllrs-399x600.jpg\" alt=\"08_gllm-rnd-bnd-joan-cortes_23set16_ccr_44cjg_grnllrs\" width=\"399\" height=\"600\" title=\"\" srcset=\"https:\/\/tomajazz.com\/web\/wp-content\/uploads\/2016\/10\/08_Gllm-rnd-Bnd-\u00a9Joan-Cort\u00e8s_23set16_CCR_44CJG_Grnllrs.jpg 399w, https:\/\/tomajazz.com\/web\/wp-content\/uploads\/2016\/10\/08_Gllm-rnd-Bnd-\u00a9Joan-Cort\u00e8s_23set16_CCR_44CJG_Grnllrs-100x150.jpg 100w, https:\/\/tomajazz.com\/web\/wp-content\/uploads\/2016\/10\/08_Gllm-rnd-Bnd-\u00a9Joan-Cort\u00e8s_23set16_CCR_44CJG_Grnllrs-200x300.jpg 200w, https:\/\/tomajazz.com\/web\/wp-content\/uploads\/2016\/10\/08_Gllm-rnd-Bnd-\u00a9Joan-Cort\u00e8s_23set16_CCR_44CJG_Grnllrs-37x55.jpg 37w\" sizes=\"auto, (max-width: 399px) 100vw, 399px\" \/><\/p>\n<p style=\"text-align: center;\"><img loading=\"lazy\" decoding=\"async\" class=\"aligncenter size-large wp-image-26712\" src=\"http:\/\/www.tomajazz.com\/web\/wp-content\/uploads\/2016\/10\/09_Gllm-rnd-Bnd-\u00a9Joan-Cort\u00e8s_23set16_CCR_44CJG_Grnllrs-600x399.jpg\" alt=\"09_gllm-rnd-bnd-joan-cortes_23set16_ccr_44cjg_grnllrs\" width=\"600\" height=\"399\" title=\"\" srcset=\"https:\/\/tomajazz.com\/web\/wp-content\/uploads\/2016\/10\/09_Gllm-rnd-Bnd-\u00a9Joan-Cort\u00e8s_23set16_CCR_44CJG_Grnllrs.jpg 600w, https:\/\/tomajazz.com\/web\/wp-content\/uploads\/2016\/10\/09_Gllm-rnd-Bnd-\u00a9Joan-Cort\u00e8s_23set16_CCR_44CJG_Grnllrs-150x100.jpg 150w, https:\/\/tomajazz.com\/web\/wp-content\/uploads\/2016\/10\/09_Gllm-rnd-Bnd-\u00a9Joan-Cort\u00e8s_23set16_CCR_44CJG_Grnllrs-200x133.jpg 200w, https:\/\/tomajazz.com\/web\/wp-content\/uploads\/2016\/10\/09_Gllm-rnd-Bnd-\u00a9Joan-Cort\u00e8s_23set16_CCR_44CJG_Grnllrs-83x55.jpg 83w, https:\/\/tomajazz.com\/web\/wp-content\/uploads\/2016\/10\/09_Gllm-rnd-Bnd-\u00a9Joan-Cort\u00e8s_23set16_CCR_44CJG_Grnllrs-60x40.jpg 60w, https:\/\/tomajazz.com\/web\/wp-content\/uploads\/2016\/10\/09_Gllm-rnd-Bnd-\u00a9Joan-Cort\u00e8s_23set16_CCR_44CJG_Grnllrs-120x80.jpg 120w\" sizes=\"auto, (max-width: 600px) 100vw, 600px\" \/><\/p>\n<p style=\"text-align: center;\">\n<p style=\"text-align: right;\">\u00a9 Joan Cort\u00e8s, 2016<\/p>\n","protected":false},"excerpt":{"rendered":"<p>Fecha: Viernes, 23 de setiembre de 2016 Lugar: Casino Club de Ritme, Granollers (Barcelona) Componentes: Celeste Al\u00edas, voz Guillem Arnedo, bater\u00eda Roger Mas, piano Jaume Llombart, guitarra Dee Jay Foster, contrabajo \u00a9 Joan Cort\u00e8s, 2016<span class=\"more-link\"><a href=\"https:\/\/tomajazz.com\/web\/instantzz-guillem-arnedo-band-celeste-alias-casino-club-de-ritme-44e-cicle-de-jazzgranollers-granollers-2016-09-23-galeria-fotografica\/\">Contin\u00faa leyendo<\/a><\/span><\/p>\n","protected":false},"author":1,"featured_media":26708,"comment_status":"open","ping_status":"closed","sticky":false,"template":"","format":"standard","meta":{"jetpack_post_was_ever_published":false,"_jetpack_newsletter_access":"","_jetpack_dont_email_post_to_subs":true,"_jetpack_newsletter_tier_id":0,"_jetpack_memberships_contains_paywalled_content":false,"_jetpack_memberships_contains_paid_content":false,"footnotes":""},"categories":[17853,15516,11261,1038],"tags":[17479,17477,4754,17478,12836,15314,17215,123,15656,12656,12796,12755,15318,15317,15655,15275,15654,8928,17216,11263,4981,13,15312,12415,15295,17214,15313,1041,15710,12657,323,16099,77,16100],"class_list":["entry","author-pachi","post-26703","post","type-post","status-publish","format-standard","has-post-thumbnail","category-joan-cortes","category-imagenes","category-instantzz","category-contenidos","tag-44e-cicle-de-jazzgranollers","tag-casino-club-de-ritme-granollers","tag-celeste-alias","tag-cicle-de-jazzgranollers","tag-concierto","tag-concierto-de-jazz","tag-conciertos-de-jazz-en-granollers","tag-dee-jay-foster","tag-foto-galeria-de-jazz","tag-fotoblog","tag-fotografia-de-jazz","tag-fotografias-de-jazz","tag-fotografos-de-jazz","tag-fotos-de-jazz","tag-galeria-de-fotos-de-jazz","tag-galeria-fotografica","tag-galeria-fotografica-de-jazz","tag-guillem-arnedo","tag-guillem-arnedo-band-celeste-alias","tag-instantzz-2","tag-jaume-llombart","tag-jazz","tag-jazz-en-directo","tag-jazz-en-espana","tag-jazz-en-espanol","tag-jazz-en-granollers","tag-jazz-en-vivo","tag-joan-cortes","tag-la-actualidad-del-jazz-en-espana","tag-photoblog","tag-roger-mas","tag-toma-jazz","tag-tomajazz","tag-tomajazz-toma-jazz"],"jetpack_featured_media_url":"https:\/\/tomajazz.com\/web\/wp-content\/uploads\/2016\/10\/05_Gllm-rnd-Bnd-\u00a9Joan-Cort\u00e8s_23set16_CCR_44CJG_Grnllrs.jpg","jetpack_likes_enabled":true,"jetpack_sharing_enabled":true,"jetpack-related-posts":[{"id":105012,"url":"https:\/\/tomajazz.com\/web\/lage-lund-trio-granollers-2026\/","url_meta":{"origin":26703,"position":0},"title":"Lage Lund Trio (36\u00e8 Jazz Granollers Festival \/ Casino, 2026-03-13 \/ Granollers -Barcelona-) [y III] Por Joan Cort\u00e8s [INSTANTZZ AKA Galer\u00eda fotogr\u00e1fica AKA Fotoblog de jazz, impro\u2026 y algo m\u00e1s]","author":"Tomajazz","date":"23 abril, 2026","format":false,"excerpt":"Lage Lund Trio actu\u00f3 en el 36\u00e8 Jazz Granollers Festival, el 13 de marzo de 2026. Joan Cort\u00e8s lo retrata en INSTANTZZ. Lage Lund Trio son Lage Lund, Orlando Le Fleming, Greg Hutchinson","rel":"","context":"En \u00ab36 Jazz Granollers Festival 2026\u00bb","block_context":{"text":"36 Jazz Granollers Festival 2026","link":"https:\/\/tomajazz.com\/web\/category\/contenidos\/especial-contenidos\/36-jazz-granollers-festival-2026\/"},"img":{"alt_text":"Lage Lund Trio (36\u00e8 Jazz Granollers Festival \/ Casino, 2026-03-13 \/ Granollers -Barcelona-) [y III] Por Joan Cort\u00e8s [INSTANTZZ AKA Galer\u00eda fotogr\u00e1fica AKA Fotoblog de jazz, impro\u2026 y algo m\u00e1s] - Tomajazz - Lage Lund Trio actu\u00f3 en el 36\u00e8 Jazz Granollers Festival, el 13 de marzo de 2026. Joan Cort\u00e8s lo retrata en INSTANTZZ. Lage Lund Trio son Lage Lund, Orlando Le Fleming, Greg Hutchinson","src":"https:\/\/i0.wp.com\/tomajazz.com\/web\/wp-content\/uploads\/2026\/04\/destacada-02-Lg-Lnd-Photo-by-Joan-Cortes-13mrc26-36JGF-Csn-Gr-bn.jpg?resize=350%2C200&ssl=1","width":350,"height":200,"srcset":"https:\/\/i0.wp.com\/tomajazz.com\/web\/wp-content\/uploads\/2026\/04\/destacada-02-Lg-Lnd-Photo-by-Joan-Cortes-13mrc26-36JGF-Csn-Gr-bn.jpg?resize=350%2C200&ssl=1 1x, https:\/\/i0.wp.com\/tomajazz.com\/web\/wp-content\/uploads\/2026\/04\/destacada-02-Lg-Lnd-Photo-by-Joan-Cortes-13mrc26-36JGF-Csn-Gr-bn.jpg?resize=525%2C300&ssl=1 1.5x"},"classes":[]},{"id":104657,"url":"https:\/\/tomajazz.com\/web\/joan-sanmarti-5t-36-jazz-granollers-2026\/","url_meta":{"origin":26703,"position":1},"title":"Joan Sanmart\u00ed 5t (36\u00e8 Jazz Granollers Festival 2026\/ Casino, 2026-02-20 \/ Granollers -Barcelona-) [I] Por Joan Cort\u00e8s [INSTANTZZ AKA Galer\u00eda fotogr\u00e1fica AKA Fotoblog de jazz, impro\u2026 y algo m\u00e1s]","author":"Tomajazz","date":"2 abril, 2026","format":false,"excerpt":"Joan Sanmart\u00ed 5t actu\u00f3 en el 36\u00e8 Jazz Granollers Festival 2026, el 20 de febrero de 2026. Joan Cort\u00e8s lo retrata en INSTANTZZ. Joan Sanmart\u00ed 5t son Joan Sanmart\u00ed, Gabriel Amargant, Pau Dom\u00e8nech, Marc Cuevas, Joan Vidal","rel":"","context":"En \u00ab36 Jazz Granollers Festival 2026\u00bb","block_context":{"text":"36 Jazz Granollers Festival 2026","link":"https:\/\/tomajazz.com\/web\/category\/contenidos\/especial-contenidos\/36-jazz-granollers-festival-2026\/"},"img":{"alt_text":"Joan Sanmart\u00ed 5t (36\u00e8 Jazz Granollers Festival 2026\/ Casino, 2026-02-20 \/ Granollers -Barcelona-) [I] Por Joan Cort\u00e8s [INSTANTZZ AKA Galer\u00eda fotogr\u00e1fica AKA Fotoblog de jazz, impro\u2026 y algo m\u00e1s] - Tomajazz - Joan Sanmart\u00ed 5t actu\u00f3 en el 36\u00e8 Jazz Granollers Festival 2026, el 20 de febrero de 2026. Joan Cort\u00e8s lo retrata en INSTANTZZ. Joan Sanmart\u00ed 5t son Joan Sanmart\u00ed, Gabriel Amargant, Pau Dom\u00e8nech, Marc Cuevas, Joan Vidal\n","src":"https:\/\/i0.wp.com\/tomajazz.com\/web\/wp-content\/uploads\/2026\/04\/destacada-09-Jn-Snmrt-5t-Photo-By-Joan-Cortes-20fbr26-36FJG-Csn-Grn.jpg?resize=350%2C200&ssl=1","width":350,"height":200},"classes":[]},{"id":104847,"url":"https:\/\/tomajazz.com\/web\/alba-careta-group-panical-jazz-granollers-2026\/","url_meta":{"origin":26703,"position":2},"title":"Alba Careta Group \u201cPanical\u201d (36\u00e8 Jazz Granollers Festival \/ Casino, 2026-02-27 \/ Granollers -Barcelona-) [II] Por Joan Cort\u00e8s [INSTANTZZ AKA Galer\u00eda fotogr\u00e1fica AKA Fotoblog de jazz, impro\u2026 y algo m\u00e1s]","author":"Tomajazz","date":"12 abril, 2026","format":false,"excerpt":"Alba Careta Group \u201cPanical\u201d actu\u00f3 en el 36\u00e8 Jazz Granollers Festival, el 27 de febrero de 2026. Joan Cort\u00e8s lo retrata en INSTANTZZ. Alba Careta Group \u201cPanical\u201d son Alba Careta, Lucas Mart\u00ednez, Roger Santacana, Giuseppe Campisi, Jordi Pallar\u00e9s","rel":"","context":"En \u00ab36 Jazz Granollers Festival 2026\u00bb","block_context":{"text":"36 Jazz Granollers Festival 2026","link":"https:\/\/tomajazz.com\/web\/category\/contenidos\/especial-contenidos\/36-jazz-granollers-festival-2026\/"},"img":{"alt_text":"Alba Careta Group \u201cPanical\u201d (36\u00e8 Jazz Granollers Festival \/ Casino, 2026-02-27 \/ Granollers -Barcelona-) [II] Por Joan Cort\u00e8s [INSTANTZZ AKA Galer\u00eda fotogr\u00e1fica AKA Fotoblog de jazz, impro\u2026 y algo m\u00e1s] - Tomajazz - Alba Careta Group \u201cPanical\u201d actu\u00f3 en el 36\u00e8 Jazz Granollers Festival, el 27 de febrero de 2026. Joan Cort\u00e8s lo retrata en INSTANTZZ. Alba Careta Group \u201cPanical\u201d son Alba Careta, Lucas Mart\u00ednez, Roger Santacana, Giuseppe Campisi, Jordi Pallar\u00e9s\n","src":"https:\/\/i0.wp.com\/tomajazz.com\/web\/wp-content\/uploads\/2026\/04\/destacada-03-lb-Crt-Grp-Photo-by-Joan-Cortes-27fbr26-36JGF-CG-CR-Grnllrs.jpg?resize=350%2C200&ssl=1","width":350,"height":200,"srcset":"https:\/\/i0.wp.com\/tomajazz.com\/web\/wp-content\/uploads\/2026\/04\/destacada-03-lb-Crt-Grp-Photo-by-Joan-Cortes-27fbr26-36JGF-CG-CR-Grnllrs.jpg?resize=350%2C200&ssl=1 1x, https:\/\/i0.wp.com\/tomajazz.com\/web\/wp-content\/uploads\/2026\/04\/destacada-03-lb-Crt-Grp-Photo-by-Joan-Cortes-27fbr26-36JGF-CG-CR-Grnllrs.jpg?resize=525%2C300&ssl=1 1.5x"},"classes":[]},{"id":26205,"url":"https:\/\/tomajazz.com\/web\/44e-jazz-al-casino-de-granollers-del-23-de-septiembre-al-30-de-diciembre-de-2016-granollers-barcelona-noticias\/","url_meta":{"origin":26703,"position":3},"title":"44\u00e8 Jazz al Casino de Granollers (del 23 de septiembre al 30 de diciembre de 2016. Granollers, Barcelona) [Noticias]","author":"Tomajazz","date":"6 septiembre, 2016","format":false,"excerpt":"Los viernes desde el 23 de septiembre hasta el 30 de diciembre de 2016 tendr\u00e1 lugar en 44\u00e8 Jazz al Casino de Granollers.","rel":"","context":"En \u00ab*_Redacci\u00f3n\u00bb","block_context":{"text":"*_Redacci\u00f3n","link":"https:\/\/tomajazz.com\/web\/category\/redaccion\/"},"img":{"alt_text":"","src":"https:\/\/i0.wp.com\/tomajazz.com\/web\/wp-content\/uploads\/2016\/09\/44%C3%A8-Jazzz-al-casino-de-Granollers-2016.jpg?resize=350%2C200&ssl=1","width":350,"height":200,"srcset":"https:\/\/i0.wp.com\/tomajazz.com\/web\/wp-content\/uploads\/2016\/09\/44%C3%A8-Jazzz-al-casino-de-Granollers-2016.jpg?resize=350%2C200&ssl=1 1x, https:\/\/i0.wp.com\/tomajazz.com\/web\/wp-content\/uploads\/2016\/09\/44%C3%A8-Jazzz-al-casino-de-Granollers-2016.jpg?resize=525%2C300&ssl=1 1.5x"},"classes":[]},{"id":50098,"url":"https:\/\/tomajazz.com\/web\/instantzz-mayte-alguacil-michael-kanan-trio-prueba-de-sonido-mas-una-30e-jazz-granollers-festival-casino-de-granollers-club-de-ritme-granollers-barcelona-2020-01-31-galeria-fot\/","url_meta":{"origin":26703,"position":4},"title":"INSTANTZZ: Mayte Alguacil &#038; Michael Kanan Trio -prueba de sonido m\u00e1s una- (30\u00e8 Jazz Granollers Festival, Casino de Granollers \u2013 Club de Ritme, Granollers -Barcelona-.  2020-01-31) [Galer\u00eda fotogr\u00e1fica] #YoMeQuedoEnCasa #IStayAtHome","author":"Tomajazz","date":"2 abril, 2020","format":false,"excerpt":"Joan Cort\u00e9s retrata en INSTANTZZ, la prueba de sonido de Mayte Alguacil & Michael Kanan Trio previa a su concierto en el 30\u00e8 Jazz Granollers Festival. Y aunque es bien sabido y conocido... #YoMeQuedoEnCasa #IStayAtHome","rel":"","context":"En \u00abFotoblog - Galer\u00eda fotogr\u00e1fica\u00bb","block_context":{"text":"Fotoblog - Galer\u00eda fotogr\u00e1fica","link":"https:\/\/tomajazz.com\/web\/category\/contenidos\/imagenes\/photoblogs\/"},"img":{"alt_text":"","src":"https:\/\/i0.wp.com\/tomajazz.com\/web\/wp-content\/uploads\/2020\/04\/05_Myt-lgcl-Mchl-Knn-Tr-%C2%A9Joan-Cort%C3%A8s_31gen20_30FJG_CCdR_Grn.jpg?resize=350%2C200&ssl=1","width":350,"height":200,"srcset":"https:\/\/i0.wp.com\/tomajazz.com\/web\/wp-content\/uploads\/2020\/04\/05_Myt-lgcl-Mchl-Knn-Tr-%C2%A9Joan-Cort%C3%A8s_31gen20_30FJG_CCdR_Grn.jpg?resize=350%2C200&ssl=1 1x, https:\/\/i0.wp.com\/tomajazz.com\/web\/wp-content\/uploads\/2020\/04\/05_Myt-lgcl-Mchl-Knn-Tr-%C2%A9Joan-Cort%C3%A8s_31gen20_30FJG_CCdR_Grn.jpg?resize=525%2C300&ssl=1 1.5x"},"classes":[]},{"id":104502,"url":"https:\/\/tomajazz.com\/web\/compania-manuel-linan-muerta-de-amor-flamencuras-2026\/","url_meta":{"origin":26703,"position":5},"title":"Compa\u00f1\u00eda Manuel Li\u00f1\u00e1n \u201cMuerta de Amor\u00bb (Teatre Auditori de Granollers -sala gran-, 2026-02-13 \/ Granollers -Barcelona-) Por Joan Cort\u00e8s [Flamencuras AKA INSTANTZZ AKA Galer\u00eda fotogr\u00e1fica AKA Fotoblog de jazz, impro\u2026 y algo m\u00e1s]","author":"Tomajazz","date":"21 marzo, 2026","format":false,"excerpt":"Compa\u00f1\u00eda Manuel Li\u00f1\u00e1n \u201cMuerta de Amor\" actu\u00f3 en el Teatre Auditori de Granollers el 13 de febrero de 2026. Joan Cort\u00e8s lo retrata en las Flamencuras de INSTANTZZ","rel":"","context":"En \u00abFlamencuras\u00bb","block_context":{"text":"Flamencuras","link":"https:\/\/tomajazz.com\/web\/category\/contenidos\/imagenes\/photoblogs\/flamencuras\/"},"img":{"alt_text":"Compa\u00f1\u00eda Manuel Li\u00f1\u00e1n \u201cMuerta de Amor\" (Teatre Auditori de Granollers -sala gran-, 2026-02-13 \/ Granollers -Barcelona-) Por Joan Cort\u00e8s [Flamencuras AKA INSTANTZZ AKA Galer\u00eda fotogr\u00e1fica AKA Fotoblog de jazz, impro\u2026 y algo m\u00e1s] - Tomajazz - Compa\u00f1\u00eda Manuel Li\u00f1\u00e1n \u201cMuerta de Amor\" actu\u00f3 en el Teatre Auditori de Granollers el 13 de febrero de 2026. Joan Cort\u00e8s lo retrata en las Flamencuras de INSTANTZZ","src":"https:\/\/i0.wp.com\/tomajazz.com\/web\/wp-content\/uploads\/2026\/03\/destacada-03-Mnl-Lnn-Photo-by-Joan-Cortes-13fbr26-Ttr-dtr-Grnllrs.jpg?resize=350%2C200&ssl=1","width":350,"height":200,"srcset":"https:\/\/i0.wp.com\/tomajazz.com\/web\/wp-content\/uploads\/2026\/03\/destacada-03-Mnl-Lnn-Photo-by-Joan-Cortes-13fbr26-Ttr-dtr-Grnllrs.jpg?resize=350%2C200&ssl=1 1x, https:\/\/i0.wp.com\/tomajazz.com\/web\/wp-content\/uploads\/2026\/03\/destacada-03-Mnl-Lnn-Photo-by-Joan-Cortes-13fbr26-Ttr-dtr-Grnllrs.jpg?resize=525%2C300&ssl=1 1.5x"},"classes":[]}],"_links":{"self":[{"href":"https:\/\/tomajazz.com\/web\/wp-json\/wp\/v2\/posts\/26703","targetHints":{"allow":["GET"]}}],"collection":[{"href":"https:\/\/tomajazz.com\/web\/wp-json\/wp\/v2\/posts"}],"about":[{"href":"https:\/\/tomajazz.com\/web\/wp-json\/wp\/v2\/types\/post"}],"author":[{"embeddable":true,"href":"https:\/\/tomajazz.com\/web\/wp-json\/wp\/v2\/users\/1"}],"replies":[{"embeddable":true,"href":"https:\/\/tomajazz.com\/web\/wp-json\/wp\/v2\/comments?post=26703"}],"version-history":[{"count":1,"href":"https:\/\/tomajazz.com\/web\/wp-json\/wp\/v2\/posts\/26703\/revisions"}],"predecessor-version":[{"id":26713,"href":"https:\/\/tomajazz.com\/web\/wp-json\/wp\/v2\/posts\/26703\/revisions\/26713"}],"wp:featuredmedia":[{"embeddable":true,"href":"https:\/\/tomajazz.com\/web\/wp-json\/wp\/v2\/media\/26708"}],"wp:attachment":[{"href":"https:\/\/tomajazz.com\/web\/wp-json\/wp\/v2\/media?parent=26703"}],"wp:term":[{"taxonomy":"category","embeddable":true,"href":"https:\/\/tomajazz.com\/web\/wp-json\/wp\/v2\/categories?post=26703"},{"taxonomy":"post_tag","embeddable":true,"href":"https:\/\/tomajazz.com\/web\/wp-json\/wp\/v2\/tags?post=26703"}],"curies":[{"name":"wp","href":"https:\/\/api.w.org\/{rel}","templated":true}]}}