{"id":27540,"date":"2016-11-21T11:00:41","date_gmt":"2016-11-21T10:00:41","guid":{"rendered":"http:\/\/www.tomajazz.com\/web\/?p=27540"},"modified":"2016-11-30T20:35:35","modified_gmt":"2016-11-30T19:35:35","slug":"instantzz-veronica-ferreiro-quinteto-teatro-rialto-valencia-2016-09-30-especial-jazzene-2016-ix-galeria-fotografica","status":"publish","type":"post","link":"https:\/\/tomajazz.com\/web\/instantzz-veronica-ferreiro-quinteto-teatro-rialto-valencia-2016-09-30-especial-jazzene-2016-ix-galeria-fotografica\/","title":{"rendered":"INSTANTZZ: Ver\u00f3nica Ferreiro Quinteto (Teatro Rialto, Valencia. 2016-09-30) [Especial Jazze\u00f1e 2016 IX] [Galer\u00eda fotogr\u00e1fica]"},"content":{"rendered":"<p>III Jazze\u00f1e. Organizado por Fundaci\u00f3n SGAE.<\/p>\n<ul>\n<li>Fecha: Viernes, 30 de septiembre de 2016. 23:00<\/li>\n<li>Lugar: Teatro Rialto. Valencia.<\/li>\n<li>Grupo:<br \/>\n<strong>Ver\u00f3nica Ferreiro Quinteto<\/strong><br \/>\nVer\u00f3nica Ferreiro: voz<br \/>\nJavier S\u00e1nchez: guitarra el\u00e9ctrica<br \/>\nAnder Garc\u00eda: contrabajo, bajo el\u00e9ctrico<br \/>\nGeorvis Pico: bater\u00eda<br \/>\nMoises P. S\u00e1nchez: piano (invitado)<\/li>\n<\/ul>\n<p style=\"text-align: center;\"><img loading=\"lazy\" decoding=\"async\" class=\"aligncenter size-large wp-image-27541\" src=\"http:\/\/www.tomajazz.com\/web\/wp-content\/uploads\/2016\/11\/001-4-600x400.jpg\" alt=\"001\" width=\"600\" height=\"400\" title=\"\" srcset=\"https:\/\/tomajazz.com\/web\/wp-content\/uploads\/2016\/11\/001-4.jpg 600w, https:\/\/tomajazz.com\/web\/wp-content\/uploads\/2016\/11\/001-4-200x133.jpg 200w, https:\/\/tomajazz.com\/web\/wp-content\/uploads\/2016\/11\/001-4-83x55.jpg 83w, https:\/\/tomajazz.com\/web\/wp-content\/uploads\/2016\/11\/001-4-60x40.jpg 60w, https:\/\/tomajazz.com\/web\/wp-content\/uploads\/2016\/11\/001-4-120x80.jpg 120w\" sizes=\"auto, (max-width: 600px) 100vw, 600px\" \/><\/p>\n<p style=\"text-align: center;\"><img loading=\"lazy\" decoding=\"async\" class=\"aligncenter size-large wp-image-27542\" src=\"http:\/\/www.tomajazz.com\/web\/wp-content\/uploads\/2016\/11\/002-4-600x400.jpg\" alt=\"002\" width=\"600\" height=\"400\" title=\"\" srcset=\"https:\/\/tomajazz.com\/web\/wp-content\/uploads\/2016\/11\/002-4.jpg 600w, https:\/\/tomajazz.com\/web\/wp-content\/uploads\/2016\/11\/002-4-200x133.jpg 200w, https:\/\/tomajazz.com\/web\/wp-content\/uploads\/2016\/11\/002-4-83x55.jpg 83w, https:\/\/tomajazz.com\/web\/wp-content\/uploads\/2016\/11\/002-4-60x40.jpg 60w, https:\/\/tomajazz.com\/web\/wp-content\/uploads\/2016\/11\/002-4-120x80.jpg 120w\" sizes=\"auto, (max-width: 600px) 100vw, 600px\" \/><\/p>\n<p style=\"text-align: center;\"><img loading=\"lazy\" decoding=\"async\" class=\"aligncenter size-large wp-image-27543\" src=\"http:\/\/www.tomajazz.com\/web\/wp-content\/uploads\/2016\/11\/003-4-600x400.jpg\" alt=\"003\" width=\"600\" height=\"400\" title=\"\" srcset=\"https:\/\/tomajazz.com\/web\/wp-content\/uploads\/2016\/11\/003-4.jpg 600w, https:\/\/tomajazz.com\/web\/wp-content\/uploads\/2016\/11\/003-4-200x133.jpg 200w, https:\/\/tomajazz.com\/web\/wp-content\/uploads\/2016\/11\/003-4-83x55.jpg 83w, https:\/\/tomajazz.com\/web\/wp-content\/uploads\/2016\/11\/003-4-60x40.jpg 60w, https:\/\/tomajazz.com\/web\/wp-content\/uploads\/2016\/11\/003-4-120x80.jpg 120w\" sizes=\"auto, (max-width: 600px) 100vw, 600px\" \/><\/p>\n<p style=\"text-align: center;\"><img loading=\"lazy\" decoding=\"async\" class=\"aligncenter size-large wp-image-27544\" src=\"http:\/\/www.tomajazz.com\/web\/wp-content\/uploads\/2016\/11\/004-4-600x400.jpg\" alt=\"004\" width=\"600\" height=\"400\" title=\"\" srcset=\"https:\/\/tomajazz.com\/web\/wp-content\/uploads\/2016\/11\/004-4.jpg 600w, https:\/\/tomajazz.com\/web\/wp-content\/uploads\/2016\/11\/004-4-200x133.jpg 200w, https:\/\/tomajazz.com\/web\/wp-content\/uploads\/2016\/11\/004-4-83x55.jpg 83w, https:\/\/tomajazz.com\/web\/wp-content\/uploads\/2016\/11\/004-4-60x40.jpg 60w, https:\/\/tomajazz.com\/web\/wp-content\/uploads\/2016\/11\/004-4-120x80.jpg 120w\" sizes=\"auto, (max-width: 600px) 100vw, 600px\" \/><\/p>\n<p style=\"text-align: center;\"><img loading=\"lazy\" decoding=\"async\" class=\"aligncenter size-large wp-image-27545\" src=\"http:\/\/www.tomajazz.com\/web\/wp-content\/uploads\/2016\/11\/005-4-400x600.jpg\" alt=\"005\" width=\"400\" height=\"600\" title=\"\" srcset=\"https:\/\/tomajazz.com\/web\/wp-content\/uploads\/2016\/11\/005-4.jpg 400w, https:\/\/tomajazz.com\/web\/wp-content\/uploads\/2016\/11\/005-4-200x300.jpg 200w, https:\/\/tomajazz.com\/web\/wp-content\/uploads\/2016\/11\/005-4-37x55.jpg 37w\" sizes=\"auto, (max-width: 400px) 100vw, 400px\" \/><\/p>\n<p style=\"text-align: center;\"><img loading=\"lazy\" decoding=\"async\" class=\"aligncenter size-large wp-image-27546\" src=\"http:\/\/www.tomajazz.com\/web\/wp-content\/uploads\/2016\/11\/006-4-400x600.jpg\" alt=\"006\" width=\"400\" height=\"600\" title=\"\" srcset=\"https:\/\/tomajazz.com\/web\/wp-content\/uploads\/2016\/11\/006-4.jpg 400w, https:\/\/tomajazz.com\/web\/wp-content\/uploads\/2016\/11\/006-4-200x300.jpg 200w, https:\/\/tomajazz.com\/web\/wp-content\/uploads\/2016\/11\/006-4-37x55.jpg 37w\" sizes=\"auto, (max-width: 400px) 100vw, 400px\" \/><\/p>\n<p style=\"text-align: center;\"><img loading=\"lazy\" decoding=\"async\" class=\"aligncenter size-large wp-image-27547\" src=\"http:\/\/www.tomajazz.com\/web\/wp-content\/uploads\/2016\/11\/007-4-400x600.jpg\" alt=\"007\" width=\"400\" height=\"600\" title=\"\" srcset=\"https:\/\/tomajazz.com\/web\/wp-content\/uploads\/2016\/11\/007-4.jpg 400w, https:\/\/tomajazz.com\/web\/wp-content\/uploads\/2016\/11\/007-4-200x300.jpg 200w, https:\/\/tomajazz.com\/web\/wp-content\/uploads\/2016\/11\/007-4-37x55.jpg 37w\" sizes=\"auto, (max-width: 400px) 100vw, 400px\" \/><\/p>\n<p style=\"text-align: center;\"><img loading=\"lazy\" decoding=\"async\" class=\"aligncenter size-large wp-image-27548\" src=\"http:\/\/www.tomajazz.com\/web\/wp-content\/uploads\/2016\/11\/008-4-600x400.jpg\" alt=\"008\" width=\"600\" height=\"400\" title=\"\" srcset=\"https:\/\/tomajazz.com\/web\/wp-content\/uploads\/2016\/11\/008-4.jpg 600w, https:\/\/tomajazz.com\/web\/wp-content\/uploads\/2016\/11\/008-4-200x133.jpg 200w, https:\/\/tomajazz.com\/web\/wp-content\/uploads\/2016\/11\/008-4-83x55.jpg 83w, https:\/\/tomajazz.com\/web\/wp-content\/uploads\/2016\/11\/008-4-60x40.jpg 60w, https:\/\/tomajazz.com\/web\/wp-content\/uploads\/2016\/11\/008-4-120x80.jpg 120w\" sizes=\"auto, (max-width: 600px) 100vw, 600px\" \/><\/p>\n<p style=\"text-align: center;\"><img loading=\"lazy\" decoding=\"async\" class=\"aligncenter size-large wp-image-27549\" src=\"http:\/\/www.tomajazz.com\/web\/wp-content\/uploads\/2016\/11\/009-4-400x600.jpg\" alt=\"009\" width=\"400\" height=\"600\" title=\"\" srcset=\"https:\/\/tomajazz.com\/web\/wp-content\/uploads\/2016\/11\/009-4.jpg 400w, https:\/\/tomajazz.com\/web\/wp-content\/uploads\/2016\/11\/009-4-200x300.jpg 200w, https:\/\/tomajazz.com\/web\/wp-content\/uploads\/2016\/11\/009-4-37x55.jpg 37w\" sizes=\"auto, (max-width: 400px) 100vw, 400px\" \/><\/p>\n<p style=\"text-align: center;\"><img loading=\"lazy\" decoding=\"async\" class=\"aligncenter size-large wp-image-27550\" src=\"http:\/\/www.tomajazz.com\/web\/wp-content\/uploads\/2016\/11\/010-4-600x400.jpg\" alt=\"010\" width=\"600\" height=\"400\" title=\"\" srcset=\"https:\/\/tomajazz.com\/web\/wp-content\/uploads\/2016\/11\/010-4.jpg 600w, https:\/\/tomajazz.com\/web\/wp-content\/uploads\/2016\/11\/010-4-200x133.jpg 200w, https:\/\/tomajazz.com\/web\/wp-content\/uploads\/2016\/11\/010-4-83x55.jpg 83w, https:\/\/tomajazz.com\/web\/wp-content\/uploads\/2016\/11\/010-4-60x40.jpg 60w, https:\/\/tomajazz.com\/web\/wp-content\/uploads\/2016\/11\/010-4-120x80.jpg 120w\" sizes=\"auto, (max-width: 600px) 100vw, 600px\" \/><\/p>\n<p style=\"text-align: right;\">\u00a9 <a href=\"https:\/\/www.flickr.com\/photos\/joseluisluna1958\/\" target=\"_blank\" rel=\"noopener\">Jos\u00e9 Luis Luna Rocafort<\/a>, 2016<\/p>\n","protected":false},"excerpt":{"rendered":"<p>Jos\u00e9 Luis Luna Rocafort fotografi\u00f3 al Ver\u00f3nica Ferreiro Quinteto en su actuaci\u00f3n (formato showcase) en el Festival JazzE\u00f1e2016 organizado por la Fundaci\u00f3n SGAE.<span class=\"more-link\"><a href=\"https:\/\/tomajazz.com\/web\/instantzz-veronica-ferreiro-quinteto-teatro-rialto-valencia-2016-09-30-especial-jazzene-2016-ix-galeria-fotografica\/\">Contin\u00faa leyendo<\/a><\/span><\/p>\n","protected":false},"author":1,"featured_media":27550,"comment_status":"open","ping_status":"closed","sticky":false,"template":"","format":"standard","meta":{"jetpack_post_was_ever_published":false,"_jetpack_newsletter_access":"","_jetpack_dont_email_post_to_subs":true,"_jetpack_newsletter_tier_id":0,"_jetpack_memberships_contains_paywalled_content":false,"_jetpack_memberships_contains_paid_content":false,"footnotes":""},"categories":[17846,11262,15516,11261,17636,9531,1038],"tags":[5077,12836,15314,13965,15656,12656,12796,12755,15318,15317,15027,15655,15275,15654,7117,17677,11263,5580,13,15312,12415,15295,15313,12211,17154,10088,15710,8784,12657,17155,16099,77,16100,17162,17904],"class_list":["entry","author-pachi","has-excerpt","post-27540","post","type-post","status-publish","format-standard","has-post-thumbnail","category-jose-luis-luna-rocafort","category-photoblogs","category-imagenes","category-instantzz","category-jazzene-2016","category-especial-contenidos","category-contenidos","tag-ander-garcia","tag-concierto","tag-concierto-de-jazz","tag-especial-jazzene","tag-foto-galeria-de-jazz","tag-fotoblog","tag-fotografia-de-jazz","tag-fotografias-de-jazz","tag-fotografos-de-jazz","tag-fotos-de-jazz","tag-fundacion-sgae","tag-galeria-de-fotos-de-jazz","tag-galeria-fotografica","tag-galeria-fotografica-de-jazz","tag-georvis-pico","tag-iii-jazzene","tag-instantzz-2","tag-javier-sanchez","tag-jazz","tag-jazz-en-directo","tag-jazz-en-espana","tag-jazz-en-espanol","tag-jazz-en-vivo","tag-jazzene","tag-jazzene-2016","tag-jose-luis-luna-rocafort","tag-la-actualidad-del-jazz-en-espana","tag-moises-p-sanchez","tag-photoblog","tag-teatro-rialto-valencia","tag-toma-jazz","tag-tomajazz","tag-tomajazz-toma-jazz","tag-veronica-ferreiro","tag-veronica-ferreiro-quinteto"],"jetpack_featured_media_url":"https:\/\/tomajazz.com\/web\/wp-content\/uploads\/2016\/11\/010-4.jpg","jetpack_likes_enabled":true,"jetpack_sharing_enabled":true,"jetpack-related-posts":[{"id":27170,"url":"https:\/\/tomajazz.com\/web\/instantzz-marta-sanchez-quintet-teatro-rialto-valencia-2016-09-29-especial-jazzene-2016-iii-galeria-fotografica\/","url_meta":{"origin":27540,"position":0},"title":"INSTANTZZ: Marta S\u00e1nchez Quintet (Teatro Rialto, Valencia. 2016-09-29) [Especial Jazze\u00f1e 2016 III] [Galer\u00eda fotogr\u00e1fica]","author":"Tomajazz","date":"31 octubre, 2016","format":false,"excerpt":"Marta S\u00e1nchez Quintet en la tercera entrega de JazzE\u00f1e 2016 por Jos\u00e9 Luis Luna Rocafort en Instantzz.","rel":"","context":"En \u00ab*_Jos\u00e9 Luis Luna Rocafort\u00bb","block_context":{"text":"*_Jos\u00e9 Luis Luna Rocafort","link":"https:\/\/tomajazz.com\/web\/category\/jose-luis-luna-rocafort\/"},"img":{"alt_text":"","src":"https:\/\/i0.wp.com\/tomajazz.com\/web\/wp-content\/uploads\/2016\/10\/001-2.jpg?resize=350%2C200&ssl=1","width":350,"height":200,"srcset":"https:\/\/i0.wp.com\/tomajazz.com\/web\/wp-content\/uploads\/2016\/10\/001-2.jpg?resize=350%2C200&ssl=1 1x, https:\/\/i0.wp.com\/tomajazz.com\/web\/wp-content\/uploads\/2016\/10\/001-2.jpg?resize=525%2C300&ssl=1 1.5x"},"classes":[]},{"id":27592,"url":"https:\/\/tomajazz.com\/web\/instantzz-luis-verde-quinteto-teatro-rialto-valencia-2016-10-01-especial-jazzene-2016-x-galeria-fotografica\/","url_meta":{"origin":27540,"position":1},"title":"INSTANTZZ: Luis Verde Quinteto (Teatro Rialto, Valencia. 2016-10-01) [Especial Jazze\u00f1e 2016 X] [Galer\u00eda fotogr\u00e1fica]","author":"Tomajazz","date":"25 noviembre, 2016","format":false,"excerpt":"III Jazze\u00f1e. Organizado por Fundaci\u00f3n SGAE. Fecha: S\u00e1bado, 01 de octubre de 2016. 19:00 Lugar: Teatro Rialto. Valencia. Grupo: Luis Verde Quinteto Luis Verde: saxos alto y soprano Ariel Br\u00ednguez: saxo tenor Reinier Elizarde: contrabajo Michael Olivera: bater\u00eda Moises P. S\u00e1nchez: piano (invitado) \u00a9 Jos\u00e9 Luis Luna Rocafort, 2016 \u00a0","rel":"","context":"En \u00ab*_Jos\u00e9 Luis Luna Rocafort\u00bb","block_context":{"text":"*_Jos\u00e9 Luis Luna Rocafort","link":"https:\/\/tomajazz.com\/web\/category\/jose-luis-luna-rocafort\/"},"img":{"alt_text":"","src":"https:\/\/i0.wp.com\/tomajazz.com\/web\/wp-content\/uploads\/2016\/11\/006-5.jpg?resize=350%2C200&ssl=1","width":350,"height":200,"srcset":"https:\/\/i0.wp.com\/tomajazz.com\/web\/wp-content\/uploads\/2016\/11\/006-5.jpg?resize=350%2C200&ssl=1 1x, https:\/\/i0.wp.com\/tomajazz.com\/web\/wp-content\/uploads\/2016\/11\/006-5.jpg?resize=525%2C300&ssl=1 1.5x"},"classes":[]},{"id":27706,"url":"https:\/\/tomajazz.com\/web\/instantzz-ernesto-aurignac-quintet-teatro-rialto-valencia-2016-10-01-especial-jazzene-2016-xi-galeria-fotografica\/","url_meta":{"origin":27540,"position":2},"title":"INSTANTZZ: Ernesto Aurignac Quintet (Teatro Rialto, Valencia. 2016-10-01) [Especial Jazze\u00f1e 2016 XI] [Galer\u00eda fotogr\u00e1fica]","author":"Tomajazz","date":"28 noviembre, 2016","format":false,"excerpt":"Jos\u00e9 Luis Luna Rocafort repasa, en im\u00e1genes, la actuaci\u00f3n del Ernesto Aurignac Quintet en la jornada final de JazzE\u00f1e 2016 de la Fundaci\u00f3n SGAE.","rel":"","context":"En \u00ab*_Jos\u00e9 Luis Luna Rocafort\u00bb","block_context":{"text":"*_Jos\u00e9 Luis Luna Rocafort","link":"https:\/\/tomajazz.com\/web\/category\/jose-luis-luna-rocafort\/"},"img":{"alt_text":"","src":"https:\/\/i0.wp.com\/tomajazz.com\/web\/wp-content\/uploads\/2016\/11\/001-6.jpg?resize=350%2C200&ssl=1","width":350,"height":200,"srcset":"https:\/\/i0.wp.com\/tomajazz.com\/web\/wp-content\/uploads\/2016\/11\/001-6.jpg?resize=350%2C200&ssl=1 1x, https:\/\/i0.wp.com\/tomajazz.com\/web\/wp-content\/uploads\/2016\/11\/001-6.jpg?resize=525%2C300&ssl=1 1.5x"},"classes":[]},{"id":27072,"url":"https:\/\/tomajazz.com\/web\/instantzz-sinouj-teatro-rialto-valencia-2016-09-29-especial-jazzene-2016-ii-galeria-fotografica\/","url_meta":{"origin":27540,"position":3},"title":"INSTANTZZ: Sinouj (Teatro Rialto, Valencia. 2016-09-29) [Especial Jazze\u00f1e 2016 II] [Galer\u00eda fotogr\u00e1fica]","author":"Tomajazz","date":"28 octubre, 2016","format":false,"excerpt":"III Jazze\u00f1e. Organizado por Fundaci\u00f3n SGAE. Fecha: Jueves, 29 de septiembre de 2016. 19:00 h. Lugar: Teatro Rialto. Valencia. Grupo Sinouj Pablo Hern\u00e1ndez: saxo alto Larbi Sassi: viol\u00edn, carcabas africanas y voz Pablo Alfieri: bajo el\u00e9ctrico Akindimeji Onansanya: bater\u00eda Mois\u00e9s P. S\u00e1nchez: piano (invitado) \u00a9 Jos\u00e9 Luis Luna Rocafort, 2016","rel":"","context":"En \u00ab*_Jos\u00e9 Luis Luna Rocafort\u00bb","block_context":{"text":"*_Jos\u00e9 Luis Luna Rocafort","link":"https:\/\/tomajazz.com\/web\/category\/jose-luis-luna-rocafort\/"},"img":{"alt_text":"","src":"https:\/\/i0.wp.com\/tomajazz.com\/web\/wp-content\/uploads\/2016\/10\/001-1.jpg?resize=350%2C200&ssl=1","width":350,"height":200,"srcset":"https:\/\/i0.wp.com\/tomajazz.com\/web\/wp-content\/uploads\/2016\/10\/001-1.jpg?resize=350%2C200&ssl=1 1x, https:\/\/i0.wp.com\/tomajazz.com\/web\/wp-content\/uploads\/2016\/10\/001-1.jpg?resize=525%2C300&ssl=1 1.5x"},"classes":[]},{"id":27386,"url":"https:\/\/tomajazz.com\/web\/instantzz-ramon-diaz-group-teatro-rialto-valencia-2016-09-30-especial-jazzene-2016-vi-galeria-fotografica\/","url_meta":{"origin":27540,"position":4},"title":"INSTANTZZ: Ram\u00f3n D\u00edaz Group (Teatro Rialto, Valencia. 2016-09-30) [Especial Jazze\u00f1e 2016 VI] [Galer\u00eda fotogr\u00e1fica]","author":"Tomajazz","date":"11 noviembre, 2016","format":false,"excerpt":"Sexta entrega del Especial JazzE\u00f1e con Ram\u00f3n D\u00edaz Group. Jos\u00e9 Luis Luna Rocafort retrata en directo al grupo en la actuaci\u00f3n del Festival organizado por la Fundaci\u00f3n SGAE.","rel":"","context":"En \u00ab*_Jos\u00e9 Luis Luna Rocafort\u00bb","block_context":{"text":"*_Jos\u00e9 Luis Luna Rocafort","link":"https:\/\/tomajazz.com\/web\/category\/jose-luis-luna-rocafort\/"},"img":{"alt_text":"","src":"https:\/\/i0.wp.com\/tomajazz.com\/web\/wp-content\/uploads\/2016\/11\/001-1.jpg?resize=350%2C200&ssl=1","width":350,"height":200,"srcset":"https:\/\/i0.wp.com\/tomajazz.com\/web\/wp-content\/uploads\/2016\/11\/001-1.jpg?resize=350%2C200&ssl=1 1x, https:\/\/i0.wp.com\/tomajazz.com\/web\/wp-content\/uploads\/2016\/11\/001-1.jpg?resize=525%2C300&ssl=1 1.5x"},"classes":[]},{"id":27926,"url":"https:\/\/tomajazz.com\/web\/instantzz-chiqui-cienfuegos-teatro-rialto-valencia-2016-10-01-especial-jazzene-2016-xii-galeria-fotografica\/","url_meta":{"origin":27540,"position":5},"title":"INSTANTZZ: Chiqui Cienfuegos (Teatro Rialto, Valencia. 2016-10-01) [Especial Jazze\u00f1e 2016 XII] [Galer\u00eda fotogr\u00e1fica]","author":"Tomajazz","date":"2 diciembre, 2016","format":false,"excerpt":"Pen\u00faltimo Instantzz de Jos\u00e9 Luis Luna Rocafort del ciclo de la Fundaci\u00f3n SGAE JazzE\u00f1e 2016, en el que realiza una galer\u00eda fotogr\u00e1fica del showcase de Chiqui Cienfuegos.","rel":"","context":"En \u00ab*_Jos\u00e9 Luis Luna Rocafort\u00bb","block_context":{"text":"*_Jos\u00e9 Luis Luna Rocafort","link":"https:\/\/tomajazz.com\/web\/category\/jose-luis-luna-rocafort\/"},"img":{"alt_text":"","src":"https:\/\/i0.wp.com\/tomajazz.com\/web\/wp-content\/uploads\/2016\/12\/001.jpg?resize=350%2C200&ssl=1","width":350,"height":200,"srcset":"https:\/\/i0.wp.com\/tomajazz.com\/web\/wp-content\/uploads\/2016\/12\/001.jpg?resize=350%2C200&ssl=1 1x, https:\/\/i0.wp.com\/tomajazz.com\/web\/wp-content\/uploads\/2016\/12\/001.jpg?resize=525%2C300&ssl=1 1.5x"},"classes":[]}],"_links":{"self":[{"href":"https:\/\/tomajazz.com\/web\/wp-json\/wp\/v2\/posts\/27540","targetHints":{"allow":["GET"]}}],"collection":[{"href":"https:\/\/tomajazz.com\/web\/wp-json\/wp\/v2\/posts"}],"about":[{"href":"https:\/\/tomajazz.com\/web\/wp-json\/wp\/v2\/types\/post"}],"author":[{"embeddable":true,"href":"https:\/\/tomajazz.com\/web\/wp-json\/wp\/v2\/users\/1"}],"replies":[{"embeddable":true,"href":"https:\/\/tomajazz.com\/web\/wp-json\/wp\/v2\/comments?post=27540"}],"version-history":[{"count":2,"href":"https:\/\/tomajazz.com\/web\/wp-json\/wp\/v2\/posts\/27540\/revisions"}],"predecessor-version":[{"id":27552,"href":"https:\/\/tomajazz.com\/web\/wp-json\/wp\/v2\/posts\/27540\/revisions\/27552"}],"wp:featuredmedia":[{"embeddable":true,"href":"https:\/\/tomajazz.com\/web\/wp-json\/wp\/v2\/media\/27550"}],"wp:attachment":[{"href":"https:\/\/tomajazz.com\/web\/wp-json\/wp\/v2\/media?parent=27540"}],"wp:term":[{"taxonomy":"category","embeddable":true,"href":"https:\/\/tomajazz.com\/web\/wp-json\/wp\/v2\/categories?post=27540"},{"taxonomy":"post_tag","embeddable":true,"href":"https:\/\/tomajazz.com\/web\/wp-json\/wp\/v2\/tags?post=27540"}],"curies":[{"name":"wp","href":"https:\/\/api.w.org\/{rel}","templated":true}]}}