{"id":27672,"date":"2016-11-21T11:05:04","date_gmt":"2016-11-21T10:05:04","guid":{"rendered":"http:\/\/www.tomajazz.com\/web\/?p=27672"},"modified":"2018-05-05T20:44:51","modified_gmt":"2018-05-05T18:44:51","slug":"coleman-hawkins-ii-la-odisea-de-la-musica-afroamericana-073-podcast","status":"publish","type":"post","link":"https:\/\/tomajazz.com\/web\/coleman-hawkins-ii-la-odisea-de-la-musica-afroamericana-073-podcast\/","title":{"rendered":"Coleman Hawkins (II). La Odisea de la M\u00fasica Afroamericana (073) [Podcast]"},"content":{"rendered":"<p style=\"text-align: justify;\"><em>La Odisea de la M\u00fasica Afroamericana<\/em> es un programa de radio dirigido, presentado y producido por <strong>Luis Escalante Ozalla<\/strong>, autor del libro <a href=\"http:\/\/www.amazon.es\/hace-m%C3%BAsica-andar-con-swing-ebook\/dp\/B007O06XFU\/ref=sr_1_1?s=digital-text&amp;ie=UTF8&amp;qid=1428418630&amp;sr=1-1&amp;keywords=y+se+hace+musica+al+andar+con+swing\" target=\"_blank\" rel=\"noopener\"><em>Y se hace m\u00fasica al andar con swing<\/em><\/a>.<\/p>\n<p style=\"text-align: justify;\">El programa n\u00famero 73 de <em>La Odisea de la M\u00fasica Afroamericana<\/em>\u00a0es el segundo de los dedicados por completo al gran <strong>Coleman Hawkins<\/strong>. A la vez que repasa su carrera,\u00a0<strong>Luis Escalante<\/strong> selecciona un pu\u00f1ado de temas que entran, uno s\u00ed y otro tambi\u00e9n, en la categor\u00eda de imprescindibles: \u00abApril in Paris\u00bb, \u00abThere will never be another you\u00bb, \u00abI Love Paris\u00bb, \u00abSatin Doll\u00bb&#8230; <b>Mark Murphy\u00a0<\/b>y\u00a0<strong>Laura Figy\u00a0<\/strong>son los m\u00fasicos que abren y cierran\u00a0el programa.<\/p>\n<p><iframe loading=\"lazy\" id=\"audio_13839140\" style=\"border: 1px solid #EEE; box-sizing: border-box; width: 100%;\" src=\"https:\/\/www.ivoox.com\/player_ej_13839140_4_1.html?c1=ff6600\" width=\"300\" height=\"200\" frameborder=\"0\" scrolling=\"no\" allowfullscreen=\"allowfullscreen\"><\/iframe><\/p>\n<p style=\"text-align: center;\">\n<p style=\"text-align: center;\"><img loading=\"lazy\" decoding=\"async\" class=\"aligncenter size-full wp-image-27673\" src=\"http:\/\/www.tomajazz.com\/web\/wp-content\/uploads\/2016\/11\/Coleman_Hawkins_1945_Billboard-Magazine.jpg\" alt=\"coleman_hawkins_1945_billboard-magazine\" width=\"440\" height=\"504\" title=\"\" srcset=\"https:\/\/tomajazz.com\/web\/wp-content\/uploads\/2016\/11\/Coleman_Hawkins_1945_Billboard-Magazine.jpg 440w, https:\/\/tomajazz.com\/web\/wp-content\/uploads\/2016\/11\/Coleman_Hawkins_1945_Billboard-Magazine-200x229.jpg 200w, https:\/\/tomajazz.com\/web\/wp-content\/uploads\/2016\/11\/Coleman_Hawkins_1945_Billboard-Magazine-48x55.jpg 48w\" sizes=\"auto, (max-width: 440px) 100vw, 440px\" \/><\/p>\n<p style=\"text-align: center;\">Coleman Hawikins en\u00a0Billboard Magazine (1945)<\/p>\n<p style=\"text-align: justify;\">En el cap\u00edtulo 73 \u00a0suenan:<\/p>\n<ul style=\"text-align: center;\">\n<li style=\"text-align: justify;\">\u201cYou go to my head\u201d Mark Murphy<\/li>\n<li style=\"text-align: justify;\">\u201cSpotlite\u201d Coleman Hawkins &amp; 25th Street All Stars<\/li>\n<li style=\"text-align: justify;\">\u201cHow did she look\u201d Coleman Hawkins &amp; Leslie Scott<\/li>\n<li style=\"text-align: justify;\">\u201cApril in Paris\u201d Coleman Hawkins &amp; Billy Byers Orchestra<\/li>\n<li style=\"text-align: justify;\">\u201cThere will never be another you\u201d Coleman Hawkins &amp; Billy Byers Orchestra<\/li>\n<li style=\"text-align: justify;\">\u201cI\u00b4ve got the world on a string\u201d Coleman Hawkins &amp; Henry \u00abRed\u00bb Allen<\/li>\n<li style=\"text-align: justify;\">\u201cI love Paris\u201d Coleman Hawkins &amp; Manny Alban Orchestra<\/li>\n<li style=\"text-align: justify;\">\u201cYou\u00b4d be so nice to come home to\u201d Coleman Hawkins &amp; Ben Webster<\/li>\n<li style=\"text-align: justify;\">\u201cSatin doll\u201d Coleman Hawkins, Johnny Hodges, Roy Eldridge<\/li>\n<li style=\"text-align: justify;\">\u201cFor once in my life\u201d Laura Figy<\/li>\n<\/ul>\n<p><center><a href=\"http:\/\/www.amazon.es\/hace-m%C3%BAsica-andar-con-swing-ebook\/dp\/B007O06XFU\/\" target=\"_blank\" rel=\"noopener\"><img loading=\"lazy\" decoding=\"async\" class=\"aligncenter wp-image-18254\" src=\"http:\/\/www.tomajazz.com\/web\/wp-content\/uploads\/2015\/05\/Luis-Escalante_Y-se-hace-musica-al-andar...-con-swing-397x600.jpg\" alt=\"Luis Escalante_Y se hace musica al andar... con swing\" width=\"300\" height=\"453\" title=\"\"><\/a><\/center><\/p>\n<p style=\"text-align: center;\"><a href=\"http:\/\/www.amazon.es\/hace-m%C3%BAsica-andar-con-swing-ebook\/dp\/B007O06XFU\/\" target=\"_blank\" rel=\"noopener\"><img loading=\"lazy\" decoding=\"async\" class=\" size-full wp-image-18255 alignnone\" src=\"http:\/\/www.tomajazz.com\/web\/wp-content\/uploads\/2015\/05\/comprar-en-amazon.gif\" alt=\"comprar en amazon\" width=\"90\" height=\"28\" title=\"\"><\/a><\/p>\n","protected":false},"excerpt":{"rendered":"<p>La Odisea de la M\u00fasica Afroamericana es un programa de radio dirigido, presentado y producido por Luis Escalante Ozalla, autor del libro Y se hace m\u00fasica al andar con swing. El programa n\u00famero 73 de La Odisea de la M\u00fasica Afroamericana\u00a0es el segundo de los dedicados por completo al gran<span class=\"more-link\"><a href=\"https:\/\/tomajazz.com\/web\/coleman-hawkins-ii-la-odisea-de-la-musica-afroamericana-073-podcast\/\">Contin\u00faa leyendo<\/a><\/span><\/p>\n","protected":false},"author":1,"featured_media":27673,"comment_status":"open","ping_status":"closed","sticky":false,"template":"","format":"standard","meta":{"jetpack_post_was_ever_published":false,"_jetpack_newsletter_access":"","_jetpack_dont_email_post_to_subs":true,"_jetpack_newsletter_tier_id":0,"_jetpack_memberships_contains_paywalled_content":false,"_jetpack_memberships_contains_paid_content":false,"footnotes":""},"categories":[17834,13297,12814,15518,1038],"tags":[17961,13370,8889,17963,8169,17959,17956,17957,17960,17955,17958,14758,5360,13,15375,12415,15295,15278,9588,15710,12817,14930,17962,13072,15469,12905,12816,17964,17954,12818,15310,15470,15709,15711,9051,16099,77,16100],"class_list":["entry","author-pachi","post-27672","post","type-post","status-publish","format-standard","has-post-thumbnail","category-luis-escalante-ozalla","category-la-odisea-de-la-musica-afroamericana","category-podcast","category-sonidos","category-contenidos","tag-25th-street-all-stars","tag-audioblog","tag-ben-webster","tag-billy-byers-orchestra","tag-coleman-hawkins","tag-coleman-hawkins-ben-webster","tag-coleman-hawkins-billy-byers-orchestra","tag-coleman-hawkins-henry-red-allen","tag-coleman-hawkins-johnny-hodges-roy-eldridge","tag-coleman-hawkins-leslie-scott","tag-coleman-hawkins-manny-alban-orchestra","tag-henry-red-allen","tag-historia-del-jazz","tag-jazz","tag-jazz-clasico","tag-jazz-en-espana","tag-jazz-en-espanol","tag-jazz-podcast","tag-johnny-hodges","tag-la-actualidad-del-jazz-en-espana","tag-la-odisea-de-la-musica-afroamericana","tag-laura-figy","tag-leslie-scott","tag-lodlma","tag-luis-escalanta-ozalla","tag-luis-escalante","tag-luis-escalante-ozalla","tag-manny-alban-orchestra","tag-mark-murphy-coleman-hawkins-25th-street-all-stars","tag-podcast","tag-podcast-de-jazz","tag-podcast-de-jazz-clasico","tag-podcast-de-jazz-en-espana","tag-podcast-de-jazz-en-espanol","tag-roy-eldridge","tag-toma-jazz","tag-tomajazz","tag-tomajazz-toma-jazz"],"jetpack_featured_media_url":"https:\/\/tomajazz.com\/web\/wp-content\/uploads\/2016\/11\/Coleman_Hawkins_1945_Billboard-Magazine.jpg","jetpack_likes_enabled":true,"jetpack_sharing_enabled":true,"jetpack-related-posts":[{"id":27474,"url":"https:\/\/tomajazz.com\/web\/coleman-hawkins-la-odisea-de-la-musica-afroamericana-072-podcast\/","url_meta":{"origin":27672,"position":0},"title":"Coleman Hawkins (I). La Odisea de la M\u00fasica Afroamericana (072) [Podcast]","author":"Tomajazz","date":"14 noviembre, 2016","format":false,"excerpt":"La Odisea de la M\u00fasica Afroamericana es un programa de radio dirigido, presentado y producido por Luis Escalante Ozalla, autor del libro Y se hace m\u00fasica al andar con swing. Si la importancia de un m\u00fasico se midiese\u00a0por los m\u00fasicos con los que toc\u00f3, se llegar\u00eda a la conclusi\u00f3n de\u2026","rel":"","context":"En \u00ab*_Luis Escalante Ozalla\u00bb","block_context":{"text":"*_Luis Escalante Ozalla","link":"https:\/\/tomajazz.com\/web\/category\/luis-escalante-ozalla\/"},"img":{"alt_text":"","src":"https:\/\/i0.wp.com\/tomajazz.com\/web\/wp-content\/uploads\/2016\/11\/Coleman_Hawkins_Gottlieb_03991.jpg?resize=350%2C200&ssl=1","width":350,"height":200,"srcset":"https:\/\/i0.wp.com\/tomajazz.com\/web\/wp-content\/uploads\/2016\/11\/Coleman_Hawkins_Gottlieb_03991.jpg?resize=350%2C200&ssl=1 1x, https:\/\/i0.wp.com\/tomajazz.com\/web\/wp-content\/uploads\/2016\/11\/Coleman_Hawkins_Gottlieb_03991.jpg?resize=525%2C300&ssl=1 1.5x, https:\/\/i0.wp.com\/tomajazz.com\/web\/wp-content\/uploads\/2016\/11\/Coleman_Hawkins_Gottlieb_03991.jpg?resize=700%2C400&ssl=1 2x"},"classes":[]},{"id":26903,"url":"https:\/\/tomajazz.com\/web\/duke-ellington-v-la-odisea-de-la-musica-afroamericana-068-podcast\/","url_meta":{"origin":27672,"position":1},"title":"Duke Ellington (V). La Odisea de la M\u00fasica Afroamericana (068) [Podcast]","author":"Tomajazz","date":"17 octubre, 2016","format":false,"excerpt":"La quinta entrega de La Odisea de la M\u00fasica Afroamericana dedicada a la figura de Duke Ellington contin\u00faa realizando un repaso por los grandes solistas de las orquestas del Duque. La Odisea de la M\u00fasica Afroamericana es un programa de radio dirigido, presentado y producido por Luis Escalante Ozalla, autor\u2026","rel":"","context":"En \u00ab*_Luis Escalante Ozalla\u00bb","block_context":{"text":"*_Luis Escalante Ozalla","link":"https:\/\/tomajazz.com\/web\/category\/luis-escalante-ozalla\/"},"img":{"alt_text":"","src":"https:\/\/i0.wp.com\/tomajazz.com\/web\/wp-content\/uploads\/2016\/10\/Duke_Ellington_Aventure_du_Jazz-e1476618183564.jpg?resize=350%2C200&ssl=1","width":350,"height":200,"srcset":"https:\/\/i0.wp.com\/tomajazz.com\/web\/wp-content\/uploads\/2016\/10\/Duke_Ellington_Aventure_du_Jazz-e1476618183564.jpg?resize=350%2C200&ssl=1 1x, https:\/\/i0.wp.com\/tomajazz.com\/web\/wp-content\/uploads\/2016\/10\/Duke_Ellington_Aventure_du_Jazz-e1476618183564.jpg?resize=525%2C300&ssl=1 1.5x, https:\/\/i0.wp.com\/tomajazz.com\/web\/wp-content\/uploads\/2016\/10\/Duke_Ellington_Aventure_du_Jazz-e1476618183564.jpg?resize=700%2C400&ssl=1 2x"},"classes":[]},{"id":27323,"url":"https:\/\/tomajazz.com\/web\/duke-ellington-viii-la-odisea-de-la-musica-afroamericana-071-podcast\/","url_meta":{"origin":27672,"position":2},"title":"Duke Ellington (VIII). La Odisea de la M\u00fasica Afroamericana (071) [Podcast]","author":"Tomajazz","date":"7 noviembre, 2016","format":false,"excerpt":"La Odisea de la M\u00fasica Afroamericana es un programa de radio dirigido, presentado y producido por Luis Escalante Ozalla, autor del libro Y se hace m\u00fasica al andar con swing. El cap\u00edtulo 71 de La Odisea de la M\u00fasica Afroamericana de Luis Escalante llega a la octava parada dedicada al\u2026","rel":"","context":"En \u00ab*_Luis Escalante Ozalla\u00bb","block_context":{"text":"*_Luis Escalante Ozalla","link":"https:\/\/tomajazz.com\/web\/category\/luis-escalante-ozalla\/"},"img":{"alt_text":"","src":"https:\/\/i0.wp.com\/tomajazz.com\/web\/wp-content\/uploads\/2016\/11\/Ellington-poses-with-his-piano-at-the-KFG-Radio-Studio-November-3-1954-e1478467126922.jpeg?resize=350%2C200&ssl=1","width":350,"height":200,"srcset":"https:\/\/i0.wp.com\/tomajazz.com\/web\/wp-content\/uploads\/2016\/11\/Ellington-poses-with-his-piano-at-the-KFG-Radio-Studio-November-3-1954-e1478467126922.jpeg?resize=350%2C200&ssl=1 1x, https:\/\/i0.wp.com\/tomajazz.com\/web\/wp-content\/uploads\/2016\/11\/Ellington-poses-with-his-piano-at-the-KFG-Radio-Studio-November-3-1954-e1478467126922.jpeg?resize=525%2C300&ssl=1 1.5x, https:\/\/i0.wp.com\/tomajazz.com\/web\/wp-content\/uploads\/2016\/11\/Ellington-poses-with-his-piano-at-the-KFG-Radio-Studio-November-3-1954-e1478467126922.jpeg?resize=700%2C400&ssl=1 2x"},"classes":[]},{"id":27832,"url":"https:\/\/tomajazz.com\/web\/coleman-hawkins-iii-benny-carter-i-la-odisea-de-la-musica-afroamericana-074-podcast\/","url_meta":{"origin":27672,"position":3},"title":"Coleman Hawkins (III) &#8211; Benny Carter (I). La Odisea de la M\u00fasica Afroamericana (074) [Podcast]","author":"Tomajazz","date":"28 noviembre, 2016","format":false,"excerpt":"La Odisea de la M\u00fasica Afroamericana es un programa de radio dirigido, presentado y producido por Luis Escalante Ozalla, autor del libro Y se hace m\u00fasica al andar con swing. En la entrega n\u00famero 74 de La Odisea de la M\u00fasica Afroamericana\u00a0los protagonistas son Coleman Hawkins, pero especialmente el multi-instrumentista\u2026","rel":"","context":"En \u00ab*_Luis Escalante Ozalla\u00bb","block_context":{"text":"*_Luis Escalante Ozalla","link":"https:\/\/tomajazz.com\/web\/category\/luis-escalante-ozalla\/"},"img":{"alt_text":"","src":"https:\/\/i0.wp.com\/tomajazz.com\/web\/wp-content\/uploads\/2016\/11\/Coleman-Hawkins-Benny-Carter.jpg?resize=350%2C200&ssl=1","width":350,"height":200,"srcset":"https:\/\/i0.wp.com\/tomajazz.com\/web\/wp-content\/uploads\/2016\/11\/Coleman-Hawkins-Benny-Carter.jpg?resize=350%2C200&ssl=1 1x, https:\/\/i0.wp.com\/tomajazz.com\/web\/wp-content\/uploads\/2016\/11\/Coleman-Hawkins-Benny-Carter.jpg?resize=525%2C300&ssl=1 1.5x"},"classes":[]},{"id":30710,"url":"https:\/\/tomajazz.com\/web\/especial-la-odisea-de-la-musica-afroamericana-numero-100-podcast\/","url_meta":{"origin":27672,"position":4},"title":"Especial La Odisea de la M\u00fasica Afroamericana n\u00famero 100 [Podcast]","author":"Tomajazz","date":"29 mayo, 2017","format":false,"excerpt":"La Odisea de la M\u00fasica Afroamericana es un programa de radio dirigido, presentado y producido por Luis Escalante Ozalla, autor de los libros Nueva Orleans (1717-1917): Sexo, Raza y Jass y Y se hace m\u00fasica al andar con swing. La Odisea de la M\u00fasica Afroamericana\u00a0de\u00a0Luis Escalante Ozalla realiza un par\u00f3n\u2026","rel":"","context":"En \u00ab*_Don Kuto\u00bb","block_context":{"text":"*_Don Kuto","link":"https:\/\/tomajazz.com\/web\/category\/don-kuto\/"},"img":{"alt_text":"","src":"https:\/\/i0.wp.com\/tomajazz.com\/web\/wp-content\/uploads\/2017\/05\/A-great-Day-In-Harlem-by-Art-Kane.jpg?resize=350%2C200&ssl=1","width":350,"height":200,"srcset":"https:\/\/i0.wp.com\/tomajazz.com\/web\/wp-content\/uploads\/2017\/05\/A-great-Day-In-Harlem-by-Art-Kane.jpg?resize=350%2C200&ssl=1 1x, https:\/\/i0.wp.com\/tomajazz.com\/web\/wp-content\/uploads\/2017\/05\/A-great-Day-In-Harlem-by-Art-Kane.jpg?resize=525%2C300&ssl=1 1.5x, https:\/\/i0.wp.com\/tomajazz.com\/web\/wp-content\/uploads\/2017\/05\/A-great-Day-In-Harlem-by-Art-Kane.jpg?resize=700%2C400&ssl=1 2x, https:\/\/i0.wp.com\/tomajazz.com\/web\/wp-content\/uploads\/2017\/05\/A-great-Day-In-Harlem-by-Art-Kane.jpg?resize=1050%2C600&ssl=1 3x, https:\/\/i0.wp.com\/tomajazz.com\/web\/wp-content\/uploads\/2017\/05\/A-great-Day-In-Harlem-by-Art-Kane.jpg?resize=1400%2C800&ssl=1 4x"},"classes":[]},{"id":31193,"url":"https:\/\/tomajazz.com\/web\/365-razones-para-amar-el-jazz-un-disco-y-un-concierto-de-gigantes-hawkins-eldridge-hodges-alive-at-the-village-gate-181\/","url_meta":{"origin":27672,"position":5},"title":"365 razones para amar el jazz: un disco y un concierto de gigantes. Hawkins! Eldridge! Hodges! Alive! At The Village Gate! [181]","author":"Tomajazz","date":"30 junio, 2017","format":false,"excerpt":"Un disco y un concierto de gigantes. Coleman Hawkins, Roy Eldridge, Johnny Hodges: Hawkins! Eldridge! Hodges! Alive! At The Village Gate! (Verve, 1962) Seleccionado por\u00a0Kuto","rel":"","context":"En \u00ab*_Don Kuto\u00bb","block_context":{"text":"*_Don Kuto","link":"https:\/\/tomajazz.com\/web\/category\/don-kuto\/"},"img":{"alt_text":"","src":"https:\/\/i0.wp.com\/tomajazz.com\/web\/wp-content\/uploads\/2017\/06\/Coleman-Hawkins-Roy-Eldridge-Johnny-Hodges_Hawkins-Eldridge-Hodges-Alive-At-The-Village-Gate_Verve_1962.jpg?resize=350%2C200&ssl=1","width":350,"height":200},"classes":[]}],"_links":{"self":[{"href":"https:\/\/tomajazz.com\/web\/wp-json\/wp\/v2\/posts\/27672","targetHints":{"allow":["GET"]}}],"collection":[{"href":"https:\/\/tomajazz.com\/web\/wp-json\/wp\/v2\/posts"}],"about":[{"href":"https:\/\/tomajazz.com\/web\/wp-json\/wp\/v2\/types\/post"}],"author":[{"embeddable":true,"href":"https:\/\/tomajazz.com\/web\/wp-json\/wp\/v2\/users\/1"}],"replies":[{"embeddable":true,"href":"https:\/\/tomajazz.com\/web\/wp-json\/wp\/v2\/comments?post=27672"}],"version-history":[{"count":2,"href":"https:\/\/tomajazz.com\/web\/wp-json\/wp\/v2\/posts\/27672\/revisions"}],"predecessor-version":[{"id":27675,"href":"https:\/\/tomajazz.com\/web\/wp-json\/wp\/v2\/posts\/27672\/revisions\/27675"}],"wp:featuredmedia":[{"embeddable":true,"href":"https:\/\/tomajazz.com\/web\/wp-json\/wp\/v2\/media\/27673"}],"wp:attachment":[{"href":"https:\/\/tomajazz.com\/web\/wp-json\/wp\/v2\/media?parent=27672"}],"wp:term":[{"taxonomy":"category","embeddable":true,"href":"https:\/\/tomajazz.com\/web\/wp-json\/wp\/v2\/categories?post=27672"},{"taxonomy":"post_tag","embeddable":true,"href":"https:\/\/tomajazz.com\/web\/wp-json\/wp\/v2\/tags?post=27672"}],"curies":[{"name":"wp","href":"https:\/\/api.w.org\/{rel}","templated":true}]}}