{"id":27676,"date":"2016-11-22T11:00:06","date_gmt":"2016-11-22T10:00:06","guid":{"rendered":"http:\/\/www.tomajazz.com\/web\/?p=27676"},"modified":"2016-11-30T20:35:34","modified_gmt":"2016-11-30T19:35:34","slug":"instantzz-aka-moon-the-scarlatti-book-sonata-inspiration-conservatoire-a-rayonnement-regional-auditorium-28eme-festival-jazzebre-perpignan-france-2016-10-18","status":"publish","type":"post","link":"https:\/\/tomajazz.com\/web\/instantzz-aka-moon-the-scarlatti-book-sonata-inspiration-conservatoire-a-rayonnement-regional-auditorium-28eme-festival-jazzebre-perpignan-france-2016-10-18\/","title":{"rendered":"INSTANTZZ: Aka Moon \u00abThe Scarlatti Book \u2013Sonata Inspiration-\u00bb (Conservatoire \u00e0 Rayonnement R\u00e9gional &#8211; Auditorium, 28\u00e8me Festival Jazz\u00e8bre, Perpignan -France-. 2016-10-18)"},"content":{"rendered":"<ul>\n<li>Fecha: Martes, 18 de octubre de 2016<\/li>\n<li>Lugar: Conservatoire \u00e0 Rayonnement R\u00e9gional &#8211; Auditorium<\/li>\n<li>Componentes:<br \/>\n<strong>Aka Moon<br \/>\n<\/strong>Fabrizio Cassol, saxo alto<br \/>\nMichel Hatzigeorgiou, bajo<br \/>\nSt\u00e9phane Galland, bater\u00eda<br \/>\n&amp;<br \/>\nFabian Fiorini, piano<\/li>\n<\/ul>\n<p style=\"text-align: center;\"><img loading=\"lazy\" decoding=\"async\" class=\"aligncenter size-large wp-image-27678\" src=\"http:\/\/www.tomajazz.com\/web\/wp-content\/uploads\/2016\/11\/01_kMn-\u00a9Joan-Cort\u00e8s_18oct16_Cnsrvtr_28Jzzbr_Prpgnn-399x600.jpg\" alt=\"01_kmn-joan-cortes_18oct16_cnsrvtr_28jzzbr_prpgnn\" width=\"399\" height=\"600\" title=\"\" srcset=\"https:\/\/tomajazz.com\/web\/wp-content\/uploads\/2016\/11\/01_kMn-\u00a9Joan-Cort\u00e8s_18oct16_Cnsrvtr_28Jzzbr_Prpgnn.jpg 399w, https:\/\/tomajazz.com\/web\/wp-content\/uploads\/2016\/11\/01_kMn-\u00a9Joan-Cort\u00e8s_18oct16_Cnsrvtr_28Jzzbr_Prpgnn-200x300.jpg 200w, https:\/\/tomajazz.com\/web\/wp-content\/uploads\/2016\/11\/01_kMn-\u00a9Joan-Cort\u00e8s_18oct16_Cnsrvtr_28Jzzbr_Prpgnn-37x55.jpg 37w\" sizes=\"auto, (max-width: 399px) 100vw, 399px\" \/><\/p>\n<p style=\"text-align: center;\"><img loading=\"lazy\" decoding=\"async\" class=\"aligncenter size-large wp-image-27679\" src=\"http:\/\/www.tomajazz.com\/web\/wp-content\/uploads\/2016\/11\/02_kMn-\u00a9Joan-Cort\u00e8s_18oct16_Cnsrvtr_28Jzzbr_Prpgnn-399x600.jpg\" alt=\"02_kmn-joan-cortes_18oct16_cnsrvtr_28jzzbr_prpgnn\" width=\"399\" height=\"600\" title=\"\" srcset=\"https:\/\/tomajazz.com\/web\/wp-content\/uploads\/2016\/11\/02_kMn-\u00a9Joan-Cort\u00e8s_18oct16_Cnsrvtr_28Jzzbr_Prpgnn.jpg 399w, https:\/\/tomajazz.com\/web\/wp-content\/uploads\/2016\/11\/02_kMn-\u00a9Joan-Cort\u00e8s_18oct16_Cnsrvtr_28Jzzbr_Prpgnn-200x300.jpg 200w, https:\/\/tomajazz.com\/web\/wp-content\/uploads\/2016\/11\/02_kMn-\u00a9Joan-Cort\u00e8s_18oct16_Cnsrvtr_28Jzzbr_Prpgnn-37x55.jpg 37w\" sizes=\"auto, (max-width: 399px) 100vw, 399px\" \/><\/p>\n<p style=\"text-align: center;\"><img loading=\"lazy\" decoding=\"async\" class=\"aligncenter size-large wp-image-27680\" src=\"http:\/\/www.tomajazz.com\/web\/wp-content\/uploads\/2016\/11\/03_kMn-\u00a9Joan-Cort\u00e8s_18oct16_Cnsrvtr_28Jzzbr_Prpgnn-600x399.jpg\" alt=\"03_kmn-joan-cortes_18oct16_cnsrvtr_28jzzbr_prpgnn\" width=\"600\" height=\"399\" title=\"\" srcset=\"https:\/\/tomajazz.com\/web\/wp-content\/uploads\/2016\/11\/03_kMn-\u00a9Joan-Cort\u00e8s_18oct16_Cnsrvtr_28Jzzbr_Prpgnn.jpg 600w, https:\/\/tomajazz.com\/web\/wp-content\/uploads\/2016\/11\/03_kMn-\u00a9Joan-Cort\u00e8s_18oct16_Cnsrvtr_28Jzzbr_Prpgnn-200x133.jpg 200w, https:\/\/tomajazz.com\/web\/wp-content\/uploads\/2016\/11\/03_kMn-\u00a9Joan-Cort\u00e8s_18oct16_Cnsrvtr_28Jzzbr_Prpgnn-83x55.jpg 83w, https:\/\/tomajazz.com\/web\/wp-content\/uploads\/2016\/11\/03_kMn-\u00a9Joan-Cort\u00e8s_18oct16_Cnsrvtr_28Jzzbr_Prpgnn-60x40.jpg 60w, https:\/\/tomajazz.com\/web\/wp-content\/uploads\/2016\/11\/03_kMn-\u00a9Joan-Cort\u00e8s_18oct16_Cnsrvtr_28Jzzbr_Prpgnn-120x80.jpg 120w\" sizes=\"auto, (max-width: 600px) 100vw, 600px\" \/><\/p>\n<p style=\"text-align: center;\"><img loading=\"lazy\" decoding=\"async\" class=\"aligncenter size-large wp-image-27681\" src=\"http:\/\/www.tomajazz.com\/web\/wp-content\/uploads\/2016\/11\/04_kMn-\u00a9Joan-Cort\u00e8s_18oct16_Cnsrvtr_28Jzzbr_Prpgnn-399x600.jpg\" alt=\"04_kmn-joan-cortes_18oct16_cnsrvtr_28jzzbr_prpgnn\" width=\"399\" height=\"600\" title=\"\" srcset=\"https:\/\/tomajazz.com\/web\/wp-content\/uploads\/2016\/11\/04_kMn-\u00a9Joan-Cort\u00e8s_18oct16_Cnsrvtr_28Jzzbr_Prpgnn.jpg 399w, https:\/\/tomajazz.com\/web\/wp-content\/uploads\/2016\/11\/04_kMn-\u00a9Joan-Cort\u00e8s_18oct16_Cnsrvtr_28Jzzbr_Prpgnn-200x300.jpg 200w, https:\/\/tomajazz.com\/web\/wp-content\/uploads\/2016\/11\/04_kMn-\u00a9Joan-Cort\u00e8s_18oct16_Cnsrvtr_28Jzzbr_Prpgnn-37x55.jpg 37w\" sizes=\"auto, (max-width: 399px) 100vw, 399px\" \/><\/p>\n<p style=\"text-align: center;\"><img loading=\"lazy\" decoding=\"async\" class=\"aligncenter size-large wp-image-27682\" src=\"http:\/\/www.tomajazz.com\/web\/wp-content\/uploads\/2016\/11\/05_kMn-\u00a9Joan-Cort\u00e8s_18oct16_Cnsrvtr_28Jzzbr_Prpgnn-600x399.jpg\" alt=\"05_kmn-joan-cortes_18oct16_cnsrvtr_28jzzbr_prpgnn\" width=\"600\" height=\"399\" title=\"\" srcset=\"https:\/\/tomajazz.com\/web\/wp-content\/uploads\/2016\/11\/05_kMn-\u00a9Joan-Cort\u00e8s_18oct16_Cnsrvtr_28Jzzbr_Prpgnn.jpg 600w, https:\/\/tomajazz.com\/web\/wp-content\/uploads\/2016\/11\/05_kMn-\u00a9Joan-Cort\u00e8s_18oct16_Cnsrvtr_28Jzzbr_Prpgnn-200x133.jpg 200w, https:\/\/tomajazz.com\/web\/wp-content\/uploads\/2016\/11\/05_kMn-\u00a9Joan-Cort\u00e8s_18oct16_Cnsrvtr_28Jzzbr_Prpgnn-83x55.jpg 83w, https:\/\/tomajazz.com\/web\/wp-content\/uploads\/2016\/11\/05_kMn-\u00a9Joan-Cort\u00e8s_18oct16_Cnsrvtr_28Jzzbr_Prpgnn-60x40.jpg 60w, https:\/\/tomajazz.com\/web\/wp-content\/uploads\/2016\/11\/05_kMn-\u00a9Joan-Cort\u00e8s_18oct16_Cnsrvtr_28Jzzbr_Prpgnn-120x80.jpg 120w\" sizes=\"auto, (max-width: 600px) 100vw, 600px\" \/><\/p>\n<p style=\"text-align: center;\"><img loading=\"lazy\" decoding=\"async\" class=\"aligncenter size-large wp-image-27683\" src=\"http:\/\/www.tomajazz.com\/web\/wp-content\/uploads\/2016\/11\/06_kMn-\u00a9Joan-Cort\u00e8s_18oct16_Cnsrvtr_28Jzzbr_Prpgnn-399x600.jpg\" alt=\"06_kmn-joan-cortes_18oct16_cnsrvtr_28jzzbr_prpgnn\" width=\"399\" height=\"600\" title=\"\" srcset=\"https:\/\/tomajazz.com\/web\/wp-content\/uploads\/2016\/11\/06_kMn-\u00a9Joan-Cort\u00e8s_18oct16_Cnsrvtr_28Jzzbr_Prpgnn.jpg 399w, https:\/\/tomajazz.com\/web\/wp-content\/uploads\/2016\/11\/06_kMn-\u00a9Joan-Cort\u00e8s_18oct16_Cnsrvtr_28Jzzbr_Prpgnn-200x300.jpg 200w, https:\/\/tomajazz.com\/web\/wp-content\/uploads\/2016\/11\/06_kMn-\u00a9Joan-Cort\u00e8s_18oct16_Cnsrvtr_28Jzzbr_Prpgnn-37x55.jpg 37w\" sizes=\"auto, (max-width: 399px) 100vw, 399px\" \/><\/p>\n<p style=\"text-align: center;\"><img loading=\"lazy\" decoding=\"async\" class=\"aligncenter size-large wp-image-27684\" src=\"http:\/\/www.tomajazz.com\/web\/wp-content\/uploads\/2016\/11\/07_kMn-\u00a9Joan-Cort\u00e8s_18oct16_Cnsrvtr_28Jzzbr_Prpgnn-600x399.jpg\" alt=\"07_kmn-joan-cortes_18oct16_cnsrvtr_28jzzbr_prpgnn\" width=\"600\" height=\"399\" title=\"\" srcset=\"https:\/\/tomajazz.com\/web\/wp-content\/uploads\/2016\/11\/07_kMn-\u00a9Joan-Cort\u00e8s_18oct16_Cnsrvtr_28Jzzbr_Prpgnn.jpg 600w, https:\/\/tomajazz.com\/web\/wp-content\/uploads\/2016\/11\/07_kMn-\u00a9Joan-Cort\u00e8s_18oct16_Cnsrvtr_28Jzzbr_Prpgnn-200x133.jpg 200w, https:\/\/tomajazz.com\/web\/wp-content\/uploads\/2016\/11\/07_kMn-\u00a9Joan-Cort\u00e8s_18oct16_Cnsrvtr_28Jzzbr_Prpgnn-83x55.jpg 83w, https:\/\/tomajazz.com\/web\/wp-content\/uploads\/2016\/11\/07_kMn-\u00a9Joan-Cort\u00e8s_18oct16_Cnsrvtr_28Jzzbr_Prpgnn-60x40.jpg 60w, https:\/\/tomajazz.com\/web\/wp-content\/uploads\/2016\/11\/07_kMn-\u00a9Joan-Cort\u00e8s_18oct16_Cnsrvtr_28Jzzbr_Prpgnn-120x80.jpg 120w\" sizes=\"auto, (max-width: 600px) 100vw, 600px\" \/><\/p>\n<p style=\"text-align: center;\"><img loading=\"lazy\" decoding=\"async\" class=\"aligncenter size-large wp-image-27685\" src=\"http:\/\/www.tomajazz.com\/web\/wp-content\/uploads\/2016\/11\/08_kMn-\u00a9Joan-Cort\u00e8s_18oct16_Cnsrvtr_28Jzzbr_Prpgnn-600x399.jpg\" alt=\"08_kmn-joan-cortes_18oct16_cnsrvtr_28jzzbr_prpgnn\" width=\"600\" height=\"399\" title=\"\" srcset=\"https:\/\/tomajazz.com\/web\/wp-content\/uploads\/2016\/11\/08_kMn-\u00a9Joan-Cort\u00e8s_18oct16_Cnsrvtr_28Jzzbr_Prpgnn.jpg 600w, https:\/\/tomajazz.com\/web\/wp-content\/uploads\/2016\/11\/08_kMn-\u00a9Joan-Cort\u00e8s_18oct16_Cnsrvtr_28Jzzbr_Prpgnn-200x133.jpg 200w, https:\/\/tomajazz.com\/web\/wp-content\/uploads\/2016\/11\/08_kMn-\u00a9Joan-Cort\u00e8s_18oct16_Cnsrvtr_28Jzzbr_Prpgnn-83x55.jpg 83w, https:\/\/tomajazz.com\/web\/wp-content\/uploads\/2016\/11\/08_kMn-\u00a9Joan-Cort\u00e8s_18oct16_Cnsrvtr_28Jzzbr_Prpgnn-60x40.jpg 60w, https:\/\/tomajazz.com\/web\/wp-content\/uploads\/2016\/11\/08_kMn-\u00a9Joan-Cort\u00e8s_18oct16_Cnsrvtr_28Jzzbr_Prpgnn-120x80.jpg 120w\" sizes=\"auto, (max-width: 600px) 100vw, 600px\" \/><\/p>\n<p style=\"text-align: center;\"><img loading=\"lazy\" decoding=\"async\" class=\"aligncenter size-large wp-image-27686\" src=\"http:\/\/www.tomajazz.com\/web\/wp-content\/uploads\/2016\/11\/09_kMn-\u00a9Joan-Cort\u00e8s_18oct16_Cnsrvtr_28Jzzbr_Prpgnn-600x399.jpg\" alt=\"09_kmn-joan-cortes_18oct16_cnsrvtr_28jzzbr_prpgnn\" width=\"600\" height=\"399\" title=\"\" srcset=\"https:\/\/tomajazz.com\/web\/wp-content\/uploads\/2016\/11\/09_kMn-\u00a9Joan-Cort\u00e8s_18oct16_Cnsrvtr_28Jzzbr_Prpgnn.jpg 600w, https:\/\/tomajazz.com\/web\/wp-content\/uploads\/2016\/11\/09_kMn-\u00a9Joan-Cort\u00e8s_18oct16_Cnsrvtr_28Jzzbr_Prpgnn-200x133.jpg 200w, https:\/\/tomajazz.com\/web\/wp-content\/uploads\/2016\/11\/09_kMn-\u00a9Joan-Cort\u00e8s_18oct16_Cnsrvtr_28Jzzbr_Prpgnn-83x55.jpg 83w, https:\/\/tomajazz.com\/web\/wp-content\/uploads\/2016\/11\/09_kMn-\u00a9Joan-Cort\u00e8s_18oct16_Cnsrvtr_28Jzzbr_Prpgnn-60x40.jpg 60w, https:\/\/tomajazz.com\/web\/wp-content\/uploads\/2016\/11\/09_kMn-\u00a9Joan-Cort\u00e8s_18oct16_Cnsrvtr_28Jzzbr_Prpgnn-120x80.jpg 120w\" sizes=\"auto, (max-width: 600px) 100vw, 600px\" \/><\/p>\n<p style=\"text-align: center;\"><img loading=\"lazy\" decoding=\"async\" class=\"aligncenter size-large wp-image-27687\" src=\"http:\/\/www.tomajazz.com\/web\/wp-content\/uploads\/2016\/11\/10_kMn-\u00a9Joan-Cort\u00e8s_18oct16_Cnsrvtr_28Jzzbr_Prpgnn-600x399.jpg\" alt=\"10_kmn-joan-cortes_18oct16_cnsrvtr_28jzzbr_prpgnn\" width=\"600\" height=\"399\" title=\"\" srcset=\"https:\/\/tomajazz.com\/web\/wp-content\/uploads\/2016\/11\/10_kMn-\u00a9Joan-Cort\u00e8s_18oct16_Cnsrvtr_28Jzzbr_Prpgnn.jpg 600w, https:\/\/tomajazz.com\/web\/wp-content\/uploads\/2016\/11\/10_kMn-\u00a9Joan-Cort\u00e8s_18oct16_Cnsrvtr_28Jzzbr_Prpgnn-200x133.jpg 200w, https:\/\/tomajazz.com\/web\/wp-content\/uploads\/2016\/11\/10_kMn-\u00a9Joan-Cort\u00e8s_18oct16_Cnsrvtr_28Jzzbr_Prpgnn-83x55.jpg 83w, https:\/\/tomajazz.com\/web\/wp-content\/uploads\/2016\/11\/10_kMn-\u00a9Joan-Cort\u00e8s_18oct16_Cnsrvtr_28Jzzbr_Prpgnn-60x40.jpg 60w, https:\/\/tomajazz.com\/web\/wp-content\/uploads\/2016\/11\/10_kMn-\u00a9Joan-Cort\u00e8s_18oct16_Cnsrvtr_28Jzzbr_Prpgnn-120x80.jpg 120w\" sizes=\"auto, (max-width: 600px) 100vw, 600px\" \/><\/p>\n<p>&nbsp;<\/p>\n<p style=\"text-align: right;\">\u00a9 Joan Cort\u00e8s, 2016<\/p>\n","protected":false},"excerpt":{"rendered":"<p>Joan Cort\u00e8s retrata, galer\u00eda fotogr\u00e1fia mediante, al grupo Aka Moon con su proyecto \u00abThe Scarlatti Book &#8211; Sonata Instipation\u00bb en el 28\u00e8me Festival Jazz\u00e8bre de Perpignan <span class=\"more-link\"><a href=\"https:\/\/tomajazz.com\/web\/instantzz-aka-moon-the-scarlatti-book-sonata-inspiration-conservatoire-a-rayonnement-regional-auditorium-28eme-festival-jazzebre-perpignan-france-2016-10-18\/\">Contin\u00faa leyendo<\/a><\/span><\/p>\n","protected":false},"author":1,"featured_media":27687,"comment_status":"open","ping_status":"closed","sticky":false,"template":"","format":"standard","meta":{"jetpack_post_was_ever_published":false,"_jetpack_newsletter_access":"","_jetpack_dont_email_post_to_subs":true,"_jetpack_newsletter_tier_id":0,"_jetpack_memberships_contains_paywalled_content":false,"_jetpack_memberships_contains_paid_content":false,"footnotes":""},"categories":[17853,11262,15516,11261,1038],"tags":[17744,7970,17965,12836,15314,17966,7971,8051,17745,15656,12656,12796,12755,15318,15317,15655,15275,15654,11263,13,15312,12415,15295,15313,1041,15710,7974,12657,7975,16099,77,16100],"class_list":["entry","author-pachi","has-excerpt","post-27676","post","type-post","status-publish","format-standard","has-post-thumbnail","category-joan-cortes","category-photoblogs","category-imagenes","category-instantzz","category-contenidos","tag-28eme-festival-jazzebre","tag-aka-moon","tag-aka-moon-the-scarlatti-book-sonata-inspiration","tag-concierto","tag-concierto-de-jazz","tag-conservatoire-a-rayonnement-regional-auditorium-perpignan-francia","tag-fabian-fiorini","tag-fabrizio-cassol","tag-festival-jazzebre","tag-foto-galeria-de-jazz","tag-fotoblog","tag-fotografia-de-jazz","tag-fotografias-de-jazz","tag-fotografos-de-jazz","tag-fotos-de-jazz","tag-galeria-de-fotos-de-jazz","tag-galeria-fotografica","tag-galeria-fotografica-de-jazz","tag-instantzz-2","tag-jazz","tag-jazz-en-directo","tag-jazz-en-espana","tag-jazz-en-espanol","tag-jazz-en-vivo","tag-joan-cortes","tag-la-actualidad-del-jazz-en-espana","tag-michel-hatzigeorgiou","tag-photoblog","tag-stephane-galland","tag-toma-jazz","tag-tomajazz","tag-tomajazz-toma-jazz"],"jetpack_featured_media_url":"https:\/\/tomajazz.com\/web\/wp-content\/uploads\/2016\/11\/10_kMn-\u00a9Joan-Cort\u00e8s_18oct16_Cnsrvtr_28Jzzbr_Prpgnn.jpg","jetpack_likes_enabled":true,"jetpack_sharing_enabled":true,"jetpack-related-posts":[{"id":101142,"url":"https:\/\/tomajazz.com\/web\/clea-torales-jazzebre-2025\/","url_meta":{"origin":27676,"position":0},"title":"Cl\u00e9a Torales \u00abBalade au Mus\u00e9e\u00bb (37 Jazz\u00e8bre \/ Mus\u00e9e d\u2019Art Hyacinthe Rigaud, 2025-10-12 \/ Perpignan -France-) [6] Por Joan Cort\u00e8s [INSTANTZZ AKA Galer\u00eda fotogr\u00e1fica AKA Fotoblog de jazz, impro\u2026 y algo m\u00e1s]","author":"Tomajazz","date":"30 octubre, 2025","format":false,"excerpt":"Cl\u00e9a Torales \u00abBalade au Mus\u00e9e\u00bb actu\u00f3 en el 37 Jazz\u00e8bre 2025 en Perpignan -Francia-. Joan Cort\u00e8s retrata el concierto en INSTANTZZ","rel":"","context":"En \u00ab37 Jazz\u00e8bre 2025\u00bb","block_context":{"text":"37 Jazz\u00e8bre 2025","link":"https:\/\/tomajazz.com\/web\/category\/contenidos\/especial-contenidos\/37-jazzebre-2025\/"},"img":{"alt_text":"Cl\u00e9a Torales \u00abBalade au Mus\u00e9e\u00bb (37 Jazz\u00e8bre \/ Mus\u00e9e d\u2019Art Hyacinthe Rigaud, 2025-10-12 \/ Perpignan -France-) [6] Por Joan Cort\u00e8s [INSTANTZZ AKA Galer\u00eda fotogr\u00e1fica AKA Fotoblog de jazz, impro\u2026 y algo m\u00e1s] - Tomajazz - Cl\u00e9a Torales \u00abBalade au Mus\u00e9e\u00bb actu\u00f3 en el 37 Jazz\u00e8bre 2025 en Perpignan -Francia-. Joan Cort\u00e8s retrata el concierto en INSTANTZZ","src":"https:\/\/i0.wp.com\/tomajazz.com\/web\/wp-content\/uploads\/2025\/10\/05-Cl-Trls-Joan-Cortes-12ctb25-MrHR-37Jzzbr-Prpgnn.jpg?resize=350%2C200&ssl=1","width":350,"height":200,"srcset":"https:\/\/i0.wp.com\/tomajazz.com\/web\/wp-content\/uploads\/2025\/10\/05-Cl-Trls-Joan-Cortes-12ctb25-MrHR-37Jzzbr-Prpgnn.jpg?resize=350%2C200&ssl=1 1x, https:\/\/i0.wp.com\/tomajazz.com\/web\/wp-content\/uploads\/2025\/10\/05-Cl-Trls-Joan-Cortes-12ctb25-MrHR-37Jzzbr-Prpgnn.jpg?resize=525%2C300&ssl=1 1.5x"},"classes":[]},{"id":104962,"url":"https:\/\/tomajazz.com\/web\/bize-season-jazzebre-2026\/","url_meta":{"origin":27676,"position":1},"title":"BiZe (Season Jazz\u00e8bre \/ MAC-UPVD, 2026-03-12 \/ Perpignan -France-) [II] Por Joan Cort\u00e8s [INSTANTZZ AKA Galer\u00eda fotogr\u00e1fica AKA Fotoblog de jazz, impro\u2026 y algo m\u00e1s]","author":"Tomajazz","date":"19 abril, 2026","format":false,"excerpt":"BiZe actuaron en Season Jazz\u00e8bre 2026 en Perpignan (Francia), el 12 de marzo de 2026. Joan Cort\u00e8s lo retrata en INSTANTZZ. BiZe son Sylvaine H\u00e9lary, Robin Fincker","rel":"","context":"En \u00abSeason Jazz\u00e8bre 2026\u00bb","block_context":{"text":"Season Jazz\u00e8bre 2026","link":"https:\/\/tomajazz.com\/web\/category\/contenidos\/especial-contenidos\/season-jazzebre-2026\/"},"img":{"alt_text":"BiZe (Season Jazz\u00e8bre \/ MAC-UPVD, 2026-03-12 \/ Perpignan -France-) [II] Por Joan Cort\u00e8s [INSTANTZZ AKA Galer\u00eda fotogr\u00e1fica AKA Fotoblog de jazz, impro\u2026 y algo m\u00e1s] - Tomajazz - BiZe actuaron en Season Jazz\u00e8bre 2026 en Perpignan (Francia), el 12 de marzo de 2026. Joan Cort\u00e8s lo retrata en INSTANTZZ. BiZe son Sylvaine H\u00e9lary, Robin Fincker\n","src":"https:\/\/i0.wp.com\/tomajazz.com\/web\/wp-content\/uploads\/2026\/04\/DESTACADA-11-BZ-Photo-By-Joan-Cortes-12mrc26-Ssn-Jzzbr-MrC-nPVD-Prpny.jpg?resize=350%2C200&ssl=1","width":350,"height":200,"srcset":"https:\/\/i0.wp.com\/tomajazz.com\/web\/wp-content\/uploads\/2026\/04\/DESTACADA-11-BZ-Photo-By-Joan-Cortes-12mrc26-Ssn-Jzzbr-MrC-nPVD-Prpny.jpg?resize=350%2C200&ssl=1 1x, https:\/\/i0.wp.com\/tomajazz.com\/web\/wp-content\/uploads\/2026\/04\/DESTACADA-11-BZ-Photo-By-Joan-Cortes-12mrc26-Ssn-Jzzbr-MrC-nPVD-Prpny.jpg?resize=525%2C300&ssl=1 1.5x"},"classes":[]},{"id":100822,"url":"https:\/\/tomajazz.com\/web\/gautier-garrigue-37-jazzebre-2025\/","url_meta":{"origin":27676,"position":2},"title":"Gautier Garrigue 4t \u00abLa Travers\u00e9e\u00bb (37 Jazz\u00e8bre \/ Th\u00e9\u00e2tre Municipal, 2025-10-11 \/ Perpignan -France-) Por Joan Cort\u00e8s [INSTANTZZ AKA Galer\u00eda fotogr\u00e1fica AKA Fotoblog de jazz, impro\u2026 y algo m\u00e1s]","author":"Tomajazz","date":"21 octubre, 2025","format":false,"excerpt":"Gautier Garrigue 4t \u00abLa Travers\u00e9e\u00bb actu\u00f3 en el 37 Jazz\u00e8bre 2025 en Perpignan -Francia-. Joan Cort\u00e8s lo retrata en INSTANTZZ. Actuaron Gautier Garrigue, Federico Cassagrande, Benjamin Moussay, Florent Nisse","rel":"","context":"En \u00ab*_Joan Cort\u00e8s\u00bb","block_context":{"text":"*_Joan Cort\u00e8s","link":"https:\/\/tomajazz.com\/web\/category\/joan-cortes\/"},"img":{"alt_text":"Gautier Garrigue 4t \u00abLa Travers\u00e9e\u00bb (37 Jazz\u00e8bre \/ Th\u00e9\u00e2tre Municipal, 2025-10-11 \/ Perpignan -France-) Por Joan Cort\u00e8s [INSTANTZZ AKA Galer\u00eda fotogr\u00e1fica AKA Fotoblog de jazz, impro\u2026 y algo m\u00e1s] - Tomajazz - Gautier Garrigue 4t \u00abLa Travers\u00e9e\u00bb actu\u00f3 en el 37 Jazz\u00e8bre 2025 en Perpignan -Francia-. Joan Cort\u00e8s lo retrata en INSTANTZZ. Actuaron Gautier Garrigue, Federico Cassagrande, Benjamin Moussay, Florent Nisse\n","src":"https:\/\/i0.wp.com\/tomajazz.com\/web\/wp-content\/uploads\/2025\/10\/destacada-05-Gtr-Grrges-4t-Photo-By-Joan-Cortes-11ctb25-TM-37JF-Prpgnn.jpg?resize=350%2C200&ssl=1","width":350,"height":200,"srcset":"https:\/\/i0.wp.com\/tomajazz.com\/web\/wp-content\/uploads\/2025\/10\/destacada-05-Gtr-Grrges-4t-Photo-By-Joan-Cortes-11ctb25-TM-37JF-Prpgnn.jpg?resize=350%2C200&ssl=1 1x, https:\/\/i0.wp.com\/tomajazz.com\/web\/wp-content\/uploads\/2025\/10\/destacada-05-Gtr-Grrges-4t-Photo-By-Joan-Cortes-11ctb25-TM-37JF-Prpgnn.jpg?resize=525%2C300&ssl=1 1.5x"},"classes":[]},{"id":104421,"url":"https:\/\/tomajazz.com\/web\/francesco-bearzatti-federico-casagrande-2026\/","url_meta":{"origin":27676,"position":3},"title":"Francesco Bearzatti &#038; Federico Casagrande (Season Jazz\u00e8bre \/ Palais Consulaire CCI, 2026-02-10 \/ Perpignan -France-) Por Joan Cort\u00e8s [INSTANTZZ AKA Galer\u00eda fotogr\u00e1fica AKA Fotoblog de jazz, impro\u2026 y algo m\u00e1s]","author":"Tomajazz","date":"16 marzo, 2026","format":false,"excerpt":"Francesco Bearzatti & Federico Casagrande actuaron en Season Jazz\u00e8bre en Perpignan, Francia, el 10 de febrero de 2026. Joan Cort\u00e8s lo retrata en INSTANTZZ","rel":"","context":"En \u00abSeason Jazz\u00e8bre 2026\u00bb","block_context":{"text":"Season Jazz\u00e8bre 2026","link":"https:\/\/tomajazz.com\/web\/category\/contenidos\/especial-contenidos\/season-jazzebre-2026\/"},"img":{"alt_text":"Francesco Bearzatti & Federico Casagrande (Season Jazz\u00e8bre \/ Palais Consulaire CCI, 2026-02-10 \/ Perpignan -France-) Por Joan Cort\u00e8s [INSTANTZZ AKA Galer\u00eda fotogr\u00e1fica AKA Fotoblog de jazz, impro\u2026 y algo m\u00e1s] - Tomajazz - Francesco Bearzatti & Federico Casagrande actuaron en Season Jazz\u00e8bre en Perpignan, Francia, el 10 de febrero de 2026. Joan Cort\u00e8s lo retrata en INSTANTZZ","src":"https:\/\/i0.wp.com\/tomajazz.com\/web\/wp-content\/uploads\/2026\/03\/destacada-03-Brztt-Csgrnd-Photo-By-Joan-Cortes-10fbr26-Ssn-Jzzbr-PC-CCI-Prpgnn.jpg?resize=350%2C200&ssl=1","width":350,"height":200,"srcset":"https:\/\/i0.wp.com\/tomajazz.com\/web\/wp-content\/uploads\/2026\/03\/destacada-03-Brztt-Csgrnd-Photo-By-Joan-Cortes-10fbr26-Ssn-Jzzbr-PC-CCI-Prpgnn.jpg?resize=350%2C200&ssl=1 1x, https:\/\/i0.wp.com\/tomajazz.com\/web\/wp-content\/uploads\/2026\/03\/destacada-03-Brztt-Csgrnd-Photo-By-Joan-Cortes-10fbr26-Ssn-Jzzbr-PC-CCI-Prpgnn.jpg?resize=525%2C300&ssl=1 1.5x"},"classes":[]},{"id":101040,"url":"https:\/\/tomajazz.com\/web\/le-discobole-orchestra-jazzebre-2025\/","url_meta":{"origin":27676,"position":4},"title":"Le Discobole Orchestra invit\u00e9 Christine Salem \u00abKaf\u00e9 Gry\u00e9\u00bb (37 Jazz\u00e8bre \/ Th\u00e9\u00e2tre Municipal, 2025-10-11 \/ Perpignan -France-) [5] Por Joan Cort\u00e8s [INSTANTZZ AKA Galer\u00eda fotogr\u00e1fica AKA Fotoblog de jazz, impro\u2026 y algo m\u00e1s]","author":"Tomajazz","date":"28 octubre, 2025","format":false,"excerpt":"Le Discobole Orchestra invit\u00e9 Christine Salem \u00abKaf\u00e9 Gry\u00e9\u00bb actu\u00f3 en el 37 Jazz\u00e8bre el 11 de octubre de 2025. Joan Cort\u00e8s lo retrata en INSTANTZZ","rel":"","context":"En \u00ab37 Jazz\u00e8bre 2025\u00bb","block_context":{"text":"37 Jazz\u00e8bre 2025","link":"https:\/\/tomajazz.com\/web\/category\/contenidos\/especial-contenidos\/37-jazzebre-2025\/"},"img":{"alt_text":"Le Discobole Orchestra invit\u00e9 Christine Salem \u00abKaf\u00e9 Gry\u00e9\u00bb (37 Jazz\u00e8bre \/ Th\u00e9\u00e2tre Municipal, 2025-10-11 \/ Perpignan -France-) [5] Por Joan Cort\u00e8s [INSTANTZZ AKA Galer\u00eda fotogr\u00e1fica AKA Fotoblog de jazz, impro\u2026 y algo m\u00e1s] - Tomajazz - Le Discobole Orchestra invit\u00e9 Christine Salem \u00abKaf\u00e9 Gry\u00e9\u00bb actu\u00f3 en el 37 Jazz\u00e8bre el 11 de octubre de 2025. Joan Cort\u00e8s lo retrata en INSTANTZZ","src":"https:\/\/i0.wp.com\/tomajazz.com\/web\/wp-content\/uploads\/2025\/10\/destacada-11-L-Dscbl-rchstr-Photo-By-Joan-Cortes-11ctb25-37Jzzbr-TM-Prpgnn-.jpg?resize=350%2C200&ssl=1","width":350,"height":200,"srcset":"https:\/\/i0.wp.com\/tomajazz.com\/web\/wp-content\/uploads\/2025\/10\/destacada-11-L-Dscbl-rchstr-Photo-By-Joan-Cortes-11ctb25-37Jzzbr-TM-Prpgnn-.jpg?resize=350%2C200&ssl=1 1x, https:\/\/i0.wp.com\/tomajazz.com\/web\/wp-content\/uploads\/2025\/10\/destacada-11-L-Dscbl-rchstr-Photo-By-Joan-Cortes-11ctb25-37Jzzbr-TM-Prpgnn-.jpg?resize=525%2C300&ssl=1 1.5x"},"classes":[]},{"id":27495,"url":"https:\/\/tomajazz.com\/web\/instantzz-laurent-dehors-trio-conservatoire-a-rayonnement-regional-auditorium-28eme-festival-jazzebre-perpignan-france-2016-10-15-galeria-fotografica\/","url_meta":{"origin":27676,"position":5},"title":"INSTANTZZ: Laurent Dehors Trio (Conservatoire \u00e0 Rayonnement R\u00e9gional &#8211; Auditorium, 28\u00e8me Festival Jazz\u00e8bre, Perpignan \u2013France-. 2016-10-15) [Galer\u00eda fotogr\u00e1fica]","author":"Tomajazz","date":"15 noviembre, 2016","format":false,"excerpt":"Joan Cort\u00e8s retrata al Laurent Dehors Trio en su actuaci\u00f3n en el 28\u00e8me Festival Jazz\u00e8bre de Perpignan, Francia.","rel":"","context":"En \u00ab*_Joan Cort\u00e8s\u00bb","block_context":{"text":"*_Joan Cort\u00e8s","link":"https:\/\/tomajazz.com\/web\/category\/joan-cortes\/"},"img":{"alt_text":"","src":"https:\/\/i0.wp.com\/tomajazz.com\/web\/wp-content\/uploads\/2016\/11\/09_Lrnt-Dhrs-%C2%A9Joan-Cort%C3%A8s_15oct16_Cnsrvtr_28Jzzbr_Prpignn.jpg?resize=350%2C200&ssl=1","width":350,"height":200,"srcset":"https:\/\/i0.wp.com\/tomajazz.com\/web\/wp-content\/uploads\/2016\/11\/09_Lrnt-Dhrs-%C2%A9Joan-Cort%C3%A8s_15oct16_Cnsrvtr_28Jzzbr_Prpignn.jpg?resize=350%2C200&ssl=1 1x, https:\/\/i0.wp.com\/tomajazz.com\/web\/wp-content\/uploads\/2016\/11\/09_Lrnt-Dhrs-%C2%A9Joan-Cort%C3%A8s_15oct16_Cnsrvtr_28Jzzbr_Prpignn.jpg?resize=525%2C300&ssl=1 1.5x"},"classes":[]}],"_links":{"self":[{"href":"https:\/\/tomajazz.com\/web\/wp-json\/wp\/v2\/posts\/27676","targetHints":{"allow":["GET"]}}],"collection":[{"href":"https:\/\/tomajazz.com\/web\/wp-json\/wp\/v2\/posts"}],"about":[{"href":"https:\/\/tomajazz.com\/web\/wp-json\/wp\/v2\/types\/post"}],"author":[{"embeddable":true,"href":"https:\/\/tomajazz.com\/web\/wp-json\/wp\/v2\/users\/1"}],"replies":[{"embeddable":true,"href":"https:\/\/tomajazz.com\/web\/wp-json\/wp\/v2\/comments?post=27676"}],"version-history":[{"count":1,"href":"https:\/\/tomajazz.com\/web\/wp-json\/wp\/v2\/posts\/27676\/revisions"}],"predecessor-version":[{"id":27688,"href":"https:\/\/tomajazz.com\/web\/wp-json\/wp\/v2\/posts\/27676\/revisions\/27688"}],"wp:featuredmedia":[{"embeddable":true,"href":"https:\/\/tomajazz.com\/web\/wp-json\/wp\/v2\/media\/27687"}],"wp:attachment":[{"href":"https:\/\/tomajazz.com\/web\/wp-json\/wp\/v2\/media?parent=27676"}],"wp:term":[{"taxonomy":"category","embeddable":true,"href":"https:\/\/tomajazz.com\/web\/wp-json\/wp\/v2\/categories?post=27676"},{"taxonomy":"post_tag","embeddable":true,"href":"https:\/\/tomajazz.com\/web\/wp-json\/wp\/v2\/tags?post=27676"}],"curies":[{"name":"wp","href":"https:\/\/api.w.org\/{rel}","templated":true}]}}