{"id":27738,"date":"2016-11-24T11:02:15","date_gmt":"2016-11-24T10:02:15","guid":{"rendered":"http:\/\/www.tomajazz.com\/web\/?p=27738"},"modified":"2016-11-30T20:35:28","modified_gmt":"2016-11-30T19:35:28","slug":"instantzz-nastesjo-prats-balanya-robadors-23-barcelona-2016-10-21-galeria-fotografica","status":"publish","type":"post","link":"https:\/\/tomajazz.com\/web\/instantzz-nastesjo-prats-balanya-robadors-23-barcelona-2016-10-21-galeria-fotografica\/","title":{"rendered":"INSTANTZZ: N\u00e4stesj\u00f6-Prats-Balany\u00e0 (Robadors 23, Barcelona, 2016-10-21) [Galer\u00eda fotogr\u00e1fica]"},"content":{"rendered":"<ul>\n<li>Fecha: Viernes, 21 de octubre de 2016<\/li>\n<li>Lugar: Robadors 23 (Barcelona)<\/li>\n<li>Componentes:<br \/>\n<strong>N\u00e4stesj\u00f6-Prats-Balany\u00e0<\/strong><br \/>\nJosep Maria Balany\u00e0, piano<br \/>\nJohannes N\u00e4stesj\u00f6, contrabajo<br \/>\nRamon Prats, \u00a0bater\u00eda<\/li>\n<\/ul>\n<p style=\"text-align: center;\"><img loading=\"lazy\" decoding=\"async\" class=\"aligncenter size-large wp-image-27739\" src=\"http:\/\/www.tomajazz.com\/web\/wp-content\/uploads\/2016\/11\/01_NstsjPrtsBlny-\u00a9Joan-Cort\u00e8s_21oct16_Rbdrs_Bcn-399x600.jpg\" alt=\"01_nstsjprtsblny-joan-cortes_21oct16_rbdrs_bcn\" width=\"399\" height=\"600\" title=\"\" srcset=\"https:\/\/tomajazz.com\/web\/wp-content\/uploads\/2016\/11\/01_NstsjPrtsBlny-\u00a9Joan-Cort\u00e8s_21oct16_Rbdrs_Bcn.jpg 399w, https:\/\/tomajazz.com\/web\/wp-content\/uploads\/2016\/11\/01_NstsjPrtsBlny-\u00a9Joan-Cort\u00e8s_21oct16_Rbdrs_Bcn-200x300.jpg 200w, https:\/\/tomajazz.com\/web\/wp-content\/uploads\/2016\/11\/01_NstsjPrtsBlny-\u00a9Joan-Cort\u00e8s_21oct16_Rbdrs_Bcn-37x55.jpg 37w\" sizes=\"auto, (max-width: 399px) 100vw, 399px\" \/><\/p>\n<p style=\"text-align: center;\"><img loading=\"lazy\" decoding=\"async\" class=\"aligncenter size-large wp-image-27740\" src=\"http:\/\/www.tomajazz.com\/web\/wp-content\/uploads\/2016\/11\/02_NstsjPrtsBlny-\u00a9Joan-Cort\u00e8s_21oct16_Rbdrs_Bcn-600x399.jpg\" alt=\"02_nstsjprtsblny-joan-cortes_21oct16_rbdrs_bcn\" width=\"600\" height=\"399\" title=\"\" srcset=\"https:\/\/tomajazz.com\/web\/wp-content\/uploads\/2016\/11\/02_NstsjPrtsBlny-\u00a9Joan-Cort\u00e8s_21oct16_Rbdrs_Bcn.jpg 600w, https:\/\/tomajazz.com\/web\/wp-content\/uploads\/2016\/11\/02_NstsjPrtsBlny-\u00a9Joan-Cort\u00e8s_21oct16_Rbdrs_Bcn-200x133.jpg 200w, https:\/\/tomajazz.com\/web\/wp-content\/uploads\/2016\/11\/02_NstsjPrtsBlny-\u00a9Joan-Cort\u00e8s_21oct16_Rbdrs_Bcn-83x55.jpg 83w, https:\/\/tomajazz.com\/web\/wp-content\/uploads\/2016\/11\/02_NstsjPrtsBlny-\u00a9Joan-Cort\u00e8s_21oct16_Rbdrs_Bcn-60x40.jpg 60w, https:\/\/tomajazz.com\/web\/wp-content\/uploads\/2016\/11\/02_NstsjPrtsBlny-\u00a9Joan-Cort\u00e8s_21oct16_Rbdrs_Bcn-120x80.jpg 120w\" sizes=\"auto, (max-width: 600px) 100vw, 600px\" \/><\/p>\n<p style=\"text-align: center;\"><img loading=\"lazy\" decoding=\"async\" class=\"aligncenter size-large wp-image-27741\" src=\"http:\/\/www.tomajazz.com\/web\/wp-content\/uploads\/2016\/11\/03_NstsjPrtsBlny-\u00a9Joan-Cort\u00e8s_21oct16_Rbdrs_Bcn-399x600.jpg\" alt=\"03_nstsjprtsblny-joan-cortes_21oct16_rbdrs_bcn\" width=\"399\" height=\"600\" title=\"\" srcset=\"https:\/\/tomajazz.com\/web\/wp-content\/uploads\/2016\/11\/03_NstsjPrtsBlny-\u00a9Joan-Cort\u00e8s_21oct16_Rbdrs_Bcn.jpg 399w, https:\/\/tomajazz.com\/web\/wp-content\/uploads\/2016\/11\/03_NstsjPrtsBlny-\u00a9Joan-Cort\u00e8s_21oct16_Rbdrs_Bcn-200x300.jpg 200w, https:\/\/tomajazz.com\/web\/wp-content\/uploads\/2016\/11\/03_NstsjPrtsBlny-\u00a9Joan-Cort\u00e8s_21oct16_Rbdrs_Bcn-37x55.jpg 37w\" sizes=\"auto, (max-width: 399px) 100vw, 399px\" \/><\/p>\n<p style=\"text-align: center;\"><img loading=\"lazy\" decoding=\"async\" class=\"aligncenter size-large wp-image-27742\" src=\"http:\/\/www.tomajazz.com\/web\/wp-content\/uploads\/2016\/11\/04_NstsjPrtsBlny-\u00a9Joan-Cort\u00e8s_21oct16_Rbdrs_Bcn-600x399.jpg\" alt=\"04_nstsjprtsblny-joan-cortes_21oct16_rbdrs_bcn\" width=\"600\" height=\"399\" title=\"\" srcset=\"https:\/\/tomajazz.com\/web\/wp-content\/uploads\/2016\/11\/04_NstsjPrtsBlny-\u00a9Joan-Cort\u00e8s_21oct16_Rbdrs_Bcn.jpg 600w, https:\/\/tomajazz.com\/web\/wp-content\/uploads\/2016\/11\/04_NstsjPrtsBlny-\u00a9Joan-Cort\u00e8s_21oct16_Rbdrs_Bcn-200x133.jpg 200w, https:\/\/tomajazz.com\/web\/wp-content\/uploads\/2016\/11\/04_NstsjPrtsBlny-\u00a9Joan-Cort\u00e8s_21oct16_Rbdrs_Bcn-83x55.jpg 83w, https:\/\/tomajazz.com\/web\/wp-content\/uploads\/2016\/11\/04_NstsjPrtsBlny-\u00a9Joan-Cort\u00e8s_21oct16_Rbdrs_Bcn-60x40.jpg 60w, https:\/\/tomajazz.com\/web\/wp-content\/uploads\/2016\/11\/04_NstsjPrtsBlny-\u00a9Joan-Cort\u00e8s_21oct16_Rbdrs_Bcn-120x80.jpg 120w\" sizes=\"auto, (max-width: 600px) 100vw, 600px\" \/><\/p>\n<p style=\"text-align: center;\"><img loading=\"lazy\" decoding=\"async\" class=\"aligncenter size-large wp-image-27743\" src=\"http:\/\/www.tomajazz.com\/web\/wp-content\/uploads\/2016\/11\/05_NstsjPrtsBlny-\u00a9Joan-Cort\u00e8s_21oct16_Rbdrs_Bcn-600x399.jpg\" alt=\"05_nstsjprtsblny-joan-cortes_21oct16_rbdrs_bcn\" width=\"600\" height=\"399\" title=\"\" srcset=\"https:\/\/tomajazz.com\/web\/wp-content\/uploads\/2016\/11\/05_NstsjPrtsBlny-\u00a9Joan-Cort\u00e8s_21oct16_Rbdrs_Bcn.jpg 600w, https:\/\/tomajazz.com\/web\/wp-content\/uploads\/2016\/11\/05_NstsjPrtsBlny-\u00a9Joan-Cort\u00e8s_21oct16_Rbdrs_Bcn-200x133.jpg 200w, https:\/\/tomajazz.com\/web\/wp-content\/uploads\/2016\/11\/05_NstsjPrtsBlny-\u00a9Joan-Cort\u00e8s_21oct16_Rbdrs_Bcn-83x55.jpg 83w, https:\/\/tomajazz.com\/web\/wp-content\/uploads\/2016\/11\/05_NstsjPrtsBlny-\u00a9Joan-Cort\u00e8s_21oct16_Rbdrs_Bcn-60x40.jpg 60w, https:\/\/tomajazz.com\/web\/wp-content\/uploads\/2016\/11\/05_NstsjPrtsBlny-\u00a9Joan-Cort\u00e8s_21oct16_Rbdrs_Bcn-120x80.jpg 120w\" sizes=\"auto, (max-width: 600px) 100vw, 600px\" \/><\/p>\n<p style=\"text-align: center;\"><img loading=\"lazy\" decoding=\"async\" class=\"aligncenter size-large wp-image-27744\" src=\"http:\/\/www.tomajazz.com\/web\/wp-content\/uploads\/2016\/11\/06_NstsjPrtsBlny-\u00a9Joan-Cort\u00e8s_21oct16_Rbdrs_Bcn-600x399.jpg\" alt=\"06_nstsjprtsblny-joan-cortes_21oct16_rbdrs_bcn\" width=\"600\" height=\"399\" title=\"\" srcset=\"https:\/\/tomajazz.com\/web\/wp-content\/uploads\/2016\/11\/06_NstsjPrtsBlny-\u00a9Joan-Cort\u00e8s_21oct16_Rbdrs_Bcn.jpg 600w, https:\/\/tomajazz.com\/web\/wp-content\/uploads\/2016\/11\/06_NstsjPrtsBlny-\u00a9Joan-Cort\u00e8s_21oct16_Rbdrs_Bcn-200x133.jpg 200w, https:\/\/tomajazz.com\/web\/wp-content\/uploads\/2016\/11\/06_NstsjPrtsBlny-\u00a9Joan-Cort\u00e8s_21oct16_Rbdrs_Bcn-83x55.jpg 83w, https:\/\/tomajazz.com\/web\/wp-content\/uploads\/2016\/11\/06_NstsjPrtsBlny-\u00a9Joan-Cort\u00e8s_21oct16_Rbdrs_Bcn-60x40.jpg 60w, https:\/\/tomajazz.com\/web\/wp-content\/uploads\/2016\/11\/06_NstsjPrtsBlny-\u00a9Joan-Cort\u00e8s_21oct16_Rbdrs_Bcn-120x80.jpg 120w\" sizes=\"auto, (max-width: 600px) 100vw, 600px\" \/><\/p>\n<p style=\"text-align: center;\"><img loading=\"lazy\" decoding=\"async\" class=\"aligncenter size-large wp-image-27745\" src=\"http:\/\/www.tomajazz.com\/web\/wp-content\/uploads\/2016\/11\/07_NstsjPrtsBlny-\u00a9Joan-Cort\u00e8s_21oct16_Rbdrs_Bcn-600x399.jpg\" alt=\"07_nstsjprtsblny-joan-cortes_21oct16_rbdrs_bcn\" width=\"600\" height=\"399\" title=\"\" srcset=\"https:\/\/tomajazz.com\/web\/wp-content\/uploads\/2016\/11\/07_NstsjPrtsBlny-\u00a9Joan-Cort\u00e8s_21oct16_Rbdrs_Bcn.jpg 600w, https:\/\/tomajazz.com\/web\/wp-content\/uploads\/2016\/11\/07_NstsjPrtsBlny-\u00a9Joan-Cort\u00e8s_21oct16_Rbdrs_Bcn-200x133.jpg 200w, https:\/\/tomajazz.com\/web\/wp-content\/uploads\/2016\/11\/07_NstsjPrtsBlny-\u00a9Joan-Cort\u00e8s_21oct16_Rbdrs_Bcn-83x55.jpg 83w, https:\/\/tomajazz.com\/web\/wp-content\/uploads\/2016\/11\/07_NstsjPrtsBlny-\u00a9Joan-Cort\u00e8s_21oct16_Rbdrs_Bcn-60x40.jpg 60w, https:\/\/tomajazz.com\/web\/wp-content\/uploads\/2016\/11\/07_NstsjPrtsBlny-\u00a9Joan-Cort\u00e8s_21oct16_Rbdrs_Bcn-120x80.jpg 120w\" sizes=\"auto, (max-width: 600px) 100vw, 600px\" \/><\/p>\n<p style=\"text-align: center;\"><img loading=\"lazy\" decoding=\"async\" class=\"aligncenter size-large wp-image-27746\" src=\"http:\/\/www.tomajazz.com\/web\/wp-content\/uploads\/2016\/11\/08_NstsjPrtsBlny-\u00a9Joan-Cort\u00e8s_21oct16_Rbdrs_Bcn-600x401.jpg\" alt=\"08_nstsjprtsblny-joan-cortes_21oct16_rbdrs_bcn\" width=\"600\" height=\"401\" title=\"\" srcset=\"https:\/\/tomajazz.com\/web\/wp-content\/uploads\/2016\/11\/08_NstsjPrtsBlny-\u00a9Joan-Cort\u00e8s_21oct16_Rbdrs_Bcn.jpg 600w, https:\/\/tomajazz.com\/web\/wp-content\/uploads\/2016\/11\/08_NstsjPrtsBlny-\u00a9Joan-Cort\u00e8s_21oct16_Rbdrs_Bcn-200x134.jpg 200w, https:\/\/tomajazz.com\/web\/wp-content\/uploads\/2016\/11\/08_NstsjPrtsBlny-\u00a9Joan-Cort\u00e8s_21oct16_Rbdrs_Bcn-82x55.jpg 82w, https:\/\/tomajazz.com\/web\/wp-content\/uploads\/2016\/11\/08_NstsjPrtsBlny-\u00a9Joan-Cort\u00e8s_21oct16_Rbdrs_Bcn-60x40.jpg 60w, https:\/\/tomajazz.com\/web\/wp-content\/uploads\/2016\/11\/08_NstsjPrtsBlny-\u00a9Joan-Cort\u00e8s_21oct16_Rbdrs_Bcn-120x80.jpg 120w\" sizes=\"auto, (max-width: 600px) 100vw, 600px\" \/><\/p>\n<p style=\"text-align: center;\"><img loading=\"lazy\" decoding=\"async\" class=\"aligncenter size-large wp-image-27747\" src=\"http:\/\/www.tomajazz.com\/web\/wp-content\/uploads\/2016\/11\/09_NstsjPrtsBlny-\u00a9Joan-Cort\u00e8s_21oct16_Rbdrs_Bcn-399x600.jpg\" alt=\"09_nstsjprtsblny-joan-cortes_21oct16_rbdrs_bcn\" width=\"399\" height=\"600\" title=\"\" srcset=\"https:\/\/tomajazz.com\/web\/wp-content\/uploads\/2016\/11\/09_NstsjPrtsBlny-\u00a9Joan-Cort\u00e8s_21oct16_Rbdrs_Bcn.jpg 399w, https:\/\/tomajazz.com\/web\/wp-content\/uploads\/2016\/11\/09_NstsjPrtsBlny-\u00a9Joan-Cort\u00e8s_21oct16_Rbdrs_Bcn-200x300.jpg 200w, https:\/\/tomajazz.com\/web\/wp-content\/uploads\/2016\/11\/09_NstsjPrtsBlny-\u00a9Joan-Cort\u00e8s_21oct16_Rbdrs_Bcn-37x55.jpg 37w\" sizes=\"auto, (max-width: 399px) 100vw, 399px\" \/><\/p>\n<p style=\"text-align: right;\">\u00a9 Joan Cort\u00e8s, 2016<\/p>\n<p>&nbsp;<\/p>\n","protected":false},"excerpt":{"rendered":"<p>Joan Cort\u00e8s retrata en la galer\u00eda fotogr\u00e1fica Instantzz al tr\u00edo N\u00e4stesj\u00f6-Prats-Balany\u00e0 en Robadors 23 de Barcelona.<span class=\"more-link\"><a href=\"https:\/\/tomajazz.com\/web\/instantzz-nastesjo-prats-balanya-robadors-23-barcelona-2016-10-21-galeria-fotografica\/\">Contin\u00faa leyendo<\/a><\/span><\/p>\n","protected":false},"author":1,"featured_media":27740,"comment_status":"open","ping_status":"closed","sticky":false,"template":"","format":"standard","meta":{"jetpack_post_was_ever_published":false,"_jetpack_newsletter_access":"","_jetpack_dont_email_post_to_subs":true,"_jetpack_newsletter_tier_id":0,"_jetpack_memberships_contains_paywalled_content":false,"_jetpack_memberships_contains_paid_content":false,"footnotes":""},"categories":[17853,11262,15516,11261,1038],"tags":[12836,15314,15656,12656,12796,12755,15318,15317,15655,15275,15654,11263,13,15312,12415,15295,15313,1041,8060,12117,15710,17976,12657,108,16714,16099,77,16100],"class_list":["entry","author-pachi","has-excerpt","post-27738","post","type-post","status-publish","format-standard","has-post-thumbnail","category-joan-cortes","category-photoblogs","category-imagenes","category-instantzz","category-contenidos","tag-concierto","tag-concierto-de-jazz","tag-foto-galeria-de-jazz","tag-fotoblog","tag-fotografia-de-jazz","tag-fotografias-de-jazz","tag-fotografos-de-jazz","tag-fotos-de-jazz","tag-galeria-de-fotos-de-jazz","tag-galeria-fotografica","tag-galeria-fotografica-de-jazz","tag-instantzz-2","tag-jazz","tag-jazz-en-directo","tag-jazz-en-espana","tag-jazz-en-espanol","tag-jazz-en-vivo","tag-joan-cortes","tag-johannes-nastesjo","tag-josep-maria-balanya","tag-la-actualidad-del-jazz-en-espana","tag-nastesjo-prats-balanya","tag-photoblog","tag-ramon-prats","tag-robadors-23-barcelona","tag-toma-jazz","tag-tomajazz","tag-tomajazz-toma-jazz"],"jetpack_featured_media_url":"https:\/\/tomajazz.com\/web\/wp-content\/uploads\/2016\/11\/02_NstsjPrtsBlny-\u00a9Joan-Cort\u00e8s_21oct16_Rbdrs_Bcn.jpg","jetpack_likes_enabled":true,"jetpack_sharing_enabled":true,"jetpack-related-posts":[{"id":16982,"url":"https:\/\/tomajazz.com\/web\/instantzz-balanya-chant-gonzalez-prats-reviriego-volquartz-robadors-23-barcelona-2015-02-05\/","url_meta":{"origin":27738,"position":0},"title":"INSTANTZZ: Balany\u00e0-Chant-Gonz\u00e1lez-Prats-Reviriego-Volquartz (Robadors 23, Barcelona. 2015-02-05)","author":"Tomajazz","date":"12 febrero, 2015","format":false,"excerpt":"Sessions At Robadors Fecha: Jueves, 05 de febrero de 2015 Lugar: Robadors 23 (Barcelona) Componentes: Balany\u00e0-Chant-Gonz\u00e1lez-Prats-Reviriego-Volquartz Josep Maria Balany\u00e0, piano Tom Chant, saxos tenor y soprano Iv\u00e1n Gonz\u00e1lez, trompeta Ramon Prats, bater\u00eda \u00c0lex Reviriego, contrabajo Ove Volquartz, clarinete bajo \u00a9 Joan Cort\u00e8s, 2015 \u00a0","rel":"","context":"En \u00ab*_Joan Cort\u00e8s\u00bb","block_context":{"text":"*_Joan Cort\u00e8s","link":"https:\/\/tomajazz.com\/web\/category\/joan-cortes\/"},"img":{"alt_text":"","src":"https:\/\/i0.wp.com\/tomajazz.com\/web\/wp-content\/uploads\/2015\/02\/02_SaR-u00A9Joan-Cortu00E8s_05feb15_R23_Bcn.jpg?resize=350%2C200&ssl=1","width":350,"height":200,"srcset":"https:\/\/i0.wp.com\/tomajazz.com\/web\/wp-content\/uploads\/2015\/02\/02_SaR-u00A9Joan-Cortu00E8s_05feb15_R23_Bcn.jpg?resize=350%2C200&ssl=1 1x, https:\/\/i0.wp.com\/tomajazz.com\/web\/wp-content\/uploads\/2015\/02\/02_SaR-u00A9Joan-Cortu00E8s_05feb15_R23_Bcn.jpg?resize=525%2C300&ssl=1 1.5x"},"classes":[]},{"id":102503,"url":"https:\/\/tomajazz.com\/web\/eddie-mejia-jamboree-2025\/","url_meta":{"origin":27738,"position":1},"title":"Eddie Mej\u00eda 4t \u201cPar\u00e9ntesis del Miedo\u201d (Jamboree -sala 1-, 2025-11-14 \/ Barcelona) Por Joan Cort\u00e8s [INSTANTZZ AKA Galer\u00eda fotogr\u00e1fica AKA Fotoblog de jazz, impro\u2026 y algo m\u00e1s]","author":"Tomajazz","date":"4 diciembre, 2025","format":false,"excerpt":"Eddie Mej\u00eda 4t present\u00f3 \u201cPar\u00e9ntesis del Miedo\u201d en Jamboree, Barcelona, el 14 de noviembre de 2025. Joan Cort\u00e8s lo retrata en INSTANTZZ. Actuaron Eddie Mej\u00eda, Bill McHenry, Masa Kamaguchi, Ramon Prats, Magda Garre","rel":"","context":"En \u00ab*_Joan Cort\u00e8s\u00bb","block_context":{"text":"*_Joan Cort\u00e8s","link":"https:\/\/tomajazz.com\/web\/category\/joan-cortes\/"},"img":{"alt_text":"Eddie Mej\u00eda 4t \u201cPar\u00e9ntesis del Miedo\u201d (Jamboree -sala 1-, 2025-11-14 \/ Barcelona) Por Joan Cort\u00e8s [INSTANTZZ AKA Galer\u00eda fotogr\u00e1fica AKA Fotoblog de jazz, impro\u2026 y algo m\u00e1s] - Tomajazz - Eddie Mej\u00eda 4t present\u00f3 \u201cPar\u00e9ntesis del Miedo\u201d en Jamboree, Barcelona, el 14 de noviembre de 2025. Joan Cort\u00e8s lo retrata en INSTANTZZ. Actuaron Eddie Mej\u00eda, Bill McHenry, Masa Kamaguchi, Ramon Prats, Magda Garre\n","src":"https:\/\/i0.wp.com\/tomajazz.com\/web\/wp-content\/uploads\/2025\/12\/destacado-02-dd-Mj-4t-Photo-By-Joan-Cortes-14nov25-Jmbrr.jpg?resize=350%2C200&ssl=1","width":350,"height":200,"srcset":"https:\/\/i0.wp.com\/tomajazz.com\/web\/wp-content\/uploads\/2025\/12\/destacado-02-dd-Mj-4t-Photo-By-Joan-Cortes-14nov25-Jmbrr.jpg?resize=350%2C200&ssl=1 1x, https:\/\/i0.wp.com\/tomajazz.com\/web\/wp-content\/uploads\/2025\/12\/destacado-02-dd-Mj-4t-Photo-By-Joan-Cortes-14nov25-Jmbrr.jpg?resize=525%2C300&ssl=1 1.5x"},"classes":[]},{"id":23805,"url":"https:\/\/tomajazz.com\/web\/instantzz-bcn-impro-fest-3a-sessio-memoria-uno-8a-sessio-sala-fenix-barcelona-2016-02-23\/","url_meta":{"origin":27738,"position":2},"title":"INSTANTZZ: BCN impro fest 3a sessi\u00f3- \/ Memoria Uno -8a sessi\u00f3-(Sala F\u00e8nix, Barcelona. 2016-02-23)","author":"Tomajazz","date":"26 abril, 2016","format":false,"excerpt":"Fecha: Martes, 23 de febrero de 2016 Lugar: Sala F\u00e8nix, Barcelona Componentes: Memoria Uno Josep M\u00aa Balany\u00e0, conducci\u00f3n y piano Iv\u00e1n Gonz\u00e1lez, trompeta y conducci\u00f3n final \u00c0lex Reviriego, contrabajo Johannes N\u00e4stesj\u00f6, contrabajo Marcel Bag\u00e9s, guitarra Albert Cirera, saxo tenor Oriol Fontclara, saxo bar\u00edtono Alfonso M\u00fa\u00f1oz (Don Malfon), saxo alto El\u2026","rel":"","context":"En \u00ab*_Joan Cort\u00e8s\u00bb","block_context":{"text":"*_Joan Cort\u00e8s","link":"https:\/\/tomajazz.com\/web\/category\/joan-cortes\/"},"img":{"alt_text":"","src":"https:\/\/i0.wp.com\/tomajazz.com\/web\/wp-content\/uploads\/2016\/04\/08_BCN-mp-fst-%C2%A9Joan-Cort%C3%A8s_23feb16_3sss_Sl-Fnx_Bcn.jpg?resize=350%2C200&ssl=1","width":350,"height":200,"srcset":"https:\/\/i0.wp.com\/tomajazz.com\/web\/wp-content\/uploads\/2016\/04\/08_BCN-mp-fst-%C2%A9Joan-Cort%C3%A8s_23feb16_3sss_Sl-Fnx_Bcn.jpg?resize=350%2C200&ssl=1 1x, https:\/\/i0.wp.com\/tomajazz.com\/web\/wp-content\/uploads\/2016\/04\/08_BCN-mp-fst-%C2%A9Joan-Cort%C3%A8s_23feb16_3sss_Sl-Fnx_Bcn.jpg?resize=525%2C300&ssl=1 1.5x"},"classes":[]},{"id":32766,"url":"https:\/\/tomajazz.com\/web\/hdo-327-al-habla-y-en-concierto-con-josep-maria-balanya-podcast\/","url_meta":{"origin":27738,"position":3},"title":"HDO 327. Al habla (y en concierto) con&#8230; Josep-Maria Balany\u00e0 [Podcast]","author":"Tomajazz","date":"17 octubre, 2017","format":false,"excerpt":"El jueves 19 de octubre de 2017, el pianista barcelon\u00e9s residente en Bruselas Josep-Maria Balany\u00e0 actuar\u00e1 dentro de la programaci\u00f3n del LEM Festival en Nota 79 (C\/ Vallirana, 79, Barcelona), protagonizando un concierto titulado \"Contra la represi\u00f3n y para la democracia\". Este veterano comenz\u00f3 su formaci\u00f3n en la m\u00fasica cl\u00e1sica;\u2026","rel":"","context":"En \u00ab*_Pachi Tapiz\u00bb","block_context":{"text":"*_Pachi Tapiz","link":"https:\/\/tomajazz.com\/web\/category\/pachi-tapiz\/"},"img":{"alt_text":"","src":"https:\/\/i0.wp.com\/tomajazz.com\/web\/wp-content\/uploads\/2016\/11\/08_NstsjPrtsBlny-%C2%A9Joan-Cort%C3%A8s_21oct16_Rbdrs_Bcn.jpg?resize=350%2C200&ssl=1","width":350,"height":200,"srcset":"https:\/\/i0.wp.com\/tomajazz.com\/web\/wp-content\/uploads\/2016\/11\/08_NstsjPrtsBlny-%C2%A9Joan-Cort%C3%A8s_21oct16_Rbdrs_Bcn.jpg?resize=350%2C200&ssl=1 1x, https:\/\/i0.wp.com\/tomajazz.com\/web\/wp-content\/uploads\/2016\/11\/08_NstsjPrtsBlny-%C2%A9Joan-Cort%C3%A8s_21oct16_Rbdrs_Bcn.jpg?resize=525%2C300&ssl=1 1.5x"},"classes":[]},{"id":104297,"url":"https:\/\/tomajazz.com\/web\/josep-maria-balanya-barcelona-2026\/","url_meta":{"origin":27738,"position":4},"title":"Josep-Maria Balany\u00e0 \u201cUndress &#038; Fly\u201d (Cl\u00e0sssica a la Reial Acad\u00e8mia \/ RACBASJ, 2026-01-20 \/ Barcelona) Por Joan Cort\u00e8s [INSTANTZZ AKA Galer\u00eda fotogr\u00e1fica AKA Fotoblog de jazz, impro\u2026 y algo m\u00e1s]","author":"Tomajazz","date":"5 marzo, 2026","format":false,"excerpt":"Josep-Maria Balany\u00e0 \u201cUndress & Fly\u201d actu\u00f3 en Cl\u00e0sssica a la Reial Acad\u00e8mia en RACBASJ de Barcelona, el 20 de enero de 2026. Joan Cort\u00e8s lo retrata en INSTANTZZ","rel":"","context":"En \u00abINSTANTZZ\u00bb","block_context":{"text":"INSTANTZZ","link":"https:\/\/tomajazz.com\/web\/category\/contenidos\/imagenes\/photoblogs\/instantzz\/"},"img":{"alt_text":"Josep-Maria Balany\u00e0 \u201cUndress & Fly\u201d (Cl\u00e0sssica a la Reial Acad\u00e8mia \/ RACBASJ, 2026-01-20 \/ Barcelona) Por Joan Cort\u00e8s [INSTANTZZ AKA Galer\u00eda fotogr\u00e1fica AKA Fotoblog de jazz, impro\u2026 y algo m\u00e1s] - Tomajazz - Josep-Maria Balany\u00e0 \u201cUndress & Fly\u201d actu\u00f3 en Cl\u00e0sssica a la Reial Acad\u00e8mia en RACBASJ de Barcelona, el 20 de enero de 2026. Joan Cort\u00e8s lo retrata en INSTANTZZ","src":"https:\/\/i0.wp.com\/tomajazz.com\/web\/wp-content\/uploads\/2026\/03\/destacada-10-Jsp-Mr-Blny-Photo-by-Joan-Cortes-20gnr26-RcCBrSJ-Bcn.jpg?resize=350%2C200&ssl=1","width":350,"height":200,"srcset":"https:\/\/i0.wp.com\/tomajazz.com\/web\/wp-content\/uploads\/2026\/03\/destacada-10-Jsp-Mr-Blny-Photo-by-Joan-Cortes-20gnr26-RcCBrSJ-Bcn.jpg?resize=350%2C200&ssl=1 1x, https:\/\/i0.wp.com\/tomajazz.com\/web\/wp-content\/uploads\/2026\/03\/destacada-10-Jsp-Mr-Blny-Photo-by-Joan-Cortes-20gnr26-RcCBrSJ-Bcn.jpg?resize=525%2C300&ssl=1 1.5x"},"classes":[]},{"id":41679,"url":"https:\/\/tomajazz.com\/web\/instantzz-robadors-quartet-1930-robadors-23-barcelona-2018-10-24-galeria-fotografica\/","url_meta":{"origin":27738,"position":5},"title":"INSTANTZZ: Robadors Quartet \u201c19:30\u201d  (Robadors 23 \/ Barcelona.  2018-10-24) [Galer\u00eda fotogr\u00e1fica]","author":"Tomajazz","date":"7 febrero, 2019","format":false,"excerpt":"Por\u00a0Joan Cort\u00e8s. Fecha: Mi\u00e9rcoles, 24 de octubre de 2018 Lugar: Robadors 23 (Barcelona) Grupo: Robadors Quartet Tom Chant, saxo tenor y piano Marco Mezquida, piano Johanes N\u00e4stesj\u00f6, contrabajo Ramon Prats, bater\u00eda Tomajazz:\u00a0\u00a9 Joan Cort\u00e8s, 2019","rel":"","context":"En \u00ab*_Joan Cort\u00e8s\u00bb","block_context":{"text":"*_Joan Cort\u00e8s","link":"https:\/\/tomajazz.com\/web\/category\/joan-cortes\/"},"img":{"alt_text":"","src":"https:\/\/i0.wp.com\/tomajazz.com\/web\/wp-content\/uploads\/2019\/02\/05_Rbdrs-Qrtt-%C2%A9Jn-Crts_24oct18_Rbdrs23_Bcn.jpg?resize=350%2C200&ssl=1","width":350,"height":200,"srcset":"https:\/\/i0.wp.com\/tomajazz.com\/web\/wp-content\/uploads\/2019\/02\/05_Rbdrs-Qrtt-%C2%A9Jn-Crts_24oct18_Rbdrs23_Bcn.jpg?resize=350%2C200&ssl=1 1x, https:\/\/i0.wp.com\/tomajazz.com\/web\/wp-content\/uploads\/2019\/02\/05_Rbdrs-Qrtt-%C2%A9Jn-Crts_24oct18_Rbdrs23_Bcn.jpg?resize=525%2C300&ssl=1 1.5x"},"classes":[]}],"_links":{"self":[{"href":"https:\/\/tomajazz.com\/web\/wp-json\/wp\/v2\/posts\/27738","targetHints":{"allow":["GET"]}}],"collection":[{"href":"https:\/\/tomajazz.com\/web\/wp-json\/wp\/v2\/posts"}],"about":[{"href":"https:\/\/tomajazz.com\/web\/wp-json\/wp\/v2\/types\/post"}],"author":[{"embeddable":true,"href":"https:\/\/tomajazz.com\/web\/wp-json\/wp\/v2\/users\/1"}],"replies":[{"embeddable":true,"href":"https:\/\/tomajazz.com\/web\/wp-json\/wp\/v2\/comments?post=27738"}],"version-history":[{"count":1,"href":"https:\/\/tomajazz.com\/web\/wp-json\/wp\/v2\/posts\/27738\/revisions"}],"predecessor-version":[{"id":27748,"href":"https:\/\/tomajazz.com\/web\/wp-json\/wp\/v2\/posts\/27738\/revisions\/27748"}],"wp:featuredmedia":[{"embeddable":true,"href":"https:\/\/tomajazz.com\/web\/wp-json\/wp\/v2\/media\/27740"}],"wp:attachment":[{"href":"https:\/\/tomajazz.com\/web\/wp-json\/wp\/v2\/media?parent=27738"}],"wp:term":[{"taxonomy":"category","embeddable":true,"href":"https:\/\/tomajazz.com\/web\/wp-json\/wp\/v2\/categories?post=27738"},{"taxonomy":"post_tag","embeddable":true,"href":"https:\/\/tomajazz.com\/web\/wp-json\/wp\/v2\/tags?post=27738"}],"curies":[{"name":"wp","href":"https:\/\/api.w.org\/{rel}","templated":true}]}}